{"id":64574,"date":"2025-01-11T17:20:04","date_gmt":"2025-01-11T16:20:04","guid":{"rendered":"https:\/\/progettotouring.it\/radiotouring104\/?p=64574"},"modified":"2025-01-11T17:20:04","modified_gmt":"2025-01-11T16:20:04","slug":"reggio-il-calcio-e-arte-il-16-e-17-gennaio-inizia-il-ciclo-delle-conferenze-con-tassotti-donadoni-zambrotta-e-cabrini","status":"publish","type":"post","link":"https:\/\/progettotouring.it\/radiotouring104\/2025\/01\/11\/reggio-il-calcio-e-arte-il-16-e-17-gennaio-inizia-il-ciclo-delle-conferenze-con-tassotti-donadoni-zambrotta-e-cabrini\/","title":{"rendered":"Reggio, &#8220;Il Calcio \u00e8 Arte&#8221;: il 16 e 17 gennaio inizia il ciclo delle conferenze con Tassotti, Donadoni, Zambrotta e Cabrini"},"content":{"rendered":"<div>\nNell&#8217;ambito della mostra &#8220;Il Calcio \u00e8 Arte&#8221;, in corso di svolgimento nella splendida location della Pinacoteca Civica di Reggio Calabria fino al prossimo 3 marzo 2025, sono in programma le prime due conferenze di una serie di sei incontri che accompagneranno l&#8217;esposizione nei prossimi mesi.<\/p>\n<p>Una lunga ed articolata serie di appuntamenti, promossi dalla Citt\u00e0 Metropolitana in collaborazione con il Comune di Reggio Calabria e realizzati dalla\u00a0World Football Collection, che offriranno approfondimenti esclusivi sul mondo del calcio, celebrandolo come fenomeno culturale, sociale e artistico, in linea con gli obiettivi della mostra inaugurata lo scorso dicembre alla presenza del sindaco Falcomat\u00e0, degli altri rappresentanti dell&#8217;Amministrazione comunale e metropolitana, dei responsabili della Societ\u00e0 World Football Collection e di un testimonial d&#8217;eccezione come Ariedo Braida.<\/p><\/div>\n<div>\nLa mostra catalizzer\u00e0 quindi nelle prossime settimane l&#8217;attenzione mediatica nazionale del mondo del calcio, ospitando nuovi importanti protagonisti della storia del calcio italiano ed internazionale, che si relazioneranno con studenti, appassionati e curiosi nel corso di sei eventi formativi gratuiti aperti a tutti gli interessati.<\/p>\n<p>Si comincia gi\u00e0 gioved\u00ec 16 gennaio con il primo degli appuntamenti in programma. Alle ore 11.30 nell&#8217;Auditorium Gianni Versace, andr\u00e0 in scena la prima delle conferenze dal titolo &#8220;La Leadership nel Calcio&#8221;. Relatori saranno due campioni assoluto spessore: Mauro Tassotti, ex difensore e vice-allenatore del Milan, e Roberto Donadoni, ex centrocampista del Milan e della Nazionale Italiana ed ex allenatore degli azzurri. La moderazione dell&#8217;incontro sar\u00e0 affidata a Roberto Marchesi, giornalista di Amazon Prime Sport.<\/p>\n<p>Si replica a ruota venerd\u00ec 17 gennaio, sempre alle 11.30, sempre nell&#8217;auditorium Versace del Cedir, con la seconda conferenza dal titolo &#8220;Ieri e Oggi: l&#8217;Evoluzione del Calcio&#8221;. Altri due testimonial d&#8217;eccezione per Reggio Calabria: interverranno infatti Antonio Cabrini, ex difensore della Juventus e Campione del Mondo 1982, e Gianluca Zambrotta, ex difensore della Juventus e Campione del Mondo 2006. Il dibattito sar\u00e0 moderato da Roberto Gotta, noto giornalista sportivo.<\/p>\n<p>Informazioni sulla Mostra<b><br \/>\n<\/b>La mostra &#8220;Il Calcio \u00e8 Arte&#8221; \u00e8 sempre disponibile nella Pinacoteca Civica di Reggio Calabria. Offre un percorso unico attraverso oltre mille oggetti iconici, maglie, trofei, onorificenze, pezzi unici ed identitari, provenienti dalla prestigiosa World Football Collection, esplorando il calcio come fenomeno sociale e culturale e mettendo in luce le sue intersezioni con il mondo dell&#8217;arte.<\/p>\n<p>Dettagli Eventi<b><br \/>\n<\/b>Date Conferenze: 16 e 17 gennaio 2025<br \/>\nOrario: 11:30<br \/>\nLuogo: Auditorium Gianni Versace, Cedir Reggio Calabria<br \/>\nIngresso: Gratuito fino ad esaurimento posti<\/div>\n","protected":false},"excerpt":{"rendered":"<p>Nell&#8217;ambito della mostra &#8220;Il Calcio \u00e8 Arte&#8221;, in corso di svolgimento nella splendida location della Pinacoteca Civica di Reggio Calabria fino al prossimo 3 marzo 2025, sono in programma le&hellip;<\/p>\n","protected":false},"author":19,"featured_media":64575,"comment_status":"closed","ping_status":"open","sticky":false,"template":"","format":"standard","meta":{"_jetpack_memberships_contains_paid_content":false,"footnotes":"","jetpack_publicize_message":"","jetpack_publicize_feature_enabled":true,"jetpack_social_post_already_shared":true,"jetpack_social_options":{"image_generator_settings":{"template":"highway","default_image_id":0,"font":"","enabled":false},"version":2}},"categories":[921,196,140,147],"tags":[],"class_list":["post-64574","post","type-post","status-publish","format-standard","has-post-thumbnail","hentry","category-home","category-news","category-reggio-calabria","category-spettacoli"],"yoast_head":"<!-- This site is optimized with the Yoast SEO plugin v27.2 - https:\/\/yoast.com\/product\/yoast-seo-wordpress\/ -->\n<title>Reggio, &quot;Il Calcio \u00e8 Arte&quot;: il 16 e 17 gennaio inizia il ciclo delle conferenze con Tassotti, Donadoni, Zambrotta e Cabrini - Radio Touring 104<\/title>\n<meta name=\"description\" content=\"All&#039;Auditorium Gianni Versace del Cedir due conferenze legate alla Mostra &quot;Il Calcio \u00e8 Arte&quot;: protagonisti quattro grandi sportivi del calcio italiano ed internazionale\" \/>\n<meta name=\"robots\" content=\"index, follow, max-snippet:-1, max-image-preview:large, max-video-preview:-1\" \/>\n<link rel=\"canonical\" href=\"https:\/\/progettotouring.it\/radiotouring104\/2025\/01\/11\/reggio-il-calcio-e-arte-il-16-e-17-gennaio-inizia-il-ciclo-delle-conferenze-con-tassotti-donadoni-zambrotta-e-cabrini\/\" \/>\n<meta property=\"og:locale\" content=\"it_IT\" \/>\n<meta property=\"og:type\" content=\"article\" \/>\n<meta property=\"og:title\" content=\"Reggio, &quot;Il Calcio \u00e8 Arte&quot;: il 16 e 17 gennaio inizia il ciclo delle conferenze con Tassotti, Donadoni, Zambrotta e Cabrini - Radio Touring 104\" \/>\n<meta property=\"og:description\" content=\"All&#039;Auditorium Gianni Versace del Cedir due conferenze legate alla Mostra &quot;Il Calcio \u00e8 Arte&quot;: protagonisti quattro grandi sportivi del calcio italiano ed internazionale\" \/>\n<meta property=\"og:url\" content=\"https:\/\/progettotouring.it\/radiotouring104\/2025\/01\/11\/reggio-il-calcio-e-arte-il-16-e-17-gennaio-inizia-il-ciclo-delle-conferenze-con-tassotti-donadoni-zambrotta-e-cabrini\/\" \/>\n<meta property=\"og:site_name\" content=\"Radio Touring 104\" \/>\n<meta property=\"article:published_time\" content=\"2025-01-11T16:20:04+00:00\" \/>\n<meta property=\"og:image\" content=\"https:\/\/progettotouring.it\/radiotouring104\/wp-content\/uploads\/sites\/6\/2025\/01\/Il-calcio-e-arte.jpeg\" \/>\n\t<meta property=\"og:image:width\" content=\"1492\" \/>\n\t<meta property=\"og:image:height\" content=\"2048\" \/>\n\t<meta property=\"og:image:type\" content=\"image\/jpeg\" \/>\n<meta name=\"author\" content=\"S L\" \/>\n<meta name=\"twitter:card\" content=\"summary_large_image\" \/>\n<meta name=\"twitter:label1\" content=\"Scritto da\" \/>\n\t<meta name=\"twitter:data1\" content=\"S L\" \/>\n\t<meta name=\"twitter:label2\" content=\"Tempo di lettura stimato\" \/>\n\t<meta name=\"twitter:data2\" content=\"2 minuti\" \/>\n<script type=\"application\/ld+json\" class=\"yoast-schema-graph\">{\"@context\":\"https:\/\/schema.org\",\"@graph\":[{\"@type\":\"Article\",\"@id\":\"https:\/\/progettotouring.it\/radiotouring104\/2025\/01\/11\/reggio-il-calcio-e-arte-il-16-e-17-gennaio-inizia-il-ciclo-delle-conferenze-con-tassotti-donadoni-zambrotta-e-cabrini\/#article\",\"isPartOf\":{\"@id\":\"https:\/\/progettotouring.it\/radiotouring104\/2025\/01\/11\/reggio-il-calcio-e-arte-il-16-e-17-gennaio-inizia-il-ciclo-delle-conferenze-con-tassotti-donadoni-zambrotta-e-cabrini\/\"},\"author\":{\"name\":\"S L\",\"@id\":\"https:\/\/progettotouring.it\/radiotouring104\/#\/schema\/person\/b9f9c3730b0a78814c9b9f3bfc52c619\"},\"headline\":\"Reggio, &#8220;Il Calcio \u00e8 Arte&#8221;: il 16 e 17 gennaio inizia il ciclo delle conferenze con Tassotti, Donadoni, Zambrotta e Cabrini\",\"datePublished\":\"2025-01-11T16:20:04+00:00\",\"mainEntityOfPage\":{\"@id\":\"https:\/\/progettotouring.it\/radiotouring104\/2025\/01\/11\/reggio-il-calcio-e-arte-il-16-e-17-gennaio-inizia-il-ciclo-delle-conferenze-con-tassotti-donadoni-zambrotta-e-cabrini\/\"},\"wordCount\":398,\"publisher\":{\"@id\":\"https:\/\/progettotouring.it\/radiotouring104\/#organization\"},\"image\":{\"@id\":\"https:\/\/progettotouring.it\/radiotouring104\/2025\/01\/11\/reggio-il-calcio-e-arte-il-16-e-17-gennaio-inizia-il-ciclo-delle-conferenze-con-tassotti-donadoni-zambrotta-e-cabrini\/#primaryimage\"},\"thumbnailUrl\":\"https:\/\/progettotouring.it\/radiotouring104\/wp-content\/uploads\/sites\/6\/2025\/01\/Il-calcio-e-arte.jpeg\",\"articleSection\":[\"Home\",\"News\",\"Reggio Calabria\",\"Spettacoli\"],\"inLanguage\":\"it-IT\"},{\"@type\":\"WebPage\",\"@id\":\"https:\/\/progettotouring.it\/radiotouring104\/2025\/01\/11\/reggio-il-calcio-e-arte-il-16-e-17-gennaio-inizia-il-ciclo-delle-conferenze-con-tassotti-donadoni-zambrotta-e-cabrini\/\",\"url\":\"https:\/\/progettotouring.it\/radiotouring104\/2025\/01\/11\/reggio-il-calcio-e-arte-il-16-e-17-gennaio-inizia-il-ciclo-delle-conferenze-con-tassotti-donadoni-zambrotta-e-cabrini\/\",\"name\":\"Reggio, \\\"Il Calcio \u00e8 Arte\\\": il 16 e 17 gennaio inizia il ciclo delle conferenze con Tassotti, Donadoni, Zambrotta e Cabrini - Radio Touring 104\",\"isPartOf\":{\"@id\":\"https:\/\/progettotouring.it\/radiotouring104\/#website\"},\"primaryImageOfPage\":{\"@id\":\"https:\/\/progettotouring.it\/radiotouring104\/2025\/01\/11\/reggio-il-calcio-e-arte-il-16-e-17-gennaio-inizia-il-ciclo-delle-conferenze-con-tassotti-donadoni-zambrotta-e-cabrini\/#primaryimage\"},\"image\":{\"@id\":\"https:\/\/progettotouring.it\/radiotouring104\/2025\/01\/11\/reggio-il-calcio-e-arte-il-16-e-17-gennaio-inizia-il-ciclo-delle-conferenze-con-tassotti-donadoni-zambrotta-e-cabrini\/#primaryimage\"},\"thumbnailUrl\":\"https:\/\/progettotouring.it\/radiotouring104\/wp-content\/uploads\/sites\/6\/2025\/01\/Il-calcio-e-arte.jpeg\",\"datePublished\":\"2025-01-11T16:20:04+00:00\",\"description\":\"All'Auditorium Gianni Versace del Cedir due conferenze legate alla Mostra \\\"Il Calcio \u00e8 Arte\\\": protagonisti quattro grandi sportivi del calcio italiano ed internazionale\",\"breadcrumb\":{\"@id\":\"https:\/\/progettotouring.it\/radiotouring104\/2025\/01\/11\/reggio-il-calcio-e-arte-il-16-e-17-gennaio-inizia-il-ciclo-delle-conferenze-con-tassotti-donadoni-zambrotta-e-cabrini\/#breadcrumb\"},\"inLanguage\":\"it-IT\",\"potentialAction\":[{\"@type\":\"ReadAction\",\"target\":[\"https:\/\/progettotouring.it\/radiotouring104\/2025\/01\/11\/reggio-il-calcio-e-arte-il-16-e-17-gennaio-inizia-il-ciclo-delle-conferenze-con-tassotti-donadoni-zambrotta-e-cabrini\/\"]}]},{\"@type\":\"ImageObject\",\"inLanguage\":\"it-IT\",\"@id\":\"https:\/\/progettotouring.it\/radiotouring104\/2025\/01\/11\/reggio-il-calcio-e-arte-il-16-e-17-gennaio-inizia-il-ciclo-delle-conferenze-con-tassotti-donadoni-zambrotta-e-cabrini\/#primaryimage\",\"url\":\"https:\/\/progettotouring.it\/radiotouring104\/wp-content\/uploads\/sites\/6\/2025\/01\/Il-calcio-e-arte.jpeg\",\"contentUrl\":\"https:\/\/progettotouring.it\/radiotouring104\/wp-content\/uploads\/sites\/6\/2025\/01\/Il-calcio-e-arte.jpeg\",\"width\":1492,\"height\":2048},{\"@type\":\"BreadcrumbList\",\"@id\":\"https:\/\/progettotouring.it\/radiotouring104\/2025\/01\/11\/reggio-il-calcio-e-arte-il-16-e-17-gennaio-inizia-il-ciclo-delle-conferenze-con-tassotti-donadoni-zambrotta-e-cabrini\/#breadcrumb\",\"itemListElement\":[{\"@type\":\"ListItem\",\"position\":1,\"name\":\"Home\",\"item\":\"https:\/\/progettotouring.it\/radiotouring104\/\"},{\"@type\":\"ListItem\",\"position\":2,\"name\":\"Reggio, &#8220;Il Calcio \u00e8 Arte&#8221;: il 16 e 17 gennaio inizia il ciclo delle conferenze con Tassotti, Donadoni, Zambrotta e Cabrini\"}]},{\"@type\":\"WebSite\",\"@id\":\"https:\/\/progettotouring.it\/radiotouring104\/#website\",\"url\":\"https:\/\/progettotouring.it\/radiotouring104\/\",\"name\":\"Radio Touring 104\",\"description\":\"La prima radio Reggina\",\"publisher\":{\"@id\":\"https:\/\/progettotouring.it\/radiotouring104\/#organization\"},\"potentialAction\":[{\"@type\":\"SearchAction\",\"target\":{\"@type\":\"EntryPoint\",\"urlTemplate\":\"https:\/\/progettotouring.it\/radiotouring104\/?s={search_term_string}\"},\"query-input\":{\"@type\":\"PropertyValueSpecification\",\"valueRequired\":true,\"valueName\":\"search_term_string\"}}],\"inLanguage\":\"it-IT\"},{\"@type\":\"Organization\",\"@id\":\"https:\/\/progettotouring.it\/radiotouring104\/#organization\",\"name\":\"Radio Touring 104\",\"url\":\"https:\/\/progettotouring.it\/radiotouring104\/\",\"logo\":{\"@type\":\"ImageObject\",\"inLanguage\":\"it-IT\",\"@id\":\"https:\/\/progettotouring.it\/radiotouring104\/#\/schema\/logo\/image\/\",\"url\":\"https:\/\/progettotouring.it\/radiotouring104\/wp-content\/uploads\/sites\/6\/2022\/02\/cropped-logo-radio-touring-104.png\",\"contentUrl\":\"https:\/\/progettotouring.it\/radiotouring104\/wp-content\/uploads\/sites\/6\/2022\/02\/cropped-logo-radio-touring-104.png\",\"width\":377,\"height\":182,\"caption\":\"Radio Touring 104\"},\"image\":{\"@id\":\"https:\/\/progettotouring.it\/radiotouring104\/#\/schema\/logo\/image\/\"}},{\"@type\":\"Person\",\"@id\":\"https:\/\/progettotouring.it\/radiotouring104\/#\/schema\/person\/b9f9c3730b0a78814c9b9f3bfc52c619\",\"name\":\"S L\",\"image\":{\"@type\":\"ImageObject\",\"inLanguage\":\"it-IT\",\"@id\":\"https:\/\/secure.gravatar.com\/avatar\/652c51789d7030aaed9ff828331360502a68204fe6fb0831bc280515210e16d2?s=96&d=mm&r=g\",\"url\":\"https:\/\/secure.gravatar.com\/avatar\/652c51789d7030aaed9ff828331360502a68204fe6fb0831bc280515210e16d2?s=96&d=mm&r=g\",\"contentUrl\":\"https:\/\/secure.gravatar.com\/avatar\/652c51789d7030aaed9ff828331360502a68204fe6fb0831bc280515210e16d2?s=96&d=mm&r=g\",\"caption\":\"S L\"},\"url\":\"https:\/\/progettotouring.it\/radiotouring104\/author\/slibri\/\"}]}<\/script>\n<!-- \/ Yoast SEO plugin. -->","yoast_head_json":{"title":"Reggio, \"Il Calcio \u00e8 Arte\": il 16 e 17 gennaio inizia il ciclo delle conferenze con Tassotti, Donadoni, Zambrotta e Cabrini - Radio Touring 104","description":"All'Auditorium Gianni Versace del Cedir due conferenze legate alla Mostra \"Il Calcio \u00e8 Arte\": protagonisti quattro grandi sportivi del calcio italiano ed internazionale","robots":{"index":"index","follow":"follow","max-snippet":"max-snippet:-1","max-image-preview":"max-image-preview:large","max-video-preview":"max-video-preview:-1"},"canonical":"https:\/\/progettotouring.it\/radiotouring104\/2025\/01\/11\/reggio-il-calcio-e-arte-il-16-e-17-gennaio-inizia-il-ciclo-delle-conferenze-con-tassotti-donadoni-zambrotta-e-cabrini\/","og_locale":"it_IT","og_type":"article","og_title":"Reggio, \"Il Calcio \u00e8 Arte\": il 16 e 17 gennaio inizia il ciclo delle conferenze con Tassotti, Donadoni, Zambrotta e Cabrini - Radio Touring 104","og_description":"All'Auditorium Gianni Versace del Cedir due conferenze legate alla Mostra \"Il Calcio \u00e8 Arte\": protagonisti quattro grandi sportivi del calcio italiano ed internazionale","og_url":"https:\/\/progettotouring.it\/radiotouring104\/2025\/01\/11\/reggio-il-calcio-e-arte-il-16-e-17-gennaio-inizia-il-ciclo-delle-conferenze-con-tassotti-donadoni-zambrotta-e-cabrini\/","og_site_name":"Radio Touring 104","article_published_time":"2025-01-11T16:20:04+00:00","og_image":[{"width":1492,"height":2048,"url":"https:\/\/progettotouring.it\/radiotouring104\/wp-content\/uploads\/sites\/6\/2025\/01\/Il-calcio-e-arte.jpeg","type":"image\/jpeg"}],"author":"S L","twitter_card":"summary_large_image","twitter_misc":{"Scritto da":"S L","Tempo di lettura stimato":"2 minuti"},"schema":{"@context":"https:\/\/schema.org","@graph":[{"@type":"Article","@id":"https:\/\/progettotouring.it\/radiotouring104\/2025\/01\/11\/reggio-il-calcio-e-arte-il-16-e-17-gennaio-inizia-il-ciclo-delle-conferenze-con-tassotti-donadoni-zambrotta-e-cabrini\/#article","isPartOf":{"@id":"https:\/\/progettotouring.it\/radiotouring104\/2025\/01\/11\/reggio-il-calcio-e-arte-il-16-e-17-gennaio-inizia-il-ciclo-delle-conferenze-con-tassotti-donadoni-zambrotta-e-cabrini\/"},"author":{"name":"S L","@id":"https:\/\/progettotouring.it\/radiotouring104\/#\/schema\/person\/b9f9c3730b0a78814c9b9f3bfc52c619"},"headline":"Reggio, &#8220;Il Calcio \u00e8 Arte&#8221;: il 16 e 17 gennaio inizia il ciclo delle conferenze con Tassotti, Donadoni, Zambrotta e Cabrini","datePublished":"2025-01-11T16:20:04+00:00","mainEntityOfPage":{"@id":"https:\/\/progettotouring.it\/radiotouring104\/2025\/01\/11\/reggio-il-calcio-e-arte-il-16-e-17-gennaio-inizia-il-ciclo-delle-conferenze-con-tassotti-donadoni-zambrotta-e-cabrini\/"},"wordCount":398,"publisher":{"@id":"https:\/\/progettotouring.it\/radiotouring104\/#organization"},"image":{"@id":"https:\/\/progettotouring.it\/radiotouring104\/2025\/01\/11\/reggio-il-calcio-e-arte-il-16-e-17-gennaio-inizia-il-ciclo-delle-conferenze-con-tassotti-donadoni-zambrotta-e-cabrini\/#primaryimage"},"thumbnailUrl":"https:\/\/progettotouring.it\/radiotouring104\/wp-content\/uploads\/sites\/6\/2025\/01\/Il-calcio-e-arte.jpeg","articleSection":["Home","News","Reggio Calabria","Spettacoli"],"inLanguage":"it-IT"},{"@type":"WebPage","@id":"https:\/\/progettotouring.it\/radiotouring104\/2025\/01\/11\/reggio-il-calcio-e-arte-il-16-e-17-gennaio-inizia-il-ciclo-delle-conferenze-con-tassotti-donadoni-zambrotta-e-cabrini\/","url":"https:\/\/progettotouring.it\/radiotouring104\/2025\/01\/11\/reggio-il-calcio-e-arte-il-16-e-17-gennaio-inizia-il-ciclo-delle-conferenze-con-tassotti-donadoni-zambrotta-e-cabrini\/","name":"Reggio, \"Il Calcio \u00e8 Arte\": il 16 e 17 gennaio inizia il ciclo delle conferenze con Tassotti, Donadoni, Zambrotta e Cabrini - Radio Touring 104","isPartOf":{"@id":"https:\/\/progettotouring.it\/radiotouring104\/#website"},"primaryImageOfPage":{"@id":"https:\/\/progettotouring.it\/radiotouring104\/2025\/01\/11\/reggio-il-calcio-e-arte-il-16-e-17-gennaio-inizia-il-ciclo-delle-conferenze-con-tassotti-donadoni-zambrotta-e-cabrini\/#primaryimage"},"image":{"@id":"https:\/\/progettotouring.it\/radiotouring104\/2025\/01\/11\/reggio-il-calcio-e-arte-il-16-e-17-gennaio-inizia-il-ciclo-delle-conferenze-con-tassotti-donadoni-zambrotta-e-cabrini\/#primaryimage"},"thumbnailUrl":"https:\/\/progettotouring.it\/radiotouring104\/wp-content\/uploads\/sites\/6\/2025\/01\/Il-calcio-e-arte.jpeg","datePublished":"2025-01-11T16:20:04+00:00","description":"All'Auditorium Gianni Versace del Cedir due conferenze legate alla Mostra \"Il Calcio \u00e8 Arte\": protagonisti quattro grandi sportivi del calcio italiano ed internazionale","breadcrumb":{"@id":"https:\/\/progettotouring.it\/radiotouring104\/2025\/01\/11\/reggio-il-calcio-e-arte-il-16-e-17-gennaio-inizia-il-ciclo-delle-conferenze-con-tassotti-donadoni-zambrotta-e-cabrini\/#breadcrumb"},"inLanguage":"it-IT","potentialAction":[{"@type":"ReadAction","target":["https:\/\/progettotouring.it\/radiotouring104\/2025\/01\/11\/reggio-il-calcio-e-arte-il-16-e-17-gennaio-inizia-il-ciclo-delle-conferenze-con-tassotti-donadoni-zambrotta-e-cabrini\/"]}]},{"@type":"ImageObject","inLanguage":"it-IT","@id":"https:\/\/progettotouring.it\/radiotouring104\/2025\/01\/11\/reggio-il-calcio-e-arte-il-16-e-17-gennaio-inizia-il-ciclo-delle-conferenze-con-tassotti-donadoni-zambrotta-e-cabrini\/#primaryimage","url":"https:\/\/progettotouring.it\/radiotouring104\/wp-content\/uploads\/sites\/6\/2025\/01\/Il-calcio-e-arte.jpeg","contentUrl":"https:\/\/progettotouring.it\/radiotouring104\/wp-content\/uploads\/sites\/6\/2025\/01\/Il-calcio-e-arte.jpeg","width":1492,"height":2048},{"@type":"BreadcrumbList","@id":"https:\/\/progettotouring.it\/radiotouring104\/2025\/01\/11\/reggio-il-calcio-e-arte-il-16-e-17-gennaio-inizia-il-ciclo-delle-conferenze-con-tassotti-donadoni-zambrotta-e-cabrini\/#breadcrumb","itemListElement":[{"@type":"ListItem","position":1,"name":"Home","item":"https:\/\/progettotouring.it\/radiotouring104\/"},{"@type":"ListItem","position":2,"name":"Reggio, &#8220;Il Calcio \u00e8 Arte&#8221;: il 16 e 17 gennaio inizia il ciclo delle conferenze con Tassotti, Donadoni, Zambrotta e Cabrini"}]},{"@type":"WebSite","@id":"https:\/\/progettotouring.it\/radiotouring104\/#website","url":"https:\/\/progettotouring.it\/radiotouring104\/","name":"Radio Touring 104","description":"La prima radio Reggina","publisher":{"@id":"https:\/\/progettotouring.it\/radiotouring104\/#organization"},"potentialAction":[{"@type":"SearchAction","target":{"@type":"EntryPoint","urlTemplate":"https:\/\/progettotouring.it\/radiotouring104\/?s={search_term_string}"},"query-input":{"@type":"PropertyValueSpecification","valueRequired":true,"valueName":"search_term_string"}}],"inLanguage":"it-IT"},{"@type":"Organization","@id":"https:\/\/progettotouring.it\/radiotouring104\/#organization","name":"Radio Touring 104","url":"https:\/\/progettotouring.it\/radiotouring104\/","logo":{"@type":"ImageObject","inLanguage":"it-IT","@id":"https:\/\/progettotouring.it\/radiotouring104\/#\/schema\/logo\/image\/","url":"https:\/\/progettotouring.it\/radiotouring104\/wp-content\/uploads\/sites\/6\/2022\/02\/cropped-logo-radio-touring-104.png","contentUrl":"https:\/\/progettotouring.it\/radiotouring104\/wp-content\/uploads\/sites\/6\/2022\/02\/cropped-logo-radio-touring-104.png","width":377,"height":182,"caption":"Radio Touring 104"},"image":{"@id":"https:\/\/progettotouring.it\/radiotouring104\/#\/schema\/logo\/image\/"}},{"@type":"Person","@id":"https:\/\/progettotouring.it\/radiotouring104\/#\/schema\/person\/b9f9c3730b0a78814c9b9f3bfc52c619","name":"S L","image":{"@type":"ImageObject","inLanguage":"it-IT","@id":"https:\/\/secure.gravatar.com\/avatar\/652c51789d7030aaed9ff828331360502a68204fe6fb0831bc280515210e16d2?s=96&d=mm&r=g","url":"https:\/\/secure.gravatar.com\/avatar\/652c51789d7030aaed9ff828331360502a68204fe6fb0831bc280515210e16d2?s=96&d=mm&r=g","contentUrl":"https:\/\/secure.gravatar.com\/avatar\/652c51789d7030aaed9ff828331360502a68204fe6fb0831bc280515210e16d2?s=96&d=mm&r=g","caption":"S L"},"url":"https:\/\/progettotouring.it\/radiotouring104\/author\/slibri\/"}]}},"jetpack_publicize_connections":[],"jetpack_featured_media_url":"https:\/\/progettotouring.it\/radiotouring104\/wp-content\/uploads\/sites\/6\/2025\/01\/Il-calcio-e-arte.jpeg","jetpack_sharing_enabled":true,"_links":{"self":[{"href":"https:\/\/progettotouring.it\/radiotouring104\/wp-json\/wp\/v2\/posts\/64574","targetHints":{"allow":["GET"]}}],"collection":[{"href":"https:\/\/progettotouring.it\/radiotouring104\/wp-json\/wp\/v2\/posts"}],"about":[{"href":"https:\/\/progettotouring.it\/radiotouring104\/wp-json\/wp\/v2\/types\/post"}],"author":[{"embeddable":true,"href":"https:\/\/progettotouring.it\/radiotouring104\/wp-json\/wp\/v2\/users\/19"}],"replies":[{"embeddable":true,"href":"https:\/\/progettotouring.it\/radiotouring104\/wp-json\/wp\/v2\/comments?post=64574"}],"version-history":[{"count":1,"href":"https:\/\/progettotouring.it\/radiotouring104\/wp-json\/wp\/v2\/posts\/64574\/revisions"}],"predecessor-version":[{"id":64576,"href":"https:\/\/progettotouring.it\/radiotouring104\/wp-json\/wp\/v2\/posts\/64574\/revisions\/64576"}],"wp:featuredmedia":[{"embeddable":true,"href":"https:\/\/progettotouring.it\/radiotouring104\/wp-json\/wp\/v2\/media\/64575"}],"wp:attachment":[{"href":"https:\/\/progettotouring.it\/radiotouring104\/wp-json\/wp\/v2\/media?parent=64574"}],"wp:term":[{"taxonomy":"category","embeddable":true,"href":"https:\/\/progettotouring.it\/radiotouring104\/wp-json\/wp\/v2\/categories?post=64574"},{"taxonomy":"post_tag","embeddable":true,"href":"https:\/\/progettotouring.it\/radiotouring104\/wp-json\/wp\/v2\/tags?post=64574"}],"curies":[{"name":"wp","href":"https:\/\/api.w.org\/{rel}","templated":true}]}}