{"id":6467,"date":"2022-06-09T17:04:13","date_gmt":"2022-06-09T15:04:13","guid":{"rendered":"https:\/\/progettotouring.it\/radiotouring104\/?p=6467"},"modified":"2022-06-10T13:41:35","modified_gmt":"2022-06-10T11:41:35","slug":"tutto-pronto-per-la-quarta-edizione-del-calabria-sound-festival-info","status":"publish","type":"post","link":"https:\/\/progettotouring.it\/radiotouring104\/2022\/06\/09\/tutto-pronto-per-la-quarta-edizione-del-calabria-sound-festival-info\/","title":{"rendered":"Tutto pronto per la quarta edizione del Calabria Sound Festival &#8211; Info"},"content":{"rendered":"<p style=\"text-align: justify\">Dopo il successo dello scorso anno in cui oltre 3.500 partecipanti hanno danzato sotto le stelle e tra i pini della suggestiva e mistica location del\u00a0<strong>Douglasia Park<\/strong>, nella Pre-Sila catanzarese, arriva la quarta edizione del\u00a0<strong>Calabria Sound Festival<\/strong>, che si terr\u00e0 nella medesima location dal 5 al 7 Agosto. Si partir\u00e0 alla grande, Venerd\u00ec 5 Agosto direttamente da Londra <strong>General Levy<\/strong>, anche noto come\u00a0<em>\u201cMr. Incredible\u201d<\/em> aprir\u00e0 le danze del festival. <strong>General Levy<\/strong> \u00e8 sicuramente uno tra gli artisti di punta della scena urban-reggae europea e del cosiddetto \u2018fast chat style\u2019, ovvero la capacit\u00e0 di cantare rapidamente su un beat, famoso in tutto il mondo con tour anche in Giappone e America. Capace di incredibili evoluzioni vocali su tutti i pi\u00f9 disparati stili della bass music, General Levy rende i suoi show unici e travolgenti spaziando dal reggae alla jungle e alla drum and bass. Sul palco in apertura a General Levy un tridente di artisti calabresi tra cui\u00a0<strong>Manlio Calafrocampano<\/strong>\u00a0direttore artistico ed ideatore del festival, insieme alla sua crew\u00a0<strong>Compari Sodi<\/strong>.<\/p>\n<p style=\"text-align: justify\">Si continua con l&#8217;artista<strong>\u00a0Neroone\u00a0<\/strong>che porter\u00e0 il suo stile inconfondibile rub a dub calabro per la prima volta sul palco del Calabria Sound. Infine, cresciuto a pane e raggamuffin, direttamente dalla scuderia catanzarese<strong><em>\u00a0Kissusenti\u00a0<\/em><\/strong>l&#8217;artista\u00a0<strong>Luchano<\/strong>. Il compito di farvi ballare tutto il giorno e tutta la notte sar\u00e0 affidato ai<em>\u00a0Compari Sodi<\/em>, resident sound, \u00a0alla\u00a0<strong>Mujina Crew<\/strong>\u00a0che direttamente da cosenza infuocher\u00e0 il palco del calabria sound festival con i suoi immancabili dubplate, tra i pi\u00f9 &#8220;pregiati&#8221;. Infine i\u00a0<strong>Ghostbusters Ent.<\/strong>\u00a0da Catanzaro, che dal 2010 portano cultura e vibrazioni sulla east coast calabra. Non mancheranno le esibizioni dei giovanissimi talenti calabresi,<strong>\u00a0Free-o, Antheo, e P Rope\u00a0<\/strong>scuderia Compari Sodi e\u00a0<em>Rising Time Label<\/em>. Insieme a<strong>\u00a0El Darky<\/strong>\u00a0(Strongoli) e\u00a0<strong>La Madonna\u00a0<\/strong>(Catanzaro).<\/p>\n<p style=\"text-align: justify\"><em>&#8220;Nel Cuore della Calabria, Con la Calabria nel Cuore&#8221;<\/em>\u00a0\u00e8 il motto che ha accompagnato l&#8217;organizzazione del festival e che sicuramente far\u00e0 da sottofondo a questa tre giorni piena di musica, cultura, arte, natura, relax, sport e divertimento. Il parco Douglasia metter\u00e0 a disposizione tutte le sue attrazioni principali, dai percorsi sugli alberi al paintball, scivolo con ciambelle, arco, pista mini quad, zipline, passeggiate a cavallo e pony, area bimbi, oltre all&#8217;area pic nic con BBQ, camping area, relax area con amache, bar, food tipico popolare, bar, cocktail area e tanto altro&#8230; A brevissimo sar\u00e0 resa pubblica e ufficiale la line-up degli altri due giorni di festival, restate connessi!<\/p>\n<p>N.B: Possibilit\u00e0 di pernottamento in agriturismo o B&amp;B, campeggio in tenda e\/o area sosta camper (POSTI LIMITATI).<br \/>\nPer informazioni\u00a0\u00a0contattare il numero 3881764723 WhatsApp).<\/p>\n","protected":false},"excerpt":{"rendered":"<p>Dopo il successo dello scorso anno in cui oltre 3.500 partecipanti hanno danzato sotto le stelle e tra i pini della suggestiva e mistica location del\u00a0Douglasia Park, nella Pre-Sila catanzarese,&hellip;<\/p>\n","protected":false},"author":8,"featured_media":6469,"comment_status":"open","ping_status":"open","sticky":false,"template":"","format":"standard","meta":{"_jetpack_memberships_contains_paid_content":false,"footnotes":"","jetpack_publicize_message":"","jetpack_publicize_feature_enabled":true,"jetpack_social_post_already_shared":false,"jetpack_social_options":{"image_generator_settings":{"template":"highway","default_image_id":0,"font":"","enabled":false},"version":2}},"categories":[142,921,196,147],"tags":[2566,2568,2570,2571,2569,2567],"class_list":["post-6467","post","type-post","status-publish","format-standard","has-post-thumbnail","hentry","category-calabria","category-home","category-news","category-spettacoli","tag-calabria-sound-festival","tag-compari-sodi","tag-general-levy","tag-ghostbusters-ent","tag-manlio-calafrocampano","tag-neroone"],"yoast_head":"<!-- This site is optimized with the Yoast SEO plugin v27.2 - https:\/\/yoast.com\/product\/yoast-seo-wordpress\/ -->\n<title>Quarta edizione del Calabria Sound Festival: ecco le info evento musicale<\/title>\n<meta name=\"description\" content=\"Al\u00a0Douglasia Park, nella Pre-Sila catanzarese, arriva la quarta edizione del\u00a0Calabria Sound Festival che si terr\u00e0 dal 5 al 7 Agosto\" \/>\n<meta name=\"robots\" content=\"index, follow, max-snippet:-1, max-image-preview:large, max-video-preview:-1\" \/>\n<link rel=\"canonical\" href=\"https:\/\/progettotouring.it\/radiotouring104\/2022\/06\/09\/tutto-pronto-per-la-quarta-edizione-del-calabria-sound-festival-info\/\" \/>\n<meta property=\"og:locale\" content=\"it_IT\" \/>\n<meta property=\"og:type\" content=\"article\" \/>\n<meta property=\"og:title\" content=\"Quarta edizione del Calabria Sound Festival: ecco le info evento musicale\" \/>\n<meta property=\"og:description\" content=\"Al\u00a0Douglasia Park, nella Pre-Sila catanzarese, arriva la quarta edizione del\u00a0Calabria Sound Festival che si terr\u00e0 dal 5 al 7 Agosto\" \/>\n<meta property=\"og:url\" content=\"https:\/\/progettotouring.it\/radiotouring104\/2022\/06\/09\/tutto-pronto-per-la-quarta-edizione-del-calabria-sound-festival-info\/\" \/>\n<meta property=\"og:site_name\" content=\"Radio Touring 104\" \/>\n<meta property=\"article:published_time\" content=\"2022-06-09T15:04:13+00:00\" \/>\n<meta property=\"article:modified_time\" content=\"2022-06-10T11:41:35+00:00\" \/>\n<meta property=\"og:image\" content=\"https:\/\/progettotouring.it\/radiotouring104\/wp-content\/uploads\/sites\/6\/2022\/06\/Calabria-Sound-Festival.jpg\" \/>\n\t<meta property=\"og:image:width\" content=\"1884\" \/>\n\t<meta property=\"og:image:height\" content=\"604\" \/>\n\t<meta property=\"og:image:type\" content=\"image\/jpeg\" \/>\n<meta name=\"author\" content=\"Filippo Francesco Idone\" \/>\n<meta name=\"twitter:card\" content=\"summary_large_image\" \/>\n<meta name=\"twitter:label1\" content=\"Scritto da\" \/>\n\t<meta name=\"twitter:data1\" content=\"Filippo Francesco Idone\" \/>\n\t<meta name=\"twitter:label2\" content=\"Tempo di lettura stimato\" \/>\n\t<meta name=\"twitter:data2\" content=\"3 minuti\" \/>\n<script type=\"application\/ld+json\" class=\"yoast-schema-graph\">{\"@context\":\"https:\/\/schema.org\",\"@graph\":[{\"@type\":\"Article\",\"@id\":\"https:\/\/progettotouring.it\/radiotouring104\/2022\/06\/09\/tutto-pronto-per-la-quarta-edizione-del-calabria-sound-festival-info\/#article\",\"isPartOf\":{\"@id\":\"https:\/\/progettotouring.it\/radiotouring104\/2022\/06\/09\/tutto-pronto-per-la-quarta-edizione-del-calabria-sound-festival-info\/\"},\"author\":{\"name\":\"Filippo Francesco Idone\",\"@id\":\"https:\/\/progettotouring.it\/radiotouring104\/#\/schema\/person\/4a82259ca52ac8702ad1a8f9e5a3120b\"},\"headline\":\"Tutto pronto per la quarta edizione del Calabria Sound Festival &#8211; Info\",\"datePublished\":\"2022-06-09T15:04:13+00:00\",\"dateModified\":\"2022-06-10T11:41:35+00:00\",\"mainEntityOfPage\":{\"@id\":\"https:\/\/progettotouring.it\/radiotouring104\/2022\/06\/09\/tutto-pronto-per-la-quarta-edizione-del-calabria-sound-festival-info\/\"},\"wordCount\":440,\"commentCount\":0,\"publisher\":{\"@id\":\"https:\/\/progettotouring.it\/radiotouring104\/#organization\"},\"image\":{\"@id\":\"https:\/\/progettotouring.it\/radiotouring104\/2022\/06\/09\/tutto-pronto-per-la-quarta-edizione-del-calabria-sound-festival-info\/#primaryimage\"},\"thumbnailUrl\":\"https:\/\/progettotouring.it\/radiotouring104\/wp-content\/uploads\/sites\/6\/2022\/06\/Calabria-Sound-Festival.jpg\",\"keywords\":[\"Calabria Sound Festival\",\"Compari Sodi\",\"General Levy\",\"Ghostbusters Ent.\",\"Manlio Calafrocampano\",\"Neroone\"],\"articleSection\":[\"Calabria\",\"Home\",\"News\",\"Spettacoli\"],\"inLanguage\":\"it-IT\",\"potentialAction\":[{\"@type\":\"CommentAction\",\"name\":\"Comment\",\"target\":[\"https:\/\/progettotouring.it\/radiotouring104\/2022\/06\/09\/tutto-pronto-per-la-quarta-edizione-del-calabria-sound-festival-info\/#respond\"]}]},{\"@type\":\"WebPage\",\"@id\":\"https:\/\/progettotouring.it\/radiotouring104\/2022\/06\/09\/tutto-pronto-per-la-quarta-edizione-del-calabria-sound-festival-info\/\",\"url\":\"https:\/\/progettotouring.it\/radiotouring104\/2022\/06\/09\/tutto-pronto-per-la-quarta-edizione-del-calabria-sound-festival-info\/\",\"name\":\"Quarta edizione del Calabria Sound Festival: ecco le info evento musicale\",\"isPartOf\":{\"@id\":\"https:\/\/progettotouring.it\/radiotouring104\/#website\"},\"primaryImageOfPage\":{\"@id\":\"https:\/\/progettotouring.it\/radiotouring104\/2022\/06\/09\/tutto-pronto-per-la-quarta-edizione-del-calabria-sound-festival-info\/#primaryimage\"},\"image\":{\"@id\":\"https:\/\/progettotouring.it\/radiotouring104\/2022\/06\/09\/tutto-pronto-per-la-quarta-edizione-del-calabria-sound-festival-info\/#primaryimage\"},\"thumbnailUrl\":\"https:\/\/progettotouring.it\/radiotouring104\/wp-content\/uploads\/sites\/6\/2022\/06\/Calabria-Sound-Festival.jpg\",\"datePublished\":\"2022-06-09T15:04:13+00:00\",\"dateModified\":\"2022-06-10T11:41:35+00:00\",\"description\":\"Al\u00a0Douglasia Park, nella Pre-Sila catanzarese, arriva la quarta edizione del\u00a0Calabria Sound Festival che si terr\u00e0 dal 5 al 7 Agosto\",\"breadcrumb\":{\"@id\":\"https:\/\/progettotouring.it\/radiotouring104\/2022\/06\/09\/tutto-pronto-per-la-quarta-edizione-del-calabria-sound-festival-info\/#breadcrumb\"},\"inLanguage\":\"it-IT\",\"potentialAction\":[{\"@type\":\"ReadAction\",\"target\":[\"https:\/\/progettotouring.it\/radiotouring104\/2022\/06\/09\/tutto-pronto-per-la-quarta-edizione-del-calabria-sound-festival-info\/\"]}]},{\"@type\":\"ImageObject\",\"inLanguage\":\"it-IT\",\"@id\":\"https:\/\/progettotouring.it\/radiotouring104\/2022\/06\/09\/tutto-pronto-per-la-quarta-edizione-del-calabria-sound-festival-info\/#primaryimage\",\"url\":\"https:\/\/progettotouring.it\/radiotouring104\/wp-content\/uploads\/sites\/6\/2022\/06\/Calabria-Sound-Festival.jpg\",\"contentUrl\":\"https:\/\/progettotouring.it\/radiotouring104\/wp-content\/uploads\/sites\/6\/2022\/06\/Calabria-Sound-Festival.jpg\",\"width\":1884,\"height\":604},{\"@type\":\"BreadcrumbList\",\"@id\":\"https:\/\/progettotouring.it\/radiotouring104\/2022\/06\/09\/tutto-pronto-per-la-quarta-edizione-del-calabria-sound-festival-info\/#breadcrumb\",\"itemListElement\":[{\"@type\":\"ListItem\",\"position\":1,\"name\":\"Home\",\"item\":\"https:\/\/progettotouring.it\/radiotouring104\/\"},{\"@type\":\"ListItem\",\"position\":2,\"name\":\"Tutto pronto per la quarta edizione del Calabria Sound Festival &#8211; Info\"}]},{\"@type\":\"WebSite\",\"@id\":\"https:\/\/progettotouring.it\/radiotouring104\/#website\",\"url\":\"https:\/\/progettotouring.it\/radiotouring104\/\",\"name\":\"Radio Touring 104\",\"description\":\"La prima radio Reggina\",\"publisher\":{\"@id\":\"https:\/\/progettotouring.it\/radiotouring104\/#organization\"},\"potentialAction\":[{\"@type\":\"SearchAction\",\"target\":{\"@type\":\"EntryPoint\",\"urlTemplate\":\"https:\/\/progettotouring.it\/radiotouring104\/?s={search_term_string}\"},\"query-input\":{\"@type\":\"PropertyValueSpecification\",\"valueRequired\":true,\"valueName\":\"search_term_string\"}}],\"inLanguage\":\"it-IT\"},{\"@type\":\"Organization\",\"@id\":\"https:\/\/progettotouring.it\/radiotouring104\/#organization\",\"name\":\"Radio Touring 104\",\"url\":\"https:\/\/progettotouring.it\/radiotouring104\/\",\"logo\":{\"@type\":\"ImageObject\",\"inLanguage\":\"it-IT\",\"@id\":\"https:\/\/progettotouring.it\/radiotouring104\/#\/schema\/logo\/image\/\",\"url\":\"https:\/\/progettotouring.it\/radiotouring104\/wp-content\/uploads\/sites\/6\/2022\/02\/cropped-logo-radio-touring-104.png\",\"contentUrl\":\"https:\/\/progettotouring.it\/radiotouring104\/wp-content\/uploads\/sites\/6\/2022\/02\/cropped-logo-radio-touring-104.png\",\"width\":377,\"height\":182,\"caption\":\"Radio Touring 104\"},\"image\":{\"@id\":\"https:\/\/progettotouring.it\/radiotouring104\/#\/schema\/logo\/image\/\"}},{\"@type\":\"Person\",\"@id\":\"https:\/\/progettotouring.it\/radiotouring104\/#\/schema\/person\/4a82259ca52ac8702ad1a8f9e5a3120b\",\"name\":\"Filippo Francesco Idone\",\"image\":{\"@type\":\"ImageObject\",\"inLanguage\":\"it-IT\",\"@id\":\"https:\/\/secure.gravatar.com\/avatar\/7268715d2366395c3dd314385670e6484117d44f5c442e61e230f7008b7b62d3?s=96&d=mm&r=g\",\"url\":\"https:\/\/secure.gravatar.com\/avatar\/7268715d2366395c3dd314385670e6484117d44f5c442e61e230f7008b7b62d3?s=96&d=mm&r=g\",\"contentUrl\":\"https:\/\/secure.gravatar.com\/avatar\/7268715d2366395c3dd314385670e6484117d44f5c442e61e230f7008b7b62d3?s=96&d=mm&r=g\",\"caption\":\"Filippo Francesco Idone\"},\"url\":\"https:\/\/progettotouring.it\/radiotouring104\/author\/filippoidone\/\"}]}<\/script>\n<!-- \/ Yoast SEO plugin. -->","yoast_head_json":{"title":"Quarta edizione del Calabria Sound Festival: ecco le info evento musicale","description":"Al\u00a0Douglasia Park, nella Pre-Sila catanzarese, arriva la quarta edizione del\u00a0Calabria Sound Festival che si terr\u00e0 dal 5 al 7 Agosto","robots":{"index":"index","follow":"follow","max-snippet":"max-snippet:-1","max-image-preview":"max-image-preview:large","max-video-preview":"max-video-preview:-1"},"canonical":"https:\/\/progettotouring.it\/radiotouring104\/2022\/06\/09\/tutto-pronto-per-la-quarta-edizione-del-calabria-sound-festival-info\/","og_locale":"it_IT","og_type":"article","og_title":"Quarta edizione del Calabria Sound Festival: ecco le info evento musicale","og_description":"Al\u00a0Douglasia Park, nella Pre-Sila catanzarese, arriva la quarta edizione del\u00a0Calabria Sound Festival che si terr\u00e0 dal 5 al 7 Agosto","og_url":"https:\/\/progettotouring.it\/radiotouring104\/2022\/06\/09\/tutto-pronto-per-la-quarta-edizione-del-calabria-sound-festival-info\/","og_site_name":"Radio Touring 104","article_published_time":"2022-06-09T15:04:13+00:00","article_modified_time":"2022-06-10T11:41:35+00:00","og_image":[{"width":1884,"height":604,"url":"https:\/\/progettotouring.it\/radiotouring104\/wp-content\/uploads\/sites\/6\/2022\/06\/Calabria-Sound-Festival.jpg","type":"image\/jpeg"}],"author":"Filippo Francesco Idone","twitter_card":"summary_large_image","twitter_misc":{"Scritto da":"Filippo Francesco Idone","Tempo di lettura stimato":"3 minuti"},"schema":{"@context":"https:\/\/schema.org","@graph":[{"@type":"Article","@id":"https:\/\/progettotouring.it\/radiotouring104\/2022\/06\/09\/tutto-pronto-per-la-quarta-edizione-del-calabria-sound-festival-info\/#article","isPartOf":{"@id":"https:\/\/progettotouring.it\/radiotouring104\/2022\/06\/09\/tutto-pronto-per-la-quarta-edizione-del-calabria-sound-festival-info\/"},"author":{"name":"Filippo Francesco Idone","@id":"https:\/\/progettotouring.it\/radiotouring104\/#\/schema\/person\/4a82259ca52ac8702ad1a8f9e5a3120b"},"headline":"Tutto pronto per la quarta edizione del Calabria Sound Festival &#8211; Info","datePublished":"2022-06-09T15:04:13+00:00","dateModified":"2022-06-10T11:41:35+00:00","mainEntityOfPage":{"@id":"https:\/\/progettotouring.it\/radiotouring104\/2022\/06\/09\/tutto-pronto-per-la-quarta-edizione-del-calabria-sound-festival-info\/"},"wordCount":440,"commentCount":0,"publisher":{"@id":"https:\/\/progettotouring.it\/radiotouring104\/#organization"},"image":{"@id":"https:\/\/progettotouring.it\/radiotouring104\/2022\/06\/09\/tutto-pronto-per-la-quarta-edizione-del-calabria-sound-festival-info\/#primaryimage"},"thumbnailUrl":"https:\/\/progettotouring.it\/radiotouring104\/wp-content\/uploads\/sites\/6\/2022\/06\/Calabria-Sound-Festival.jpg","keywords":["Calabria Sound Festival","Compari Sodi","General Levy","Ghostbusters Ent.","Manlio Calafrocampano","Neroone"],"articleSection":["Calabria","Home","News","Spettacoli"],"inLanguage":"it-IT","potentialAction":[{"@type":"CommentAction","name":"Comment","target":["https:\/\/progettotouring.it\/radiotouring104\/2022\/06\/09\/tutto-pronto-per-la-quarta-edizione-del-calabria-sound-festival-info\/#respond"]}]},{"@type":"WebPage","@id":"https:\/\/progettotouring.it\/radiotouring104\/2022\/06\/09\/tutto-pronto-per-la-quarta-edizione-del-calabria-sound-festival-info\/","url":"https:\/\/progettotouring.it\/radiotouring104\/2022\/06\/09\/tutto-pronto-per-la-quarta-edizione-del-calabria-sound-festival-info\/","name":"Quarta edizione del Calabria Sound Festival: ecco le info evento musicale","isPartOf":{"@id":"https:\/\/progettotouring.it\/radiotouring104\/#website"},"primaryImageOfPage":{"@id":"https:\/\/progettotouring.it\/radiotouring104\/2022\/06\/09\/tutto-pronto-per-la-quarta-edizione-del-calabria-sound-festival-info\/#primaryimage"},"image":{"@id":"https:\/\/progettotouring.it\/radiotouring104\/2022\/06\/09\/tutto-pronto-per-la-quarta-edizione-del-calabria-sound-festival-info\/#primaryimage"},"thumbnailUrl":"https:\/\/progettotouring.it\/radiotouring104\/wp-content\/uploads\/sites\/6\/2022\/06\/Calabria-Sound-Festival.jpg","datePublished":"2022-06-09T15:04:13+00:00","dateModified":"2022-06-10T11:41:35+00:00","description":"Al\u00a0Douglasia Park, nella Pre-Sila catanzarese, arriva la quarta edizione del\u00a0Calabria Sound Festival che si terr\u00e0 dal 5 al 7 Agosto","breadcrumb":{"@id":"https:\/\/progettotouring.it\/radiotouring104\/2022\/06\/09\/tutto-pronto-per-la-quarta-edizione-del-calabria-sound-festival-info\/#breadcrumb"},"inLanguage":"it-IT","potentialAction":[{"@type":"ReadAction","target":["https:\/\/progettotouring.it\/radiotouring104\/2022\/06\/09\/tutto-pronto-per-la-quarta-edizione-del-calabria-sound-festival-info\/"]}]},{"@type":"ImageObject","inLanguage":"it-IT","@id":"https:\/\/progettotouring.it\/radiotouring104\/2022\/06\/09\/tutto-pronto-per-la-quarta-edizione-del-calabria-sound-festival-info\/#primaryimage","url":"https:\/\/progettotouring.it\/radiotouring104\/wp-content\/uploads\/sites\/6\/2022\/06\/Calabria-Sound-Festival.jpg","contentUrl":"https:\/\/progettotouring.it\/radiotouring104\/wp-content\/uploads\/sites\/6\/2022\/06\/Calabria-Sound-Festival.jpg","width":1884,"height":604},{"@type":"BreadcrumbList","@id":"https:\/\/progettotouring.it\/radiotouring104\/2022\/06\/09\/tutto-pronto-per-la-quarta-edizione-del-calabria-sound-festival-info\/#breadcrumb","itemListElement":[{"@type":"ListItem","position":1,"name":"Home","item":"https:\/\/progettotouring.it\/radiotouring104\/"},{"@type":"ListItem","position":2,"name":"Tutto pronto per la quarta edizione del Calabria Sound Festival &#8211; Info"}]},{"@type":"WebSite","@id":"https:\/\/progettotouring.it\/radiotouring104\/#website","url":"https:\/\/progettotouring.it\/radiotouring104\/","name":"Radio Touring 104","description":"La prima radio Reggina","publisher":{"@id":"https:\/\/progettotouring.it\/radiotouring104\/#organization"},"potentialAction":[{"@type":"SearchAction","target":{"@type":"EntryPoint","urlTemplate":"https:\/\/progettotouring.it\/radiotouring104\/?s={search_term_string}"},"query-input":{"@type":"PropertyValueSpecification","valueRequired":true,"valueName":"search_term_string"}}],"inLanguage":"it-IT"},{"@type":"Organization","@id":"https:\/\/progettotouring.it\/radiotouring104\/#organization","name":"Radio Touring 104","url":"https:\/\/progettotouring.it\/radiotouring104\/","logo":{"@type":"ImageObject","inLanguage":"it-IT","@id":"https:\/\/progettotouring.it\/radiotouring104\/#\/schema\/logo\/image\/","url":"https:\/\/progettotouring.it\/radiotouring104\/wp-content\/uploads\/sites\/6\/2022\/02\/cropped-logo-radio-touring-104.png","contentUrl":"https:\/\/progettotouring.it\/radiotouring104\/wp-content\/uploads\/sites\/6\/2022\/02\/cropped-logo-radio-touring-104.png","width":377,"height":182,"caption":"Radio Touring 104"},"image":{"@id":"https:\/\/progettotouring.it\/radiotouring104\/#\/schema\/logo\/image\/"}},{"@type":"Person","@id":"https:\/\/progettotouring.it\/radiotouring104\/#\/schema\/person\/4a82259ca52ac8702ad1a8f9e5a3120b","name":"Filippo Francesco Idone","image":{"@type":"ImageObject","inLanguage":"it-IT","@id":"https:\/\/secure.gravatar.com\/avatar\/7268715d2366395c3dd314385670e6484117d44f5c442e61e230f7008b7b62d3?s=96&d=mm&r=g","url":"https:\/\/secure.gravatar.com\/avatar\/7268715d2366395c3dd314385670e6484117d44f5c442e61e230f7008b7b62d3?s=96&d=mm&r=g","contentUrl":"https:\/\/secure.gravatar.com\/avatar\/7268715d2366395c3dd314385670e6484117d44f5c442e61e230f7008b7b62d3?s=96&d=mm&r=g","caption":"Filippo Francesco Idone"},"url":"https:\/\/progettotouring.it\/radiotouring104\/author\/filippoidone\/"}]}},"jetpack_publicize_connections":[],"jetpack_featured_media_url":"https:\/\/progettotouring.it\/radiotouring104\/wp-content\/uploads\/sites\/6\/2022\/06\/Calabria-Sound-Festival.jpg","jetpack_sharing_enabled":true,"_links":{"self":[{"href":"https:\/\/progettotouring.it\/radiotouring104\/wp-json\/wp\/v2\/posts\/6467","targetHints":{"allow":["GET"]}}],"collection":[{"href":"https:\/\/progettotouring.it\/radiotouring104\/wp-json\/wp\/v2\/posts"}],"about":[{"href":"https:\/\/progettotouring.it\/radiotouring104\/wp-json\/wp\/v2\/types\/post"}],"author":[{"embeddable":true,"href":"https:\/\/progettotouring.it\/radiotouring104\/wp-json\/wp\/v2\/users\/8"}],"replies":[{"embeddable":true,"href":"https:\/\/progettotouring.it\/radiotouring104\/wp-json\/wp\/v2\/comments?post=6467"}],"version-history":[{"count":2,"href":"https:\/\/progettotouring.it\/radiotouring104\/wp-json\/wp\/v2\/posts\/6467\/revisions"}],"predecessor-version":[{"id":6482,"href":"https:\/\/progettotouring.it\/radiotouring104\/wp-json\/wp\/v2\/posts\/6467\/revisions\/6482"}],"wp:featuredmedia":[{"embeddable":true,"href":"https:\/\/progettotouring.it\/radiotouring104\/wp-json\/wp\/v2\/media\/6469"}],"wp:attachment":[{"href":"https:\/\/progettotouring.it\/radiotouring104\/wp-json\/wp\/v2\/media?parent=6467"}],"wp:term":[{"taxonomy":"category","embeddable":true,"href":"https:\/\/progettotouring.it\/radiotouring104\/wp-json\/wp\/v2\/categories?post=6467"},{"taxonomy":"post_tag","embeddable":true,"href":"https:\/\/progettotouring.it\/radiotouring104\/wp-json\/wp\/v2\/tags?post=6467"}],"curies":[{"name":"wp","href":"https:\/\/api.w.org\/{rel}","templated":true}]}}