{"id":64686,"date":"2025-01-13T12:20:30","date_gmt":"2025-01-13T11:20:30","guid":{"rendered":"https:\/\/progettotouring.it\/radiotouring104\/?p=64686"},"modified":"2025-01-13T12:20:30","modified_gmt":"2025-01-13T11:20:30","slug":"il-cordoglio-di-falcomata-per-la-scomparsa-dellex-sindaco-di-bova-marina-domenico-zavettieri","status":"publish","type":"post","link":"https:\/\/progettotouring.it\/radiotouring104\/2025\/01\/13\/il-cordoglio-di-falcomata-per-la-scomparsa-dellex-sindaco-di-bova-marina-domenico-zavettieri\/","title":{"rendered":"Il cordoglio di Falcomat\u00e0 per la scomparsa dell&#8217;ex Sindaco di Bova Marina, Domenico Zavettieri"},"content":{"rendered":"<div style=\"text-align: justify\"><b>Il sindaco<\/b> metropolitano<b> sulla scomparsa dell&#8217;ex sindaco Domenico Zavettieri: &#8220;Esempio di seriet\u00e0, rettitudine e di profondo attaccamento per il territorio e la comunit\u00e0&#8221;<br \/>\n<\/b><br \/>\n<i>Il cordoglio della Citt\u00e0 Metropolitana per la scomparsa dello storico amministratore e dirigente scolastico<br \/>\n<\/i><br \/>\n<strong>Il sindaco<\/strong> metropolitano, <strong>Giuseppe Falcomat\u00e0, esprime<\/strong> il proprio<strong> cordoglio<\/strong> e quello dell&#8217;intera amministrazione di Palazzo Alvaro <strong>per la morte di Domenico Zavettieri,<\/strong> dirigente scolastico, amministratore di lungo corso ed <strong>ex sindaco di Bova Marina, <\/strong><em>\u00abesempio di seriet\u00e0, rettitudine e profondo attaccamento per le istituzioni, il territorio e la comunit\u00e0\u00bb.<\/em><\/p>\n<p><em>\u00abAl di l\u00e0 dell&#8217;impegno politico<\/em> &#8211;<strong> ha ricordato il sindaco<\/strong> &#8211; <em>Domenico Zavettieri ha rappresentato un punto di riferimento per il mondo scolastico, accompagnando intere generazioni in un percorso educativo e formativo largamente apprezzato da tutti. Dunque, \u00e8 certamente un giorno triste per quanti hanno avuto il piacere di conoscere un galantuomo, un educatore ed un politico d&#8217;altri tempi\u00bb.<\/em><\/p>\n<p><em>\u00abLa sua lunga esperienza<\/em> &#8211; <strong>ha rimarcato Falcomat\u00e0 &#8211;<\/strong><em> si \u00e8 distinta per correttezza e dedizione, sempre proiettata al bene collettivo e comune. Dal Municipio di Locorotondo, in Puglia, dove ha rivestito importanti incarichi pubblici nell&#8217;amministrazione comunale, fino alla sua Bova Marina, dove ha culminato il suo impegno politico da primo cittadino nel 2008, Domenico Zavettieri ha lasciato un&#8217;impronta indelebile destinata a rimanere per esempio impressa nel basso ionio reggino e non solo. Da insegnante di lettere e da uomo di indiscutibile cultura, ha saputo cogliere l&#8217;essenza di un popolo, raccontandola mirabilmente nei suoi scritti. Il suo ricordo rester\u00e0 vivo nei cuori di ognuno di noi, perch\u00e9 ci\u00f2 che ha fatto per il territorio va oltre il tempo e le circostanze\u00bb.<\/em><\/p>\n<p><em>\u00abA nome mio, del Consiglio della Citt\u00e0 Metropolitana e di tutta la comunit\u00e0 metropolitana &#8211;<\/em><strong> ha concluso Giuseppe Falcomat\u00e0 &#8211;<\/strong><em> giunga l&#8217;abbraccio pi\u00f9 sincero e commosso alla sua famiglia, al figlio Pierpaolo, sindaco di Roghudi, ed al fratello Saverio, storico sindacalista, gi\u00e0 Deputato, Assessore regionale ed anche lui ex sindaco di Bova Marina\u00bb<\/em>.<\/div>\n<div>\n<div class=\"xmprfx_gmail_signature\" dir=\"ltr\" data-smartmail=\"gmail_signature\">\n<div dir=\"ltr\">\n<div>\n<div><\/div>\n<\/div>\n<\/div>\n<\/div>\n<\/div>\n","protected":false},"excerpt":{"rendered":"<p>Il sindaco metropolitano sulla scomparsa dell&#8217;ex sindaco Domenico Zavettieri: &#8220;Esempio di seriet\u00e0, rettitudine e di profondo attaccamento per il territorio e la comunit\u00e0&#8221; Il cordoglio della Citt\u00e0 Metropolitana per la&hellip;<\/p>\n","protected":false},"author":12,"featured_media":55138,"comment_status":"closed","ping_status":"open","sticky":false,"template":"","format":"standard","meta":{"_jetpack_memberships_contains_paid_content":false,"footnotes":"","jetpack_publicize_message":"","jetpack_publicize_feature_enabled":true,"jetpack_social_post_already_shared":true,"jetpack_social_options":{"image_generator_settings":{"template":"highway","default_image_id":0,"font":"","enabled":false},"version":2}},"categories":[921,196,140],"tags":[7133,1512,39287,812,39286],"class_list":["post-64686","post","type-post","status-publish","format-standard","has-post-thumbnail","hentry","category-home","category-news","category-reggio-calabria","tag-comune-di-bova-marina","tag-cordoglio","tag-ex-sindaco","tag-giuseppe-falcomata","tag-morte-domenico-zavettieri"],"yoast_head":"<!-- This site is optimized with the Yoast SEO plugin v27.2 - https:\/\/yoast.com\/product\/yoast-seo-wordpress\/ -->\n<title>Cordoglio di Falcomat\u00e0 per la scomparsa dell&#039;ex Sindaco Zavettieri<\/title>\n<meta name=\"description\" content=\"Il cordoglio della Citt\u00e0 Metropolitana per la scomparsa dello storico amministratore e dirigente scolastico\" \/>\n<meta name=\"robots\" content=\"index, follow, max-snippet:-1, max-image-preview:large, max-video-preview:-1\" \/>\n<link rel=\"canonical\" href=\"https:\/\/progettotouring.it\/radiotouring104\/2025\/01\/13\/il-cordoglio-di-falcomata-per-la-scomparsa-dellex-sindaco-di-bova-marina-domenico-zavettieri\/\" \/>\n<meta property=\"og:locale\" content=\"it_IT\" \/>\n<meta property=\"og:type\" content=\"article\" \/>\n<meta property=\"og:title\" content=\"Cordoglio di Falcomat\u00e0 per la scomparsa dell&#039;ex Sindaco Zavettieri\" \/>\n<meta property=\"og:description\" content=\"Il cordoglio della Citt\u00e0 Metropolitana per la scomparsa dello storico amministratore e dirigente scolastico\" \/>\n<meta property=\"og:url\" content=\"https:\/\/progettotouring.it\/radiotouring104\/2025\/01\/13\/il-cordoglio-di-falcomata-per-la-scomparsa-dellex-sindaco-di-bova-marina-domenico-zavettieri\/\" \/>\n<meta property=\"og:site_name\" content=\"Radio Touring 104\" \/>\n<meta property=\"article:published_time\" content=\"2025-01-13T11:20:30+00:00\" \/>\n<meta property=\"og:image\" content=\"https:\/\/progettotouring.it\/radiotouring104\/wp-content\/uploads\/sites\/6\/2024\/07\/Falcomata-Giuseppe.jpeg\" \/>\n\t<meta property=\"og:image:width\" content=\"1600\" \/>\n\t<meta property=\"og:image:height\" content=\"900\" \/>\n\t<meta property=\"og:image:type\" content=\"image\/jpeg\" \/>\n<meta name=\"author\" content=\"Sebastiano Plutino\" \/>\n<meta name=\"twitter:card\" content=\"summary_large_image\" \/>\n<meta name=\"twitter:label1\" content=\"Scritto da\" \/>\n\t<meta name=\"twitter:data1\" content=\"Sebastiano Plutino\" \/>\n\t<meta name=\"twitter:label2\" content=\"Tempo di lettura stimato\" \/>\n\t<meta name=\"twitter:data2\" content=\"2 minuti\" \/>\n<script type=\"application\/ld+json\" class=\"yoast-schema-graph\">{\"@context\":\"https:\/\/schema.org\",\"@graph\":[{\"@type\":\"Article\",\"@id\":\"https:\/\/progettotouring.it\/radiotouring104\/2025\/01\/13\/il-cordoglio-di-falcomata-per-la-scomparsa-dellex-sindaco-di-bova-marina-domenico-zavettieri\/#article\",\"isPartOf\":{\"@id\":\"https:\/\/progettotouring.it\/radiotouring104\/2025\/01\/13\/il-cordoglio-di-falcomata-per-la-scomparsa-dellex-sindaco-di-bova-marina-domenico-zavettieri\/\"},\"author\":{\"name\":\"Sebastiano Plutino\",\"@id\":\"https:\/\/progettotouring.it\/radiotouring104\/#\/schema\/person\/78613917f1851f041f7483f5af1d422e\"},\"headline\":\"Il cordoglio di Falcomat\u00e0 per la scomparsa dell&#8217;ex Sindaco di Bova Marina, Domenico Zavettieri\",\"datePublished\":\"2025-01-13T11:20:30+00:00\",\"mainEntityOfPage\":{\"@id\":\"https:\/\/progettotouring.it\/radiotouring104\/2025\/01\/13\/il-cordoglio-di-falcomata-per-la-scomparsa-dellex-sindaco-di-bova-marina-domenico-zavettieri\/\"},\"wordCount\":330,\"publisher\":{\"@id\":\"https:\/\/progettotouring.it\/radiotouring104\/#organization\"},\"image\":{\"@id\":\"https:\/\/progettotouring.it\/radiotouring104\/2025\/01\/13\/il-cordoglio-di-falcomata-per-la-scomparsa-dellex-sindaco-di-bova-marina-domenico-zavettieri\/#primaryimage\"},\"thumbnailUrl\":\"https:\/\/progettotouring.it\/radiotouring104\/wp-content\/uploads\/sites\/6\/2024\/07\/Falcomata-Giuseppe.jpeg\",\"keywords\":[\"Comune di Bova Marina\",\"cordoglio\",\"ex Sindaco\",\"Giuseppe Falcomat\u00e0\",\"Morte Domenico Zavettieri\"],\"articleSection\":[\"Home\",\"News\",\"Reggio Calabria\"],\"inLanguage\":\"it-IT\"},{\"@type\":\"WebPage\",\"@id\":\"https:\/\/progettotouring.it\/radiotouring104\/2025\/01\/13\/il-cordoglio-di-falcomata-per-la-scomparsa-dellex-sindaco-di-bova-marina-domenico-zavettieri\/\",\"url\":\"https:\/\/progettotouring.it\/radiotouring104\/2025\/01\/13\/il-cordoglio-di-falcomata-per-la-scomparsa-dellex-sindaco-di-bova-marina-domenico-zavettieri\/\",\"name\":\"Cordoglio di Falcomat\u00e0 per la scomparsa dell'ex Sindaco Zavettieri\",\"isPartOf\":{\"@id\":\"https:\/\/progettotouring.it\/radiotouring104\/#website\"},\"primaryImageOfPage\":{\"@id\":\"https:\/\/progettotouring.it\/radiotouring104\/2025\/01\/13\/il-cordoglio-di-falcomata-per-la-scomparsa-dellex-sindaco-di-bova-marina-domenico-zavettieri\/#primaryimage\"},\"image\":{\"@id\":\"https:\/\/progettotouring.it\/radiotouring104\/2025\/01\/13\/il-cordoglio-di-falcomata-per-la-scomparsa-dellex-sindaco-di-bova-marina-domenico-zavettieri\/#primaryimage\"},\"thumbnailUrl\":\"https:\/\/progettotouring.it\/radiotouring104\/wp-content\/uploads\/sites\/6\/2024\/07\/Falcomata-Giuseppe.jpeg\",\"datePublished\":\"2025-01-13T11:20:30+00:00\",\"description\":\"Il cordoglio della Citt\u00e0 Metropolitana per la scomparsa dello storico amministratore e dirigente scolastico\",\"breadcrumb\":{\"@id\":\"https:\/\/progettotouring.it\/radiotouring104\/2025\/01\/13\/il-cordoglio-di-falcomata-per-la-scomparsa-dellex-sindaco-di-bova-marina-domenico-zavettieri\/#breadcrumb\"},\"inLanguage\":\"it-IT\",\"potentialAction\":[{\"@type\":\"ReadAction\",\"target\":[\"https:\/\/progettotouring.it\/radiotouring104\/2025\/01\/13\/il-cordoglio-di-falcomata-per-la-scomparsa-dellex-sindaco-di-bova-marina-domenico-zavettieri\/\"]}]},{\"@type\":\"ImageObject\",\"inLanguage\":\"it-IT\",\"@id\":\"https:\/\/progettotouring.it\/radiotouring104\/2025\/01\/13\/il-cordoglio-di-falcomata-per-la-scomparsa-dellex-sindaco-di-bova-marina-domenico-zavettieri\/#primaryimage\",\"url\":\"https:\/\/progettotouring.it\/radiotouring104\/wp-content\/uploads\/sites\/6\/2024\/07\/Falcomata-Giuseppe.jpeg\",\"contentUrl\":\"https:\/\/progettotouring.it\/radiotouring104\/wp-content\/uploads\/sites\/6\/2024\/07\/Falcomata-Giuseppe.jpeg\",\"width\":1600,\"height\":900},{\"@type\":\"BreadcrumbList\",\"@id\":\"https:\/\/progettotouring.it\/radiotouring104\/2025\/01\/13\/il-cordoglio-di-falcomata-per-la-scomparsa-dellex-sindaco-di-bova-marina-domenico-zavettieri\/#breadcrumb\",\"itemListElement\":[{\"@type\":\"ListItem\",\"position\":1,\"name\":\"Home\",\"item\":\"https:\/\/progettotouring.it\/radiotouring104\/\"},{\"@type\":\"ListItem\",\"position\":2,\"name\":\"Il cordoglio di Falcomat\u00e0 per la scomparsa dell&#8217;ex Sindaco di Bova Marina, Domenico Zavettieri\"}]},{\"@type\":\"WebSite\",\"@id\":\"https:\/\/progettotouring.it\/radiotouring104\/#website\",\"url\":\"https:\/\/progettotouring.it\/radiotouring104\/\",\"name\":\"Radio Touring 104\",\"description\":\"La prima radio Reggina\",\"publisher\":{\"@id\":\"https:\/\/progettotouring.it\/radiotouring104\/#organization\"},\"potentialAction\":[{\"@type\":\"SearchAction\",\"target\":{\"@type\":\"EntryPoint\",\"urlTemplate\":\"https:\/\/progettotouring.it\/radiotouring104\/?s={search_term_string}\"},\"query-input\":{\"@type\":\"PropertyValueSpecification\",\"valueRequired\":true,\"valueName\":\"search_term_string\"}}],\"inLanguage\":\"it-IT\"},{\"@type\":\"Organization\",\"@id\":\"https:\/\/progettotouring.it\/radiotouring104\/#organization\",\"name\":\"Radio Touring 104\",\"url\":\"https:\/\/progettotouring.it\/radiotouring104\/\",\"logo\":{\"@type\":\"ImageObject\",\"inLanguage\":\"it-IT\",\"@id\":\"https:\/\/progettotouring.it\/radiotouring104\/#\/schema\/logo\/image\/\",\"url\":\"https:\/\/progettotouring.it\/radiotouring104\/wp-content\/uploads\/sites\/6\/2022\/02\/cropped-logo-radio-touring-104.png\",\"contentUrl\":\"https:\/\/progettotouring.it\/radiotouring104\/wp-content\/uploads\/sites\/6\/2022\/02\/cropped-logo-radio-touring-104.png\",\"width\":377,\"height\":182,\"caption\":\"Radio Touring 104\"},\"image\":{\"@id\":\"https:\/\/progettotouring.it\/radiotouring104\/#\/schema\/logo\/image\/\"}},{\"@type\":\"Person\",\"@id\":\"https:\/\/progettotouring.it\/radiotouring104\/#\/schema\/person\/78613917f1851f041f7483f5af1d422e\",\"name\":\"Sebastiano Plutino\",\"image\":{\"@type\":\"ImageObject\",\"inLanguage\":\"it-IT\",\"@id\":\"https:\/\/secure.gravatar.com\/avatar\/0546ffaa9b79224faf9f2a156b67a529ae861d3287c66c1d8ccfdf909bcba78d?s=96&d=mm&r=g\",\"url\":\"https:\/\/secure.gravatar.com\/avatar\/0546ffaa9b79224faf9f2a156b67a529ae861d3287c66c1d8ccfdf909bcba78d?s=96&d=mm&r=g\",\"contentUrl\":\"https:\/\/secure.gravatar.com\/avatar\/0546ffaa9b79224faf9f2a156b67a529ae861d3287c66c1d8ccfdf909bcba78d?s=96&d=mm&r=g\",\"caption\":\"Sebastiano Plutino\"},\"url\":\"https:\/\/progettotouring.it\/radiotouring104\/author\/sebastiano\/\"}]}<\/script>\n<!-- \/ Yoast SEO plugin. -->","yoast_head_json":{"title":"Cordoglio di Falcomat\u00e0 per la scomparsa dell'ex Sindaco Zavettieri","description":"Il cordoglio della Citt\u00e0 Metropolitana per la scomparsa dello storico amministratore e dirigente scolastico","robots":{"index":"index","follow":"follow","max-snippet":"max-snippet:-1","max-image-preview":"max-image-preview:large","max-video-preview":"max-video-preview:-1"},"canonical":"https:\/\/progettotouring.it\/radiotouring104\/2025\/01\/13\/il-cordoglio-di-falcomata-per-la-scomparsa-dellex-sindaco-di-bova-marina-domenico-zavettieri\/","og_locale":"it_IT","og_type":"article","og_title":"Cordoglio di Falcomat\u00e0 per la scomparsa dell'ex Sindaco Zavettieri","og_description":"Il cordoglio della Citt\u00e0 Metropolitana per la scomparsa dello storico amministratore e dirigente scolastico","og_url":"https:\/\/progettotouring.it\/radiotouring104\/2025\/01\/13\/il-cordoglio-di-falcomata-per-la-scomparsa-dellex-sindaco-di-bova-marina-domenico-zavettieri\/","og_site_name":"Radio Touring 104","article_published_time":"2025-01-13T11:20:30+00:00","og_image":[{"width":1600,"height":900,"url":"https:\/\/progettotouring.it\/radiotouring104\/wp-content\/uploads\/sites\/6\/2024\/07\/Falcomata-Giuseppe.jpeg","type":"image\/jpeg"}],"author":"Sebastiano Plutino","twitter_card":"summary_large_image","twitter_misc":{"Scritto da":"Sebastiano Plutino","Tempo di lettura stimato":"2 minuti"},"schema":{"@context":"https:\/\/schema.org","@graph":[{"@type":"Article","@id":"https:\/\/progettotouring.it\/radiotouring104\/2025\/01\/13\/il-cordoglio-di-falcomata-per-la-scomparsa-dellex-sindaco-di-bova-marina-domenico-zavettieri\/#article","isPartOf":{"@id":"https:\/\/progettotouring.it\/radiotouring104\/2025\/01\/13\/il-cordoglio-di-falcomata-per-la-scomparsa-dellex-sindaco-di-bova-marina-domenico-zavettieri\/"},"author":{"name":"Sebastiano Plutino","@id":"https:\/\/progettotouring.it\/radiotouring104\/#\/schema\/person\/78613917f1851f041f7483f5af1d422e"},"headline":"Il cordoglio di Falcomat\u00e0 per la scomparsa dell&#8217;ex Sindaco di Bova Marina, Domenico Zavettieri","datePublished":"2025-01-13T11:20:30+00:00","mainEntityOfPage":{"@id":"https:\/\/progettotouring.it\/radiotouring104\/2025\/01\/13\/il-cordoglio-di-falcomata-per-la-scomparsa-dellex-sindaco-di-bova-marina-domenico-zavettieri\/"},"wordCount":330,"publisher":{"@id":"https:\/\/progettotouring.it\/radiotouring104\/#organization"},"image":{"@id":"https:\/\/progettotouring.it\/radiotouring104\/2025\/01\/13\/il-cordoglio-di-falcomata-per-la-scomparsa-dellex-sindaco-di-bova-marina-domenico-zavettieri\/#primaryimage"},"thumbnailUrl":"https:\/\/progettotouring.it\/radiotouring104\/wp-content\/uploads\/sites\/6\/2024\/07\/Falcomata-Giuseppe.jpeg","keywords":["Comune di Bova Marina","cordoglio","ex Sindaco","Giuseppe Falcomat\u00e0","Morte Domenico Zavettieri"],"articleSection":["Home","News","Reggio Calabria"],"inLanguage":"it-IT"},{"@type":"WebPage","@id":"https:\/\/progettotouring.it\/radiotouring104\/2025\/01\/13\/il-cordoglio-di-falcomata-per-la-scomparsa-dellex-sindaco-di-bova-marina-domenico-zavettieri\/","url":"https:\/\/progettotouring.it\/radiotouring104\/2025\/01\/13\/il-cordoglio-di-falcomata-per-la-scomparsa-dellex-sindaco-di-bova-marina-domenico-zavettieri\/","name":"Cordoglio di Falcomat\u00e0 per la scomparsa dell'ex Sindaco Zavettieri","isPartOf":{"@id":"https:\/\/progettotouring.it\/radiotouring104\/#website"},"primaryImageOfPage":{"@id":"https:\/\/progettotouring.it\/radiotouring104\/2025\/01\/13\/il-cordoglio-di-falcomata-per-la-scomparsa-dellex-sindaco-di-bova-marina-domenico-zavettieri\/#primaryimage"},"image":{"@id":"https:\/\/progettotouring.it\/radiotouring104\/2025\/01\/13\/il-cordoglio-di-falcomata-per-la-scomparsa-dellex-sindaco-di-bova-marina-domenico-zavettieri\/#primaryimage"},"thumbnailUrl":"https:\/\/progettotouring.it\/radiotouring104\/wp-content\/uploads\/sites\/6\/2024\/07\/Falcomata-Giuseppe.jpeg","datePublished":"2025-01-13T11:20:30+00:00","description":"Il cordoglio della Citt\u00e0 Metropolitana per la scomparsa dello storico amministratore e dirigente scolastico","breadcrumb":{"@id":"https:\/\/progettotouring.it\/radiotouring104\/2025\/01\/13\/il-cordoglio-di-falcomata-per-la-scomparsa-dellex-sindaco-di-bova-marina-domenico-zavettieri\/#breadcrumb"},"inLanguage":"it-IT","potentialAction":[{"@type":"ReadAction","target":["https:\/\/progettotouring.it\/radiotouring104\/2025\/01\/13\/il-cordoglio-di-falcomata-per-la-scomparsa-dellex-sindaco-di-bova-marina-domenico-zavettieri\/"]}]},{"@type":"ImageObject","inLanguage":"it-IT","@id":"https:\/\/progettotouring.it\/radiotouring104\/2025\/01\/13\/il-cordoglio-di-falcomata-per-la-scomparsa-dellex-sindaco-di-bova-marina-domenico-zavettieri\/#primaryimage","url":"https:\/\/progettotouring.it\/radiotouring104\/wp-content\/uploads\/sites\/6\/2024\/07\/Falcomata-Giuseppe.jpeg","contentUrl":"https:\/\/progettotouring.it\/radiotouring104\/wp-content\/uploads\/sites\/6\/2024\/07\/Falcomata-Giuseppe.jpeg","width":1600,"height":900},{"@type":"BreadcrumbList","@id":"https:\/\/progettotouring.it\/radiotouring104\/2025\/01\/13\/il-cordoglio-di-falcomata-per-la-scomparsa-dellex-sindaco-di-bova-marina-domenico-zavettieri\/#breadcrumb","itemListElement":[{"@type":"ListItem","position":1,"name":"Home","item":"https:\/\/progettotouring.it\/radiotouring104\/"},{"@type":"ListItem","position":2,"name":"Il cordoglio di Falcomat\u00e0 per la scomparsa dell&#8217;ex Sindaco di Bova Marina, Domenico Zavettieri"}]},{"@type":"WebSite","@id":"https:\/\/progettotouring.it\/radiotouring104\/#website","url":"https:\/\/progettotouring.it\/radiotouring104\/","name":"Radio Touring 104","description":"La prima radio Reggina","publisher":{"@id":"https:\/\/progettotouring.it\/radiotouring104\/#organization"},"potentialAction":[{"@type":"SearchAction","target":{"@type":"EntryPoint","urlTemplate":"https:\/\/progettotouring.it\/radiotouring104\/?s={search_term_string}"},"query-input":{"@type":"PropertyValueSpecification","valueRequired":true,"valueName":"search_term_string"}}],"inLanguage":"it-IT"},{"@type":"Organization","@id":"https:\/\/progettotouring.it\/radiotouring104\/#organization","name":"Radio Touring 104","url":"https:\/\/progettotouring.it\/radiotouring104\/","logo":{"@type":"ImageObject","inLanguage":"it-IT","@id":"https:\/\/progettotouring.it\/radiotouring104\/#\/schema\/logo\/image\/","url":"https:\/\/progettotouring.it\/radiotouring104\/wp-content\/uploads\/sites\/6\/2022\/02\/cropped-logo-radio-touring-104.png","contentUrl":"https:\/\/progettotouring.it\/radiotouring104\/wp-content\/uploads\/sites\/6\/2022\/02\/cropped-logo-radio-touring-104.png","width":377,"height":182,"caption":"Radio Touring 104"},"image":{"@id":"https:\/\/progettotouring.it\/radiotouring104\/#\/schema\/logo\/image\/"}},{"@type":"Person","@id":"https:\/\/progettotouring.it\/radiotouring104\/#\/schema\/person\/78613917f1851f041f7483f5af1d422e","name":"Sebastiano Plutino","image":{"@type":"ImageObject","inLanguage":"it-IT","@id":"https:\/\/secure.gravatar.com\/avatar\/0546ffaa9b79224faf9f2a156b67a529ae861d3287c66c1d8ccfdf909bcba78d?s=96&d=mm&r=g","url":"https:\/\/secure.gravatar.com\/avatar\/0546ffaa9b79224faf9f2a156b67a529ae861d3287c66c1d8ccfdf909bcba78d?s=96&d=mm&r=g","contentUrl":"https:\/\/secure.gravatar.com\/avatar\/0546ffaa9b79224faf9f2a156b67a529ae861d3287c66c1d8ccfdf909bcba78d?s=96&d=mm&r=g","caption":"Sebastiano Plutino"},"url":"https:\/\/progettotouring.it\/radiotouring104\/author\/sebastiano\/"}]}},"jetpack_publicize_connections":[],"jetpack_featured_media_url":"https:\/\/progettotouring.it\/radiotouring104\/wp-content\/uploads\/sites\/6\/2024\/07\/Falcomata-Giuseppe.jpeg","jetpack_sharing_enabled":true,"_links":{"self":[{"href":"https:\/\/progettotouring.it\/radiotouring104\/wp-json\/wp\/v2\/posts\/64686","targetHints":{"allow":["GET"]}}],"collection":[{"href":"https:\/\/progettotouring.it\/radiotouring104\/wp-json\/wp\/v2\/posts"}],"about":[{"href":"https:\/\/progettotouring.it\/radiotouring104\/wp-json\/wp\/v2\/types\/post"}],"author":[{"embeddable":true,"href":"https:\/\/progettotouring.it\/radiotouring104\/wp-json\/wp\/v2\/users\/12"}],"replies":[{"embeddable":true,"href":"https:\/\/progettotouring.it\/radiotouring104\/wp-json\/wp\/v2\/comments?post=64686"}],"version-history":[{"count":1,"href":"https:\/\/progettotouring.it\/radiotouring104\/wp-json\/wp\/v2\/posts\/64686\/revisions"}],"predecessor-version":[{"id":64687,"href":"https:\/\/progettotouring.it\/radiotouring104\/wp-json\/wp\/v2\/posts\/64686\/revisions\/64687"}],"wp:featuredmedia":[{"embeddable":true,"href":"https:\/\/progettotouring.it\/radiotouring104\/wp-json\/wp\/v2\/media\/55138"}],"wp:attachment":[{"href":"https:\/\/progettotouring.it\/radiotouring104\/wp-json\/wp\/v2\/media?parent=64686"}],"wp:term":[{"taxonomy":"category","embeddable":true,"href":"https:\/\/progettotouring.it\/radiotouring104\/wp-json\/wp\/v2\/categories?post=64686"},{"taxonomy":"post_tag","embeddable":true,"href":"https:\/\/progettotouring.it\/radiotouring104\/wp-json\/wp\/v2\/tags?post=64686"}],"curies":[{"name":"wp","href":"https:\/\/api.w.org\/{rel}","templated":true}]}}