{"id":64698,"date":"2025-01-15T14:21:54","date_gmt":"2025-01-15T13:21:54","guid":{"rendered":"https:\/\/progettotouring.it\/radiotouring104\/?p=64698"},"modified":"2025-04-26T20:56:16","modified_gmt":"2025-04-26T18:56:16","slug":"cronaca-diretta-castrumfavara-reggina","status":"publish","type":"post","link":"https:\/\/progettotouring.it\/radiotouring104\/2025\/01\/15\/cronaca-diretta-castrumfavara-reggina\/","title":{"rendered":"Cronaca diretta CastrumFavara &#8211; Reggina"},"content":{"rendered":"<p>CASTRUMFAVARA &#8211; REGGINA : 1-3.<\/p>\n<p><img decoding=\"async\" class=\"alignnone size-medium wp-image-64858\" src=\"https:\/\/progettotouring.it\/radiotouring104\/wp-content\/uploads\/sites\/6\/2025\/01\/IMG-20250115-WA0051-300x139.jpg\" alt=\"\" width=\"300\" height=\"139\" srcset=\"https:\/\/progettotouring.it\/radiotouring104\/wp-content\/uploads\/sites\/6\/2025\/01\/IMG-20250115-WA0051-300x139.jpg 300w, https:\/\/progettotouring.it\/radiotouring104\/wp-content\/uploads\/sites\/6\/2025\/01\/IMG-20250115-WA0051-1024x473.jpg 1024w, https:\/\/progettotouring.it\/radiotouring104\/wp-content\/uploads\/sites\/6\/2025\/01\/IMG-20250115-WA0051-768x355.jpg 768w, https:\/\/progettotouring.it\/radiotouring104\/wp-content\/uploads\/sites\/6\/2025\/01\/IMG-20250115-WA0051-1536x709.jpg 1536w, https:\/\/progettotouring.it\/radiotouring104\/wp-content\/uploads\/sites\/6\/2025\/01\/IMG-20250115-WA0051-1920x887.jpg 1920w, https:\/\/progettotouring.it\/radiotouring104\/wp-content\/uploads\/sites\/6\/2025\/01\/IMG-20250115-WA0051-1170x540.jpg 1170w, https:\/\/progettotouring.it\/radiotouring104\/wp-content\/uploads\/sites\/6\/2025\/01\/IMG-20250115-WA0051-585x270.jpg 585w, https:\/\/progettotouring.it\/radiotouring104\/wp-content\/uploads\/sites\/6\/2025\/01\/IMG-20250115-WA0051.jpg 2040w\" sizes=\"(max-width: 300px) 100vw, 300px\" \/> <img decoding=\"async\" class=\"alignnone size-medium wp-image-64859\" src=\"https:\/\/progettotouring.it\/radiotouring104\/wp-content\/uploads\/sites\/6\/2025\/01\/IMG-20250115-WA0048-300x139.jpg\" alt=\"\" width=\"300\" height=\"139\" srcset=\"https:\/\/progettotouring.it\/radiotouring104\/wp-content\/uploads\/sites\/6\/2025\/01\/IMG-20250115-WA0048-300x139.jpg 300w, https:\/\/progettotouring.it\/radiotouring104\/wp-content\/uploads\/sites\/6\/2025\/01\/IMG-20250115-WA0048-1024x473.jpg 1024w, https:\/\/progettotouring.it\/radiotouring104\/wp-content\/uploads\/sites\/6\/2025\/01\/IMG-20250115-WA0048-768x355.jpg 768w, https:\/\/progettotouring.it\/radiotouring104\/wp-content\/uploads\/sites\/6\/2025\/01\/IMG-20250115-WA0048-1536x709.jpg 1536w, https:\/\/progettotouring.it\/radiotouring104\/wp-content\/uploads\/sites\/6\/2025\/01\/IMG-20250115-WA0048-1920x887.jpg 1920w, https:\/\/progettotouring.it\/radiotouring104\/wp-content\/uploads\/sites\/6\/2025\/01\/IMG-20250115-WA0048-1170x540.jpg 1170w, https:\/\/progettotouring.it\/radiotouring104\/wp-content\/uploads\/sites\/6\/2025\/01\/IMG-20250115-WA0048-585x270.jpg 585w, https:\/\/progettotouring.it\/radiotouring104\/wp-content\/uploads\/sites\/6\/2025\/01\/IMG-20250115-WA0048.jpg 2040w\" sizes=\"(max-width: 300px) 100vw, 300px\" \/><\/p>\n<p>&nbsp;<\/p>\n<p>&nbsp;<\/p>\n<p>&nbsp;<\/p>\n<p>&nbsp;<\/p>\n<p><img decoding=\"async\" class=\"alignnone size-medium wp-image-64860\" src=\"https:\/\/progettotouring.it\/radiotouring104\/wp-content\/uploads\/sites\/6\/2025\/01\/IMG-20250115-WA0050-300x139.jpg\" alt=\"\" width=\"300\" height=\"139\" srcset=\"https:\/\/progettotouring.it\/radiotouring104\/wp-content\/uploads\/sites\/6\/2025\/01\/IMG-20250115-WA0050-300x139.jpg 300w, https:\/\/progettotouring.it\/radiotouring104\/wp-content\/uploads\/sites\/6\/2025\/01\/IMG-20250115-WA0050-1024x473.jpg 1024w, https:\/\/progettotouring.it\/radiotouring104\/wp-content\/uploads\/sites\/6\/2025\/01\/IMG-20250115-WA0050-768x355.jpg 768w, https:\/\/progettotouring.it\/radiotouring104\/wp-content\/uploads\/sites\/6\/2025\/01\/IMG-20250115-WA0050-1536x709.jpg 1536w, https:\/\/progettotouring.it\/radiotouring104\/wp-content\/uploads\/sites\/6\/2025\/01\/IMG-20250115-WA0050-1920x887.jpg 1920w, https:\/\/progettotouring.it\/radiotouring104\/wp-content\/uploads\/sites\/6\/2025\/01\/IMG-20250115-WA0050-1170x540.jpg 1170w, https:\/\/progettotouring.it\/radiotouring104\/wp-content\/uploads\/sites\/6\/2025\/01\/IMG-20250115-WA0050-585x270.jpg 585w, https:\/\/progettotouring.it\/radiotouring104\/wp-content\/uploads\/sites\/6\/2025\/01\/IMG-20250115-WA0050.jpg 2040w\" sizes=\"(max-width: 300px) 100vw, 300px\" \/> <img loading=\"lazy\" decoding=\"async\" class=\"alignnone size-medium wp-image-64861\" src=\"https:\/\/progettotouring.it\/radiotouring104\/wp-content\/uploads\/sites\/6\/2025\/01\/IMG-20250115-WA0047-300x139.jpg\" alt=\"\" width=\"300\" height=\"139\" srcset=\"https:\/\/progettotouring.it\/radiotouring104\/wp-content\/uploads\/sites\/6\/2025\/01\/IMG-20250115-WA0047-300x139.jpg 300w, https:\/\/progettotouring.it\/radiotouring104\/wp-content\/uploads\/sites\/6\/2025\/01\/IMG-20250115-WA0047-1024x473.jpg 1024w, https:\/\/progettotouring.it\/radiotouring104\/wp-content\/uploads\/sites\/6\/2025\/01\/IMG-20250115-WA0047-768x355.jpg 768w, https:\/\/progettotouring.it\/radiotouring104\/wp-content\/uploads\/sites\/6\/2025\/01\/IMG-20250115-WA0047-1536x709.jpg 1536w, https:\/\/progettotouring.it\/radiotouring104\/wp-content\/uploads\/sites\/6\/2025\/01\/IMG-20250115-WA0047-1920x887.jpg 1920w, https:\/\/progettotouring.it\/radiotouring104\/wp-content\/uploads\/sites\/6\/2025\/01\/IMG-20250115-WA0047-1170x540.jpg 1170w, https:\/\/progettotouring.it\/radiotouring104\/wp-content\/uploads\/sites\/6\/2025\/01\/IMG-20250115-WA0047-585x270.jpg 585w, https:\/\/progettotouring.it\/radiotouring104\/wp-content\/uploads\/sites\/6\/2025\/01\/IMG-20250115-WA0047.jpg 2040w\" sizes=\"(max-width: 300px) 100vw, 300px\" \/><\/p>\n<p>Dal &#8220;Giovanni Bruccoleri&#8221; di Favara \u00e8 tutto: CastrumFavara &#8211; Reggina : 1-3 . Gol di Barranco, Ragusa e Cham. Per\u00a0 i locali il gol del momentaneo pareggio \u00e8 stato di Varela.<\/p>\n<p>Si \u00e8 rivisto in campo Dell&#8217;Oglio mentre Cham \u00e8 stato schierato al centro della difesa all&#8217;inizio del secondo tempo al posto di Ingegneri.<\/p>\n<p>La Reggina vince a Favara: dopo un primo tempo ben giocato dalla squadra amaranto che, colpevolmente, non ha concluso il primo tempo in vantaggio. La squadra, pur giocando meno bene, \u00e8 riuscita a sfruttare due occasioni e a superare i locali che, nel secondo tempo, erano sembrati, almeno fino al pareggio, ben messi in campo .<\/p>\n<p>5 minuti di recupero.<\/p>\n<p>La partita prosegue senza particolari sussulti. Il CastrumFavara sembra aver riposto ogni velleit\u00e0.<\/p>\n<p>35 minuto: entrambe le compagini terminano le sostituzioni.<\/p>\n<p>Trocini inserisce Provazza al posto dii un fischiatissimo Grillo. Infantino cambia Baglione con Amore.<\/p>\n<p>Il numero 6 reggino insacca con un bell&#8217;anticipo di testa sul cross teso dalla bandierina.<\/p>\n<p>35 minuto: Gool Cham!<\/p>\n<p>azione manovrata della Reggina sulla destra, con una serie di scambi precisi, ha consentito a Ragusa di battere a rete dal centro dell&#8217;area.<\/p>\n<p>32 minuto: Gool Ragusa!<\/p>\n<p>30 minuto: il Castrumfavara sostituisce Palermo con Mal.<\/p>\n<p>25 minuto: entra Di Cristina ed esce Sticenko<\/p>\n<p>21 minuto: in campo Vesprini al posto di Giuliodori.<\/p>\n<p>20 minuto secondo tempo: Cham la stava per fare grossa: un passaggio al portiere ha messo a tu per tu l&#8217;attaccante con Lagonigro. Il portiere\u00a0 con coraggio si butta tra i piedi dell&#8217;avversario lanciato a rete salvando il risultato.<\/p>\n<p>11 minuto: primo cambio dei padroni di casa. In campo Mudasiru, fuori La Piana.<\/p>\n<p>10 minuto s.t.: doppia sostituzione Reggina:\u00a0 in campo Barill\u00e0 e Dall&#8217;Oglio. Fuori Urso e Porcino.<\/p>\n<p>15.30: inizia il secondo tempo. Resta negli spogliatoi Ingegneri. Al suo posto Ndoye. Cham viene spostato al centro della difesa.<\/p>\n<p>15.28: squadre di nuovo in campo per il secondo tempo<\/p>\n<p>Volenterosa la squadra locale apparsa in difficolt\u00e0 nell&#8217;impostazione bassa del gioco: gli errori hanno agevolato gli amaranto che, lo ribadiamo, non ne ha approfittato.<\/p>\n<p>La mancanza di concretezza viene punita con la rete, inaspettata anche dai tifosi locali, di Varela . Nell&#8217;occasione ci \u00e8 sembrato poco reattivo il giovane portiere Lagonigro.<\/p>\n<p>Tra le occasioni incredibile quella sui piedi di Ragusa smarcato da Barranco che, senza pressione avversaria, \u00e8 entrato in area, preso la mira, e tirato sul portiere.<\/p>\n<p>Primo tempo dominato dalla Reggina che, oltre al gol, si \u00e8 resa pericolosa in almeno altre cinque occasioni spesso avviate da errori in uscita degli avversari. Cos\u00ec come a Sacfati la squadra impone il proprio gioco e arriva con relativa facilit\u00e0 vicino all&#8217;area avversaria ma non riesce a essere pericolosa.<\/p>\n<p>Grillo, colpevole secondo i locali di aver pestato un avversario a terra, esce tra i fischi.<\/p>\n<p>45 minuto :finisce il primo tempo con i tifosi locali che applaudono l&#8217;uscita dei propri giocatori.<\/p>\n<p>42 minuto: la partita si innervosisce per una presunta scorrettezza a gioco fermo di Grillo. Dal parapiglia viene ammonito Laaribi<\/p>\n<p>37 minuto: clamoroso pareggio del Castrumfavara. Dopo un primo tempo dominato dalla squadra amaranto su un cross dalla sinistra Varela colpisce di testa con un tiro angolato ma poco forte. In ritardo Lagonigro che non arriva sul pallone che si deposita all&#8217;angolo basso alla sua destra.<\/p>\n<p>33 minuto: Ragusa, a 10 metri dalla porta, senza alcuna pressione, tira sul portiere.<\/p>\n<p>32 minuto: ancora Barranco approfitta di un dispempegno errato e si presenta davanti al portiere ma senza riuscire a concretizzare.<\/p>\n<p>30 minuto: da una punizione dal centro destra Cannino, lasciato colpevolmente solo in area, spreca di testa una favorevole occasione.<\/p>\n<p>Tatticamente entrambe le squadre giocano con la difesa a 4. Varela il terminale offensivo del CastrumFavara.<\/p>\n<p>20 minuto: la Reggina concretizza la supremazia di questi primi 20 minuti con il suo centravanti che, di testa, la mette all&#8217;incrocio su un cross di Grillo.<\/p>\n<p>GOOL Reggina: Barranco.<\/p>\n<p>15 minuto: da angolo colpo di testa di Cham che costringe il portiere Scuffia ad alzare sulla traversa.<\/p>\n<p>12 minuto: prima occasione da gol per la Reggina. Su un errato disismpegno della difesa di casa tiro da dentro l&#8217;area di Grillo indirizzato a rete che viene fortunatamente intercetatto da un difensore. la palla finisce in angolo<\/p>\n<p>14.30: partiti! La Reggina attacca dalla destra rispetto alla tribuna<\/p>\n<p>14.27: Le squadre fanno il loro ingresso in campo.<\/p>\n<p>Anche a Favara presente la tifoseria amaranto rappresentata da una trentina di tifosi.<\/p>\n<p>Ancora pochi spettatori allo stadio : ricordiamo si tratta di una giornata lavorativa.<\/p>\n<p>Le squadre sono rientrate negli spogliatoi dopo il riscaldamento.<\/p>\n<p>Terreno, in erba sintetica, in buone condizioni . Giornata di sole con una temperatura ideale per l&#8217;incontro.<\/p>\n<p>Buon pomeriggio dallo stadio &#8220;Giovanni Bruccoleri&#8221; di Favara dove alle 14.30 \u00e8 in programma l&#8217;incontro di calcio tra il CastrumFavara e la Reggina.<\/p>\n<p>L&#8217;incontro, in calendario il 15 dicembre scorso, era stato rinviato su disposizione del Prefetto di Agrigento.<\/p>\n<p>Queste le formazioni iniziali:<\/p>\n<p>CASTRUMFAVARA:\u00a0<span style=\"color: #404040;font-family: Lato;font-size: 16px\">\u00a0Scuffia; Lo Duca, De Min, Vaccaro; Cannino, Baglione, Palermo, Sticenko, La Piana, Avanzato; Varela.\u00a0<\/span><\/p>\n<p>In panchina:\u00a0<span style=\"color: #404040;font-family: Lato;font-size: 16px\">Pietroluongo, Frangimone, Tavella, Bont\u00e0<strong>,<\/strong> Di Cristina, Mudasiru, Mal, Amore, Dejana<\/span><\/p>\n<p>REGGINA:\u00a0<span style=\"color: #404040;font-family: Lato;font-size: 16px\">Lagonigro; Giuliodori, Girasole, Ingegneri, Cham; Urso, Laaribi, Porcino; Grillo, Barranco, Ragusa<\/span><\/p>\n<p><span style=\"color: #404040;font-family: Lato;font-size: 16px\">In panchina: Martinez, Barill\u00e0, Vesprini, Provazza, Dall\u2019Oglio, Curiale, Ndoye, Renelus, Perri.<\/span><\/p>\n<p><span style=\"color: #404040;font-family: Lato;font-size: 16px\">Arbitro<\/span><span style=\"color: #404040;font-family: Lato;font-size: 16px\">: Gianpasquale Tedesco di Battipaglia.\u00a0<\/span><span style=\"color: #404040;font-family: Lato;font-size: 16px\">Assistenti<\/span><span style=\"color: #404040;font-family: Lato;font-size: 16px\">: A<img loading=\"lazy\" decoding=\"async\" class=\"alignnone size-medium wp-image-64850\" src=\"https:\/\/progettotouring.it\/radiotouring104\/wp-content\/uploads\/sites\/6\/2025\/01\/IMG-20250115-WA0046-300x139.jpg\" alt=\"\" width=\"300\" height=\"139\" srcset=\"https:\/\/progettotouring.it\/radiotouring104\/wp-content\/uploads\/sites\/6\/2025\/01\/IMG-20250115-WA0046-300x139.jpg 300w, https:\/\/progettotouring.it\/radiotouring104\/wp-content\/uploads\/sites\/6\/2025\/01\/IMG-20250115-WA0046-1024x473.jpg 1024w, https:\/\/progettotouring.it\/radiotouring104\/wp-content\/uploads\/sites\/6\/2025\/01\/IMG-20250115-WA0046-768x355.jpg 768w, https:\/\/progettotouring.it\/radiotouring104\/wp-content\/uploads\/sites\/6\/2025\/01\/IMG-20250115-WA0046-1536x709.jpg 1536w, https:\/\/progettotouring.it\/radiotouring104\/wp-content\/uploads\/sites\/6\/2025\/01\/IMG-20250115-WA0046-1920x887.jpg 1920w, https:\/\/progettotouring.it\/radiotouring104\/wp-content\/uploads\/sites\/6\/2025\/01\/IMG-20250115-WA0046-1170x540.jpg 1170w, https:\/\/progettotouring.it\/radiotouring104\/wp-content\/uploads\/sites\/6\/2025\/01\/IMG-20250115-WA0046-585x270.jpg 585w, https:\/\/progettotouring.it\/radiotouring104\/wp-content\/uploads\/sites\/6\/2025\/01\/IMG-20250115-WA0046.jpg 2040w\" sizes=\"(max-width: 300px) 100vw, 300px\" \/> <img loading=\"lazy\" decoding=\"async\" class=\"alignnone size-medium wp-image-64851\" src=\"https:\/\/progettotouring.it\/radiotouring104\/wp-content\/uploads\/sites\/6\/2025\/01\/IMG-20250115-WA0045-300x139.jpg\" alt=\"\" width=\"300\" height=\"139\" srcset=\"https:\/\/progettotouring.it\/radiotouring104\/wp-content\/uploads\/sites\/6\/2025\/01\/IMG-20250115-WA0045-300x139.jpg 300w, https:\/\/progettotouring.it\/radiotouring104\/wp-content\/uploads\/sites\/6\/2025\/01\/IMG-20250115-WA0045-1024x473.jpg 1024w, https:\/\/progettotouring.it\/radiotouring104\/wp-content\/uploads\/sites\/6\/2025\/01\/IMG-20250115-WA0045-768x355.jpg 768w, https:\/\/progettotouring.it\/radiotouring104\/wp-content\/uploads\/sites\/6\/2025\/01\/IMG-20250115-WA0045-1536x709.jpg 1536w, https:\/\/progettotouring.it\/radiotouring104\/wp-content\/uploads\/sites\/6\/2025\/01\/IMG-20250115-WA0045-1920x887.jpg 1920w, https:\/\/progettotouring.it\/radiotouring104\/wp-content\/uploads\/sites\/6\/2025\/01\/IMG-20250115-WA0045-1170x540.jpg 1170w, https:\/\/progettotouring.it\/radiotouring104\/wp-content\/uploads\/sites\/6\/2025\/01\/IMG-20250115-WA0045-585x270.jpg 585w, https:\/\/progettotouring.it\/radiotouring104\/wp-content\/uploads\/sites\/6\/2025\/01\/IMG-20250115-WA0045.jpg 2040w\" sizes=\"(max-width: 300px) 100vw, 300px\" \/>ntonio Cafisi e Giovanni Santoriello di Nocera Inferiore<\/span><\/p>\n<p>&nbsp;<\/p>\n","protected":false},"excerpt":{"rendered":"<p>CASTRUMFAVARA &#8211; REGGINA : 1-3. &nbsp; &nbsp; &nbsp; &nbsp; Dal &#8220;Giovanni Bruccoleri&#8221; di Favara \u00e8 tutto: CastrumFavara &#8211; Reggina : 1-3 . Gol di Barranco, Ragusa e Cham. Per\u00a0 i&hellip;<\/p>\n","protected":false},"author":19,"featured_media":64700,"comment_status":"closed","ping_status":"open","sticky":false,"template":"","format":"standard","meta":{"_jetpack_memberships_contains_paid_content":false,"footnotes":"","jetpack_publicize_message":"","jetpack_publicize_feature_enabled":true,"jetpack_social_post_already_shared":true,"jetpack_social_options":{"image_generator_settings":{"template":"highway","default_image_id":0,"font":"","enabled":false},"version":2}},"categories":[921,150,196,144],"tags":[],"class_list":["post-64698","post","type-post","status-publish","format-standard","has-post-thumbnail","hentry","category-home","category-in-primo-piano","category-news","category-sport"],"yoast_head":"<!-- This site is optimized with the Yoast SEO plugin v27.2 - https:\/\/yoast.com\/product\/yoast-seo-wordpress\/ -->\n<title>Cronaca diretta CastrumFavara - Reggina - Radio Touring 104<\/title>\n<meta name=\"description\" content=\"Dallo stadio comunale &quot;Giovanni Bruccoleri&quot; di Favara l&#039;incontro valido per la 16a giornata del girone di andata del CND serie D girone I\" \/>\n<meta name=\"robots\" content=\"index, follow, max-snippet:-1, max-image-preview:large, max-video-preview:-1\" \/>\n<link rel=\"canonical\" href=\"https:\/\/progettotouring.it\/radiotouring104\/2025\/01\/15\/cronaca-diretta-castrumfavara-reggina\/\" \/>\n<meta property=\"og:locale\" content=\"it_IT\" \/>\n<meta property=\"og:type\" content=\"article\" \/>\n<meta property=\"og:title\" content=\"Cronaca diretta CastrumFavara - Reggina - Radio Touring 104\" \/>\n<meta property=\"og:description\" content=\"Dallo stadio comunale &quot;Giovanni Bruccoleri&quot; di Favara l&#039;incontro valido per la 16a giornata del girone di andata del CND serie D girone I\" \/>\n<meta property=\"og:url\" content=\"https:\/\/progettotouring.it\/radiotouring104\/2025\/01\/15\/cronaca-diretta-castrumfavara-reggina\/\" \/>\n<meta property=\"og:site_name\" content=\"Radio Touring 104\" \/>\n<meta property=\"article:published_time\" content=\"2025-01-15T13:21:54+00:00\" \/>\n<meta property=\"article:modified_time\" content=\"2025-04-26T18:56:16+00:00\" \/>\n<meta property=\"og:image\" content=\"https:\/\/progettotouring.it\/radiotouring104\/wp-content\/uploads\/sites\/6\/2025\/01\/castrum-reggina.jpg\" \/>\n\t<meta property=\"og:image:width\" content=\"1181\" \/>\n\t<meta property=\"og:image:height\" content=\"723\" \/>\n\t<meta property=\"og:image:type\" content=\"image\/jpeg\" \/>\n<meta name=\"author\" content=\"S L\" \/>\n<meta name=\"twitter:card\" content=\"summary_large_image\" \/>\n<meta name=\"twitter:label1\" content=\"Scritto da\" \/>\n\t<meta name=\"twitter:data1\" content=\"S L\" \/>\n\t<meta name=\"twitter:label2\" content=\"Tempo di lettura stimato\" \/>\n\t<meta name=\"twitter:data2\" content=\"4 minuti\" \/>\n<script type=\"application\/ld+json\" class=\"yoast-schema-graph\">{\"@context\":\"https:\/\/schema.org\",\"@graph\":[{\"@type\":\"Article\",\"@id\":\"https:\/\/progettotouring.it\/radiotouring104\/2025\/01\/15\/cronaca-diretta-castrumfavara-reggina\/#article\",\"isPartOf\":{\"@id\":\"https:\/\/progettotouring.it\/radiotouring104\/2025\/01\/15\/cronaca-diretta-castrumfavara-reggina\/\"},\"author\":{\"name\":\"S L\",\"@id\":\"https:\/\/progettotouring.it\/radiotouring104\/#\/schema\/person\/b9f9c3730b0a78814c9b9f3bfc52c619\"},\"headline\":\"Cronaca diretta CastrumFavara &#8211; Reggina\",\"datePublished\":\"2025-01-15T13:21:54+00:00\",\"dateModified\":\"2025-04-26T18:56:16+00:00\",\"mainEntityOfPage\":{\"@id\":\"https:\/\/progettotouring.it\/radiotouring104\/2025\/01\/15\/cronaca-diretta-castrumfavara-reggina\/\"},\"wordCount\":851,\"publisher\":{\"@id\":\"https:\/\/progettotouring.it\/radiotouring104\/#organization\"},\"image\":{\"@id\":\"https:\/\/progettotouring.it\/radiotouring104\/2025\/01\/15\/cronaca-diretta-castrumfavara-reggina\/#primaryimage\"},\"thumbnailUrl\":\"https:\/\/progettotouring.it\/radiotouring104\/wp-content\/uploads\/sites\/6\/2025\/01\/castrum-reggina.jpg\",\"articleSection\":[\"Home\",\"In primo piano\",\"News\",\"Sport\"],\"inLanguage\":\"it-IT\"},{\"@type\":\"WebPage\",\"@id\":\"https:\/\/progettotouring.it\/radiotouring104\/2025\/01\/15\/cronaca-diretta-castrumfavara-reggina\/\",\"url\":\"https:\/\/progettotouring.it\/radiotouring104\/2025\/01\/15\/cronaca-diretta-castrumfavara-reggina\/\",\"name\":\"Cronaca diretta CastrumFavara - Reggina - Radio Touring 104\",\"isPartOf\":{\"@id\":\"https:\/\/progettotouring.it\/radiotouring104\/#website\"},\"primaryImageOfPage\":{\"@id\":\"https:\/\/progettotouring.it\/radiotouring104\/2025\/01\/15\/cronaca-diretta-castrumfavara-reggina\/#primaryimage\"},\"image\":{\"@id\":\"https:\/\/progettotouring.it\/radiotouring104\/2025\/01\/15\/cronaca-diretta-castrumfavara-reggina\/#primaryimage\"},\"thumbnailUrl\":\"https:\/\/progettotouring.it\/radiotouring104\/wp-content\/uploads\/sites\/6\/2025\/01\/castrum-reggina.jpg\",\"datePublished\":\"2025-01-15T13:21:54+00:00\",\"dateModified\":\"2025-04-26T18:56:16+00:00\",\"description\":\"Dallo stadio comunale \\\"Giovanni Bruccoleri\\\" di Favara l'incontro valido per la 16a giornata del girone di andata del CND serie D girone I\",\"breadcrumb\":{\"@id\":\"https:\/\/progettotouring.it\/radiotouring104\/2025\/01\/15\/cronaca-diretta-castrumfavara-reggina\/#breadcrumb\"},\"inLanguage\":\"it-IT\",\"potentialAction\":[{\"@type\":\"ReadAction\",\"target\":[\"https:\/\/progettotouring.it\/radiotouring104\/2025\/01\/15\/cronaca-diretta-castrumfavara-reggina\/\"]}]},{\"@type\":\"ImageObject\",\"inLanguage\":\"it-IT\",\"@id\":\"https:\/\/progettotouring.it\/radiotouring104\/2025\/01\/15\/cronaca-diretta-castrumfavara-reggina\/#primaryimage\",\"url\":\"https:\/\/progettotouring.it\/radiotouring104\/wp-content\/uploads\/sites\/6\/2025\/01\/castrum-reggina.jpg\",\"contentUrl\":\"https:\/\/progettotouring.it\/radiotouring104\/wp-content\/uploads\/sites\/6\/2025\/01\/castrum-reggina.jpg\",\"width\":1181,\"height\":723},{\"@type\":\"BreadcrumbList\",\"@id\":\"https:\/\/progettotouring.it\/radiotouring104\/2025\/01\/15\/cronaca-diretta-castrumfavara-reggina\/#breadcrumb\",\"itemListElement\":[{\"@type\":\"ListItem\",\"position\":1,\"name\":\"Home\",\"item\":\"https:\/\/progettotouring.it\/radiotouring104\/\"},{\"@type\":\"ListItem\",\"position\":2,\"name\":\"Cronaca diretta CastrumFavara &#8211; Reggina\"}]},{\"@type\":\"WebSite\",\"@id\":\"https:\/\/progettotouring.it\/radiotouring104\/#website\",\"url\":\"https:\/\/progettotouring.it\/radiotouring104\/\",\"name\":\"Radio Touring 104\",\"description\":\"La prima radio Reggina\",\"publisher\":{\"@id\":\"https:\/\/progettotouring.it\/radiotouring104\/#organization\"},\"potentialAction\":[{\"@type\":\"SearchAction\",\"target\":{\"@type\":\"EntryPoint\",\"urlTemplate\":\"https:\/\/progettotouring.it\/radiotouring104\/?s={search_term_string}\"},\"query-input\":{\"@type\":\"PropertyValueSpecification\",\"valueRequired\":true,\"valueName\":\"search_term_string\"}}],\"inLanguage\":\"it-IT\"},{\"@type\":\"Organization\",\"@id\":\"https:\/\/progettotouring.it\/radiotouring104\/#organization\",\"name\":\"Radio Touring 104\",\"url\":\"https:\/\/progettotouring.it\/radiotouring104\/\",\"logo\":{\"@type\":\"ImageObject\",\"inLanguage\":\"it-IT\",\"@id\":\"https:\/\/progettotouring.it\/radiotouring104\/#\/schema\/logo\/image\/\",\"url\":\"https:\/\/progettotouring.it\/radiotouring104\/wp-content\/uploads\/sites\/6\/2022\/02\/cropped-logo-radio-touring-104.png\",\"contentUrl\":\"https:\/\/progettotouring.it\/radiotouring104\/wp-content\/uploads\/sites\/6\/2022\/02\/cropped-logo-radio-touring-104.png\",\"width\":377,\"height\":182,\"caption\":\"Radio Touring 104\"},\"image\":{\"@id\":\"https:\/\/progettotouring.it\/radiotouring104\/#\/schema\/logo\/image\/\"}},{\"@type\":\"Person\",\"@id\":\"https:\/\/progettotouring.it\/radiotouring104\/#\/schema\/person\/b9f9c3730b0a78814c9b9f3bfc52c619\",\"name\":\"S L\",\"image\":{\"@type\":\"ImageObject\",\"inLanguage\":\"it-IT\",\"@id\":\"https:\/\/secure.gravatar.com\/avatar\/652c51789d7030aaed9ff828331360502a68204fe6fb0831bc280515210e16d2?s=96&d=mm&r=g\",\"url\":\"https:\/\/secure.gravatar.com\/avatar\/652c51789d7030aaed9ff828331360502a68204fe6fb0831bc280515210e16d2?s=96&d=mm&r=g\",\"contentUrl\":\"https:\/\/secure.gravatar.com\/avatar\/652c51789d7030aaed9ff828331360502a68204fe6fb0831bc280515210e16d2?s=96&d=mm&r=g\",\"caption\":\"S L\"},\"url\":\"https:\/\/progettotouring.it\/radiotouring104\/author\/slibri\/\"}]}<\/script>\n<!-- \/ Yoast SEO plugin. -->","yoast_head_json":{"title":"Cronaca diretta CastrumFavara - Reggina - Radio Touring 104","description":"Dallo stadio comunale \"Giovanni Bruccoleri\" di Favara l'incontro valido per la 16a giornata del girone di andata del CND serie D girone I","robots":{"index":"index","follow":"follow","max-snippet":"max-snippet:-1","max-image-preview":"max-image-preview:large","max-video-preview":"max-video-preview:-1"},"canonical":"https:\/\/progettotouring.it\/radiotouring104\/2025\/01\/15\/cronaca-diretta-castrumfavara-reggina\/","og_locale":"it_IT","og_type":"article","og_title":"Cronaca diretta CastrumFavara - Reggina - Radio Touring 104","og_description":"Dallo stadio comunale \"Giovanni Bruccoleri\" di Favara l'incontro valido per la 16a giornata del girone di andata del CND serie D girone I","og_url":"https:\/\/progettotouring.it\/radiotouring104\/2025\/01\/15\/cronaca-diretta-castrumfavara-reggina\/","og_site_name":"Radio Touring 104","article_published_time":"2025-01-15T13:21:54+00:00","article_modified_time":"2025-04-26T18:56:16+00:00","og_image":[{"width":1181,"height":723,"url":"https:\/\/progettotouring.it\/radiotouring104\/wp-content\/uploads\/sites\/6\/2025\/01\/castrum-reggina.jpg","type":"image\/jpeg"}],"author":"S L","twitter_card":"summary_large_image","twitter_misc":{"Scritto da":"S L","Tempo di lettura stimato":"4 minuti"},"schema":{"@context":"https:\/\/schema.org","@graph":[{"@type":"Article","@id":"https:\/\/progettotouring.it\/radiotouring104\/2025\/01\/15\/cronaca-diretta-castrumfavara-reggina\/#article","isPartOf":{"@id":"https:\/\/progettotouring.it\/radiotouring104\/2025\/01\/15\/cronaca-diretta-castrumfavara-reggina\/"},"author":{"name":"S L","@id":"https:\/\/progettotouring.it\/radiotouring104\/#\/schema\/person\/b9f9c3730b0a78814c9b9f3bfc52c619"},"headline":"Cronaca diretta CastrumFavara &#8211; Reggina","datePublished":"2025-01-15T13:21:54+00:00","dateModified":"2025-04-26T18:56:16+00:00","mainEntityOfPage":{"@id":"https:\/\/progettotouring.it\/radiotouring104\/2025\/01\/15\/cronaca-diretta-castrumfavara-reggina\/"},"wordCount":851,"publisher":{"@id":"https:\/\/progettotouring.it\/radiotouring104\/#organization"},"image":{"@id":"https:\/\/progettotouring.it\/radiotouring104\/2025\/01\/15\/cronaca-diretta-castrumfavara-reggina\/#primaryimage"},"thumbnailUrl":"https:\/\/progettotouring.it\/radiotouring104\/wp-content\/uploads\/sites\/6\/2025\/01\/castrum-reggina.jpg","articleSection":["Home","In primo piano","News","Sport"],"inLanguage":"it-IT"},{"@type":"WebPage","@id":"https:\/\/progettotouring.it\/radiotouring104\/2025\/01\/15\/cronaca-diretta-castrumfavara-reggina\/","url":"https:\/\/progettotouring.it\/radiotouring104\/2025\/01\/15\/cronaca-diretta-castrumfavara-reggina\/","name":"Cronaca diretta CastrumFavara - Reggina - Radio Touring 104","isPartOf":{"@id":"https:\/\/progettotouring.it\/radiotouring104\/#website"},"primaryImageOfPage":{"@id":"https:\/\/progettotouring.it\/radiotouring104\/2025\/01\/15\/cronaca-diretta-castrumfavara-reggina\/#primaryimage"},"image":{"@id":"https:\/\/progettotouring.it\/radiotouring104\/2025\/01\/15\/cronaca-diretta-castrumfavara-reggina\/#primaryimage"},"thumbnailUrl":"https:\/\/progettotouring.it\/radiotouring104\/wp-content\/uploads\/sites\/6\/2025\/01\/castrum-reggina.jpg","datePublished":"2025-01-15T13:21:54+00:00","dateModified":"2025-04-26T18:56:16+00:00","description":"Dallo stadio comunale \"Giovanni Bruccoleri\" di Favara l'incontro valido per la 16a giornata del girone di andata del CND serie D girone I","breadcrumb":{"@id":"https:\/\/progettotouring.it\/radiotouring104\/2025\/01\/15\/cronaca-diretta-castrumfavara-reggina\/#breadcrumb"},"inLanguage":"it-IT","potentialAction":[{"@type":"ReadAction","target":["https:\/\/progettotouring.it\/radiotouring104\/2025\/01\/15\/cronaca-diretta-castrumfavara-reggina\/"]}]},{"@type":"ImageObject","inLanguage":"it-IT","@id":"https:\/\/progettotouring.it\/radiotouring104\/2025\/01\/15\/cronaca-diretta-castrumfavara-reggina\/#primaryimage","url":"https:\/\/progettotouring.it\/radiotouring104\/wp-content\/uploads\/sites\/6\/2025\/01\/castrum-reggina.jpg","contentUrl":"https:\/\/progettotouring.it\/radiotouring104\/wp-content\/uploads\/sites\/6\/2025\/01\/castrum-reggina.jpg","width":1181,"height":723},{"@type":"BreadcrumbList","@id":"https:\/\/progettotouring.it\/radiotouring104\/2025\/01\/15\/cronaca-diretta-castrumfavara-reggina\/#breadcrumb","itemListElement":[{"@type":"ListItem","position":1,"name":"Home","item":"https:\/\/progettotouring.it\/radiotouring104\/"},{"@type":"ListItem","position":2,"name":"Cronaca diretta CastrumFavara &#8211; Reggina"}]},{"@type":"WebSite","@id":"https:\/\/progettotouring.it\/radiotouring104\/#website","url":"https:\/\/progettotouring.it\/radiotouring104\/","name":"Radio Touring 104","description":"La prima radio Reggina","publisher":{"@id":"https:\/\/progettotouring.it\/radiotouring104\/#organization"},"potentialAction":[{"@type":"SearchAction","target":{"@type":"EntryPoint","urlTemplate":"https:\/\/progettotouring.it\/radiotouring104\/?s={search_term_string}"},"query-input":{"@type":"PropertyValueSpecification","valueRequired":true,"valueName":"search_term_string"}}],"inLanguage":"it-IT"},{"@type":"Organization","@id":"https:\/\/progettotouring.it\/radiotouring104\/#organization","name":"Radio Touring 104","url":"https:\/\/progettotouring.it\/radiotouring104\/","logo":{"@type":"ImageObject","inLanguage":"it-IT","@id":"https:\/\/progettotouring.it\/radiotouring104\/#\/schema\/logo\/image\/","url":"https:\/\/progettotouring.it\/radiotouring104\/wp-content\/uploads\/sites\/6\/2022\/02\/cropped-logo-radio-touring-104.png","contentUrl":"https:\/\/progettotouring.it\/radiotouring104\/wp-content\/uploads\/sites\/6\/2022\/02\/cropped-logo-radio-touring-104.png","width":377,"height":182,"caption":"Radio Touring 104"},"image":{"@id":"https:\/\/progettotouring.it\/radiotouring104\/#\/schema\/logo\/image\/"}},{"@type":"Person","@id":"https:\/\/progettotouring.it\/radiotouring104\/#\/schema\/person\/b9f9c3730b0a78814c9b9f3bfc52c619","name":"S L","image":{"@type":"ImageObject","inLanguage":"it-IT","@id":"https:\/\/secure.gravatar.com\/avatar\/652c51789d7030aaed9ff828331360502a68204fe6fb0831bc280515210e16d2?s=96&d=mm&r=g","url":"https:\/\/secure.gravatar.com\/avatar\/652c51789d7030aaed9ff828331360502a68204fe6fb0831bc280515210e16d2?s=96&d=mm&r=g","contentUrl":"https:\/\/secure.gravatar.com\/avatar\/652c51789d7030aaed9ff828331360502a68204fe6fb0831bc280515210e16d2?s=96&d=mm&r=g","caption":"S L"},"url":"https:\/\/progettotouring.it\/radiotouring104\/author\/slibri\/"}]}},"jetpack_publicize_connections":[],"jetpack_featured_media_url":"https:\/\/progettotouring.it\/radiotouring104\/wp-content\/uploads\/sites\/6\/2025\/01\/castrum-reggina.jpg","jetpack_sharing_enabled":true,"_links":{"self":[{"href":"https:\/\/progettotouring.it\/radiotouring104\/wp-json\/wp\/v2\/posts\/64698","targetHints":{"allow":["GET"]}}],"collection":[{"href":"https:\/\/progettotouring.it\/radiotouring104\/wp-json\/wp\/v2\/posts"}],"about":[{"href":"https:\/\/progettotouring.it\/radiotouring104\/wp-json\/wp\/v2\/types\/post"}],"author":[{"embeddable":true,"href":"https:\/\/progettotouring.it\/radiotouring104\/wp-json\/wp\/v2\/users\/19"}],"replies":[{"embeddable":true,"href":"https:\/\/progettotouring.it\/radiotouring104\/wp-json\/wp\/v2\/comments?post=64698"}],"version-history":[{"count":44,"href":"https:\/\/progettotouring.it\/radiotouring104\/wp-json\/wp\/v2\/posts\/64698\/revisions"}],"predecessor-version":[{"id":72112,"href":"https:\/\/progettotouring.it\/radiotouring104\/wp-json\/wp\/v2\/posts\/64698\/revisions\/72112"}],"wp:featuredmedia":[{"embeddable":true,"href":"https:\/\/progettotouring.it\/radiotouring104\/wp-json\/wp\/v2\/media\/64700"}],"wp:attachment":[{"href":"https:\/\/progettotouring.it\/radiotouring104\/wp-json\/wp\/v2\/media?parent=64698"}],"wp:term":[{"taxonomy":"category","embeddable":true,"href":"https:\/\/progettotouring.it\/radiotouring104\/wp-json\/wp\/v2\/categories?post=64698"},{"taxonomy":"post_tag","embeddable":true,"href":"https:\/\/progettotouring.it\/radiotouring104\/wp-json\/wp\/v2\/tags?post=64698"}],"curies":[{"name":"wp","href":"https:\/\/api.w.org\/{rel}","templated":true}]}}