{"id":64703,"date":"2025-01-14T14:15:32","date_gmt":"2025-01-14T13:15:32","guid":{"rendered":"https:\/\/progettotouring.it\/radiotouring104\/?p=64703"},"modified":"2025-01-14T14:15:32","modified_gmt":"2025-01-14T13:15:32","slug":"reggio-presentata-a-palazzo-san-giorgio-lviii-edizione-di-artisti-per-le-stelle","status":"publish","type":"post","link":"https:\/\/progettotouring.it\/radiotouring104\/2025\/01\/14\/reggio-presentata-a-palazzo-san-giorgio-lviii-edizione-di-artisti-per-le-stelle\/","title":{"rendered":"Reggio: presentata a Palazzo San Giorgio l&#8217;VIII edizione di \u201cArtisti per le stelle\u201d"},"content":{"rendered":"<p style=\"text-align: justify\">\u00c8 stata <strong>presentata<\/strong> nella sala dei Lampadari \u201cItalo Falcomat\u00e0\u201d di <strong>Palazzo San Giorgio l\u2019ottava edizione di<\/strong> <em>\u201cArtisti per le Stelle\u201d,<\/em> evento organizzato dall\u2019Asd Real Dance di Reggio Calabria <strong>che animer\u00e0 il teatro<\/strong> <em>\u201cFrancesco Cilea\u201d<\/em><strong> domenica 19 gennaio alle ore 18.<\/strong> Il ricavato sar\u00e0 devoluto all\u2019associazione \u201cLa Compagnia delle Stelle\u201d.<\/p>\n<p style=\"text-align: justify\"><strong>Ad illustrare l\u2019iniziativa<\/strong> erano presenti la responsabile tecnica di Real Dance, <strong>Mariana Melchionna,<\/strong> la presidente dell\u2019associazione La Compagnia delle Stelle, <strong>Antonietta Romeo<\/strong> e, per l\u2019Amministrazione comunale, i consiglieri <strong>Giovanni Latella e Giuseppe Cuzzocrea,<\/strong> e l\u2019assessore alle Attivit\u00e0 produttive Marisa Lanucara.<\/p>\n<p style=\"text-align: justify\">L\u2019associazione sportiva dilettantistica Real Dance, fondata nel 2005 da <strong>Melchionna Salvatore<\/strong>, presidente provinciale della Federazione Italiana Danza Sportiva, \u00e8 affiliata FIDS e ASI, ed \u00e8 associata al CONI. <strong>Si pone l\u2019obiettivo di diffondere la danza sportiva dilettantistica attraverso la promozione<\/strong> e l\u2019organizzazione di <em>attivit\u00e0 di danza<\/em>, sia a livello amatoriale che agonistico, con l\u2019intento di formare i partecipanti fisicamente, moralmente e culturalmente.<\/p>\n<p style=\"text-align: justify\"><em>\u00abCome Amministrazione<\/em> \u2013 <strong>ha dichiarato Giovanni Latella<\/strong> \u2013 <em>ringraziamo Real Dance per i suoi venti anni di attivit\u00e0 nella nostra citt\u00e0, dando l\u2019opportunit\u00e0 ai nostri figli di praticare sport. Un ringraziamento particolare per l\u2019inclusione della solidariet\u00e0 in queste iniziative, come in questo caso, ha deciso di sostenere i bambini inguaribili del nostro territorio metropolitano. Educare i ragazzi a prendersi cura delle persone pi\u00f9 fragili \u00e8 fondamentale: donare a chi ha bisogno \u00e8 un gesto di crescita importante. Siamo al vostro fianco nell\u2019attivit\u00e0 che portate avanti ogni giorno, poich\u00e9 sport e solidariet\u00e0 rappresentano un binomio vincente\u00bb.<\/em><\/p>\n<p style=\"text-align: justify\"><strong>Anche il consigliere Giuseppe Cuzzocrea ha espresso<\/strong> <em>\u00abgratitudine per il lavoro svolto dalla societ\u00e0\u00bb,<\/em><strong> sottolineando l\u2019importanza della<\/strong><em><strong> \u00ab<\/strong>sensibilizzazione e dell\u2019impegno sportivo che Real Dance ha dimostrato sul territorio in vent\u2019anni di attivit\u00e0\u00bb.<\/em><\/p>\n<p style=\"text-align: justify\"><em>\u00abQuesto spettacolo benefico sostiene un progetto molto importante \u2013<\/em> <strong>ha spiegato la responsabile dell\u2019Associazione, Mariana Melchionna.<\/strong> \u2013 <em>Ringrazio l\u2019Amministrazione comunale per aver patrocinato l\u2019evento. Avere il supporto delle istituzioni \u00e8 fondamentale. In questa ottava edizione, la mia scuola di danza e numerosi ospiti che si esibiranno sul palco del Teatro Cilea cercheranno di sostenere il progetto portato avanti dalla Compagnia delle Stelle, a favore dei bambini inguaribili del nostro territorio metropolitano, circa un centinaio, che soffrono di malattie oncologiche o rare e degenerative, e che necessitano di cure e assistenza\u00bb.<\/em><\/p>\n<p style=\"text-align: justify\"><strong>Il ricavato,<\/strong> come chiarito dalla presidente <strong>Romeo, sar\u00e0 destinato alla creazione di una borsa di studio per specialisti che forniranno assistenza ai bambini inguaribili<\/strong> e alle loro famiglie.<\/p>\n","protected":false},"excerpt":{"rendered":"<p>\u00c8 stata presentata nella sala dei Lampadari \u201cItalo Falcomat\u00e0\u201d di Palazzo San Giorgio l\u2019ottava edizione di \u201cArtisti per le Stelle\u201d, evento organizzato dall\u2019Asd Real Dance di Reggio Calabria che animer\u00e0&hellip;<\/p>\n","protected":false},"author":12,"featured_media":64705,"comment_status":"closed","ping_status":"open","sticky":false,"template":"","format":"standard","meta":{"_jetpack_memberships_contains_paid_content":false,"footnotes":"","jetpack_publicize_message":"","jetpack_publicize_feature_enabled":true,"jetpack_social_post_already_shared":true,"jetpack_social_options":{"image_generator_settings":{"template":"highway","default_image_id":0,"font":"","enabled":false},"version":2}},"categories":[921,150,196,140],"tags":[39302,39306,39304,1264,39305,659,39303],"class_list":["post-64703","post","type-post","status-publish","format-standard","has-post-thumbnail","hentry","category-home","category-in-primo-piano","category-news","category-reggio-calabria","tag-artisti-per-le-stelle","tag-antonietta-romeo","tag-associazione-la-compagnia-delle-stelle","tag-giovanni-latella","tag-marina-melchionna","tag-palazzo-san-giorgio","tag-viii-edizione"],"yoast_head":"<!-- This site is optimized with the Yoast SEO plugin v27.2 - https:\/\/yoast.com\/product\/yoast-seo-wordpress\/ -->\n<title>Reggio: presentata a Palazzo San Giorgio l&#039;VIII edizione di \u201cArtisti per le stelle\u201d - Radio Touring 104<\/title>\n<meta name=\"description\" content=\"L\u2019evento animer\u00e0 il teatro \u201cCilea\u201d domenica 19 gennaio alle ore 18 e il ricavato sar\u00e0 devoluto all\u2019associazione \u201cLa Compagnia delle Stelle\u201d\" \/>\n<meta name=\"robots\" content=\"index, follow, max-snippet:-1, max-image-preview:large, max-video-preview:-1\" \/>\n<link rel=\"canonical\" href=\"https:\/\/progettotouring.it\/radiotouring104\/2025\/01\/14\/reggio-presentata-a-palazzo-san-giorgio-lviii-edizione-di-artisti-per-le-stelle\/\" \/>\n<meta property=\"og:locale\" content=\"it_IT\" \/>\n<meta property=\"og:type\" content=\"article\" \/>\n<meta property=\"og:title\" content=\"Reggio: presentata a Palazzo San Giorgio l&#039;VIII edizione di \u201cArtisti per le stelle\u201d - Radio Touring 104\" \/>\n<meta property=\"og:description\" content=\"L\u2019evento animer\u00e0 il teatro \u201cCilea\u201d domenica 19 gennaio alle ore 18 e il ricavato sar\u00e0 devoluto all\u2019associazione \u201cLa Compagnia delle Stelle\u201d\" \/>\n<meta property=\"og:url\" content=\"https:\/\/progettotouring.it\/radiotouring104\/2025\/01\/14\/reggio-presentata-a-palazzo-san-giorgio-lviii-edizione-di-artisti-per-le-stelle\/\" \/>\n<meta property=\"og:site_name\" content=\"Radio Touring 104\" \/>\n<meta property=\"article:published_time\" content=\"2025-01-14T13:15:32+00:00\" \/>\n<meta property=\"og:image\" content=\"https:\/\/progettotouring.it\/radiotouring104\/wp-content\/uploads\/sites\/6\/2025\/01\/artisti-per-le-stelle-Palazzo-San-Giorgio-scaled.jpeg\" \/>\n\t<meta property=\"og:image:width\" content=\"2560\" \/>\n\t<meta property=\"og:image:height\" content=\"1454\" \/>\n\t<meta property=\"og:image:type\" content=\"image\/jpeg\" \/>\n<meta name=\"author\" content=\"Sebastiano Plutino\" \/>\n<meta name=\"twitter:card\" content=\"summary_large_image\" \/>\n<meta name=\"twitter:label1\" content=\"Scritto da\" \/>\n\t<meta name=\"twitter:data1\" content=\"Sebastiano Plutino\" \/>\n\t<meta name=\"twitter:label2\" content=\"Tempo di lettura stimato\" \/>\n\t<meta name=\"twitter:data2\" content=\"2 minuti\" \/>\n<script type=\"application\/ld+json\" class=\"yoast-schema-graph\">{\"@context\":\"https:\/\/schema.org\",\"@graph\":[{\"@type\":\"Article\",\"@id\":\"https:\/\/progettotouring.it\/radiotouring104\/2025\/01\/14\/reggio-presentata-a-palazzo-san-giorgio-lviii-edizione-di-artisti-per-le-stelle\/#article\",\"isPartOf\":{\"@id\":\"https:\/\/progettotouring.it\/radiotouring104\/2025\/01\/14\/reggio-presentata-a-palazzo-san-giorgio-lviii-edizione-di-artisti-per-le-stelle\/\"},\"author\":{\"name\":\"Sebastiano Plutino\",\"@id\":\"https:\/\/progettotouring.it\/radiotouring104\/#\/schema\/person\/78613917f1851f041f7483f5af1d422e\"},\"headline\":\"Reggio: presentata a Palazzo San Giorgio l&#8217;VIII edizione di \u201cArtisti per le stelle\u201d\",\"datePublished\":\"2025-01-14T13:15:32+00:00\",\"mainEntityOfPage\":{\"@id\":\"https:\/\/progettotouring.it\/radiotouring104\/2025\/01\/14\/reggio-presentata-a-palazzo-san-giorgio-lviii-edizione-di-artisti-per-le-stelle\/\"},\"wordCount\":416,\"publisher\":{\"@id\":\"https:\/\/progettotouring.it\/radiotouring104\/#organization\"},\"image\":{\"@id\":\"https:\/\/progettotouring.it\/radiotouring104\/2025\/01\/14\/reggio-presentata-a-palazzo-san-giorgio-lviii-edizione-di-artisti-per-le-stelle\/#primaryimage\"},\"thumbnailUrl\":\"https:\/\/progettotouring.it\/radiotouring104\/wp-content\/uploads\/sites\/6\/2025\/01\/artisti-per-le-stelle-Palazzo-San-Giorgio-scaled.jpeg\",\"keywords\":[\"\u201cArtisti per le stelle\u201d\",\"Antonietta Romeo\",\"associazione \u201cLa Compagnia delle Stelle\u201d.\",\"giovanni latella\",\"Marina Melchionna\",\"palazzo san giorgio\",\"VIII edizione\"],\"articleSection\":[\"Home\",\"In primo piano\",\"News\",\"Reggio Calabria\"],\"inLanguage\":\"it-IT\"},{\"@type\":\"WebPage\",\"@id\":\"https:\/\/progettotouring.it\/radiotouring104\/2025\/01\/14\/reggio-presentata-a-palazzo-san-giorgio-lviii-edizione-di-artisti-per-le-stelle\/\",\"url\":\"https:\/\/progettotouring.it\/radiotouring104\/2025\/01\/14\/reggio-presentata-a-palazzo-san-giorgio-lviii-edizione-di-artisti-per-le-stelle\/\",\"name\":\"Reggio: presentata a Palazzo San Giorgio l'VIII edizione di \u201cArtisti per le stelle\u201d - Radio Touring 104\",\"isPartOf\":{\"@id\":\"https:\/\/progettotouring.it\/radiotouring104\/#website\"},\"primaryImageOfPage\":{\"@id\":\"https:\/\/progettotouring.it\/radiotouring104\/2025\/01\/14\/reggio-presentata-a-palazzo-san-giorgio-lviii-edizione-di-artisti-per-le-stelle\/#primaryimage\"},\"image\":{\"@id\":\"https:\/\/progettotouring.it\/radiotouring104\/2025\/01\/14\/reggio-presentata-a-palazzo-san-giorgio-lviii-edizione-di-artisti-per-le-stelle\/#primaryimage\"},\"thumbnailUrl\":\"https:\/\/progettotouring.it\/radiotouring104\/wp-content\/uploads\/sites\/6\/2025\/01\/artisti-per-le-stelle-Palazzo-San-Giorgio-scaled.jpeg\",\"datePublished\":\"2025-01-14T13:15:32+00:00\",\"description\":\"L\u2019evento animer\u00e0 il teatro \u201cCilea\u201d domenica 19 gennaio alle ore 18 e il ricavato sar\u00e0 devoluto all\u2019associazione \u201cLa Compagnia delle Stelle\u201d\",\"breadcrumb\":{\"@id\":\"https:\/\/progettotouring.it\/radiotouring104\/2025\/01\/14\/reggio-presentata-a-palazzo-san-giorgio-lviii-edizione-di-artisti-per-le-stelle\/#breadcrumb\"},\"inLanguage\":\"it-IT\",\"potentialAction\":[{\"@type\":\"ReadAction\",\"target\":[\"https:\/\/progettotouring.it\/radiotouring104\/2025\/01\/14\/reggio-presentata-a-palazzo-san-giorgio-lviii-edizione-di-artisti-per-le-stelle\/\"]}]},{\"@type\":\"ImageObject\",\"inLanguage\":\"it-IT\",\"@id\":\"https:\/\/progettotouring.it\/radiotouring104\/2025\/01\/14\/reggio-presentata-a-palazzo-san-giorgio-lviii-edizione-di-artisti-per-le-stelle\/#primaryimage\",\"url\":\"https:\/\/progettotouring.it\/radiotouring104\/wp-content\/uploads\/sites\/6\/2025\/01\/artisti-per-le-stelle-Palazzo-San-Giorgio-scaled.jpeg\",\"contentUrl\":\"https:\/\/progettotouring.it\/radiotouring104\/wp-content\/uploads\/sites\/6\/2025\/01\/artisti-per-le-stelle-Palazzo-San-Giorgio-scaled.jpeg\",\"width\":2560,\"height\":1454},{\"@type\":\"BreadcrumbList\",\"@id\":\"https:\/\/progettotouring.it\/radiotouring104\/2025\/01\/14\/reggio-presentata-a-palazzo-san-giorgio-lviii-edizione-di-artisti-per-le-stelle\/#breadcrumb\",\"itemListElement\":[{\"@type\":\"ListItem\",\"position\":1,\"name\":\"Home\",\"item\":\"https:\/\/progettotouring.it\/radiotouring104\/\"},{\"@type\":\"ListItem\",\"position\":2,\"name\":\"Reggio: presentata a Palazzo San Giorgio l&#8217;VIII edizione di \u201cArtisti per le stelle\u201d\"}]},{\"@type\":\"WebSite\",\"@id\":\"https:\/\/progettotouring.it\/radiotouring104\/#website\",\"url\":\"https:\/\/progettotouring.it\/radiotouring104\/\",\"name\":\"Radio Touring 104\",\"description\":\"La prima radio Reggina\",\"publisher\":{\"@id\":\"https:\/\/progettotouring.it\/radiotouring104\/#organization\"},\"potentialAction\":[{\"@type\":\"SearchAction\",\"target\":{\"@type\":\"EntryPoint\",\"urlTemplate\":\"https:\/\/progettotouring.it\/radiotouring104\/?s={search_term_string}\"},\"query-input\":{\"@type\":\"PropertyValueSpecification\",\"valueRequired\":true,\"valueName\":\"search_term_string\"}}],\"inLanguage\":\"it-IT\"},{\"@type\":\"Organization\",\"@id\":\"https:\/\/progettotouring.it\/radiotouring104\/#organization\",\"name\":\"Radio Touring 104\",\"url\":\"https:\/\/progettotouring.it\/radiotouring104\/\",\"logo\":{\"@type\":\"ImageObject\",\"inLanguage\":\"it-IT\",\"@id\":\"https:\/\/progettotouring.it\/radiotouring104\/#\/schema\/logo\/image\/\",\"url\":\"https:\/\/progettotouring.it\/radiotouring104\/wp-content\/uploads\/sites\/6\/2022\/02\/cropped-logo-radio-touring-104.png\",\"contentUrl\":\"https:\/\/progettotouring.it\/radiotouring104\/wp-content\/uploads\/sites\/6\/2022\/02\/cropped-logo-radio-touring-104.png\",\"width\":377,\"height\":182,\"caption\":\"Radio Touring 104\"},\"image\":{\"@id\":\"https:\/\/progettotouring.it\/radiotouring104\/#\/schema\/logo\/image\/\"}},{\"@type\":\"Person\",\"@id\":\"https:\/\/progettotouring.it\/radiotouring104\/#\/schema\/person\/78613917f1851f041f7483f5af1d422e\",\"name\":\"Sebastiano Plutino\",\"image\":{\"@type\":\"ImageObject\",\"inLanguage\":\"it-IT\",\"@id\":\"https:\/\/secure.gravatar.com\/avatar\/0546ffaa9b79224faf9f2a156b67a529ae861d3287c66c1d8ccfdf909bcba78d?s=96&d=mm&r=g\",\"url\":\"https:\/\/secure.gravatar.com\/avatar\/0546ffaa9b79224faf9f2a156b67a529ae861d3287c66c1d8ccfdf909bcba78d?s=96&d=mm&r=g\",\"contentUrl\":\"https:\/\/secure.gravatar.com\/avatar\/0546ffaa9b79224faf9f2a156b67a529ae861d3287c66c1d8ccfdf909bcba78d?s=96&d=mm&r=g\",\"caption\":\"Sebastiano Plutino\"},\"url\":\"https:\/\/progettotouring.it\/radiotouring104\/author\/sebastiano\/\"}]}<\/script>\n<!-- \/ Yoast SEO plugin. -->","yoast_head_json":{"title":"Reggio: presentata a Palazzo San Giorgio l'VIII edizione di \u201cArtisti per le stelle\u201d - Radio Touring 104","description":"L\u2019evento animer\u00e0 il teatro \u201cCilea\u201d domenica 19 gennaio alle ore 18 e il ricavato sar\u00e0 devoluto all\u2019associazione \u201cLa Compagnia delle Stelle\u201d","robots":{"index":"index","follow":"follow","max-snippet":"max-snippet:-1","max-image-preview":"max-image-preview:large","max-video-preview":"max-video-preview:-1"},"canonical":"https:\/\/progettotouring.it\/radiotouring104\/2025\/01\/14\/reggio-presentata-a-palazzo-san-giorgio-lviii-edizione-di-artisti-per-le-stelle\/","og_locale":"it_IT","og_type":"article","og_title":"Reggio: presentata a Palazzo San Giorgio l'VIII edizione di \u201cArtisti per le stelle\u201d - Radio Touring 104","og_description":"L\u2019evento animer\u00e0 il teatro \u201cCilea\u201d domenica 19 gennaio alle ore 18 e il ricavato sar\u00e0 devoluto all\u2019associazione \u201cLa Compagnia delle Stelle\u201d","og_url":"https:\/\/progettotouring.it\/radiotouring104\/2025\/01\/14\/reggio-presentata-a-palazzo-san-giorgio-lviii-edizione-di-artisti-per-le-stelle\/","og_site_name":"Radio Touring 104","article_published_time":"2025-01-14T13:15:32+00:00","og_image":[{"width":2560,"height":1454,"url":"https:\/\/progettotouring.it\/radiotouring104\/wp-content\/uploads\/sites\/6\/2025\/01\/artisti-per-le-stelle-Palazzo-San-Giorgio-scaled.jpeg","type":"image\/jpeg"}],"author":"Sebastiano Plutino","twitter_card":"summary_large_image","twitter_misc":{"Scritto da":"Sebastiano Plutino","Tempo di lettura stimato":"2 minuti"},"schema":{"@context":"https:\/\/schema.org","@graph":[{"@type":"Article","@id":"https:\/\/progettotouring.it\/radiotouring104\/2025\/01\/14\/reggio-presentata-a-palazzo-san-giorgio-lviii-edizione-di-artisti-per-le-stelle\/#article","isPartOf":{"@id":"https:\/\/progettotouring.it\/radiotouring104\/2025\/01\/14\/reggio-presentata-a-palazzo-san-giorgio-lviii-edizione-di-artisti-per-le-stelle\/"},"author":{"name":"Sebastiano Plutino","@id":"https:\/\/progettotouring.it\/radiotouring104\/#\/schema\/person\/78613917f1851f041f7483f5af1d422e"},"headline":"Reggio: presentata a Palazzo San Giorgio l&#8217;VIII edizione di \u201cArtisti per le stelle\u201d","datePublished":"2025-01-14T13:15:32+00:00","mainEntityOfPage":{"@id":"https:\/\/progettotouring.it\/radiotouring104\/2025\/01\/14\/reggio-presentata-a-palazzo-san-giorgio-lviii-edizione-di-artisti-per-le-stelle\/"},"wordCount":416,"publisher":{"@id":"https:\/\/progettotouring.it\/radiotouring104\/#organization"},"image":{"@id":"https:\/\/progettotouring.it\/radiotouring104\/2025\/01\/14\/reggio-presentata-a-palazzo-san-giorgio-lviii-edizione-di-artisti-per-le-stelle\/#primaryimage"},"thumbnailUrl":"https:\/\/progettotouring.it\/radiotouring104\/wp-content\/uploads\/sites\/6\/2025\/01\/artisti-per-le-stelle-Palazzo-San-Giorgio-scaled.jpeg","keywords":["\u201cArtisti per le stelle\u201d","Antonietta Romeo","associazione \u201cLa Compagnia delle Stelle\u201d.","giovanni latella","Marina Melchionna","palazzo san giorgio","VIII edizione"],"articleSection":["Home","In primo piano","News","Reggio Calabria"],"inLanguage":"it-IT"},{"@type":"WebPage","@id":"https:\/\/progettotouring.it\/radiotouring104\/2025\/01\/14\/reggio-presentata-a-palazzo-san-giorgio-lviii-edizione-di-artisti-per-le-stelle\/","url":"https:\/\/progettotouring.it\/radiotouring104\/2025\/01\/14\/reggio-presentata-a-palazzo-san-giorgio-lviii-edizione-di-artisti-per-le-stelle\/","name":"Reggio: presentata a Palazzo San Giorgio l'VIII edizione di \u201cArtisti per le stelle\u201d - Radio Touring 104","isPartOf":{"@id":"https:\/\/progettotouring.it\/radiotouring104\/#website"},"primaryImageOfPage":{"@id":"https:\/\/progettotouring.it\/radiotouring104\/2025\/01\/14\/reggio-presentata-a-palazzo-san-giorgio-lviii-edizione-di-artisti-per-le-stelle\/#primaryimage"},"image":{"@id":"https:\/\/progettotouring.it\/radiotouring104\/2025\/01\/14\/reggio-presentata-a-palazzo-san-giorgio-lviii-edizione-di-artisti-per-le-stelle\/#primaryimage"},"thumbnailUrl":"https:\/\/progettotouring.it\/radiotouring104\/wp-content\/uploads\/sites\/6\/2025\/01\/artisti-per-le-stelle-Palazzo-San-Giorgio-scaled.jpeg","datePublished":"2025-01-14T13:15:32+00:00","description":"L\u2019evento animer\u00e0 il teatro \u201cCilea\u201d domenica 19 gennaio alle ore 18 e il ricavato sar\u00e0 devoluto all\u2019associazione \u201cLa Compagnia delle Stelle\u201d","breadcrumb":{"@id":"https:\/\/progettotouring.it\/radiotouring104\/2025\/01\/14\/reggio-presentata-a-palazzo-san-giorgio-lviii-edizione-di-artisti-per-le-stelle\/#breadcrumb"},"inLanguage":"it-IT","potentialAction":[{"@type":"ReadAction","target":["https:\/\/progettotouring.it\/radiotouring104\/2025\/01\/14\/reggio-presentata-a-palazzo-san-giorgio-lviii-edizione-di-artisti-per-le-stelle\/"]}]},{"@type":"ImageObject","inLanguage":"it-IT","@id":"https:\/\/progettotouring.it\/radiotouring104\/2025\/01\/14\/reggio-presentata-a-palazzo-san-giorgio-lviii-edizione-di-artisti-per-le-stelle\/#primaryimage","url":"https:\/\/progettotouring.it\/radiotouring104\/wp-content\/uploads\/sites\/6\/2025\/01\/artisti-per-le-stelle-Palazzo-San-Giorgio-scaled.jpeg","contentUrl":"https:\/\/progettotouring.it\/radiotouring104\/wp-content\/uploads\/sites\/6\/2025\/01\/artisti-per-le-stelle-Palazzo-San-Giorgio-scaled.jpeg","width":2560,"height":1454},{"@type":"BreadcrumbList","@id":"https:\/\/progettotouring.it\/radiotouring104\/2025\/01\/14\/reggio-presentata-a-palazzo-san-giorgio-lviii-edizione-di-artisti-per-le-stelle\/#breadcrumb","itemListElement":[{"@type":"ListItem","position":1,"name":"Home","item":"https:\/\/progettotouring.it\/radiotouring104\/"},{"@type":"ListItem","position":2,"name":"Reggio: presentata a Palazzo San Giorgio l&#8217;VIII edizione di \u201cArtisti per le stelle\u201d"}]},{"@type":"WebSite","@id":"https:\/\/progettotouring.it\/radiotouring104\/#website","url":"https:\/\/progettotouring.it\/radiotouring104\/","name":"Radio Touring 104","description":"La prima radio Reggina","publisher":{"@id":"https:\/\/progettotouring.it\/radiotouring104\/#organization"},"potentialAction":[{"@type":"SearchAction","target":{"@type":"EntryPoint","urlTemplate":"https:\/\/progettotouring.it\/radiotouring104\/?s={search_term_string}"},"query-input":{"@type":"PropertyValueSpecification","valueRequired":true,"valueName":"search_term_string"}}],"inLanguage":"it-IT"},{"@type":"Organization","@id":"https:\/\/progettotouring.it\/radiotouring104\/#organization","name":"Radio Touring 104","url":"https:\/\/progettotouring.it\/radiotouring104\/","logo":{"@type":"ImageObject","inLanguage":"it-IT","@id":"https:\/\/progettotouring.it\/radiotouring104\/#\/schema\/logo\/image\/","url":"https:\/\/progettotouring.it\/radiotouring104\/wp-content\/uploads\/sites\/6\/2022\/02\/cropped-logo-radio-touring-104.png","contentUrl":"https:\/\/progettotouring.it\/radiotouring104\/wp-content\/uploads\/sites\/6\/2022\/02\/cropped-logo-radio-touring-104.png","width":377,"height":182,"caption":"Radio Touring 104"},"image":{"@id":"https:\/\/progettotouring.it\/radiotouring104\/#\/schema\/logo\/image\/"}},{"@type":"Person","@id":"https:\/\/progettotouring.it\/radiotouring104\/#\/schema\/person\/78613917f1851f041f7483f5af1d422e","name":"Sebastiano Plutino","image":{"@type":"ImageObject","inLanguage":"it-IT","@id":"https:\/\/secure.gravatar.com\/avatar\/0546ffaa9b79224faf9f2a156b67a529ae861d3287c66c1d8ccfdf909bcba78d?s=96&d=mm&r=g","url":"https:\/\/secure.gravatar.com\/avatar\/0546ffaa9b79224faf9f2a156b67a529ae861d3287c66c1d8ccfdf909bcba78d?s=96&d=mm&r=g","contentUrl":"https:\/\/secure.gravatar.com\/avatar\/0546ffaa9b79224faf9f2a156b67a529ae861d3287c66c1d8ccfdf909bcba78d?s=96&d=mm&r=g","caption":"Sebastiano Plutino"},"url":"https:\/\/progettotouring.it\/radiotouring104\/author\/sebastiano\/"}]}},"jetpack_publicize_connections":[],"jetpack_featured_media_url":"https:\/\/progettotouring.it\/radiotouring104\/wp-content\/uploads\/sites\/6\/2025\/01\/artisti-per-le-stelle-Palazzo-San-Giorgio-scaled.jpeg","jetpack_sharing_enabled":true,"_links":{"self":[{"href":"https:\/\/progettotouring.it\/radiotouring104\/wp-json\/wp\/v2\/posts\/64703","targetHints":{"allow":["GET"]}}],"collection":[{"href":"https:\/\/progettotouring.it\/radiotouring104\/wp-json\/wp\/v2\/posts"}],"about":[{"href":"https:\/\/progettotouring.it\/radiotouring104\/wp-json\/wp\/v2\/types\/post"}],"author":[{"embeddable":true,"href":"https:\/\/progettotouring.it\/radiotouring104\/wp-json\/wp\/v2\/users\/12"}],"replies":[{"embeddable":true,"href":"https:\/\/progettotouring.it\/radiotouring104\/wp-json\/wp\/v2\/comments?post=64703"}],"version-history":[{"count":1,"href":"https:\/\/progettotouring.it\/radiotouring104\/wp-json\/wp\/v2\/posts\/64703\/revisions"}],"predecessor-version":[{"id":64706,"href":"https:\/\/progettotouring.it\/radiotouring104\/wp-json\/wp\/v2\/posts\/64703\/revisions\/64706"}],"wp:featuredmedia":[{"embeddable":true,"href":"https:\/\/progettotouring.it\/radiotouring104\/wp-json\/wp\/v2\/media\/64705"}],"wp:attachment":[{"href":"https:\/\/progettotouring.it\/radiotouring104\/wp-json\/wp\/v2\/media?parent=64703"}],"wp:term":[{"taxonomy":"category","embeddable":true,"href":"https:\/\/progettotouring.it\/radiotouring104\/wp-json\/wp\/v2\/categories?post=64703"},{"taxonomy":"post_tag","embeddable":true,"href":"https:\/\/progettotouring.it\/radiotouring104\/wp-json\/wp\/v2\/tags?post=64703"}],"curies":[{"name":"wp","href":"https:\/\/api.w.org\/{rel}","templated":true}]}}