{"id":64709,"date":"2025-01-14T14:36:25","date_gmt":"2025-01-14T13:36:25","guid":{"rendered":"https:\/\/progettotouring.it\/radiotouring104\/?p=64709"},"modified":"2025-01-14T14:36:25","modified_gmt":"2025-01-14T13:36:25","slug":"reggio-la-sala-stampa-del-granillo-sara-intitolata-al-giornalista-tonio-licordari","status":"publish","type":"post","link":"https:\/\/progettotouring.it\/radiotouring104\/2025\/01\/14\/reggio-la-sala-stampa-del-granillo-sara-intitolata-al-giornalista-tonio-licordari\/","title":{"rendered":"Reggio: la Sala Stampa del Granillo sar\u00e0 intitolata al giornalista Tonio LIcordari"},"content":{"rendered":"<p style=\"text-align: justify\">Si terr\u00e0 <strong>sabato 18 gennaio, alle ore 16:00, l\u2019intitolazione della sala stampa dello stadio comunale<\/strong> \u201cOreste Granillo\u201d<strong> al giornalista Tonio Licordari<\/strong>, fra le pi\u00f9 autorevoli firme delle cronache calabresi scomparso il 5 maggio del 2016. Alla cerimonia<strong> interverranno il sindaco Giuseppe Falcomat\u00e0, familiari<\/strong> di Tonio Licordari, colleghi ed amici dello storico cronista reggino,<strong> oltre ai rappresentanti della societ\u00e0 Reggina 1914.<\/strong><\/p>\n<p><strong>Gi\u00e0 vice caporedattore del quotidiano Gazzetta del Sud<\/strong> ed impegnato negli istituti di categoria dei giornalisti in Calabria, Tonio Licordari \u00e8 stato <strong>iscritto nell\u2019elenco dei professionisti dell\u2019Ordine della Calabria dal 1983.<\/strong> <strong>Nella sua lunga esperienza \u00e8 stato testimone dei cambiamenti pi\u00f9 significativi della citt\u00e0<\/strong> e della regione, riuscendo a raccontare fatti di cronaca, di sport, di musica, societ\u00e0 e costume.<\/p>\n<p>E\u2019 stato tra i promotori della nascita dell\u2019Ussi Calabria, il gruppo di specializzazione dei giornalisti sportivi iscritti alla Federazione nazionale stampa italiana,\u00a0di cui ha ricoperto la carica di Presidente dal 1992 al 2012,\u00a0consigliere regionale dell\u2019Ordine dei giornalisti e del Sindacato Giornalisti della Calabria, consigliere nazionale e componente del Collegio nazionale dei probiviri della Fnsi.\u00a0Fra le ultime attivit\u00e0 svolte anche quella di membro del Collegio di disciplina dell\u2019Ordine dei giornalisti calabrese.<\/p>\n<p><strong>L&#8217;intitolazione della Sala Stampa dello Stadio Oreste Granillo \u00e8 quindi un doveroso tributo da parte dell&#8217;Amministrazione comunale<\/strong>, a nome dell&#8217;intera comunit\u00e0 reggina<strong>, ad una delle firme pi\u00f9 prestigiose del giornalismo sportivo,<\/strong> e non solo, dell&#8217;intero Mezzogiorno d&#8217;Italia.<\/p>\n","protected":false},"excerpt":{"rendered":"<p>Si terr\u00e0 sabato 18 gennaio, alle ore 16:00, l\u2019intitolazione della sala stampa dello stadio comunale \u201cOreste Granillo\u201d al giornalista Tonio Licordari, fra le pi\u00f9 autorevoli firme delle cronache calabresi scomparso&hellip;<\/p>\n","protected":false},"author":12,"featured_media":64710,"comment_status":"closed","ping_status":"open","sticky":false,"template":"","format":"standard","meta":{"_jetpack_memberships_contains_paid_content":false,"footnotes":"","jetpack_publicize_message":"","jetpack_publicize_feature_enabled":true,"jetpack_social_post_already_shared":true,"jetpack_social_options":{"image_generator_settings":{"template":"highway","default_image_id":0,"font":"","enabled":false},"version":2}},"categories":[921,196,140],"tags":[30465,14028,39309,316,353,39308,39310],"class_list":["post-64709","post","type-post","status-publish","format-standard","has-post-thumbnail","hentry","category-home","category-news","category-reggio-calabria","tag-falcomata-giuseppe","tag-gazzetta-del-sud","tag-intitolazone-sala-stampa","tag-reggina-1914","tag-stadio-granillo","tag-tonio-licordari","tag-ussi-calabria"],"yoast_head":"<!-- This site is optimized with the Yoast SEO plugin v27.2 - https:\/\/yoast.com\/product\/yoast-seo-wordpress\/ -->\n<title>La Sala Stampa del Granillo sar\u00e0 intitolata al giornalista LIcordari<\/title>\n<meta name=\"description\" content=\"L&#039;intitolazione sabato alle 16, alla presenza di Falcomat\u00e0, familiari, amici, colleghi dello storico cronista e rappresentanti della Reggina\" \/>\n<meta name=\"robots\" content=\"index, follow, max-snippet:-1, max-image-preview:large, max-video-preview:-1\" \/>\n<link rel=\"canonical\" href=\"https:\/\/progettotouring.it\/radiotouring104\/2025\/01\/14\/reggio-la-sala-stampa-del-granillo-sara-intitolata-al-giornalista-tonio-licordari\/\" \/>\n<meta property=\"og:locale\" content=\"it_IT\" \/>\n<meta property=\"og:type\" content=\"article\" \/>\n<meta property=\"og:title\" content=\"La Sala Stampa del Granillo sar\u00e0 intitolata al giornalista LIcordari\" \/>\n<meta property=\"og:description\" content=\"L&#039;intitolazione sabato alle 16, alla presenza di Falcomat\u00e0, familiari, amici, colleghi dello storico cronista e rappresentanti della Reggina\" \/>\n<meta property=\"og:url\" content=\"https:\/\/progettotouring.it\/radiotouring104\/2025\/01\/14\/reggio-la-sala-stampa-del-granillo-sara-intitolata-al-giornalista-tonio-licordari\/\" \/>\n<meta property=\"og:site_name\" content=\"Radio Touring 104\" \/>\n<meta property=\"article:published_time\" content=\"2025-01-14T13:36:25+00:00\" \/>\n<meta property=\"og:image\" content=\"https:\/\/progettotouring.it\/radiotouring104\/wp-content\/uploads\/sites\/6\/2025\/01\/Giornalista-tonio-licordari-intitolazione-Sala-Stampa-Granillo.jpeg\" \/>\n\t<meta property=\"og:image:width\" content=\"1200\" \/>\n\t<meta property=\"og:image:height\" content=\"1042\" \/>\n\t<meta property=\"og:image:type\" content=\"image\/jpeg\" \/>\n<meta name=\"author\" content=\"Sebastiano Plutino\" \/>\n<meta name=\"twitter:card\" content=\"summary_large_image\" \/>\n<meta name=\"twitter:label1\" content=\"Scritto da\" \/>\n\t<meta name=\"twitter:data1\" content=\"Sebastiano Plutino\" \/>\n\t<meta name=\"twitter:label2\" content=\"Tempo di lettura stimato\" \/>\n\t<meta name=\"twitter:data2\" content=\"1 minuto\" \/>\n<script type=\"application\/ld+json\" class=\"yoast-schema-graph\">{\"@context\":\"https:\/\/schema.org\",\"@graph\":[{\"@type\":\"Article\",\"@id\":\"https:\/\/progettotouring.it\/radiotouring104\/2025\/01\/14\/reggio-la-sala-stampa-del-granillo-sara-intitolata-al-giornalista-tonio-licordari\/#article\",\"isPartOf\":{\"@id\":\"https:\/\/progettotouring.it\/radiotouring104\/2025\/01\/14\/reggio-la-sala-stampa-del-granillo-sara-intitolata-al-giornalista-tonio-licordari\/\"},\"author\":{\"name\":\"Sebastiano Plutino\",\"@id\":\"https:\/\/progettotouring.it\/radiotouring104\/#\/schema\/person\/78613917f1851f041f7483f5af1d422e\"},\"headline\":\"Reggio: la Sala Stampa del Granillo sar\u00e0 intitolata al giornalista Tonio LIcordari\",\"datePublished\":\"2025-01-14T13:36:25+00:00\",\"mainEntityOfPage\":{\"@id\":\"https:\/\/progettotouring.it\/radiotouring104\/2025\/01\/14\/reggio-la-sala-stampa-del-granillo-sara-intitolata-al-giornalista-tonio-licordari\/\"},\"wordCount\":237,\"publisher\":{\"@id\":\"https:\/\/progettotouring.it\/radiotouring104\/#organization\"},\"image\":{\"@id\":\"https:\/\/progettotouring.it\/radiotouring104\/2025\/01\/14\/reggio-la-sala-stampa-del-granillo-sara-intitolata-al-giornalista-tonio-licordari\/#primaryimage\"},\"thumbnailUrl\":\"https:\/\/progettotouring.it\/radiotouring104\/wp-content\/uploads\/sites\/6\/2025\/01\/Giornalista-tonio-licordari-intitolazione-Sala-Stampa-Granillo.jpeg\",\"keywords\":[\"Falcomat\u00e0 Giuseppe\",\"Gazzetta del sud.\",\"intitolazone Sala Stampa\",\"reggina 1914\",\"Stadio Granillo\",\"Tonio LIcordari\",\"Ussi Calabria\"],\"articleSection\":[\"Home\",\"News\",\"Reggio Calabria\"],\"inLanguage\":\"it-IT\"},{\"@type\":\"WebPage\",\"@id\":\"https:\/\/progettotouring.it\/radiotouring104\/2025\/01\/14\/reggio-la-sala-stampa-del-granillo-sara-intitolata-al-giornalista-tonio-licordari\/\",\"url\":\"https:\/\/progettotouring.it\/radiotouring104\/2025\/01\/14\/reggio-la-sala-stampa-del-granillo-sara-intitolata-al-giornalista-tonio-licordari\/\",\"name\":\"La Sala Stampa del Granillo sar\u00e0 intitolata al giornalista LIcordari\",\"isPartOf\":{\"@id\":\"https:\/\/progettotouring.it\/radiotouring104\/#website\"},\"primaryImageOfPage\":{\"@id\":\"https:\/\/progettotouring.it\/radiotouring104\/2025\/01\/14\/reggio-la-sala-stampa-del-granillo-sara-intitolata-al-giornalista-tonio-licordari\/#primaryimage\"},\"image\":{\"@id\":\"https:\/\/progettotouring.it\/radiotouring104\/2025\/01\/14\/reggio-la-sala-stampa-del-granillo-sara-intitolata-al-giornalista-tonio-licordari\/#primaryimage\"},\"thumbnailUrl\":\"https:\/\/progettotouring.it\/radiotouring104\/wp-content\/uploads\/sites\/6\/2025\/01\/Giornalista-tonio-licordari-intitolazione-Sala-Stampa-Granillo.jpeg\",\"datePublished\":\"2025-01-14T13:36:25+00:00\",\"description\":\"L'intitolazione sabato alle 16, alla presenza di Falcomat\u00e0, familiari, amici, colleghi dello storico cronista e rappresentanti della Reggina\",\"breadcrumb\":{\"@id\":\"https:\/\/progettotouring.it\/radiotouring104\/2025\/01\/14\/reggio-la-sala-stampa-del-granillo-sara-intitolata-al-giornalista-tonio-licordari\/#breadcrumb\"},\"inLanguage\":\"it-IT\",\"potentialAction\":[{\"@type\":\"ReadAction\",\"target\":[\"https:\/\/progettotouring.it\/radiotouring104\/2025\/01\/14\/reggio-la-sala-stampa-del-granillo-sara-intitolata-al-giornalista-tonio-licordari\/\"]}]},{\"@type\":\"ImageObject\",\"inLanguage\":\"it-IT\",\"@id\":\"https:\/\/progettotouring.it\/radiotouring104\/2025\/01\/14\/reggio-la-sala-stampa-del-granillo-sara-intitolata-al-giornalista-tonio-licordari\/#primaryimage\",\"url\":\"https:\/\/progettotouring.it\/radiotouring104\/wp-content\/uploads\/sites\/6\/2025\/01\/Giornalista-tonio-licordari-intitolazione-Sala-Stampa-Granillo.jpeg\",\"contentUrl\":\"https:\/\/progettotouring.it\/radiotouring104\/wp-content\/uploads\/sites\/6\/2025\/01\/Giornalista-tonio-licordari-intitolazione-Sala-Stampa-Granillo.jpeg\",\"width\":1200,\"height\":1042},{\"@type\":\"BreadcrumbList\",\"@id\":\"https:\/\/progettotouring.it\/radiotouring104\/2025\/01\/14\/reggio-la-sala-stampa-del-granillo-sara-intitolata-al-giornalista-tonio-licordari\/#breadcrumb\",\"itemListElement\":[{\"@type\":\"ListItem\",\"position\":1,\"name\":\"Home\",\"item\":\"https:\/\/progettotouring.it\/radiotouring104\/\"},{\"@type\":\"ListItem\",\"position\":2,\"name\":\"Reggio: la Sala Stampa del Granillo sar\u00e0 intitolata al giornalista Tonio LIcordari\"}]},{\"@type\":\"WebSite\",\"@id\":\"https:\/\/progettotouring.it\/radiotouring104\/#website\",\"url\":\"https:\/\/progettotouring.it\/radiotouring104\/\",\"name\":\"Radio Touring 104\",\"description\":\"La prima radio Reggina\",\"publisher\":{\"@id\":\"https:\/\/progettotouring.it\/radiotouring104\/#organization\"},\"potentialAction\":[{\"@type\":\"SearchAction\",\"target\":{\"@type\":\"EntryPoint\",\"urlTemplate\":\"https:\/\/progettotouring.it\/radiotouring104\/?s={search_term_string}\"},\"query-input\":{\"@type\":\"PropertyValueSpecification\",\"valueRequired\":true,\"valueName\":\"search_term_string\"}}],\"inLanguage\":\"it-IT\"},{\"@type\":\"Organization\",\"@id\":\"https:\/\/progettotouring.it\/radiotouring104\/#organization\",\"name\":\"Radio Touring 104\",\"url\":\"https:\/\/progettotouring.it\/radiotouring104\/\",\"logo\":{\"@type\":\"ImageObject\",\"inLanguage\":\"it-IT\",\"@id\":\"https:\/\/progettotouring.it\/radiotouring104\/#\/schema\/logo\/image\/\",\"url\":\"https:\/\/progettotouring.it\/radiotouring104\/wp-content\/uploads\/sites\/6\/2022\/02\/cropped-logo-radio-touring-104.png\",\"contentUrl\":\"https:\/\/progettotouring.it\/radiotouring104\/wp-content\/uploads\/sites\/6\/2022\/02\/cropped-logo-radio-touring-104.png\",\"width\":377,\"height\":182,\"caption\":\"Radio Touring 104\"},\"image\":{\"@id\":\"https:\/\/progettotouring.it\/radiotouring104\/#\/schema\/logo\/image\/\"}},{\"@type\":\"Person\",\"@id\":\"https:\/\/progettotouring.it\/radiotouring104\/#\/schema\/person\/78613917f1851f041f7483f5af1d422e\",\"name\":\"Sebastiano Plutino\",\"image\":{\"@type\":\"ImageObject\",\"inLanguage\":\"it-IT\",\"@id\":\"https:\/\/secure.gravatar.com\/avatar\/0546ffaa9b79224faf9f2a156b67a529ae861d3287c66c1d8ccfdf909bcba78d?s=96&d=mm&r=g\",\"url\":\"https:\/\/secure.gravatar.com\/avatar\/0546ffaa9b79224faf9f2a156b67a529ae861d3287c66c1d8ccfdf909bcba78d?s=96&d=mm&r=g\",\"contentUrl\":\"https:\/\/secure.gravatar.com\/avatar\/0546ffaa9b79224faf9f2a156b67a529ae861d3287c66c1d8ccfdf909bcba78d?s=96&d=mm&r=g\",\"caption\":\"Sebastiano Plutino\"},\"url\":\"https:\/\/progettotouring.it\/radiotouring104\/author\/sebastiano\/\"}]}<\/script>\n<!-- \/ Yoast SEO plugin. -->","yoast_head_json":{"title":"La Sala Stampa del Granillo sar\u00e0 intitolata al giornalista LIcordari","description":"L'intitolazione sabato alle 16, alla presenza di Falcomat\u00e0, familiari, amici, colleghi dello storico cronista e rappresentanti della Reggina","robots":{"index":"index","follow":"follow","max-snippet":"max-snippet:-1","max-image-preview":"max-image-preview:large","max-video-preview":"max-video-preview:-1"},"canonical":"https:\/\/progettotouring.it\/radiotouring104\/2025\/01\/14\/reggio-la-sala-stampa-del-granillo-sara-intitolata-al-giornalista-tonio-licordari\/","og_locale":"it_IT","og_type":"article","og_title":"La Sala Stampa del Granillo sar\u00e0 intitolata al giornalista LIcordari","og_description":"L'intitolazione sabato alle 16, alla presenza di Falcomat\u00e0, familiari, amici, colleghi dello storico cronista e rappresentanti della Reggina","og_url":"https:\/\/progettotouring.it\/radiotouring104\/2025\/01\/14\/reggio-la-sala-stampa-del-granillo-sara-intitolata-al-giornalista-tonio-licordari\/","og_site_name":"Radio Touring 104","article_published_time":"2025-01-14T13:36:25+00:00","og_image":[{"width":1200,"height":1042,"url":"https:\/\/progettotouring.it\/radiotouring104\/wp-content\/uploads\/sites\/6\/2025\/01\/Giornalista-tonio-licordari-intitolazione-Sala-Stampa-Granillo.jpeg","type":"image\/jpeg"}],"author":"Sebastiano Plutino","twitter_card":"summary_large_image","twitter_misc":{"Scritto da":"Sebastiano Plutino","Tempo di lettura stimato":"1 minuto"},"schema":{"@context":"https:\/\/schema.org","@graph":[{"@type":"Article","@id":"https:\/\/progettotouring.it\/radiotouring104\/2025\/01\/14\/reggio-la-sala-stampa-del-granillo-sara-intitolata-al-giornalista-tonio-licordari\/#article","isPartOf":{"@id":"https:\/\/progettotouring.it\/radiotouring104\/2025\/01\/14\/reggio-la-sala-stampa-del-granillo-sara-intitolata-al-giornalista-tonio-licordari\/"},"author":{"name":"Sebastiano Plutino","@id":"https:\/\/progettotouring.it\/radiotouring104\/#\/schema\/person\/78613917f1851f041f7483f5af1d422e"},"headline":"Reggio: la Sala Stampa del Granillo sar\u00e0 intitolata al giornalista Tonio LIcordari","datePublished":"2025-01-14T13:36:25+00:00","mainEntityOfPage":{"@id":"https:\/\/progettotouring.it\/radiotouring104\/2025\/01\/14\/reggio-la-sala-stampa-del-granillo-sara-intitolata-al-giornalista-tonio-licordari\/"},"wordCount":237,"publisher":{"@id":"https:\/\/progettotouring.it\/radiotouring104\/#organization"},"image":{"@id":"https:\/\/progettotouring.it\/radiotouring104\/2025\/01\/14\/reggio-la-sala-stampa-del-granillo-sara-intitolata-al-giornalista-tonio-licordari\/#primaryimage"},"thumbnailUrl":"https:\/\/progettotouring.it\/radiotouring104\/wp-content\/uploads\/sites\/6\/2025\/01\/Giornalista-tonio-licordari-intitolazione-Sala-Stampa-Granillo.jpeg","keywords":["Falcomat\u00e0 Giuseppe","Gazzetta del sud.","intitolazone Sala Stampa","reggina 1914","Stadio Granillo","Tonio LIcordari","Ussi Calabria"],"articleSection":["Home","News","Reggio Calabria"],"inLanguage":"it-IT"},{"@type":"WebPage","@id":"https:\/\/progettotouring.it\/radiotouring104\/2025\/01\/14\/reggio-la-sala-stampa-del-granillo-sara-intitolata-al-giornalista-tonio-licordari\/","url":"https:\/\/progettotouring.it\/radiotouring104\/2025\/01\/14\/reggio-la-sala-stampa-del-granillo-sara-intitolata-al-giornalista-tonio-licordari\/","name":"La Sala Stampa del Granillo sar\u00e0 intitolata al giornalista LIcordari","isPartOf":{"@id":"https:\/\/progettotouring.it\/radiotouring104\/#website"},"primaryImageOfPage":{"@id":"https:\/\/progettotouring.it\/radiotouring104\/2025\/01\/14\/reggio-la-sala-stampa-del-granillo-sara-intitolata-al-giornalista-tonio-licordari\/#primaryimage"},"image":{"@id":"https:\/\/progettotouring.it\/radiotouring104\/2025\/01\/14\/reggio-la-sala-stampa-del-granillo-sara-intitolata-al-giornalista-tonio-licordari\/#primaryimage"},"thumbnailUrl":"https:\/\/progettotouring.it\/radiotouring104\/wp-content\/uploads\/sites\/6\/2025\/01\/Giornalista-tonio-licordari-intitolazione-Sala-Stampa-Granillo.jpeg","datePublished":"2025-01-14T13:36:25+00:00","description":"L'intitolazione sabato alle 16, alla presenza di Falcomat\u00e0, familiari, amici, colleghi dello storico cronista e rappresentanti della Reggina","breadcrumb":{"@id":"https:\/\/progettotouring.it\/radiotouring104\/2025\/01\/14\/reggio-la-sala-stampa-del-granillo-sara-intitolata-al-giornalista-tonio-licordari\/#breadcrumb"},"inLanguage":"it-IT","potentialAction":[{"@type":"ReadAction","target":["https:\/\/progettotouring.it\/radiotouring104\/2025\/01\/14\/reggio-la-sala-stampa-del-granillo-sara-intitolata-al-giornalista-tonio-licordari\/"]}]},{"@type":"ImageObject","inLanguage":"it-IT","@id":"https:\/\/progettotouring.it\/radiotouring104\/2025\/01\/14\/reggio-la-sala-stampa-del-granillo-sara-intitolata-al-giornalista-tonio-licordari\/#primaryimage","url":"https:\/\/progettotouring.it\/radiotouring104\/wp-content\/uploads\/sites\/6\/2025\/01\/Giornalista-tonio-licordari-intitolazione-Sala-Stampa-Granillo.jpeg","contentUrl":"https:\/\/progettotouring.it\/radiotouring104\/wp-content\/uploads\/sites\/6\/2025\/01\/Giornalista-tonio-licordari-intitolazione-Sala-Stampa-Granillo.jpeg","width":1200,"height":1042},{"@type":"BreadcrumbList","@id":"https:\/\/progettotouring.it\/radiotouring104\/2025\/01\/14\/reggio-la-sala-stampa-del-granillo-sara-intitolata-al-giornalista-tonio-licordari\/#breadcrumb","itemListElement":[{"@type":"ListItem","position":1,"name":"Home","item":"https:\/\/progettotouring.it\/radiotouring104\/"},{"@type":"ListItem","position":2,"name":"Reggio: la Sala Stampa del Granillo sar\u00e0 intitolata al giornalista Tonio LIcordari"}]},{"@type":"WebSite","@id":"https:\/\/progettotouring.it\/radiotouring104\/#website","url":"https:\/\/progettotouring.it\/radiotouring104\/","name":"Radio Touring 104","description":"La prima radio Reggina","publisher":{"@id":"https:\/\/progettotouring.it\/radiotouring104\/#organization"},"potentialAction":[{"@type":"SearchAction","target":{"@type":"EntryPoint","urlTemplate":"https:\/\/progettotouring.it\/radiotouring104\/?s={search_term_string}"},"query-input":{"@type":"PropertyValueSpecification","valueRequired":true,"valueName":"search_term_string"}}],"inLanguage":"it-IT"},{"@type":"Organization","@id":"https:\/\/progettotouring.it\/radiotouring104\/#organization","name":"Radio Touring 104","url":"https:\/\/progettotouring.it\/radiotouring104\/","logo":{"@type":"ImageObject","inLanguage":"it-IT","@id":"https:\/\/progettotouring.it\/radiotouring104\/#\/schema\/logo\/image\/","url":"https:\/\/progettotouring.it\/radiotouring104\/wp-content\/uploads\/sites\/6\/2022\/02\/cropped-logo-radio-touring-104.png","contentUrl":"https:\/\/progettotouring.it\/radiotouring104\/wp-content\/uploads\/sites\/6\/2022\/02\/cropped-logo-radio-touring-104.png","width":377,"height":182,"caption":"Radio Touring 104"},"image":{"@id":"https:\/\/progettotouring.it\/radiotouring104\/#\/schema\/logo\/image\/"}},{"@type":"Person","@id":"https:\/\/progettotouring.it\/radiotouring104\/#\/schema\/person\/78613917f1851f041f7483f5af1d422e","name":"Sebastiano Plutino","image":{"@type":"ImageObject","inLanguage":"it-IT","@id":"https:\/\/secure.gravatar.com\/avatar\/0546ffaa9b79224faf9f2a156b67a529ae861d3287c66c1d8ccfdf909bcba78d?s=96&d=mm&r=g","url":"https:\/\/secure.gravatar.com\/avatar\/0546ffaa9b79224faf9f2a156b67a529ae861d3287c66c1d8ccfdf909bcba78d?s=96&d=mm&r=g","contentUrl":"https:\/\/secure.gravatar.com\/avatar\/0546ffaa9b79224faf9f2a156b67a529ae861d3287c66c1d8ccfdf909bcba78d?s=96&d=mm&r=g","caption":"Sebastiano Plutino"},"url":"https:\/\/progettotouring.it\/radiotouring104\/author\/sebastiano\/"}]}},"jetpack_publicize_connections":[],"jetpack_featured_media_url":"https:\/\/progettotouring.it\/radiotouring104\/wp-content\/uploads\/sites\/6\/2025\/01\/Giornalista-tonio-licordari-intitolazione-Sala-Stampa-Granillo.jpeg","jetpack_sharing_enabled":true,"_links":{"self":[{"href":"https:\/\/progettotouring.it\/radiotouring104\/wp-json\/wp\/v2\/posts\/64709","targetHints":{"allow":["GET"]}}],"collection":[{"href":"https:\/\/progettotouring.it\/radiotouring104\/wp-json\/wp\/v2\/posts"}],"about":[{"href":"https:\/\/progettotouring.it\/radiotouring104\/wp-json\/wp\/v2\/types\/post"}],"author":[{"embeddable":true,"href":"https:\/\/progettotouring.it\/radiotouring104\/wp-json\/wp\/v2\/users\/12"}],"replies":[{"embeddable":true,"href":"https:\/\/progettotouring.it\/radiotouring104\/wp-json\/wp\/v2\/comments?post=64709"}],"version-history":[{"count":1,"href":"https:\/\/progettotouring.it\/radiotouring104\/wp-json\/wp\/v2\/posts\/64709\/revisions"}],"predecessor-version":[{"id":64711,"href":"https:\/\/progettotouring.it\/radiotouring104\/wp-json\/wp\/v2\/posts\/64709\/revisions\/64711"}],"wp:featuredmedia":[{"embeddable":true,"href":"https:\/\/progettotouring.it\/radiotouring104\/wp-json\/wp\/v2\/media\/64710"}],"wp:attachment":[{"href":"https:\/\/progettotouring.it\/radiotouring104\/wp-json\/wp\/v2\/media?parent=64709"}],"wp:term":[{"taxonomy":"category","embeddable":true,"href":"https:\/\/progettotouring.it\/radiotouring104\/wp-json\/wp\/v2\/categories?post=64709"},{"taxonomy":"post_tag","embeddable":true,"href":"https:\/\/progettotouring.it\/radiotouring104\/wp-json\/wp\/v2\/tags?post=64709"}],"curies":[{"name":"wp","href":"https:\/\/api.w.org\/{rel}","templated":true}]}}