{"id":64773,"date":"2025-01-14T18:08:22","date_gmt":"2025-01-14T17:08:22","guid":{"rendered":"https:\/\/progettotouring.it\/radiotouring104\/?p=64773"},"modified":"2025-01-14T18:08:22","modified_gmt":"2025-01-14T17:08:22","slug":"alta-velocita-in-calabria-senatrice-minasi-si-fara","status":"publish","type":"post","link":"https:\/\/progettotouring.it\/radiotouring104\/2025\/01\/14\/alta-velocita-in-calabria-senatrice-minasi-si-fara\/","title":{"rendered":"Alta Velocit\u00e0 in Calabria, Senatrice Minasi: &#8220;Si far\u00e0&#8221;"},"content":{"rendered":"<p><em>\u00abNon potevo non venire qui, per chiarire come stanno le cose e togliere qualsiasi dubbio che l\u2019Alta Velocit\u00e0 in Calabria non si far\u00e0. Non capisco questo allarmismo, non ha alcun senso e fondamento. Mi \u00e8 difficile pensare che un Ministro che sta costruendo il Ponte sullo Stretto poi non si faccia carico anche dell\u2019Alta Velocit\u00e0, il ponte non avrebbe senso senza i collegamenti veloci che gli sono indispensabili. Il Governo non solo non ha dimenticato il Sud, ma sta lavorando intensamente e \u2013 dati alla mano \u2013 con risultati concreti e tangibili, per colmare i ritardi infrastrutturali accumulati negli anni, che hanno penalizzato gravemente il nostro territorio.<\/em><\/p>\n<p><em>I fondi ci sono e l\u2019Alta Velocit\u00e0 Salerno-Reggio Calabria si far\u00e0\u00bb.<\/em><\/p>\n<p>&nbsp;<\/p>\n<p><strong>Interviene cos\u00ec la Senatrice<\/strong> e Presidente del gruppo Lega in Commissione Trasporti del Senato, <strong>Tilde Minasi,<\/strong> alla conferenza stampa promossa a Roma dal Sindaco di Cosenza, Franz Caruso, in collaborazione con il comitato tecnico-politico costituito ad hoc per protestare contro le decisioni e la presunta inerzia governativa in tema di AV SA-RC, presenti anche numerosi sindaci calabresi, parlamentari, europarlamentari, consiglieri regionali e rappresentanti sindacali.<\/p>\n<p>&nbsp;<\/p>\n<p><em>\u00abHo tenuto particolarmente a partecipare all\u2019evento<\/em> \u2013 precisa la Senatrice in una nota successiva \u2013<em> per rettificare la disinformazione che viene continuamente veicolata ai cittadini sull\u2019Alta Velocit\u00e0 in Calabria, un allarmismo, ripeto, che non ha ragione di esistere, se non quella di attaccare strumentalmente il Governo e il Ministro Salvini. L\u2019Alta Velocit\u00e0 \u00e8 un\u2019infrastruttura strategica per il rilancio della Calabria, del Sud e dell\u2019intero Paese. E\u2019 falso che non si stia lavorando e che non ci siano i finanziamenti. Per smentire chi lo sostiene, ho voluto illustrare, in occasione della conferenza, lo stato di avanzamento dei lavori e i fondi in questo momento a disposizione.<\/em><\/p>\n<p>&nbsp;<\/p>\n<p><em>Il Lotto 1A, Battipaglia-Romagnano, del valore di 2,9 miliardi di euro, \u00e8 interamente finanziato e i lavori sono gi\u00e0 in corso, con la conclusione prevista entro il 2026 grazie al PNRR, i lotti 1B e 1C, Romagnano-Praia, hanno un valore complessivo di 8 miliardi di euro, di cui 7 miliardi gi\u00e0 finanziati dal Piano Complementare, mentre per la Galleria Santomarco, del valore di 2,1 miliardi, \u00e8 in corso la gara per l\u2019appalto dei lavori.<\/em><\/p>\n<p><em>I restanti lotti (Praia-Paola, Paola-Lamezia, Lamezia-Gioia Tauro, Gioia Tauro-Reggio Calabria) sono in fase di progettazione, con i finanziamenti che verranno garantiti progressivamente nel Contratto di Programma RFI.<\/em><\/p>\n<p>&nbsp;<\/p>\n<p><em>Perch\u00e9, dunque, a fronte di fatti concreti, sollevare dubbi e critiche, che fanno soltanto male alla popolazione?<\/em><\/p>\n<p>&nbsp;<\/p>\n<p><em>Questi numeri dimostrano chiaramente che il progetto non solo non \u00e8 fermo, ma procede celermente, con risorse certe e con una pianificazione chiara. Parlare di immobilismo \u00e8 semplicemente fuori luogo e controproducente. L\u2019opera rientra, d\u2019altronde, in un piano pi\u00f9 ampio che comprende anche gli aeroporti e il Ponte sullo Stretto, tasselli fondamentali di una visione che mira a fare del Sud il motore di sviluppo economico e sociale per l\u2019intero Paese\u00bb.<\/em><\/p>\n<p>&nbsp;<\/p>\n<p><em>Nel corso della conferenza la Senatrice ha anche raccolto l\u2019appello del sindaco cosentino Caruso a promuovere un confronto tra Istituzioni, RFI, amministratori locali e rappresentanti del territorio:<\/em><\/p>\n<p>&nbsp;<\/p>\n<p><em>\u00abIn qualit\u00e0 di Presidente del gruppo Lega della Commissione Trasporti mi far\u00f2 carico di convocare un\u2019audizione in Commissione e di organizzare anche un incontro diretto col Ministro Salvini, perch\u00e9 \u00e8 giusto che ci sia un confronto indispensabile per fugare ogni dubbio e perplessit\u00e0, dimostrando come la macchina dei lavori sia gi\u00e0 in moto e stia procedendo con seriet\u00e0 e determinazione. \u00c8 sufficiente osservare le prime operazioni gi\u00e0 avviate sul tratto Battipaglia-Romagnano e nei lavori che si estenderanno fino a Reggio Calabria, dove sono stati messi in campo strumenti e tecnologie avanzate, come l\u2019utilizzo di Tunnel Boring Machine (TBM) di ultima generazione, capaci di garantire maggiore efficienza e sicurezza nella realizzazione delle opere\u00bb.<\/em><\/p>\n<p>&nbsp;<\/p>\n<p><em>E, quanto al cambio di tracciato, lamentato da Caruso e altri sindaci del cosentino, Minasi ha specificato: \u00abSe parliamo di Alta Velocit\u00e0, \u00e8 chiaro che un tracciato dritto sar\u00e0 pi\u00f9 veloce. Ci\u00f2 che poi servir\u00e0 sar\u00e0 una buona mobilit\u00e0 interna.<\/em><\/p>\n<p><em>Ripeto \u2013<\/em> <strong>ha concluso la Senatrice<\/strong> \u2013 <em>gli allarmismi sono inutili e dannosi. L\u2019Alta Velocit\u00e0 si far\u00e0. Anzi, si sta gi\u00e0 facendo\u00bb. \u00a0<\/em><\/p>\n<p>&nbsp;<\/p>\n<p>&nbsp;<\/p>\n<p>&nbsp;<\/p>\n","protected":false},"excerpt":{"rendered":"<p>\u00abNon potevo non venire qui, per chiarire come stanno le cose e togliere qualsiasi dubbio che l\u2019Alta Velocit\u00e0 in Calabria non si far\u00e0. Non capisco questo allarmismo, non ha alcun&hellip;<\/p>\n","protected":false},"author":12,"featured_media":10212,"comment_status":"closed","ping_status":"open","sticky":false,"template":"","format":"standard","meta":{"_jetpack_memberships_contains_paid_content":false,"footnotes":"","jetpack_publicize_message":"","jetpack_publicize_feature_enabled":true,"jetpack_social_post_already_shared":true,"jetpack_social_options":{"image_generator_settings":{"template":"highway","default_image_id":0,"font":"","enabled":false},"version":2}},"categories":[142,921],"tags":[35376,39347,27662,39348],"class_list":["post-64773","post","type-post","status-publish","format-standard","has-post-thumbnail","hentry","category-calabria","category-home","tag-alta-velocita-in-calabria","tag-disinformazione-dilagante","tag-senatrice-tilde-minasi","tag-soldi-ci-sono"],"yoast_head":"<!-- This site is optimized with the Yoast SEO plugin v27.2 - https:\/\/yoast.com\/product\/yoast-seo-wordpress\/ -->\n<title>Alta Velocit\u00e0 in Calabria, Senatrice Minasi: &quot;Si far\u00e0&quot;<\/title>\n<meta name=\"description\" content=\"&quot;Disinformazione dilagante, allarmismo inutile e dannoso. I soldi ci sono ed i risultati sono tangibili&quot;, dichiara la Senatrice\" \/>\n<meta name=\"robots\" content=\"index, follow, max-snippet:-1, max-image-preview:large, max-video-preview:-1\" \/>\n<link rel=\"canonical\" href=\"https:\/\/progettotouring.it\/radiotouring104\/2025\/01\/14\/alta-velocita-in-calabria-senatrice-minasi-si-fara\/\" \/>\n<meta property=\"og:locale\" content=\"it_IT\" \/>\n<meta property=\"og:type\" content=\"article\" \/>\n<meta property=\"og:title\" content=\"Alta Velocit\u00e0 in Calabria, Senatrice Minasi: &quot;Si far\u00e0&quot;\" \/>\n<meta property=\"og:description\" content=\"&quot;Disinformazione dilagante, allarmismo inutile e dannoso. I soldi ci sono ed i risultati sono tangibili&quot;, dichiara la Senatrice\" \/>\n<meta property=\"og:url\" content=\"https:\/\/progettotouring.it\/radiotouring104\/2025\/01\/14\/alta-velocita-in-calabria-senatrice-minasi-si-fara\/\" \/>\n<meta property=\"og:site_name\" content=\"Radio Touring 104\" \/>\n<meta property=\"article:published_time\" content=\"2025-01-14T17:08:22+00:00\" \/>\n<meta property=\"og:image\" content=\"https:\/\/progettotouring.it\/radiotouring104\/wp-content\/uploads\/sites\/6\/2022\/10\/tilde-minasi.jpg\" \/>\n\t<meta property=\"og:image:width\" content=\"932\" \/>\n\t<meta property=\"og:image:height\" content=\"716\" \/>\n\t<meta property=\"og:image:type\" content=\"image\/jpeg\" \/>\n<meta name=\"author\" content=\"Sebastiano Plutino\" \/>\n<meta name=\"twitter:card\" content=\"summary_large_image\" \/>\n<meta name=\"twitter:label1\" content=\"Scritto da\" \/>\n\t<meta name=\"twitter:data1\" content=\"Sebastiano Plutino\" \/>\n\t<meta name=\"twitter:label2\" content=\"Tempo di lettura stimato\" \/>\n\t<meta name=\"twitter:data2\" content=\"3 minuti\" \/>\n<script type=\"application\/ld+json\" class=\"yoast-schema-graph\">{\"@context\":\"https:\/\/schema.org\",\"@graph\":[{\"@type\":\"Article\",\"@id\":\"https:\/\/progettotouring.it\/radiotouring104\/2025\/01\/14\/alta-velocita-in-calabria-senatrice-minasi-si-fara\/#article\",\"isPartOf\":{\"@id\":\"https:\/\/progettotouring.it\/radiotouring104\/2025\/01\/14\/alta-velocita-in-calabria-senatrice-minasi-si-fara\/\"},\"author\":{\"name\":\"Sebastiano Plutino\",\"@id\":\"https:\/\/progettotouring.it\/radiotouring104\/#\/schema\/person\/78613917f1851f041f7483f5af1d422e\"},\"headline\":\"Alta Velocit\u00e0 in Calabria, Senatrice Minasi: &#8220;Si far\u00e0&#8221;\",\"datePublished\":\"2025-01-14T17:08:22+00:00\",\"mainEntityOfPage\":{\"@id\":\"https:\/\/progettotouring.it\/radiotouring104\/2025\/01\/14\/alta-velocita-in-calabria-senatrice-minasi-si-fara\/\"},\"wordCount\":692,\"publisher\":{\"@id\":\"https:\/\/progettotouring.it\/radiotouring104\/#organization\"},\"image\":{\"@id\":\"https:\/\/progettotouring.it\/radiotouring104\/2025\/01\/14\/alta-velocita-in-calabria-senatrice-minasi-si-fara\/#primaryimage\"},\"thumbnailUrl\":\"https:\/\/progettotouring.it\/radiotouring104\/wp-content\/uploads\/sites\/6\/2022\/10\/tilde-minasi.jpg\",\"keywords\":[\"alta velocit\u00e0 in Calabria\",\"disinformazione dilagante\",\"Senatrice Tilde Minasi\",\"soldi ci sono\"],\"articleSection\":[\"Calabria\",\"Home\"],\"inLanguage\":\"it-IT\"},{\"@type\":\"WebPage\",\"@id\":\"https:\/\/progettotouring.it\/radiotouring104\/2025\/01\/14\/alta-velocita-in-calabria-senatrice-minasi-si-fara\/\",\"url\":\"https:\/\/progettotouring.it\/radiotouring104\/2025\/01\/14\/alta-velocita-in-calabria-senatrice-minasi-si-fara\/\",\"name\":\"Alta Velocit\u00e0 in Calabria, Senatrice Minasi: \\\"Si far\u00e0\\\"\",\"isPartOf\":{\"@id\":\"https:\/\/progettotouring.it\/radiotouring104\/#website\"},\"primaryImageOfPage\":{\"@id\":\"https:\/\/progettotouring.it\/radiotouring104\/2025\/01\/14\/alta-velocita-in-calabria-senatrice-minasi-si-fara\/#primaryimage\"},\"image\":{\"@id\":\"https:\/\/progettotouring.it\/radiotouring104\/2025\/01\/14\/alta-velocita-in-calabria-senatrice-minasi-si-fara\/#primaryimage\"},\"thumbnailUrl\":\"https:\/\/progettotouring.it\/radiotouring104\/wp-content\/uploads\/sites\/6\/2022\/10\/tilde-minasi.jpg\",\"datePublished\":\"2025-01-14T17:08:22+00:00\",\"description\":\"\\\"Disinformazione dilagante, allarmismo inutile e dannoso. I soldi ci sono ed i risultati sono tangibili\\\", dichiara la Senatrice\",\"breadcrumb\":{\"@id\":\"https:\/\/progettotouring.it\/radiotouring104\/2025\/01\/14\/alta-velocita-in-calabria-senatrice-minasi-si-fara\/#breadcrumb\"},\"inLanguage\":\"it-IT\",\"potentialAction\":[{\"@type\":\"ReadAction\",\"target\":[\"https:\/\/progettotouring.it\/radiotouring104\/2025\/01\/14\/alta-velocita-in-calabria-senatrice-minasi-si-fara\/\"]}]},{\"@type\":\"ImageObject\",\"inLanguage\":\"it-IT\",\"@id\":\"https:\/\/progettotouring.it\/radiotouring104\/2025\/01\/14\/alta-velocita-in-calabria-senatrice-minasi-si-fara\/#primaryimage\",\"url\":\"https:\/\/progettotouring.it\/radiotouring104\/wp-content\/uploads\/sites\/6\/2022\/10\/tilde-minasi.jpg\",\"contentUrl\":\"https:\/\/progettotouring.it\/radiotouring104\/wp-content\/uploads\/sites\/6\/2022\/10\/tilde-minasi.jpg\",\"width\":932,\"height\":716},{\"@type\":\"BreadcrumbList\",\"@id\":\"https:\/\/progettotouring.it\/radiotouring104\/2025\/01\/14\/alta-velocita-in-calabria-senatrice-minasi-si-fara\/#breadcrumb\",\"itemListElement\":[{\"@type\":\"ListItem\",\"position\":1,\"name\":\"Home\",\"item\":\"https:\/\/progettotouring.it\/radiotouring104\/\"},{\"@type\":\"ListItem\",\"position\":2,\"name\":\"Alta Velocit\u00e0 in Calabria, Senatrice Minasi: &#8220;Si far\u00e0&#8221;\"}]},{\"@type\":\"WebSite\",\"@id\":\"https:\/\/progettotouring.it\/radiotouring104\/#website\",\"url\":\"https:\/\/progettotouring.it\/radiotouring104\/\",\"name\":\"Radio Touring 104\",\"description\":\"La prima radio Reggina\",\"publisher\":{\"@id\":\"https:\/\/progettotouring.it\/radiotouring104\/#organization\"},\"potentialAction\":[{\"@type\":\"SearchAction\",\"target\":{\"@type\":\"EntryPoint\",\"urlTemplate\":\"https:\/\/progettotouring.it\/radiotouring104\/?s={search_term_string}\"},\"query-input\":{\"@type\":\"PropertyValueSpecification\",\"valueRequired\":true,\"valueName\":\"search_term_string\"}}],\"inLanguage\":\"it-IT\"},{\"@type\":\"Organization\",\"@id\":\"https:\/\/progettotouring.it\/radiotouring104\/#organization\",\"name\":\"Radio Touring 104\",\"url\":\"https:\/\/progettotouring.it\/radiotouring104\/\",\"logo\":{\"@type\":\"ImageObject\",\"inLanguage\":\"it-IT\",\"@id\":\"https:\/\/progettotouring.it\/radiotouring104\/#\/schema\/logo\/image\/\",\"url\":\"https:\/\/progettotouring.it\/radiotouring104\/wp-content\/uploads\/sites\/6\/2022\/02\/cropped-logo-radio-touring-104.png\",\"contentUrl\":\"https:\/\/progettotouring.it\/radiotouring104\/wp-content\/uploads\/sites\/6\/2022\/02\/cropped-logo-radio-touring-104.png\",\"width\":377,\"height\":182,\"caption\":\"Radio Touring 104\"},\"image\":{\"@id\":\"https:\/\/progettotouring.it\/radiotouring104\/#\/schema\/logo\/image\/\"}},{\"@type\":\"Person\",\"@id\":\"https:\/\/progettotouring.it\/radiotouring104\/#\/schema\/person\/78613917f1851f041f7483f5af1d422e\",\"name\":\"Sebastiano Plutino\",\"image\":{\"@type\":\"ImageObject\",\"inLanguage\":\"it-IT\",\"@id\":\"https:\/\/secure.gravatar.com\/avatar\/0546ffaa9b79224faf9f2a156b67a529ae861d3287c66c1d8ccfdf909bcba78d?s=96&d=mm&r=g\",\"url\":\"https:\/\/secure.gravatar.com\/avatar\/0546ffaa9b79224faf9f2a156b67a529ae861d3287c66c1d8ccfdf909bcba78d?s=96&d=mm&r=g\",\"contentUrl\":\"https:\/\/secure.gravatar.com\/avatar\/0546ffaa9b79224faf9f2a156b67a529ae861d3287c66c1d8ccfdf909bcba78d?s=96&d=mm&r=g\",\"caption\":\"Sebastiano Plutino\"},\"url\":\"https:\/\/progettotouring.it\/radiotouring104\/author\/sebastiano\/\"}]}<\/script>\n<!-- \/ Yoast SEO plugin. -->","yoast_head_json":{"title":"Alta Velocit\u00e0 in Calabria, Senatrice Minasi: \"Si far\u00e0\"","description":"\"Disinformazione dilagante, allarmismo inutile e dannoso. I soldi ci sono ed i risultati sono tangibili\", dichiara la Senatrice","robots":{"index":"index","follow":"follow","max-snippet":"max-snippet:-1","max-image-preview":"max-image-preview:large","max-video-preview":"max-video-preview:-1"},"canonical":"https:\/\/progettotouring.it\/radiotouring104\/2025\/01\/14\/alta-velocita-in-calabria-senatrice-minasi-si-fara\/","og_locale":"it_IT","og_type":"article","og_title":"Alta Velocit\u00e0 in Calabria, Senatrice Minasi: \"Si far\u00e0\"","og_description":"\"Disinformazione dilagante, allarmismo inutile e dannoso. I soldi ci sono ed i risultati sono tangibili\", dichiara la Senatrice","og_url":"https:\/\/progettotouring.it\/radiotouring104\/2025\/01\/14\/alta-velocita-in-calabria-senatrice-minasi-si-fara\/","og_site_name":"Radio Touring 104","article_published_time":"2025-01-14T17:08:22+00:00","og_image":[{"width":932,"height":716,"url":"https:\/\/progettotouring.it\/radiotouring104\/wp-content\/uploads\/sites\/6\/2022\/10\/tilde-minasi.jpg","type":"image\/jpeg"}],"author":"Sebastiano Plutino","twitter_card":"summary_large_image","twitter_misc":{"Scritto da":"Sebastiano Plutino","Tempo di lettura stimato":"3 minuti"},"schema":{"@context":"https:\/\/schema.org","@graph":[{"@type":"Article","@id":"https:\/\/progettotouring.it\/radiotouring104\/2025\/01\/14\/alta-velocita-in-calabria-senatrice-minasi-si-fara\/#article","isPartOf":{"@id":"https:\/\/progettotouring.it\/radiotouring104\/2025\/01\/14\/alta-velocita-in-calabria-senatrice-minasi-si-fara\/"},"author":{"name":"Sebastiano Plutino","@id":"https:\/\/progettotouring.it\/radiotouring104\/#\/schema\/person\/78613917f1851f041f7483f5af1d422e"},"headline":"Alta Velocit\u00e0 in Calabria, Senatrice Minasi: &#8220;Si far\u00e0&#8221;","datePublished":"2025-01-14T17:08:22+00:00","mainEntityOfPage":{"@id":"https:\/\/progettotouring.it\/radiotouring104\/2025\/01\/14\/alta-velocita-in-calabria-senatrice-minasi-si-fara\/"},"wordCount":692,"publisher":{"@id":"https:\/\/progettotouring.it\/radiotouring104\/#organization"},"image":{"@id":"https:\/\/progettotouring.it\/radiotouring104\/2025\/01\/14\/alta-velocita-in-calabria-senatrice-minasi-si-fara\/#primaryimage"},"thumbnailUrl":"https:\/\/progettotouring.it\/radiotouring104\/wp-content\/uploads\/sites\/6\/2022\/10\/tilde-minasi.jpg","keywords":["alta velocit\u00e0 in Calabria","disinformazione dilagante","Senatrice Tilde Minasi","soldi ci sono"],"articleSection":["Calabria","Home"],"inLanguage":"it-IT"},{"@type":"WebPage","@id":"https:\/\/progettotouring.it\/radiotouring104\/2025\/01\/14\/alta-velocita-in-calabria-senatrice-minasi-si-fara\/","url":"https:\/\/progettotouring.it\/radiotouring104\/2025\/01\/14\/alta-velocita-in-calabria-senatrice-minasi-si-fara\/","name":"Alta Velocit\u00e0 in Calabria, Senatrice Minasi: \"Si far\u00e0\"","isPartOf":{"@id":"https:\/\/progettotouring.it\/radiotouring104\/#website"},"primaryImageOfPage":{"@id":"https:\/\/progettotouring.it\/radiotouring104\/2025\/01\/14\/alta-velocita-in-calabria-senatrice-minasi-si-fara\/#primaryimage"},"image":{"@id":"https:\/\/progettotouring.it\/radiotouring104\/2025\/01\/14\/alta-velocita-in-calabria-senatrice-minasi-si-fara\/#primaryimage"},"thumbnailUrl":"https:\/\/progettotouring.it\/radiotouring104\/wp-content\/uploads\/sites\/6\/2022\/10\/tilde-minasi.jpg","datePublished":"2025-01-14T17:08:22+00:00","description":"\"Disinformazione dilagante, allarmismo inutile e dannoso. I soldi ci sono ed i risultati sono tangibili\", dichiara la Senatrice","breadcrumb":{"@id":"https:\/\/progettotouring.it\/radiotouring104\/2025\/01\/14\/alta-velocita-in-calabria-senatrice-minasi-si-fara\/#breadcrumb"},"inLanguage":"it-IT","potentialAction":[{"@type":"ReadAction","target":["https:\/\/progettotouring.it\/radiotouring104\/2025\/01\/14\/alta-velocita-in-calabria-senatrice-minasi-si-fara\/"]}]},{"@type":"ImageObject","inLanguage":"it-IT","@id":"https:\/\/progettotouring.it\/radiotouring104\/2025\/01\/14\/alta-velocita-in-calabria-senatrice-minasi-si-fara\/#primaryimage","url":"https:\/\/progettotouring.it\/radiotouring104\/wp-content\/uploads\/sites\/6\/2022\/10\/tilde-minasi.jpg","contentUrl":"https:\/\/progettotouring.it\/radiotouring104\/wp-content\/uploads\/sites\/6\/2022\/10\/tilde-minasi.jpg","width":932,"height":716},{"@type":"BreadcrumbList","@id":"https:\/\/progettotouring.it\/radiotouring104\/2025\/01\/14\/alta-velocita-in-calabria-senatrice-minasi-si-fara\/#breadcrumb","itemListElement":[{"@type":"ListItem","position":1,"name":"Home","item":"https:\/\/progettotouring.it\/radiotouring104\/"},{"@type":"ListItem","position":2,"name":"Alta Velocit\u00e0 in Calabria, Senatrice Minasi: &#8220;Si far\u00e0&#8221;"}]},{"@type":"WebSite","@id":"https:\/\/progettotouring.it\/radiotouring104\/#website","url":"https:\/\/progettotouring.it\/radiotouring104\/","name":"Radio Touring 104","description":"La prima radio Reggina","publisher":{"@id":"https:\/\/progettotouring.it\/radiotouring104\/#organization"},"potentialAction":[{"@type":"SearchAction","target":{"@type":"EntryPoint","urlTemplate":"https:\/\/progettotouring.it\/radiotouring104\/?s={search_term_string}"},"query-input":{"@type":"PropertyValueSpecification","valueRequired":true,"valueName":"search_term_string"}}],"inLanguage":"it-IT"},{"@type":"Organization","@id":"https:\/\/progettotouring.it\/radiotouring104\/#organization","name":"Radio Touring 104","url":"https:\/\/progettotouring.it\/radiotouring104\/","logo":{"@type":"ImageObject","inLanguage":"it-IT","@id":"https:\/\/progettotouring.it\/radiotouring104\/#\/schema\/logo\/image\/","url":"https:\/\/progettotouring.it\/radiotouring104\/wp-content\/uploads\/sites\/6\/2022\/02\/cropped-logo-radio-touring-104.png","contentUrl":"https:\/\/progettotouring.it\/radiotouring104\/wp-content\/uploads\/sites\/6\/2022\/02\/cropped-logo-radio-touring-104.png","width":377,"height":182,"caption":"Radio Touring 104"},"image":{"@id":"https:\/\/progettotouring.it\/radiotouring104\/#\/schema\/logo\/image\/"}},{"@type":"Person","@id":"https:\/\/progettotouring.it\/radiotouring104\/#\/schema\/person\/78613917f1851f041f7483f5af1d422e","name":"Sebastiano Plutino","image":{"@type":"ImageObject","inLanguage":"it-IT","@id":"https:\/\/secure.gravatar.com\/avatar\/0546ffaa9b79224faf9f2a156b67a529ae861d3287c66c1d8ccfdf909bcba78d?s=96&d=mm&r=g","url":"https:\/\/secure.gravatar.com\/avatar\/0546ffaa9b79224faf9f2a156b67a529ae861d3287c66c1d8ccfdf909bcba78d?s=96&d=mm&r=g","contentUrl":"https:\/\/secure.gravatar.com\/avatar\/0546ffaa9b79224faf9f2a156b67a529ae861d3287c66c1d8ccfdf909bcba78d?s=96&d=mm&r=g","caption":"Sebastiano Plutino"},"url":"https:\/\/progettotouring.it\/radiotouring104\/author\/sebastiano\/"}]}},"jetpack_publicize_connections":[],"jetpack_featured_media_url":"https:\/\/progettotouring.it\/radiotouring104\/wp-content\/uploads\/sites\/6\/2022\/10\/tilde-minasi.jpg","jetpack_sharing_enabled":true,"_links":{"self":[{"href":"https:\/\/progettotouring.it\/radiotouring104\/wp-json\/wp\/v2\/posts\/64773","targetHints":{"allow":["GET"]}}],"collection":[{"href":"https:\/\/progettotouring.it\/radiotouring104\/wp-json\/wp\/v2\/posts"}],"about":[{"href":"https:\/\/progettotouring.it\/radiotouring104\/wp-json\/wp\/v2\/types\/post"}],"author":[{"embeddable":true,"href":"https:\/\/progettotouring.it\/radiotouring104\/wp-json\/wp\/v2\/users\/12"}],"replies":[{"embeddable":true,"href":"https:\/\/progettotouring.it\/radiotouring104\/wp-json\/wp\/v2\/comments?post=64773"}],"version-history":[{"count":1,"href":"https:\/\/progettotouring.it\/radiotouring104\/wp-json\/wp\/v2\/posts\/64773\/revisions"}],"predecessor-version":[{"id":64774,"href":"https:\/\/progettotouring.it\/radiotouring104\/wp-json\/wp\/v2\/posts\/64773\/revisions\/64774"}],"wp:featuredmedia":[{"embeddable":true,"href":"https:\/\/progettotouring.it\/radiotouring104\/wp-json\/wp\/v2\/media\/10212"}],"wp:attachment":[{"href":"https:\/\/progettotouring.it\/radiotouring104\/wp-json\/wp\/v2\/media?parent=64773"}],"wp:term":[{"taxonomy":"category","embeddable":true,"href":"https:\/\/progettotouring.it\/radiotouring104\/wp-json\/wp\/v2\/categories?post=64773"},{"taxonomy":"post_tag","embeddable":true,"href":"https:\/\/progettotouring.it\/radiotouring104\/wp-json\/wp\/v2\/tags?post=64773"}],"curies":[{"name":"wp","href":"https:\/\/api.w.org\/{rel}","templated":true}]}}