{"id":64799,"date":"2025-01-15T09:27:02","date_gmt":"2025-01-15T08:27:02","guid":{"rendered":"https:\/\/progettotouring.it\/radiotouring104\/?p=64799"},"modified":"2025-01-15T09:27:35","modified_gmt":"2025-01-15T08:27:35","slug":"ponte-sullo-stretto-il-comune-di-villa-seguiremo-con-attenzione-il-procedimento","status":"publish","type":"post","link":"https:\/\/progettotouring.it\/radiotouring104\/2025\/01\/15\/ponte-sullo-stretto-il-comune-di-villa-seguiremo-con-attenzione-il-procedimento\/","title":{"rendered":"Ponte sullo Stretto, il Comune di Villa: &#8220;Seguiremo con attenzione il procedimento&#8221;"},"content":{"rendered":"<div dir=\"auto\" style=\"text-align: justify\"><strong>Ieri al Tar Lazio si \u00e8 discusso in udienza<\/strong> cautelare la<strong> causa promossa dal Comune di Villa<\/strong> San Giovanni e dalla citt\u00e0 metropolitana di Reggio Calabria<strong> per l\u2019annullamento del parere reso dalla commissione VIA del ministero dell\u2019Ambiente<\/strong> in data 19 novembre 2024.<\/div>\n<div dir=\"auto\"><\/div>\n<div dir=\"auto\" style=\"text-align: justify\">Nel merito si riporta <strong>quanto dichiarato all\u2019esito dell\u2019udienza dal<\/strong> <strong>Prof. Granara<\/strong> che segue i due enti territoriali ricorrenti: <em>\u201cIn data odierna, all\u2019udienza cautelare del ricorso, proposto dinanzi al T.A.R. per il Lazio avverso la valutazione di impatto ambientale con prescrizioni per il progetto del c.d. \u2018ponte sullo stretto di Messina\u2019, \u00e8 emersa la necessit\u00e0 di impugnare, con motivi aggiunti, il provvedimento del Direttore Generale della Direzione Generale per lo sviluppo del territorio e i progetti internazionali \u2013 Dipartimento per le infrastrutture e le reti di trasporto del Ministero delle Infrastrutture e dei Trasporti, successivamente intervenuto, in data 23.12.2024. Pertanto, \u00e8 stato chiesto ed ottenuto il differimento dell\u2019udienza a data da destinarsi per consentire la proposizione della preannunciata impugnazione avverso il nuovo atto. Il Comune di Villa San Giovanni e la Citt\u00e0 Metropolitana di Reggio Calabria seguiranno con attenzione il complesso e lungo procedimento, manifestando avverso ogni atto che dovesse ulteriormente essere adottato la loro ferma opposizione nei confronti di un progetto e di una procedura illegittimi e, come tali, inutili e dannosi per le realt\u00e0 territoriali coinvolte\u201d.\u00a0<\/em><\/div>\n<div dir=\"auto\"><\/div>\n<div dir=\"auto\" style=\"text-align: justify\">Una <strong>strategia difensiva quella dei due enti<\/strong> &#8211; totalmente <strong>affidata al Prof. Granara &#8211; che sapr\u00e0 al meglio rappresentare l\u2019interesse primario delle due ricorrenti:<\/strong> la necessit\u00e0 ad avere un progetto definitivo dettagliato ed una procedura corretta e non \u201cforzata\u201c nei modi e nei tempi delle singole fasi.<\/div>\n<div dir=\"auto\"><\/div>\n<div dir=\"auto\" style=\"text-align: justify\"><strong>Abbiamo letto le due memorie di costituzione<\/strong> presentate dall\u2019avvocatura generale dello Stato per la Presidenza del Consiglio dei Ministri e i ministri interessati e dalla proponente Stretto di Messina (le altre costituzioni sono state meramente formali)<strong>: il profilo della inammissibilit\u00e0 del ricorso<\/strong> per come sostenuto \u00e8 superato dall\u2019accoglimento del rinvio nel merito al fine di presentare motivi aggiunti sugli atti che si andranno a produrre nel lungo iter fino all\u2019approvazione eventuale del progetto davanti al CIPESS.<\/div>\n<div dir=\"auto\"><\/div>\n<div dir=\"auto\" style=\"text-align: justify\"><strong>La proposizione di un\u2019azione giudiziaria non \u00e8 certamente da<\/strong> \u201cdetrattori\u201c come da taluno siamo stati definiti nelle ultime settimane: piuttosto la posizione terza ed istituzionale assunta sin dal primo momento non poteva avere altro esito se non quello di chiedere al tribunale amministrativo una valutazione di merito. Lo dimostrano i vizi per i quali si \u00e8 chiesto al Tar l\u2019annullamento del parere favorevole con prescrizione rilasciato dalla commissione VIA, che si configurano come vizi di legittimit\u00e0 dell\u2019atto adottato.<\/div>\n<div dir=\"auto\"><\/div>\n<div dir=\"auto\" style=\"text-align: justify\"><strong>Continuiamo a dire che gli enti territoriali sono stati chiamati ad esprimere il giudizio di merito di questo progetto definitivo aggiornato:<\/strong> carenze progettuali e carenze procedimentali minano l\u2019esercizio dei legittimi poteri da parte degli enti locali e, conseguentemente, non permettono garanzie alle citt\u00e0 che rappresentiamo.<\/div>\n<div dir=\"auto\" style=\"text-align: justify\">Sin dall\u2019inizio eravamo e siamo consapevoli che il giudizio dinanzi al Tar sar\u00e0 approfondito e subordinato, anche nei tempi, agli atti che saranno adottati dall\u2019amministrazione centrale: a cominciare, appunto, dalla valutazione del provvedimento a firma del direttore generale del Mit dello scorso 23 dicembre 2024. \u00c8 chiaro che oltre alla verbalizzazione (che risponde a quanto sostenuto in conferenza dei servizi) c\u2019\u00e8 il pi\u00f9 pregnante profilo di una adeguata presa in considerazione di tutte le posizioni della citt\u00e0.<\/div>\n<div dir=\"auto\"><\/div>\n<div dir=\"auto\" style=\"text-align: justify\">Con lo stesso metodo tecnico scientifico scrupoloso con cui ci siamo fin qui approcciati alle migliaia di elaborati progettuali, il legale nominato e noi amministratori continueremo ad approcciarci alla procedura in essere ed agli atti amministrativi che di volta in volta saranno prodotti, senza alcuna posizione di pregiudizio e\/o ideologica, ma soltanto e sempre nel superiore interesse della tutela di ciascun villese.<\/div>\n<div dir=\"auto\"><\/div>\n","protected":false},"excerpt":{"rendered":"<p>Ieri al Tar Lazio si \u00e8 discusso in udienza cautelare la causa promossa dal Comune di Villa San Giovanni e dalla citt\u00e0 metropolitana di Reggio Calabria per l\u2019annullamento del parere&hellip;<\/p>\n","protected":false},"author":12,"featured_media":22931,"comment_status":"closed","ping_status":"open","sticky":false,"template":"","format":"standard","meta":{"_jetpack_memberships_contains_paid_content":false,"footnotes":"","jetpack_publicize_message":"","jetpack_publicize_feature_enabled":true,"jetpack_social_post_already_shared":true,"jetpack_social_options":{"image_generator_settings":{"template":"highway","default_image_id":0,"font":"","enabled":false},"version":2}},"categories":[921,196,140],"tags":[39358,22409,4355,39359],"class_list":["post-64799","post","type-post","status-publish","format-standard","has-post-thumbnail","hentry","category-home","category-news","category-reggio-calabria","tag-accoglienza-ricorso","tag-comune-di-villa-s-giovanni","tag-ponte-sullo-stretto","tag-udienza-rinviata-dal-tar"],"yoast_head":"<!-- This site is optimized with the Yoast SEO plugin v27.2 - https:\/\/yoast.com\/product\/yoast-seo-wordpress\/ -->\n<title>Ponte Stretto, Comune Villa: &quot;Seguiremo il procedimento&quot;<\/title>\n<meta name=\"description\" content=\"Il Comune di Villa commenta la decisione del Tribunale amministrativo regionale sull&#039;accoglienza del ricorso\" \/>\n<meta name=\"robots\" content=\"index, follow, max-snippet:-1, max-image-preview:large, max-video-preview:-1\" \/>\n<link rel=\"canonical\" href=\"https:\/\/progettotouring.it\/radiotouring104\/2025\/01\/15\/ponte-sullo-stretto-il-comune-di-villa-seguiremo-con-attenzione-il-procedimento\/\" \/>\n<meta property=\"og:locale\" content=\"it_IT\" \/>\n<meta property=\"og:type\" content=\"article\" \/>\n<meta property=\"og:title\" content=\"Ponte Stretto, Comune Villa: &quot;Seguiremo il procedimento&quot;\" \/>\n<meta property=\"og:description\" content=\"Il Comune di Villa commenta la decisione del Tribunale amministrativo regionale sull&#039;accoglienza del ricorso\" \/>\n<meta property=\"og:url\" content=\"https:\/\/progettotouring.it\/radiotouring104\/2025\/01\/15\/ponte-sullo-stretto-il-comune-di-villa-seguiremo-con-attenzione-il-procedimento\/\" \/>\n<meta property=\"og:site_name\" content=\"Radio Touring 104\" \/>\n<meta property=\"article:published_time\" content=\"2025-01-15T08:27:02+00:00\" \/>\n<meta property=\"article:modified_time\" content=\"2025-01-15T08:27:35+00:00\" \/>\n<meta property=\"og:image\" content=\"https:\/\/progettotouring.it\/radiotouring104\/wp-content\/uploads\/sites\/6\/2023\/04\/PontesulloStretto.jpg\" \/>\n\t<meta property=\"og:image:width\" content=\"665\" \/>\n\t<meta property=\"og:image:height\" content=\"293\" \/>\n\t<meta property=\"og:image:type\" content=\"image\/jpeg\" \/>\n<meta name=\"author\" content=\"Sebastiano Plutino\" \/>\n<meta name=\"twitter:card\" content=\"summary_large_image\" \/>\n<meta name=\"twitter:label1\" content=\"Scritto da\" \/>\n\t<meta name=\"twitter:data1\" content=\"Sebastiano Plutino\" \/>\n\t<meta name=\"twitter:label2\" content=\"Tempo di lettura stimato\" \/>\n\t<meta name=\"twitter:data2\" content=\"3 minuti\" \/>\n<script type=\"application\/ld+json\" class=\"yoast-schema-graph\">{\"@context\":\"https:\/\/schema.org\",\"@graph\":[{\"@type\":\"Article\",\"@id\":\"https:\/\/progettotouring.it\/radiotouring104\/2025\/01\/15\/ponte-sullo-stretto-il-comune-di-villa-seguiremo-con-attenzione-il-procedimento\/#article\",\"isPartOf\":{\"@id\":\"https:\/\/progettotouring.it\/radiotouring104\/2025\/01\/15\/ponte-sullo-stretto-il-comune-di-villa-seguiremo-con-attenzione-il-procedimento\/\"},\"author\":{\"name\":\"Sebastiano Plutino\",\"@id\":\"https:\/\/progettotouring.it\/radiotouring104\/#\/schema\/person\/78613917f1851f041f7483f5af1d422e\"},\"headline\":\"Ponte sullo Stretto, il Comune di Villa: &#8220;Seguiremo con attenzione il procedimento&#8221;\",\"datePublished\":\"2025-01-15T08:27:02+00:00\",\"dateModified\":\"2025-01-15T08:27:35+00:00\",\"mainEntityOfPage\":{\"@id\":\"https:\/\/progettotouring.it\/radiotouring104\/2025\/01\/15\/ponte-sullo-stretto-il-comune-di-villa-seguiremo-con-attenzione-il-procedimento\/\"},\"wordCount\":623,\"publisher\":{\"@id\":\"https:\/\/progettotouring.it\/radiotouring104\/#organization\"},\"image\":{\"@id\":\"https:\/\/progettotouring.it\/radiotouring104\/2025\/01\/15\/ponte-sullo-stretto-il-comune-di-villa-seguiremo-con-attenzione-il-procedimento\/#primaryimage\"},\"thumbnailUrl\":\"https:\/\/progettotouring.it\/radiotouring104\/wp-content\/uploads\/sites\/6\/2023\/04\/PontesulloStretto.jpg\",\"keywords\":[\"accoglienza ricorso\",\"Comune di Villa S. Giovanni\",\"Ponte sullo stretto\",\"udienza rinviata dal Tar\"],\"articleSection\":[\"Home\",\"News\",\"Reggio Calabria\"],\"inLanguage\":\"it-IT\"},{\"@type\":\"WebPage\",\"@id\":\"https:\/\/progettotouring.it\/radiotouring104\/2025\/01\/15\/ponte-sullo-stretto-il-comune-di-villa-seguiremo-con-attenzione-il-procedimento\/\",\"url\":\"https:\/\/progettotouring.it\/radiotouring104\/2025\/01\/15\/ponte-sullo-stretto-il-comune-di-villa-seguiremo-con-attenzione-il-procedimento\/\",\"name\":\"Ponte Stretto, Comune Villa: \\\"Seguiremo il procedimento\\\"\",\"isPartOf\":{\"@id\":\"https:\/\/progettotouring.it\/radiotouring104\/#website\"},\"primaryImageOfPage\":{\"@id\":\"https:\/\/progettotouring.it\/radiotouring104\/2025\/01\/15\/ponte-sullo-stretto-il-comune-di-villa-seguiremo-con-attenzione-il-procedimento\/#primaryimage\"},\"image\":{\"@id\":\"https:\/\/progettotouring.it\/radiotouring104\/2025\/01\/15\/ponte-sullo-stretto-il-comune-di-villa-seguiremo-con-attenzione-il-procedimento\/#primaryimage\"},\"thumbnailUrl\":\"https:\/\/progettotouring.it\/radiotouring104\/wp-content\/uploads\/sites\/6\/2023\/04\/PontesulloStretto.jpg\",\"datePublished\":\"2025-01-15T08:27:02+00:00\",\"dateModified\":\"2025-01-15T08:27:35+00:00\",\"description\":\"Il Comune di Villa commenta la decisione del Tribunale amministrativo regionale sull'accoglienza del ricorso\",\"breadcrumb\":{\"@id\":\"https:\/\/progettotouring.it\/radiotouring104\/2025\/01\/15\/ponte-sullo-stretto-il-comune-di-villa-seguiremo-con-attenzione-il-procedimento\/#breadcrumb\"},\"inLanguage\":\"it-IT\",\"potentialAction\":[{\"@type\":\"ReadAction\",\"target\":[\"https:\/\/progettotouring.it\/radiotouring104\/2025\/01\/15\/ponte-sullo-stretto-il-comune-di-villa-seguiremo-con-attenzione-il-procedimento\/\"]}]},{\"@type\":\"ImageObject\",\"inLanguage\":\"it-IT\",\"@id\":\"https:\/\/progettotouring.it\/radiotouring104\/2025\/01\/15\/ponte-sullo-stretto-il-comune-di-villa-seguiremo-con-attenzione-il-procedimento\/#primaryimage\",\"url\":\"https:\/\/progettotouring.it\/radiotouring104\/wp-content\/uploads\/sites\/6\/2023\/04\/PontesulloStretto.jpg\",\"contentUrl\":\"https:\/\/progettotouring.it\/radiotouring104\/wp-content\/uploads\/sites\/6\/2023\/04\/PontesulloStretto.jpg\",\"width\":665,\"height\":293},{\"@type\":\"BreadcrumbList\",\"@id\":\"https:\/\/progettotouring.it\/radiotouring104\/2025\/01\/15\/ponte-sullo-stretto-il-comune-di-villa-seguiremo-con-attenzione-il-procedimento\/#breadcrumb\",\"itemListElement\":[{\"@type\":\"ListItem\",\"position\":1,\"name\":\"Home\",\"item\":\"https:\/\/progettotouring.it\/radiotouring104\/\"},{\"@type\":\"ListItem\",\"position\":2,\"name\":\"Ponte sullo Stretto, il Comune di Villa: &#8220;Seguiremo con attenzione il procedimento&#8221;\"}]},{\"@type\":\"WebSite\",\"@id\":\"https:\/\/progettotouring.it\/radiotouring104\/#website\",\"url\":\"https:\/\/progettotouring.it\/radiotouring104\/\",\"name\":\"Radio Touring 104\",\"description\":\"La prima radio Reggina\",\"publisher\":{\"@id\":\"https:\/\/progettotouring.it\/radiotouring104\/#organization\"},\"potentialAction\":[{\"@type\":\"SearchAction\",\"target\":{\"@type\":\"EntryPoint\",\"urlTemplate\":\"https:\/\/progettotouring.it\/radiotouring104\/?s={search_term_string}\"},\"query-input\":{\"@type\":\"PropertyValueSpecification\",\"valueRequired\":true,\"valueName\":\"search_term_string\"}}],\"inLanguage\":\"it-IT\"},{\"@type\":\"Organization\",\"@id\":\"https:\/\/progettotouring.it\/radiotouring104\/#organization\",\"name\":\"Radio Touring 104\",\"url\":\"https:\/\/progettotouring.it\/radiotouring104\/\",\"logo\":{\"@type\":\"ImageObject\",\"inLanguage\":\"it-IT\",\"@id\":\"https:\/\/progettotouring.it\/radiotouring104\/#\/schema\/logo\/image\/\",\"url\":\"https:\/\/progettotouring.it\/radiotouring104\/wp-content\/uploads\/sites\/6\/2022\/02\/cropped-logo-radio-touring-104.png\",\"contentUrl\":\"https:\/\/progettotouring.it\/radiotouring104\/wp-content\/uploads\/sites\/6\/2022\/02\/cropped-logo-radio-touring-104.png\",\"width\":377,\"height\":182,\"caption\":\"Radio Touring 104\"},\"image\":{\"@id\":\"https:\/\/progettotouring.it\/radiotouring104\/#\/schema\/logo\/image\/\"}},{\"@type\":\"Person\",\"@id\":\"https:\/\/progettotouring.it\/radiotouring104\/#\/schema\/person\/78613917f1851f041f7483f5af1d422e\",\"name\":\"Sebastiano Plutino\",\"image\":{\"@type\":\"ImageObject\",\"inLanguage\":\"it-IT\",\"@id\":\"https:\/\/secure.gravatar.com\/avatar\/0546ffaa9b79224faf9f2a156b67a529ae861d3287c66c1d8ccfdf909bcba78d?s=96&d=mm&r=g\",\"url\":\"https:\/\/secure.gravatar.com\/avatar\/0546ffaa9b79224faf9f2a156b67a529ae861d3287c66c1d8ccfdf909bcba78d?s=96&d=mm&r=g\",\"contentUrl\":\"https:\/\/secure.gravatar.com\/avatar\/0546ffaa9b79224faf9f2a156b67a529ae861d3287c66c1d8ccfdf909bcba78d?s=96&d=mm&r=g\",\"caption\":\"Sebastiano Plutino\"},\"url\":\"https:\/\/progettotouring.it\/radiotouring104\/author\/sebastiano\/\"}]}<\/script>\n<!-- \/ Yoast SEO plugin. -->","yoast_head_json":{"title":"Ponte Stretto, Comune Villa: \"Seguiremo il procedimento\"","description":"Il Comune di Villa commenta la decisione del Tribunale amministrativo regionale sull'accoglienza del ricorso","robots":{"index":"index","follow":"follow","max-snippet":"max-snippet:-1","max-image-preview":"max-image-preview:large","max-video-preview":"max-video-preview:-1"},"canonical":"https:\/\/progettotouring.it\/radiotouring104\/2025\/01\/15\/ponte-sullo-stretto-il-comune-di-villa-seguiremo-con-attenzione-il-procedimento\/","og_locale":"it_IT","og_type":"article","og_title":"Ponte Stretto, Comune Villa: \"Seguiremo il procedimento\"","og_description":"Il Comune di Villa commenta la decisione del Tribunale amministrativo regionale sull'accoglienza del ricorso","og_url":"https:\/\/progettotouring.it\/radiotouring104\/2025\/01\/15\/ponte-sullo-stretto-il-comune-di-villa-seguiremo-con-attenzione-il-procedimento\/","og_site_name":"Radio Touring 104","article_published_time":"2025-01-15T08:27:02+00:00","article_modified_time":"2025-01-15T08:27:35+00:00","og_image":[{"width":665,"height":293,"url":"https:\/\/progettotouring.it\/radiotouring104\/wp-content\/uploads\/sites\/6\/2023\/04\/PontesulloStretto.jpg","type":"image\/jpeg"}],"author":"Sebastiano Plutino","twitter_card":"summary_large_image","twitter_misc":{"Scritto da":"Sebastiano Plutino","Tempo di lettura stimato":"3 minuti"},"schema":{"@context":"https:\/\/schema.org","@graph":[{"@type":"Article","@id":"https:\/\/progettotouring.it\/radiotouring104\/2025\/01\/15\/ponte-sullo-stretto-il-comune-di-villa-seguiremo-con-attenzione-il-procedimento\/#article","isPartOf":{"@id":"https:\/\/progettotouring.it\/radiotouring104\/2025\/01\/15\/ponte-sullo-stretto-il-comune-di-villa-seguiremo-con-attenzione-il-procedimento\/"},"author":{"name":"Sebastiano Plutino","@id":"https:\/\/progettotouring.it\/radiotouring104\/#\/schema\/person\/78613917f1851f041f7483f5af1d422e"},"headline":"Ponte sullo Stretto, il Comune di Villa: &#8220;Seguiremo con attenzione il procedimento&#8221;","datePublished":"2025-01-15T08:27:02+00:00","dateModified":"2025-01-15T08:27:35+00:00","mainEntityOfPage":{"@id":"https:\/\/progettotouring.it\/radiotouring104\/2025\/01\/15\/ponte-sullo-stretto-il-comune-di-villa-seguiremo-con-attenzione-il-procedimento\/"},"wordCount":623,"publisher":{"@id":"https:\/\/progettotouring.it\/radiotouring104\/#organization"},"image":{"@id":"https:\/\/progettotouring.it\/radiotouring104\/2025\/01\/15\/ponte-sullo-stretto-il-comune-di-villa-seguiremo-con-attenzione-il-procedimento\/#primaryimage"},"thumbnailUrl":"https:\/\/progettotouring.it\/radiotouring104\/wp-content\/uploads\/sites\/6\/2023\/04\/PontesulloStretto.jpg","keywords":["accoglienza ricorso","Comune di Villa S. Giovanni","Ponte sullo stretto","udienza rinviata dal Tar"],"articleSection":["Home","News","Reggio Calabria"],"inLanguage":"it-IT"},{"@type":"WebPage","@id":"https:\/\/progettotouring.it\/radiotouring104\/2025\/01\/15\/ponte-sullo-stretto-il-comune-di-villa-seguiremo-con-attenzione-il-procedimento\/","url":"https:\/\/progettotouring.it\/radiotouring104\/2025\/01\/15\/ponte-sullo-stretto-il-comune-di-villa-seguiremo-con-attenzione-il-procedimento\/","name":"Ponte Stretto, Comune Villa: \"Seguiremo il procedimento\"","isPartOf":{"@id":"https:\/\/progettotouring.it\/radiotouring104\/#website"},"primaryImageOfPage":{"@id":"https:\/\/progettotouring.it\/radiotouring104\/2025\/01\/15\/ponte-sullo-stretto-il-comune-di-villa-seguiremo-con-attenzione-il-procedimento\/#primaryimage"},"image":{"@id":"https:\/\/progettotouring.it\/radiotouring104\/2025\/01\/15\/ponte-sullo-stretto-il-comune-di-villa-seguiremo-con-attenzione-il-procedimento\/#primaryimage"},"thumbnailUrl":"https:\/\/progettotouring.it\/radiotouring104\/wp-content\/uploads\/sites\/6\/2023\/04\/PontesulloStretto.jpg","datePublished":"2025-01-15T08:27:02+00:00","dateModified":"2025-01-15T08:27:35+00:00","description":"Il Comune di Villa commenta la decisione del Tribunale amministrativo regionale sull'accoglienza del ricorso","breadcrumb":{"@id":"https:\/\/progettotouring.it\/radiotouring104\/2025\/01\/15\/ponte-sullo-stretto-il-comune-di-villa-seguiremo-con-attenzione-il-procedimento\/#breadcrumb"},"inLanguage":"it-IT","potentialAction":[{"@type":"ReadAction","target":["https:\/\/progettotouring.it\/radiotouring104\/2025\/01\/15\/ponte-sullo-stretto-il-comune-di-villa-seguiremo-con-attenzione-il-procedimento\/"]}]},{"@type":"ImageObject","inLanguage":"it-IT","@id":"https:\/\/progettotouring.it\/radiotouring104\/2025\/01\/15\/ponte-sullo-stretto-il-comune-di-villa-seguiremo-con-attenzione-il-procedimento\/#primaryimage","url":"https:\/\/progettotouring.it\/radiotouring104\/wp-content\/uploads\/sites\/6\/2023\/04\/PontesulloStretto.jpg","contentUrl":"https:\/\/progettotouring.it\/radiotouring104\/wp-content\/uploads\/sites\/6\/2023\/04\/PontesulloStretto.jpg","width":665,"height":293},{"@type":"BreadcrumbList","@id":"https:\/\/progettotouring.it\/radiotouring104\/2025\/01\/15\/ponte-sullo-stretto-il-comune-di-villa-seguiremo-con-attenzione-il-procedimento\/#breadcrumb","itemListElement":[{"@type":"ListItem","position":1,"name":"Home","item":"https:\/\/progettotouring.it\/radiotouring104\/"},{"@type":"ListItem","position":2,"name":"Ponte sullo Stretto, il Comune di Villa: &#8220;Seguiremo con attenzione il procedimento&#8221;"}]},{"@type":"WebSite","@id":"https:\/\/progettotouring.it\/radiotouring104\/#website","url":"https:\/\/progettotouring.it\/radiotouring104\/","name":"Radio Touring 104","description":"La prima radio Reggina","publisher":{"@id":"https:\/\/progettotouring.it\/radiotouring104\/#organization"},"potentialAction":[{"@type":"SearchAction","target":{"@type":"EntryPoint","urlTemplate":"https:\/\/progettotouring.it\/radiotouring104\/?s={search_term_string}"},"query-input":{"@type":"PropertyValueSpecification","valueRequired":true,"valueName":"search_term_string"}}],"inLanguage":"it-IT"},{"@type":"Organization","@id":"https:\/\/progettotouring.it\/radiotouring104\/#organization","name":"Radio Touring 104","url":"https:\/\/progettotouring.it\/radiotouring104\/","logo":{"@type":"ImageObject","inLanguage":"it-IT","@id":"https:\/\/progettotouring.it\/radiotouring104\/#\/schema\/logo\/image\/","url":"https:\/\/progettotouring.it\/radiotouring104\/wp-content\/uploads\/sites\/6\/2022\/02\/cropped-logo-radio-touring-104.png","contentUrl":"https:\/\/progettotouring.it\/radiotouring104\/wp-content\/uploads\/sites\/6\/2022\/02\/cropped-logo-radio-touring-104.png","width":377,"height":182,"caption":"Radio Touring 104"},"image":{"@id":"https:\/\/progettotouring.it\/radiotouring104\/#\/schema\/logo\/image\/"}},{"@type":"Person","@id":"https:\/\/progettotouring.it\/radiotouring104\/#\/schema\/person\/78613917f1851f041f7483f5af1d422e","name":"Sebastiano Plutino","image":{"@type":"ImageObject","inLanguage":"it-IT","@id":"https:\/\/secure.gravatar.com\/avatar\/0546ffaa9b79224faf9f2a156b67a529ae861d3287c66c1d8ccfdf909bcba78d?s=96&d=mm&r=g","url":"https:\/\/secure.gravatar.com\/avatar\/0546ffaa9b79224faf9f2a156b67a529ae861d3287c66c1d8ccfdf909bcba78d?s=96&d=mm&r=g","contentUrl":"https:\/\/secure.gravatar.com\/avatar\/0546ffaa9b79224faf9f2a156b67a529ae861d3287c66c1d8ccfdf909bcba78d?s=96&d=mm&r=g","caption":"Sebastiano Plutino"},"url":"https:\/\/progettotouring.it\/radiotouring104\/author\/sebastiano\/"}]}},"jetpack_publicize_connections":[],"jetpack_featured_media_url":"https:\/\/progettotouring.it\/radiotouring104\/wp-content\/uploads\/sites\/6\/2023\/04\/PontesulloStretto.jpg","jetpack_sharing_enabled":true,"_links":{"self":[{"href":"https:\/\/progettotouring.it\/radiotouring104\/wp-json\/wp\/v2\/posts\/64799","targetHints":{"allow":["GET"]}}],"collection":[{"href":"https:\/\/progettotouring.it\/radiotouring104\/wp-json\/wp\/v2\/posts"}],"about":[{"href":"https:\/\/progettotouring.it\/radiotouring104\/wp-json\/wp\/v2\/types\/post"}],"author":[{"embeddable":true,"href":"https:\/\/progettotouring.it\/radiotouring104\/wp-json\/wp\/v2\/users\/12"}],"replies":[{"embeddable":true,"href":"https:\/\/progettotouring.it\/radiotouring104\/wp-json\/wp\/v2\/comments?post=64799"}],"version-history":[{"count":1,"href":"https:\/\/progettotouring.it\/radiotouring104\/wp-json\/wp\/v2\/posts\/64799\/revisions"}],"predecessor-version":[{"id":64800,"href":"https:\/\/progettotouring.it\/radiotouring104\/wp-json\/wp\/v2\/posts\/64799\/revisions\/64800"}],"wp:featuredmedia":[{"embeddable":true,"href":"https:\/\/progettotouring.it\/radiotouring104\/wp-json\/wp\/v2\/media\/22931"}],"wp:attachment":[{"href":"https:\/\/progettotouring.it\/radiotouring104\/wp-json\/wp\/v2\/media?parent=64799"}],"wp:term":[{"taxonomy":"category","embeddable":true,"href":"https:\/\/progettotouring.it\/radiotouring104\/wp-json\/wp\/v2\/categories?post=64799"},{"taxonomy":"post_tag","embeddable":true,"href":"https:\/\/progettotouring.it\/radiotouring104\/wp-json\/wp\/v2\/tags?post=64799"}],"curies":[{"name":"wp","href":"https:\/\/api.w.org\/{rel}","templated":true}]}}