{"id":64808,"date":"2025-01-15T10:02:46","date_gmt":"2025-01-15T09:02:46","guid":{"rendered":"https:\/\/progettotouring.it\/radiotouring104\/?p=64808"},"modified":"2025-01-15T10:02:46","modified_gmt":"2025-01-15T09:02:46","slug":"reggio-la-riqualificazione-di-piazza-del-popolo-al-centro-del-tavolo-della-commissione-controllo-e-garanzia","status":"publish","type":"post","link":"https:\/\/progettotouring.it\/radiotouring104\/2025\/01\/15\/reggio-la-riqualificazione-di-piazza-del-popolo-al-centro-del-tavolo-della-commissione-controllo-e-garanzia\/","title":{"rendered":"Reggio: la riqualificazione di Piazza del Popolo al centro del tavolo della Commissione Controllo e Garanzia"},"content":{"rendered":"<div class=\"xmprfx_signature-div\" style=\"text-align: justify\">Si \u00e8<strong> svolta la seduta dell\u2019ottava commissione consiliare<\/strong> \u201cControllo e Garanzia\u201d, <strong>presieduta dal<\/strong> consigliere <strong>Massimo Ripepi,<\/strong> con un odg incentrato sulla nota questione della sospensione del mercato a Piazza del Popolo.<\/div>\n<div style=\"text-align: justify\"><\/div>\n<div class=\"xmprfx_signature-div\" style=\"text-align: justify\"><strong>Per approfondire la vicenda,<\/strong> sul piano politico-amministrativo,<strong> sono state convocate sia la dirigente<\/strong> del settore Sviluppo Economico e procedimenti Suap,<strong> Loredana Pace,<\/strong> che <strong>l\u2019assessore con delega Marisa Lanucara.\u00a0<\/strong><\/div>\n<div style=\"text-align: justify\"><\/div>\n<div class=\"xmprfx_signature-div\" style=\"text-align: justify\">Alla seduta erano<strong> presenti anche alcuni degli operatori commerciali del mercato<\/strong> cui \u00e8 stata<strong> concessa l\u2019opportunit\u00e0 di esprimere perplessit\u00e0 e proposte<\/strong> oltre che per <strong>chiarire il loro punto di vista sullo stato di<\/strong> \u201cirregolarit\u00e0\u201d contestato a molti di loro dall\u2019Amministrazione rispetto alle vigenti normative di settore.<\/div>\n<div style=\"text-align: justify\"><\/div>\n<div class=\"xmprfx_signature-div\" style=\"text-align: justify\">La <strong>dirigente Loredana Pace \u00e8 stata chiamata in causa per fare chiarezza <\/strong>su alcuni atti amministrativi e, in particolare, <strong>sul bando del 2018 cui hanno fatto appello e riferimento molti operatori;<\/strong> bando che ha prodotto una graduatoria degli aventi diritto per circa 41 posteggi totali, di cui 7 settore alimentare e 34 di altro settore; alcuni tra questi, in particolare, sono stati ammessi solo perch\u00e9 fu autorizzato un piano di rateizzazione.<\/div>\n<div style=\"text-align: justify\"><\/div>\n<div class=\"xmprfx_signature-div\" style=\"text-align: justify\"><strong>Nel frattempo c\u2019\u00e8 stato non solo il cambio di tutti i quadri<\/strong> (sia tra le associazioni di categoria che quello del dirigente di Settore) ma<strong> anche l\u2019avvicendamento di numerose figure dell\u2019ufficio che ha generato non pochi problemi.<\/strong><em> \u201cNei mesi seguenti-<\/em> <strong>ha dichiarato Loredana Pace-<\/strong><em> nessuno ha sollecitato lo scorrimento di graduatoria; agli atti non abbiamo traccia di alcuna richiesta specifica. A maggio 2020, d\u2019altronde, con il DL 34 si chiedeva che le pubbliche amministrazioni procedessero d\u2019ufficio per verificare le posizioni degli operatori e la possibilit\u00e0 di rinnovare a questi la concessione per 12 anni. Una successiva interlocuzione con le associazioni di categoria fece emergere, da parte di alcune, l\u2019esigenza dello scorrimento di graduatoria ma solo dopo la chiusura del processo di regolarizzazione di tutte le aree mercatali; perch\u00e9 da questa verifica sarebbe dipeso direttamente lo scorrimento, il numero e la posizione degli aventi diritto. In alcune commissioni \u2013 ha continuato la dirigente di settore- \u00e8 stato affrontato il problema del perch\u00e9 fossero state revocate concessioni rinnovate, in autotutela, per 12 anni; fu specificato pertanto che questa norma andava contro quelle europee.\u00a0 <\/em><em>Per evitare, dunque, il rischio di infrazione il governo, con l\u2019ultimo Decreto Concorrenza, ha stabilito nuove linee guida; linee che avrebbe dovuto fornire entro marzo 2024 quando, nei fatti invece, non sono ancora arrivate. La graduatoria aveva durata di un anno e l\u2019amministrazione avrebbe potuto riservarsi legittimamente, comunque, di non procedere allo scorrimento senza alcuna pretesa da parte degli operatori. Devo registrare che, nel frattempo, nessuno di loro ha mai sollecitato lo scorrimento in questione.\u201d\u00a0<\/em><\/div>\n<div style=\"text-align: justify\"><\/div>\n<div class=\"xmprfx_signature-div\" style=\"text-align: justify\"><strong>\u00a0La Dirigente ha chiuso il suo intervento<\/strong> con una significativa \u201cannotazione\u201d rispetto all\u2019opinione pubblica ed ai presenti in Commissione<strong>; in riferimento,<\/strong> nello specifico,<strong> all\u2019eclatante protesta di un operatore a piazza del popolo:<\/strong> aspetto umano a parte, nel pieno della comprensione, la<strong> dirigente Pace ha voluto specificare che lo stesso<\/strong> (risultante escluso dalla graduatoria) <strong>aveva un debito di 21mila euro gi\u00e0 soltanto in relazione all\u2019occupazione del suolo<\/strong> e, da verifica ulteriore di questi giorni, non era in regola complessivamente per circa 40mila euro -sul piano tributario- nei confronti del Comune.<\/div>\n<div style=\"text-align: justify\"><\/div>\n<div class=\"xmprfx_signature-div\" style=\"text-align: justify\">Al netto di questa puntuale disamina<strong> l\u2019Amministrazione intende garantire piena disponibilit\u00e0 al confronto per individuare una soluzione di concerto con chi vuole regolarizzarsi<\/strong> ma stabilendo in modo chiaro che il tutto deve avvenire nel pieno rispetto delle norme e nell\u2019ottica di un riordino complessivo delle aree mercatali.<\/div>\n<div style=\"text-align: justify\"><\/div>\n<div class=\"xmprfx_signature-div\" style=\"text-align: justify\"><strong>Piazza del popolo,<\/strong> in particolare, <strong>non giustificava pi\u00f9 in alcun modo le spese amministrative<\/strong> <strong>per la pulizia<\/strong> e la <strong>garanzia dell\u2019igiene quotidiana perch\u00e9 il rapporto era assolutamente sproporzionato.\u00a0<\/strong><\/div>\n<div style=\"text-align: justify\"><\/div>\n<div class=\"xmprfx_signature-div\" style=\"text-align: justify\">L\u2019assessore Marisa Lanucara ha specificato che, da parte sua, c\u2019\u00e8 stata sempre totale disponibilit\u00e0 al confronto; conoscendo il problema, d\u2019altronde, anche da prima del suo mandato politico nel ruolo ricoperto in una importante associazione di categoria.<\/div>\n<div style=\"text-align: justify\"><\/div>\n<div class=\"xmprfx_signature-div\" style=\"text-align: justify\"><em>&#8220;La scelta sul mercato di questa storica piazza -ha spiegato- \u00e8 solo un punto di arrivo di un percorso amministrativo ben preciso e non certo frutto di una decisione personale del sindaco adottata improvvisamente dalla sera al mattino. Nel percorso condiviso, nelle numerose sedute di commissioni, anche dai consiglieri di minoranza sono arrivate indicazioni sempre a supporto dell\u2019indirizzo di un contrasto al degrado, all\u2019abusivismo ed all\u2019illegalit\u00e0&#8221;.<\/em><\/div>\n<div style=\"text-align: justify\"><\/div>\n<div class=\"xmprfx_signature-div\" style=\"text-align: justify\"><strong>Su espressa richiesta di un consigliere di minoranza ha specificato che,<\/strong> con una delibera di giunta di ieri 13 gennaio<strong>, si \u00e8 deciso di sospendere il mercato fino alla fine di giugno 2025 per consentire in questi mesi quel processo necessario di regolarizzazione degli operatori che ne faranno richiesta<\/strong> ed, al contempo,<strong> di individuare in modo chiaro gli interventi di riqualificazione e rifunzionalizzazione della piazza stessa.<\/strong><\/div>\n<div style=\"text-align: justify\"><\/div>\n<div class=\"xmprfx_signature-div\" style=\"text-align: justify\">Nondimeno,<strong> sul mercato di Botteghelle, verr\u00e0 sperimentato da subito un modello di riorganizzazione mercatale da estendere<\/strong> (qualora si rivelasse virtuoso) <strong>anche agli altri mercati.<\/strong> In aggiunta, al fine di venire incontro alle esigenze imminenti degli attuali operatori di piazza del popolo -proprio presso il mercato di Botteghelle- sar\u00e0 possibile adottare il sistema della \u201cspunta\u201d; consentendo, quindi, di utilizzare provvisoriamente dei posteggi vacanti.<\/div>\n<div class=\"xmprfx_signature-div\" style=\"text-align: justify\">Sia da parte del suo assessorato che del settore diretto dalla dirigente Loredana Pace \u00e8 emerso, in ogni caso, che la regolarizzazione eventuale dei singoli operatori li metter\u00e0 in condizione di esercitare la loro attivit\u00e0 ma, nello specifico, in altre aree mercatali da individuare di concerto ai loro bisogni.<\/div>\n<div style=\"text-align: justify\"><\/div>\n<div class=\"xmprfx_signature-div\" style=\"text-align: justify\"><strong>Per conto del centrodestra,<\/strong> oltre al presidente della commissione <strong>Massimo Ripepi,\u00a0sono intervenuti Armando Neri, Federico Milia e Giuseppe De Biasi.\u00a0<\/strong><\/div>\n<div style=\"text-align: justify\"><\/div>\n<div class=\"xmprfx_signature-div\" style=\"text-align: justify\"><strong>La loro posizione,<\/strong> chiara e condivisa, \u00e8 che <strong>il mercato deve rimanere a piazza del popolo per preservarne la storicit\u00e0 e l\u2019aspetto identitario;<\/strong> tutte le altre funzioni che la maggioranza e la giunta vorrebbero assegnare alla piazza sarebbero conciliabili con quella del mercato attraverso una differenziazione delle fasce orarie.<\/div>\n<div style=\"text-align: justify\"><\/div>\n<div class=\"xmprfx_signature-div\" style=\"text-align: justify\"><strong>Il presidente Massimo Ripepi,<\/strong> esprimendo netto disappunto sulla scelta operata dall\u2019amministrazione, <strong>considera la mancata concessione della licenza &#8211;<\/strong>alla luce del bando del 2018-<strong> sia una chiara espressione di immobilismo amministrativo;<\/strong> a dispetto di quanto dichiarato dalla <strong>dirigente Loredana Pace,<\/strong> sull\u2019attesa delle nuove linee guida del Ministero, chiede come sia possibile che in altre citt\u00e0 italiane non vi sia stata questa stessa difficolt\u00e0.<\/div>\n<div class=\"xmprfx_signature-div\" style=\"text-align: justify\">Per Ripepi, dunque, la questione \u00e8 squisitamente di volont\u00e0 politica e non meramente amministrativa. Sulla delibera adottata dalla giunta -rispetto alla sospensione del mercato di piazza del popolo e la sperimentazione in quello di Botteghelle- <strong>Ripepi dichiara:<\/strong><em> \u201cCon questa delibera hanno seppellito il mercato ma vogliono parlare con il morto\u201d. <\/em><strong>Aggiunge inoltre<\/strong><em>: &#8220;La maggioranza non pu\u00f2 vestirsi da paladina della legalit\u00e0 quando per 10 anni l\u2019amministrazione Falcomat\u00e0 non ha fatto nulla per regolarizzare il mercato; esattamente il contrario di quanto fatto dal padre Italo Falcomat\u00e0 che, invece, ha lottato con grande coraggio portando il mercato ad avere una dimensione di grande legalit\u00e0 fintanto che \u00e8 stato sindaco&#8221;.<\/em><\/div>\n<div style=\"text-align: justify\"><\/div>\n<div class=\"xmprfx_signature-div\" style=\"text-align: justify\"><strong>Per la maggioranza sono intervenuti i consiglieri Giuseppe Sera, Giovanni Latella, Franco Barreca e Filippo Quartuccio.\u00a0<\/strong><\/div>\n<div style=\"text-align: justify\"><\/div>\n<div class=\"xmprfx_signature-div\" style=\"text-align: justify\">In particolare, <strong>nel difendere la scelta della sospensione del mercato<\/strong> (sia a livello amministrativo che politico), sono stati evidenziati gli aspetti fondamentali alla base di una decisione che giunge solo dopo un lungo ragionamento all\u2019interno di un percorso partecipato nelle commissioni di competenza.<\/div>\n<div style=\"text-align: justify\"><\/div>\n<div class=\"xmprfx_signature-div\" style=\"text-align: justify\"><strong>Il rischio di un danno erariale,<\/strong> ad esempio, <strong>per una spesa non pi\u00f9 sostenibile<\/strong> (almeno 10 volte superiore a quella delle entrate per l\u2019occupazione del suolo) gi\u00e0 di per s\u00e9 sarebbe stata ragione pi\u00f9 che valida per porre fine allo scenario ultimo di piazza del popolo.<\/div>\n<div style=\"text-align: justify\"><\/div>\n<div class=\"xmprfx_signature-div\" style=\"text-align: justify\"><strong>A questa si aggiungono le questioni di profondo degrado ambientale<\/strong>, di igiene e sicurezza nonch\u00e8 l\u2019impossibilit\u00e0 di tutelare la salute dei cittadini per oggettivi riscontri sulla dubbia provenienza delle merci e l\u2019assenza di tracciabilit\u00e0 delle stesse; aspetti rilevati pi\u00f9 volte e finanche in questi ultimi giorni da operazioni mirate di polizia municipale ed interforze.<\/div>\n<div style=\"text-align: justify\"><\/div>\n<div class=\"xmprfx_signature-div\" style=\"text-align: justify\"><strong>La restituzione di uno spazio cos\u00ec importante alla collettivit\u00e0<\/strong> -secondo i consiglieri di maggioranza- nasce quindi da un\u2019analisi di importanti criticit\u00e0 protrattesi nel tempo; ormai, a questo punto, non pi\u00f9 sanabili. La piazza era divenuta \u201costaggio\u201d di abusivi ed irregolari a danno della comunit\u00e0 intera e degli operatori in completa regola (nei fatti soltanto due).<\/div>\n<div style=\"text-align: justify\"><\/div>\n<div class=\"xmprfx_signature-div\" style=\"text-align: justify\">Attraverso le parole del<strong> consigliere Latella,<\/strong> in particolare, \u00e8 passato un <strong>messaggio chiaro di vicinanza ai lavoratori tutti ed a chi vuole operare onestamente; <\/strong>con un\u2019apertura totale al dialogo ed al confronto. Concertazione che deve avvenire nel rispetto delle regole e del decoro seguendo esempi e percorsi gi\u00e0 tracciati da questa amministrazione: in particolare i casi virtuosi come quelli di \u201ccampagna amica\u201d (a piazza Carmine ed Orange) e quello del mercatino del collezionismo sotto la Stazione Lido.<\/div>\n<div style=\"text-align: justify\"><\/div>\n<div class=\"xmprfx_signature-div\" style=\"text-align: justify\">Il presidente Massimo <strong>Ripepi ha chiuso i lavori riconvocando la commissione consiliare per martedi prossimo 21 gennaio con rinnovato invito al sindaco Giuseppe Falcomat\u00e0<\/strong> oggi assente per un comitato \u201cordine e sicurezza\u201d in Prefettura; specificando che \u00e8 il primo cittadino a dover rispondere di questa scelta politico-amministrativa in quanto, a suo avviso, la responsabilit\u00e0 \u00e8 in capo alla sua figura ed al suo ruolo.<\/div>\n","protected":false},"excerpt":{"rendered":"<p>Si \u00e8 svolta la seduta dell\u2019ottava commissione consiliare \u201cControllo e Garanzia\u201d, presieduta dal consigliere Massimo Ripepi, con un odg incentrato sulla nota questione della sospensione del mercato a Piazza del&hellip;<\/p>\n","protected":false},"author":12,"featured_media":64809,"comment_status":"closed","ping_status":"open","sticky":false,"template":"","format":"standard","meta":{"_jetpack_memberships_contains_paid_content":false,"footnotes":"","jetpack_publicize_message":"","jetpack_publicize_feature_enabled":true,"jetpack_social_post_already_shared":true,"jetpack_social_options":{"image_generator_settings":{"template":"highway","default_image_id":0,"font":"","enabled":false},"version":2}},"categories":[921,196,140],"tags":[2444,39365,35020,30044,4372,4685,808,39364,5071,1537],"class_list":["post-64808","post","type-post","status-publish","format-standard","has-post-thumbnail","hentry","category-home","category-news","category-reggio-calabria","tag-abusivismo","tag-boitteghelle","tag-commissione-controllo-e-garanzia","tag-degrado","tag-loredana-pace","tag-marisa-lanucara","tag-massimo-ripepi","tag-messa-in-regola","tag-piazza-del-popolo","tag-riqualificazione"],"yoast_head":"<!-- This site is optimized with the Yoast SEO plugin v27.2 - https:\/\/yoast.com\/product\/yoast-seo-wordpress\/ -->\n<title>Reggio: la riqualificazione di Piazza del Popolo al centro del tavolo della Commissione Controllo e Garanzia - Radio Touring 104<\/title>\n<meta name=\"description\" content=\"Svolta riunione in Commissione controllo e garanzia. Maggioranza disponibile con ambulanti che vogliono regolarizzarsi.\" \/>\n<meta name=\"robots\" content=\"index, follow, max-snippet:-1, max-image-preview:large, max-video-preview:-1\" \/>\n<link rel=\"canonical\" href=\"https:\/\/progettotouring.it\/radiotouring104\/2025\/01\/15\/reggio-la-riqualificazione-di-piazza-del-popolo-al-centro-del-tavolo-della-commissione-controllo-e-garanzia\/\" \/>\n<meta property=\"og:locale\" content=\"it_IT\" \/>\n<meta property=\"og:type\" content=\"article\" \/>\n<meta property=\"og:title\" content=\"Reggio: la riqualificazione di Piazza del Popolo al centro del tavolo della Commissione Controllo e Garanzia - Radio Touring 104\" \/>\n<meta property=\"og:description\" content=\"Svolta riunione in Commissione controllo e garanzia. Maggioranza disponibile con ambulanti che vogliono regolarizzarsi.\" \/>\n<meta property=\"og:url\" content=\"https:\/\/progettotouring.it\/radiotouring104\/2025\/01\/15\/reggio-la-riqualificazione-di-piazza-del-popolo-al-centro-del-tavolo-della-commissione-controllo-e-garanzia\/\" \/>\n<meta property=\"og:site_name\" content=\"Radio Touring 104\" \/>\n<meta property=\"article:published_time\" content=\"2025-01-15T09:02:46+00:00\" \/>\n<meta property=\"og:image\" content=\"https:\/\/progettotouring.it\/radiotouring104\/wp-content\/uploads\/sites\/6\/2025\/01\/nona-commissione-Piazza-del-Popolo.jpeg\" \/>\n\t<meta property=\"og:image:width\" content=\"1600\" \/>\n\t<meta property=\"og:image:height\" content=\"897\" \/>\n\t<meta property=\"og:image:type\" content=\"image\/jpeg\" \/>\n<meta name=\"author\" content=\"Sebastiano Plutino\" \/>\n<meta name=\"twitter:card\" content=\"summary_large_image\" \/>\n<meta name=\"twitter:label1\" content=\"Scritto da\" \/>\n\t<meta name=\"twitter:data1\" content=\"Sebastiano Plutino\" \/>\n\t<meta name=\"twitter:label2\" content=\"Tempo di lettura stimato\" \/>\n\t<meta name=\"twitter:data2\" content=\"7 minuti\" \/>\n<script type=\"application\/ld+json\" class=\"yoast-schema-graph\">{\"@context\":\"https:\/\/schema.org\",\"@graph\":[{\"@type\":\"Article\",\"@id\":\"https:\/\/progettotouring.it\/radiotouring104\/2025\/01\/15\/reggio-la-riqualificazione-di-piazza-del-popolo-al-centro-del-tavolo-della-commissione-controllo-e-garanzia\/#article\",\"isPartOf\":{\"@id\":\"https:\/\/progettotouring.it\/radiotouring104\/2025\/01\/15\/reggio-la-riqualificazione-di-piazza-del-popolo-al-centro-del-tavolo-della-commissione-controllo-e-garanzia\/\"},\"author\":{\"name\":\"Sebastiano Plutino\",\"@id\":\"https:\/\/progettotouring.it\/radiotouring104\/#\/schema\/person\/78613917f1851f041f7483f5af1d422e\"},\"headline\":\"Reggio: la riqualificazione di Piazza del Popolo al centro del tavolo della Commissione Controllo e Garanzia\",\"datePublished\":\"2025-01-15T09:02:46+00:00\",\"mainEntityOfPage\":{\"@id\":\"https:\/\/progettotouring.it\/radiotouring104\/2025\/01\/15\/reggio-la-riqualificazione-di-piazza-del-popolo-al-centro-del-tavolo-della-commissione-controllo-e-garanzia\/\"},\"wordCount\":1489,\"publisher\":{\"@id\":\"https:\/\/progettotouring.it\/radiotouring104\/#organization\"},\"image\":{\"@id\":\"https:\/\/progettotouring.it\/radiotouring104\/2025\/01\/15\/reggio-la-riqualificazione-di-piazza-del-popolo-al-centro-del-tavolo-della-commissione-controllo-e-garanzia\/#primaryimage\"},\"thumbnailUrl\":\"https:\/\/progettotouring.it\/radiotouring104\/wp-content\/uploads\/sites\/6\/2025\/01\/nona-commissione-Piazza-del-Popolo.jpeg\",\"keywords\":[\"abusivismo\",\"boitteghelle\",\"Commissione Controllo e Garanzia\",\"degrado\",\"Loredana Pace\",\"Marisa Lanucara\",\"Massimo Ripepi\",\"messa in regola\",\"Piazza del Popolo\",\"riqualificazione\"],\"articleSection\":[\"Home\",\"News\",\"Reggio Calabria\"],\"inLanguage\":\"it-IT\"},{\"@type\":\"WebPage\",\"@id\":\"https:\/\/progettotouring.it\/radiotouring104\/2025\/01\/15\/reggio-la-riqualificazione-di-piazza-del-popolo-al-centro-del-tavolo-della-commissione-controllo-e-garanzia\/\",\"url\":\"https:\/\/progettotouring.it\/radiotouring104\/2025\/01\/15\/reggio-la-riqualificazione-di-piazza-del-popolo-al-centro-del-tavolo-della-commissione-controllo-e-garanzia\/\",\"name\":\"Reggio: la riqualificazione di Piazza del Popolo al centro del tavolo della Commissione Controllo e Garanzia - Radio Touring 104\",\"isPartOf\":{\"@id\":\"https:\/\/progettotouring.it\/radiotouring104\/#website\"},\"primaryImageOfPage\":{\"@id\":\"https:\/\/progettotouring.it\/radiotouring104\/2025\/01\/15\/reggio-la-riqualificazione-di-piazza-del-popolo-al-centro-del-tavolo-della-commissione-controllo-e-garanzia\/#primaryimage\"},\"image\":{\"@id\":\"https:\/\/progettotouring.it\/radiotouring104\/2025\/01\/15\/reggio-la-riqualificazione-di-piazza-del-popolo-al-centro-del-tavolo-della-commissione-controllo-e-garanzia\/#primaryimage\"},\"thumbnailUrl\":\"https:\/\/progettotouring.it\/radiotouring104\/wp-content\/uploads\/sites\/6\/2025\/01\/nona-commissione-Piazza-del-Popolo.jpeg\",\"datePublished\":\"2025-01-15T09:02:46+00:00\",\"description\":\"Svolta riunione in Commissione controllo e garanzia. Maggioranza disponibile con ambulanti che vogliono regolarizzarsi.\",\"breadcrumb\":{\"@id\":\"https:\/\/progettotouring.it\/radiotouring104\/2025\/01\/15\/reggio-la-riqualificazione-di-piazza-del-popolo-al-centro-del-tavolo-della-commissione-controllo-e-garanzia\/#breadcrumb\"},\"inLanguage\":\"it-IT\",\"potentialAction\":[{\"@type\":\"ReadAction\",\"target\":[\"https:\/\/progettotouring.it\/radiotouring104\/2025\/01\/15\/reggio-la-riqualificazione-di-piazza-del-popolo-al-centro-del-tavolo-della-commissione-controllo-e-garanzia\/\"]}]},{\"@type\":\"ImageObject\",\"inLanguage\":\"it-IT\",\"@id\":\"https:\/\/progettotouring.it\/radiotouring104\/2025\/01\/15\/reggio-la-riqualificazione-di-piazza-del-popolo-al-centro-del-tavolo-della-commissione-controllo-e-garanzia\/#primaryimage\",\"url\":\"https:\/\/progettotouring.it\/radiotouring104\/wp-content\/uploads\/sites\/6\/2025\/01\/nona-commissione-Piazza-del-Popolo.jpeg\",\"contentUrl\":\"https:\/\/progettotouring.it\/radiotouring104\/wp-content\/uploads\/sites\/6\/2025\/01\/nona-commissione-Piazza-del-Popolo.jpeg\",\"width\":1600,\"height\":897},{\"@type\":\"BreadcrumbList\",\"@id\":\"https:\/\/progettotouring.it\/radiotouring104\/2025\/01\/15\/reggio-la-riqualificazione-di-piazza-del-popolo-al-centro-del-tavolo-della-commissione-controllo-e-garanzia\/#breadcrumb\",\"itemListElement\":[{\"@type\":\"ListItem\",\"position\":1,\"name\":\"Home\",\"item\":\"https:\/\/progettotouring.it\/radiotouring104\/\"},{\"@type\":\"ListItem\",\"position\":2,\"name\":\"Reggio: la riqualificazione di Piazza del Popolo al centro del tavolo della Commissione Controllo e Garanzia\"}]},{\"@type\":\"WebSite\",\"@id\":\"https:\/\/progettotouring.it\/radiotouring104\/#website\",\"url\":\"https:\/\/progettotouring.it\/radiotouring104\/\",\"name\":\"Radio Touring 104\",\"description\":\"La prima radio Reggina\",\"publisher\":{\"@id\":\"https:\/\/progettotouring.it\/radiotouring104\/#organization\"},\"potentialAction\":[{\"@type\":\"SearchAction\",\"target\":{\"@type\":\"EntryPoint\",\"urlTemplate\":\"https:\/\/progettotouring.it\/radiotouring104\/?s={search_term_string}\"},\"query-input\":{\"@type\":\"PropertyValueSpecification\",\"valueRequired\":true,\"valueName\":\"search_term_string\"}}],\"inLanguage\":\"it-IT\"},{\"@type\":\"Organization\",\"@id\":\"https:\/\/progettotouring.it\/radiotouring104\/#organization\",\"name\":\"Radio Touring 104\",\"url\":\"https:\/\/progettotouring.it\/radiotouring104\/\",\"logo\":{\"@type\":\"ImageObject\",\"inLanguage\":\"it-IT\",\"@id\":\"https:\/\/progettotouring.it\/radiotouring104\/#\/schema\/logo\/image\/\",\"url\":\"https:\/\/progettotouring.it\/radiotouring104\/wp-content\/uploads\/sites\/6\/2022\/02\/cropped-logo-radio-touring-104.png\",\"contentUrl\":\"https:\/\/progettotouring.it\/radiotouring104\/wp-content\/uploads\/sites\/6\/2022\/02\/cropped-logo-radio-touring-104.png\",\"width\":377,\"height\":182,\"caption\":\"Radio Touring 104\"},\"image\":{\"@id\":\"https:\/\/progettotouring.it\/radiotouring104\/#\/schema\/logo\/image\/\"}},{\"@type\":\"Person\",\"@id\":\"https:\/\/progettotouring.it\/radiotouring104\/#\/schema\/person\/78613917f1851f041f7483f5af1d422e\",\"name\":\"Sebastiano Plutino\",\"image\":{\"@type\":\"ImageObject\",\"inLanguage\":\"it-IT\",\"@id\":\"https:\/\/secure.gravatar.com\/avatar\/0546ffaa9b79224faf9f2a156b67a529ae861d3287c66c1d8ccfdf909bcba78d?s=96&d=mm&r=g\",\"url\":\"https:\/\/secure.gravatar.com\/avatar\/0546ffaa9b79224faf9f2a156b67a529ae861d3287c66c1d8ccfdf909bcba78d?s=96&d=mm&r=g\",\"contentUrl\":\"https:\/\/secure.gravatar.com\/avatar\/0546ffaa9b79224faf9f2a156b67a529ae861d3287c66c1d8ccfdf909bcba78d?s=96&d=mm&r=g\",\"caption\":\"Sebastiano Plutino\"},\"url\":\"https:\/\/progettotouring.it\/radiotouring104\/author\/sebastiano\/\"}]}<\/script>\n<!-- \/ Yoast SEO plugin. -->","yoast_head_json":{"title":"Reggio: la riqualificazione di Piazza del Popolo al centro del tavolo della Commissione Controllo e Garanzia - Radio Touring 104","description":"Svolta riunione in Commissione controllo e garanzia. Maggioranza disponibile con ambulanti che vogliono regolarizzarsi.","robots":{"index":"index","follow":"follow","max-snippet":"max-snippet:-1","max-image-preview":"max-image-preview:large","max-video-preview":"max-video-preview:-1"},"canonical":"https:\/\/progettotouring.it\/radiotouring104\/2025\/01\/15\/reggio-la-riqualificazione-di-piazza-del-popolo-al-centro-del-tavolo-della-commissione-controllo-e-garanzia\/","og_locale":"it_IT","og_type":"article","og_title":"Reggio: la riqualificazione di Piazza del Popolo al centro del tavolo della Commissione Controllo e Garanzia - Radio Touring 104","og_description":"Svolta riunione in Commissione controllo e garanzia. Maggioranza disponibile con ambulanti che vogliono regolarizzarsi.","og_url":"https:\/\/progettotouring.it\/radiotouring104\/2025\/01\/15\/reggio-la-riqualificazione-di-piazza-del-popolo-al-centro-del-tavolo-della-commissione-controllo-e-garanzia\/","og_site_name":"Radio Touring 104","article_published_time":"2025-01-15T09:02:46+00:00","og_image":[{"width":1600,"height":897,"url":"https:\/\/progettotouring.it\/radiotouring104\/wp-content\/uploads\/sites\/6\/2025\/01\/nona-commissione-Piazza-del-Popolo.jpeg","type":"image\/jpeg"}],"author":"Sebastiano Plutino","twitter_card":"summary_large_image","twitter_misc":{"Scritto da":"Sebastiano Plutino","Tempo di lettura stimato":"7 minuti"},"schema":{"@context":"https:\/\/schema.org","@graph":[{"@type":"Article","@id":"https:\/\/progettotouring.it\/radiotouring104\/2025\/01\/15\/reggio-la-riqualificazione-di-piazza-del-popolo-al-centro-del-tavolo-della-commissione-controllo-e-garanzia\/#article","isPartOf":{"@id":"https:\/\/progettotouring.it\/radiotouring104\/2025\/01\/15\/reggio-la-riqualificazione-di-piazza-del-popolo-al-centro-del-tavolo-della-commissione-controllo-e-garanzia\/"},"author":{"name":"Sebastiano Plutino","@id":"https:\/\/progettotouring.it\/radiotouring104\/#\/schema\/person\/78613917f1851f041f7483f5af1d422e"},"headline":"Reggio: la riqualificazione di Piazza del Popolo al centro del tavolo della Commissione Controllo e Garanzia","datePublished":"2025-01-15T09:02:46+00:00","mainEntityOfPage":{"@id":"https:\/\/progettotouring.it\/radiotouring104\/2025\/01\/15\/reggio-la-riqualificazione-di-piazza-del-popolo-al-centro-del-tavolo-della-commissione-controllo-e-garanzia\/"},"wordCount":1489,"publisher":{"@id":"https:\/\/progettotouring.it\/radiotouring104\/#organization"},"image":{"@id":"https:\/\/progettotouring.it\/radiotouring104\/2025\/01\/15\/reggio-la-riqualificazione-di-piazza-del-popolo-al-centro-del-tavolo-della-commissione-controllo-e-garanzia\/#primaryimage"},"thumbnailUrl":"https:\/\/progettotouring.it\/radiotouring104\/wp-content\/uploads\/sites\/6\/2025\/01\/nona-commissione-Piazza-del-Popolo.jpeg","keywords":["abusivismo","boitteghelle","Commissione Controllo e Garanzia","degrado","Loredana Pace","Marisa Lanucara","Massimo Ripepi","messa in regola","Piazza del Popolo","riqualificazione"],"articleSection":["Home","News","Reggio Calabria"],"inLanguage":"it-IT"},{"@type":"WebPage","@id":"https:\/\/progettotouring.it\/radiotouring104\/2025\/01\/15\/reggio-la-riqualificazione-di-piazza-del-popolo-al-centro-del-tavolo-della-commissione-controllo-e-garanzia\/","url":"https:\/\/progettotouring.it\/radiotouring104\/2025\/01\/15\/reggio-la-riqualificazione-di-piazza-del-popolo-al-centro-del-tavolo-della-commissione-controllo-e-garanzia\/","name":"Reggio: la riqualificazione di Piazza del Popolo al centro del tavolo della Commissione Controllo e Garanzia - Radio Touring 104","isPartOf":{"@id":"https:\/\/progettotouring.it\/radiotouring104\/#website"},"primaryImageOfPage":{"@id":"https:\/\/progettotouring.it\/radiotouring104\/2025\/01\/15\/reggio-la-riqualificazione-di-piazza-del-popolo-al-centro-del-tavolo-della-commissione-controllo-e-garanzia\/#primaryimage"},"image":{"@id":"https:\/\/progettotouring.it\/radiotouring104\/2025\/01\/15\/reggio-la-riqualificazione-di-piazza-del-popolo-al-centro-del-tavolo-della-commissione-controllo-e-garanzia\/#primaryimage"},"thumbnailUrl":"https:\/\/progettotouring.it\/radiotouring104\/wp-content\/uploads\/sites\/6\/2025\/01\/nona-commissione-Piazza-del-Popolo.jpeg","datePublished":"2025-01-15T09:02:46+00:00","description":"Svolta riunione in Commissione controllo e garanzia. Maggioranza disponibile con ambulanti che vogliono regolarizzarsi.","breadcrumb":{"@id":"https:\/\/progettotouring.it\/radiotouring104\/2025\/01\/15\/reggio-la-riqualificazione-di-piazza-del-popolo-al-centro-del-tavolo-della-commissione-controllo-e-garanzia\/#breadcrumb"},"inLanguage":"it-IT","potentialAction":[{"@type":"ReadAction","target":["https:\/\/progettotouring.it\/radiotouring104\/2025\/01\/15\/reggio-la-riqualificazione-di-piazza-del-popolo-al-centro-del-tavolo-della-commissione-controllo-e-garanzia\/"]}]},{"@type":"ImageObject","inLanguage":"it-IT","@id":"https:\/\/progettotouring.it\/radiotouring104\/2025\/01\/15\/reggio-la-riqualificazione-di-piazza-del-popolo-al-centro-del-tavolo-della-commissione-controllo-e-garanzia\/#primaryimage","url":"https:\/\/progettotouring.it\/radiotouring104\/wp-content\/uploads\/sites\/6\/2025\/01\/nona-commissione-Piazza-del-Popolo.jpeg","contentUrl":"https:\/\/progettotouring.it\/radiotouring104\/wp-content\/uploads\/sites\/6\/2025\/01\/nona-commissione-Piazza-del-Popolo.jpeg","width":1600,"height":897},{"@type":"BreadcrumbList","@id":"https:\/\/progettotouring.it\/radiotouring104\/2025\/01\/15\/reggio-la-riqualificazione-di-piazza-del-popolo-al-centro-del-tavolo-della-commissione-controllo-e-garanzia\/#breadcrumb","itemListElement":[{"@type":"ListItem","position":1,"name":"Home","item":"https:\/\/progettotouring.it\/radiotouring104\/"},{"@type":"ListItem","position":2,"name":"Reggio: la riqualificazione di Piazza del Popolo al centro del tavolo della Commissione Controllo e Garanzia"}]},{"@type":"WebSite","@id":"https:\/\/progettotouring.it\/radiotouring104\/#website","url":"https:\/\/progettotouring.it\/radiotouring104\/","name":"Radio Touring 104","description":"La prima radio Reggina","publisher":{"@id":"https:\/\/progettotouring.it\/radiotouring104\/#organization"},"potentialAction":[{"@type":"SearchAction","target":{"@type":"EntryPoint","urlTemplate":"https:\/\/progettotouring.it\/radiotouring104\/?s={search_term_string}"},"query-input":{"@type":"PropertyValueSpecification","valueRequired":true,"valueName":"search_term_string"}}],"inLanguage":"it-IT"},{"@type":"Organization","@id":"https:\/\/progettotouring.it\/radiotouring104\/#organization","name":"Radio Touring 104","url":"https:\/\/progettotouring.it\/radiotouring104\/","logo":{"@type":"ImageObject","inLanguage":"it-IT","@id":"https:\/\/progettotouring.it\/radiotouring104\/#\/schema\/logo\/image\/","url":"https:\/\/progettotouring.it\/radiotouring104\/wp-content\/uploads\/sites\/6\/2022\/02\/cropped-logo-radio-touring-104.png","contentUrl":"https:\/\/progettotouring.it\/radiotouring104\/wp-content\/uploads\/sites\/6\/2022\/02\/cropped-logo-radio-touring-104.png","width":377,"height":182,"caption":"Radio Touring 104"},"image":{"@id":"https:\/\/progettotouring.it\/radiotouring104\/#\/schema\/logo\/image\/"}},{"@type":"Person","@id":"https:\/\/progettotouring.it\/radiotouring104\/#\/schema\/person\/78613917f1851f041f7483f5af1d422e","name":"Sebastiano Plutino","image":{"@type":"ImageObject","inLanguage":"it-IT","@id":"https:\/\/secure.gravatar.com\/avatar\/0546ffaa9b79224faf9f2a156b67a529ae861d3287c66c1d8ccfdf909bcba78d?s=96&d=mm&r=g","url":"https:\/\/secure.gravatar.com\/avatar\/0546ffaa9b79224faf9f2a156b67a529ae861d3287c66c1d8ccfdf909bcba78d?s=96&d=mm&r=g","contentUrl":"https:\/\/secure.gravatar.com\/avatar\/0546ffaa9b79224faf9f2a156b67a529ae861d3287c66c1d8ccfdf909bcba78d?s=96&d=mm&r=g","caption":"Sebastiano Plutino"},"url":"https:\/\/progettotouring.it\/radiotouring104\/author\/sebastiano\/"}]}},"jetpack_publicize_connections":[],"jetpack_featured_media_url":"https:\/\/progettotouring.it\/radiotouring104\/wp-content\/uploads\/sites\/6\/2025\/01\/nona-commissione-Piazza-del-Popolo.jpeg","jetpack_sharing_enabled":true,"_links":{"self":[{"href":"https:\/\/progettotouring.it\/radiotouring104\/wp-json\/wp\/v2\/posts\/64808","targetHints":{"allow":["GET"]}}],"collection":[{"href":"https:\/\/progettotouring.it\/radiotouring104\/wp-json\/wp\/v2\/posts"}],"about":[{"href":"https:\/\/progettotouring.it\/radiotouring104\/wp-json\/wp\/v2\/types\/post"}],"author":[{"embeddable":true,"href":"https:\/\/progettotouring.it\/radiotouring104\/wp-json\/wp\/v2\/users\/12"}],"replies":[{"embeddable":true,"href":"https:\/\/progettotouring.it\/radiotouring104\/wp-json\/wp\/v2\/comments?post=64808"}],"version-history":[{"count":1,"href":"https:\/\/progettotouring.it\/radiotouring104\/wp-json\/wp\/v2\/posts\/64808\/revisions"}],"predecessor-version":[{"id":64810,"href":"https:\/\/progettotouring.it\/radiotouring104\/wp-json\/wp\/v2\/posts\/64808\/revisions\/64810"}],"wp:featuredmedia":[{"embeddable":true,"href":"https:\/\/progettotouring.it\/radiotouring104\/wp-json\/wp\/v2\/media\/64809"}],"wp:attachment":[{"href":"https:\/\/progettotouring.it\/radiotouring104\/wp-json\/wp\/v2\/media?parent=64808"}],"wp:term":[{"taxonomy":"category","embeddable":true,"href":"https:\/\/progettotouring.it\/radiotouring104\/wp-json\/wp\/v2\/categories?post=64808"},{"taxonomy":"post_tag","embeddable":true,"href":"https:\/\/progettotouring.it\/radiotouring104\/wp-json\/wp\/v2\/tags?post=64808"}],"curies":[{"name":"wp","href":"https:\/\/api.w.org\/{rel}","templated":true}]}}