{"id":64833,"date":"2025-01-15T12:22:57","date_gmt":"2025-01-15T11:22:57","guid":{"rendered":"https:\/\/progettotouring.it\/radiotouring104\/?p=64833"},"modified":"2025-01-15T12:22:57","modified_gmt":"2025-01-15T11:22:57","slug":"corigliano-rossano-entusiasmo-dei-bambini-per-la-1-tappa-del-co-ro-educational","status":"publish","type":"post","link":"https:\/\/progettotouring.it\/radiotouring104\/2025\/01\/15\/corigliano-rossano-entusiasmo-dei-bambini-per-la-1-tappa-del-co-ro-educational\/","title":{"rendered":"Corigliano Rossano: entusiasmo dei bambini per la 1\u00b0 tappa del \u201cCo.Ro\u00a0Educational\u201d"},"content":{"rendered":"<p style=\"text-align: justify\">Luned\u00ec 13 gennaio ha preso il via ufficialmente \u201c<a href=\"http:\/\/co.ro\/\" target=\"_blank\" rel=\"noopener noreferrer\">Co.Ro\u00a0<\/a>Educational\u201d, un percorso educativo ideato per sensibilizzare tutti i bambini delle classi quarte delle scuole primarie cittadine sulla gestione responsabile dei rifiuti e sull\u2019importanza della tutela dell\u2019ambiente. Il progetto, frutto della collaborazione tra l\u2019Amministrazione Comunale di Corigliano-Rossano e l\u2019azienda Ecoross, ha l\u2019obiettivo di diffondere capillarmente i valori legati alla sostenibilit\u00e0.<\/p>\n<p style=\"text-align: justify\">Il plesso Monachelle dell\u2019Istituto Comprensivo Rossano 2 \u00e8 stato il primo ad ospitare questa iniziativa. La Dirigente Scolastica dott.ssa Celestina D&#8217;Alessandro ha sottolineato l\u2019entusiasmo con cui \u00e8 stata accolta da parte degli studenti: \u00abL\u2019interesse dei bambini \u00e8 molto forte, pongono tante domande e partecipano attivamente. Loro sono il nostro futuro e devono imparare, pi\u00f9 di quanto abbiamo fatto noi adulti, a rispettare e valorizzare l\u2019ambiente\u00bb.<\/p>\n<p style=\"text-align: justify\">La Dirigente ha altres\u00ec evidenziato come l\u2019istituto abbia sempre lavorato con impegno sulle tematiche ecologiche, coinvolgendo attivamente docenti, bambini e famiglie. \u00ab\u00c8 fondamentale lavorare in modo trasversale, perch\u00e9, pur con modalit\u00e0 e contenuti che possono variare, i principi di base rimangono invariati. Ed \u00e8 su questi \u2013 ha concluso \u2013 che dobbiamo continuare a costruire\u00bb.<\/p>\n<p style=\"text-align: justify\">Tale approccio, che punta a consolidare valori comuni e duraturi, si riflette perfettamente nell\u2019impegno dell\u2019Amministrazione Comunale che, attraverso il progetto<a href=\"http:\/\/co.ro\/\" target=\"_blank\" rel=\"noopener noreferrer\">\u00a0Co.Ro\u00a0<\/a>Educational, contribuisce attivamente a rafforzare la sensibilizzazione ambientale a livello cittadino. Come ha sottolineato l\u2019avv. Francesco Madeo, Assessore alla Citt\u00e0 sostenibile ed equa, \u00abcon questa lezione inizia una campagna di sensibilizzazione congiunta tra Ecoross e l\u2019Amministrazione comunale, che interesser\u00e0 tutte le scuole della citt\u00e0 da gennaio fino alla primavera\u00bb. Madeo si \u00e8 poi soffermato sull\u2019importanza di porre la sostenibilit\u00e0 ambientale al centro delle politiche pubbliche per costruire una comunit\u00e0 orientata al futuro: \u00abLa mia esperienza di oltre 13 anni nel settore ambientale mi ha insegnato che non possiamo pensare ad uno sviluppo economico o occupazionale che lasci indietro l\u2019ambiente, n\u00e9 possiamo ignorare i soggetti pi\u00f9 deboli in un processo di crescita\u00bb.<\/p>\n<p style=\"text-align: justify\">Parlando dei risultati ottenuti, ha evidenziato: \u00abDa maggio a dicembre abbiamo raggiunto il 79% di raccolta differenziata, un risultato straordinario. Ringrazio i cittadini, che sono l\u2019elemento fondamentale di questo successo, perch\u00e9 separano correttamente i materiali nelle loro case. Noi forniamo un servizio di raccolta, sensibilizzazione e, quando necessario, repressione verso chi non rispetta le regole\u00bb. L\u2019assessore ha anche lanciato un messaggio a quella parte della comunit\u00e0 che ancora abbandona i rifiuti:\u00a0 \u00abL\u2019ambiente \u00e8 un bene comune e proteggerlo significa garantire un futuro migliore ai nostri figli. La responsabilit\u00e0 \u00e8 di tutti\u00bb.<\/p>\n<p style=\"text-align: justify\">All\u2019impegno delle Scuole e delle Istituzioni si aggiunge quello dell\u2019azienda, come ha ribadito il dott. Simone Turco, Responsabile dei Servizi di Igiene Urbana di Ecoross. \u00abAbbiamo riscontrato grande entusiasmo per l\u2019avvio del progetto<a href=\"http:\/\/co.ro\/\" target=\"_blank\" rel=\"noopener noreferrer\">\u00a0Co.Ro\u00a0<\/a>Educational, che si inserisce in una serie di attivit\u00e0 avviate dal febbraio dello scorso anno per preparare la comunit\u00e0 al nuovo servizio di Igiene Urbana, entrato in vigore il 1\u00b0 maggio 2024 con l\u2019introduzione di nuove metodologie di raccolta. I risultati ottenuti nei primi otto mesi sono stati eccellenti e l\u2019auspicio \u00e8 che si possa fare sempre meglio\u00bb. Anche Turco conferma la presenza di alcune difficolt\u00e0 da superare: \u00ab\u00c8 doveroso far presente che una parte dei cittadini fatica ad allinearsi al nuovo sistema ideato dall\u2019Amministrazione Comunale e attuato in sinergia con l\u2019azienda Ecoross. Alcuni persistono nell\u2019abbandonare i rifiuti, soprattutto nelle zone periferiche della citt\u00e0\u00bb. Il suo messaggio conclusivo \u00e8 chiaro: \u00abInvitiamo tutti a superare queste condotte e a lavorare insieme, in maniera unitaria, per rendere il servizio ancora pi\u00f9 efficace e garantire una citt\u00e0 pi\u00f9 pulita e vivibile per tutti\u00bb.<\/p>\n","protected":false},"excerpt":{"rendered":"<p>Luned\u00ec 13 gennaio ha preso il via ufficialmente \u201cCo.Ro\u00a0Educational\u201d, un percorso educativo ideato per sensibilizzare tutti i bambini delle classi quarte delle scuole primarie cittadine sulla gestione responsabile dei rifiuti&hellip;<\/p>\n","protected":false},"author":12,"featured_media":64834,"comment_status":"closed","ping_status":"open","sticky":false,"template":"","format":"standard","meta":{"_jetpack_memberships_contains_paid_content":false,"footnotes":"","jetpack_publicize_message":"","jetpack_publicize_feature_enabled":true,"jetpack_social_post_already_shared":true,"jetpack_social_options":{"image_generator_settings":{"template":"highway","default_image_id":0,"font":"","enabled":false},"version":2}},"categories":[142,921,196],"tags":[39389,27690,29755],"class_list":["post-64833","post","type-post","status-publish","format-standard","has-post-thumbnail","hentry","category-calabria","category-home","category-news","tag-1-tappa-del-co-ro-educational","tag-corigliano-rossanou","tag-gestione-rifiuti"],"yoast_head":"<!-- This site is optimized with the Yoast SEO plugin v27.2 - https:\/\/yoast.com\/product\/yoast-seo-wordpress\/ -->\n<title>Corigliano Rossano: entusiasmo dei bambini per la 1\u00b0 tappa del \u201cCo.Ro\u00a0Educational\u201d - Radio Touring 104<\/title>\n<meta name=\"description\" content=\"Luned\u00ec 13 gennaio ha preso il via ufficialmente il percorso per sensibilizzare i bambini sulla gestione dei rifiuti\" \/>\n<meta name=\"robots\" content=\"index, follow, max-snippet:-1, max-image-preview:large, max-video-preview:-1\" \/>\n<link rel=\"canonical\" href=\"https:\/\/progettotouring.it\/radiotouring104\/2025\/01\/15\/corigliano-rossano-entusiasmo-dei-bambini-per-la-1-tappa-del-co-ro-educational\/\" \/>\n<meta property=\"og:locale\" content=\"it_IT\" \/>\n<meta property=\"og:type\" content=\"article\" \/>\n<meta property=\"og:title\" content=\"Corigliano Rossano: entusiasmo dei bambini per la 1\u00b0 tappa del \u201cCo.Ro\u00a0Educational\u201d - Radio Touring 104\" \/>\n<meta property=\"og:description\" content=\"Luned\u00ec 13 gennaio ha preso il via ufficialmente il percorso per sensibilizzare i bambini sulla gestione dei rifiuti\" \/>\n<meta property=\"og:url\" content=\"https:\/\/progettotouring.it\/radiotouring104\/2025\/01\/15\/corigliano-rossano-entusiasmo-dei-bambini-per-la-1-tappa-del-co-ro-educational\/\" \/>\n<meta property=\"og:site_name\" content=\"Radio Touring 104\" \/>\n<meta property=\"article:published_time\" content=\"2025-01-15T11:22:57+00:00\" \/>\n<meta property=\"og:image\" content=\"https:\/\/progettotouring.it\/radiotouring104\/wp-content\/uploads\/sites\/6\/2025\/01\/Co.Ro_.-Educational-Rifiuti-Corigliano-scaled.jpg\" \/>\n\t<meta property=\"og:image:width\" content=\"2560\" \/>\n\t<meta property=\"og:image:height\" content=\"1706\" \/>\n\t<meta property=\"og:image:type\" content=\"image\/jpeg\" \/>\n<meta name=\"author\" content=\"Sebastiano Plutino\" \/>\n<meta name=\"twitter:card\" content=\"summary_large_image\" \/>\n<meta name=\"twitter:label1\" content=\"Scritto da\" \/>\n\t<meta name=\"twitter:data1\" content=\"Sebastiano Plutino\" \/>\n\t<meta name=\"twitter:label2\" content=\"Tempo di lettura stimato\" \/>\n\t<meta name=\"twitter:data2\" content=\"3 minuti\" \/>\n<script type=\"application\/ld+json\" class=\"yoast-schema-graph\">{\"@context\":\"https:\/\/schema.org\",\"@graph\":[{\"@type\":\"Article\",\"@id\":\"https:\/\/progettotouring.it\/radiotouring104\/2025\/01\/15\/corigliano-rossano-entusiasmo-dei-bambini-per-la-1-tappa-del-co-ro-educational\/#article\",\"isPartOf\":{\"@id\":\"https:\/\/progettotouring.it\/radiotouring104\/2025\/01\/15\/corigliano-rossano-entusiasmo-dei-bambini-per-la-1-tappa-del-co-ro-educational\/\"},\"author\":{\"name\":\"Sebastiano Plutino\",\"@id\":\"https:\/\/progettotouring.it\/radiotouring104\/#\/schema\/person\/78613917f1851f041f7483f5af1d422e\"},\"headline\":\"Corigliano Rossano: entusiasmo dei bambini per la 1\u00b0 tappa del \u201cCo.Ro\u00a0Educational\u201d\",\"datePublished\":\"2025-01-15T11:22:57+00:00\",\"mainEntityOfPage\":{\"@id\":\"https:\/\/progettotouring.it\/radiotouring104\/2025\/01\/15\/corigliano-rossano-entusiasmo-dei-bambini-per-la-1-tappa-del-co-ro-educational\/\"},\"wordCount\":600,\"publisher\":{\"@id\":\"https:\/\/progettotouring.it\/radiotouring104\/#organization\"},\"image\":{\"@id\":\"https:\/\/progettotouring.it\/radiotouring104\/2025\/01\/15\/corigliano-rossano-entusiasmo-dei-bambini-per-la-1-tappa-del-co-ro-educational\/#primaryimage\"},\"thumbnailUrl\":\"https:\/\/progettotouring.it\/radiotouring104\/wp-content\/uploads\/sites\/6\/2025\/01\/Co.Ro_.-Educational-Rifiuti-Corigliano-scaled.jpg\",\"keywords\":[\"1\u00b0 tappa del \u201cCo.Ro\u00a0Educational\u201d\",\"Corigliano Rossano\u00f9\",\"gestione rifiuti\"],\"articleSection\":[\"Calabria\",\"Home\",\"News\"],\"inLanguage\":\"it-IT\"},{\"@type\":\"WebPage\",\"@id\":\"https:\/\/progettotouring.it\/radiotouring104\/2025\/01\/15\/corigliano-rossano-entusiasmo-dei-bambini-per-la-1-tappa-del-co-ro-educational\/\",\"url\":\"https:\/\/progettotouring.it\/radiotouring104\/2025\/01\/15\/corigliano-rossano-entusiasmo-dei-bambini-per-la-1-tappa-del-co-ro-educational\/\",\"name\":\"Corigliano Rossano: entusiasmo dei bambini per la 1\u00b0 tappa del \u201cCo.Ro\u00a0Educational\u201d - Radio Touring 104\",\"isPartOf\":{\"@id\":\"https:\/\/progettotouring.it\/radiotouring104\/#website\"},\"primaryImageOfPage\":{\"@id\":\"https:\/\/progettotouring.it\/radiotouring104\/2025\/01\/15\/corigliano-rossano-entusiasmo-dei-bambini-per-la-1-tappa-del-co-ro-educational\/#primaryimage\"},\"image\":{\"@id\":\"https:\/\/progettotouring.it\/radiotouring104\/2025\/01\/15\/corigliano-rossano-entusiasmo-dei-bambini-per-la-1-tappa-del-co-ro-educational\/#primaryimage\"},\"thumbnailUrl\":\"https:\/\/progettotouring.it\/radiotouring104\/wp-content\/uploads\/sites\/6\/2025\/01\/Co.Ro_.-Educational-Rifiuti-Corigliano-scaled.jpg\",\"datePublished\":\"2025-01-15T11:22:57+00:00\",\"description\":\"Luned\u00ec 13 gennaio ha preso il via ufficialmente il percorso per sensibilizzare i bambini sulla gestione dei rifiuti\",\"breadcrumb\":{\"@id\":\"https:\/\/progettotouring.it\/radiotouring104\/2025\/01\/15\/corigliano-rossano-entusiasmo-dei-bambini-per-la-1-tappa-del-co-ro-educational\/#breadcrumb\"},\"inLanguage\":\"it-IT\",\"potentialAction\":[{\"@type\":\"ReadAction\",\"target\":[\"https:\/\/progettotouring.it\/radiotouring104\/2025\/01\/15\/corigliano-rossano-entusiasmo-dei-bambini-per-la-1-tappa-del-co-ro-educational\/\"]}]},{\"@type\":\"ImageObject\",\"inLanguage\":\"it-IT\",\"@id\":\"https:\/\/progettotouring.it\/radiotouring104\/2025\/01\/15\/corigliano-rossano-entusiasmo-dei-bambini-per-la-1-tappa-del-co-ro-educational\/#primaryimage\",\"url\":\"https:\/\/progettotouring.it\/radiotouring104\/wp-content\/uploads\/sites\/6\/2025\/01\/Co.Ro_.-Educational-Rifiuti-Corigliano-scaled.jpg\",\"contentUrl\":\"https:\/\/progettotouring.it\/radiotouring104\/wp-content\/uploads\/sites\/6\/2025\/01\/Co.Ro_.-Educational-Rifiuti-Corigliano-scaled.jpg\",\"width\":2560,\"height\":1706},{\"@type\":\"BreadcrumbList\",\"@id\":\"https:\/\/progettotouring.it\/radiotouring104\/2025\/01\/15\/corigliano-rossano-entusiasmo-dei-bambini-per-la-1-tappa-del-co-ro-educational\/#breadcrumb\",\"itemListElement\":[{\"@type\":\"ListItem\",\"position\":1,\"name\":\"Home\",\"item\":\"https:\/\/progettotouring.it\/radiotouring104\/\"},{\"@type\":\"ListItem\",\"position\":2,\"name\":\"Corigliano Rossano: entusiasmo dei bambini per la 1\u00b0 tappa del \u201cCo.Ro\u00a0Educational\u201d\"}]},{\"@type\":\"WebSite\",\"@id\":\"https:\/\/progettotouring.it\/radiotouring104\/#website\",\"url\":\"https:\/\/progettotouring.it\/radiotouring104\/\",\"name\":\"Radio Touring 104\",\"description\":\"La prima radio Reggina\",\"publisher\":{\"@id\":\"https:\/\/progettotouring.it\/radiotouring104\/#organization\"},\"potentialAction\":[{\"@type\":\"SearchAction\",\"target\":{\"@type\":\"EntryPoint\",\"urlTemplate\":\"https:\/\/progettotouring.it\/radiotouring104\/?s={search_term_string}\"},\"query-input\":{\"@type\":\"PropertyValueSpecification\",\"valueRequired\":true,\"valueName\":\"search_term_string\"}}],\"inLanguage\":\"it-IT\"},{\"@type\":\"Organization\",\"@id\":\"https:\/\/progettotouring.it\/radiotouring104\/#organization\",\"name\":\"Radio Touring 104\",\"url\":\"https:\/\/progettotouring.it\/radiotouring104\/\",\"logo\":{\"@type\":\"ImageObject\",\"inLanguage\":\"it-IT\",\"@id\":\"https:\/\/progettotouring.it\/radiotouring104\/#\/schema\/logo\/image\/\",\"url\":\"https:\/\/progettotouring.it\/radiotouring104\/wp-content\/uploads\/sites\/6\/2022\/02\/cropped-logo-radio-touring-104.png\",\"contentUrl\":\"https:\/\/progettotouring.it\/radiotouring104\/wp-content\/uploads\/sites\/6\/2022\/02\/cropped-logo-radio-touring-104.png\",\"width\":377,\"height\":182,\"caption\":\"Radio Touring 104\"},\"image\":{\"@id\":\"https:\/\/progettotouring.it\/radiotouring104\/#\/schema\/logo\/image\/\"}},{\"@type\":\"Person\",\"@id\":\"https:\/\/progettotouring.it\/radiotouring104\/#\/schema\/person\/78613917f1851f041f7483f5af1d422e\",\"name\":\"Sebastiano Plutino\",\"image\":{\"@type\":\"ImageObject\",\"inLanguage\":\"it-IT\",\"@id\":\"https:\/\/secure.gravatar.com\/avatar\/0546ffaa9b79224faf9f2a156b67a529ae861d3287c66c1d8ccfdf909bcba78d?s=96&d=mm&r=g\",\"url\":\"https:\/\/secure.gravatar.com\/avatar\/0546ffaa9b79224faf9f2a156b67a529ae861d3287c66c1d8ccfdf909bcba78d?s=96&d=mm&r=g\",\"contentUrl\":\"https:\/\/secure.gravatar.com\/avatar\/0546ffaa9b79224faf9f2a156b67a529ae861d3287c66c1d8ccfdf909bcba78d?s=96&d=mm&r=g\",\"caption\":\"Sebastiano Plutino\"},\"url\":\"https:\/\/progettotouring.it\/radiotouring104\/author\/sebastiano\/\"}]}<\/script>\n<!-- \/ Yoast SEO plugin. -->","yoast_head_json":{"title":"Corigliano Rossano: entusiasmo dei bambini per la 1\u00b0 tappa del \u201cCo.Ro\u00a0Educational\u201d - Radio Touring 104","description":"Luned\u00ec 13 gennaio ha preso il via ufficialmente il percorso per sensibilizzare i bambini sulla gestione dei rifiuti","robots":{"index":"index","follow":"follow","max-snippet":"max-snippet:-1","max-image-preview":"max-image-preview:large","max-video-preview":"max-video-preview:-1"},"canonical":"https:\/\/progettotouring.it\/radiotouring104\/2025\/01\/15\/corigliano-rossano-entusiasmo-dei-bambini-per-la-1-tappa-del-co-ro-educational\/","og_locale":"it_IT","og_type":"article","og_title":"Corigliano Rossano: entusiasmo dei bambini per la 1\u00b0 tappa del \u201cCo.Ro\u00a0Educational\u201d - Radio Touring 104","og_description":"Luned\u00ec 13 gennaio ha preso il via ufficialmente il percorso per sensibilizzare i bambini sulla gestione dei rifiuti","og_url":"https:\/\/progettotouring.it\/radiotouring104\/2025\/01\/15\/corigliano-rossano-entusiasmo-dei-bambini-per-la-1-tappa-del-co-ro-educational\/","og_site_name":"Radio Touring 104","article_published_time":"2025-01-15T11:22:57+00:00","og_image":[{"width":2560,"height":1706,"url":"https:\/\/progettotouring.it\/radiotouring104\/wp-content\/uploads\/sites\/6\/2025\/01\/Co.Ro_.-Educational-Rifiuti-Corigliano-scaled.jpg","type":"image\/jpeg"}],"author":"Sebastiano Plutino","twitter_card":"summary_large_image","twitter_misc":{"Scritto da":"Sebastiano Plutino","Tempo di lettura stimato":"3 minuti"},"schema":{"@context":"https:\/\/schema.org","@graph":[{"@type":"Article","@id":"https:\/\/progettotouring.it\/radiotouring104\/2025\/01\/15\/corigliano-rossano-entusiasmo-dei-bambini-per-la-1-tappa-del-co-ro-educational\/#article","isPartOf":{"@id":"https:\/\/progettotouring.it\/radiotouring104\/2025\/01\/15\/corigliano-rossano-entusiasmo-dei-bambini-per-la-1-tappa-del-co-ro-educational\/"},"author":{"name":"Sebastiano Plutino","@id":"https:\/\/progettotouring.it\/radiotouring104\/#\/schema\/person\/78613917f1851f041f7483f5af1d422e"},"headline":"Corigliano Rossano: entusiasmo dei bambini per la 1\u00b0 tappa del \u201cCo.Ro\u00a0Educational\u201d","datePublished":"2025-01-15T11:22:57+00:00","mainEntityOfPage":{"@id":"https:\/\/progettotouring.it\/radiotouring104\/2025\/01\/15\/corigliano-rossano-entusiasmo-dei-bambini-per-la-1-tappa-del-co-ro-educational\/"},"wordCount":600,"publisher":{"@id":"https:\/\/progettotouring.it\/radiotouring104\/#organization"},"image":{"@id":"https:\/\/progettotouring.it\/radiotouring104\/2025\/01\/15\/corigliano-rossano-entusiasmo-dei-bambini-per-la-1-tappa-del-co-ro-educational\/#primaryimage"},"thumbnailUrl":"https:\/\/progettotouring.it\/radiotouring104\/wp-content\/uploads\/sites\/6\/2025\/01\/Co.Ro_.-Educational-Rifiuti-Corigliano-scaled.jpg","keywords":["1\u00b0 tappa del \u201cCo.Ro\u00a0Educational\u201d","Corigliano Rossano\u00f9","gestione rifiuti"],"articleSection":["Calabria","Home","News"],"inLanguage":"it-IT"},{"@type":"WebPage","@id":"https:\/\/progettotouring.it\/radiotouring104\/2025\/01\/15\/corigliano-rossano-entusiasmo-dei-bambini-per-la-1-tappa-del-co-ro-educational\/","url":"https:\/\/progettotouring.it\/radiotouring104\/2025\/01\/15\/corigliano-rossano-entusiasmo-dei-bambini-per-la-1-tappa-del-co-ro-educational\/","name":"Corigliano Rossano: entusiasmo dei bambini per la 1\u00b0 tappa del \u201cCo.Ro\u00a0Educational\u201d - Radio Touring 104","isPartOf":{"@id":"https:\/\/progettotouring.it\/radiotouring104\/#website"},"primaryImageOfPage":{"@id":"https:\/\/progettotouring.it\/radiotouring104\/2025\/01\/15\/corigliano-rossano-entusiasmo-dei-bambini-per-la-1-tappa-del-co-ro-educational\/#primaryimage"},"image":{"@id":"https:\/\/progettotouring.it\/radiotouring104\/2025\/01\/15\/corigliano-rossano-entusiasmo-dei-bambini-per-la-1-tappa-del-co-ro-educational\/#primaryimage"},"thumbnailUrl":"https:\/\/progettotouring.it\/radiotouring104\/wp-content\/uploads\/sites\/6\/2025\/01\/Co.Ro_.-Educational-Rifiuti-Corigliano-scaled.jpg","datePublished":"2025-01-15T11:22:57+00:00","description":"Luned\u00ec 13 gennaio ha preso il via ufficialmente il percorso per sensibilizzare i bambini sulla gestione dei rifiuti","breadcrumb":{"@id":"https:\/\/progettotouring.it\/radiotouring104\/2025\/01\/15\/corigliano-rossano-entusiasmo-dei-bambini-per-la-1-tappa-del-co-ro-educational\/#breadcrumb"},"inLanguage":"it-IT","potentialAction":[{"@type":"ReadAction","target":["https:\/\/progettotouring.it\/radiotouring104\/2025\/01\/15\/corigliano-rossano-entusiasmo-dei-bambini-per-la-1-tappa-del-co-ro-educational\/"]}]},{"@type":"ImageObject","inLanguage":"it-IT","@id":"https:\/\/progettotouring.it\/radiotouring104\/2025\/01\/15\/corigliano-rossano-entusiasmo-dei-bambini-per-la-1-tappa-del-co-ro-educational\/#primaryimage","url":"https:\/\/progettotouring.it\/radiotouring104\/wp-content\/uploads\/sites\/6\/2025\/01\/Co.Ro_.-Educational-Rifiuti-Corigliano-scaled.jpg","contentUrl":"https:\/\/progettotouring.it\/radiotouring104\/wp-content\/uploads\/sites\/6\/2025\/01\/Co.Ro_.-Educational-Rifiuti-Corigliano-scaled.jpg","width":2560,"height":1706},{"@type":"BreadcrumbList","@id":"https:\/\/progettotouring.it\/radiotouring104\/2025\/01\/15\/corigliano-rossano-entusiasmo-dei-bambini-per-la-1-tappa-del-co-ro-educational\/#breadcrumb","itemListElement":[{"@type":"ListItem","position":1,"name":"Home","item":"https:\/\/progettotouring.it\/radiotouring104\/"},{"@type":"ListItem","position":2,"name":"Corigliano Rossano: entusiasmo dei bambini per la 1\u00b0 tappa del \u201cCo.Ro\u00a0Educational\u201d"}]},{"@type":"WebSite","@id":"https:\/\/progettotouring.it\/radiotouring104\/#website","url":"https:\/\/progettotouring.it\/radiotouring104\/","name":"Radio Touring 104","description":"La prima radio Reggina","publisher":{"@id":"https:\/\/progettotouring.it\/radiotouring104\/#organization"},"potentialAction":[{"@type":"SearchAction","target":{"@type":"EntryPoint","urlTemplate":"https:\/\/progettotouring.it\/radiotouring104\/?s={search_term_string}"},"query-input":{"@type":"PropertyValueSpecification","valueRequired":true,"valueName":"search_term_string"}}],"inLanguage":"it-IT"},{"@type":"Organization","@id":"https:\/\/progettotouring.it\/radiotouring104\/#organization","name":"Radio Touring 104","url":"https:\/\/progettotouring.it\/radiotouring104\/","logo":{"@type":"ImageObject","inLanguage":"it-IT","@id":"https:\/\/progettotouring.it\/radiotouring104\/#\/schema\/logo\/image\/","url":"https:\/\/progettotouring.it\/radiotouring104\/wp-content\/uploads\/sites\/6\/2022\/02\/cropped-logo-radio-touring-104.png","contentUrl":"https:\/\/progettotouring.it\/radiotouring104\/wp-content\/uploads\/sites\/6\/2022\/02\/cropped-logo-radio-touring-104.png","width":377,"height":182,"caption":"Radio Touring 104"},"image":{"@id":"https:\/\/progettotouring.it\/radiotouring104\/#\/schema\/logo\/image\/"}},{"@type":"Person","@id":"https:\/\/progettotouring.it\/radiotouring104\/#\/schema\/person\/78613917f1851f041f7483f5af1d422e","name":"Sebastiano Plutino","image":{"@type":"ImageObject","inLanguage":"it-IT","@id":"https:\/\/secure.gravatar.com\/avatar\/0546ffaa9b79224faf9f2a156b67a529ae861d3287c66c1d8ccfdf909bcba78d?s=96&d=mm&r=g","url":"https:\/\/secure.gravatar.com\/avatar\/0546ffaa9b79224faf9f2a156b67a529ae861d3287c66c1d8ccfdf909bcba78d?s=96&d=mm&r=g","contentUrl":"https:\/\/secure.gravatar.com\/avatar\/0546ffaa9b79224faf9f2a156b67a529ae861d3287c66c1d8ccfdf909bcba78d?s=96&d=mm&r=g","caption":"Sebastiano Plutino"},"url":"https:\/\/progettotouring.it\/radiotouring104\/author\/sebastiano\/"}]}},"jetpack_publicize_connections":[],"jetpack_featured_media_url":"https:\/\/progettotouring.it\/radiotouring104\/wp-content\/uploads\/sites\/6\/2025\/01\/Co.Ro_.-Educational-Rifiuti-Corigliano-scaled.jpg","jetpack_sharing_enabled":true,"_links":{"self":[{"href":"https:\/\/progettotouring.it\/radiotouring104\/wp-json\/wp\/v2\/posts\/64833","targetHints":{"allow":["GET"]}}],"collection":[{"href":"https:\/\/progettotouring.it\/radiotouring104\/wp-json\/wp\/v2\/posts"}],"about":[{"href":"https:\/\/progettotouring.it\/radiotouring104\/wp-json\/wp\/v2\/types\/post"}],"author":[{"embeddable":true,"href":"https:\/\/progettotouring.it\/radiotouring104\/wp-json\/wp\/v2\/users\/12"}],"replies":[{"embeddable":true,"href":"https:\/\/progettotouring.it\/radiotouring104\/wp-json\/wp\/v2\/comments?post=64833"}],"version-history":[{"count":1,"href":"https:\/\/progettotouring.it\/radiotouring104\/wp-json\/wp\/v2\/posts\/64833\/revisions"}],"predecessor-version":[{"id":64835,"href":"https:\/\/progettotouring.it\/radiotouring104\/wp-json\/wp\/v2\/posts\/64833\/revisions\/64835"}],"wp:featuredmedia":[{"embeddable":true,"href":"https:\/\/progettotouring.it\/radiotouring104\/wp-json\/wp\/v2\/media\/64834"}],"wp:attachment":[{"href":"https:\/\/progettotouring.it\/radiotouring104\/wp-json\/wp\/v2\/media?parent=64833"}],"wp:term":[{"taxonomy":"category","embeddable":true,"href":"https:\/\/progettotouring.it\/radiotouring104\/wp-json\/wp\/v2\/categories?post=64833"},{"taxonomy":"post_tag","embeddable":true,"href":"https:\/\/progettotouring.it\/radiotouring104\/wp-json\/wp\/v2\/tags?post=64833"}],"curies":[{"name":"wp","href":"https:\/\/api.w.org\/{rel}","templated":true}]}}