{"id":64911,"date":"2025-01-17T10:06:28","date_gmt":"2025-01-17T09:06:28","guid":{"rendered":"https:\/\/progettotouring.it\/radiotouring104\/?p=64911"},"modified":"2025-01-17T10:07:11","modified_gmt":"2025-01-17T09:07:11","slug":"giornata-della-memoria-ecco-le-iniziative-di-gennaio-del-circolo-reggiosud","status":"publish","type":"post","link":"https:\/\/progettotouring.it\/radiotouring104\/2025\/01\/17\/giornata-della-memoria-ecco-le-iniziative-di-gennaio-del-circolo-reggiosud\/","title":{"rendered":"Giornata della Memoria: ecco le iniziative di Gennaio del Circolo Reggiosud"},"content":{"rendered":"<p style=\"text-align: justify\"><strong>In vista della<\/strong><em> &#8220;Giornata della Memoria&#8221;,<\/em><strong> il circolo ReggioSud ha messo in campo una serie di iniziative<\/strong> per onorare e ricordare al meglio la<strong> ricorrenza del 27 Gennaio.\u00a0<\/strong><\/p>\n<div dir=\"auto\" style=\"text-align: justify\">E&#8217; gi\u00e0 in essere una rassegna di film da vedere e commentare dal titolo<b>\u00a0&#8220;Cinema &amp; resistenza&#8221;<\/b>\u00a0in collaborazione con la sezione\u00a0<b>ANPI &#8220;Nilde Iotti&#8221;\u00a0<\/b>Il\u00a0terzo appuntamento in\u00a0programma\u00a0 \u00e8 per\u00a0venerd\u00ec 17 ore 18, con il film\u00a0<b>&#8220;Bandite&#8221;\u00a0<\/b>(di cui alleghiamo locandina e presentazione) sul quale dialogheranno:\u00a0<b>Patrizia Gambardella<\/b>\u00a0( Presidente ANPI &#8220;sez. iotti&#8221;) e\u00a0<b>Menita Crucitti\u00a0<\/b>(circolo Reggiosud) .<\/div>\n<div dir=\"auto\" style=\"text-align: justify\">Il 27 Gennaio ore 18 ci sar\u00e0 la visione ed il dibattito sul film<b>\u00a0\u00a0<\/b>capolavoro<b>\u00a0&#8220;Kap\u00f2&#8221;<\/b>\u00a0di Gillo Pontecorvo.<\/div>\n<div dir=\"auto\" style=\"text-align: justify\">A conclusione delle celebrazioni della giornata della memoria , Giorno 29 Gennaio ore 18.30 presentazione del libro &#8220;<b>\u00a0Il sole \u00e8 a quadri, per\u00f2 abbastanza grandi<\/b>&#8221; la storia degli internati militari italiani di\u00a0<b>Giuseppe Cantarella<\/b>. Moderatrice sar\u00e0\u00a0<b>Stefania Maimone<\/b>.<\/div>\n<div dir=\"auto\" style=\"text-align: justify\">&#8220;Ricordare per non dimenticare&#8221; \u00e8 lo slogan che il Circolo ReggioSud ha adottato per queste iniziative.<\/div>\n<div dir=\"auto\" style=\"text-align: justify\">Vi aspettiamo. Per ulteriori informazioni consultare la pagina facebook del circolo.<\/div>\n<div dir=\"auto\">\n<div dir=\"auto\"><\/div>\n<div dir=\"auto\"><\/div>\n<div dir=\"auto\"><strong>Presentazione film del 17 Gennaio<\/strong> <em>&#8221; BANDITE&#8221;.<\/em><\/div>\n<div dir=\"auto\"><\/div>\n<div dir=\"auto\" style=\"text-align: justify\">Spesso la storiografia e il senso comune hanno lasciato alla memoria l\u2019immagine delle partigiane come staffette che non imbracciavano armi, ma fungevano da contatto e da approvvigionamento, per quel loro spirito materno che le caratterizzava. Le due registe, partendo da questo dato, hanno cercato di dar voce alle donne che hanno combattuto nelle formazioni partigiane dal 1943 al \u201945. Per farlo, hanno raccolto la testimonianza di sei donne che, in diversi gruppi e in diverse regioni, hanno scelto di mettere a rischio la propria vita per quella che \u00e8 stata, prima che una ragione politica, una scelta per la conquista della libert\u00e0 per tutti. Sei donne che non avevano ancora diritto al voto, e per conquistarlo hanno dato prova di una concreta parit\u00e0, con i loro compagni combattenti che spesso erano i primi a diffidare delle loro capacit\u00e0. A queste testimonianze si intervallano documenti che scorrono troppo veloci per essere letti, e gli interventi di tre storiche, che portano il loro contributo meta riflessivo e sociologico sul tema di genere nella Resistenza e nell\u2019Italia fascista. Purtroppo, le protagoniste hanno parlato poco della loro storia personale, scegliendo di concentrarsi sui macro contesti, e di scivolare velocemente sulle azioni, quasi come fossero delle curiosit\u00e0. Rimanendo in superficie, si corre il rischio di lasciare soddisfatto solo un pubblico che non \u00e8 avvezzo al tema. Ma gli occhi s\u2019illuminano quando si racconta di aver fatto saltare un ponte; quando il reggiseno si sgancia lasciando cadere la pistola nascosta; quando la fortuna permette di sfuggire ad uno stupro; quando si ricorda la differenza di uccidere con cuore di donna. Il pubblico eterogeneo, secondo gli organizzatori un centinaio, dimostra come il tema Resistenza e donne sia d\u2019interesse, e meriti uno spazio, affinch\u00e9 le Bandite non vengano bandite.<\/div>\n<\/div>\n","protected":false},"excerpt":{"rendered":"<p>In vista della &#8220;Giornata della Memoria&#8221;, il circolo ReggioSud ha messo in campo una serie di iniziative per onorare e ricordare al meglio la ricorrenza del 27 Gennaio.\u00a0 E&#8217; gi\u00e0&hellip;<\/p>\n","protected":false},"author":12,"featured_media":64912,"comment_status":"closed","ping_status":"open","sticky":false,"template":"","format":"standard","meta":{"_jetpack_memberships_contains_paid_content":false,"footnotes":"","jetpack_publicize_message":"","jetpack_publicize_feature_enabled":true,"jetpack_social_post_already_shared":true,"jetpack_social_options":{"image_generator_settings":{"template":"highway","default_image_id":0,"font":"","enabled":false},"version":2}},"categories":[921,196,140],"tags":[26271,1857,39411,26707,39410],"class_list":["post-64911","post","type-post","status-publish","format-standard","has-post-thumbnail","hentry","category-home","category-news","category-reggio-calabria","tag-circolo-reggio-sud","tag-demetrio-delfino","tag-film-bandite","tag-giornata-memoria","tag-iniziative-gennaio"],"yoast_head":"<!-- This site is optimized with the Yoast SEO plugin v27.2 - https:\/\/yoast.com\/product\/yoast-seo-wordpress\/ -->\n<title>Giornata Memoria: le iniziative di Gennaio del Circolo Reggiosud<\/title>\n<meta name=\"description\" content=\"In occasione della ricorrenza del 27 Gennaio, il Circolo Reggiosud ha organizzato delle iniziative nel corso del mese. Tutti i dettagli\" \/>\n<meta name=\"robots\" content=\"index, follow, max-snippet:-1, max-image-preview:large, max-video-preview:-1\" \/>\n<link rel=\"canonical\" href=\"https:\/\/progettotouring.it\/radiotouring104\/2025\/01\/17\/giornata-della-memoria-ecco-le-iniziative-di-gennaio-del-circolo-reggiosud\/\" \/>\n<meta property=\"og:locale\" content=\"it_IT\" \/>\n<meta property=\"og:type\" content=\"article\" \/>\n<meta property=\"og:title\" content=\"Giornata Memoria: le iniziative di Gennaio del Circolo Reggiosud\" \/>\n<meta property=\"og:description\" content=\"In occasione della ricorrenza del 27 Gennaio, il Circolo Reggiosud ha organizzato delle iniziative nel corso del mese. Tutti i dettagli\" \/>\n<meta property=\"og:url\" content=\"https:\/\/progettotouring.it\/radiotouring104\/2025\/01\/17\/giornata-della-memoria-ecco-le-iniziative-di-gennaio-del-circolo-reggiosud\/\" \/>\n<meta property=\"og:site_name\" content=\"Radio Touring 104\" \/>\n<meta property=\"article:published_time\" content=\"2025-01-17T09:06:28+00:00\" \/>\n<meta property=\"article:modified_time\" content=\"2025-01-17T09:07:11+00:00\" \/>\n<meta property=\"og:image\" content=\"https:\/\/progettotouring.it\/radiotouring104\/wp-content\/uploads\/sites\/6\/2025\/01\/Giornata-Memoria-Circolo-Reggiosud-film-bandite.jpg\" \/>\n\t<meta property=\"og:image:width\" content=\"1080\" \/>\n\t<meta property=\"og:image:height\" content=\"1426\" \/>\n\t<meta property=\"og:image:type\" content=\"image\/jpeg\" \/>\n<meta name=\"author\" content=\"Sebastiano Plutino\" \/>\n<meta name=\"twitter:card\" content=\"summary_large_image\" \/>\n<meta name=\"twitter:label1\" content=\"Scritto da\" \/>\n\t<meta name=\"twitter:data1\" content=\"Sebastiano Plutino\" \/>\n\t<meta name=\"twitter:label2\" content=\"Tempo di lettura stimato\" \/>\n\t<meta name=\"twitter:data2\" content=\"2 minuti\" \/>\n<script type=\"application\/ld+json\" class=\"yoast-schema-graph\">{\"@context\":\"https:\/\/schema.org\",\"@graph\":[{\"@type\":\"Article\",\"@id\":\"https:\/\/progettotouring.it\/radiotouring104\/2025\/01\/17\/giornata-della-memoria-ecco-le-iniziative-di-gennaio-del-circolo-reggiosud\/#article\",\"isPartOf\":{\"@id\":\"https:\/\/progettotouring.it\/radiotouring104\/2025\/01\/17\/giornata-della-memoria-ecco-le-iniziative-di-gennaio-del-circolo-reggiosud\/\"},\"author\":{\"name\":\"Sebastiano Plutino\",\"@id\":\"https:\/\/progettotouring.it\/radiotouring104\/#\/schema\/person\/78613917f1851f041f7483f5af1d422e\"},\"headline\":\"Giornata della Memoria: ecco le iniziative di Gennaio del Circolo Reggiosud\",\"datePublished\":\"2025-01-17T09:06:28+00:00\",\"dateModified\":\"2025-01-17T09:07:11+00:00\",\"mainEntityOfPage\":{\"@id\":\"https:\/\/progettotouring.it\/radiotouring104\/2025\/01\/17\/giornata-della-memoria-ecco-le-iniziative-di-gennaio-del-circolo-reggiosud\/\"},\"wordCount\":468,\"publisher\":{\"@id\":\"https:\/\/progettotouring.it\/radiotouring104\/#organization\"},\"image\":{\"@id\":\"https:\/\/progettotouring.it\/radiotouring104\/2025\/01\/17\/giornata-della-memoria-ecco-le-iniziative-di-gennaio-del-circolo-reggiosud\/#primaryimage\"},\"thumbnailUrl\":\"https:\/\/progettotouring.it\/radiotouring104\/wp-content\/uploads\/sites\/6\/2025\/01\/Giornata-Memoria-Circolo-Reggiosud-film-bandite.jpg\",\"keywords\":[\"Circolo Reggio Sud\",\"Demetrio Delfino\",\"film \\\" BANDITE\\\".\",\"Giornata Memoria\",\"iniziative Gennaio\"],\"articleSection\":[\"Home\",\"News\",\"Reggio Calabria\"],\"inLanguage\":\"it-IT\"},{\"@type\":\"WebPage\",\"@id\":\"https:\/\/progettotouring.it\/radiotouring104\/2025\/01\/17\/giornata-della-memoria-ecco-le-iniziative-di-gennaio-del-circolo-reggiosud\/\",\"url\":\"https:\/\/progettotouring.it\/radiotouring104\/2025\/01\/17\/giornata-della-memoria-ecco-le-iniziative-di-gennaio-del-circolo-reggiosud\/\",\"name\":\"Giornata Memoria: le iniziative di Gennaio del Circolo Reggiosud\",\"isPartOf\":{\"@id\":\"https:\/\/progettotouring.it\/radiotouring104\/#website\"},\"primaryImageOfPage\":{\"@id\":\"https:\/\/progettotouring.it\/radiotouring104\/2025\/01\/17\/giornata-della-memoria-ecco-le-iniziative-di-gennaio-del-circolo-reggiosud\/#primaryimage\"},\"image\":{\"@id\":\"https:\/\/progettotouring.it\/radiotouring104\/2025\/01\/17\/giornata-della-memoria-ecco-le-iniziative-di-gennaio-del-circolo-reggiosud\/#primaryimage\"},\"thumbnailUrl\":\"https:\/\/progettotouring.it\/radiotouring104\/wp-content\/uploads\/sites\/6\/2025\/01\/Giornata-Memoria-Circolo-Reggiosud-film-bandite.jpg\",\"datePublished\":\"2025-01-17T09:06:28+00:00\",\"dateModified\":\"2025-01-17T09:07:11+00:00\",\"description\":\"In occasione della ricorrenza del 27 Gennaio, il Circolo Reggiosud ha organizzato delle iniziative nel corso del mese. Tutti i dettagli\",\"breadcrumb\":{\"@id\":\"https:\/\/progettotouring.it\/radiotouring104\/2025\/01\/17\/giornata-della-memoria-ecco-le-iniziative-di-gennaio-del-circolo-reggiosud\/#breadcrumb\"},\"inLanguage\":\"it-IT\",\"potentialAction\":[{\"@type\":\"ReadAction\",\"target\":[\"https:\/\/progettotouring.it\/radiotouring104\/2025\/01\/17\/giornata-della-memoria-ecco-le-iniziative-di-gennaio-del-circolo-reggiosud\/\"]}]},{\"@type\":\"ImageObject\",\"inLanguage\":\"it-IT\",\"@id\":\"https:\/\/progettotouring.it\/radiotouring104\/2025\/01\/17\/giornata-della-memoria-ecco-le-iniziative-di-gennaio-del-circolo-reggiosud\/#primaryimage\",\"url\":\"https:\/\/progettotouring.it\/radiotouring104\/wp-content\/uploads\/sites\/6\/2025\/01\/Giornata-Memoria-Circolo-Reggiosud-film-bandite.jpg\",\"contentUrl\":\"https:\/\/progettotouring.it\/radiotouring104\/wp-content\/uploads\/sites\/6\/2025\/01\/Giornata-Memoria-Circolo-Reggiosud-film-bandite.jpg\",\"width\":1080,\"height\":1426},{\"@type\":\"BreadcrumbList\",\"@id\":\"https:\/\/progettotouring.it\/radiotouring104\/2025\/01\/17\/giornata-della-memoria-ecco-le-iniziative-di-gennaio-del-circolo-reggiosud\/#breadcrumb\",\"itemListElement\":[{\"@type\":\"ListItem\",\"position\":1,\"name\":\"Home\",\"item\":\"https:\/\/progettotouring.it\/radiotouring104\/\"},{\"@type\":\"ListItem\",\"position\":2,\"name\":\"Giornata della Memoria: ecco le iniziative di Gennaio del Circolo Reggiosud\"}]},{\"@type\":\"WebSite\",\"@id\":\"https:\/\/progettotouring.it\/radiotouring104\/#website\",\"url\":\"https:\/\/progettotouring.it\/radiotouring104\/\",\"name\":\"Radio Touring 104\",\"description\":\"La prima radio Reggina\",\"publisher\":{\"@id\":\"https:\/\/progettotouring.it\/radiotouring104\/#organization\"},\"potentialAction\":[{\"@type\":\"SearchAction\",\"target\":{\"@type\":\"EntryPoint\",\"urlTemplate\":\"https:\/\/progettotouring.it\/radiotouring104\/?s={search_term_string}\"},\"query-input\":{\"@type\":\"PropertyValueSpecification\",\"valueRequired\":true,\"valueName\":\"search_term_string\"}}],\"inLanguage\":\"it-IT\"},{\"@type\":\"Organization\",\"@id\":\"https:\/\/progettotouring.it\/radiotouring104\/#organization\",\"name\":\"Radio Touring 104\",\"url\":\"https:\/\/progettotouring.it\/radiotouring104\/\",\"logo\":{\"@type\":\"ImageObject\",\"inLanguage\":\"it-IT\",\"@id\":\"https:\/\/progettotouring.it\/radiotouring104\/#\/schema\/logo\/image\/\",\"url\":\"https:\/\/progettotouring.it\/radiotouring104\/wp-content\/uploads\/sites\/6\/2022\/02\/cropped-logo-radio-touring-104.png\",\"contentUrl\":\"https:\/\/progettotouring.it\/radiotouring104\/wp-content\/uploads\/sites\/6\/2022\/02\/cropped-logo-radio-touring-104.png\",\"width\":377,\"height\":182,\"caption\":\"Radio Touring 104\"},\"image\":{\"@id\":\"https:\/\/progettotouring.it\/radiotouring104\/#\/schema\/logo\/image\/\"}},{\"@type\":\"Person\",\"@id\":\"https:\/\/progettotouring.it\/radiotouring104\/#\/schema\/person\/78613917f1851f041f7483f5af1d422e\",\"name\":\"Sebastiano Plutino\",\"image\":{\"@type\":\"ImageObject\",\"inLanguage\":\"it-IT\",\"@id\":\"https:\/\/secure.gravatar.com\/avatar\/0546ffaa9b79224faf9f2a156b67a529ae861d3287c66c1d8ccfdf909bcba78d?s=96&d=mm&r=g\",\"url\":\"https:\/\/secure.gravatar.com\/avatar\/0546ffaa9b79224faf9f2a156b67a529ae861d3287c66c1d8ccfdf909bcba78d?s=96&d=mm&r=g\",\"contentUrl\":\"https:\/\/secure.gravatar.com\/avatar\/0546ffaa9b79224faf9f2a156b67a529ae861d3287c66c1d8ccfdf909bcba78d?s=96&d=mm&r=g\",\"caption\":\"Sebastiano Plutino\"},\"url\":\"https:\/\/progettotouring.it\/radiotouring104\/author\/sebastiano\/\"}]}<\/script>\n<!-- \/ Yoast SEO plugin. -->","yoast_head_json":{"title":"Giornata Memoria: le iniziative di Gennaio del Circolo Reggiosud","description":"In occasione della ricorrenza del 27 Gennaio, il Circolo Reggiosud ha organizzato delle iniziative nel corso del mese. Tutti i dettagli","robots":{"index":"index","follow":"follow","max-snippet":"max-snippet:-1","max-image-preview":"max-image-preview:large","max-video-preview":"max-video-preview:-1"},"canonical":"https:\/\/progettotouring.it\/radiotouring104\/2025\/01\/17\/giornata-della-memoria-ecco-le-iniziative-di-gennaio-del-circolo-reggiosud\/","og_locale":"it_IT","og_type":"article","og_title":"Giornata Memoria: le iniziative di Gennaio del Circolo Reggiosud","og_description":"In occasione della ricorrenza del 27 Gennaio, il Circolo Reggiosud ha organizzato delle iniziative nel corso del mese. Tutti i dettagli","og_url":"https:\/\/progettotouring.it\/radiotouring104\/2025\/01\/17\/giornata-della-memoria-ecco-le-iniziative-di-gennaio-del-circolo-reggiosud\/","og_site_name":"Radio Touring 104","article_published_time":"2025-01-17T09:06:28+00:00","article_modified_time":"2025-01-17T09:07:11+00:00","og_image":[{"width":1080,"height":1426,"url":"https:\/\/progettotouring.it\/radiotouring104\/wp-content\/uploads\/sites\/6\/2025\/01\/Giornata-Memoria-Circolo-Reggiosud-film-bandite.jpg","type":"image\/jpeg"}],"author":"Sebastiano Plutino","twitter_card":"summary_large_image","twitter_misc":{"Scritto da":"Sebastiano Plutino","Tempo di lettura stimato":"2 minuti"},"schema":{"@context":"https:\/\/schema.org","@graph":[{"@type":"Article","@id":"https:\/\/progettotouring.it\/radiotouring104\/2025\/01\/17\/giornata-della-memoria-ecco-le-iniziative-di-gennaio-del-circolo-reggiosud\/#article","isPartOf":{"@id":"https:\/\/progettotouring.it\/radiotouring104\/2025\/01\/17\/giornata-della-memoria-ecco-le-iniziative-di-gennaio-del-circolo-reggiosud\/"},"author":{"name":"Sebastiano Plutino","@id":"https:\/\/progettotouring.it\/radiotouring104\/#\/schema\/person\/78613917f1851f041f7483f5af1d422e"},"headline":"Giornata della Memoria: ecco le iniziative di Gennaio del Circolo Reggiosud","datePublished":"2025-01-17T09:06:28+00:00","dateModified":"2025-01-17T09:07:11+00:00","mainEntityOfPage":{"@id":"https:\/\/progettotouring.it\/radiotouring104\/2025\/01\/17\/giornata-della-memoria-ecco-le-iniziative-di-gennaio-del-circolo-reggiosud\/"},"wordCount":468,"publisher":{"@id":"https:\/\/progettotouring.it\/radiotouring104\/#organization"},"image":{"@id":"https:\/\/progettotouring.it\/radiotouring104\/2025\/01\/17\/giornata-della-memoria-ecco-le-iniziative-di-gennaio-del-circolo-reggiosud\/#primaryimage"},"thumbnailUrl":"https:\/\/progettotouring.it\/radiotouring104\/wp-content\/uploads\/sites\/6\/2025\/01\/Giornata-Memoria-Circolo-Reggiosud-film-bandite.jpg","keywords":["Circolo Reggio Sud","Demetrio Delfino","film \" BANDITE\".","Giornata Memoria","iniziative Gennaio"],"articleSection":["Home","News","Reggio Calabria"],"inLanguage":"it-IT"},{"@type":"WebPage","@id":"https:\/\/progettotouring.it\/radiotouring104\/2025\/01\/17\/giornata-della-memoria-ecco-le-iniziative-di-gennaio-del-circolo-reggiosud\/","url":"https:\/\/progettotouring.it\/radiotouring104\/2025\/01\/17\/giornata-della-memoria-ecco-le-iniziative-di-gennaio-del-circolo-reggiosud\/","name":"Giornata Memoria: le iniziative di Gennaio del Circolo Reggiosud","isPartOf":{"@id":"https:\/\/progettotouring.it\/radiotouring104\/#website"},"primaryImageOfPage":{"@id":"https:\/\/progettotouring.it\/radiotouring104\/2025\/01\/17\/giornata-della-memoria-ecco-le-iniziative-di-gennaio-del-circolo-reggiosud\/#primaryimage"},"image":{"@id":"https:\/\/progettotouring.it\/radiotouring104\/2025\/01\/17\/giornata-della-memoria-ecco-le-iniziative-di-gennaio-del-circolo-reggiosud\/#primaryimage"},"thumbnailUrl":"https:\/\/progettotouring.it\/radiotouring104\/wp-content\/uploads\/sites\/6\/2025\/01\/Giornata-Memoria-Circolo-Reggiosud-film-bandite.jpg","datePublished":"2025-01-17T09:06:28+00:00","dateModified":"2025-01-17T09:07:11+00:00","description":"In occasione della ricorrenza del 27 Gennaio, il Circolo Reggiosud ha organizzato delle iniziative nel corso del mese. Tutti i dettagli","breadcrumb":{"@id":"https:\/\/progettotouring.it\/radiotouring104\/2025\/01\/17\/giornata-della-memoria-ecco-le-iniziative-di-gennaio-del-circolo-reggiosud\/#breadcrumb"},"inLanguage":"it-IT","potentialAction":[{"@type":"ReadAction","target":["https:\/\/progettotouring.it\/radiotouring104\/2025\/01\/17\/giornata-della-memoria-ecco-le-iniziative-di-gennaio-del-circolo-reggiosud\/"]}]},{"@type":"ImageObject","inLanguage":"it-IT","@id":"https:\/\/progettotouring.it\/radiotouring104\/2025\/01\/17\/giornata-della-memoria-ecco-le-iniziative-di-gennaio-del-circolo-reggiosud\/#primaryimage","url":"https:\/\/progettotouring.it\/radiotouring104\/wp-content\/uploads\/sites\/6\/2025\/01\/Giornata-Memoria-Circolo-Reggiosud-film-bandite.jpg","contentUrl":"https:\/\/progettotouring.it\/radiotouring104\/wp-content\/uploads\/sites\/6\/2025\/01\/Giornata-Memoria-Circolo-Reggiosud-film-bandite.jpg","width":1080,"height":1426},{"@type":"BreadcrumbList","@id":"https:\/\/progettotouring.it\/radiotouring104\/2025\/01\/17\/giornata-della-memoria-ecco-le-iniziative-di-gennaio-del-circolo-reggiosud\/#breadcrumb","itemListElement":[{"@type":"ListItem","position":1,"name":"Home","item":"https:\/\/progettotouring.it\/radiotouring104\/"},{"@type":"ListItem","position":2,"name":"Giornata della Memoria: ecco le iniziative di Gennaio del Circolo Reggiosud"}]},{"@type":"WebSite","@id":"https:\/\/progettotouring.it\/radiotouring104\/#website","url":"https:\/\/progettotouring.it\/radiotouring104\/","name":"Radio Touring 104","description":"La prima radio Reggina","publisher":{"@id":"https:\/\/progettotouring.it\/radiotouring104\/#organization"},"potentialAction":[{"@type":"SearchAction","target":{"@type":"EntryPoint","urlTemplate":"https:\/\/progettotouring.it\/radiotouring104\/?s={search_term_string}"},"query-input":{"@type":"PropertyValueSpecification","valueRequired":true,"valueName":"search_term_string"}}],"inLanguage":"it-IT"},{"@type":"Organization","@id":"https:\/\/progettotouring.it\/radiotouring104\/#organization","name":"Radio Touring 104","url":"https:\/\/progettotouring.it\/radiotouring104\/","logo":{"@type":"ImageObject","inLanguage":"it-IT","@id":"https:\/\/progettotouring.it\/radiotouring104\/#\/schema\/logo\/image\/","url":"https:\/\/progettotouring.it\/radiotouring104\/wp-content\/uploads\/sites\/6\/2022\/02\/cropped-logo-radio-touring-104.png","contentUrl":"https:\/\/progettotouring.it\/radiotouring104\/wp-content\/uploads\/sites\/6\/2022\/02\/cropped-logo-radio-touring-104.png","width":377,"height":182,"caption":"Radio Touring 104"},"image":{"@id":"https:\/\/progettotouring.it\/radiotouring104\/#\/schema\/logo\/image\/"}},{"@type":"Person","@id":"https:\/\/progettotouring.it\/radiotouring104\/#\/schema\/person\/78613917f1851f041f7483f5af1d422e","name":"Sebastiano Plutino","image":{"@type":"ImageObject","inLanguage":"it-IT","@id":"https:\/\/secure.gravatar.com\/avatar\/0546ffaa9b79224faf9f2a156b67a529ae861d3287c66c1d8ccfdf909bcba78d?s=96&d=mm&r=g","url":"https:\/\/secure.gravatar.com\/avatar\/0546ffaa9b79224faf9f2a156b67a529ae861d3287c66c1d8ccfdf909bcba78d?s=96&d=mm&r=g","contentUrl":"https:\/\/secure.gravatar.com\/avatar\/0546ffaa9b79224faf9f2a156b67a529ae861d3287c66c1d8ccfdf909bcba78d?s=96&d=mm&r=g","caption":"Sebastiano Plutino"},"url":"https:\/\/progettotouring.it\/radiotouring104\/author\/sebastiano\/"}]}},"jetpack_publicize_connections":[],"jetpack_featured_media_url":"https:\/\/progettotouring.it\/radiotouring104\/wp-content\/uploads\/sites\/6\/2025\/01\/Giornata-Memoria-Circolo-Reggiosud-film-bandite.jpg","jetpack_sharing_enabled":true,"_links":{"self":[{"href":"https:\/\/progettotouring.it\/radiotouring104\/wp-json\/wp\/v2\/posts\/64911","targetHints":{"allow":["GET"]}}],"collection":[{"href":"https:\/\/progettotouring.it\/radiotouring104\/wp-json\/wp\/v2\/posts"}],"about":[{"href":"https:\/\/progettotouring.it\/radiotouring104\/wp-json\/wp\/v2\/types\/post"}],"author":[{"embeddable":true,"href":"https:\/\/progettotouring.it\/radiotouring104\/wp-json\/wp\/v2\/users\/12"}],"replies":[{"embeddable":true,"href":"https:\/\/progettotouring.it\/radiotouring104\/wp-json\/wp\/v2\/comments?post=64911"}],"version-history":[{"count":2,"href":"https:\/\/progettotouring.it\/radiotouring104\/wp-json\/wp\/v2\/posts\/64911\/revisions"}],"predecessor-version":[{"id":64914,"href":"https:\/\/progettotouring.it\/radiotouring104\/wp-json\/wp\/v2\/posts\/64911\/revisions\/64914"}],"wp:featuredmedia":[{"embeddable":true,"href":"https:\/\/progettotouring.it\/radiotouring104\/wp-json\/wp\/v2\/media\/64912"}],"wp:attachment":[{"href":"https:\/\/progettotouring.it\/radiotouring104\/wp-json\/wp\/v2\/media?parent=64911"}],"wp:term":[{"taxonomy":"category","embeddable":true,"href":"https:\/\/progettotouring.it\/radiotouring104\/wp-json\/wp\/v2\/categories?post=64911"},{"taxonomy":"post_tag","embeddable":true,"href":"https:\/\/progettotouring.it\/radiotouring104\/wp-json\/wp\/v2\/tags?post=64911"}],"curies":[{"name":"wp","href":"https:\/\/api.w.org\/{rel}","templated":true}]}}