{"id":6516,"date":"2022-06-11T15:37:44","date_gmt":"2022-06-11T13:37:44","guid":{"rendered":"https:\/\/progettotouring.it\/radiotouring104\/?p=6516"},"modified":"2022-06-11T15:37:51","modified_gmt":"2022-06-11T13:37:51","slug":"inaugurazione-cimitero-di-armo-valeria-bonforte-reggio-citta-solidale-e-capace-di-accogliere","status":"publish","type":"post","link":"https:\/\/progettotouring.it\/radiotouring104\/2022\/06\/11\/inaugurazione-cimitero-di-armo-valeria-bonforte-reggio-citta-solidale-e-capace-di-accogliere\/","title":{"rendered":"Inaugurazione cimitero di Armo, Valeria Bonforte: &#8220;Reggio citt\u00e0 solidale e capace di accogliere&#8221;"},"content":{"rendered":"<div dir=\"auto\" style=\"text-align: justify;\">&#8220;La consegna alla comunit\u00e0 reggina del cimitero dei migranti di Armo segna la chiusura di un cerchio rispetto ad un&#8217;attivit\u00e0 che negli anni ha visto la nostra citt\u00e0 protagonista di un percorso di collaborazione sinergica che ha messo insieme istituzioni e volontariato all&#8217;interno del circuito dell&#8217;accoglienza&#8221;. Lo dichiara in una nota la Segretaria del Pd di Reggio Calabria Valeria Bonforte.<\/div>\n<div dir=\"auto\" style=\"text-align: justify;\"><\/div>\n<div dir=\"auto\" style=\"text-align: justify;\">&#8220;L&#8217;impegno della Caritas e dell&#8217;Arcidiocesi reggina \u00e8 il coronamento di un percorso iniziato diversi anni fa, nell&#8217;estate del 2015 precisamente, quando la nostra citt\u00e0 fu uno degli snodi nevralgici del sistema di accoglienza italiano ed europeo, tra i principali hotspot individuati dai Ministeri per lo sbarco dei migranti intercettati durante i viaggi della speranza in balia delle acque del Mediterraneo e dirottati verso Reggio per poi essere trasferiti nei centri d&#8217;accoglienza in tutta Italia. Fu allora che la comunit\u00e0 reggina ed in particolare il sistema del terzo settore, grazie anche al contributo determinante del volontariato cattolico, dimostrarono la straordinaria capacit\u00e0 solidale che da sempre caratterizza il nostro popolo. E fu sempre in quegli anni che si pose il problema, in seguito allo sbarco di 45 salme ripescate nel canale di Sicilia ed arrivate al porto di Reggio, di un luogo che ospitasse le spoglie, in gran parte senza nome, di quelle persone&#8221;.<\/div>\n<div dir=\"auto\" style=\"text-align: justify;\"><\/div>\n<div dir=\"auto\" style=\"text-align: justify;\">&#8220;Grazie all&#8217;intuizione del sindaco Giuseppe Falcomat\u00e0 e con la collaborazione dell&#8217;allora Assessore ai Lavori Pubblici e al coordinamento sbarchi Giovanni Muraca, nonch\u00e8 dell&#8217;allora consigliere delegato ai cimiteri ed oggi Assessore Rocco Albanese, con il contributo determinante dei responsabili dei servizi cimiteriali del Comune, fu individuato quello spazio all&#8217;interno del cimitero di Armo, dove i corpi di quelle persone morte annegate nel Mediterraneo riacquistarono la loro dignit\u00e0 e vennero tumulati nel giro di qualche giorno. Da allora il Cimitero dei migranti di Armo, oggi ampliato e completato, \u00e8 diventato un simbolo della capacit\u00e0 di accoglienza della nostra citt\u00e0, ma anche un monito nei confronti della politica e dell&#8217;attivit\u00e0 di cooperazione internazionale affinch\u00e8 si possa lavorare sempre meglio affinch\u00e8 tragedie come quelle non accadano pi\u00f9&#8221;.<\/div>\n<div dir=\"auto\" style=\"text-align: justify;\"><\/div>\n<div dir=\"auto\" style=\"text-align: justify;\">&#8220;Purtroppo oggi il fenomeno migratorio non si \u00e8 arrestato. Ai migranti in partenza dai paesi africani e dal medio oriente, il cui flusso si \u00e8 fortunatamente ridotto, si sono aggiunti in questi mesi i profughi di guerra dall&#8217;Europa dell&#8217;est, accolti a Reggio Calabria ed in tanti altri comuni italiani grazie allo straordinario senso di solidariet\u00e0 delle famiglie e delle associazioni. Ci\u00f2 che \u00e8 certo, che la politica cosi come la cosiddetta societ\u00e0 civile, ha il compito di non girarsi dall&#8217;altra parte di fronte a questo genere di fenomeni. Cosi come \u00e8 stato negli anni delle emergenze sbarchi, quando Reggio e la sua Amministrazione dimostrarono grande capacit\u00e0 organizzativa nella gestione dell&#8217;accoglienza, abbiamo il dovere di interrogarci sui processi migratori, individuando soluzioni che possano garantire pienamente la dignit\u00e0 ed il rispetto dei diritti delle persone in fuga da guerra e povert\u00e0&#8221;.<\/div>\n","protected":false},"excerpt":{"rendered":"<p>&#8220;La consegna alla comunit\u00e0 reggina del cimitero dei migranti di Armo segna la chiusura di un cerchio rispetto ad un&#8217;attivit\u00e0 che negli anni ha visto la nostra citt\u00e0 protagonista di&hellip;<\/p>\n","protected":false},"author":5,"featured_media":6486,"comment_status":"open","ping_status":"open","sticky":false,"template":"","format":"standard","meta":{"_jetpack_memberships_contains_paid_content":false,"footnotes":"","jetpack_publicize_message":"","jetpack_publicize_feature_enabled":true,"jetpack_social_post_already_shared":false,"jetpack_social_options":{"image_generator_settings":{"template":"highway","default_image_id":0,"font":"","enabled":false},"version":2}},"categories":[921,196,140],"tags":[2585,2606,2584,220,236,2607],"class_list":["post-6516","post","type-post","status-publish","format-standard","has-post-thumbnail","hentry","category-home","category-news","category-reggio-calabria","tag-armo","tag-cimitero-armo","tag-cimitero-migranti","tag-pd","tag-reggio-calabria","tag-valeria-bonforte"],"yoast_head":"<!-- This site is optimized with the Yoast SEO plugin v27.2 - https:\/\/yoast.com\/product\/yoast-seo-wordpress\/ -->\n<title>Inaugurazione cimitero di Armo, Bonforte: &quot;Reggio citt\u00e0 solidale&quot;<\/title>\n<meta name=\"description\" content=\"Le parole della segretaria del PD di RC Valeria Bonforte sull&#039;inaugurazione del cimitero per poveri e migranti di Armo\" \/>\n<meta name=\"robots\" content=\"index, follow, max-snippet:-1, max-image-preview:large, max-video-preview:-1\" \/>\n<link rel=\"canonical\" href=\"https:\/\/progettotouring.it\/radiotouring104\/2022\/06\/11\/inaugurazione-cimitero-di-armo-valeria-bonforte-reggio-citta-solidale-e-capace-di-accogliere\/\" \/>\n<meta property=\"og:locale\" content=\"it_IT\" \/>\n<meta property=\"og:type\" content=\"article\" \/>\n<meta property=\"og:title\" content=\"Inaugurazione cimitero di Armo, Bonforte: &quot;Reggio citt\u00e0 solidale&quot;\" \/>\n<meta property=\"og:description\" content=\"Le parole della segretaria del PD di RC Valeria Bonforte sull&#039;inaugurazione del cimitero per poveri e migranti di Armo\" \/>\n<meta property=\"og:url\" content=\"https:\/\/progettotouring.it\/radiotouring104\/2022\/06\/11\/inaugurazione-cimitero-di-armo-valeria-bonforte-reggio-citta-solidale-e-capace-di-accogliere\/\" \/>\n<meta property=\"og:site_name\" content=\"Radio Touring 104\" \/>\n<meta property=\"article:published_time\" content=\"2022-06-11T13:37:44+00:00\" \/>\n<meta property=\"article:modified_time\" content=\"2022-06-11T13:37:51+00:00\" \/>\n<meta property=\"og:image\" content=\"https:\/\/progettotouring.it\/radiotouring104\/wp-content\/uploads\/sites\/6\/2022\/06\/image_6483441.jpg\" \/>\n\t<meta property=\"og:image:width\" content=\"1600\" \/>\n\t<meta property=\"og:image:height\" content=\"739\" \/>\n\t<meta property=\"og:image:type\" content=\"image\/jpeg\" \/>\n<meta name=\"author\" content=\"redazione\" \/>\n<meta name=\"twitter:card\" content=\"summary_large_image\" \/>\n<meta name=\"twitter:label1\" content=\"Scritto da\" \/>\n\t<meta name=\"twitter:data1\" content=\"redazione\" \/>\n\t<meta name=\"twitter:label2\" content=\"Tempo di lettura stimato\" \/>\n\t<meta name=\"twitter:data2\" content=\"2 minuti\" \/>\n<script type=\"application\/ld+json\" class=\"yoast-schema-graph\">{\"@context\":\"https:\/\/schema.org\",\"@graph\":[{\"@type\":\"Article\",\"@id\":\"https:\/\/progettotouring.it\/radiotouring104\/2022\/06\/11\/inaugurazione-cimitero-di-armo-valeria-bonforte-reggio-citta-solidale-e-capace-di-accogliere\/#article\",\"isPartOf\":{\"@id\":\"https:\/\/progettotouring.it\/radiotouring104\/2022\/06\/11\/inaugurazione-cimitero-di-armo-valeria-bonforte-reggio-citta-solidale-e-capace-di-accogliere\/\"},\"author\":{\"name\":\"redazione\",\"@id\":\"https:\/\/progettotouring.it\/radiotouring104\/#\/schema\/person\/1b3eb3c07c47136bc44c785c543e635f\"},\"headline\":\"Inaugurazione cimitero di Armo, Valeria Bonforte: &#8220;Reggio citt\u00e0 solidale e capace di accogliere&#8221;\",\"datePublished\":\"2022-06-11T13:37:44+00:00\",\"dateModified\":\"2022-06-11T13:37:51+00:00\",\"mainEntityOfPage\":{\"@id\":\"https:\/\/progettotouring.it\/radiotouring104\/2022\/06\/11\/inaugurazione-cimitero-di-armo-valeria-bonforte-reggio-citta-solidale-e-capace-di-accogliere\/\"},\"wordCount\":479,\"commentCount\":0,\"publisher\":{\"@id\":\"https:\/\/progettotouring.it\/radiotouring104\/#organization\"},\"image\":{\"@id\":\"https:\/\/progettotouring.it\/radiotouring104\/2022\/06\/11\/inaugurazione-cimitero-di-armo-valeria-bonforte-reggio-citta-solidale-e-capace-di-accogliere\/#primaryimage\"},\"thumbnailUrl\":\"https:\/\/progettotouring.it\/radiotouring104\/wp-content\/uploads\/sites\/6\/2022\/06\/image_6483441.jpg\",\"keywords\":[\"Armo\",\"cimitero armo\",\"cimitero migranti\",\"PD\",\"reggio calabria\",\"Valeria Bonforte\"],\"articleSection\":[\"Home\",\"News\",\"Reggio Calabria\"],\"inLanguage\":\"it-IT\",\"potentialAction\":[{\"@type\":\"CommentAction\",\"name\":\"Comment\",\"target\":[\"https:\/\/progettotouring.it\/radiotouring104\/2022\/06\/11\/inaugurazione-cimitero-di-armo-valeria-bonforte-reggio-citta-solidale-e-capace-di-accogliere\/#respond\"]}]},{\"@type\":\"WebPage\",\"@id\":\"https:\/\/progettotouring.it\/radiotouring104\/2022\/06\/11\/inaugurazione-cimitero-di-armo-valeria-bonforte-reggio-citta-solidale-e-capace-di-accogliere\/\",\"url\":\"https:\/\/progettotouring.it\/radiotouring104\/2022\/06\/11\/inaugurazione-cimitero-di-armo-valeria-bonforte-reggio-citta-solidale-e-capace-di-accogliere\/\",\"name\":\"Inaugurazione cimitero di Armo, Bonforte: \\\"Reggio citt\u00e0 solidale\\\"\",\"isPartOf\":{\"@id\":\"https:\/\/progettotouring.it\/radiotouring104\/#website\"},\"primaryImageOfPage\":{\"@id\":\"https:\/\/progettotouring.it\/radiotouring104\/2022\/06\/11\/inaugurazione-cimitero-di-armo-valeria-bonforte-reggio-citta-solidale-e-capace-di-accogliere\/#primaryimage\"},\"image\":{\"@id\":\"https:\/\/progettotouring.it\/radiotouring104\/2022\/06\/11\/inaugurazione-cimitero-di-armo-valeria-bonforte-reggio-citta-solidale-e-capace-di-accogliere\/#primaryimage\"},\"thumbnailUrl\":\"https:\/\/progettotouring.it\/radiotouring104\/wp-content\/uploads\/sites\/6\/2022\/06\/image_6483441.jpg\",\"datePublished\":\"2022-06-11T13:37:44+00:00\",\"dateModified\":\"2022-06-11T13:37:51+00:00\",\"description\":\"Le parole della segretaria del PD di RC Valeria Bonforte sull'inaugurazione del cimitero per poveri e migranti di Armo\",\"breadcrumb\":{\"@id\":\"https:\/\/progettotouring.it\/radiotouring104\/2022\/06\/11\/inaugurazione-cimitero-di-armo-valeria-bonforte-reggio-citta-solidale-e-capace-di-accogliere\/#breadcrumb\"},\"inLanguage\":\"it-IT\",\"potentialAction\":[{\"@type\":\"ReadAction\",\"target\":[\"https:\/\/progettotouring.it\/radiotouring104\/2022\/06\/11\/inaugurazione-cimitero-di-armo-valeria-bonforte-reggio-citta-solidale-e-capace-di-accogliere\/\"]}]},{\"@type\":\"ImageObject\",\"inLanguage\":\"it-IT\",\"@id\":\"https:\/\/progettotouring.it\/radiotouring104\/2022\/06\/11\/inaugurazione-cimitero-di-armo-valeria-bonforte-reggio-citta-solidale-e-capace-di-accogliere\/#primaryimage\",\"url\":\"https:\/\/progettotouring.it\/radiotouring104\/wp-content\/uploads\/sites\/6\/2022\/06\/image_6483441.jpg\",\"contentUrl\":\"https:\/\/progettotouring.it\/radiotouring104\/wp-content\/uploads\/sites\/6\/2022\/06\/image_6483441.jpg\",\"width\":1600,\"height\":739},{\"@type\":\"BreadcrumbList\",\"@id\":\"https:\/\/progettotouring.it\/radiotouring104\/2022\/06\/11\/inaugurazione-cimitero-di-armo-valeria-bonforte-reggio-citta-solidale-e-capace-di-accogliere\/#breadcrumb\",\"itemListElement\":[{\"@type\":\"ListItem\",\"position\":1,\"name\":\"Home\",\"item\":\"https:\/\/progettotouring.it\/radiotouring104\/\"},{\"@type\":\"ListItem\",\"position\":2,\"name\":\"Inaugurazione cimitero di Armo, Valeria Bonforte: &#8220;Reggio citt\u00e0 solidale e capace di accogliere&#8221;\"}]},{\"@type\":\"WebSite\",\"@id\":\"https:\/\/progettotouring.it\/radiotouring104\/#website\",\"url\":\"https:\/\/progettotouring.it\/radiotouring104\/\",\"name\":\"Radio Touring 104\",\"description\":\"La prima radio Reggina\",\"publisher\":{\"@id\":\"https:\/\/progettotouring.it\/radiotouring104\/#organization\"},\"potentialAction\":[{\"@type\":\"SearchAction\",\"target\":{\"@type\":\"EntryPoint\",\"urlTemplate\":\"https:\/\/progettotouring.it\/radiotouring104\/?s={search_term_string}\"},\"query-input\":{\"@type\":\"PropertyValueSpecification\",\"valueRequired\":true,\"valueName\":\"search_term_string\"}}],\"inLanguage\":\"it-IT\"},{\"@type\":\"Organization\",\"@id\":\"https:\/\/progettotouring.it\/radiotouring104\/#organization\",\"name\":\"Radio Touring 104\",\"url\":\"https:\/\/progettotouring.it\/radiotouring104\/\",\"logo\":{\"@type\":\"ImageObject\",\"inLanguage\":\"it-IT\",\"@id\":\"https:\/\/progettotouring.it\/radiotouring104\/#\/schema\/logo\/image\/\",\"url\":\"https:\/\/progettotouring.it\/radiotouring104\/wp-content\/uploads\/sites\/6\/2022\/02\/cropped-logo-radio-touring-104.png\",\"contentUrl\":\"https:\/\/progettotouring.it\/radiotouring104\/wp-content\/uploads\/sites\/6\/2022\/02\/cropped-logo-radio-touring-104.png\",\"width\":377,\"height\":182,\"caption\":\"Radio Touring 104\"},\"image\":{\"@id\":\"https:\/\/progettotouring.it\/radiotouring104\/#\/schema\/logo\/image\/\"}},{\"@type\":\"Person\",\"@id\":\"https:\/\/progettotouring.it\/radiotouring104\/#\/schema\/person\/1b3eb3c07c47136bc44c785c543e635f\",\"name\":\"redazione\",\"image\":{\"@type\":\"ImageObject\",\"inLanguage\":\"it-IT\",\"@id\":\"https:\/\/secure.gravatar.com\/avatar\/0b31605b49f100769e8b624b3e05de1b73e1692e9568a352f60f53fd072e6e11?s=96&d=mm&r=g\",\"url\":\"https:\/\/secure.gravatar.com\/avatar\/0b31605b49f100769e8b624b3e05de1b73e1692e9568a352f60f53fd072e6e11?s=96&d=mm&r=g\",\"contentUrl\":\"https:\/\/secure.gravatar.com\/avatar\/0b31605b49f100769e8b624b3e05de1b73e1692e9568a352f60f53fd072e6e11?s=96&d=mm&r=g\",\"caption\":\"redazione\"},\"url\":\"https:\/\/progettotouring.it\/radiotouring104\/author\/redazione\/\"}]}<\/script>\n<!-- \/ Yoast SEO plugin. -->","yoast_head_json":{"title":"Inaugurazione cimitero di Armo, Bonforte: \"Reggio citt\u00e0 solidale\"","description":"Le parole della segretaria del PD di RC Valeria Bonforte sull'inaugurazione del cimitero per poveri e migranti di Armo","robots":{"index":"index","follow":"follow","max-snippet":"max-snippet:-1","max-image-preview":"max-image-preview:large","max-video-preview":"max-video-preview:-1"},"canonical":"https:\/\/progettotouring.it\/radiotouring104\/2022\/06\/11\/inaugurazione-cimitero-di-armo-valeria-bonforte-reggio-citta-solidale-e-capace-di-accogliere\/","og_locale":"it_IT","og_type":"article","og_title":"Inaugurazione cimitero di Armo, Bonforte: \"Reggio citt\u00e0 solidale\"","og_description":"Le parole della segretaria del PD di RC Valeria Bonforte sull'inaugurazione del cimitero per poveri e migranti di Armo","og_url":"https:\/\/progettotouring.it\/radiotouring104\/2022\/06\/11\/inaugurazione-cimitero-di-armo-valeria-bonforte-reggio-citta-solidale-e-capace-di-accogliere\/","og_site_name":"Radio Touring 104","article_published_time":"2022-06-11T13:37:44+00:00","article_modified_time":"2022-06-11T13:37:51+00:00","og_image":[{"width":1600,"height":739,"url":"https:\/\/progettotouring.it\/radiotouring104\/wp-content\/uploads\/sites\/6\/2022\/06\/image_6483441.jpg","type":"image\/jpeg"}],"author":"redazione","twitter_card":"summary_large_image","twitter_misc":{"Scritto da":"redazione","Tempo di lettura stimato":"2 minuti"},"schema":{"@context":"https:\/\/schema.org","@graph":[{"@type":"Article","@id":"https:\/\/progettotouring.it\/radiotouring104\/2022\/06\/11\/inaugurazione-cimitero-di-armo-valeria-bonforte-reggio-citta-solidale-e-capace-di-accogliere\/#article","isPartOf":{"@id":"https:\/\/progettotouring.it\/radiotouring104\/2022\/06\/11\/inaugurazione-cimitero-di-armo-valeria-bonforte-reggio-citta-solidale-e-capace-di-accogliere\/"},"author":{"name":"redazione","@id":"https:\/\/progettotouring.it\/radiotouring104\/#\/schema\/person\/1b3eb3c07c47136bc44c785c543e635f"},"headline":"Inaugurazione cimitero di Armo, Valeria Bonforte: &#8220;Reggio citt\u00e0 solidale e capace di accogliere&#8221;","datePublished":"2022-06-11T13:37:44+00:00","dateModified":"2022-06-11T13:37:51+00:00","mainEntityOfPage":{"@id":"https:\/\/progettotouring.it\/radiotouring104\/2022\/06\/11\/inaugurazione-cimitero-di-armo-valeria-bonforte-reggio-citta-solidale-e-capace-di-accogliere\/"},"wordCount":479,"commentCount":0,"publisher":{"@id":"https:\/\/progettotouring.it\/radiotouring104\/#organization"},"image":{"@id":"https:\/\/progettotouring.it\/radiotouring104\/2022\/06\/11\/inaugurazione-cimitero-di-armo-valeria-bonforte-reggio-citta-solidale-e-capace-di-accogliere\/#primaryimage"},"thumbnailUrl":"https:\/\/progettotouring.it\/radiotouring104\/wp-content\/uploads\/sites\/6\/2022\/06\/image_6483441.jpg","keywords":["Armo","cimitero armo","cimitero migranti","PD","reggio calabria","Valeria Bonforte"],"articleSection":["Home","News","Reggio Calabria"],"inLanguage":"it-IT","potentialAction":[{"@type":"CommentAction","name":"Comment","target":["https:\/\/progettotouring.it\/radiotouring104\/2022\/06\/11\/inaugurazione-cimitero-di-armo-valeria-bonforte-reggio-citta-solidale-e-capace-di-accogliere\/#respond"]}]},{"@type":"WebPage","@id":"https:\/\/progettotouring.it\/radiotouring104\/2022\/06\/11\/inaugurazione-cimitero-di-armo-valeria-bonforte-reggio-citta-solidale-e-capace-di-accogliere\/","url":"https:\/\/progettotouring.it\/radiotouring104\/2022\/06\/11\/inaugurazione-cimitero-di-armo-valeria-bonforte-reggio-citta-solidale-e-capace-di-accogliere\/","name":"Inaugurazione cimitero di Armo, Bonforte: \"Reggio citt\u00e0 solidale\"","isPartOf":{"@id":"https:\/\/progettotouring.it\/radiotouring104\/#website"},"primaryImageOfPage":{"@id":"https:\/\/progettotouring.it\/radiotouring104\/2022\/06\/11\/inaugurazione-cimitero-di-armo-valeria-bonforte-reggio-citta-solidale-e-capace-di-accogliere\/#primaryimage"},"image":{"@id":"https:\/\/progettotouring.it\/radiotouring104\/2022\/06\/11\/inaugurazione-cimitero-di-armo-valeria-bonforte-reggio-citta-solidale-e-capace-di-accogliere\/#primaryimage"},"thumbnailUrl":"https:\/\/progettotouring.it\/radiotouring104\/wp-content\/uploads\/sites\/6\/2022\/06\/image_6483441.jpg","datePublished":"2022-06-11T13:37:44+00:00","dateModified":"2022-06-11T13:37:51+00:00","description":"Le parole della segretaria del PD di RC Valeria Bonforte sull'inaugurazione del cimitero per poveri e migranti di Armo","breadcrumb":{"@id":"https:\/\/progettotouring.it\/radiotouring104\/2022\/06\/11\/inaugurazione-cimitero-di-armo-valeria-bonforte-reggio-citta-solidale-e-capace-di-accogliere\/#breadcrumb"},"inLanguage":"it-IT","potentialAction":[{"@type":"ReadAction","target":["https:\/\/progettotouring.it\/radiotouring104\/2022\/06\/11\/inaugurazione-cimitero-di-armo-valeria-bonforte-reggio-citta-solidale-e-capace-di-accogliere\/"]}]},{"@type":"ImageObject","inLanguage":"it-IT","@id":"https:\/\/progettotouring.it\/radiotouring104\/2022\/06\/11\/inaugurazione-cimitero-di-armo-valeria-bonforte-reggio-citta-solidale-e-capace-di-accogliere\/#primaryimage","url":"https:\/\/progettotouring.it\/radiotouring104\/wp-content\/uploads\/sites\/6\/2022\/06\/image_6483441.jpg","contentUrl":"https:\/\/progettotouring.it\/radiotouring104\/wp-content\/uploads\/sites\/6\/2022\/06\/image_6483441.jpg","width":1600,"height":739},{"@type":"BreadcrumbList","@id":"https:\/\/progettotouring.it\/radiotouring104\/2022\/06\/11\/inaugurazione-cimitero-di-armo-valeria-bonforte-reggio-citta-solidale-e-capace-di-accogliere\/#breadcrumb","itemListElement":[{"@type":"ListItem","position":1,"name":"Home","item":"https:\/\/progettotouring.it\/radiotouring104\/"},{"@type":"ListItem","position":2,"name":"Inaugurazione cimitero di Armo, Valeria Bonforte: &#8220;Reggio citt\u00e0 solidale e capace di accogliere&#8221;"}]},{"@type":"WebSite","@id":"https:\/\/progettotouring.it\/radiotouring104\/#website","url":"https:\/\/progettotouring.it\/radiotouring104\/","name":"Radio Touring 104","description":"La prima radio Reggina","publisher":{"@id":"https:\/\/progettotouring.it\/radiotouring104\/#organization"},"potentialAction":[{"@type":"SearchAction","target":{"@type":"EntryPoint","urlTemplate":"https:\/\/progettotouring.it\/radiotouring104\/?s={search_term_string}"},"query-input":{"@type":"PropertyValueSpecification","valueRequired":true,"valueName":"search_term_string"}}],"inLanguage":"it-IT"},{"@type":"Organization","@id":"https:\/\/progettotouring.it\/radiotouring104\/#organization","name":"Radio Touring 104","url":"https:\/\/progettotouring.it\/radiotouring104\/","logo":{"@type":"ImageObject","inLanguage":"it-IT","@id":"https:\/\/progettotouring.it\/radiotouring104\/#\/schema\/logo\/image\/","url":"https:\/\/progettotouring.it\/radiotouring104\/wp-content\/uploads\/sites\/6\/2022\/02\/cropped-logo-radio-touring-104.png","contentUrl":"https:\/\/progettotouring.it\/radiotouring104\/wp-content\/uploads\/sites\/6\/2022\/02\/cropped-logo-radio-touring-104.png","width":377,"height":182,"caption":"Radio Touring 104"},"image":{"@id":"https:\/\/progettotouring.it\/radiotouring104\/#\/schema\/logo\/image\/"}},{"@type":"Person","@id":"https:\/\/progettotouring.it\/radiotouring104\/#\/schema\/person\/1b3eb3c07c47136bc44c785c543e635f","name":"redazione","image":{"@type":"ImageObject","inLanguage":"it-IT","@id":"https:\/\/secure.gravatar.com\/avatar\/0b31605b49f100769e8b624b3e05de1b73e1692e9568a352f60f53fd072e6e11?s=96&d=mm&r=g","url":"https:\/\/secure.gravatar.com\/avatar\/0b31605b49f100769e8b624b3e05de1b73e1692e9568a352f60f53fd072e6e11?s=96&d=mm&r=g","contentUrl":"https:\/\/secure.gravatar.com\/avatar\/0b31605b49f100769e8b624b3e05de1b73e1692e9568a352f60f53fd072e6e11?s=96&d=mm&r=g","caption":"redazione"},"url":"https:\/\/progettotouring.it\/radiotouring104\/author\/redazione\/"}]}},"jetpack_publicize_connections":[],"jetpack_featured_media_url":"https:\/\/progettotouring.it\/radiotouring104\/wp-content\/uploads\/sites\/6\/2022\/06\/image_6483441.jpg","jetpack_sharing_enabled":true,"_links":{"self":[{"href":"https:\/\/progettotouring.it\/radiotouring104\/wp-json\/wp\/v2\/posts\/6516","targetHints":{"allow":["GET"]}}],"collection":[{"href":"https:\/\/progettotouring.it\/radiotouring104\/wp-json\/wp\/v2\/posts"}],"about":[{"href":"https:\/\/progettotouring.it\/radiotouring104\/wp-json\/wp\/v2\/types\/post"}],"author":[{"embeddable":true,"href":"https:\/\/progettotouring.it\/radiotouring104\/wp-json\/wp\/v2\/users\/5"}],"replies":[{"embeddable":true,"href":"https:\/\/progettotouring.it\/radiotouring104\/wp-json\/wp\/v2\/comments?post=6516"}],"version-history":[{"count":1,"href":"https:\/\/progettotouring.it\/radiotouring104\/wp-json\/wp\/v2\/posts\/6516\/revisions"}],"predecessor-version":[{"id":6517,"href":"https:\/\/progettotouring.it\/radiotouring104\/wp-json\/wp\/v2\/posts\/6516\/revisions\/6517"}],"wp:featuredmedia":[{"embeddable":true,"href":"https:\/\/progettotouring.it\/radiotouring104\/wp-json\/wp\/v2\/media\/6486"}],"wp:attachment":[{"href":"https:\/\/progettotouring.it\/radiotouring104\/wp-json\/wp\/v2\/media?parent=6516"}],"wp:term":[{"taxonomy":"category","embeddable":true,"href":"https:\/\/progettotouring.it\/radiotouring104\/wp-json\/wp\/v2\/categories?post=6516"},{"taxonomy":"post_tag","embeddable":true,"href":"https:\/\/progettotouring.it\/radiotouring104\/wp-json\/wp\/v2\/tags?post=6516"}],"curies":[{"name":"wp","href":"https:\/\/api.w.org\/{rel}","templated":true}]}}