{"id":65215,"date":"2025-01-21T09:16:14","date_gmt":"2025-01-21T08:16:14","guid":{"rendered":"https:\/\/progettotouring.it\/radiotouring104\/?p=65215"},"modified":"2025-01-21T09:16:14","modified_gmt":"2025-01-21T08:16:14","slug":"archi-dopo-la-rapina-al-parroco-il-gruppo-consiliare-red-chiede-attenzione-sui-luoghi-di-socialita","status":"publish","type":"post","link":"https:\/\/progettotouring.it\/radiotouring104\/2025\/01\/21\/archi-dopo-la-rapina-al-parroco-il-gruppo-consiliare-red-chiede-attenzione-sui-luoghi-di-socialita\/","title":{"rendered":"Archi: dopo la rapina al parroco, il Gruppo Consiliare RED chiede attenzione sui luoghi di socialit\u00e0"},"content":{"rendered":"<p style=\"text-align: justify\">il <strong>Gruppo Consiliare RED dopo la rapina al parroco Chiesa di Maria Santissima del Carmelo di<em> Archi, <\/em>ritene non basti solo solidariet\u00e0, ma chiede attenzione sui luoghi di socialit\u00e0 <\/strong><\/p>\n<p style=\"text-align: justify\"><em>\u00abIl grave episodio accaduto nella Chiesa di Maria Santissima del Carmelo, un luogo di fede e raccoglimento aperto alla citt\u00e0 e all\u2019intera comunit\u00e0 di Archi ci impone non solo di manifestare la totale e sincera solidariet\u00e0 all\u2019intera comunit\u00e0 che rappresenta ma anche la necessit\u00e0 di stimolare una riflessione pubblica sul tema sicurezza legato ai luoghi di incontro e socialit\u00e0\u00bb. Ad affermarlo in una nota i consiglieri comunali del Gruppo R.E.D. Carmelo Versace, Antonino Castorina e Filippo Burrone dopo il grave episodio, avvenuto lo scorso 6 gennaio, quando due giovani, col volto travisato si erano introdotti all&#8217;interno della parrocchia e con un cacciavite in mano si sono avvicinati a Don Danilo Latella, minacciandolo.<\/em><br \/>\n<em>\u00abUn plauso va fatto intanto ai Carabinieri \u2013<\/em><strong> hanno aggiunto i consiglieri<\/strong> &#8211; <em>che, in breve tempo, sono riusciti a identificare i due giovani rapinatori e i loro complici. Riteniamo tuttavia importante tenere alta l\u2019attenzione massima sul tema della sicurezza in citt\u00e0. Un tema che riguarda la cultura alla legalit\u00e0 e il rispetto delle regole, ma anche la necessit\u00e0 di prevenire situazioni di pericolo con attivit\u00e0 di interforze che si possono e si devono realizzare monitorando le zone a rischio e presidiando con fermezza i luoghi di culto e socialit\u00e0 che svolgono una funzione sociale e pedagogica per intere comunit\u00e0\u00bb-<\/em><\/p>\n","protected":false},"excerpt":{"rendered":"<p>il Gruppo Consiliare RED dopo la rapina al parroco Chiesa di Maria Santissima del Carmelo di Archi, ritene non basti solo solidariet\u00e0, ma chiede attenzione sui luoghi di socialit\u00e0 \u00abIl&hellip;<\/p>\n","protected":false},"author":12,"featured_media":63685,"comment_status":"closed","ping_status":"open","sticky":false,"template":"","format":"standard","meta":{"_jetpack_memberships_contains_paid_content":false,"footnotes":"","jetpack_publicize_message":"","jetpack_publicize_feature_enabled":true,"jetpack_social_post_already_shared":true,"jetpack_social_options":{"image_generator_settings":{"template":"highway","default_image_id":0,"font":"","enabled":false},"version":2}},"categories":[921,196,140],"tags":[3230,2512,22986,39544,39543],"class_list":["post-65215","post","type-post","status-publish","format-standard","has-post-thumbnail","hentry","category-home","category-news","category-reggio-calabria","tag-antonino-castorina","tag-archi","tag-avv-carmelo-versace","tag-chiesa-di-maria-santissima-del-carmelo","tag-rapina-a-parroco"],"yoast_head":"<!-- This site is optimized with the Yoast SEO plugin v27.2 - https:\/\/yoast.com\/product\/yoast-seo-wordpress\/ -->\n<title>Archi: dopo la rapina al parroco, il Gruppo Consiliare RED chiede attenzione sui luoghi di socialit\u00e0 - Radio Touring 104<\/title>\n<meta name=\"description\" content=\"\u00abNon solo solidariet\u00e0, serve attenzione massima per i luoghi di socialit\u00e0\u00bb, scrivono in una nota i Consiglieri Comunali del Gruppo RED\" \/>\n<meta name=\"robots\" content=\"index, follow, max-snippet:-1, max-image-preview:large, max-video-preview:-1\" \/>\n<link rel=\"canonical\" href=\"https:\/\/progettotouring.it\/radiotouring104\/2025\/01\/21\/archi-dopo-la-rapina-al-parroco-il-gruppo-consiliare-red-chiede-attenzione-sui-luoghi-di-socialita\/\" \/>\n<meta property=\"og:locale\" content=\"it_IT\" \/>\n<meta property=\"og:type\" content=\"article\" \/>\n<meta property=\"og:title\" content=\"Archi: dopo la rapina al parroco, il Gruppo Consiliare RED chiede attenzione sui luoghi di socialit\u00e0 - Radio Touring 104\" \/>\n<meta property=\"og:description\" content=\"\u00abNon solo solidariet\u00e0, serve attenzione massima per i luoghi di socialit\u00e0\u00bb, scrivono in una nota i Consiglieri Comunali del Gruppo RED\" \/>\n<meta property=\"og:url\" content=\"https:\/\/progettotouring.it\/radiotouring104\/2025\/01\/21\/archi-dopo-la-rapina-al-parroco-il-gruppo-consiliare-red-chiede-attenzione-sui-luoghi-di-socialita\/\" \/>\n<meta property=\"og:site_name\" content=\"Radio Touring 104\" \/>\n<meta property=\"article:published_time\" content=\"2025-01-21T08:16:14+00:00\" \/>\n<meta property=\"og:image\" content=\"https:\/\/progettotouring.it\/radiotouring104\/wp-content\/uploads\/sites\/6\/2024\/12\/RED_GRUPPOCOMUNE.jpeg\" \/>\n\t<meta property=\"og:image:width\" content=\"936\" \/>\n\t<meta property=\"og:image:height\" content=\"666\" \/>\n\t<meta property=\"og:image:type\" content=\"image\/jpeg\" \/>\n<meta name=\"author\" content=\"Sebastiano Plutino\" \/>\n<meta name=\"twitter:card\" content=\"summary_large_image\" \/>\n<meta name=\"twitter:label1\" content=\"Scritto da\" \/>\n\t<meta name=\"twitter:data1\" content=\"Sebastiano Plutino\" \/>\n\t<meta name=\"twitter:label2\" content=\"Tempo di lettura stimato\" \/>\n\t<meta name=\"twitter:data2\" content=\"1 minuto\" \/>\n<script type=\"application\/ld+json\" class=\"yoast-schema-graph\">{\"@context\":\"https:\/\/schema.org\",\"@graph\":[{\"@type\":\"Article\",\"@id\":\"https:\/\/progettotouring.it\/radiotouring104\/2025\/01\/21\/archi-dopo-la-rapina-al-parroco-il-gruppo-consiliare-red-chiede-attenzione-sui-luoghi-di-socialita\/#article\",\"isPartOf\":{\"@id\":\"https:\/\/progettotouring.it\/radiotouring104\/2025\/01\/21\/archi-dopo-la-rapina-al-parroco-il-gruppo-consiliare-red-chiede-attenzione-sui-luoghi-di-socialita\/\"},\"author\":{\"name\":\"Sebastiano Plutino\",\"@id\":\"https:\/\/progettotouring.it\/radiotouring104\/#\/schema\/person\/78613917f1851f041f7483f5af1d422e\"},\"headline\":\"Archi: dopo la rapina al parroco, il Gruppo Consiliare RED chiede attenzione sui luoghi di socialit\u00e0\",\"datePublished\":\"2025-01-21T08:16:14+00:00\",\"mainEntityOfPage\":{\"@id\":\"https:\/\/progettotouring.it\/radiotouring104\/2025\/01\/21\/archi-dopo-la-rapina-al-parroco-il-gruppo-consiliare-red-chiede-attenzione-sui-luoghi-di-socialita\/\"},\"wordCount\":260,\"publisher\":{\"@id\":\"https:\/\/progettotouring.it\/radiotouring104\/#organization\"},\"image\":{\"@id\":\"https:\/\/progettotouring.it\/radiotouring104\/2025\/01\/21\/archi-dopo-la-rapina-al-parroco-il-gruppo-consiliare-red-chiede-attenzione-sui-luoghi-di-socialita\/#primaryimage\"},\"thumbnailUrl\":\"https:\/\/progettotouring.it\/radiotouring104\/wp-content\/uploads\/sites\/6\/2024\/12\/RED_GRUPPOCOMUNE.jpeg\",\"keywords\":[\"Antonino Castorina\",\"Archi\",\"Avv. Carmelo Versace\",\"Chiesa di Maria Santissima del Carmelo\",\"rapina a parroco\"],\"articleSection\":[\"Home\",\"News\",\"Reggio Calabria\"],\"inLanguage\":\"it-IT\"},{\"@type\":\"WebPage\",\"@id\":\"https:\/\/progettotouring.it\/radiotouring104\/2025\/01\/21\/archi-dopo-la-rapina-al-parroco-il-gruppo-consiliare-red-chiede-attenzione-sui-luoghi-di-socialita\/\",\"url\":\"https:\/\/progettotouring.it\/radiotouring104\/2025\/01\/21\/archi-dopo-la-rapina-al-parroco-il-gruppo-consiliare-red-chiede-attenzione-sui-luoghi-di-socialita\/\",\"name\":\"Archi: dopo la rapina al parroco, il Gruppo Consiliare RED chiede attenzione sui luoghi di socialit\u00e0 - Radio Touring 104\",\"isPartOf\":{\"@id\":\"https:\/\/progettotouring.it\/radiotouring104\/#website\"},\"primaryImageOfPage\":{\"@id\":\"https:\/\/progettotouring.it\/radiotouring104\/2025\/01\/21\/archi-dopo-la-rapina-al-parroco-il-gruppo-consiliare-red-chiede-attenzione-sui-luoghi-di-socialita\/#primaryimage\"},\"image\":{\"@id\":\"https:\/\/progettotouring.it\/radiotouring104\/2025\/01\/21\/archi-dopo-la-rapina-al-parroco-il-gruppo-consiliare-red-chiede-attenzione-sui-luoghi-di-socialita\/#primaryimage\"},\"thumbnailUrl\":\"https:\/\/progettotouring.it\/radiotouring104\/wp-content\/uploads\/sites\/6\/2024\/12\/RED_GRUPPOCOMUNE.jpeg\",\"datePublished\":\"2025-01-21T08:16:14+00:00\",\"description\":\"\u00abNon solo solidariet\u00e0, serve attenzione massima per i luoghi di socialit\u00e0\u00bb, scrivono in una nota i Consiglieri Comunali del Gruppo RED\",\"breadcrumb\":{\"@id\":\"https:\/\/progettotouring.it\/radiotouring104\/2025\/01\/21\/archi-dopo-la-rapina-al-parroco-il-gruppo-consiliare-red-chiede-attenzione-sui-luoghi-di-socialita\/#breadcrumb\"},\"inLanguage\":\"it-IT\",\"potentialAction\":[{\"@type\":\"ReadAction\",\"target\":[\"https:\/\/progettotouring.it\/radiotouring104\/2025\/01\/21\/archi-dopo-la-rapina-al-parroco-il-gruppo-consiliare-red-chiede-attenzione-sui-luoghi-di-socialita\/\"]}]},{\"@type\":\"ImageObject\",\"inLanguage\":\"it-IT\",\"@id\":\"https:\/\/progettotouring.it\/radiotouring104\/2025\/01\/21\/archi-dopo-la-rapina-al-parroco-il-gruppo-consiliare-red-chiede-attenzione-sui-luoghi-di-socialita\/#primaryimage\",\"url\":\"https:\/\/progettotouring.it\/radiotouring104\/wp-content\/uploads\/sites\/6\/2024\/12\/RED_GRUPPOCOMUNE.jpeg\",\"contentUrl\":\"https:\/\/progettotouring.it\/radiotouring104\/wp-content\/uploads\/sites\/6\/2024\/12\/RED_GRUPPOCOMUNE.jpeg\",\"width\":936,\"height\":666},{\"@type\":\"BreadcrumbList\",\"@id\":\"https:\/\/progettotouring.it\/radiotouring104\/2025\/01\/21\/archi-dopo-la-rapina-al-parroco-il-gruppo-consiliare-red-chiede-attenzione-sui-luoghi-di-socialita\/#breadcrumb\",\"itemListElement\":[{\"@type\":\"ListItem\",\"position\":1,\"name\":\"Home\",\"item\":\"https:\/\/progettotouring.it\/radiotouring104\/\"},{\"@type\":\"ListItem\",\"position\":2,\"name\":\"Archi: dopo la rapina al parroco, il Gruppo Consiliare RED chiede attenzione sui luoghi di socialit\u00e0\"}]},{\"@type\":\"WebSite\",\"@id\":\"https:\/\/progettotouring.it\/radiotouring104\/#website\",\"url\":\"https:\/\/progettotouring.it\/radiotouring104\/\",\"name\":\"Radio Touring 104\",\"description\":\"La prima radio Reggina\",\"publisher\":{\"@id\":\"https:\/\/progettotouring.it\/radiotouring104\/#organization\"},\"potentialAction\":[{\"@type\":\"SearchAction\",\"target\":{\"@type\":\"EntryPoint\",\"urlTemplate\":\"https:\/\/progettotouring.it\/radiotouring104\/?s={search_term_string}\"},\"query-input\":{\"@type\":\"PropertyValueSpecification\",\"valueRequired\":true,\"valueName\":\"search_term_string\"}}],\"inLanguage\":\"it-IT\"},{\"@type\":\"Organization\",\"@id\":\"https:\/\/progettotouring.it\/radiotouring104\/#organization\",\"name\":\"Radio Touring 104\",\"url\":\"https:\/\/progettotouring.it\/radiotouring104\/\",\"logo\":{\"@type\":\"ImageObject\",\"inLanguage\":\"it-IT\",\"@id\":\"https:\/\/progettotouring.it\/radiotouring104\/#\/schema\/logo\/image\/\",\"url\":\"https:\/\/progettotouring.it\/radiotouring104\/wp-content\/uploads\/sites\/6\/2022\/02\/cropped-logo-radio-touring-104.png\",\"contentUrl\":\"https:\/\/progettotouring.it\/radiotouring104\/wp-content\/uploads\/sites\/6\/2022\/02\/cropped-logo-radio-touring-104.png\",\"width\":377,\"height\":182,\"caption\":\"Radio Touring 104\"},\"image\":{\"@id\":\"https:\/\/progettotouring.it\/radiotouring104\/#\/schema\/logo\/image\/\"}},{\"@type\":\"Person\",\"@id\":\"https:\/\/progettotouring.it\/radiotouring104\/#\/schema\/person\/78613917f1851f041f7483f5af1d422e\",\"name\":\"Sebastiano Plutino\",\"image\":{\"@type\":\"ImageObject\",\"inLanguage\":\"it-IT\",\"@id\":\"https:\/\/secure.gravatar.com\/avatar\/0546ffaa9b79224faf9f2a156b67a529ae861d3287c66c1d8ccfdf909bcba78d?s=96&d=mm&r=g\",\"url\":\"https:\/\/secure.gravatar.com\/avatar\/0546ffaa9b79224faf9f2a156b67a529ae861d3287c66c1d8ccfdf909bcba78d?s=96&d=mm&r=g\",\"contentUrl\":\"https:\/\/secure.gravatar.com\/avatar\/0546ffaa9b79224faf9f2a156b67a529ae861d3287c66c1d8ccfdf909bcba78d?s=96&d=mm&r=g\",\"caption\":\"Sebastiano Plutino\"},\"url\":\"https:\/\/progettotouring.it\/radiotouring104\/author\/sebastiano\/\"}]}<\/script>\n<!-- \/ Yoast SEO plugin. -->","yoast_head_json":{"title":"Archi: dopo la rapina al parroco, il Gruppo Consiliare RED chiede attenzione sui luoghi di socialit\u00e0 - Radio Touring 104","description":"\u00abNon solo solidariet\u00e0, serve attenzione massima per i luoghi di socialit\u00e0\u00bb, scrivono in una nota i Consiglieri Comunali del Gruppo RED","robots":{"index":"index","follow":"follow","max-snippet":"max-snippet:-1","max-image-preview":"max-image-preview:large","max-video-preview":"max-video-preview:-1"},"canonical":"https:\/\/progettotouring.it\/radiotouring104\/2025\/01\/21\/archi-dopo-la-rapina-al-parroco-il-gruppo-consiliare-red-chiede-attenzione-sui-luoghi-di-socialita\/","og_locale":"it_IT","og_type":"article","og_title":"Archi: dopo la rapina al parroco, il Gruppo Consiliare RED chiede attenzione sui luoghi di socialit\u00e0 - Radio Touring 104","og_description":"\u00abNon solo solidariet\u00e0, serve attenzione massima per i luoghi di socialit\u00e0\u00bb, scrivono in una nota i Consiglieri Comunali del Gruppo RED","og_url":"https:\/\/progettotouring.it\/radiotouring104\/2025\/01\/21\/archi-dopo-la-rapina-al-parroco-il-gruppo-consiliare-red-chiede-attenzione-sui-luoghi-di-socialita\/","og_site_name":"Radio Touring 104","article_published_time":"2025-01-21T08:16:14+00:00","og_image":[{"width":936,"height":666,"url":"https:\/\/progettotouring.it\/radiotouring104\/wp-content\/uploads\/sites\/6\/2024\/12\/RED_GRUPPOCOMUNE.jpeg","type":"image\/jpeg"}],"author":"Sebastiano Plutino","twitter_card":"summary_large_image","twitter_misc":{"Scritto da":"Sebastiano Plutino","Tempo di lettura stimato":"1 minuto"},"schema":{"@context":"https:\/\/schema.org","@graph":[{"@type":"Article","@id":"https:\/\/progettotouring.it\/radiotouring104\/2025\/01\/21\/archi-dopo-la-rapina-al-parroco-il-gruppo-consiliare-red-chiede-attenzione-sui-luoghi-di-socialita\/#article","isPartOf":{"@id":"https:\/\/progettotouring.it\/radiotouring104\/2025\/01\/21\/archi-dopo-la-rapina-al-parroco-il-gruppo-consiliare-red-chiede-attenzione-sui-luoghi-di-socialita\/"},"author":{"name":"Sebastiano Plutino","@id":"https:\/\/progettotouring.it\/radiotouring104\/#\/schema\/person\/78613917f1851f041f7483f5af1d422e"},"headline":"Archi: dopo la rapina al parroco, il Gruppo Consiliare RED chiede attenzione sui luoghi di socialit\u00e0","datePublished":"2025-01-21T08:16:14+00:00","mainEntityOfPage":{"@id":"https:\/\/progettotouring.it\/radiotouring104\/2025\/01\/21\/archi-dopo-la-rapina-al-parroco-il-gruppo-consiliare-red-chiede-attenzione-sui-luoghi-di-socialita\/"},"wordCount":260,"publisher":{"@id":"https:\/\/progettotouring.it\/radiotouring104\/#organization"},"image":{"@id":"https:\/\/progettotouring.it\/radiotouring104\/2025\/01\/21\/archi-dopo-la-rapina-al-parroco-il-gruppo-consiliare-red-chiede-attenzione-sui-luoghi-di-socialita\/#primaryimage"},"thumbnailUrl":"https:\/\/progettotouring.it\/radiotouring104\/wp-content\/uploads\/sites\/6\/2024\/12\/RED_GRUPPOCOMUNE.jpeg","keywords":["Antonino Castorina","Archi","Avv. Carmelo Versace","Chiesa di Maria Santissima del Carmelo","rapina a parroco"],"articleSection":["Home","News","Reggio Calabria"],"inLanguage":"it-IT"},{"@type":"WebPage","@id":"https:\/\/progettotouring.it\/radiotouring104\/2025\/01\/21\/archi-dopo-la-rapina-al-parroco-il-gruppo-consiliare-red-chiede-attenzione-sui-luoghi-di-socialita\/","url":"https:\/\/progettotouring.it\/radiotouring104\/2025\/01\/21\/archi-dopo-la-rapina-al-parroco-il-gruppo-consiliare-red-chiede-attenzione-sui-luoghi-di-socialita\/","name":"Archi: dopo la rapina al parroco, il Gruppo Consiliare RED chiede attenzione sui luoghi di socialit\u00e0 - Radio Touring 104","isPartOf":{"@id":"https:\/\/progettotouring.it\/radiotouring104\/#website"},"primaryImageOfPage":{"@id":"https:\/\/progettotouring.it\/radiotouring104\/2025\/01\/21\/archi-dopo-la-rapina-al-parroco-il-gruppo-consiliare-red-chiede-attenzione-sui-luoghi-di-socialita\/#primaryimage"},"image":{"@id":"https:\/\/progettotouring.it\/radiotouring104\/2025\/01\/21\/archi-dopo-la-rapina-al-parroco-il-gruppo-consiliare-red-chiede-attenzione-sui-luoghi-di-socialita\/#primaryimage"},"thumbnailUrl":"https:\/\/progettotouring.it\/radiotouring104\/wp-content\/uploads\/sites\/6\/2024\/12\/RED_GRUPPOCOMUNE.jpeg","datePublished":"2025-01-21T08:16:14+00:00","description":"\u00abNon solo solidariet\u00e0, serve attenzione massima per i luoghi di socialit\u00e0\u00bb, scrivono in una nota i Consiglieri Comunali del Gruppo RED","breadcrumb":{"@id":"https:\/\/progettotouring.it\/radiotouring104\/2025\/01\/21\/archi-dopo-la-rapina-al-parroco-il-gruppo-consiliare-red-chiede-attenzione-sui-luoghi-di-socialita\/#breadcrumb"},"inLanguage":"it-IT","potentialAction":[{"@type":"ReadAction","target":["https:\/\/progettotouring.it\/radiotouring104\/2025\/01\/21\/archi-dopo-la-rapina-al-parroco-il-gruppo-consiliare-red-chiede-attenzione-sui-luoghi-di-socialita\/"]}]},{"@type":"ImageObject","inLanguage":"it-IT","@id":"https:\/\/progettotouring.it\/radiotouring104\/2025\/01\/21\/archi-dopo-la-rapina-al-parroco-il-gruppo-consiliare-red-chiede-attenzione-sui-luoghi-di-socialita\/#primaryimage","url":"https:\/\/progettotouring.it\/radiotouring104\/wp-content\/uploads\/sites\/6\/2024\/12\/RED_GRUPPOCOMUNE.jpeg","contentUrl":"https:\/\/progettotouring.it\/radiotouring104\/wp-content\/uploads\/sites\/6\/2024\/12\/RED_GRUPPOCOMUNE.jpeg","width":936,"height":666},{"@type":"BreadcrumbList","@id":"https:\/\/progettotouring.it\/radiotouring104\/2025\/01\/21\/archi-dopo-la-rapina-al-parroco-il-gruppo-consiliare-red-chiede-attenzione-sui-luoghi-di-socialita\/#breadcrumb","itemListElement":[{"@type":"ListItem","position":1,"name":"Home","item":"https:\/\/progettotouring.it\/radiotouring104\/"},{"@type":"ListItem","position":2,"name":"Archi: dopo la rapina al parroco, il Gruppo Consiliare RED chiede attenzione sui luoghi di socialit\u00e0"}]},{"@type":"WebSite","@id":"https:\/\/progettotouring.it\/radiotouring104\/#website","url":"https:\/\/progettotouring.it\/radiotouring104\/","name":"Radio Touring 104","description":"La prima radio Reggina","publisher":{"@id":"https:\/\/progettotouring.it\/radiotouring104\/#organization"},"potentialAction":[{"@type":"SearchAction","target":{"@type":"EntryPoint","urlTemplate":"https:\/\/progettotouring.it\/radiotouring104\/?s={search_term_string}"},"query-input":{"@type":"PropertyValueSpecification","valueRequired":true,"valueName":"search_term_string"}}],"inLanguage":"it-IT"},{"@type":"Organization","@id":"https:\/\/progettotouring.it\/radiotouring104\/#organization","name":"Radio Touring 104","url":"https:\/\/progettotouring.it\/radiotouring104\/","logo":{"@type":"ImageObject","inLanguage":"it-IT","@id":"https:\/\/progettotouring.it\/radiotouring104\/#\/schema\/logo\/image\/","url":"https:\/\/progettotouring.it\/radiotouring104\/wp-content\/uploads\/sites\/6\/2022\/02\/cropped-logo-radio-touring-104.png","contentUrl":"https:\/\/progettotouring.it\/radiotouring104\/wp-content\/uploads\/sites\/6\/2022\/02\/cropped-logo-radio-touring-104.png","width":377,"height":182,"caption":"Radio Touring 104"},"image":{"@id":"https:\/\/progettotouring.it\/radiotouring104\/#\/schema\/logo\/image\/"}},{"@type":"Person","@id":"https:\/\/progettotouring.it\/radiotouring104\/#\/schema\/person\/78613917f1851f041f7483f5af1d422e","name":"Sebastiano Plutino","image":{"@type":"ImageObject","inLanguage":"it-IT","@id":"https:\/\/secure.gravatar.com\/avatar\/0546ffaa9b79224faf9f2a156b67a529ae861d3287c66c1d8ccfdf909bcba78d?s=96&d=mm&r=g","url":"https:\/\/secure.gravatar.com\/avatar\/0546ffaa9b79224faf9f2a156b67a529ae861d3287c66c1d8ccfdf909bcba78d?s=96&d=mm&r=g","contentUrl":"https:\/\/secure.gravatar.com\/avatar\/0546ffaa9b79224faf9f2a156b67a529ae861d3287c66c1d8ccfdf909bcba78d?s=96&d=mm&r=g","caption":"Sebastiano Plutino"},"url":"https:\/\/progettotouring.it\/radiotouring104\/author\/sebastiano\/"}]}},"jetpack_publicize_connections":[],"jetpack_featured_media_url":"https:\/\/progettotouring.it\/radiotouring104\/wp-content\/uploads\/sites\/6\/2024\/12\/RED_GRUPPOCOMUNE.jpeg","jetpack_sharing_enabled":true,"_links":{"self":[{"href":"https:\/\/progettotouring.it\/radiotouring104\/wp-json\/wp\/v2\/posts\/65215","targetHints":{"allow":["GET"]}}],"collection":[{"href":"https:\/\/progettotouring.it\/radiotouring104\/wp-json\/wp\/v2\/posts"}],"about":[{"href":"https:\/\/progettotouring.it\/radiotouring104\/wp-json\/wp\/v2\/types\/post"}],"author":[{"embeddable":true,"href":"https:\/\/progettotouring.it\/radiotouring104\/wp-json\/wp\/v2\/users\/12"}],"replies":[{"embeddable":true,"href":"https:\/\/progettotouring.it\/radiotouring104\/wp-json\/wp\/v2\/comments?post=65215"}],"version-history":[{"count":1,"href":"https:\/\/progettotouring.it\/radiotouring104\/wp-json\/wp\/v2\/posts\/65215\/revisions"}],"predecessor-version":[{"id":65216,"href":"https:\/\/progettotouring.it\/radiotouring104\/wp-json\/wp\/v2\/posts\/65215\/revisions\/65216"}],"wp:featuredmedia":[{"embeddable":true,"href":"https:\/\/progettotouring.it\/radiotouring104\/wp-json\/wp\/v2\/media\/63685"}],"wp:attachment":[{"href":"https:\/\/progettotouring.it\/radiotouring104\/wp-json\/wp\/v2\/media?parent=65215"}],"wp:term":[{"taxonomy":"category","embeddable":true,"href":"https:\/\/progettotouring.it\/radiotouring104\/wp-json\/wp\/v2\/categories?post=65215"},{"taxonomy":"post_tag","embeddable":true,"href":"https:\/\/progettotouring.it\/radiotouring104\/wp-json\/wp\/v2\/tags?post=65215"}],"curies":[{"name":"wp","href":"https:\/\/api.w.org\/{rel}","templated":true}]}}