{"id":65220,"date":"2025-01-21T09:32:20","date_gmt":"2025-01-21T08:32:20","guid":{"rendered":"https:\/\/progettotouring.it\/radiotouring104\/?p=65220"},"modified":"2025-01-21T09:32:20","modified_gmt":"2025-01-21T08:32:20","slug":"reggio-suraci-azione-replica-a-forza-italia-su-dimensionamento-scolastico-ed-assistenti-educativi","status":"publish","type":"post","link":"https:\/\/progettotouring.it\/radiotouring104\/2025\/01\/21\/reggio-suraci-azione-replica-a-forza-italia-su-dimensionamento-scolastico-ed-assistenti-educativi\/","title":{"rendered":"Reggio: Suraci (Azione) replica a Forza Italia su Dimensionamento Scolastico ed Assistenti Educativi"},"content":{"rendered":"<p style=\"text-align: justify\"><em>&#8220;Non sappiamo se i consiglieri comunali di Forza Italia si siano alzati tardi e siano entrati alla seconda ora. Sicuramente c&#8217;\u00e8 da registrare sul tema del dimensionamento scolastico e degli assistenti educativi l&#8217;assenza dei loro colleghi metropolitani che su certi temi risultano totalmente estranei, indifferenti ed immobili sull&#8217;argomento, quasi da sembrare che li disconoscano completamente. Ma viste le giustificazioni lanciate a casaccio dal gruppo comunale, \u00e8 necessario ristabilire la verit\u00e0 dei fatti affinch\u00e9 i forzisti, sempre impreparati, non debbano ripetere di nuovo l\u2019anno affidandosi a qualche corso di recupero per studenti distratti&#8221;<\/em>. E&#8217; quanto <strong>afferma in una nota il segretario provinciale di Azione Santo Suraci rispondendo<\/strong> alla nota stampa diramata dal <strong>gruppo consiliare comunale di Forza Italia.<\/strong><\/p>\n<p><em>&#8220;Come al solito &#8211;<\/em> afferma Suraci &#8211; <em>i tre consiglieri si limitano a prendere le difese della loro parte politica, senza fare cenno, minimamente, ad una proposta di soluzione su un tema che riguarda tantissime famiglie reggine e dell&#8217;area metropolitana. A differenza di ci\u00f2 che stiamo facendo noi, che ci siamo attivati, immediatamente, insieme al Consigliere Lizzi, che ha sempre lavorato con puntualit\u00e0 ed efficacia sul tema istruzione, e con la squadra della maggioranza metropolitana guidata dal sindaco Falcomat\u00e0, anche grazie alla proficua interlocuzione con le forze sindacali&#8221;.<\/em><\/p>\n<p><em>&#8220;Per fare chiarezza rispetto alle gravi affermazioni di Forza Italia \u00e8 utile sottolineare che il contingente scolastico che ha determinato il dimensionamento attuale \u00e8 stato disposto dal Decreto interministeriale, Istruzione e Economia e Finanze, numero 127 del 30 giugno 2023, Ministri Valditara e Giorgetti, sulla base della legge di bilancio 2023, adottata il 29 dicembre 2022, n. 197 dal governo Meloni. Qualora i consiglieri non lo sapessero, perch\u00e9 ovviamente non l\u2019hanno studiato, il Consiglio Metropolitano e i Consigli Comunali hanno adottato le proprie deliberazioni per la programmazione scolastica sulla base della Deliberazione del Consiglio Regionale n. 336 del 23 luglio 2023 avente ad oggetto l&#8217;approvazione degli \u201cindirizzi regionali per la programmazione e la definizione del dimensionamento della rete scolastica e dell\u2019offerta formativa &#8211; Linee Guida per il triennio 2024\/2025 \u2013 2026\/2027\u201d.<\/em><\/p>\n<p><em>&#8220;\u00c9 dunque evidente che tutte le norme di rifermento per la determinazione del contingente scolastico sono state adottate dai governi di destra, nazionale e regionale, con la piena approvazione dei loro referenti forzisti, esperti in mirabolanti emendamenti. Forse i consiglieri azzurri, minoranza a Reggio, non ricordano di amministrare la Regione Calabria da ben 5 anni, dal gennaio del 2020, e sono stati all\u2019interno del governo Draghi, la terza forza politica pi\u00f9 rappresentata, dopo il Movimento 5 Stelle, Lega e Partito Democratico, pertanto non provino a defilarsi e a rimpallare responsabilit\u00e0, essendo i loro riferimenti politici i principali colpevoli dell\u2019attuale situazione&#8221;.<\/em><\/p>\n<p><em>&#8220;Quanto alle risorse per la retribuzione degli assistenti educativi<\/em> &#8211;<strong> aggiunge Suraci<\/strong> &#8211;<em> la Citt\u00e0 Metropolitana ha fino ad oggi svolto semplicemente il ruolo di liquidatore delle somme destinate dal Ministero dell\u2019Istruzione rispetto ai PEI adottati dai Dirigenti Scolastici, senza mai entrare nel merito di quanto deciso, neanche sulla scelta dei professionisti da contrattualizzare. Quest\u2019anno le risorse messe a disposizione sono tornate ad essere quelle del budget governativo ordinario, dopo gli anni post Covid durante i quali si \u00e8 usufruito delle risorse non utilizzate durante i periodi di chiusura scolastica. Tutto ci\u00f2 a fronte dell&#8217;aumento delle esigenze contrattualizzate dai Dirigenti Scolastici, incremento al quale non \u00e8 corrisposto un adeguamento delle risorse trasferite dal Ministero dell\u2019Istruzione e per tale ragione, responsabilmente, i settore istruzione della Citt\u00e0 Metropolitana ha suggerito di attenersi scrupolosamente ai dettami normativi&#8221;.<\/em><\/p>\n<p><em>&#8220;Pertanto &#8211;<\/em> <strong>conclude il segretario provinciale di Azione<\/strong> &#8211; <em>se i consiglieri comunali di Forza Italia volessero rendersi finalmente utili, invece di fare inutile sciacallaggio, potrebbero contribuire ad individuare una soluzione utile, magari chiedendo al Governo regionale o ai loro Deputati di riferimento, principalmente a quello eletto sul nostro territorio, di aumentare le risorse per gli assistenti educativi, in linea con il fabbisogno prodotto dai dirigenti scolastici per l&#8217;assistenza agli studenti con disabilit\u00e0, piuttosto che inveire contro chi lavora per risolvere i problemi quotidiani e rappresentare le istanze del territorio, senza badare ad interessi di partito&#8221;.<\/em><\/p>\n","protected":false},"excerpt":{"rendered":"<p>&#8220;Non sappiamo se i consiglieri comunali di Forza Italia si siano alzati tardi e siano entrati alla seconda ora. Sicuramente c&#8217;\u00e8 da registrare sul tema del dimensionamento scolastico e degli&hellip;<\/p>\n","protected":false},"author":12,"featured_media":65221,"comment_status":"closed","ping_status":"open","sticky":false,"template":"","format":"standard","meta":{"_jetpack_memberships_contains_paid_content":false,"footnotes":"","jetpack_publicize_message":"","jetpack_publicize_feature_enabled":true,"jetpack_social_post_already_shared":true,"jetpack_social_options":{"image_generator_settings":{"template":"highway","default_image_id":0,"font":"","enabled":false},"version":2}},"categories":[921,196,140],"tags":[1036,4193,7290,39545,27832],"class_list":["post-65220","post","type-post","status-publish","format-standard","has-post-thumbnail","hentry","category-home","category-news","category-reggio-calabria","tag-assistenti-educativi","tag-azione","tag-dimensionamento-scolastico","tag-replica-a-forza-italia","tag-santo-suraci"],"yoast_head":"<!-- This site is optimized with the Yoast SEO plugin v27.2 - https:\/\/yoast.com\/product\/yoast-seo-wordpress\/ -->\n<title>Suraci (Azione) replica a FI su Dimensionamento ed Assistenti<\/title>\n<meta name=\"description\" content=\"&quot;Consiglieri forzisti impreparati, studino invece di inveire contro chi lavora&quot;, afferma il segretario provinciale di Azione, Suraci\" \/>\n<meta name=\"robots\" content=\"index, follow, max-snippet:-1, max-image-preview:large, max-video-preview:-1\" \/>\n<link rel=\"canonical\" href=\"https:\/\/progettotouring.it\/radiotouring104\/2025\/01\/21\/reggio-suraci-azione-replica-a-forza-italia-su-dimensionamento-scolastico-ed-assistenti-educativi\/\" \/>\n<meta property=\"og:locale\" content=\"it_IT\" \/>\n<meta property=\"og:type\" content=\"article\" \/>\n<meta property=\"og:title\" content=\"Suraci (Azione) replica a FI su Dimensionamento ed Assistenti\" \/>\n<meta property=\"og:description\" content=\"&quot;Consiglieri forzisti impreparati, studino invece di inveire contro chi lavora&quot;, afferma il segretario provinciale di Azione, Suraci\" \/>\n<meta property=\"og:url\" content=\"https:\/\/progettotouring.it\/radiotouring104\/2025\/01\/21\/reggio-suraci-azione-replica-a-forza-italia-su-dimensionamento-scolastico-ed-assistenti-educativi\/\" \/>\n<meta property=\"og:site_name\" content=\"Radio Touring 104\" \/>\n<meta property=\"article:published_time\" content=\"2025-01-21T08:32:20+00:00\" \/>\n<meta property=\"og:image\" content=\"https:\/\/progettotouring.it\/radiotouring104\/wp-content\/uploads\/sites\/6\/2025\/01\/santo-suraci-azione.jpeg\" \/>\n\t<meta property=\"og:image:width\" content=\"1090\" \/>\n\t<meta property=\"og:image:height\" content=\"816\" \/>\n\t<meta property=\"og:image:type\" content=\"image\/jpeg\" \/>\n<meta name=\"author\" content=\"Sebastiano Plutino\" \/>\n<meta name=\"twitter:card\" content=\"summary_large_image\" \/>\n<meta name=\"twitter:label1\" content=\"Scritto da\" \/>\n\t<meta name=\"twitter:data1\" content=\"Sebastiano Plutino\" \/>\n\t<meta name=\"twitter:label2\" content=\"Tempo di lettura stimato\" \/>\n\t<meta name=\"twitter:data2\" content=\"3 minuti\" \/>\n<script type=\"application\/ld+json\" class=\"yoast-schema-graph\">{\"@context\":\"https:\/\/schema.org\",\"@graph\":[{\"@type\":\"Article\",\"@id\":\"https:\/\/progettotouring.it\/radiotouring104\/2025\/01\/21\/reggio-suraci-azione-replica-a-forza-italia-su-dimensionamento-scolastico-ed-assistenti-educativi\/#article\",\"isPartOf\":{\"@id\":\"https:\/\/progettotouring.it\/radiotouring104\/2025\/01\/21\/reggio-suraci-azione-replica-a-forza-italia-su-dimensionamento-scolastico-ed-assistenti-educativi\/\"},\"author\":{\"name\":\"Sebastiano Plutino\",\"@id\":\"https:\/\/progettotouring.it\/radiotouring104\/#\/schema\/person\/78613917f1851f041f7483f5af1d422e\"},\"headline\":\"Reggio: Suraci (Azione) replica a Forza Italia su Dimensionamento Scolastico ed Assistenti Educativi\",\"datePublished\":\"2025-01-21T08:32:20+00:00\",\"mainEntityOfPage\":{\"@id\":\"https:\/\/progettotouring.it\/radiotouring104\/2025\/01\/21\/reggio-suraci-azione-replica-a-forza-italia-su-dimensionamento-scolastico-ed-assistenti-educativi\/\"},\"wordCount\":665,\"publisher\":{\"@id\":\"https:\/\/progettotouring.it\/radiotouring104\/#organization\"},\"image\":{\"@id\":\"https:\/\/progettotouring.it\/radiotouring104\/2025\/01\/21\/reggio-suraci-azione-replica-a-forza-italia-su-dimensionamento-scolastico-ed-assistenti-educativi\/#primaryimage\"},\"thumbnailUrl\":\"https:\/\/progettotouring.it\/radiotouring104\/wp-content\/uploads\/sites\/6\/2025\/01\/santo-suraci-azione.jpeg\",\"keywords\":[\"assistenti educativi\",\"Azione\",\"dimensionamento scolastico\",\"replica a Forza Italia\",\"Santo Suraci\"],\"articleSection\":[\"Home\",\"News\",\"Reggio Calabria\"],\"inLanguage\":\"it-IT\"},{\"@type\":\"WebPage\",\"@id\":\"https:\/\/progettotouring.it\/radiotouring104\/2025\/01\/21\/reggio-suraci-azione-replica-a-forza-italia-su-dimensionamento-scolastico-ed-assistenti-educativi\/\",\"url\":\"https:\/\/progettotouring.it\/radiotouring104\/2025\/01\/21\/reggio-suraci-azione-replica-a-forza-italia-su-dimensionamento-scolastico-ed-assistenti-educativi\/\",\"name\":\"Suraci (Azione) replica a FI su Dimensionamento ed Assistenti\",\"isPartOf\":{\"@id\":\"https:\/\/progettotouring.it\/radiotouring104\/#website\"},\"primaryImageOfPage\":{\"@id\":\"https:\/\/progettotouring.it\/radiotouring104\/2025\/01\/21\/reggio-suraci-azione-replica-a-forza-italia-su-dimensionamento-scolastico-ed-assistenti-educativi\/#primaryimage\"},\"image\":{\"@id\":\"https:\/\/progettotouring.it\/radiotouring104\/2025\/01\/21\/reggio-suraci-azione-replica-a-forza-italia-su-dimensionamento-scolastico-ed-assistenti-educativi\/#primaryimage\"},\"thumbnailUrl\":\"https:\/\/progettotouring.it\/radiotouring104\/wp-content\/uploads\/sites\/6\/2025\/01\/santo-suraci-azione.jpeg\",\"datePublished\":\"2025-01-21T08:32:20+00:00\",\"description\":\"\\\"Consiglieri forzisti impreparati, studino invece di inveire contro chi lavora\\\", afferma il segretario provinciale di Azione, Suraci\",\"breadcrumb\":{\"@id\":\"https:\/\/progettotouring.it\/radiotouring104\/2025\/01\/21\/reggio-suraci-azione-replica-a-forza-italia-su-dimensionamento-scolastico-ed-assistenti-educativi\/#breadcrumb\"},\"inLanguage\":\"it-IT\",\"potentialAction\":[{\"@type\":\"ReadAction\",\"target\":[\"https:\/\/progettotouring.it\/radiotouring104\/2025\/01\/21\/reggio-suraci-azione-replica-a-forza-italia-su-dimensionamento-scolastico-ed-assistenti-educativi\/\"]}]},{\"@type\":\"ImageObject\",\"inLanguage\":\"it-IT\",\"@id\":\"https:\/\/progettotouring.it\/radiotouring104\/2025\/01\/21\/reggio-suraci-azione-replica-a-forza-italia-su-dimensionamento-scolastico-ed-assistenti-educativi\/#primaryimage\",\"url\":\"https:\/\/progettotouring.it\/radiotouring104\/wp-content\/uploads\/sites\/6\/2025\/01\/santo-suraci-azione.jpeg\",\"contentUrl\":\"https:\/\/progettotouring.it\/radiotouring104\/wp-content\/uploads\/sites\/6\/2025\/01\/santo-suraci-azione.jpeg\",\"width\":1090,\"height\":816},{\"@type\":\"BreadcrumbList\",\"@id\":\"https:\/\/progettotouring.it\/radiotouring104\/2025\/01\/21\/reggio-suraci-azione-replica-a-forza-italia-su-dimensionamento-scolastico-ed-assistenti-educativi\/#breadcrumb\",\"itemListElement\":[{\"@type\":\"ListItem\",\"position\":1,\"name\":\"Home\",\"item\":\"https:\/\/progettotouring.it\/radiotouring104\/\"},{\"@type\":\"ListItem\",\"position\":2,\"name\":\"Reggio: Suraci (Azione) replica a Forza Italia su Dimensionamento Scolastico ed Assistenti Educativi\"}]},{\"@type\":\"WebSite\",\"@id\":\"https:\/\/progettotouring.it\/radiotouring104\/#website\",\"url\":\"https:\/\/progettotouring.it\/radiotouring104\/\",\"name\":\"Radio Touring 104\",\"description\":\"La prima radio Reggina\",\"publisher\":{\"@id\":\"https:\/\/progettotouring.it\/radiotouring104\/#organization\"},\"potentialAction\":[{\"@type\":\"SearchAction\",\"target\":{\"@type\":\"EntryPoint\",\"urlTemplate\":\"https:\/\/progettotouring.it\/radiotouring104\/?s={search_term_string}\"},\"query-input\":{\"@type\":\"PropertyValueSpecification\",\"valueRequired\":true,\"valueName\":\"search_term_string\"}}],\"inLanguage\":\"it-IT\"},{\"@type\":\"Organization\",\"@id\":\"https:\/\/progettotouring.it\/radiotouring104\/#organization\",\"name\":\"Radio Touring 104\",\"url\":\"https:\/\/progettotouring.it\/radiotouring104\/\",\"logo\":{\"@type\":\"ImageObject\",\"inLanguage\":\"it-IT\",\"@id\":\"https:\/\/progettotouring.it\/radiotouring104\/#\/schema\/logo\/image\/\",\"url\":\"https:\/\/progettotouring.it\/radiotouring104\/wp-content\/uploads\/sites\/6\/2022\/02\/cropped-logo-radio-touring-104.png\",\"contentUrl\":\"https:\/\/progettotouring.it\/radiotouring104\/wp-content\/uploads\/sites\/6\/2022\/02\/cropped-logo-radio-touring-104.png\",\"width\":377,\"height\":182,\"caption\":\"Radio Touring 104\"},\"image\":{\"@id\":\"https:\/\/progettotouring.it\/radiotouring104\/#\/schema\/logo\/image\/\"}},{\"@type\":\"Person\",\"@id\":\"https:\/\/progettotouring.it\/radiotouring104\/#\/schema\/person\/78613917f1851f041f7483f5af1d422e\",\"name\":\"Sebastiano Plutino\",\"image\":{\"@type\":\"ImageObject\",\"inLanguage\":\"it-IT\",\"@id\":\"https:\/\/secure.gravatar.com\/avatar\/0546ffaa9b79224faf9f2a156b67a529ae861d3287c66c1d8ccfdf909bcba78d?s=96&d=mm&r=g\",\"url\":\"https:\/\/secure.gravatar.com\/avatar\/0546ffaa9b79224faf9f2a156b67a529ae861d3287c66c1d8ccfdf909bcba78d?s=96&d=mm&r=g\",\"contentUrl\":\"https:\/\/secure.gravatar.com\/avatar\/0546ffaa9b79224faf9f2a156b67a529ae861d3287c66c1d8ccfdf909bcba78d?s=96&d=mm&r=g\",\"caption\":\"Sebastiano Plutino\"},\"url\":\"https:\/\/progettotouring.it\/radiotouring104\/author\/sebastiano\/\"}]}<\/script>\n<!-- \/ Yoast SEO plugin. -->","yoast_head_json":{"title":"Suraci (Azione) replica a FI su Dimensionamento ed Assistenti","description":"\"Consiglieri forzisti impreparati, studino invece di inveire contro chi lavora\", afferma il segretario provinciale di Azione, Suraci","robots":{"index":"index","follow":"follow","max-snippet":"max-snippet:-1","max-image-preview":"max-image-preview:large","max-video-preview":"max-video-preview:-1"},"canonical":"https:\/\/progettotouring.it\/radiotouring104\/2025\/01\/21\/reggio-suraci-azione-replica-a-forza-italia-su-dimensionamento-scolastico-ed-assistenti-educativi\/","og_locale":"it_IT","og_type":"article","og_title":"Suraci (Azione) replica a FI su Dimensionamento ed Assistenti","og_description":"\"Consiglieri forzisti impreparati, studino invece di inveire contro chi lavora\", afferma il segretario provinciale di Azione, Suraci","og_url":"https:\/\/progettotouring.it\/radiotouring104\/2025\/01\/21\/reggio-suraci-azione-replica-a-forza-italia-su-dimensionamento-scolastico-ed-assistenti-educativi\/","og_site_name":"Radio Touring 104","article_published_time":"2025-01-21T08:32:20+00:00","og_image":[{"width":1090,"height":816,"url":"https:\/\/progettotouring.it\/radiotouring104\/wp-content\/uploads\/sites\/6\/2025\/01\/santo-suraci-azione.jpeg","type":"image\/jpeg"}],"author":"Sebastiano Plutino","twitter_card":"summary_large_image","twitter_misc":{"Scritto da":"Sebastiano Plutino","Tempo di lettura stimato":"3 minuti"},"schema":{"@context":"https:\/\/schema.org","@graph":[{"@type":"Article","@id":"https:\/\/progettotouring.it\/radiotouring104\/2025\/01\/21\/reggio-suraci-azione-replica-a-forza-italia-su-dimensionamento-scolastico-ed-assistenti-educativi\/#article","isPartOf":{"@id":"https:\/\/progettotouring.it\/radiotouring104\/2025\/01\/21\/reggio-suraci-azione-replica-a-forza-italia-su-dimensionamento-scolastico-ed-assistenti-educativi\/"},"author":{"name":"Sebastiano Plutino","@id":"https:\/\/progettotouring.it\/radiotouring104\/#\/schema\/person\/78613917f1851f041f7483f5af1d422e"},"headline":"Reggio: Suraci (Azione) replica a Forza Italia su Dimensionamento Scolastico ed Assistenti Educativi","datePublished":"2025-01-21T08:32:20+00:00","mainEntityOfPage":{"@id":"https:\/\/progettotouring.it\/radiotouring104\/2025\/01\/21\/reggio-suraci-azione-replica-a-forza-italia-su-dimensionamento-scolastico-ed-assistenti-educativi\/"},"wordCount":665,"publisher":{"@id":"https:\/\/progettotouring.it\/radiotouring104\/#organization"},"image":{"@id":"https:\/\/progettotouring.it\/radiotouring104\/2025\/01\/21\/reggio-suraci-azione-replica-a-forza-italia-su-dimensionamento-scolastico-ed-assistenti-educativi\/#primaryimage"},"thumbnailUrl":"https:\/\/progettotouring.it\/radiotouring104\/wp-content\/uploads\/sites\/6\/2025\/01\/santo-suraci-azione.jpeg","keywords":["assistenti educativi","Azione","dimensionamento scolastico","replica a Forza Italia","Santo Suraci"],"articleSection":["Home","News","Reggio Calabria"],"inLanguage":"it-IT"},{"@type":"WebPage","@id":"https:\/\/progettotouring.it\/radiotouring104\/2025\/01\/21\/reggio-suraci-azione-replica-a-forza-italia-su-dimensionamento-scolastico-ed-assistenti-educativi\/","url":"https:\/\/progettotouring.it\/radiotouring104\/2025\/01\/21\/reggio-suraci-azione-replica-a-forza-italia-su-dimensionamento-scolastico-ed-assistenti-educativi\/","name":"Suraci (Azione) replica a FI su Dimensionamento ed Assistenti","isPartOf":{"@id":"https:\/\/progettotouring.it\/radiotouring104\/#website"},"primaryImageOfPage":{"@id":"https:\/\/progettotouring.it\/radiotouring104\/2025\/01\/21\/reggio-suraci-azione-replica-a-forza-italia-su-dimensionamento-scolastico-ed-assistenti-educativi\/#primaryimage"},"image":{"@id":"https:\/\/progettotouring.it\/radiotouring104\/2025\/01\/21\/reggio-suraci-azione-replica-a-forza-italia-su-dimensionamento-scolastico-ed-assistenti-educativi\/#primaryimage"},"thumbnailUrl":"https:\/\/progettotouring.it\/radiotouring104\/wp-content\/uploads\/sites\/6\/2025\/01\/santo-suraci-azione.jpeg","datePublished":"2025-01-21T08:32:20+00:00","description":"\"Consiglieri forzisti impreparati, studino invece di inveire contro chi lavora\", afferma il segretario provinciale di Azione, Suraci","breadcrumb":{"@id":"https:\/\/progettotouring.it\/radiotouring104\/2025\/01\/21\/reggio-suraci-azione-replica-a-forza-italia-su-dimensionamento-scolastico-ed-assistenti-educativi\/#breadcrumb"},"inLanguage":"it-IT","potentialAction":[{"@type":"ReadAction","target":["https:\/\/progettotouring.it\/radiotouring104\/2025\/01\/21\/reggio-suraci-azione-replica-a-forza-italia-su-dimensionamento-scolastico-ed-assistenti-educativi\/"]}]},{"@type":"ImageObject","inLanguage":"it-IT","@id":"https:\/\/progettotouring.it\/radiotouring104\/2025\/01\/21\/reggio-suraci-azione-replica-a-forza-italia-su-dimensionamento-scolastico-ed-assistenti-educativi\/#primaryimage","url":"https:\/\/progettotouring.it\/radiotouring104\/wp-content\/uploads\/sites\/6\/2025\/01\/santo-suraci-azione.jpeg","contentUrl":"https:\/\/progettotouring.it\/radiotouring104\/wp-content\/uploads\/sites\/6\/2025\/01\/santo-suraci-azione.jpeg","width":1090,"height":816},{"@type":"BreadcrumbList","@id":"https:\/\/progettotouring.it\/radiotouring104\/2025\/01\/21\/reggio-suraci-azione-replica-a-forza-italia-su-dimensionamento-scolastico-ed-assistenti-educativi\/#breadcrumb","itemListElement":[{"@type":"ListItem","position":1,"name":"Home","item":"https:\/\/progettotouring.it\/radiotouring104\/"},{"@type":"ListItem","position":2,"name":"Reggio: Suraci (Azione) replica a Forza Italia su Dimensionamento Scolastico ed Assistenti Educativi"}]},{"@type":"WebSite","@id":"https:\/\/progettotouring.it\/radiotouring104\/#website","url":"https:\/\/progettotouring.it\/radiotouring104\/","name":"Radio Touring 104","description":"La prima radio Reggina","publisher":{"@id":"https:\/\/progettotouring.it\/radiotouring104\/#organization"},"potentialAction":[{"@type":"SearchAction","target":{"@type":"EntryPoint","urlTemplate":"https:\/\/progettotouring.it\/radiotouring104\/?s={search_term_string}"},"query-input":{"@type":"PropertyValueSpecification","valueRequired":true,"valueName":"search_term_string"}}],"inLanguage":"it-IT"},{"@type":"Organization","@id":"https:\/\/progettotouring.it\/radiotouring104\/#organization","name":"Radio Touring 104","url":"https:\/\/progettotouring.it\/radiotouring104\/","logo":{"@type":"ImageObject","inLanguage":"it-IT","@id":"https:\/\/progettotouring.it\/radiotouring104\/#\/schema\/logo\/image\/","url":"https:\/\/progettotouring.it\/radiotouring104\/wp-content\/uploads\/sites\/6\/2022\/02\/cropped-logo-radio-touring-104.png","contentUrl":"https:\/\/progettotouring.it\/radiotouring104\/wp-content\/uploads\/sites\/6\/2022\/02\/cropped-logo-radio-touring-104.png","width":377,"height":182,"caption":"Radio Touring 104"},"image":{"@id":"https:\/\/progettotouring.it\/radiotouring104\/#\/schema\/logo\/image\/"}},{"@type":"Person","@id":"https:\/\/progettotouring.it\/radiotouring104\/#\/schema\/person\/78613917f1851f041f7483f5af1d422e","name":"Sebastiano Plutino","image":{"@type":"ImageObject","inLanguage":"it-IT","@id":"https:\/\/secure.gravatar.com\/avatar\/0546ffaa9b79224faf9f2a156b67a529ae861d3287c66c1d8ccfdf909bcba78d?s=96&d=mm&r=g","url":"https:\/\/secure.gravatar.com\/avatar\/0546ffaa9b79224faf9f2a156b67a529ae861d3287c66c1d8ccfdf909bcba78d?s=96&d=mm&r=g","contentUrl":"https:\/\/secure.gravatar.com\/avatar\/0546ffaa9b79224faf9f2a156b67a529ae861d3287c66c1d8ccfdf909bcba78d?s=96&d=mm&r=g","caption":"Sebastiano Plutino"},"url":"https:\/\/progettotouring.it\/radiotouring104\/author\/sebastiano\/"}]}},"jetpack_publicize_connections":[],"jetpack_featured_media_url":"https:\/\/progettotouring.it\/radiotouring104\/wp-content\/uploads\/sites\/6\/2025\/01\/santo-suraci-azione.jpeg","jetpack_sharing_enabled":true,"_links":{"self":[{"href":"https:\/\/progettotouring.it\/radiotouring104\/wp-json\/wp\/v2\/posts\/65220","targetHints":{"allow":["GET"]}}],"collection":[{"href":"https:\/\/progettotouring.it\/radiotouring104\/wp-json\/wp\/v2\/posts"}],"about":[{"href":"https:\/\/progettotouring.it\/radiotouring104\/wp-json\/wp\/v2\/types\/post"}],"author":[{"embeddable":true,"href":"https:\/\/progettotouring.it\/radiotouring104\/wp-json\/wp\/v2\/users\/12"}],"replies":[{"embeddable":true,"href":"https:\/\/progettotouring.it\/radiotouring104\/wp-json\/wp\/v2\/comments?post=65220"}],"version-history":[{"count":1,"href":"https:\/\/progettotouring.it\/radiotouring104\/wp-json\/wp\/v2\/posts\/65220\/revisions"}],"predecessor-version":[{"id":65222,"href":"https:\/\/progettotouring.it\/radiotouring104\/wp-json\/wp\/v2\/posts\/65220\/revisions\/65222"}],"wp:featuredmedia":[{"embeddable":true,"href":"https:\/\/progettotouring.it\/radiotouring104\/wp-json\/wp\/v2\/media\/65221"}],"wp:attachment":[{"href":"https:\/\/progettotouring.it\/radiotouring104\/wp-json\/wp\/v2\/media?parent=65220"}],"wp:term":[{"taxonomy":"category","embeddable":true,"href":"https:\/\/progettotouring.it\/radiotouring104\/wp-json\/wp\/v2\/categories?post=65220"},{"taxonomy":"post_tag","embeddable":true,"href":"https:\/\/progettotouring.it\/radiotouring104\/wp-json\/wp\/v2\/tags?post=65220"}],"curies":[{"name":"wp","href":"https:\/\/api.w.org\/{rel}","templated":true}]}}