{"id":65225,"date":"2025-01-21T09:57:40","date_gmt":"2025-01-21T08:57:40","guid":{"rendered":"https:\/\/progettotouring.it\/radiotouring104\/?p=65225"},"modified":"2025-01-21T09:57:40","modified_gmt":"2025-01-21T08:57:40","slug":"premiato-a-roma-il-progetto-mosorrofa-borgo-della-musica","status":"publish","type":"post","link":"https:\/\/progettotouring.it\/radiotouring104\/2025\/01\/21\/premiato-a-roma-il-progetto-mosorrofa-borgo-della-musica\/","title":{"rendered":"Premiato a Roma il progetto &#8220;Mosorrofa Borgo della Musica&#8221;"},"content":{"rendered":"<p style=\"text-align: justify\">Il 18 e 19 gennaio c.a. si sono svolte a Roma le Giornate di Progettazione Sociale \u201cIdee in Movimento\u201d organizzate dal <strong>Movimento Lavoratori di Azione Cattolica (MLAC)<\/strong> dal titolo <strong>Democrazia e partecipazione<\/strong>. Il primo giorno, a palazzo Valentini sede della citt\u00e0 Metropolitana di Roma, si \u00e8 tenuta una tavola rotonda su \u201c<strong>Intelligenza artificiale: sfide e opportunit\u00e0<\/strong>\u201d. Ha aperto i lavori un invito alla preghiera di don <strong>Oronzo Cosi<\/strong>, assistente nazionale MLAC e Adulti AC, al quale \u00e8 seguito il saluto di benvenuti da <strong>Mariano Angelucci<\/strong>, Presidente della Commissione Turismo, Moda e Relazioni internazionali di Roma Capitale e Consigliere Metropolitano, che da padrone di casa ha accolto i convegnisti dicendo che il palazzo \u00e8 sempre disponibile per eventi culturali e formativi e augurando un buon lavoro.\u00a0 Ha moderato la tavola rotonda <strong>Enrica Belli<\/strong>, giornalista di Radio Rai, che nell\u2019introduzione, dicendosi contenta di essere stata invitata perch\u00e9 si trova a casa essendo cresciuta in AC, ha messo in evidenza l\u2019importanza di correlare I.A. (Intelligenza Artificiale), Lavoro e Democrazia. Il primo ospite della tavola rotonda ad avere la parola \u00e8 stato <strong>Paolo Benanti<\/strong>, Docente di Bioetica ed etica delle tecnologie alla Pontificia Universit\u00e0 Gregoriana. Partendo dall\u2019assunto che l\u2019etica non \u00e8 avere paura di quello che accade ma cercare il bene che si pu\u00f2 generare, ha sottolineato l\u2019importanza della norma e delle relazioni sia nel lavoro che in democrazia e indicato l\u2019algoritmo come un qualcosa che salta gli schemi tradizionali. Ha concluso il suo intervento con tre affermazioni\/domande. 1) \u00c8 cambiata la natura degli oggetti che compongono il nostro mondo. Noi compriamo Hardware e abbiamo in licenza software. Il possesso non frutta perch\u00e9 \u00e8 il secondo che organizza le nostre relazioni. Se un software si rompe cambiano le nostre relazioni. 2) Don Milano diceva che \u201cobbedire non \u00e8 pi\u00f9 una virt\u00f9\u201d, anche se senza essere normato un sistema non pu\u00f2 funzionare. \u00c8 dimostrato che spesso funziona pi\u00f9 attivare il nostro subconscio che impartire un\u2019istruzione. 3) La macchina surroga meglio un profilo alto piuttosto che uno basso. Esempio Excel pu\u00f2 essere affidato ad una macchina ma il cibo a casa lo porta ancora chi pedala. A seguire, <strong>Paola Bruni<\/strong>, Presidente del consiglio di amministrazione di ENAV, che parlando del controllo dello spazio aereo nazionale e del rapporto tra pilota e controllore che \u00e8 costante e continuo si chiedeva se si pu\u00f2 demandare tutto all\u2019I.A. A suo parere dell\u2019I.A. bisogna fare un utilizzo ragionato perch\u00e9 manca di creativit\u00e0 che \u00e8 propria dell\u2019uomo. Conclude con l\u2019asserzione che I.A. pu\u00f2 elaborare il passato ma non immaginare il futuro. Infine c\u2019\u00e8 stato l\u2019intervento del Presidente Nazionale dell\u2019Azione Cattolica Italiana, <strong>Giuseppe Notarstefano<\/strong>, che partendo dall\u2019assunto di Benanti, norma uguale bene comune, dice che \u00e8 l\u2019anello pi\u00f9 debole che tiene unita la catena. Indica l\u2019I.A. come mezzo per liberare il lavoro inteso come fatica, travaglio. A suo dire l\u2019I.A. moltiplica le nostre capacit\u00e0 ma non pu\u00f2 stravolgerle. Si pone la domanda se si moltiplicano pure le disuguaglianze. Indica nel cammino dell\u2019AC la via formativa come mezzo per stare al passo con i tempi. Usare la tecnologia non farsi usare. Alla tavola rotonda \u00e8 seguita uno splendido mini concerto dell\u2019Orchestra Senior e del coro \u201cMani bianche\u201d della diocesi di Avezzano, due realt\u00e0 che richiamano il concorso di Progettazione Sociale al quale avevano partecipato e vinto anni fa. Nel pomeriggio e il giorno successivo i lavori si sono svolti nell\u2019auditorium del Pontificio collegio Spagnolo di San Giuseppe, guidati da <strong>Maurizio Biasci<\/strong>, Segretario Nazionale MLAC, e dalla vice segretaria <strong>Graziella Giardino<\/strong>. Il MLAC celebra il XIX\u00b0 concorso nazionale di Progettazione sociale \u201cIdee in movimento\u201d con la collaborazione dell\u2019Ufficio Nazionale per i problemi sociali e il lavoro, del Progetto Policoro e della Caritas Italiana. Quest\u2019anno ricorre il ventesimo dell\u2019istituzione di questo concorso e prima della premiazione dei progetti vincitori (4 tra i quindici presentati) si \u00e8 ripercorsa un po&#8217; la storia di questi 20 anni ascoltando i gi\u00e0 segretari nazionali Cristiano Nervegna, Simona Loperte e Tommaso Marino, il gi\u00e0 assistente nazionale MLAC don Fabrizio De Toni, per la Caritas Marcello Pietrobon e per il Progetto Policoro Domenico Smimmo. I progetti presentati quest\u2019anno erano prevalentemente, con la sola presenza della Lombardia, del sud: Campania, Marche, Abruzzo, Puglia, Sicilia e due dalla Calabria. Il progetto \u201cMosorrofa Borgo della Musica\u201d presentato dalla parrocchia San Demetrio in Mosorrofa (RC) si \u00e8 classificato al primo posto risultando quindi tra i vincitori del bando.<\/p>\n<p style=\"text-align: justify\"><strong>Mosorrofa \u201cBorgo della Musica\u201d<\/strong>: murales a tema musicale quale via alternativa di riqualificazione urbana e miglioramento della qualit\u00e0 di vita attraverso la creazione e la cura del \u201cbello\u201d. Mosorrofa un centro periferico del comune di Reggio Calabria in cui \u00e8 ben evidente e documentata una degradazione sociale che negli ultimi anni, ha mostrato un netto peggioramento. La degradazione sociale del borgo di Mosorrofa (RC), cos\u00ec come in un qualsiasi altro borgo periferico del Sud Italia, \u00e8 un fenomeno che \u00e8 caratterizzato dai seguenti aspetti: Declino economico e mancanza di opportunit\u00e0 lavorative; Spopolamento, invecchiamento della popolazione e decadimento culturale; Degrado urbano e carenza di infrastrutture; Perdita dell&#8217;identit\u00e0 culturale; Criminalit\u00e0 e atteggiamenti antisociali; Scarsa coesione sociale. In un tal quadro sociale, economico e culturale, il borgo di Mosorrofa ha necessit\u00e0 di contrastare questo fenomeno che richiede politiche integrate che favoriscano il rilancio economico e la valorizzazione culturale, investimenti nelle infrastrutture e un sostegno diretto alla popolazione per rafforzare il senso di appartenenza e la qualit\u00e0 della vita. Con il presente progetto si intende fornire un piccolo contributo materiale per risvegliare la comunit\u00e0, favorire la crescita economica e migliorare il contesto urbano, valorizzare il borgo semi-abbandonato di Mosorrofa con effetti di lungo termine sulla qualit\u00e0 della vita.\u00a0 Al progetto promosso dalla parrocchia San Demetrio, che ha ripreso un\u2019idea di Pino Nicol\u00f2, hanno dato adesione e collaborazione l\u2019Azione Cattolica di Mosorrofa, Il Comitato di Quartiere Mosorrofa, Liceo Artistico M.Preti-M.Frangipane, Istituto Comprensivo Statale Catanoso &#8211; De Gasperi &#8211; San Sperato &#8211; Cardeto plesso Scolastico Mosorrofa; Associazione Attivamente; Orchestra Giovanile dello Stretto \u201cVincenzo Leotta\u201d; Associazione filarmonica San Demetrio; Circolo culturale Vivarium; Associazione Culturale Mediterraneos e \u201cRadio Mediterraneo\u201d. Un progetto che mette insieme tutte le forze attive del paese e che mira a coinvolgere tutti gli abitanti del borgo. Un progetto che non si fermer\u00e0 alla scadenza ma che ha l\u2019obiettivo di avviare un processo da continuare negli anni per fare di Mosorrofa un gioiello attrattivo di turismo e lavoro.<\/p>\n","protected":false},"excerpt":{"rendered":"<p>Il 18 e 19 gennaio c.a. si sono svolte a Roma le Giornate di Progettazione Sociale \u201cIdee in Movimento\u201d organizzate dal Movimento Lavoratori di Azione Cattolica (MLAC) dal titolo Democrazia&hellip;<\/p>\n","protected":false},"author":12,"featured_media":65226,"comment_status":"closed","ping_status":"open","sticky":false,"template":"","format":"standard","meta":{"_jetpack_memberships_contains_paid_content":false,"footnotes":"","jetpack_publicize_message":"","jetpack_publicize_feature_enabled":true,"jetpack_social_post_already_shared":true,"jetpack_social_options":{"image_generator_settings":{"template":"highway","default_image_id":0,"font":"","enabled":false},"version":2}},"categories":[921,196,140],"tags":[39550,39549,2686,3027,39548,591],"class_list":["post-65225","post","type-post","status-publish","format-standard","has-post-thumbnail","hentry","category-home","category-news","category-reggio-calabria","tag-corso-delle-giornate-di-progettazione-sociale","tag-don-oronzo-cosi","tag-mosorrofa","tag-pasquale-andidero","tag-progetto-mosorrofa-borgo-della-musica","tag-roma"],"yoast_head":"<!-- This site is optimized with the Yoast SEO plugin v27.2 - https:\/\/yoast.com\/product\/yoast-seo-wordpress\/ -->\n<title>Premiato a Roma il progetto &quot;Mosorrofa Borgo della Musica&quot; - Radio Touring 104<\/title>\n<meta name=\"description\" content=\"Premiato a Roma, come esempio di evoluzione urbana in Calabria, il progetto \u2018Mosorrofa Borgo della Musica\u2019\" \/>\n<meta name=\"robots\" content=\"index, follow, max-snippet:-1, max-image-preview:large, max-video-preview:-1\" \/>\n<link rel=\"canonical\" href=\"https:\/\/progettotouring.it\/radiotouring104\/2025\/01\/21\/premiato-a-roma-il-progetto-mosorrofa-borgo-della-musica\/\" \/>\n<meta property=\"og:locale\" content=\"it_IT\" \/>\n<meta property=\"og:type\" content=\"article\" \/>\n<meta property=\"og:title\" content=\"Premiato a Roma il progetto &quot;Mosorrofa Borgo della Musica&quot; - Radio Touring 104\" \/>\n<meta property=\"og:description\" content=\"Premiato a Roma, come esempio di evoluzione urbana in Calabria, il progetto \u2018Mosorrofa Borgo della Musica\u2019\" \/>\n<meta property=\"og:url\" content=\"https:\/\/progettotouring.it\/radiotouring104\/2025\/01\/21\/premiato-a-roma-il-progetto-mosorrofa-borgo-della-musica\/\" \/>\n<meta property=\"og:site_name\" content=\"Radio Touring 104\" \/>\n<meta property=\"article:published_time\" content=\"2025-01-21T08:57:40+00:00\" \/>\n<meta property=\"og:image\" content=\"https:\/\/progettotouring.it\/radiotouring104\/wp-content\/uploads\/sites\/6\/2025\/01\/Foto-Progettazione-sociale-Mosorrofa-scaled.jpg\" \/>\n\t<meta property=\"og:image:width\" content=\"2560\" \/>\n\t<meta property=\"og:image:height\" content=\"909\" \/>\n\t<meta property=\"og:image:type\" content=\"image\/jpeg\" \/>\n<meta name=\"author\" content=\"Sebastiano Plutino\" \/>\n<meta name=\"twitter:card\" content=\"summary_large_image\" \/>\n<meta name=\"twitter:label1\" content=\"Scritto da\" \/>\n\t<meta name=\"twitter:data1\" content=\"Sebastiano Plutino\" \/>\n\t<meta name=\"twitter:label2\" content=\"Tempo di lettura stimato\" \/>\n\t<meta name=\"twitter:data2\" content=\"5 minuti\" \/>\n<script type=\"application\/ld+json\" class=\"yoast-schema-graph\">{\"@context\":\"https:\/\/schema.org\",\"@graph\":[{\"@type\":\"Article\",\"@id\":\"https:\/\/progettotouring.it\/radiotouring104\/2025\/01\/21\/premiato-a-roma-il-progetto-mosorrofa-borgo-della-musica\/#article\",\"isPartOf\":{\"@id\":\"https:\/\/progettotouring.it\/radiotouring104\/2025\/01\/21\/premiato-a-roma-il-progetto-mosorrofa-borgo-della-musica\/\"},\"author\":{\"name\":\"Sebastiano Plutino\",\"@id\":\"https:\/\/progettotouring.it\/radiotouring104\/#\/schema\/person\/78613917f1851f041f7483f5af1d422e\"},\"headline\":\"Premiato a Roma il progetto &#8220;Mosorrofa Borgo della Musica&#8221;\",\"datePublished\":\"2025-01-21T08:57:40+00:00\",\"mainEntityOfPage\":{\"@id\":\"https:\/\/progettotouring.it\/radiotouring104\/2025\/01\/21\/premiato-a-roma-il-progetto-mosorrofa-borgo-della-musica\/\"},\"wordCount\":1067,\"publisher\":{\"@id\":\"https:\/\/progettotouring.it\/radiotouring104\/#organization\"},\"image\":{\"@id\":\"https:\/\/progettotouring.it\/radiotouring104\/2025\/01\/21\/premiato-a-roma-il-progetto-mosorrofa-borgo-della-musica\/#primaryimage\"},\"thumbnailUrl\":\"https:\/\/progettotouring.it\/radiotouring104\/wp-content\/uploads\/sites\/6\/2025\/01\/Foto-Progettazione-sociale-Mosorrofa-scaled.jpg\",\"keywords\":[\"corso delle Giornate di Progettazione Sociale\",\"don Oronzo Cosi\",\"mosorrofa\",\"pasquale andidero\",\"progetto \u2018Mosorrofa Borgo della Musica\u2019\",\"Roma\"],\"articleSection\":[\"Home\",\"News\",\"Reggio Calabria\"],\"inLanguage\":\"it-IT\"},{\"@type\":\"WebPage\",\"@id\":\"https:\/\/progettotouring.it\/radiotouring104\/2025\/01\/21\/premiato-a-roma-il-progetto-mosorrofa-borgo-della-musica\/\",\"url\":\"https:\/\/progettotouring.it\/radiotouring104\/2025\/01\/21\/premiato-a-roma-il-progetto-mosorrofa-borgo-della-musica\/\",\"name\":\"Premiato a Roma il progetto \\\"Mosorrofa Borgo della Musica\\\" - Radio Touring 104\",\"isPartOf\":{\"@id\":\"https:\/\/progettotouring.it\/radiotouring104\/#website\"},\"primaryImageOfPage\":{\"@id\":\"https:\/\/progettotouring.it\/radiotouring104\/2025\/01\/21\/premiato-a-roma-il-progetto-mosorrofa-borgo-della-musica\/#primaryimage\"},\"image\":{\"@id\":\"https:\/\/progettotouring.it\/radiotouring104\/2025\/01\/21\/premiato-a-roma-il-progetto-mosorrofa-borgo-della-musica\/#primaryimage\"},\"thumbnailUrl\":\"https:\/\/progettotouring.it\/radiotouring104\/wp-content\/uploads\/sites\/6\/2025\/01\/Foto-Progettazione-sociale-Mosorrofa-scaled.jpg\",\"datePublished\":\"2025-01-21T08:57:40+00:00\",\"description\":\"Premiato a Roma, come esempio di evoluzione urbana in Calabria, il progetto \u2018Mosorrofa Borgo della Musica\u2019\",\"breadcrumb\":{\"@id\":\"https:\/\/progettotouring.it\/radiotouring104\/2025\/01\/21\/premiato-a-roma-il-progetto-mosorrofa-borgo-della-musica\/#breadcrumb\"},\"inLanguage\":\"it-IT\",\"potentialAction\":[{\"@type\":\"ReadAction\",\"target\":[\"https:\/\/progettotouring.it\/radiotouring104\/2025\/01\/21\/premiato-a-roma-il-progetto-mosorrofa-borgo-della-musica\/\"]}]},{\"@type\":\"ImageObject\",\"inLanguage\":\"it-IT\",\"@id\":\"https:\/\/progettotouring.it\/radiotouring104\/2025\/01\/21\/premiato-a-roma-il-progetto-mosorrofa-borgo-della-musica\/#primaryimage\",\"url\":\"https:\/\/progettotouring.it\/radiotouring104\/wp-content\/uploads\/sites\/6\/2025\/01\/Foto-Progettazione-sociale-Mosorrofa-scaled.jpg\",\"contentUrl\":\"https:\/\/progettotouring.it\/radiotouring104\/wp-content\/uploads\/sites\/6\/2025\/01\/Foto-Progettazione-sociale-Mosorrofa-scaled.jpg\",\"width\":2560,\"height\":909},{\"@type\":\"BreadcrumbList\",\"@id\":\"https:\/\/progettotouring.it\/radiotouring104\/2025\/01\/21\/premiato-a-roma-il-progetto-mosorrofa-borgo-della-musica\/#breadcrumb\",\"itemListElement\":[{\"@type\":\"ListItem\",\"position\":1,\"name\":\"Home\",\"item\":\"https:\/\/progettotouring.it\/radiotouring104\/\"},{\"@type\":\"ListItem\",\"position\":2,\"name\":\"Premiato a Roma il progetto &#8220;Mosorrofa Borgo della Musica&#8221;\"}]},{\"@type\":\"WebSite\",\"@id\":\"https:\/\/progettotouring.it\/radiotouring104\/#website\",\"url\":\"https:\/\/progettotouring.it\/radiotouring104\/\",\"name\":\"Radio Touring 104\",\"description\":\"La prima radio Reggina\",\"publisher\":{\"@id\":\"https:\/\/progettotouring.it\/radiotouring104\/#organization\"},\"potentialAction\":[{\"@type\":\"SearchAction\",\"target\":{\"@type\":\"EntryPoint\",\"urlTemplate\":\"https:\/\/progettotouring.it\/radiotouring104\/?s={search_term_string}\"},\"query-input\":{\"@type\":\"PropertyValueSpecification\",\"valueRequired\":true,\"valueName\":\"search_term_string\"}}],\"inLanguage\":\"it-IT\"},{\"@type\":\"Organization\",\"@id\":\"https:\/\/progettotouring.it\/radiotouring104\/#organization\",\"name\":\"Radio Touring 104\",\"url\":\"https:\/\/progettotouring.it\/radiotouring104\/\",\"logo\":{\"@type\":\"ImageObject\",\"inLanguage\":\"it-IT\",\"@id\":\"https:\/\/progettotouring.it\/radiotouring104\/#\/schema\/logo\/image\/\",\"url\":\"https:\/\/progettotouring.it\/radiotouring104\/wp-content\/uploads\/sites\/6\/2022\/02\/cropped-logo-radio-touring-104.png\",\"contentUrl\":\"https:\/\/progettotouring.it\/radiotouring104\/wp-content\/uploads\/sites\/6\/2022\/02\/cropped-logo-radio-touring-104.png\",\"width\":377,\"height\":182,\"caption\":\"Radio Touring 104\"},\"image\":{\"@id\":\"https:\/\/progettotouring.it\/radiotouring104\/#\/schema\/logo\/image\/\"}},{\"@type\":\"Person\",\"@id\":\"https:\/\/progettotouring.it\/radiotouring104\/#\/schema\/person\/78613917f1851f041f7483f5af1d422e\",\"name\":\"Sebastiano Plutino\",\"image\":{\"@type\":\"ImageObject\",\"inLanguage\":\"it-IT\",\"@id\":\"https:\/\/secure.gravatar.com\/avatar\/0546ffaa9b79224faf9f2a156b67a529ae861d3287c66c1d8ccfdf909bcba78d?s=96&d=mm&r=g\",\"url\":\"https:\/\/secure.gravatar.com\/avatar\/0546ffaa9b79224faf9f2a156b67a529ae861d3287c66c1d8ccfdf909bcba78d?s=96&d=mm&r=g\",\"contentUrl\":\"https:\/\/secure.gravatar.com\/avatar\/0546ffaa9b79224faf9f2a156b67a529ae861d3287c66c1d8ccfdf909bcba78d?s=96&d=mm&r=g\",\"caption\":\"Sebastiano Plutino\"},\"url\":\"https:\/\/progettotouring.it\/radiotouring104\/author\/sebastiano\/\"}]}<\/script>\n<!-- \/ Yoast SEO plugin. -->","yoast_head_json":{"title":"Premiato a Roma il progetto \"Mosorrofa Borgo della Musica\" - Radio Touring 104","description":"Premiato a Roma, come esempio di evoluzione urbana in Calabria, il progetto \u2018Mosorrofa Borgo della Musica\u2019","robots":{"index":"index","follow":"follow","max-snippet":"max-snippet:-1","max-image-preview":"max-image-preview:large","max-video-preview":"max-video-preview:-1"},"canonical":"https:\/\/progettotouring.it\/radiotouring104\/2025\/01\/21\/premiato-a-roma-il-progetto-mosorrofa-borgo-della-musica\/","og_locale":"it_IT","og_type":"article","og_title":"Premiato a Roma il progetto \"Mosorrofa Borgo della Musica\" - Radio Touring 104","og_description":"Premiato a Roma, come esempio di evoluzione urbana in Calabria, il progetto \u2018Mosorrofa Borgo della Musica\u2019","og_url":"https:\/\/progettotouring.it\/radiotouring104\/2025\/01\/21\/premiato-a-roma-il-progetto-mosorrofa-borgo-della-musica\/","og_site_name":"Radio Touring 104","article_published_time":"2025-01-21T08:57:40+00:00","og_image":[{"width":2560,"height":909,"url":"https:\/\/progettotouring.it\/radiotouring104\/wp-content\/uploads\/sites\/6\/2025\/01\/Foto-Progettazione-sociale-Mosorrofa-scaled.jpg","type":"image\/jpeg"}],"author":"Sebastiano Plutino","twitter_card":"summary_large_image","twitter_misc":{"Scritto da":"Sebastiano Plutino","Tempo di lettura stimato":"5 minuti"},"schema":{"@context":"https:\/\/schema.org","@graph":[{"@type":"Article","@id":"https:\/\/progettotouring.it\/radiotouring104\/2025\/01\/21\/premiato-a-roma-il-progetto-mosorrofa-borgo-della-musica\/#article","isPartOf":{"@id":"https:\/\/progettotouring.it\/radiotouring104\/2025\/01\/21\/premiato-a-roma-il-progetto-mosorrofa-borgo-della-musica\/"},"author":{"name":"Sebastiano Plutino","@id":"https:\/\/progettotouring.it\/radiotouring104\/#\/schema\/person\/78613917f1851f041f7483f5af1d422e"},"headline":"Premiato a Roma il progetto &#8220;Mosorrofa Borgo della Musica&#8221;","datePublished":"2025-01-21T08:57:40+00:00","mainEntityOfPage":{"@id":"https:\/\/progettotouring.it\/radiotouring104\/2025\/01\/21\/premiato-a-roma-il-progetto-mosorrofa-borgo-della-musica\/"},"wordCount":1067,"publisher":{"@id":"https:\/\/progettotouring.it\/radiotouring104\/#organization"},"image":{"@id":"https:\/\/progettotouring.it\/radiotouring104\/2025\/01\/21\/premiato-a-roma-il-progetto-mosorrofa-borgo-della-musica\/#primaryimage"},"thumbnailUrl":"https:\/\/progettotouring.it\/radiotouring104\/wp-content\/uploads\/sites\/6\/2025\/01\/Foto-Progettazione-sociale-Mosorrofa-scaled.jpg","keywords":["corso delle Giornate di Progettazione Sociale","don Oronzo Cosi","mosorrofa","pasquale andidero","progetto \u2018Mosorrofa Borgo della Musica\u2019","Roma"],"articleSection":["Home","News","Reggio Calabria"],"inLanguage":"it-IT"},{"@type":"WebPage","@id":"https:\/\/progettotouring.it\/radiotouring104\/2025\/01\/21\/premiato-a-roma-il-progetto-mosorrofa-borgo-della-musica\/","url":"https:\/\/progettotouring.it\/radiotouring104\/2025\/01\/21\/premiato-a-roma-il-progetto-mosorrofa-borgo-della-musica\/","name":"Premiato a Roma il progetto \"Mosorrofa Borgo della Musica\" - Radio Touring 104","isPartOf":{"@id":"https:\/\/progettotouring.it\/radiotouring104\/#website"},"primaryImageOfPage":{"@id":"https:\/\/progettotouring.it\/radiotouring104\/2025\/01\/21\/premiato-a-roma-il-progetto-mosorrofa-borgo-della-musica\/#primaryimage"},"image":{"@id":"https:\/\/progettotouring.it\/radiotouring104\/2025\/01\/21\/premiato-a-roma-il-progetto-mosorrofa-borgo-della-musica\/#primaryimage"},"thumbnailUrl":"https:\/\/progettotouring.it\/radiotouring104\/wp-content\/uploads\/sites\/6\/2025\/01\/Foto-Progettazione-sociale-Mosorrofa-scaled.jpg","datePublished":"2025-01-21T08:57:40+00:00","description":"Premiato a Roma, come esempio di evoluzione urbana in Calabria, il progetto \u2018Mosorrofa Borgo della Musica\u2019","breadcrumb":{"@id":"https:\/\/progettotouring.it\/radiotouring104\/2025\/01\/21\/premiato-a-roma-il-progetto-mosorrofa-borgo-della-musica\/#breadcrumb"},"inLanguage":"it-IT","potentialAction":[{"@type":"ReadAction","target":["https:\/\/progettotouring.it\/radiotouring104\/2025\/01\/21\/premiato-a-roma-il-progetto-mosorrofa-borgo-della-musica\/"]}]},{"@type":"ImageObject","inLanguage":"it-IT","@id":"https:\/\/progettotouring.it\/radiotouring104\/2025\/01\/21\/premiato-a-roma-il-progetto-mosorrofa-borgo-della-musica\/#primaryimage","url":"https:\/\/progettotouring.it\/radiotouring104\/wp-content\/uploads\/sites\/6\/2025\/01\/Foto-Progettazione-sociale-Mosorrofa-scaled.jpg","contentUrl":"https:\/\/progettotouring.it\/radiotouring104\/wp-content\/uploads\/sites\/6\/2025\/01\/Foto-Progettazione-sociale-Mosorrofa-scaled.jpg","width":2560,"height":909},{"@type":"BreadcrumbList","@id":"https:\/\/progettotouring.it\/radiotouring104\/2025\/01\/21\/premiato-a-roma-il-progetto-mosorrofa-borgo-della-musica\/#breadcrumb","itemListElement":[{"@type":"ListItem","position":1,"name":"Home","item":"https:\/\/progettotouring.it\/radiotouring104\/"},{"@type":"ListItem","position":2,"name":"Premiato a Roma il progetto &#8220;Mosorrofa Borgo della Musica&#8221;"}]},{"@type":"WebSite","@id":"https:\/\/progettotouring.it\/radiotouring104\/#website","url":"https:\/\/progettotouring.it\/radiotouring104\/","name":"Radio Touring 104","description":"La prima radio Reggina","publisher":{"@id":"https:\/\/progettotouring.it\/radiotouring104\/#organization"},"potentialAction":[{"@type":"SearchAction","target":{"@type":"EntryPoint","urlTemplate":"https:\/\/progettotouring.it\/radiotouring104\/?s={search_term_string}"},"query-input":{"@type":"PropertyValueSpecification","valueRequired":true,"valueName":"search_term_string"}}],"inLanguage":"it-IT"},{"@type":"Organization","@id":"https:\/\/progettotouring.it\/radiotouring104\/#organization","name":"Radio Touring 104","url":"https:\/\/progettotouring.it\/radiotouring104\/","logo":{"@type":"ImageObject","inLanguage":"it-IT","@id":"https:\/\/progettotouring.it\/radiotouring104\/#\/schema\/logo\/image\/","url":"https:\/\/progettotouring.it\/radiotouring104\/wp-content\/uploads\/sites\/6\/2022\/02\/cropped-logo-radio-touring-104.png","contentUrl":"https:\/\/progettotouring.it\/radiotouring104\/wp-content\/uploads\/sites\/6\/2022\/02\/cropped-logo-radio-touring-104.png","width":377,"height":182,"caption":"Radio Touring 104"},"image":{"@id":"https:\/\/progettotouring.it\/radiotouring104\/#\/schema\/logo\/image\/"}},{"@type":"Person","@id":"https:\/\/progettotouring.it\/radiotouring104\/#\/schema\/person\/78613917f1851f041f7483f5af1d422e","name":"Sebastiano Plutino","image":{"@type":"ImageObject","inLanguage":"it-IT","@id":"https:\/\/secure.gravatar.com\/avatar\/0546ffaa9b79224faf9f2a156b67a529ae861d3287c66c1d8ccfdf909bcba78d?s=96&d=mm&r=g","url":"https:\/\/secure.gravatar.com\/avatar\/0546ffaa9b79224faf9f2a156b67a529ae861d3287c66c1d8ccfdf909bcba78d?s=96&d=mm&r=g","contentUrl":"https:\/\/secure.gravatar.com\/avatar\/0546ffaa9b79224faf9f2a156b67a529ae861d3287c66c1d8ccfdf909bcba78d?s=96&d=mm&r=g","caption":"Sebastiano Plutino"},"url":"https:\/\/progettotouring.it\/radiotouring104\/author\/sebastiano\/"}]}},"jetpack_publicize_connections":[],"jetpack_featured_media_url":"https:\/\/progettotouring.it\/radiotouring104\/wp-content\/uploads\/sites\/6\/2025\/01\/Foto-Progettazione-sociale-Mosorrofa-scaled.jpg","jetpack_sharing_enabled":true,"_links":{"self":[{"href":"https:\/\/progettotouring.it\/radiotouring104\/wp-json\/wp\/v2\/posts\/65225","targetHints":{"allow":["GET"]}}],"collection":[{"href":"https:\/\/progettotouring.it\/radiotouring104\/wp-json\/wp\/v2\/posts"}],"about":[{"href":"https:\/\/progettotouring.it\/radiotouring104\/wp-json\/wp\/v2\/types\/post"}],"author":[{"embeddable":true,"href":"https:\/\/progettotouring.it\/radiotouring104\/wp-json\/wp\/v2\/users\/12"}],"replies":[{"embeddable":true,"href":"https:\/\/progettotouring.it\/radiotouring104\/wp-json\/wp\/v2\/comments?post=65225"}],"version-history":[{"count":1,"href":"https:\/\/progettotouring.it\/radiotouring104\/wp-json\/wp\/v2\/posts\/65225\/revisions"}],"predecessor-version":[{"id":65227,"href":"https:\/\/progettotouring.it\/radiotouring104\/wp-json\/wp\/v2\/posts\/65225\/revisions\/65227"}],"wp:featuredmedia":[{"embeddable":true,"href":"https:\/\/progettotouring.it\/radiotouring104\/wp-json\/wp\/v2\/media\/65226"}],"wp:attachment":[{"href":"https:\/\/progettotouring.it\/radiotouring104\/wp-json\/wp\/v2\/media?parent=65225"}],"wp:term":[{"taxonomy":"category","embeddable":true,"href":"https:\/\/progettotouring.it\/radiotouring104\/wp-json\/wp\/v2\/categories?post=65225"},{"taxonomy":"post_tag","embeddable":true,"href":"https:\/\/progettotouring.it\/radiotouring104\/wp-json\/wp\/v2\/tags?post=65225"}],"curies":[{"name":"wp","href":"https:\/\/api.w.org\/{rel}","templated":true}]}}