{"id":65234,"date":"2025-01-21T10:32:38","date_gmt":"2025-01-21T09:32:38","guid":{"rendered":"https:\/\/progettotouring.it\/radiotouring104\/?p=65234"},"modified":"2025-01-21T10:32:38","modified_gmt":"2025-01-21T09:32:38","slug":"reggio-tra-le-finalistse-per-la-capitale-italiana-della-cultura-2027-soddisfatto-il-club-di-territorio","status":"publish","type":"post","link":"https:\/\/progettotouring.it\/radiotouring104\/2025\/01\/21\/reggio-tra-le-finalistse-per-la-capitale-italiana-della-cultura-2027-soddisfatto-il-club-di-territorio\/","title":{"rendered":"Reggio tra le finalistse per la \u201cCapitale italiana della cultura 2027\u201d: soddisfatto il Club di Territorio"},"content":{"rendered":"<p class=\"xmprfx_MsoNormal\" style=\"text-align: justify\">il<strong> Club di Territorio di Reggio Calabria del Touring Club Italiano<\/strong> intende esprimere il pi\u00f9 sentito <strong>compiacimento per l\u2019inserimento della nostra citt\u00e0 tra le finaliste per la candidatura a<\/strong> <em>\u201cCapitale italiana della cultura 2027\u201d.<\/em><\/p>\n<p class=\"xmprfx_MsoNormal\" style=\"text-align: justify\"><strong>Tra le finalit\u00e0 del progetto<\/strong> \u201cCuore mediterraneo\u201d \u00e8 detto che<em> l\u2019impegno dell\u2019amministrazione \u00e8 fra l\u2019altro di<\/em> <em>\u201crafforzare ulteriormente l\u2019impegno verso la valorizzazione del patrimonio culturale, la promozione del turismo sostenibile e la costruzione di una citt\u00e0 sempre pi\u00f9 aperta, accogliente e inclusiva\u201d.<\/em> Tale finalit\u00e0 \u00e8 in piena sintonia con quella che \u00e8 la mission del Touring Club Italiano.<\/p>\n<p class=\"xmprfx_MsoNormal\" style=\"text-align: justify\">Il <strong>Club di Territorio del T.C.I. di RC dichiara la propria disponibilit\u00e0 a collaborare con l\u2019Amministrazione per il successo della candidatura della nostra<\/strong> citt\u00e0 quale \u201cCapitale della cultura 2027\u201d<strong> invitando tutte le altre associazioni ad uno sforzo congiunto e sinergico per il successo finale.<\/strong><\/p>\n","protected":false},"excerpt":{"rendered":"<p>il Club di Territorio di Reggio Calabria del Touring Club Italiano intende esprimere il pi\u00f9 sentito compiacimento per l\u2019inserimento della nostra citt\u00e0 tra le finaliste per la candidatura a \u201cCapitale&hellip;<\/p>\n","protected":false},"author":12,"featured_media":13565,"comment_status":"closed","ping_status":"open","sticky":false,"template":"","format":"standard","meta":{"_jetpack_memberships_contains_paid_content":false,"footnotes":"","jetpack_publicize_message":"","jetpack_publicize_feature_enabled":true,"jetpack_social_post_already_shared":true,"jetpack_social_options":{"image_generator_settings":{"template":"highway","default_image_id":0,"font":"","enabled":false},"version":2}},"categories":[921,196,140],"tags":[11112,35845,1355,39561,39562,39563,39560],"class_list":["post-65234","post","type-post","status-publish","format-standard","has-post-thumbnail","hentry","category-home","category-news","category-reggio-calabria","tag-amministrazione-comunale-di-reggio-calabria","tag-capitale-cultura-2027","tag-club-di-territorio-di-reggio-calabria-del-touring-club-italiano","tag-compiacimento","tag-invito-ad-associazioni","tag-proposta-di-collaborazione","tag-reggio-calabria-tra-le-finaliste"],"yoast_head":"<!-- This site is optimized with the Yoast SEO plugin v27.2 - https:\/\/yoast.com\/product\/yoast-seo-wordpress\/ -->\n<title>Reggio tra le finalistse per la \u201cCapitale italiana della cultura 2027\u201d: soddisfatto il Club di Territorio - Radio Touring 104<\/title>\n<meta name=\"description\" content=\"Touring Club Italiano Rc esprime compiacimento per l\u2019inserimento di Reggio tra le finaliste per la candidatura a Capitale della cultura 2027\" \/>\n<meta name=\"robots\" content=\"index, follow, max-snippet:-1, max-image-preview:large, max-video-preview:-1\" \/>\n<link rel=\"canonical\" href=\"https:\/\/progettotouring.it\/radiotouring104\/2025\/01\/21\/reggio-tra-le-finalistse-per-la-capitale-italiana-della-cultura-2027-soddisfatto-il-club-di-territorio\/\" \/>\n<meta property=\"og:locale\" content=\"it_IT\" \/>\n<meta property=\"og:type\" content=\"article\" \/>\n<meta property=\"og:title\" content=\"Reggio tra le finalistse per la \u201cCapitale italiana della cultura 2027\u201d: soddisfatto il Club di Territorio - Radio Touring 104\" \/>\n<meta property=\"og:description\" content=\"Touring Club Italiano Rc esprime compiacimento per l\u2019inserimento di Reggio tra le finaliste per la candidatura a Capitale della cultura 2027\" \/>\n<meta property=\"og:url\" content=\"https:\/\/progettotouring.it\/radiotouring104\/2025\/01\/21\/reggio-tra-le-finalistse-per-la-capitale-italiana-della-cultura-2027-soddisfatto-il-club-di-territorio\/\" \/>\n<meta property=\"og:site_name\" content=\"Radio Touring 104\" \/>\n<meta property=\"article:published_time\" content=\"2025-01-21T09:32:38+00:00\" \/>\n<meta property=\"og:image\" content=\"https:\/\/progettotouring.it\/radiotouring104\/wp-content\/uploads\/sites\/6\/2022\/11\/touring-club.jpg\" \/>\n\t<meta property=\"og:image:width\" content=\"269\" \/>\n\t<meta property=\"og:image:height\" content=\"269\" \/>\n\t<meta property=\"og:image:type\" content=\"image\/jpeg\" \/>\n<meta name=\"author\" content=\"Sebastiano Plutino\" \/>\n<meta name=\"twitter:card\" content=\"summary_large_image\" \/>\n<meta name=\"twitter:label1\" content=\"Scritto da\" \/>\n\t<meta name=\"twitter:data1\" content=\"Sebastiano Plutino\" \/>\n\t<meta name=\"twitter:label2\" content=\"Tempo di lettura stimato\" \/>\n\t<meta name=\"twitter:data2\" content=\"1 minuto\" \/>\n<script type=\"application\/ld+json\" class=\"yoast-schema-graph\">{\"@context\":\"https:\/\/schema.org\",\"@graph\":[{\"@type\":\"Article\",\"@id\":\"https:\/\/progettotouring.it\/radiotouring104\/2025\/01\/21\/reggio-tra-le-finalistse-per-la-capitale-italiana-della-cultura-2027-soddisfatto-il-club-di-territorio\/#article\",\"isPartOf\":{\"@id\":\"https:\/\/progettotouring.it\/radiotouring104\/2025\/01\/21\/reggio-tra-le-finalistse-per-la-capitale-italiana-della-cultura-2027-soddisfatto-il-club-di-territorio\/\"},\"author\":{\"name\":\"Sebastiano Plutino\",\"@id\":\"https:\/\/progettotouring.it\/radiotouring104\/#\/schema\/person\/78613917f1851f041f7483f5af1d422e\"},\"headline\":\"Reggio tra le finalistse per la \u201cCapitale italiana della cultura 2027\u201d: soddisfatto il Club di Territorio\",\"datePublished\":\"2025-01-21T09:32:38+00:00\",\"mainEntityOfPage\":{\"@id\":\"https:\/\/progettotouring.it\/radiotouring104\/2025\/01\/21\/reggio-tra-le-finalistse-per-la-capitale-italiana-della-cultura-2027-soddisfatto-il-club-di-territorio\/\"},\"wordCount\":153,\"publisher\":{\"@id\":\"https:\/\/progettotouring.it\/radiotouring104\/#organization\"},\"image\":{\"@id\":\"https:\/\/progettotouring.it\/radiotouring104\/2025\/01\/21\/reggio-tra-le-finalistse-per-la-capitale-italiana-della-cultura-2027-soddisfatto-il-club-di-territorio\/#primaryimage\"},\"thumbnailUrl\":\"https:\/\/progettotouring.it\/radiotouring104\/wp-content\/uploads\/sites\/6\/2022\/11\/touring-club.jpg\",\"keywords\":[\"Amministrazione comunale di Reggio Calabria\",\"capitale cultura 2027\",\"Club di Territorio di Reggio Calabria del Touring Club Italiano\",\"compiacimento\",\"invito ad associazioni\",\"proposta di collaborazione\",\"Reggio Calabria tra le finaliste\"],\"articleSection\":[\"Home\",\"News\",\"Reggio Calabria\"],\"inLanguage\":\"it-IT\"},{\"@type\":\"WebPage\",\"@id\":\"https:\/\/progettotouring.it\/radiotouring104\/2025\/01\/21\/reggio-tra-le-finalistse-per-la-capitale-italiana-della-cultura-2027-soddisfatto-il-club-di-territorio\/\",\"url\":\"https:\/\/progettotouring.it\/radiotouring104\/2025\/01\/21\/reggio-tra-le-finalistse-per-la-capitale-italiana-della-cultura-2027-soddisfatto-il-club-di-territorio\/\",\"name\":\"Reggio tra le finalistse per la \u201cCapitale italiana della cultura 2027\u201d: soddisfatto il Club di Territorio - Radio Touring 104\",\"isPartOf\":{\"@id\":\"https:\/\/progettotouring.it\/radiotouring104\/#website\"},\"primaryImageOfPage\":{\"@id\":\"https:\/\/progettotouring.it\/radiotouring104\/2025\/01\/21\/reggio-tra-le-finalistse-per-la-capitale-italiana-della-cultura-2027-soddisfatto-il-club-di-territorio\/#primaryimage\"},\"image\":{\"@id\":\"https:\/\/progettotouring.it\/radiotouring104\/2025\/01\/21\/reggio-tra-le-finalistse-per-la-capitale-italiana-della-cultura-2027-soddisfatto-il-club-di-territorio\/#primaryimage\"},\"thumbnailUrl\":\"https:\/\/progettotouring.it\/radiotouring104\/wp-content\/uploads\/sites\/6\/2022\/11\/touring-club.jpg\",\"datePublished\":\"2025-01-21T09:32:38+00:00\",\"description\":\"Touring Club Italiano Rc esprime compiacimento per l\u2019inserimento di Reggio tra le finaliste per la candidatura a Capitale della cultura 2027\",\"breadcrumb\":{\"@id\":\"https:\/\/progettotouring.it\/radiotouring104\/2025\/01\/21\/reggio-tra-le-finalistse-per-la-capitale-italiana-della-cultura-2027-soddisfatto-il-club-di-territorio\/#breadcrumb\"},\"inLanguage\":\"it-IT\",\"potentialAction\":[{\"@type\":\"ReadAction\",\"target\":[\"https:\/\/progettotouring.it\/radiotouring104\/2025\/01\/21\/reggio-tra-le-finalistse-per-la-capitale-italiana-della-cultura-2027-soddisfatto-il-club-di-territorio\/\"]}]},{\"@type\":\"ImageObject\",\"inLanguage\":\"it-IT\",\"@id\":\"https:\/\/progettotouring.it\/radiotouring104\/2025\/01\/21\/reggio-tra-le-finalistse-per-la-capitale-italiana-della-cultura-2027-soddisfatto-il-club-di-territorio\/#primaryimage\",\"url\":\"https:\/\/progettotouring.it\/radiotouring104\/wp-content\/uploads\/sites\/6\/2022\/11\/touring-club.jpg\",\"contentUrl\":\"https:\/\/progettotouring.it\/radiotouring104\/wp-content\/uploads\/sites\/6\/2022\/11\/touring-club.jpg\",\"width\":269,\"height\":269},{\"@type\":\"BreadcrumbList\",\"@id\":\"https:\/\/progettotouring.it\/radiotouring104\/2025\/01\/21\/reggio-tra-le-finalistse-per-la-capitale-italiana-della-cultura-2027-soddisfatto-il-club-di-territorio\/#breadcrumb\",\"itemListElement\":[{\"@type\":\"ListItem\",\"position\":1,\"name\":\"Home\",\"item\":\"https:\/\/progettotouring.it\/radiotouring104\/\"},{\"@type\":\"ListItem\",\"position\":2,\"name\":\"Reggio tra le finalistse per la \u201cCapitale italiana della cultura 2027\u201d: soddisfatto il Club di Territorio\"}]},{\"@type\":\"WebSite\",\"@id\":\"https:\/\/progettotouring.it\/radiotouring104\/#website\",\"url\":\"https:\/\/progettotouring.it\/radiotouring104\/\",\"name\":\"Radio Touring 104\",\"description\":\"La prima radio Reggina\",\"publisher\":{\"@id\":\"https:\/\/progettotouring.it\/radiotouring104\/#organization\"},\"potentialAction\":[{\"@type\":\"SearchAction\",\"target\":{\"@type\":\"EntryPoint\",\"urlTemplate\":\"https:\/\/progettotouring.it\/radiotouring104\/?s={search_term_string}\"},\"query-input\":{\"@type\":\"PropertyValueSpecification\",\"valueRequired\":true,\"valueName\":\"search_term_string\"}}],\"inLanguage\":\"it-IT\"},{\"@type\":\"Organization\",\"@id\":\"https:\/\/progettotouring.it\/radiotouring104\/#organization\",\"name\":\"Radio Touring 104\",\"url\":\"https:\/\/progettotouring.it\/radiotouring104\/\",\"logo\":{\"@type\":\"ImageObject\",\"inLanguage\":\"it-IT\",\"@id\":\"https:\/\/progettotouring.it\/radiotouring104\/#\/schema\/logo\/image\/\",\"url\":\"https:\/\/progettotouring.it\/radiotouring104\/wp-content\/uploads\/sites\/6\/2022\/02\/cropped-logo-radio-touring-104.png\",\"contentUrl\":\"https:\/\/progettotouring.it\/radiotouring104\/wp-content\/uploads\/sites\/6\/2022\/02\/cropped-logo-radio-touring-104.png\",\"width\":377,\"height\":182,\"caption\":\"Radio Touring 104\"},\"image\":{\"@id\":\"https:\/\/progettotouring.it\/radiotouring104\/#\/schema\/logo\/image\/\"}},{\"@type\":\"Person\",\"@id\":\"https:\/\/progettotouring.it\/radiotouring104\/#\/schema\/person\/78613917f1851f041f7483f5af1d422e\",\"name\":\"Sebastiano Plutino\",\"image\":{\"@type\":\"ImageObject\",\"inLanguage\":\"it-IT\",\"@id\":\"https:\/\/secure.gravatar.com\/avatar\/0546ffaa9b79224faf9f2a156b67a529ae861d3287c66c1d8ccfdf909bcba78d?s=96&d=mm&r=g\",\"url\":\"https:\/\/secure.gravatar.com\/avatar\/0546ffaa9b79224faf9f2a156b67a529ae861d3287c66c1d8ccfdf909bcba78d?s=96&d=mm&r=g\",\"contentUrl\":\"https:\/\/secure.gravatar.com\/avatar\/0546ffaa9b79224faf9f2a156b67a529ae861d3287c66c1d8ccfdf909bcba78d?s=96&d=mm&r=g\",\"caption\":\"Sebastiano Plutino\"},\"url\":\"https:\/\/progettotouring.it\/radiotouring104\/author\/sebastiano\/\"}]}<\/script>\n<!-- \/ Yoast SEO plugin. -->","yoast_head_json":{"title":"Reggio tra le finalistse per la \u201cCapitale italiana della cultura 2027\u201d: soddisfatto il Club di Territorio - Radio Touring 104","description":"Touring Club Italiano Rc esprime compiacimento per l\u2019inserimento di Reggio tra le finaliste per la candidatura a Capitale della cultura 2027","robots":{"index":"index","follow":"follow","max-snippet":"max-snippet:-1","max-image-preview":"max-image-preview:large","max-video-preview":"max-video-preview:-1"},"canonical":"https:\/\/progettotouring.it\/radiotouring104\/2025\/01\/21\/reggio-tra-le-finalistse-per-la-capitale-italiana-della-cultura-2027-soddisfatto-il-club-di-territorio\/","og_locale":"it_IT","og_type":"article","og_title":"Reggio tra le finalistse per la \u201cCapitale italiana della cultura 2027\u201d: soddisfatto il Club di Territorio - Radio Touring 104","og_description":"Touring Club Italiano Rc esprime compiacimento per l\u2019inserimento di Reggio tra le finaliste per la candidatura a Capitale della cultura 2027","og_url":"https:\/\/progettotouring.it\/radiotouring104\/2025\/01\/21\/reggio-tra-le-finalistse-per-la-capitale-italiana-della-cultura-2027-soddisfatto-il-club-di-territorio\/","og_site_name":"Radio Touring 104","article_published_time":"2025-01-21T09:32:38+00:00","og_image":[{"width":269,"height":269,"url":"https:\/\/progettotouring.it\/radiotouring104\/wp-content\/uploads\/sites\/6\/2022\/11\/touring-club.jpg","type":"image\/jpeg"}],"author":"Sebastiano Plutino","twitter_card":"summary_large_image","twitter_misc":{"Scritto da":"Sebastiano Plutino","Tempo di lettura stimato":"1 minuto"},"schema":{"@context":"https:\/\/schema.org","@graph":[{"@type":"Article","@id":"https:\/\/progettotouring.it\/radiotouring104\/2025\/01\/21\/reggio-tra-le-finalistse-per-la-capitale-italiana-della-cultura-2027-soddisfatto-il-club-di-territorio\/#article","isPartOf":{"@id":"https:\/\/progettotouring.it\/radiotouring104\/2025\/01\/21\/reggio-tra-le-finalistse-per-la-capitale-italiana-della-cultura-2027-soddisfatto-il-club-di-territorio\/"},"author":{"name":"Sebastiano Plutino","@id":"https:\/\/progettotouring.it\/radiotouring104\/#\/schema\/person\/78613917f1851f041f7483f5af1d422e"},"headline":"Reggio tra le finalistse per la \u201cCapitale italiana della cultura 2027\u201d: soddisfatto il Club di Territorio","datePublished":"2025-01-21T09:32:38+00:00","mainEntityOfPage":{"@id":"https:\/\/progettotouring.it\/radiotouring104\/2025\/01\/21\/reggio-tra-le-finalistse-per-la-capitale-italiana-della-cultura-2027-soddisfatto-il-club-di-territorio\/"},"wordCount":153,"publisher":{"@id":"https:\/\/progettotouring.it\/radiotouring104\/#organization"},"image":{"@id":"https:\/\/progettotouring.it\/radiotouring104\/2025\/01\/21\/reggio-tra-le-finalistse-per-la-capitale-italiana-della-cultura-2027-soddisfatto-il-club-di-territorio\/#primaryimage"},"thumbnailUrl":"https:\/\/progettotouring.it\/radiotouring104\/wp-content\/uploads\/sites\/6\/2022\/11\/touring-club.jpg","keywords":["Amministrazione comunale di Reggio Calabria","capitale cultura 2027","Club di Territorio di Reggio Calabria del Touring Club Italiano","compiacimento","invito ad associazioni","proposta di collaborazione","Reggio Calabria tra le finaliste"],"articleSection":["Home","News","Reggio Calabria"],"inLanguage":"it-IT"},{"@type":"WebPage","@id":"https:\/\/progettotouring.it\/radiotouring104\/2025\/01\/21\/reggio-tra-le-finalistse-per-la-capitale-italiana-della-cultura-2027-soddisfatto-il-club-di-territorio\/","url":"https:\/\/progettotouring.it\/radiotouring104\/2025\/01\/21\/reggio-tra-le-finalistse-per-la-capitale-italiana-della-cultura-2027-soddisfatto-il-club-di-territorio\/","name":"Reggio tra le finalistse per la \u201cCapitale italiana della cultura 2027\u201d: soddisfatto il Club di Territorio - Radio Touring 104","isPartOf":{"@id":"https:\/\/progettotouring.it\/radiotouring104\/#website"},"primaryImageOfPage":{"@id":"https:\/\/progettotouring.it\/radiotouring104\/2025\/01\/21\/reggio-tra-le-finalistse-per-la-capitale-italiana-della-cultura-2027-soddisfatto-il-club-di-territorio\/#primaryimage"},"image":{"@id":"https:\/\/progettotouring.it\/radiotouring104\/2025\/01\/21\/reggio-tra-le-finalistse-per-la-capitale-italiana-della-cultura-2027-soddisfatto-il-club-di-territorio\/#primaryimage"},"thumbnailUrl":"https:\/\/progettotouring.it\/radiotouring104\/wp-content\/uploads\/sites\/6\/2022\/11\/touring-club.jpg","datePublished":"2025-01-21T09:32:38+00:00","description":"Touring Club Italiano Rc esprime compiacimento per l\u2019inserimento di Reggio tra le finaliste per la candidatura a Capitale della cultura 2027","breadcrumb":{"@id":"https:\/\/progettotouring.it\/radiotouring104\/2025\/01\/21\/reggio-tra-le-finalistse-per-la-capitale-italiana-della-cultura-2027-soddisfatto-il-club-di-territorio\/#breadcrumb"},"inLanguage":"it-IT","potentialAction":[{"@type":"ReadAction","target":["https:\/\/progettotouring.it\/radiotouring104\/2025\/01\/21\/reggio-tra-le-finalistse-per-la-capitale-italiana-della-cultura-2027-soddisfatto-il-club-di-territorio\/"]}]},{"@type":"ImageObject","inLanguage":"it-IT","@id":"https:\/\/progettotouring.it\/radiotouring104\/2025\/01\/21\/reggio-tra-le-finalistse-per-la-capitale-italiana-della-cultura-2027-soddisfatto-il-club-di-territorio\/#primaryimage","url":"https:\/\/progettotouring.it\/radiotouring104\/wp-content\/uploads\/sites\/6\/2022\/11\/touring-club.jpg","contentUrl":"https:\/\/progettotouring.it\/radiotouring104\/wp-content\/uploads\/sites\/6\/2022\/11\/touring-club.jpg","width":269,"height":269},{"@type":"BreadcrumbList","@id":"https:\/\/progettotouring.it\/radiotouring104\/2025\/01\/21\/reggio-tra-le-finalistse-per-la-capitale-italiana-della-cultura-2027-soddisfatto-il-club-di-territorio\/#breadcrumb","itemListElement":[{"@type":"ListItem","position":1,"name":"Home","item":"https:\/\/progettotouring.it\/radiotouring104\/"},{"@type":"ListItem","position":2,"name":"Reggio tra le finalistse per la \u201cCapitale italiana della cultura 2027\u201d: soddisfatto il Club di Territorio"}]},{"@type":"WebSite","@id":"https:\/\/progettotouring.it\/radiotouring104\/#website","url":"https:\/\/progettotouring.it\/radiotouring104\/","name":"Radio Touring 104","description":"La prima radio Reggina","publisher":{"@id":"https:\/\/progettotouring.it\/radiotouring104\/#organization"},"potentialAction":[{"@type":"SearchAction","target":{"@type":"EntryPoint","urlTemplate":"https:\/\/progettotouring.it\/radiotouring104\/?s={search_term_string}"},"query-input":{"@type":"PropertyValueSpecification","valueRequired":true,"valueName":"search_term_string"}}],"inLanguage":"it-IT"},{"@type":"Organization","@id":"https:\/\/progettotouring.it\/radiotouring104\/#organization","name":"Radio Touring 104","url":"https:\/\/progettotouring.it\/radiotouring104\/","logo":{"@type":"ImageObject","inLanguage":"it-IT","@id":"https:\/\/progettotouring.it\/radiotouring104\/#\/schema\/logo\/image\/","url":"https:\/\/progettotouring.it\/radiotouring104\/wp-content\/uploads\/sites\/6\/2022\/02\/cropped-logo-radio-touring-104.png","contentUrl":"https:\/\/progettotouring.it\/radiotouring104\/wp-content\/uploads\/sites\/6\/2022\/02\/cropped-logo-radio-touring-104.png","width":377,"height":182,"caption":"Radio Touring 104"},"image":{"@id":"https:\/\/progettotouring.it\/radiotouring104\/#\/schema\/logo\/image\/"}},{"@type":"Person","@id":"https:\/\/progettotouring.it\/radiotouring104\/#\/schema\/person\/78613917f1851f041f7483f5af1d422e","name":"Sebastiano Plutino","image":{"@type":"ImageObject","inLanguage":"it-IT","@id":"https:\/\/secure.gravatar.com\/avatar\/0546ffaa9b79224faf9f2a156b67a529ae861d3287c66c1d8ccfdf909bcba78d?s=96&d=mm&r=g","url":"https:\/\/secure.gravatar.com\/avatar\/0546ffaa9b79224faf9f2a156b67a529ae861d3287c66c1d8ccfdf909bcba78d?s=96&d=mm&r=g","contentUrl":"https:\/\/secure.gravatar.com\/avatar\/0546ffaa9b79224faf9f2a156b67a529ae861d3287c66c1d8ccfdf909bcba78d?s=96&d=mm&r=g","caption":"Sebastiano Plutino"},"url":"https:\/\/progettotouring.it\/radiotouring104\/author\/sebastiano\/"}]}},"jetpack_publicize_connections":[],"jetpack_featured_media_url":"https:\/\/progettotouring.it\/radiotouring104\/wp-content\/uploads\/sites\/6\/2022\/11\/touring-club.jpg","jetpack_sharing_enabled":true,"_links":{"self":[{"href":"https:\/\/progettotouring.it\/radiotouring104\/wp-json\/wp\/v2\/posts\/65234","targetHints":{"allow":["GET"]}}],"collection":[{"href":"https:\/\/progettotouring.it\/radiotouring104\/wp-json\/wp\/v2\/posts"}],"about":[{"href":"https:\/\/progettotouring.it\/radiotouring104\/wp-json\/wp\/v2\/types\/post"}],"author":[{"embeddable":true,"href":"https:\/\/progettotouring.it\/radiotouring104\/wp-json\/wp\/v2\/users\/12"}],"replies":[{"embeddable":true,"href":"https:\/\/progettotouring.it\/radiotouring104\/wp-json\/wp\/v2\/comments?post=65234"}],"version-history":[{"count":1,"href":"https:\/\/progettotouring.it\/radiotouring104\/wp-json\/wp\/v2\/posts\/65234\/revisions"}],"predecessor-version":[{"id":65235,"href":"https:\/\/progettotouring.it\/radiotouring104\/wp-json\/wp\/v2\/posts\/65234\/revisions\/65235"}],"wp:featuredmedia":[{"embeddable":true,"href":"https:\/\/progettotouring.it\/radiotouring104\/wp-json\/wp\/v2\/media\/13565"}],"wp:attachment":[{"href":"https:\/\/progettotouring.it\/radiotouring104\/wp-json\/wp\/v2\/media?parent=65234"}],"wp:term":[{"taxonomy":"category","embeddable":true,"href":"https:\/\/progettotouring.it\/radiotouring104\/wp-json\/wp\/v2\/categories?post=65234"},{"taxonomy":"post_tag","embeddable":true,"href":"https:\/\/progettotouring.it\/radiotouring104\/wp-json\/wp\/v2\/tags?post=65234"}],"curies":[{"name":"wp","href":"https:\/\/api.w.org\/{rel}","templated":true}]}}