{"id":65237,"date":"2025-01-21T10:55:22","date_gmt":"2025-01-21T09:55:22","guid":{"rendered":"https:\/\/progettotouring.it\/radiotouring104\/?p=65237"},"modified":"2025-01-21T10:55:22","modified_gmt":"2025-01-21T09:55:22","slug":"morabito-pd-attacca-lega-e-forza-italia-sui-tagli-al-sud","status":"publish","type":"post","link":"https:\/\/progettotouring.it\/radiotouring104\/2025\/01\/21\/morabito-pd-attacca-lega-e-forza-italia-sui-tagli-al-sud\/","title":{"rendered":"Morabito (PD) attacca Lega e Forza Italia sui tagli al Sud"},"content":{"rendered":"<p>Riceviamo e pubblichiamo la nota stampa del <strong>Segretario Provinciale del Partito Democratico di Reggio, Antonio Morabito,<\/strong> in merito alle <strong>reazioni di Lega e Forza Italia sulle spese legali sostenute<\/strong> dal Comune di Villa e Citt\u00e0 Metropolitana di Reggio<strong> per i ricorsi al Tar sul progetto per la realizzazione del Ponte sullo Stretto ed il silenzio circa i milioni spesi dalla societ\u00e0<\/strong> &#8220;Stretto di Messina&#8221; <strong>ed i tagli al Sud, in particolare alla Calabria che sta effettuando il Centrodestra nazionale\u00a0<\/strong><\/p>\n<p style=\"text-align: justify\"><em>&#8220;Mi stupisce il fatto che alcuni esponenti della LEGA e di FORZA ITALIA abbiano gridato allo scandalo per le spese legali sostenute dai Comuni di Villa San Giovanni e dalla Citt\u00e0 Metropolitana di Reggio Calabria e per il ricorso al T.A.R. Lazio quando, invece, nulla dicono rispetto ai milioni di euro gi\u00e0 spesi dalla societ\u00e0 \u201cStretto di Messina\u201d e rispetto ai tagli che il Governo di Centro Destra nazionale sta effettuando nei confronti del Sud ed in particolare della Calabria.<\/em><\/p>\n<p style=\"text-align: justify\"><em>Ed infatti, ricordiamo, che fino al 2013 la Societ\u00e0 \u201cStretto di Messina\u201d ha speso in consulenze 320 milioni di euro \u2026 questi non erano soldi pubblici ??<\/em><\/p>\n<p style=\"text-align: justify\"><em>Non solo, ma nulla hanno detto sul fatto che ad oggi i soli soldi messi in campo per il fantomatico progetto del ponte sullo Stretto sono stati sottratti dai \u201cFondi di coesione\u201d destinati a Calabria e Sicilia per un importo di oltre 2 miliardi e 300 milioni di euro.<\/em><\/p>\n<p style=\"text-align: justify\"><em>Ed ancora, non hanno protestato sulla riduzione del \u201cFondo di perequazione infrastrutturale\u201d da 4,6 miliardi a solo 700 milioni di euro; di tali fondi l\u201980 per cento spettava al Sud. Fondi che dovevano servire a coprire il gap infrastrutturale fra Nord e Sud ed erano destinati in particolare ad opere idriche, istruzione, sanit\u00e0 e trasporti.<\/em><\/p>\n<p style=\"text-align: justify\"><em>Da ultimo, la Legge di bilancio taglier\u00e0 al Mezzogiorno 5,3 miliardi di euro nei prossimi tre anni. Ci\u00f2 contribuir\u00e0 al rallentamento di una crescita che, per effetto dei fondi del piano nazionale di ripresa e resilienza (Pnrr), \u00e8 stata pi\u00f9 alta di quella registrata al Nord.<\/em><\/p>\n<p style=\"text-align: justify\"><em>Sul taglio delle risorse per il Sud pesa l\u2019eliminazione di \u201cDecontribuzione Sud\u201d, uno sgravio contributivo alle imprese istituito nel 2020 dal governo Conte durante il covid che ha avuto un certo impatto sulla crescita trainata in particolare dalle costruzioni e dalla spesa in opere pubbliche.<\/em><\/p>\n<p style=\"text-align: justify\"><em>Nel 2023 ha interessato pi\u00f9 di due milioni di lavoratori.<\/em><\/p>\n<p style=\"text-align: justify\"><em>Secondo le stime Svimez, l\u2019abrogazione comporter\u00e0 una riduzione di due decimi di punto della crescita del PIL del Sud e di tre decimi dell\u2019occupazione, con circa 25 mila posti di lavoro a rischio.<\/em><\/p>\n<p style=\"text-align: justify\"><em>Dagli esponenti del Centro Destra, che hanno a cuore le sorti del Sud e, quindi, della Calabria, ci saremmo aspettati una presa di posizione su questi e sugli altri tagli effettuati e non su una legittima scelta di un Ente di impugnare un provvedimento.&#8221;,<\/em><strong> scrive il Segretario Provinciale del Partito Democratico di Reggio, Antonio Morabito.ricor<\/strong><\/p>\n","protected":false},"excerpt":{"rendered":"<p>Riceviamo e pubblichiamo la nota stampa del Segretario Provinciale del Partito Democratico di Reggio, Antonio Morabito, in merito alle reazioni di Lega e Forza Italia sulle spese legali sostenute dal&hellip;<\/p>\n","protected":false},"author":12,"featured_media":7034,"comment_status":"closed","ping_status":"open","sticky":false,"template":"","format":"standard","meta":{"_jetpack_memberships_contains_paid_content":false,"footnotes":"","jetpack_publicize_message":"","jetpack_publicize_feature_enabled":true,"jetpack_social_post_already_shared":true,"jetpack_social_options":{"image_generator_settings":{"template":"highway","default_image_id":0,"font":"","enabled":false},"version":2}},"categories":[921,196,140],"tags":[1728,1514,5686,5993,39564,13197,30601,6247,39565],"class_list":["post-65237","post","type-post","status-publish","format-standard","has-post-thumbnail","hentry","category-home","category-news","category-reggio-calabria","tag-antonio-morabito","tag-forza-italia","tag-governo-meloni","tag-lega","tag-partito-democratico-reggio-calabria","tag-ponte-sullo-stretto-di-messina","tag-ricorso-al-tar","tag-societa-stretto-di-messina-spa","tag-tagli-al-sud"],"yoast_head":"<!-- This site is optimized with the Yoast SEO plugin v27.2 - https:\/\/yoast.com\/product\/yoast-seo-wordpress\/ -->\n<title>Morabito (PD) attacca Lega e Forza Italia sui tagli al Sud - Radio Touring 104<\/title>\n<meta name=\"description\" content=\"Morabito si dice stupito per l&#039;indignazione sui ricorsi al Tar e silenzio sui milioni spesi dalla &quot;Stretto di Messina&quot; ed i tagli al Sud\" \/>\n<meta name=\"robots\" content=\"index, follow, max-snippet:-1, max-image-preview:large, max-video-preview:-1\" \/>\n<link rel=\"canonical\" href=\"https:\/\/progettotouring.it\/radiotouring104\/2025\/01\/21\/morabito-pd-attacca-lega-e-forza-italia-sui-tagli-al-sud\/\" \/>\n<meta property=\"og:locale\" content=\"it_IT\" \/>\n<meta property=\"og:type\" content=\"article\" \/>\n<meta property=\"og:title\" content=\"Morabito (PD) attacca Lega e Forza Italia sui tagli al Sud - Radio Touring 104\" \/>\n<meta property=\"og:description\" content=\"Morabito si dice stupito per l&#039;indignazione sui ricorsi al Tar e silenzio sui milioni spesi dalla &quot;Stretto di Messina&quot; ed i tagli al Sud\" \/>\n<meta property=\"og:url\" content=\"https:\/\/progettotouring.it\/radiotouring104\/2025\/01\/21\/morabito-pd-attacca-lega-e-forza-italia-sui-tagli-al-sud\/\" \/>\n<meta property=\"og:site_name\" content=\"Radio Touring 104\" \/>\n<meta property=\"article:published_time\" content=\"2025-01-21T09:55:22+00:00\" \/>\n<meta property=\"og:image\" content=\"https:\/\/progettotouring.it\/radiotouring104\/wp-content\/uploads\/sites\/6\/2022\/06\/antonio-morabito.jpeg\" \/>\n\t<meta property=\"og:image:width\" content=\"640\" \/>\n\t<meta property=\"og:image:height\" content=\"360\" \/>\n\t<meta property=\"og:image:type\" content=\"image\/jpeg\" \/>\n<meta name=\"author\" content=\"Sebastiano Plutino\" \/>\n<meta name=\"twitter:card\" content=\"summary_large_image\" \/>\n<meta name=\"twitter:label1\" content=\"Scritto da\" \/>\n\t<meta name=\"twitter:data1\" content=\"Sebastiano Plutino\" \/>\n\t<meta name=\"twitter:label2\" content=\"Tempo di lettura stimato\" \/>\n\t<meta name=\"twitter:data2\" content=\"2 minuti\" \/>\n<script type=\"application\/ld+json\" class=\"yoast-schema-graph\">{\"@context\":\"https:\/\/schema.org\",\"@graph\":[{\"@type\":\"Article\",\"@id\":\"https:\/\/progettotouring.it\/radiotouring104\/2025\/01\/21\/morabito-pd-attacca-lega-e-forza-italia-sui-tagli-al-sud\/#article\",\"isPartOf\":{\"@id\":\"https:\/\/progettotouring.it\/radiotouring104\/2025\/01\/21\/morabito-pd-attacca-lega-e-forza-italia-sui-tagli-al-sud\/\"},\"author\":{\"name\":\"Sebastiano Plutino\",\"@id\":\"https:\/\/progettotouring.it\/radiotouring104\/#\/schema\/person\/78613917f1851f041f7483f5af1d422e\"},\"headline\":\"Morabito (PD) attacca Lega e Forza Italia sui tagli al Sud\",\"datePublished\":\"2025-01-21T09:55:22+00:00\",\"mainEntityOfPage\":{\"@id\":\"https:\/\/progettotouring.it\/radiotouring104\/2025\/01\/21\/morabito-pd-attacca-lega-e-forza-italia-sui-tagli-al-sud\/\"},\"wordCount\":483,\"publisher\":{\"@id\":\"https:\/\/progettotouring.it\/radiotouring104\/#organization\"},\"image\":{\"@id\":\"https:\/\/progettotouring.it\/radiotouring104\/2025\/01\/21\/morabito-pd-attacca-lega-e-forza-italia-sui-tagli-al-sud\/#primaryimage\"},\"thumbnailUrl\":\"https:\/\/progettotouring.it\/radiotouring104\/wp-content\/uploads\/sites\/6\/2022\/06\/antonio-morabito.jpeg\",\"keywords\":[\"antonio morabito\",\"forza italia\",\"governo meloni\",\"lega\",\"Partito Democratico Reggio Calabria\",\"Ponte sullo Stretto di Messina.\",\"ricorso al tar\",\"Societ\u00e0 Stretto di Messina Spa\",\"tagli al sud\"],\"articleSection\":[\"Home\",\"News\",\"Reggio Calabria\"],\"inLanguage\":\"it-IT\"},{\"@type\":\"WebPage\",\"@id\":\"https:\/\/progettotouring.it\/radiotouring104\/2025\/01\/21\/morabito-pd-attacca-lega-e-forza-italia-sui-tagli-al-sud\/\",\"url\":\"https:\/\/progettotouring.it\/radiotouring104\/2025\/01\/21\/morabito-pd-attacca-lega-e-forza-italia-sui-tagli-al-sud\/\",\"name\":\"Morabito (PD) attacca Lega e Forza Italia sui tagli al Sud - Radio Touring 104\",\"isPartOf\":{\"@id\":\"https:\/\/progettotouring.it\/radiotouring104\/#website\"},\"primaryImageOfPage\":{\"@id\":\"https:\/\/progettotouring.it\/radiotouring104\/2025\/01\/21\/morabito-pd-attacca-lega-e-forza-italia-sui-tagli-al-sud\/#primaryimage\"},\"image\":{\"@id\":\"https:\/\/progettotouring.it\/radiotouring104\/2025\/01\/21\/morabito-pd-attacca-lega-e-forza-italia-sui-tagli-al-sud\/#primaryimage\"},\"thumbnailUrl\":\"https:\/\/progettotouring.it\/radiotouring104\/wp-content\/uploads\/sites\/6\/2022\/06\/antonio-morabito.jpeg\",\"datePublished\":\"2025-01-21T09:55:22+00:00\",\"description\":\"Morabito si dice stupito per l'indignazione sui ricorsi al Tar e silenzio sui milioni spesi dalla \\\"Stretto di Messina\\\" ed i tagli al Sud\",\"breadcrumb\":{\"@id\":\"https:\/\/progettotouring.it\/radiotouring104\/2025\/01\/21\/morabito-pd-attacca-lega-e-forza-italia-sui-tagli-al-sud\/#breadcrumb\"},\"inLanguage\":\"it-IT\",\"potentialAction\":[{\"@type\":\"ReadAction\",\"target\":[\"https:\/\/progettotouring.it\/radiotouring104\/2025\/01\/21\/morabito-pd-attacca-lega-e-forza-italia-sui-tagli-al-sud\/\"]}]},{\"@type\":\"ImageObject\",\"inLanguage\":\"it-IT\",\"@id\":\"https:\/\/progettotouring.it\/radiotouring104\/2025\/01\/21\/morabito-pd-attacca-lega-e-forza-italia-sui-tagli-al-sud\/#primaryimage\",\"url\":\"https:\/\/progettotouring.it\/radiotouring104\/wp-content\/uploads\/sites\/6\/2022\/06\/antonio-morabito.jpeg\",\"contentUrl\":\"https:\/\/progettotouring.it\/radiotouring104\/wp-content\/uploads\/sites\/6\/2022\/06\/antonio-morabito.jpeg\",\"width\":640,\"height\":360},{\"@type\":\"BreadcrumbList\",\"@id\":\"https:\/\/progettotouring.it\/radiotouring104\/2025\/01\/21\/morabito-pd-attacca-lega-e-forza-italia-sui-tagli-al-sud\/#breadcrumb\",\"itemListElement\":[{\"@type\":\"ListItem\",\"position\":1,\"name\":\"Home\",\"item\":\"https:\/\/progettotouring.it\/radiotouring104\/\"},{\"@type\":\"ListItem\",\"position\":2,\"name\":\"Morabito (PD) attacca Lega e Forza Italia sui tagli al Sud\"}]},{\"@type\":\"WebSite\",\"@id\":\"https:\/\/progettotouring.it\/radiotouring104\/#website\",\"url\":\"https:\/\/progettotouring.it\/radiotouring104\/\",\"name\":\"Radio Touring 104\",\"description\":\"La prima radio Reggina\",\"publisher\":{\"@id\":\"https:\/\/progettotouring.it\/radiotouring104\/#organization\"},\"potentialAction\":[{\"@type\":\"SearchAction\",\"target\":{\"@type\":\"EntryPoint\",\"urlTemplate\":\"https:\/\/progettotouring.it\/radiotouring104\/?s={search_term_string}\"},\"query-input\":{\"@type\":\"PropertyValueSpecification\",\"valueRequired\":true,\"valueName\":\"search_term_string\"}}],\"inLanguage\":\"it-IT\"},{\"@type\":\"Organization\",\"@id\":\"https:\/\/progettotouring.it\/radiotouring104\/#organization\",\"name\":\"Radio Touring 104\",\"url\":\"https:\/\/progettotouring.it\/radiotouring104\/\",\"logo\":{\"@type\":\"ImageObject\",\"inLanguage\":\"it-IT\",\"@id\":\"https:\/\/progettotouring.it\/radiotouring104\/#\/schema\/logo\/image\/\",\"url\":\"https:\/\/progettotouring.it\/radiotouring104\/wp-content\/uploads\/sites\/6\/2022\/02\/cropped-logo-radio-touring-104.png\",\"contentUrl\":\"https:\/\/progettotouring.it\/radiotouring104\/wp-content\/uploads\/sites\/6\/2022\/02\/cropped-logo-radio-touring-104.png\",\"width\":377,\"height\":182,\"caption\":\"Radio Touring 104\"},\"image\":{\"@id\":\"https:\/\/progettotouring.it\/radiotouring104\/#\/schema\/logo\/image\/\"}},{\"@type\":\"Person\",\"@id\":\"https:\/\/progettotouring.it\/radiotouring104\/#\/schema\/person\/78613917f1851f041f7483f5af1d422e\",\"name\":\"Sebastiano Plutino\",\"image\":{\"@type\":\"ImageObject\",\"inLanguage\":\"it-IT\",\"@id\":\"https:\/\/secure.gravatar.com\/avatar\/0546ffaa9b79224faf9f2a156b67a529ae861d3287c66c1d8ccfdf909bcba78d?s=96&d=mm&r=g\",\"url\":\"https:\/\/secure.gravatar.com\/avatar\/0546ffaa9b79224faf9f2a156b67a529ae861d3287c66c1d8ccfdf909bcba78d?s=96&d=mm&r=g\",\"contentUrl\":\"https:\/\/secure.gravatar.com\/avatar\/0546ffaa9b79224faf9f2a156b67a529ae861d3287c66c1d8ccfdf909bcba78d?s=96&d=mm&r=g\",\"caption\":\"Sebastiano Plutino\"},\"url\":\"https:\/\/progettotouring.it\/radiotouring104\/author\/sebastiano\/\"}]}<\/script>\n<!-- \/ Yoast SEO plugin. -->","yoast_head_json":{"title":"Morabito (PD) attacca Lega e Forza Italia sui tagli al Sud - Radio Touring 104","description":"Morabito si dice stupito per l'indignazione sui ricorsi al Tar e silenzio sui milioni spesi dalla \"Stretto di Messina\" ed i tagli al Sud","robots":{"index":"index","follow":"follow","max-snippet":"max-snippet:-1","max-image-preview":"max-image-preview:large","max-video-preview":"max-video-preview:-1"},"canonical":"https:\/\/progettotouring.it\/radiotouring104\/2025\/01\/21\/morabito-pd-attacca-lega-e-forza-italia-sui-tagli-al-sud\/","og_locale":"it_IT","og_type":"article","og_title":"Morabito (PD) attacca Lega e Forza Italia sui tagli al Sud - Radio Touring 104","og_description":"Morabito si dice stupito per l'indignazione sui ricorsi al Tar e silenzio sui milioni spesi dalla \"Stretto di Messina\" ed i tagli al Sud","og_url":"https:\/\/progettotouring.it\/radiotouring104\/2025\/01\/21\/morabito-pd-attacca-lega-e-forza-italia-sui-tagli-al-sud\/","og_site_name":"Radio Touring 104","article_published_time":"2025-01-21T09:55:22+00:00","og_image":[{"width":640,"height":360,"url":"https:\/\/progettotouring.it\/radiotouring104\/wp-content\/uploads\/sites\/6\/2022\/06\/antonio-morabito.jpeg","type":"image\/jpeg"}],"author":"Sebastiano Plutino","twitter_card":"summary_large_image","twitter_misc":{"Scritto da":"Sebastiano Plutino","Tempo di lettura stimato":"2 minuti"},"schema":{"@context":"https:\/\/schema.org","@graph":[{"@type":"Article","@id":"https:\/\/progettotouring.it\/radiotouring104\/2025\/01\/21\/morabito-pd-attacca-lega-e-forza-italia-sui-tagli-al-sud\/#article","isPartOf":{"@id":"https:\/\/progettotouring.it\/radiotouring104\/2025\/01\/21\/morabito-pd-attacca-lega-e-forza-italia-sui-tagli-al-sud\/"},"author":{"name":"Sebastiano Plutino","@id":"https:\/\/progettotouring.it\/radiotouring104\/#\/schema\/person\/78613917f1851f041f7483f5af1d422e"},"headline":"Morabito (PD) attacca Lega e Forza Italia sui tagli al Sud","datePublished":"2025-01-21T09:55:22+00:00","mainEntityOfPage":{"@id":"https:\/\/progettotouring.it\/radiotouring104\/2025\/01\/21\/morabito-pd-attacca-lega-e-forza-italia-sui-tagli-al-sud\/"},"wordCount":483,"publisher":{"@id":"https:\/\/progettotouring.it\/radiotouring104\/#organization"},"image":{"@id":"https:\/\/progettotouring.it\/radiotouring104\/2025\/01\/21\/morabito-pd-attacca-lega-e-forza-italia-sui-tagli-al-sud\/#primaryimage"},"thumbnailUrl":"https:\/\/progettotouring.it\/radiotouring104\/wp-content\/uploads\/sites\/6\/2022\/06\/antonio-morabito.jpeg","keywords":["antonio morabito","forza italia","governo meloni","lega","Partito Democratico Reggio Calabria","Ponte sullo Stretto di Messina.","ricorso al tar","Societ\u00e0 Stretto di Messina Spa","tagli al sud"],"articleSection":["Home","News","Reggio Calabria"],"inLanguage":"it-IT"},{"@type":"WebPage","@id":"https:\/\/progettotouring.it\/radiotouring104\/2025\/01\/21\/morabito-pd-attacca-lega-e-forza-italia-sui-tagli-al-sud\/","url":"https:\/\/progettotouring.it\/radiotouring104\/2025\/01\/21\/morabito-pd-attacca-lega-e-forza-italia-sui-tagli-al-sud\/","name":"Morabito (PD) attacca Lega e Forza Italia sui tagli al Sud - Radio Touring 104","isPartOf":{"@id":"https:\/\/progettotouring.it\/radiotouring104\/#website"},"primaryImageOfPage":{"@id":"https:\/\/progettotouring.it\/radiotouring104\/2025\/01\/21\/morabito-pd-attacca-lega-e-forza-italia-sui-tagli-al-sud\/#primaryimage"},"image":{"@id":"https:\/\/progettotouring.it\/radiotouring104\/2025\/01\/21\/morabito-pd-attacca-lega-e-forza-italia-sui-tagli-al-sud\/#primaryimage"},"thumbnailUrl":"https:\/\/progettotouring.it\/radiotouring104\/wp-content\/uploads\/sites\/6\/2022\/06\/antonio-morabito.jpeg","datePublished":"2025-01-21T09:55:22+00:00","description":"Morabito si dice stupito per l'indignazione sui ricorsi al Tar e silenzio sui milioni spesi dalla \"Stretto di Messina\" ed i tagli al Sud","breadcrumb":{"@id":"https:\/\/progettotouring.it\/radiotouring104\/2025\/01\/21\/morabito-pd-attacca-lega-e-forza-italia-sui-tagli-al-sud\/#breadcrumb"},"inLanguage":"it-IT","potentialAction":[{"@type":"ReadAction","target":["https:\/\/progettotouring.it\/radiotouring104\/2025\/01\/21\/morabito-pd-attacca-lega-e-forza-italia-sui-tagli-al-sud\/"]}]},{"@type":"ImageObject","inLanguage":"it-IT","@id":"https:\/\/progettotouring.it\/radiotouring104\/2025\/01\/21\/morabito-pd-attacca-lega-e-forza-italia-sui-tagli-al-sud\/#primaryimage","url":"https:\/\/progettotouring.it\/radiotouring104\/wp-content\/uploads\/sites\/6\/2022\/06\/antonio-morabito.jpeg","contentUrl":"https:\/\/progettotouring.it\/radiotouring104\/wp-content\/uploads\/sites\/6\/2022\/06\/antonio-morabito.jpeg","width":640,"height":360},{"@type":"BreadcrumbList","@id":"https:\/\/progettotouring.it\/radiotouring104\/2025\/01\/21\/morabito-pd-attacca-lega-e-forza-italia-sui-tagli-al-sud\/#breadcrumb","itemListElement":[{"@type":"ListItem","position":1,"name":"Home","item":"https:\/\/progettotouring.it\/radiotouring104\/"},{"@type":"ListItem","position":2,"name":"Morabito (PD) attacca Lega e Forza Italia sui tagli al Sud"}]},{"@type":"WebSite","@id":"https:\/\/progettotouring.it\/radiotouring104\/#website","url":"https:\/\/progettotouring.it\/radiotouring104\/","name":"Radio Touring 104","description":"La prima radio Reggina","publisher":{"@id":"https:\/\/progettotouring.it\/radiotouring104\/#organization"},"potentialAction":[{"@type":"SearchAction","target":{"@type":"EntryPoint","urlTemplate":"https:\/\/progettotouring.it\/radiotouring104\/?s={search_term_string}"},"query-input":{"@type":"PropertyValueSpecification","valueRequired":true,"valueName":"search_term_string"}}],"inLanguage":"it-IT"},{"@type":"Organization","@id":"https:\/\/progettotouring.it\/radiotouring104\/#organization","name":"Radio Touring 104","url":"https:\/\/progettotouring.it\/radiotouring104\/","logo":{"@type":"ImageObject","inLanguage":"it-IT","@id":"https:\/\/progettotouring.it\/radiotouring104\/#\/schema\/logo\/image\/","url":"https:\/\/progettotouring.it\/radiotouring104\/wp-content\/uploads\/sites\/6\/2022\/02\/cropped-logo-radio-touring-104.png","contentUrl":"https:\/\/progettotouring.it\/radiotouring104\/wp-content\/uploads\/sites\/6\/2022\/02\/cropped-logo-radio-touring-104.png","width":377,"height":182,"caption":"Radio Touring 104"},"image":{"@id":"https:\/\/progettotouring.it\/radiotouring104\/#\/schema\/logo\/image\/"}},{"@type":"Person","@id":"https:\/\/progettotouring.it\/radiotouring104\/#\/schema\/person\/78613917f1851f041f7483f5af1d422e","name":"Sebastiano Plutino","image":{"@type":"ImageObject","inLanguage":"it-IT","@id":"https:\/\/secure.gravatar.com\/avatar\/0546ffaa9b79224faf9f2a156b67a529ae861d3287c66c1d8ccfdf909bcba78d?s=96&d=mm&r=g","url":"https:\/\/secure.gravatar.com\/avatar\/0546ffaa9b79224faf9f2a156b67a529ae861d3287c66c1d8ccfdf909bcba78d?s=96&d=mm&r=g","contentUrl":"https:\/\/secure.gravatar.com\/avatar\/0546ffaa9b79224faf9f2a156b67a529ae861d3287c66c1d8ccfdf909bcba78d?s=96&d=mm&r=g","caption":"Sebastiano Plutino"},"url":"https:\/\/progettotouring.it\/radiotouring104\/author\/sebastiano\/"}]}},"jetpack_publicize_connections":[],"jetpack_featured_media_url":"https:\/\/progettotouring.it\/radiotouring104\/wp-content\/uploads\/sites\/6\/2022\/06\/antonio-morabito.jpeg","jetpack_sharing_enabled":true,"_links":{"self":[{"href":"https:\/\/progettotouring.it\/radiotouring104\/wp-json\/wp\/v2\/posts\/65237","targetHints":{"allow":["GET"]}}],"collection":[{"href":"https:\/\/progettotouring.it\/radiotouring104\/wp-json\/wp\/v2\/posts"}],"about":[{"href":"https:\/\/progettotouring.it\/radiotouring104\/wp-json\/wp\/v2\/types\/post"}],"author":[{"embeddable":true,"href":"https:\/\/progettotouring.it\/radiotouring104\/wp-json\/wp\/v2\/users\/12"}],"replies":[{"embeddable":true,"href":"https:\/\/progettotouring.it\/radiotouring104\/wp-json\/wp\/v2\/comments?post=65237"}],"version-history":[{"count":1,"href":"https:\/\/progettotouring.it\/radiotouring104\/wp-json\/wp\/v2\/posts\/65237\/revisions"}],"predecessor-version":[{"id":65238,"href":"https:\/\/progettotouring.it\/radiotouring104\/wp-json\/wp\/v2\/posts\/65237\/revisions\/65238"}],"wp:featuredmedia":[{"embeddable":true,"href":"https:\/\/progettotouring.it\/radiotouring104\/wp-json\/wp\/v2\/media\/7034"}],"wp:attachment":[{"href":"https:\/\/progettotouring.it\/radiotouring104\/wp-json\/wp\/v2\/media?parent=65237"}],"wp:term":[{"taxonomy":"category","embeddable":true,"href":"https:\/\/progettotouring.it\/radiotouring104\/wp-json\/wp\/v2\/categories?post=65237"},{"taxonomy":"post_tag","embeddable":true,"href":"https:\/\/progettotouring.it\/radiotouring104\/wp-json\/wp\/v2\/tags?post=65237"}],"curies":[{"name":"wp","href":"https:\/\/api.w.org\/{rel}","templated":true}]}}