{"id":65245,"date":"2025-01-21T11:27:27","date_gmt":"2025-01-21T10:27:27","guid":{"rendered":"https:\/\/progettotouring.it\/radiotouring104\/?p=65245"},"modified":"2025-01-21T12:22:39","modified_gmt":"2025-01-21T11:22:39","slug":"autonomia-differenziata-consulta-dichiara-inammissibile-il-referendum-abrogativo","status":"publish","type":"post","link":"https:\/\/progettotouring.it\/radiotouring104\/2025\/01\/21\/autonomia-differenziata-consulta-dichiara-inammissibile-il-referendum-abrogativo\/","title":{"rendered":"Autonomia Differenziata: Consulta dichiara &#8220;inammissibile&#8221; il Referendum Abrogativo"},"content":{"rendered":"<p style=\"text-align: justify\"><strong>La Consulta ha dichiarato inammissibile il referendum abrogativo della legge sull&#8217;Autonomia differenziata<\/strong> delle Regioni. <strong>Ad emettere la sentenza<\/strong> sono stati gli attuali <strong>undici giudici della Corte Costituzionale.<\/strong><\/p>\n<p style=\"text-align: justify\"><strong>La Corte ha rilevato che<\/strong><em> &#8220;l&#8217;oggetto e la finalit\u00e0 del quesito non risultano chiari&#8221;<\/em>.<\/p>\n<p style=\"text-align: justify\"><strong>La Consulta si era gi\u00e0 espressa<\/strong> il mese scorso <strong>in merito<\/strong> alla cosiddetta <em>&#8216;legge Calderoli&#8217;,<\/em> <strong>sottolineando &#8211; ai fini di compatibilit\u00e0 costituzionali &#8211; la necessit\u00e0 di correzioni su sette profili della stessa legge:<\/strong> dai Livelli essenziali di prestazione (Lep) alle aliquote sui tributi.<\/p>\n<p style=\"text-align: justify\"><strong>La Corte costituzionale,<\/strong> che ha dichiarato inammissibile il referendum abrogativo della legge sull&#8217;Autonomia differenziata delle Regioni<strong>, ha rilevato che<\/strong> <em>&#8220;l&#8217;oggetto e la finalit\u00e0 del quesito non risultano chiari. Ci\u00f2 pregiudica la possibilit\u00e0 di una scelta consapevole da parte dell&#8217;elettore&#8221;.<\/em><\/p>\n<p style=\"text-align: justify\"><strong>Per la Consulta<\/strong> <em>&#8220;il referendum verrebbe ad avere una portata che ne altera la funzione, risolvendosi in una scelta sull&#8217;autonomia differenziata, come tale, e in definitiva sull&#8217;art. 116, terzo comma, della Costituzione&#8221;<\/em>: ci\u00f2 &#8220;non pu\u00f2 essere oggetto di referendum abrogativo, ma solo eventualmente di una revisione costituzionale&#8221;.<\/p>\n<p style=\"text-align: justify\"><strong>La sentenza sar\u00e0 depositata nei prossimi giorni.<\/strong><\/p>\n<div id=\"inArticle\">\n<aside>\n<div class=\"ob-smartfeed-wrapper feedIdx-0\">\n<div id=\"outbrain_widget_0\" class=\"OUTBRAIN\" data-src=\"DROP_PERMALINK_HERE\" data-widget-id=\"AR_4\" data-ob-mark=\"true\" data-browser=\"chrome\" data-os=\"win32\" data-dynload=\"\" data-idx=\"0\">\n<div class=\"ob-widget ob-feed-layout CR_7\">\n<div class=\"ob-widget-header\"><span class=\"ob-widget-text\">\u00a0<\/span><\/div>\n<\/div>\n<\/div>\n<\/div>\n<\/aside>\n<\/div>\n<div id=\"inArticle\">\n<aside>\n<div class=\"ob-smartfeed-wrapper feedIdx-0\">\n<div id=\"outbrain_widget_0\" class=\"OUTBRAIN\" data-src=\"DROP_PERMALINK_HERE\" data-widget-id=\"AR_4\" data-ob-mark=\"true\" data-browser=\"chrome\" data-os=\"win32\" data-dynload=\"\" data-idx=\"0\">\n<div class=\"ob-widget ob-feed-layout CR_7\">\n<div class=\"ob-widget-header\"><span class=\"ob-widget-text\">\u00a0<\/span><\/div>\n<\/div>\n<\/div>\n<\/div>\n<\/aside>\n<\/div>\n","protected":false},"excerpt":{"rendered":"<p>La Consulta ha dichiarato inammissibile il referendum abrogativo della legge sull&#8217;Autonomia differenziata delle Regioni. Ad emettere la sentenza sono stati gli attuali undici giudici della Corte Costituzionale. La Corte ha&hellip;<\/p>\n","protected":false},"author":12,"featured_media":65246,"comment_status":"closed","ping_status":"open","sticky":false,"template":"","format":"standard","meta":{"_jetpack_memberships_contains_paid_content":false,"footnotes":"","jetpack_publicize_message":"","jetpack_publicize_feature_enabled":true,"jetpack_social_post_already_shared":true,"jetpack_social_options":{"image_generator_settings":{"template":"highway","default_image_id":0,"font":"","enabled":false},"version":2}},"categories":[142,921,150,196],"tags":[6518,39576,5882,39577,33937,7005],"class_list":["post-65245","post","type-post","status-publish","format-standard","has-post-thumbnail","hentry","category-calabria","category-home","category-in-primo-piano","category-news","tag-autonomia-differenziata","tag-consulta","tag-corte-costituzionale","tag-inammissibilita","tag-referendum-abrogativo","tag-sentenza"],"yoast_head":"<!-- This site is optimized with the Yoast SEO plugin v27.2 - https:\/\/yoast.com\/product\/yoast-seo-wordpress\/ -->\n<title>Autonomia: Consulta dichiara &quot;inammissibile&quot; il Referendum<\/title>\n<meta name=\"description\" content=\"Gli 11 giudici della Corte Costituzionale hanno dichiarato inammissibile il referendum abrogativo della legge sull&#039;Autonomia differenziata\" \/>\n<meta name=\"robots\" content=\"index, follow, max-snippet:-1, max-image-preview:large, max-video-preview:-1\" \/>\n<link rel=\"canonical\" href=\"https:\/\/progettotouring.it\/radiotouring104\/2025\/01\/21\/autonomia-differenziata-consulta-dichiara-inammissibile-il-referendum-abrogativo\/\" \/>\n<meta property=\"og:locale\" content=\"it_IT\" \/>\n<meta property=\"og:type\" content=\"article\" \/>\n<meta property=\"og:title\" content=\"Autonomia: Consulta dichiara &quot;inammissibile&quot; il Referendum\" \/>\n<meta property=\"og:description\" content=\"Gli 11 giudici della Corte Costituzionale hanno dichiarato inammissibile il referendum abrogativo della legge sull&#039;Autonomia differenziata\" \/>\n<meta property=\"og:url\" content=\"https:\/\/progettotouring.it\/radiotouring104\/2025\/01\/21\/autonomia-differenziata-consulta-dichiara-inammissibile-il-referendum-abrogativo\/\" \/>\n<meta property=\"og:site_name\" content=\"Radio Touring 104\" \/>\n<meta property=\"article:published_time\" content=\"2025-01-21T10:27:27+00:00\" \/>\n<meta property=\"article:modified_time\" content=\"2025-01-21T11:22:39+00:00\" \/>\n<meta property=\"og:image\" content=\"https:\/\/progettotouring.it\/radiotouring104\/wp-content\/uploads\/sites\/6\/2025\/01\/Palazzo_della_Consulta_Roma_2006.jpg\" \/>\n\t<meta property=\"og:image:width\" content=\"1280\" \/>\n\t<meta property=\"og:image:height\" content=\"618\" \/>\n\t<meta property=\"og:image:type\" content=\"image\/jpeg\" \/>\n<meta name=\"author\" content=\"Sebastiano Plutino\" \/>\n<meta name=\"twitter:card\" content=\"summary_large_image\" \/>\n<meta name=\"twitter:label1\" content=\"Scritto da\" \/>\n\t<meta name=\"twitter:data1\" content=\"Sebastiano Plutino\" \/>\n\t<meta name=\"twitter:label2\" content=\"Tempo di lettura stimato\" \/>\n\t<meta name=\"twitter:data2\" content=\"1 minuto\" \/>\n<script type=\"application\/ld+json\" class=\"yoast-schema-graph\">{\"@context\":\"https:\/\/schema.org\",\"@graph\":[{\"@type\":\"Article\",\"@id\":\"https:\/\/progettotouring.it\/radiotouring104\/2025\/01\/21\/autonomia-differenziata-consulta-dichiara-inammissibile-il-referendum-abrogativo\/#article\",\"isPartOf\":{\"@id\":\"https:\/\/progettotouring.it\/radiotouring104\/2025\/01\/21\/autonomia-differenziata-consulta-dichiara-inammissibile-il-referendum-abrogativo\/\"},\"author\":{\"name\":\"Sebastiano Plutino\",\"@id\":\"https:\/\/progettotouring.it\/radiotouring104\/#\/schema\/person\/78613917f1851f041f7483f5af1d422e\"},\"headline\":\"Autonomia Differenziata: Consulta dichiara &#8220;inammissibile&#8221; il Referendum Abrogativo\",\"datePublished\":\"2025-01-21T10:27:27+00:00\",\"dateModified\":\"2025-01-21T11:22:39+00:00\",\"mainEntityOfPage\":{\"@id\":\"https:\/\/progettotouring.it\/radiotouring104\/2025\/01\/21\/autonomia-differenziata-consulta-dichiara-inammissibile-il-referendum-abrogativo\/\"},\"wordCount\":184,\"publisher\":{\"@id\":\"https:\/\/progettotouring.it\/radiotouring104\/#organization\"},\"image\":{\"@id\":\"https:\/\/progettotouring.it\/radiotouring104\/2025\/01\/21\/autonomia-differenziata-consulta-dichiara-inammissibile-il-referendum-abrogativo\/#primaryimage\"},\"thumbnailUrl\":\"https:\/\/progettotouring.it\/radiotouring104\/wp-content\/uploads\/sites\/6\/2025\/01\/Palazzo_della_Consulta_Roma_2006.jpg\",\"keywords\":[\"autonomia differenziata\",\"Consulta\",\"Corte Costituzionale\",\"inammissibilit\u00e0\",\"referendum abrogativo\",\"sentenza\"],\"articleSection\":[\"Calabria\",\"Home\",\"In primo piano\",\"News\"],\"inLanguage\":\"it-IT\"},{\"@type\":\"WebPage\",\"@id\":\"https:\/\/progettotouring.it\/radiotouring104\/2025\/01\/21\/autonomia-differenziata-consulta-dichiara-inammissibile-il-referendum-abrogativo\/\",\"url\":\"https:\/\/progettotouring.it\/radiotouring104\/2025\/01\/21\/autonomia-differenziata-consulta-dichiara-inammissibile-il-referendum-abrogativo\/\",\"name\":\"Autonomia: Consulta dichiara \\\"inammissibile\\\" il Referendum\",\"isPartOf\":{\"@id\":\"https:\/\/progettotouring.it\/radiotouring104\/#website\"},\"primaryImageOfPage\":{\"@id\":\"https:\/\/progettotouring.it\/radiotouring104\/2025\/01\/21\/autonomia-differenziata-consulta-dichiara-inammissibile-il-referendum-abrogativo\/#primaryimage\"},\"image\":{\"@id\":\"https:\/\/progettotouring.it\/radiotouring104\/2025\/01\/21\/autonomia-differenziata-consulta-dichiara-inammissibile-il-referendum-abrogativo\/#primaryimage\"},\"thumbnailUrl\":\"https:\/\/progettotouring.it\/radiotouring104\/wp-content\/uploads\/sites\/6\/2025\/01\/Palazzo_della_Consulta_Roma_2006.jpg\",\"datePublished\":\"2025-01-21T10:27:27+00:00\",\"dateModified\":\"2025-01-21T11:22:39+00:00\",\"description\":\"Gli 11 giudici della Corte Costituzionale hanno dichiarato inammissibile il referendum abrogativo della legge sull'Autonomia differenziata\",\"breadcrumb\":{\"@id\":\"https:\/\/progettotouring.it\/radiotouring104\/2025\/01\/21\/autonomia-differenziata-consulta-dichiara-inammissibile-il-referendum-abrogativo\/#breadcrumb\"},\"inLanguage\":\"it-IT\",\"potentialAction\":[{\"@type\":\"ReadAction\",\"target\":[\"https:\/\/progettotouring.it\/radiotouring104\/2025\/01\/21\/autonomia-differenziata-consulta-dichiara-inammissibile-il-referendum-abrogativo\/\"]}]},{\"@type\":\"ImageObject\",\"inLanguage\":\"it-IT\",\"@id\":\"https:\/\/progettotouring.it\/radiotouring104\/2025\/01\/21\/autonomia-differenziata-consulta-dichiara-inammissibile-il-referendum-abrogativo\/#primaryimage\",\"url\":\"https:\/\/progettotouring.it\/radiotouring104\/wp-content\/uploads\/sites\/6\/2025\/01\/Palazzo_della_Consulta_Roma_2006.jpg\",\"contentUrl\":\"https:\/\/progettotouring.it\/radiotouring104\/wp-content\/uploads\/sites\/6\/2025\/01\/Palazzo_della_Consulta_Roma_2006.jpg\",\"width\":1280,\"height\":618},{\"@type\":\"BreadcrumbList\",\"@id\":\"https:\/\/progettotouring.it\/radiotouring104\/2025\/01\/21\/autonomia-differenziata-consulta-dichiara-inammissibile-il-referendum-abrogativo\/#breadcrumb\",\"itemListElement\":[{\"@type\":\"ListItem\",\"position\":1,\"name\":\"Home\",\"item\":\"https:\/\/progettotouring.it\/radiotouring104\/\"},{\"@type\":\"ListItem\",\"position\":2,\"name\":\"Autonomia Differenziata: Consulta dichiara &#8220;inammissibile&#8221; il Referendum Abrogativo\"}]},{\"@type\":\"WebSite\",\"@id\":\"https:\/\/progettotouring.it\/radiotouring104\/#website\",\"url\":\"https:\/\/progettotouring.it\/radiotouring104\/\",\"name\":\"Radio Touring 104\",\"description\":\"La prima radio Reggina\",\"publisher\":{\"@id\":\"https:\/\/progettotouring.it\/radiotouring104\/#organization\"},\"potentialAction\":[{\"@type\":\"SearchAction\",\"target\":{\"@type\":\"EntryPoint\",\"urlTemplate\":\"https:\/\/progettotouring.it\/radiotouring104\/?s={search_term_string}\"},\"query-input\":{\"@type\":\"PropertyValueSpecification\",\"valueRequired\":true,\"valueName\":\"search_term_string\"}}],\"inLanguage\":\"it-IT\"},{\"@type\":\"Organization\",\"@id\":\"https:\/\/progettotouring.it\/radiotouring104\/#organization\",\"name\":\"Radio Touring 104\",\"url\":\"https:\/\/progettotouring.it\/radiotouring104\/\",\"logo\":{\"@type\":\"ImageObject\",\"inLanguage\":\"it-IT\",\"@id\":\"https:\/\/progettotouring.it\/radiotouring104\/#\/schema\/logo\/image\/\",\"url\":\"https:\/\/progettotouring.it\/radiotouring104\/wp-content\/uploads\/sites\/6\/2022\/02\/cropped-logo-radio-touring-104.png\",\"contentUrl\":\"https:\/\/progettotouring.it\/radiotouring104\/wp-content\/uploads\/sites\/6\/2022\/02\/cropped-logo-radio-touring-104.png\",\"width\":377,\"height\":182,\"caption\":\"Radio Touring 104\"},\"image\":{\"@id\":\"https:\/\/progettotouring.it\/radiotouring104\/#\/schema\/logo\/image\/\"}},{\"@type\":\"Person\",\"@id\":\"https:\/\/progettotouring.it\/radiotouring104\/#\/schema\/person\/78613917f1851f041f7483f5af1d422e\",\"name\":\"Sebastiano Plutino\",\"image\":{\"@type\":\"ImageObject\",\"inLanguage\":\"it-IT\",\"@id\":\"https:\/\/secure.gravatar.com\/avatar\/0546ffaa9b79224faf9f2a156b67a529ae861d3287c66c1d8ccfdf909bcba78d?s=96&d=mm&r=g\",\"url\":\"https:\/\/secure.gravatar.com\/avatar\/0546ffaa9b79224faf9f2a156b67a529ae861d3287c66c1d8ccfdf909bcba78d?s=96&d=mm&r=g\",\"contentUrl\":\"https:\/\/secure.gravatar.com\/avatar\/0546ffaa9b79224faf9f2a156b67a529ae861d3287c66c1d8ccfdf909bcba78d?s=96&d=mm&r=g\",\"caption\":\"Sebastiano Plutino\"},\"url\":\"https:\/\/progettotouring.it\/radiotouring104\/author\/sebastiano\/\"}]}<\/script>\n<!-- \/ Yoast SEO plugin. -->","yoast_head_json":{"title":"Autonomia: Consulta dichiara \"inammissibile\" il Referendum","description":"Gli 11 giudici della Corte Costituzionale hanno dichiarato inammissibile il referendum abrogativo della legge sull'Autonomia differenziata","robots":{"index":"index","follow":"follow","max-snippet":"max-snippet:-1","max-image-preview":"max-image-preview:large","max-video-preview":"max-video-preview:-1"},"canonical":"https:\/\/progettotouring.it\/radiotouring104\/2025\/01\/21\/autonomia-differenziata-consulta-dichiara-inammissibile-il-referendum-abrogativo\/","og_locale":"it_IT","og_type":"article","og_title":"Autonomia: Consulta dichiara \"inammissibile\" il Referendum","og_description":"Gli 11 giudici della Corte Costituzionale hanno dichiarato inammissibile il referendum abrogativo della legge sull'Autonomia differenziata","og_url":"https:\/\/progettotouring.it\/radiotouring104\/2025\/01\/21\/autonomia-differenziata-consulta-dichiara-inammissibile-il-referendum-abrogativo\/","og_site_name":"Radio Touring 104","article_published_time":"2025-01-21T10:27:27+00:00","article_modified_time":"2025-01-21T11:22:39+00:00","og_image":[{"width":1280,"height":618,"url":"https:\/\/progettotouring.it\/radiotouring104\/wp-content\/uploads\/sites\/6\/2025\/01\/Palazzo_della_Consulta_Roma_2006.jpg","type":"image\/jpeg"}],"author":"Sebastiano Plutino","twitter_card":"summary_large_image","twitter_misc":{"Scritto da":"Sebastiano Plutino","Tempo di lettura stimato":"1 minuto"},"schema":{"@context":"https:\/\/schema.org","@graph":[{"@type":"Article","@id":"https:\/\/progettotouring.it\/radiotouring104\/2025\/01\/21\/autonomia-differenziata-consulta-dichiara-inammissibile-il-referendum-abrogativo\/#article","isPartOf":{"@id":"https:\/\/progettotouring.it\/radiotouring104\/2025\/01\/21\/autonomia-differenziata-consulta-dichiara-inammissibile-il-referendum-abrogativo\/"},"author":{"name":"Sebastiano Plutino","@id":"https:\/\/progettotouring.it\/radiotouring104\/#\/schema\/person\/78613917f1851f041f7483f5af1d422e"},"headline":"Autonomia Differenziata: Consulta dichiara &#8220;inammissibile&#8221; il Referendum Abrogativo","datePublished":"2025-01-21T10:27:27+00:00","dateModified":"2025-01-21T11:22:39+00:00","mainEntityOfPage":{"@id":"https:\/\/progettotouring.it\/radiotouring104\/2025\/01\/21\/autonomia-differenziata-consulta-dichiara-inammissibile-il-referendum-abrogativo\/"},"wordCount":184,"publisher":{"@id":"https:\/\/progettotouring.it\/radiotouring104\/#organization"},"image":{"@id":"https:\/\/progettotouring.it\/radiotouring104\/2025\/01\/21\/autonomia-differenziata-consulta-dichiara-inammissibile-il-referendum-abrogativo\/#primaryimage"},"thumbnailUrl":"https:\/\/progettotouring.it\/radiotouring104\/wp-content\/uploads\/sites\/6\/2025\/01\/Palazzo_della_Consulta_Roma_2006.jpg","keywords":["autonomia differenziata","Consulta","Corte Costituzionale","inammissibilit\u00e0","referendum abrogativo","sentenza"],"articleSection":["Calabria","Home","In primo piano","News"],"inLanguage":"it-IT"},{"@type":"WebPage","@id":"https:\/\/progettotouring.it\/radiotouring104\/2025\/01\/21\/autonomia-differenziata-consulta-dichiara-inammissibile-il-referendum-abrogativo\/","url":"https:\/\/progettotouring.it\/radiotouring104\/2025\/01\/21\/autonomia-differenziata-consulta-dichiara-inammissibile-il-referendum-abrogativo\/","name":"Autonomia: Consulta dichiara \"inammissibile\" il Referendum","isPartOf":{"@id":"https:\/\/progettotouring.it\/radiotouring104\/#website"},"primaryImageOfPage":{"@id":"https:\/\/progettotouring.it\/radiotouring104\/2025\/01\/21\/autonomia-differenziata-consulta-dichiara-inammissibile-il-referendum-abrogativo\/#primaryimage"},"image":{"@id":"https:\/\/progettotouring.it\/radiotouring104\/2025\/01\/21\/autonomia-differenziata-consulta-dichiara-inammissibile-il-referendum-abrogativo\/#primaryimage"},"thumbnailUrl":"https:\/\/progettotouring.it\/radiotouring104\/wp-content\/uploads\/sites\/6\/2025\/01\/Palazzo_della_Consulta_Roma_2006.jpg","datePublished":"2025-01-21T10:27:27+00:00","dateModified":"2025-01-21T11:22:39+00:00","description":"Gli 11 giudici della Corte Costituzionale hanno dichiarato inammissibile il referendum abrogativo della legge sull'Autonomia differenziata","breadcrumb":{"@id":"https:\/\/progettotouring.it\/radiotouring104\/2025\/01\/21\/autonomia-differenziata-consulta-dichiara-inammissibile-il-referendum-abrogativo\/#breadcrumb"},"inLanguage":"it-IT","potentialAction":[{"@type":"ReadAction","target":["https:\/\/progettotouring.it\/radiotouring104\/2025\/01\/21\/autonomia-differenziata-consulta-dichiara-inammissibile-il-referendum-abrogativo\/"]}]},{"@type":"ImageObject","inLanguage":"it-IT","@id":"https:\/\/progettotouring.it\/radiotouring104\/2025\/01\/21\/autonomia-differenziata-consulta-dichiara-inammissibile-il-referendum-abrogativo\/#primaryimage","url":"https:\/\/progettotouring.it\/radiotouring104\/wp-content\/uploads\/sites\/6\/2025\/01\/Palazzo_della_Consulta_Roma_2006.jpg","contentUrl":"https:\/\/progettotouring.it\/radiotouring104\/wp-content\/uploads\/sites\/6\/2025\/01\/Palazzo_della_Consulta_Roma_2006.jpg","width":1280,"height":618},{"@type":"BreadcrumbList","@id":"https:\/\/progettotouring.it\/radiotouring104\/2025\/01\/21\/autonomia-differenziata-consulta-dichiara-inammissibile-il-referendum-abrogativo\/#breadcrumb","itemListElement":[{"@type":"ListItem","position":1,"name":"Home","item":"https:\/\/progettotouring.it\/radiotouring104\/"},{"@type":"ListItem","position":2,"name":"Autonomia Differenziata: Consulta dichiara &#8220;inammissibile&#8221; il Referendum Abrogativo"}]},{"@type":"WebSite","@id":"https:\/\/progettotouring.it\/radiotouring104\/#website","url":"https:\/\/progettotouring.it\/radiotouring104\/","name":"Radio Touring 104","description":"La prima radio Reggina","publisher":{"@id":"https:\/\/progettotouring.it\/radiotouring104\/#organization"},"potentialAction":[{"@type":"SearchAction","target":{"@type":"EntryPoint","urlTemplate":"https:\/\/progettotouring.it\/radiotouring104\/?s={search_term_string}"},"query-input":{"@type":"PropertyValueSpecification","valueRequired":true,"valueName":"search_term_string"}}],"inLanguage":"it-IT"},{"@type":"Organization","@id":"https:\/\/progettotouring.it\/radiotouring104\/#organization","name":"Radio Touring 104","url":"https:\/\/progettotouring.it\/radiotouring104\/","logo":{"@type":"ImageObject","inLanguage":"it-IT","@id":"https:\/\/progettotouring.it\/radiotouring104\/#\/schema\/logo\/image\/","url":"https:\/\/progettotouring.it\/radiotouring104\/wp-content\/uploads\/sites\/6\/2022\/02\/cropped-logo-radio-touring-104.png","contentUrl":"https:\/\/progettotouring.it\/radiotouring104\/wp-content\/uploads\/sites\/6\/2022\/02\/cropped-logo-radio-touring-104.png","width":377,"height":182,"caption":"Radio Touring 104"},"image":{"@id":"https:\/\/progettotouring.it\/radiotouring104\/#\/schema\/logo\/image\/"}},{"@type":"Person","@id":"https:\/\/progettotouring.it\/radiotouring104\/#\/schema\/person\/78613917f1851f041f7483f5af1d422e","name":"Sebastiano Plutino","image":{"@type":"ImageObject","inLanguage":"it-IT","@id":"https:\/\/secure.gravatar.com\/avatar\/0546ffaa9b79224faf9f2a156b67a529ae861d3287c66c1d8ccfdf909bcba78d?s=96&d=mm&r=g","url":"https:\/\/secure.gravatar.com\/avatar\/0546ffaa9b79224faf9f2a156b67a529ae861d3287c66c1d8ccfdf909bcba78d?s=96&d=mm&r=g","contentUrl":"https:\/\/secure.gravatar.com\/avatar\/0546ffaa9b79224faf9f2a156b67a529ae861d3287c66c1d8ccfdf909bcba78d?s=96&d=mm&r=g","caption":"Sebastiano Plutino"},"url":"https:\/\/progettotouring.it\/radiotouring104\/author\/sebastiano\/"}]}},"jetpack_publicize_connections":[],"jetpack_featured_media_url":"https:\/\/progettotouring.it\/radiotouring104\/wp-content\/uploads\/sites\/6\/2025\/01\/Palazzo_della_Consulta_Roma_2006.jpg","jetpack_sharing_enabled":true,"_links":{"self":[{"href":"https:\/\/progettotouring.it\/radiotouring104\/wp-json\/wp\/v2\/posts\/65245","targetHints":{"allow":["GET"]}}],"collection":[{"href":"https:\/\/progettotouring.it\/radiotouring104\/wp-json\/wp\/v2\/posts"}],"about":[{"href":"https:\/\/progettotouring.it\/radiotouring104\/wp-json\/wp\/v2\/types\/post"}],"author":[{"embeddable":true,"href":"https:\/\/progettotouring.it\/radiotouring104\/wp-json\/wp\/v2\/users\/12"}],"replies":[{"embeddable":true,"href":"https:\/\/progettotouring.it\/radiotouring104\/wp-json\/wp\/v2\/comments?post=65245"}],"version-history":[{"count":2,"href":"https:\/\/progettotouring.it\/radiotouring104\/wp-json\/wp\/v2\/posts\/65245\/revisions"}],"predecessor-version":[{"id":65255,"href":"https:\/\/progettotouring.it\/radiotouring104\/wp-json\/wp\/v2\/posts\/65245\/revisions\/65255"}],"wp:featuredmedia":[{"embeddable":true,"href":"https:\/\/progettotouring.it\/radiotouring104\/wp-json\/wp\/v2\/media\/65246"}],"wp:attachment":[{"href":"https:\/\/progettotouring.it\/radiotouring104\/wp-json\/wp\/v2\/media?parent=65245"}],"wp:term":[{"taxonomy":"category","embeddable":true,"href":"https:\/\/progettotouring.it\/radiotouring104\/wp-json\/wp\/v2\/categories?post=65245"},{"taxonomy":"post_tag","embeddable":true,"href":"https:\/\/progettotouring.it\/radiotouring104\/wp-json\/wp\/v2\/tags?post=65245"}],"curies":[{"name":"wp","href":"https:\/\/api.w.org\/{rel}","templated":true}]}}