{"id":65250,"date":"2025-01-21T11:59:27","date_gmt":"2025-01-21T10:59:27","guid":{"rendered":"https:\/\/progettotouring.it\/radiotouring104\/?p=65250"},"modified":"2025-01-22T10:20:24","modified_gmt":"2025-01-22T09:20:24","slug":"corecom-calabria-scarpino-scrive-al-garante-della-privacy","status":"publish","type":"post","link":"https:\/\/progettotouring.it\/radiotouring104\/2025\/01\/21\/corecom-calabria-scarpino-scrive-al-garante-della-privacy\/","title":{"rendered":"Corecom Calabria: Scarpino scrive al Garante della Privacy"},"content":{"rendered":"<p style=\"text-align: justify\">Dati violati e fiducia compromessa nel campo della telepsicologia. A denunciarlo \u00e8 Fulvio Scarpino, Presidente del Corecom Calabria e Vice-Coordinatore Nazionale dei Corecom italiani, nel commentare l&#8217;indagine &#8220;Tracciamenti&#8221;, condotta dai giornalisti investigativi Edoardo Anziano, Francesca Cicculli e Roberta Lancellotti, nominata finalista del Premio Morrione 2024 e pubblicata su Scomodo.org, che ha rivelato gravi irregolarit\u00e0 legate alle piattaforme di terapia online. Strumenti progettati per offrire consulenza e supporto psicologico, attraverso i mezzi digitali, che potrebbero aver utilizzato in modo improprio i dati sensibili dei pazienti.<\/p>\n<p style=\"text-align: justify\">Le piattaforme sono accusate di sfruttare tecnologie avanzate per raccogliere e analizzare in dettaglio dati comportamentali durante le sessioni di terapia, come le reazioni emotive, i modelli di linguaggio e le espressioni facciali dei pazienti. Queste informazioni, che dovrebbero essere protette, sono state invece utilizzate per scopi commerciali, spesso vendute a terze parti o impiegate per affinare strategie di marketing, sollevando gravi preoccupazioni su privacy ed etica professionale.<\/p>\n<p style=\"text-align: justify\">Le importanti aziende, citate nell&#8217;indagine, hanno immediatamente preso le distanze dalla narrazione dell&#8217;inchiesta, sottolineando che tutte le loro operazioni di trattamento dati sono condotte nel pieno rispetto delle normative vigenti sulla protezione dei dati, mirando a tutelare la privacy dei loro utenti .<\/p>\n<p style=\"text-align: justify\">Il Vice-Coordinatore Nazionale dei Corecom Italiani, Fulvio Scarpino, ha espresso profonda preoccupazione per le potenziali violazioni della privacy emerse dalla vicenda: \u201cSe le affermazioni dell&#8217;inchiesta dovessero essere verificate &#8211; ha dichiarato &#8211; ci troveremmo di fronte a comportamenti di notevole gravit\u00e0, con impatti particolarmente seri sui giovani pazienti. Questo segmento della popolazione, gi\u00e0 vulnerabile a causa di numerosi fattori di stress sociali e psicologici, rischia di essere ulteriormente compromesso&#8221;.<\/p>\n<p style=\"text-align: justify\">Scarpino ha manifestato dubbi nel caso in cui i dati sensibili, raccolti durante momenti di fragilit\u00e0, vengano potenzialmente utilizzati come merce per il marketing. &#8220;Trovare che i propri momenti pi\u00f9 intimi e privati siano monitorati e trasformati in strumenti di marketing pu\u00f2 avere effetti devastanti, intensificando ansia e disillusione nei confronti del sistema socio-sanitario, e minando la fiducia nel rapporto terapeutico&#8221;, ha sottolineato.<\/p>\n<p style=\"text-align: justify\">Il presidente del Corecom Calabria ha poi evidenziato il rischio che tali pratiche possano far gradualmente perdere fiducia nei servizi di supporto, peggiorando condizioni come depressione e ansia, con possibili conseguenze autodistruttive.<\/p>\n<p style=\"text-align: justify\">&#8220;In queste circostanze, \u00e8 indispensabile un impegno attivo e una vigilanza rigorosa da parte di tutte le autorit\u00e0 regolatrici&#8221;, ha proseguito Scarpino, sottolineando la necessit\u00e0 di norme pi\u00f9 stringenti che proteggano non solo la privacy, ma anche l&#8217;integrit\u00e0 emotiva e psicologica dei pazienti, soprattutto dei pi\u00f9 giovani. &#8220;Queste considerazioni sollevano questioni etiche significative sulla responsabilit\u00e0 delle piattaforme di telepsicologia&#8221;.<\/p>\n<p style=\"text-align: justify\">Per questi motivi, il Presidente del Corecom calabrese ha richiesto un intervento tempestivo del Garante della Privacy per verificare la conformit\u00e0 delle pratiche denunciate con la legislazione vigente e ha invitato le parti coinvolte a un dibattito pubblico con l\u2019obiettivo di esplorare, ulteriormente, le implicazioni etiche e legali delle pratiche di telepsicologia e le soluzioni per rafforzare la protezione dei dati dei pazienti.<\/p>\n","protected":false},"excerpt":{"rendered":"<p>Dati violati e fiducia compromessa nel campo della telepsicologia. A denunciarlo \u00e8 Fulvio Scarpino, Presidente del Corecom Calabria e Vice-Coordinatore Nazionale dei Corecom italiani, nel commentare l&#8217;indagine &#8220;Tracciamenti&#8221;, condotta dai&hellip;<\/p>\n","protected":false},"author":12,"featured_media":64508,"comment_status":"closed","ping_status":"open","sticky":false,"template":"","format":"standard","meta":{"_jetpack_memberships_contains_paid_content":false,"footnotes":"","jetpack_publicize_message":"","jetpack_publicize_feature_enabled":true,"jetpack_social_post_already_shared":true,"jetpack_social_options":{"image_generator_settings":{"template":"highway","default_image_id":0,"font":"","enabled":false},"version":2}},"categories":[142,921,196],"tags":[39582,9620,39579,39580,39583,39578,39581],"class_list":["post-65250","post","type-post","status-publish","format-standard","has-post-thumbnail","hentry","category-calabria","category-home","category-news","tag-andrea-carcuro","tag-corecom-calabria","tag-garante-privacy","tag-indagine-tracciamenti","tag-martina-paolucci","tag-scarpino","tag-scomodo-org"],"yoast_head":"<!-- This site is optimized with the Yoast SEO plugin v27.2 - https:\/\/yoast.com\/product\/yoast-seo-wordpress\/ -->\n<title>Corecom Calabria: Scarpino scrive al Garante della Privacy - Radio Touring 104<\/title>\n<meta name=\"description\" content=\"Il Presidente scrive al Garante commenta l&#039;indagine &quot;Tracciamenti&quot;, che ha rivelato irregolarit\u00e0 delle piattaforme online sulla privacy\" \/>\n<meta name=\"robots\" content=\"index, follow, max-snippet:-1, max-image-preview:large, max-video-preview:-1\" \/>\n<link rel=\"canonical\" href=\"https:\/\/progettotouring.it\/radiotouring104\/2025\/01\/21\/corecom-calabria-scarpino-scrive-al-garante-della-privacy\/\" \/>\n<meta property=\"og:locale\" content=\"it_IT\" \/>\n<meta property=\"og:type\" content=\"article\" \/>\n<meta property=\"og:title\" content=\"Corecom Calabria: Scarpino scrive al Garante della Privacy - Radio Touring 104\" \/>\n<meta property=\"og:description\" content=\"Il Presidente scrive al Garante commenta l&#039;indagine &quot;Tracciamenti&quot;, che ha rivelato irregolarit\u00e0 delle piattaforme online sulla privacy\" \/>\n<meta property=\"og:url\" content=\"https:\/\/progettotouring.it\/radiotouring104\/2025\/01\/21\/corecom-calabria-scarpino-scrive-al-garante-della-privacy\/\" \/>\n<meta property=\"og:site_name\" content=\"Radio Touring 104\" \/>\n<meta property=\"article:published_time\" content=\"2025-01-21T10:59:27+00:00\" \/>\n<meta property=\"article:modified_time\" content=\"2025-01-22T09:20:24+00:00\" \/>\n<meta property=\"og:image\" content=\"https:\/\/progettotouring.it\/radiotouring104\/wp-content\/uploads\/sites\/6\/2025\/01\/Presidente-Corecom-Scarpino.jpg\" \/>\n\t<meta property=\"og:image:width\" content=\"750\" \/>\n\t<meta property=\"og:image:height\" content=\"375\" \/>\n\t<meta property=\"og:image:type\" content=\"image\/jpeg\" \/>\n<meta name=\"author\" content=\"Sebastiano Plutino\" \/>\n<meta name=\"twitter:card\" content=\"summary_large_image\" \/>\n<meta name=\"twitter:label1\" content=\"Scritto da\" \/>\n\t<meta name=\"twitter:data1\" content=\"Sebastiano Plutino\" \/>\n\t<meta name=\"twitter:label2\" content=\"Tempo di lettura stimato\" \/>\n\t<meta name=\"twitter:data2\" content=\"2 minuti\" \/>\n<script type=\"application\/ld+json\" class=\"yoast-schema-graph\">{\"@context\":\"https:\/\/schema.org\",\"@graph\":[{\"@type\":\"Article\",\"@id\":\"https:\/\/progettotouring.it\/radiotouring104\/2025\/01\/21\/corecom-calabria-scarpino-scrive-al-garante-della-privacy\/#article\",\"isPartOf\":{\"@id\":\"https:\/\/progettotouring.it\/radiotouring104\/2025\/01\/21\/corecom-calabria-scarpino-scrive-al-garante-della-privacy\/\"},\"author\":{\"name\":\"Sebastiano Plutino\",\"@id\":\"https:\/\/progettotouring.it\/radiotouring104\/#\/schema\/person\/78613917f1851f041f7483f5af1d422e\"},\"headline\":\"Corecom Calabria: Scarpino scrive al Garante della Privacy\",\"datePublished\":\"2025-01-21T10:59:27+00:00\",\"dateModified\":\"2025-01-22T09:20:24+00:00\",\"mainEntityOfPage\":{\"@id\":\"https:\/\/progettotouring.it\/radiotouring104\/2025\/01\/21\/corecom-calabria-scarpino-scrive-al-garante-della-privacy\/\"},\"wordCount\":487,\"publisher\":{\"@id\":\"https:\/\/progettotouring.it\/radiotouring104\/#organization\"},\"image\":{\"@id\":\"https:\/\/progettotouring.it\/radiotouring104\/2025\/01\/21\/corecom-calabria-scarpino-scrive-al-garante-della-privacy\/#primaryimage\"},\"thumbnailUrl\":\"https:\/\/progettotouring.it\/radiotouring104\/wp-content\/uploads\/sites\/6\/2025\/01\/Presidente-Corecom-Scarpino.jpg\",\"keywords\":[\"Andrea Carcuro\",\"Corecom Calabria\",\"Garante Privacy\",\"indagine \\\"Tracciamenti\\\"\",\"Martina Paolucci\",\"Scarpino\",\"scomodo.org\"],\"articleSection\":[\"Calabria\",\"Home\",\"News\"],\"inLanguage\":\"it-IT\"},{\"@type\":\"WebPage\",\"@id\":\"https:\/\/progettotouring.it\/radiotouring104\/2025\/01\/21\/corecom-calabria-scarpino-scrive-al-garante-della-privacy\/\",\"url\":\"https:\/\/progettotouring.it\/radiotouring104\/2025\/01\/21\/corecom-calabria-scarpino-scrive-al-garante-della-privacy\/\",\"name\":\"Corecom Calabria: Scarpino scrive al Garante della Privacy - Radio Touring 104\",\"isPartOf\":{\"@id\":\"https:\/\/progettotouring.it\/radiotouring104\/#website\"},\"primaryImageOfPage\":{\"@id\":\"https:\/\/progettotouring.it\/radiotouring104\/2025\/01\/21\/corecom-calabria-scarpino-scrive-al-garante-della-privacy\/#primaryimage\"},\"image\":{\"@id\":\"https:\/\/progettotouring.it\/radiotouring104\/2025\/01\/21\/corecom-calabria-scarpino-scrive-al-garante-della-privacy\/#primaryimage\"},\"thumbnailUrl\":\"https:\/\/progettotouring.it\/radiotouring104\/wp-content\/uploads\/sites\/6\/2025\/01\/Presidente-Corecom-Scarpino.jpg\",\"datePublished\":\"2025-01-21T10:59:27+00:00\",\"dateModified\":\"2025-01-22T09:20:24+00:00\",\"description\":\"Il Presidente scrive al Garante commenta l'indagine \\\"Tracciamenti\\\", che ha rivelato irregolarit\u00e0 delle piattaforme online sulla privacy\",\"breadcrumb\":{\"@id\":\"https:\/\/progettotouring.it\/radiotouring104\/2025\/01\/21\/corecom-calabria-scarpino-scrive-al-garante-della-privacy\/#breadcrumb\"},\"inLanguage\":\"it-IT\",\"potentialAction\":[{\"@type\":\"ReadAction\",\"target\":[\"https:\/\/progettotouring.it\/radiotouring104\/2025\/01\/21\/corecom-calabria-scarpino-scrive-al-garante-della-privacy\/\"]}]},{\"@type\":\"ImageObject\",\"inLanguage\":\"it-IT\",\"@id\":\"https:\/\/progettotouring.it\/radiotouring104\/2025\/01\/21\/corecom-calabria-scarpino-scrive-al-garante-della-privacy\/#primaryimage\",\"url\":\"https:\/\/progettotouring.it\/radiotouring104\/wp-content\/uploads\/sites\/6\/2025\/01\/Presidente-Corecom-Scarpino.jpg\",\"contentUrl\":\"https:\/\/progettotouring.it\/radiotouring104\/wp-content\/uploads\/sites\/6\/2025\/01\/Presidente-Corecom-Scarpino.jpg\",\"width\":750,\"height\":375},{\"@type\":\"BreadcrumbList\",\"@id\":\"https:\/\/progettotouring.it\/radiotouring104\/2025\/01\/21\/corecom-calabria-scarpino-scrive-al-garante-della-privacy\/#breadcrumb\",\"itemListElement\":[{\"@type\":\"ListItem\",\"position\":1,\"name\":\"Home\",\"item\":\"https:\/\/progettotouring.it\/radiotouring104\/\"},{\"@type\":\"ListItem\",\"position\":2,\"name\":\"Corecom Calabria: Scarpino scrive al Garante della Privacy\"}]},{\"@type\":\"WebSite\",\"@id\":\"https:\/\/progettotouring.it\/radiotouring104\/#website\",\"url\":\"https:\/\/progettotouring.it\/radiotouring104\/\",\"name\":\"Radio Touring 104\",\"description\":\"La prima radio Reggina\",\"publisher\":{\"@id\":\"https:\/\/progettotouring.it\/radiotouring104\/#organization\"},\"potentialAction\":[{\"@type\":\"SearchAction\",\"target\":{\"@type\":\"EntryPoint\",\"urlTemplate\":\"https:\/\/progettotouring.it\/radiotouring104\/?s={search_term_string}\"},\"query-input\":{\"@type\":\"PropertyValueSpecification\",\"valueRequired\":true,\"valueName\":\"search_term_string\"}}],\"inLanguage\":\"it-IT\"},{\"@type\":\"Organization\",\"@id\":\"https:\/\/progettotouring.it\/radiotouring104\/#organization\",\"name\":\"Radio Touring 104\",\"url\":\"https:\/\/progettotouring.it\/radiotouring104\/\",\"logo\":{\"@type\":\"ImageObject\",\"inLanguage\":\"it-IT\",\"@id\":\"https:\/\/progettotouring.it\/radiotouring104\/#\/schema\/logo\/image\/\",\"url\":\"https:\/\/progettotouring.it\/radiotouring104\/wp-content\/uploads\/sites\/6\/2022\/02\/cropped-logo-radio-touring-104.png\",\"contentUrl\":\"https:\/\/progettotouring.it\/radiotouring104\/wp-content\/uploads\/sites\/6\/2022\/02\/cropped-logo-radio-touring-104.png\",\"width\":377,\"height\":182,\"caption\":\"Radio Touring 104\"},\"image\":{\"@id\":\"https:\/\/progettotouring.it\/radiotouring104\/#\/schema\/logo\/image\/\"}},{\"@type\":\"Person\",\"@id\":\"https:\/\/progettotouring.it\/radiotouring104\/#\/schema\/person\/78613917f1851f041f7483f5af1d422e\",\"name\":\"Sebastiano Plutino\",\"image\":{\"@type\":\"ImageObject\",\"inLanguage\":\"it-IT\",\"@id\":\"https:\/\/secure.gravatar.com\/avatar\/0546ffaa9b79224faf9f2a156b67a529ae861d3287c66c1d8ccfdf909bcba78d?s=96&d=mm&r=g\",\"url\":\"https:\/\/secure.gravatar.com\/avatar\/0546ffaa9b79224faf9f2a156b67a529ae861d3287c66c1d8ccfdf909bcba78d?s=96&d=mm&r=g\",\"contentUrl\":\"https:\/\/secure.gravatar.com\/avatar\/0546ffaa9b79224faf9f2a156b67a529ae861d3287c66c1d8ccfdf909bcba78d?s=96&d=mm&r=g\",\"caption\":\"Sebastiano Plutino\"},\"url\":\"https:\/\/progettotouring.it\/radiotouring104\/author\/sebastiano\/\"}]}<\/script>\n<!-- \/ Yoast SEO plugin. -->","yoast_head_json":{"title":"Corecom Calabria: Scarpino scrive al Garante della Privacy - Radio Touring 104","description":"Il Presidente scrive al Garante commenta l'indagine \"Tracciamenti\", che ha rivelato irregolarit\u00e0 delle piattaforme online sulla privacy","robots":{"index":"index","follow":"follow","max-snippet":"max-snippet:-1","max-image-preview":"max-image-preview:large","max-video-preview":"max-video-preview:-1"},"canonical":"https:\/\/progettotouring.it\/radiotouring104\/2025\/01\/21\/corecom-calabria-scarpino-scrive-al-garante-della-privacy\/","og_locale":"it_IT","og_type":"article","og_title":"Corecom Calabria: Scarpino scrive al Garante della Privacy - Radio Touring 104","og_description":"Il Presidente scrive al Garante commenta l'indagine \"Tracciamenti\", che ha rivelato irregolarit\u00e0 delle piattaforme online sulla privacy","og_url":"https:\/\/progettotouring.it\/radiotouring104\/2025\/01\/21\/corecom-calabria-scarpino-scrive-al-garante-della-privacy\/","og_site_name":"Radio Touring 104","article_published_time":"2025-01-21T10:59:27+00:00","article_modified_time":"2025-01-22T09:20:24+00:00","og_image":[{"width":750,"height":375,"url":"https:\/\/progettotouring.it\/radiotouring104\/wp-content\/uploads\/sites\/6\/2025\/01\/Presidente-Corecom-Scarpino.jpg","type":"image\/jpeg"}],"author":"Sebastiano Plutino","twitter_card":"summary_large_image","twitter_misc":{"Scritto da":"Sebastiano Plutino","Tempo di lettura stimato":"2 minuti"},"schema":{"@context":"https:\/\/schema.org","@graph":[{"@type":"Article","@id":"https:\/\/progettotouring.it\/radiotouring104\/2025\/01\/21\/corecom-calabria-scarpino-scrive-al-garante-della-privacy\/#article","isPartOf":{"@id":"https:\/\/progettotouring.it\/radiotouring104\/2025\/01\/21\/corecom-calabria-scarpino-scrive-al-garante-della-privacy\/"},"author":{"name":"Sebastiano Plutino","@id":"https:\/\/progettotouring.it\/radiotouring104\/#\/schema\/person\/78613917f1851f041f7483f5af1d422e"},"headline":"Corecom Calabria: Scarpino scrive al Garante della Privacy","datePublished":"2025-01-21T10:59:27+00:00","dateModified":"2025-01-22T09:20:24+00:00","mainEntityOfPage":{"@id":"https:\/\/progettotouring.it\/radiotouring104\/2025\/01\/21\/corecom-calabria-scarpino-scrive-al-garante-della-privacy\/"},"wordCount":487,"publisher":{"@id":"https:\/\/progettotouring.it\/radiotouring104\/#organization"},"image":{"@id":"https:\/\/progettotouring.it\/radiotouring104\/2025\/01\/21\/corecom-calabria-scarpino-scrive-al-garante-della-privacy\/#primaryimage"},"thumbnailUrl":"https:\/\/progettotouring.it\/radiotouring104\/wp-content\/uploads\/sites\/6\/2025\/01\/Presidente-Corecom-Scarpino.jpg","keywords":["Andrea Carcuro","Corecom Calabria","Garante Privacy","indagine \"Tracciamenti\"","Martina Paolucci","Scarpino","scomodo.org"],"articleSection":["Calabria","Home","News"],"inLanguage":"it-IT"},{"@type":"WebPage","@id":"https:\/\/progettotouring.it\/radiotouring104\/2025\/01\/21\/corecom-calabria-scarpino-scrive-al-garante-della-privacy\/","url":"https:\/\/progettotouring.it\/radiotouring104\/2025\/01\/21\/corecom-calabria-scarpino-scrive-al-garante-della-privacy\/","name":"Corecom Calabria: Scarpino scrive al Garante della Privacy - Radio Touring 104","isPartOf":{"@id":"https:\/\/progettotouring.it\/radiotouring104\/#website"},"primaryImageOfPage":{"@id":"https:\/\/progettotouring.it\/radiotouring104\/2025\/01\/21\/corecom-calabria-scarpino-scrive-al-garante-della-privacy\/#primaryimage"},"image":{"@id":"https:\/\/progettotouring.it\/radiotouring104\/2025\/01\/21\/corecom-calabria-scarpino-scrive-al-garante-della-privacy\/#primaryimage"},"thumbnailUrl":"https:\/\/progettotouring.it\/radiotouring104\/wp-content\/uploads\/sites\/6\/2025\/01\/Presidente-Corecom-Scarpino.jpg","datePublished":"2025-01-21T10:59:27+00:00","dateModified":"2025-01-22T09:20:24+00:00","description":"Il Presidente scrive al Garante commenta l'indagine \"Tracciamenti\", che ha rivelato irregolarit\u00e0 delle piattaforme online sulla privacy","breadcrumb":{"@id":"https:\/\/progettotouring.it\/radiotouring104\/2025\/01\/21\/corecom-calabria-scarpino-scrive-al-garante-della-privacy\/#breadcrumb"},"inLanguage":"it-IT","potentialAction":[{"@type":"ReadAction","target":["https:\/\/progettotouring.it\/radiotouring104\/2025\/01\/21\/corecom-calabria-scarpino-scrive-al-garante-della-privacy\/"]}]},{"@type":"ImageObject","inLanguage":"it-IT","@id":"https:\/\/progettotouring.it\/radiotouring104\/2025\/01\/21\/corecom-calabria-scarpino-scrive-al-garante-della-privacy\/#primaryimage","url":"https:\/\/progettotouring.it\/radiotouring104\/wp-content\/uploads\/sites\/6\/2025\/01\/Presidente-Corecom-Scarpino.jpg","contentUrl":"https:\/\/progettotouring.it\/radiotouring104\/wp-content\/uploads\/sites\/6\/2025\/01\/Presidente-Corecom-Scarpino.jpg","width":750,"height":375},{"@type":"BreadcrumbList","@id":"https:\/\/progettotouring.it\/radiotouring104\/2025\/01\/21\/corecom-calabria-scarpino-scrive-al-garante-della-privacy\/#breadcrumb","itemListElement":[{"@type":"ListItem","position":1,"name":"Home","item":"https:\/\/progettotouring.it\/radiotouring104\/"},{"@type":"ListItem","position":2,"name":"Corecom Calabria: Scarpino scrive al Garante della Privacy"}]},{"@type":"WebSite","@id":"https:\/\/progettotouring.it\/radiotouring104\/#website","url":"https:\/\/progettotouring.it\/radiotouring104\/","name":"Radio Touring 104","description":"La prima radio Reggina","publisher":{"@id":"https:\/\/progettotouring.it\/radiotouring104\/#organization"},"potentialAction":[{"@type":"SearchAction","target":{"@type":"EntryPoint","urlTemplate":"https:\/\/progettotouring.it\/radiotouring104\/?s={search_term_string}"},"query-input":{"@type":"PropertyValueSpecification","valueRequired":true,"valueName":"search_term_string"}}],"inLanguage":"it-IT"},{"@type":"Organization","@id":"https:\/\/progettotouring.it\/radiotouring104\/#organization","name":"Radio Touring 104","url":"https:\/\/progettotouring.it\/radiotouring104\/","logo":{"@type":"ImageObject","inLanguage":"it-IT","@id":"https:\/\/progettotouring.it\/radiotouring104\/#\/schema\/logo\/image\/","url":"https:\/\/progettotouring.it\/radiotouring104\/wp-content\/uploads\/sites\/6\/2022\/02\/cropped-logo-radio-touring-104.png","contentUrl":"https:\/\/progettotouring.it\/radiotouring104\/wp-content\/uploads\/sites\/6\/2022\/02\/cropped-logo-radio-touring-104.png","width":377,"height":182,"caption":"Radio Touring 104"},"image":{"@id":"https:\/\/progettotouring.it\/radiotouring104\/#\/schema\/logo\/image\/"}},{"@type":"Person","@id":"https:\/\/progettotouring.it\/radiotouring104\/#\/schema\/person\/78613917f1851f041f7483f5af1d422e","name":"Sebastiano Plutino","image":{"@type":"ImageObject","inLanguage":"it-IT","@id":"https:\/\/secure.gravatar.com\/avatar\/0546ffaa9b79224faf9f2a156b67a529ae861d3287c66c1d8ccfdf909bcba78d?s=96&d=mm&r=g","url":"https:\/\/secure.gravatar.com\/avatar\/0546ffaa9b79224faf9f2a156b67a529ae861d3287c66c1d8ccfdf909bcba78d?s=96&d=mm&r=g","contentUrl":"https:\/\/secure.gravatar.com\/avatar\/0546ffaa9b79224faf9f2a156b67a529ae861d3287c66c1d8ccfdf909bcba78d?s=96&d=mm&r=g","caption":"Sebastiano Plutino"},"url":"https:\/\/progettotouring.it\/radiotouring104\/author\/sebastiano\/"}]}},"jetpack_publicize_connections":[],"jetpack_featured_media_url":"https:\/\/progettotouring.it\/radiotouring104\/wp-content\/uploads\/sites\/6\/2025\/01\/Presidente-Corecom-Scarpino.jpg","jetpack_sharing_enabled":true,"_links":{"self":[{"href":"https:\/\/progettotouring.it\/radiotouring104\/wp-json\/wp\/v2\/posts\/65250","targetHints":{"allow":["GET"]}}],"collection":[{"href":"https:\/\/progettotouring.it\/radiotouring104\/wp-json\/wp\/v2\/posts"}],"about":[{"href":"https:\/\/progettotouring.it\/radiotouring104\/wp-json\/wp\/v2\/types\/post"}],"author":[{"embeddable":true,"href":"https:\/\/progettotouring.it\/radiotouring104\/wp-json\/wp\/v2\/users\/12"}],"replies":[{"embeddable":true,"href":"https:\/\/progettotouring.it\/radiotouring104\/wp-json\/wp\/v2\/comments?post=65250"}],"version-history":[{"count":2,"href":"https:\/\/progettotouring.it\/radiotouring104\/wp-json\/wp\/v2\/posts\/65250\/revisions"}],"predecessor-version":[{"id":65309,"href":"https:\/\/progettotouring.it\/radiotouring104\/wp-json\/wp\/v2\/posts\/65250\/revisions\/65309"}],"wp:featuredmedia":[{"embeddable":true,"href":"https:\/\/progettotouring.it\/radiotouring104\/wp-json\/wp\/v2\/media\/64508"}],"wp:attachment":[{"href":"https:\/\/progettotouring.it\/radiotouring104\/wp-json\/wp\/v2\/media?parent=65250"}],"wp:term":[{"taxonomy":"category","embeddable":true,"href":"https:\/\/progettotouring.it\/radiotouring104\/wp-json\/wp\/v2\/categories?post=65250"},{"taxonomy":"post_tag","embeddable":true,"href":"https:\/\/progettotouring.it\/radiotouring104\/wp-json\/wp\/v2\/tags?post=65250"}],"curies":[{"name":"wp","href":"https:\/\/api.w.org\/{rel}","templated":true}]}}