{"id":65257,"date":"2025-01-21T12:37:18","date_gmt":"2025-01-21T11:37:18","guid":{"rendered":"https:\/\/progettotouring.it\/radiotouring104\/?p=65257"},"modified":"2025-01-21T12:37:18","modified_gmt":"2025-01-21T11:37:18","slug":"referendum-banco-di-prova-di-democrazia-ed-espressione-di-un-paese-che-vuole-realmente-invertire-la-rotta","status":"publish","type":"post","link":"https:\/\/progettotouring.it\/radiotouring104\/2025\/01\/21\/referendum-banco-di-prova-di-democrazia-ed-espressione-di-un-paese-che-vuole-realmente-invertire-la-rotta\/","title":{"rendered":"Referendum, banco di prova di democrazia ed espressione di un Paese che vuole realmente invertire la rotta"},"content":{"rendered":"<p class=\"xmprfx_MsoNormal\" style=\"text-align: justify\"><em><span style=\"font-size: large\">\u201cSi apre un\u2019importante stagione di lotta e di invito alla partecipazione, a partire dai referendum sul lavoro ai quali come Cgil teniamo in maniera particolare, quale banco di prova di democrazia e espressione di un Paese che vuole realmente invertire la rotta\u201d, c<\/span><\/em><span style=\"font-size: large\"><strong>os\u00ec la Cgil Calabria commenta il via libera della Corte Costituzionale ai referendum sul lavoro.<\/strong> <\/span><\/p>\n<p class=\"xmprfx_MsoNormal\" style=\"text-align: justify\"><em><span style=\"font-size: large\">\u201cLo scorso anno la campagna per la raccolta firme ci ha consegnato la fotografia di un territorio avido di risposte, indignato, ma non rassegnato. Il lavoro \u00e8 dignit\u00e0, il lavoro \u00e8 la colonna vertebrale di un paese. I quesiti che proponiamo, qualora approvati, incideranno su un apparato che sembra non averlo ancora recepito. Il lavoro deve essere tutelato perch\u00e9 \u00e8 un diritto costituzionale. Deve essere sicuro perch\u00e9 di lavoro si deve vivere e non morire. Deve essere dignitoso e perci\u00f2 ben retribuito. Deve essere stabile perch\u00e9 la precariet\u00e0 \u00e8 una perdita di libert\u00e0\u201d.<\/span><\/em><\/p>\n<p class=\"xmprfx_MsoNormal\" style=\"text-align: justify\"><span style=\"font-size: large\">Grande soddisfazione esprime il sindacato anche per l\u2019ammissione del referendum sulla cittadinanza<em>, \u201cuna battaglia di civilt\u00e0. Gli stranieri danno un grande contributo al Paese dal punto di vista culturale e del lavoro\u201d.<\/em><\/span><\/p>\n<p class=\"xmprfx_MsoNormal\" style=\"text-align: justify\"><span style=\"font-size: large\"><strong>Sul mancato accoglimento del referendum sull\u2019autonomia differenziata Cgil Calabria non vede sconfitta:<\/strong> <em>\u201cMetteremo in campo tutte le iniziative necessarie per chiedere al Parlamento l\u2019abrogazione\u201d.<\/em><\/span><\/p>\n<p class=\"xmprfx_MsoNormal\" style=\"text-align: justify\"><span style=\"font-size: large\">Intanto,<strong> il sindacato guidato da Gianfranco Trotta \u00e8 pronto ad una grande mobilitazione sulla sanit\u00e0<\/strong>: \u201cLo abbiamo ribadito durante i lavori del nostro ultimo Esecutivo \u2013 <strong>spiega il Segretario Generale &#8211;<\/strong>. <em>In Calabria quello alla salute non \u00e8 un diritto garantito, non a caso chi nasce nella nostra regione ha aspettative di vita inferiori rispetto a chi nasce altrove. In Calabria si muore perch\u00e9 l\u2019ambulanza non arriva o arriva senza medico, perch\u00e9 i tempi delle liste d\u2019attesa non permettono n\u00e9 la prevenzione n\u00e9 l\u2019urgenza\u201d.<\/em><\/span><\/p>\n<p class=\"xmprfx_MsoNormal\" style=\"text-align: justify\"><span style=\"font-size: large\"><em>\u201cScenderemo in campo, senza se e senza ma. Il tempo delle attese \u00e8 terminato, la situazione \u00e8 drammatica e noi non staremo a guardare. Pretendiamo \u2013<\/em><strong> afferma Trotta<\/strong> &#8211;<em> \u00a0strategie e misure adatte a sanare quei vuoti e quelle piaghe che stanno portando la Calabria alla desertificazione dei servizi e all\u2019abbandono da parte di migliaia di giovani ogni anno. E\u2019 ora di dire \u2018basta\u2019\u201d.<\/em><\/span><\/p>\n","protected":false},"excerpt":{"rendered":"<p>\u201cSi apre un\u2019importante stagione di lotta e di invito alla partecipazione, a partire dai referendum sul lavoro ai quali come Cgil teniamo in maniera particolare, quale banco di prova di&hellip;<\/p>\n","protected":false},"author":12,"featured_media":31560,"comment_status":"closed","ping_status":"open","sticky":false,"template":"","format":"standard","meta":{"_jetpack_memberships_contains_paid_content":false,"footnotes":"","jetpack_publicize_message":"","jetpack_publicize_feature_enabled":true,"jetpack_social_post_already_shared":true,"jetpack_social_options":{"image_generator_settings":{"template":"highway","default_image_id":0,"font":"","enabled":false},"version":2}},"categories":[142,921,196],"tags":[24962,5882,36932,39586],"class_list":["post-65257","post","type-post","status-publish","format-standard","has-post-thumbnail","hentry","category-calabria","category-home","category-news","tag-cigl-calabria","tag-corte-costituzionale","tag-gianfranco-trotta","tag-referendum-sul-lavoro"],"yoast_head":"<!-- This site is optimized with the Yoast SEO plugin v27.2 - https:\/\/yoast.com\/product\/yoast-seo-wordpress\/ -->\n<title>Referendum, banco di prova di democrazia ed espressione di un Paese che vuole realmente invertire la rotta - Radio Touring 104<\/title>\n<meta name=\"description\" content=\"La Cgil Calabria, sindacato guidato da Gianfranco Trotta, commenta il via libera della Corte Costituzionale ai referendum sul lavoro\" \/>\n<meta name=\"robots\" content=\"index, follow, max-snippet:-1, max-image-preview:large, max-video-preview:-1\" \/>\n<link rel=\"canonical\" href=\"https:\/\/progettotouring.it\/radiotouring104\/2025\/01\/21\/referendum-banco-di-prova-di-democrazia-ed-espressione-di-un-paese-che-vuole-realmente-invertire-la-rotta\/\" \/>\n<meta property=\"og:locale\" content=\"it_IT\" \/>\n<meta property=\"og:type\" content=\"article\" \/>\n<meta property=\"og:title\" content=\"Referendum, banco di prova di democrazia ed espressione di un Paese che vuole realmente invertire la rotta - Radio Touring 104\" \/>\n<meta property=\"og:description\" content=\"La Cgil Calabria, sindacato guidato da Gianfranco Trotta, commenta il via libera della Corte Costituzionale ai referendum sul lavoro\" \/>\n<meta property=\"og:url\" content=\"https:\/\/progettotouring.it\/radiotouring104\/2025\/01\/21\/referendum-banco-di-prova-di-democrazia-ed-espressione-di-un-paese-che-vuole-realmente-invertire-la-rotta\/\" \/>\n<meta property=\"og:site_name\" content=\"Radio Touring 104\" \/>\n<meta property=\"article:published_time\" content=\"2025-01-21T11:37:18+00:00\" \/>\n<meta property=\"og:image\" content=\"https:\/\/progettotouring.it\/radiotouring104\/wp-content\/uploads\/sites\/6\/2023\/08\/Flai-Cigl-Calabria.png\" \/>\n\t<meta property=\"og:image:width\" content=\"820\" \/>\n\t<meta property=\"og:image:height\" content=\"312\" \/>\n\t<meta property=\"og:image:type\" content=\"image\/png\" \/>\n<meta name=\"author\" content=\"Sebastiano Plutino\" \/>\n<meta name=\"twitter:card\" content=\"summary_large_image\" \/>\n<meta name=\"twitter:label1\" content=\"Scritto da\" \/>\n\t<meta name=\"twitter:data1\" content=\"Sebastiano Plutino\" \/>\n\t<meta name=\"twitter:label2\" content=\"Tempo di lettura stimato\" \/>\n\t<meta name=\"twitter:data2\" content=\"2 minuti\" \/>\n<script type=\"application\/ld+json\" class=\"yoast-schema-graph\">{\"@context\":\"https:\/\/schema.org\",\"@graph\":[{\"@type\":\"Article\",\"@id\":\"https:\/\/progettotouring.it\/radiotouring104\/2025\/01\/21\/referendum-banco-di-prova-di-democrazia-ed-espressione-di-un-paese-che-vuole-realmente-invertire-la-rotta\/#article\",\"isPartOf\":{\"@id\":\"https:\/\/progettotouring.it\/radiotouring104\/2025\/01\/21\/referendum-banco-di-prova-di-democrazia-ed-espressione-di-un-paese-che-vuole-realmente-invertire-la-rotta\/\"},\"author\":{\"name\":\"Sebastiano Plutino\",\"@id\":\"https:\/\/progettotouring.it\/radiotouring104\/#\/schema\/person\/78613917f1851f041f7483f5af1d422e\"},\"headline\":\"Referendum, banco di prova di democrazia ed espressione di un Paese che vuole realmente invertire la rotta\",\"datePublished\":\"2025-01-21T11:37:18+00:00\",\"mainEntityOfPage\":{\"@id\":\"https:\/\/progettotouring.it\/radiotouring104\/2025\/01\/21\/referendum-banco-di-prova-di-democrazia-ed-espressione-di-un-paese-che-vuole-realmente-invertire-la-rotta\/\"},\"wordCount\":370,\"publisher\":{\"@id\":\"https:\/\/progettotouring.it\/radiotouring104\/#organization\"},\"image\":{\"@id\":\"https:\/\/progettotouring.it\/radiotouring104\/2025\/01\/21\/referendum-banco-di-prova-di-democrazia-ed-espressione-di-un-paese-che-vuole-realmente-invertire-la-rotta\/#primaryimage\"},\"thumbnailUrl\":\"https:\/\/progettotouring.it\/radiotouring104\/wp-content\/uploads\/sites\/6\/2023\/08\/Flai-Cigl-Calabria.png\",\"keywords\":[\"Cigl Calabria\",\"Corte Costituzionale\",\"Gianfranco Trotta\",\"referendum sul lavoro\"],\"articleSection\":[\"Calabria\",\"Home\",\"News\"],\"inLanguage\":\"it-IT\"},{\"@type\":\"WebPage\",\"@id\":\"https:\/\/progettotouring.it\/radiotouring104\/2025\/01\/21\/referendum-banco-di-prova-di-democrazia-ed-espressione-di-un-paese-che-vuole-realmente-invertire-la-rotta\/\",\"url\":\"https:\/\/progettotouring.it\/radiotouring104\/2025\/01\/21\/referendum-banco-di-prova-di-democrazia-ed-espressione-di-un-paese-che-vuole-realmente-invertire-la-rotta\/\",\"name\":\"Referendum, banco di prova di democrazia ed espressione di un Paese che vuole realmente invertire la rotta - Radio Touring 104\",\"isPartOf\":{\"@id\":\"https:\/\/progettotouring.it\/radiotouring104\/#website\"},\"primaryImageOfPage\":{\"@id\":\"https:\/\/progettotouring.it\/radiotouring104\/2025\/01\/21\/referendum-banco-di-prova-di-democrazia-ed-espressione-di-un-paese-che-vuole-realmente-invertire-la-rotta\/#primaryimage\"},\"image\":{\"@id\":\"https:\/\/progettotouring.it\/radiotouring104\/2025\/01\/21\/referendum-banco-di-prova-di-democrazia-ed-espressione-di-un-paese-che-vuole-realmente-invertire-la-rotta\/#primaryimage\"},\"thumbnailUrl\":\"https:\/\/progettotouring.it\/radiotouring104\/wp-content\/uploads\/sites\/6\/2023\/08\/Flai-Cigl-Calabria.png\",\"datePublished\":\"2025-01-21T11:37:18+00:00\",\"description\":\"La Cgil Calabria, sindacato guidato da Gianfranco Trotta, commenta il via libera della Corte Costituzionale ai referendum sul lavoro\",\"breadcrumb\":{\"@id\":\"https:\/\/progettotouring.it\/radiotouring104\/2025\/01\/21\/referendum-banco-di-prova-di-democrazia-ed-espressione-di-un-paese-che-vuole-realmente-invertire-la-rotta\/#breadcrumb\"},\"inLanguage\":\"it-IT\",\"potentialAction\":[{\"@type\":\"ReadAction\",\"target\":[\"https:\/\/progettotouring.it\/radiotouring104\/2025\/01\/21\/referendum-banco-di-prova-di-democrazia-ed-espressione-di-un-paese-che-vuole-realmente-invertire-la-rotta\/\"]}]},{\"@type\":\"ImageObject\",\"inLanguage\":\"it-IT\",\"@id\":\"https:\/\/progettotouring.it\/radiotouring104\/2025\/01\/21\/referendum-banco-di-prova-di-democrazia-ed-espressione-di-un-paese-che-vuole-realmente-invertire-la-rotta\/#primaryimage\",\"url\":\"https:\/\/progettotouring.it\/radiotouring104\/wp-content\/uploads\/sites\/6\/2023\/08\/Flai-Cigl-Calabria.png\",\"contentUrl\":\"https:\/\/progettotouring.it\/radiotouring104\/wp-content\/uploads\/sites\/6\/2023\/08\/Flai-Cigl-Calabria.png\",\"width\":820,\"height\":312},{\"@type\":\"BreadcrumbList\",\"@id\":\"https:\/\/progettotouring.it\/radiotouring104\/2025\/01\/21\/referendum-banco-di-prova-di-democrazia-ed-espressione-di-un-paese-che-vuole-realmente-invertire-la-rotta\/#breadcrumb\",\"itemListElement\":[{\"@type\":\"ListItem\",\"position\":1,\"name\":\"Home\",\"item\":\"https:\/\/progettotouring.it\/radiotouring104\/\"},{\"@type\":\"ListItem\",\"position\":2,\"name\":\"Referendum, banco di prova di democrazia ed espressione di un Paese che vuole realmente invertire la rotta\"}]},{\"@type\":\"WebSite\",\"@id\":\"https:\/\/progettotouring.it\/radiotouring104\/#website\",\"url\":\"https:\/\/progettotouring.it\/radiotouring104\/\",\"name\":\"Radio Touring 104\",\"description\":\"La prima radio Reggina\",\"publisher\":{\"@id\":\"https:\/\/progettotouring.it\/radiotouring104\/#organization\"},\"potentialAction\":[{\"@type\":\"SearchAction\",\"target\":{\"@type\":\"EntryPoint\",\"urlTemplate\":\"https:\/\/progettotouring.it\/radiotouring104\/?s={search_term_string}\"},\"query-input\":{\"@type\":\"PropertyValueSpecification\",\"valueRequired\":true,\"valueName\":\"search_term_string\"}}],\"inLanguage\":\"it-IT\"},{\"@type\":\"Organization\",\"@id\":\"https:\/\/progettotouring.it\/radiotouring104\/#organization\",\"name\":\"Radio Touring 104\",\"url\":\"https:\/\/progettotouring.it\/radiotouring104\/\",\"logo\":{\"@type\":\"ImageObject\",\"inLanguage\":\"it-IT\",\"@id\":\"https:\/\/progettotouring.it\/radiotouring104\/#\/schema\/logo\/image\/\",\"url\":\"https:\/\/progettotouring.it\/radiotouring104\/wp-content\/uploads\/sites\/6\/2022\/02\/cropped-logo-radio-touring-104.png\",\"contentUrl\":\"https:\/\/progettotouring.it\/radiotouring104\/wp-content\/uploads\/sites\/6\/2022\/02\/cropped-logo-radio-touring-104.png\",\"width\":377,\"height\":182,\"caption\":\"Radio Touring 104\"},\"image\":{\"@id\":\"https:\/\/progettotouring.it\/radiotouring104\/#\/schema\/logo\/image\/\"}},{\"@type\":\"Person\",\"@id\":\"https:\/\/progettotouring.it\/radiotouring104\/#\/schema\/person\/78613917f1851f041f7483f5af1d422e\",\"name\":\"Sebastiano Plutino\",\"image\":{\"@type\":\"ImageObject\",\"inLanguage\":\"it-IT\",\"@id\":\"https:\/\/secure.gravatar.com\/avatar\/0546ffaa9b79224faf9f2a156b67a529ae861d3287c66c1d8ccfdf909bcba78d?s=96&d=mm&r=g\",\"url\":\"https:\/\/secure.gravatar.com\/avatar\/0546ffaa9b79224faf9f2a156b67a529ae861d3287c66c1d8ccfdf909bcba78d?s=96&d=mm&r=g\",\"contentUrl\":\"https:\/\/secure.gravatar.com\/avatar\/0546ffaa9b79224faf9f2a156b67a529ae861d3287c66c1d8ccfdf909bcba78d?s=96&d=mm&r=g\",\"caption\":\"Sebastiano Plutino\"},\"url\":\"https:\/\/progettotouring.it\/radiotouring104\/author\/sebastiano\/\"}]}<\/script>\n<!-- \/ Yoast SEO plugin. -->","yoast_head_json":{"title":"Referendum, banco di prova di democrazia ed espressione di un Paese che vuole realmente invertire la rotta - Radio Touring 104","description":"La Cgil Calabria, sindacato guidato da Gianfranco Trotta, commenta il via libera della Corte Costituzionale ai referendum sul lavoro","robots":{"index":"index","follow":"follow","max-snippet":"max-snippet:-1","max-image-preview":"max-image-preview:large","max-video-preview":"max-video-preview:-1"},"canonical":"https:\/\/progettotouring.it\/radiotouring104\/2025\/01\/21\/referendum-banco-di-prova-di-democrazia-ed-espressione-di-un-paese-che-vuole-realmente-invertire-la-rotta\/","og_locale":"it_IT","og_type":"article","og_title":"Referendum, banco di prova di democrazia ed espressione di un Paese che vuole realmente invertire la rotta - Radio Touring 104","og_description":"La Cgil Calabria, sindacato guidato da Gianfranco Trotta, commenta il via libera della Corte Costituzionale ai referendum sul lavoro","og_url":"https:\/\/progettotouring.it\/radiotouring104\/2025\/01\/21\/referendum-banco-di-prova-di-democrazia-ed-espressione-di-un-paese-che-vuole-realmente-invertire-la-rotta\/","og_site_name":"Radio Touring 104","article_published_time":"2025-01-21T11:37:18+00:00","og_image":[{"width":820,"height":312,"url":"https:\/\/progettotouring.it\/radiotouring104\/wp-content\/uploads\/sites\/6\/2023\/08\/Flai-Cigl-Calabria.png","type":"image\/png"}],"author":"Sebastiano Plutino","twitter_card":"summary_large_image","twitter_misc":{"Scritto da":"Sebastiano Plutino","Tempo di lettura stimato":"2 minuti"},"schema":{"@context":"https:\/\/schema.org","@graph":[{"@type":"Article","@id":"https:\/\/progettotouring.it\/radiotouring104\/2025\/01\/21\/referendum-banco-di-prova-di-democrazia-ed-espressione-di-un-paese-che-vuole-realmente-invertire-la-rotta\/#article","isPartOf":{"@id":"https:\/\/progettotouring.it\/radiotouring104\/2025\/01\/21\/referendum-banco-di-prova-di-democrazia-ed-espressione-di-un-paese-che-vuole-realmente-invertire-la-rotta\/"},"author":{"name":"Sebastiano Plutino","@id":"https:\/\/progettotouring.it\/radiotouring104\/#\/schema\/person\/78613917f1851f041f7483f5af1d422e"},"headline":"Referendum, banco di prova di democrazia ed espressione di un Paese che vuole realmente invertire la rotta","datePublished":"2025-01-21T11:37:18+00:00","mainEntityOfPage":{"@id":"https:\/\/progettotouring.it\/radiotouring104\/2025\/01\/21\/referendum-banco-di-prova-di-democrazia-ed-espressione-di-un-paese-che-vuole-realmente-invertire-la-rotta\/"},"wordCount":370,"publisher":{"@id":"https:\/\/progettotouring.it\/radiotouring104\/#organization"},"image":{"@id":"https:\/\/progettotouring.it\/radiotouring104\/2025\/01\/21\/referendum-banco-di-prova-di-democrazia-ed-espressione-di-un-paese-che-vuole-realmente-invertire-la-rotta\/#primaryimage"},"thumbnailUrl":"https:\/\/progettotouring.it\/radiotouring104\/wp-content\/uploads\/sites\/6\/2023\/08\/Flai-Cigl-Calabria.png","keywords":["Cigl Calabria","Corte Costituzionale","Gianfranco Trotta","referendum sul lavoro"],"articleSection":["Calabria","Home","News"],"inLanguage":"it-IT"},{"@type":"WebPage","@id":"https:\/\/progettotouring.it\/radiotouring104\/2025\/01\/21\/referendum-banco-di-prova-di-democrazia-ed-espressione-di-un-paese-che-vuole-realmente-invertire-la-rotta\/","url":"https:\/\/progettotouring.it\/radiotouring104\/2025\/01\/21\/referendum-banco-di-prova-di-democrazia-ed-espressione-di-un-paese-che-vuole-realmente-invertire-la-rotta\/","name":"Referendum, banco di prova di democrazia ed espressione di un Paese che vuole realmente invertire la rotta - Radio Touring 104","isPartOf":{"@id":"https:\/\/progettotouring.it\/radiotouring104\/#website"},"primaryImageOfPage":{"@id":"https:\/\/progettotouring.it\/radiotouring104\/2025\/01\/21\/referendum-banco-di-prova-di-democrazia-ed-espressione-di-un-paese-che-vuole-realmente-invertire-la-rotta\/#primaryimage"},"image":{"@id":"https:\/\/progettotouring.it\/radiotouring104\/2025\/01\/21\/referendum-banco-di-prova-di-democrazia-ed-espressione-di-un-paese-che-vuole-realmente-invertire-la-rotta\/#primaryimage"},"thumbnailUrl":"https:\/\/progettotouring.it\/radiotouring104\/wp-content\/uploads\/sites\/6\/2023\/08\/Flai-Cigl-Calabria.png","datePublished":"2025-01-21T11:37:18+00:00","description":"La Cgil Calabria, sindacato guidato da Gianfranco Trotta, commenta il via libera della Corte Costituzionale ai referendum sul lavoro","breadcrumb":{"@id":"https:\/\/progettotouring.it\/radiotouring104\/2025\/01\/21\/referendum-banco-di-prova-di-democrazia-ed-espressione-di-un-paese-che-vuole-realmente-invertire-la-rotta\/#breadcrumb"},"inLanguage":"it-IT","potentialAction":[{"@type":"ReadAction","target":["https:\/\/progettotouring.it\/radiotouring104\/2025\/01\/21\/referendum-banco-di-prova-di-democrazia-ed-espressione-di-un-paese-che-vuole-realmente-invertire-la-rotta\/"]}]},{"@type":"ImageObject","inLanguage":"it-IT","@id":"https:\/\/progettotouring.it\/radiotouring104\/2025\/01\/21\/referendum-banco-di-prova-di-democrazia-ed-espressione-di-un-paese-che-vuole-realmente-invertire-la-rotta\/#primaryimage","url":"https:\/\/progettotouring.it\/radiotouring104\/wp-content\/uploads\/sites\/6\/2023\/08\/Flai-Cigl-Calabria.png","contentUrl":"https:\/\/progettotouring.it\/radiotouring104\/wp-content\/uploads\/sites\/6\/2023\/08\/Flai-Cigl-Calabria.png","width":820,"height":312},{"@type":"BreadcrumbList","@id":"https:\/\/progettotouring.it\/radiotouring104\/2025\/01\/21\/referendum-banco-di-prova-di-democrazia-ed-espressione-di-un-paese-che-vuole-realmente-invertire-la-rotta\/#breadcrumb","itemListElement":[{"@type":"ListItem","position":1,"name":"Home","item":"https:\/\/progettotouring.it\/radiotouring104\/"},{"@type":"ListItem","position":2,"name":"Referendum, banco di prova di democrazia ed espressione di un Paese che vuole realmente invertire la rotta"}]},{"@type":"WebSite","@id":"https:\/\/progettotouring.it\/radiotouring104\/#website","url":"https:\/\/progettotouring.it\/radiotouring104\/","name":"Radio Touring 104","description":"La prima radio Reggina","publisher":{"@id":"https:\/\/progettotouring.it\/radiotouring104\/#organization"},"potentialAction":[{"@type":"SearchAction","target":{"@type":"EntryPoint","urlTemplate":"https:\/\/progettotouring.it\/radiotouring104\/?s={search_term_string}"},"query-input":{"@type":"PropertyValueSpecification","valueRequired":true,"valueName":"search_term_string"}}],"inLanguage":"it-IT"},{"@type":"Organization","@id":"https:\/\/progettotouring.it\/radiotouring104\/#organization","name":"Radio Touring 104","url":"https:\/\/progettotouring.it\/radiotouring104\/","logo":{"@type":"ImageObject","inLanguage":"it-IT","@id":"https:\/\/progettotouring.it\/radiotouring104\/#\/schema\/logo\/image\/","url":"https:\/\/progettotouring.it\/radiotouring104\/wp-content\/uploads\/sites\/6\/2022\/02\/cropped-logo-radio-touring-104.png","contentUrl":"https:\/\/progettotouring.it\/radiotouring104\/wp-content\/uploads\/sites\/6\/2022\/02\/cropped-logo-radio-touring-104.png","width":377,"height":182,"caption":"Radio Touring 104"},"image":{"@id":"https:\/\/progettotouring.it\/radiotouring104\/#\/schema\/logo\/image\/"}},{"@type":"Person","@id":"https:\/\/progettotouring.it\/radiotouring104\/#\/schema\/person\/78613917f1851f041f7483f5af1d422e","name":"Sebastiano Plutino","image":{"@type":"ImageObject","inLanguage":"it-IT","@id":"https:\/\/secure.gravatar.com\/avatar\/0546ffaa9b79224faf9f2a156b67a529ae861d3287c66c1d8ccfdf909bcba78d?s=96&d=mm&r=g","url":"https:\/\/secure.gravatar.com\/avatar\/0546ffaa9b79224faf9f2a156b67a529ae861d3287c66c1d8ccfdf909bcba78d?s=96&d=mm&r=g","contentUrl":"https:\/\/secure.gravatar.com\/avatar\/0546ffaa9b79224faf9f2a156b67a529ae861d3287c66c1d8ccfdf909bcba78d?s=96&d=mm&r=g","caption":"Sebastiano Plutino"},"url":"https:\/\/progettotouring.it\/radiotouring104\/author\/sebastiano\/"}]}},"jetpack_publicize_connections":[],"jetpack_featured_media_url":"https:\/\/progettotouring.it\/radiotouring104\/wp-content\/uploads\/sites\/6\/2023\/08\/Flai-Cigl-Calabria.png","jetpack_sharing_enabled":true,"_links":{"self":[{"href":"https:\/\/progettotouring.it\/radiotouring104\/wp-json\/wp\/v2\/posts\/65257","targetHints":{"allow":["GET"]}}],"collection":[{"href":"https:\/\/progettotouring.it\/radiotouring104\/wp-json\/wp\/v2\/posts"}],"about":[{"href":"https:\/\/progettotouring.it\/radiotouring104\/wp-json\/wp\/v2\/types\/post"}],"author":[{"embeddable":true,"href":"https:\/\/progettotouring.it\/radiotouring104\/wp-json\/wp\/v2\/users\/12"}],"replies":[{"embeddable":true,"href":"https:\/\/progettotouring.it\/radiotouring104\/wp-json\/wp\/v2\/comments?post=65257"}],"version-history":[{"count":1,"href":"https:\/\/progettotouring.it\/radiotouring104\/wp-json\/wp\/v2\/posts\/65257\/revisions"}],"predecessor-version":[{"id":65258,"href":"https:\/\/progettotouring.it\/radiotouring104\/wp-json\/wp\/v2\/posts\/65257\/revisions\/65258"}],"wp:featuredmedia":[{"embeddable":true,"href":"https:\/\/progettotouring.it\/radiotouring104\/wp-json\/wp\/v2\/media\/31560"}],"wp:attachment":[{"href":"https:\/\/progettotouring.it\/radiotouring104\/wp-json\/wp\/v2\/media?parent=65257"}],"wp:term":[{"taxonomy":"category","embeddable":true,"href":"https:\/\/progettotouring.it\/radiotouring104\/wp-json\/wp\/v2\/categories?post=65257"},{"taxonomy":"post_tag","embeddable":true,"href":"https:\/\/progettotouring.it\/radiotouring104\/wp-json\/wp\/v2\/tags?post=65257"}],"curies":[{"name":"wp","href":"https:\/\/api.w.org\/{rel}","templated":true}]}}