{"id":65259,"date":"2025-01-21T12:45:15","date_gmt":"2025-01-21T11:45:15","guid":{"rendered":"https:\/\/progettotouring.it\/radiotouring104\/?p=65259"},"modified":"2025-01-21T12:48:06","modified_gmt":"2025-01-21T11:48:06","slug":"reggio-1-riunione-del-coordinamento-cittadino-di-forza-italia","status":"publish","type":"post","link":"https:\/\/progettotouring.it\/radiotouring104\/2025\/01\/21\/reggio-1-riunione-del-coordinamento-cittadino-di-forza-italia\/","title":{"rendered":"Reggio: svolta prima riunione del Coordinamento cittadino di Forza Italia"},"content":{"rendered":"<p style=\"text-align: justify\">Si \u00e8 <strong>riunito ieri,<\/strong> presso la sede del coordinamento regionale del partito, <strong>il coordinamento di Forza Italia Grande Citt\u00e0 di Reggio<\/strong> Calabria, presieduto dal segretario cittadino e consigliere comunale Antonino Maiolino.<\/p>\n<p style=\"text-align: justify\"><strong>L\u2019incontro ha visto la partecipazione dei vertici del partito,<\/strong> tra cui il coordinatore regionale <strong>On. Francesco Cannizzaro, l\u2019On. Giovanni Arruzzolo,<\/strong> il capogruppo in consiglio comunale <strong>Federico Milia,<\/strong> il consigliere comunale Roberto Vizzari e il <strong>vice coordinatore vicario Polo Dattola.<\/strong><\/p>\n<p style=\"text-align: justify\"><strong>In apertura,<\/strong> il segretario cittadino Maiolino, esprimendo gratitudine ai partecipanti per il loro impegno, <strong>ha illustrato dapprima le linee guida<\/strong> e il metodo di lavoro che orienteranno le attivit\u00e0 del coordinamento sul territorio, <strong>delineando poi le priorit\u00e0 per i responsabili dei vari dipartimenti.<\/strong><\/p>\n<p style=\"text-align: justify\">Ampio spazio al dibattito, durante il quale si \u00e8 approfondita la reciproca conoscenza delle diverse professionalit\u00e0 e definito il modello operativo che caratterizzer\u00e0 i prossimi mesi di attivit\u00e0 politica.<\/p>\n<p style=\"text-align: justify\"><em>\u201cForza Italia sar\u00e0 protagonista di un centrodestra forte e coeso, grazie a<\/em><em>ll\u2019impulso di un <\/em><em>governo, regionale e nazionale, che guarda al cambiamento<\/em> \u2013<strong> ha dichiarato il Segretario Maiolino-<\/strong>.<em> Il nostro obiettivo \u00e8 mettere al centro del dibattito politico il territorio<\/em><em>,<\/em><em> ascoltando le esigenze de<\/em><em>i cittadini <\/em><em>e proponendo soluzioni concrete. Ci impegneremo a valutare e, se necessario, sostenere progetti e iniziative che possano rappresentare un valore aggiunto per la citt\u00e0 e la <\/em><em>r<\/em><em>egione\u201d.<\/em><\/p>\n<p style=\"text-align: justify\"><strong>Il Coordinamento ha sottolineato l\u2019importanza di tornare a riunirsi a breve<\/strong> per lanciare un pacchetto di iniziative che saranno al centro dell\u2019azione di Forza Italia nei mesi a venire.<\/p>\n<p>&nbsp;<\/p>\n","protected":false},"excerpt":{"rendered":"<p>Si \u00e8 riunito ieri, presso la sede del coordinamento regionale del partito, il coordinamento di Forza Italia Grande Citt\u00e0 di Reggio Calabria, presieduto dal segretario cittadino e consigliere comunale Antonino&hellip;<\/p>\n","protected":false},"author":12,"featured_media":65262,"comment_status":"closed","ping_status":"open","sticky":false,"template":"","format":"standard","meta":{"_jetpack_memberships_contains_paid_content":false,"footnotes":"","jetpack_publicize_message":"","jetpack_publicize_feature_enabled":true,"jetpack_social_post_already_shared":true,"jetpack_social_options":{"image_generator_settings":{"template":"highway","default_image_id":0,"font":"","enabled":false},"version":2}},"categories":[921,196,140],"tags":[26527,39589,3231,8702,39587,17040,39588],"class_list":["post-65259","post","type-post","status-publish","format-standard","has-post-thumbnail","hentry","category-home","category-news","category-reggio-calabria","tag-cannizzaro-francesco","tag-coordinamento-cittadino","tag-federico-milia","tag-forza-italia-reggio-calabria","tag-maiolino","tag-on-giovanni-arruzzolo","tag-prima-riunione"],"yoast_head":"<!-- This site is optimized with the Yoast SEO plugin v27.2 - https:\/\/yoast.com\/product\/yoast-seo-wordpress\/ -->\n<title>Reggio: 1\u00b0 riunione del Coordinamento cittadino di Forza Italia<\/title>\n<meta name=\"description\" content=\"&quot;Lavoriamo insieme per rispondere alle esigenze del territorio\u201d, ha dichiarato il consigliere comunale Antonino Maiolino\" \/>\n<meta name=\"robots\" content=\"index, follow, max-snippet:-1, max-image-preview:large, max-video-preview:-1\" \/>\n<link rel=\"canonical\" href=\"https:\/\/progettotouring.it\/radiotouring104\/2025\/01\/21\/reggio-1-riunione-del-coordinamento-cittadino-di-forza-italia\/\" \/>\n<meta property=\"og:locale\" content=\"it_IT\" \/>\n<meta property=\"og:type\" content=\"article\" \/>\n<meta property=\"og:title\" content=\"Reggio: 1\u00b0 riunione del Coordinamento cittadino di Forza Italia\" \/>\n<meta property=\"og:description\" content=\"&quot;Lavoriamo insieme per rispondere alle esigenze del territorio\u201d, ha dichiarato il consigliere comunale Antonino Maiolino\" \/>\n<meta property=\"og:url\" content=\"https:\/\/progettotouring.it\/radiotouring104\/2025\/01\/21\/reggio-1-riunione-del-coordinamento-cittadino-di-forza-italia\/\" \/>\n<meta property=\"og:site_name\" content=\"Radio Touring 104\" \/>\n<meta property=\"article:published_time\" content=\"2025-01-21T11:45:15+00:00\" \/>\n<meta property=\"article:modified_time\" content=\"2025-01-21T11:48:06+00:00\" \/>\n<meta property=\"og:image\" content=\"https:\/\/progettotouring.it\/radiotouring104\/wp-content\/uploads\/sites\/6\/2025\/01\/primo-Coordinamento-cittadino-forza-italia-reggio-calabria.jpeg\" \/>\n\t<meta property=\"og:image:width\" content=\"1509\" \/>\n\t<meta property=\"og:image:height\" content=\"1168\" \/>\n\t<meta property=\"og:image:type\" content=\"image\/jpeg\" \/>\n<meta name=\"author\" content=\"Sebastiano Plutino\" \/>\n<meta name=\"twitter:card\" content=\"summary_large_image\" \/>\n<meta name=\"twitter:label1\" content=\"Scritto da\" \/>\n\t<meta name=\"twitter:data1\" content=\"Sebastiano Plutino\" \/>\n\t<meta name=\"twitter:label2\" content=\"Tempo di lettura stimato\" \/>\n\t<meta name=\"twitter:data2\" content=\"1 minuto\" \/>\n<script type=\"application\/ld+json\" class=\"yoast-schema-graph\">{\"@context\":\"https:\/\/schema.org\",\"@graph\":[{\"@type\":\"Article\",\"@id\":\"https:\/\/progettotouring.it\/radiotouring104\/2025\/01\/21\/reggio-1-riunione-del-coordinamento-cittadino-di-forza-italia\/#article\",\"isPartOf\":{\"@id\":\"https:\/\/progettotouring.it\/radiotouring104\/2025\/01\/21\/reggio-1-riunione-del-coordinamento-cittadino-di-forza-italia\/\"},\"author\":{\"name\":\"Sebastiano Plutino\",\"@id\":\"https:\/\/progettotouring.it\/radiotouring104\/#\/schema\/person\/78613917f1851f041f7483f5af1d422e\"},\"headline\":\"Reggio: svolta prima riunione del Coordinamento cittadino di Forza Italia\",\"datePublished\":\"2025-01-21T11:45:15+00:00\",\"dateModified\":\"2025-01-21T11:48:06+00:00\",\"mainEntityOfPage\":{\"@id\":\"https:\/\/progettotouring.it\/radiotouring104\/2025\/01\/21\/reggio-1-riunione-del-coordinamento-cittadino-di-forza-italia\/\"},\"wordCount\":258,\"publisher\":{\"@id\":\"https:\/\/progettotouring.it\/radiotouring104\/#organization\"},\"image\":{\"@id\":\"https:\/\/progettotouring.it\/radiotouring104\/2025\/01\/21\/reggio-1-riunione-del-coordinamento-cittadino-di-forza-italia\/#primaryimage\"},\"thumbnailUrl\":\"https:\/\/progettotouring.it\/radiotouring104\/wp-content\/uploads\/sites\/6\/2025\/01\/primo-Coordinamento-cittadino-forza-italia-reggio-calabria.jpeg\",\"keywords\":[\"cannizzaro francesco\",\"coordinamento cittadino\",\"Federico Milia\",\"Forza Italia Reggio Calabria\",\"Maiolino\",\"on. Giovanni Arruzzolo\",\"prima riunione\"],\"articleSection\":[\"Home\",\"News\",\"Reggio Calabria\"],\"inLanguage\":\"it-IT\"},{\"@type\":\"WebPage\",\"@id\":\"https:\/\/progettotouring.it\/radiotouring104\/2025\/01\/21\/reggio-1-riunione-del-coordinamento-cittadino-di-forza-italia\/\",\"url\":\"https:\/\/progettotouring.it\/radiotouring104\/2025\/01\/21\/reggio-1-riunione-del-coordinamento-cittadino-di-forza-italia\/\",\"name\":\"Reggio: 1\u00b0 riunione del Coordinamento cittadino di Forza Italia\",\"isPartOf\":{\"@id\":\"https:\/\/progettotouring.it\/radiotouring104\/#website\"},\"primaryImageOfPage\":{\"@id\":\"https:\/\/progettotouring.it\/radiotouring104\/2025\/01\/21\/reggio-1-riunione-del-coordinamento-cittadino-di-forza-italia\/#primaryimage\"},\"image\":{\"@id\":\"https:\/\/progettotouring.it\/radiotouring104\/2025\/01\/21\/reggio-1-riunione-del-coordinamento-cittadino-di-forza-italia\/#primaryimage\"},\"thumbnailUrl\":\"https:\/\/progettotouring.it\/radiotouring104\/wp-content\/uploads\/sites\/6\/2025\/01\/primo-Coordinamento-cittadino-forza-italia-reggio-calabria.jpeg\",\"datePublished\":\"2025-01-21T11:45:15+00:00\",\"dateModified\":\"2025-01-21T11:48:06+00:00\",\"description\":\"\\\"Lavoriamo insieme per rispondere alle esigenze del territorio\u201d, ha dichiarato il consigliere comunale Antonino Maiolino\",\"breadcrumb\":{\"@id\":\"https:\/\/progettotouring.it\/radiotouring104\/2025\/01\/21\/reggio-1-riunione-del-coordinamento-cittadino-di-forza-italia\/#breadcrumb\"},\"inLanguage\":\"it-IT\",\"potentialAction\":[{\"@type\":\"ReadAction\",\"target\":[\"https:\/\/progettotouring.it\/radiotouring104\/2025\/01\/21\/reggio-1-riunione-del-coordinamento-cittadino-di-forza-italia\/\"]}]},{\"@type\":\"ImageObject\",\"inLanguage\":\"it-IT\",\"@id\":\"https:\/\/progettotouring.it\/radiotouring104\/2025\/01\/21\/reggio-1-riunione-del-coordinamento-cittadino-di-forza-italia\/#primaryimage\",\"url\":\"https:\/\/progettotouring.it\/radiotouring104\/wp-content\/uploads\/sites\/6\/2025\/01\/primo-Coordinamento-cittadino-forza-italia-reggio-calabria.jpeg\",\"contentUrl\":\"https:\/\/progettotouring.it\/radiotouring104\/wp-content\/uploads\/sites\/6\/2025\/01\/primo-Coordinamento-cittadino-forza-italia-reggio-calabria.jpeg\",\"width\":1509,\"height\":1168},{\"@type\":\"BreadcrumbList\",\"@id\":\"https:\/\/progettotouring.it\/radiotouring104\/2025\/01\/21\/reggio-1-riunione-del-coordinamento-cittadino-di-forza-italia\/#breadcrumb\",\"itemListElement\":[{\"@type\":\"ListItem\",\"position\":1,\"name\":\"Home\",\"item\":\"https:\/\/progettotouring.it\/radiotouring104\/\"},{\"@type\":\"ListItem\",\"position\":2,\"name\":\"Reggio: svolta prima riunione del Coordinamento cittadino di Forza Italia\"}]},{\"@type\":\"WebSite\",\"@id\":\"https:\/\/progettotouring.it\/radiotouring104\/#website\",\"url\":\"https:\/\/progettotouring.it\/radiotouring104\/\",\"name\":\"Radio Touring 104\",\"description\":\"La prima radio Reggina\",\"publisher\":{\"@id\":\"https:\/\/progettotouring.it\/radiotouring104\/#organization\"},\"potentialAction\":[{\"@type\":\"SearchAction\",\"target\":{\"@type\":\"EntryPoint\",\"urlTemplate\":\"https:\/\/progettotouring.it\/radiotouring104\/?s={search_term_string}\"},\"query-input\":{\"@type\":\"PropertyValueSpecification\",\"valueRequired\":true,\"valueName\":\"search_term_string\"}}],\"inLanguage\":\"it-IT\"},{\"@type\":\"Organization\",\"@id\":\"https:\/\/progettotouring.it\/radiotouring104\/#organization\",\"name\":\"Radio Touring 104\",\"url\":\"https:\/\/progettotouring.it\/radiotouring104\/\",\"logo\":{\"@type\":\"ImageObject\",\"inLanguage\":\"it-IT\",\"@id\":\"https:\/\/progettotouring.it\/radiotouring104\/#\/schema\/logo\/image\/\",\"url\":\"https:\/\/progettotouring.it\/radiotouring104\/wp-content\/uploads\/sites\/6\/2022\/02\/cropped-logo-radio-touring-104.png\",\"contentUrl\":\"https:\/\/progettotouring.it\/radiotouring104\/wp-content\/uploads\/sites\/6\/2022\/02\/cropped-logo-radio-touring-104.png\",\"width\":377,\"height\":182,\"caption\":\"Radio Touring 104\"},\"image\":{\"@id\":\"https:\/\/progettotouring.it\/radiotouring104\/#\/schema\/logo\/image\/\"}},{\"@type\":\"Person\",\"@id\":\"https:\/\/progettotouring.it\/radiotouring104\/#\/schema\/person\/78613917f1851f041f7483f5af1d422e\",\"name\":\"Sebastiano Plutino\",\"image\":{\"@type\":\"ImageObject\",\"inLanguage\":\"it-IT\",\"@id\":\"https:\/\/secure.gravatar.com\/avatar\/0546ffaa9b79224faf9f2a156b67a529ae861d3287c66c1d8ccfdf909bcba78d?s=96&d=mm&r=g\",\"url\":\"https:\/\/secure.gravatar.com\/avatar\/0546ffaa9b79224faf9f2a156b67a529ae861d3287c66c1d8ccfdf909bcba78d?s=96&d=mm&r=g\",\"contentUrl\":\"https:\/\/secure.gravatar.com\/avatar\/0546ffaa9b79224faf9f2a156b67a529ae861d3287c66c1d8ccfdf909bcba78d?s=96&d=mm&r=g\",\"caption\":\"Sebastiano Plutino\"},\"url\":\"https:\/\/progettotouring.it\/radiotouring104\/author\/sebastiano\/\"}]}<\/script>\n<!-- \/ Yoast SEO plugin. -->","yoast_head_json":{"title":"Reggio: 1\u00b0 riunione del Coordinamento cittadino di Forza Italia","description":"\"Lavoriamo insieme per rispondere alle esigenze del territorio\u201d, ha dichiarato il consigliere comunale Antonino Maiolino","robots":{"index":"index","follow":"follow","max-snippet":"max-snippet:-1","max-image-preview":"max-image-preview:large","max-video-preview":"max-video-preview:-1"},"canonical":"https:\/\/progettotouring.it\/radiotouring104\/2025\/01\/21\/reggio-1-riunione-del-coordinamento-cittadino-di-forza-italia\/","og_locale":"it_IT","og_type":"article","og_title":"Reggio: 1\u00b0 riunione del Coordinamento cittadino di Forza Italia","og_description":"\"Lavoriamo insieme per rispondere alle esigenze del territorio\u201d, ha dichiarato il consigliere comunale Antonino Maiolino","og_url":"https:\/\/progettotouring.it\/radiotouring104\/2025\/01\/21\/reggio-1-riunione-del-coordinamento-cittadino-di-forza-italia\/","og_site_name":"Radio Touring 104","article_published_time":"2025-01-21T11:45:15+00:00","article_modified_time":"2025-01-21T11:48:06+00:00","og_image":[{"width":1509,"height":1168,"url":"https:\/\/progettotouring.it\/radiotouring104\/wp-content\/uploads\/sites\/6\/2025\/01\/primo-Coordinamento-cittadino-forza-italia-reggio-calabria.jpeg","type":"image\/jpeg"}],"author":"Sebastiano Plutino","twitter_card":"summary_large_image","twitter_misc":{"Scritto da":"Sebastiano Plutino","Tempo di lettura stimato":"1 minuto"},"schema":{"@context":"https:\/\/schema.org","@graph":[{"@type":"Article","@id":"https:\/\/progettotouring.it\/radiotouring104\/2025\/01\/21\/reggio-1-riunione-del-coordinamento-cittadino-di-forza-italia\/#article","isPartOf":{"@id":"https:\/\/progettotouring.it\/radiotouring104\/2025\/01\/21\/reggio-1-riunione-del-coordinamento-cittadino-di-forza-italia\/"},"author":{"name":"Sebastiano Plutino","@id":"https:\/\/progettotouring.it\/radiotouring104\/#\/schema\/person\/78613917f1851f041f7483f5af1d422e"},"headline":"Reggio: svolta prima riunione del Coordinamento cittadino di Forza Italia","datePublished":"2025-01-21T11:45:15+00:00","dateModified":"2025-01-21T11:48:06+00:00","mainEntityOfPage":{"@id":"https:\/\/progettotouring.it\/radiotouring104\/2025\/01\/21\/reggio-1-riunione-del-coordinamento-cittadino-di-forza-italia\/"},"wordCount":258,"publisher":{"@id":"https:\/\/progettotouring.it\/radiotouring104\/#organization"},"image":{"@id":"https:\/\/progettotouring.it\/radiotouring104\/2025\/01\/21\/reggio-1-riunione-del-coordinamento-cittadino-di-forza-italia\/#primaryimage"},"thumbnailUrl":"https:\/\/progettotouring.it\/radiotouring104\/wp-content\/uploads\/sites\/6\/2025\/01\/primo-Coordinamento-cittadino-forza-italia-reggio-calabria.jpeg","keywords":["cannizzaro francesco","coordinamento cittadino","Federico Milia","Forza Italia Reggio Calabria","Maiolino","on. Giovanni Arruzzolo","prima riunione"],"articleSection":["Home","News","Reggio Calabria"],"inLanguage":"it-IT"},{"@type":"WebPage","@id":"https:\/\/progettotouring.it\/radiotouring104\/2025\/01\/21\/reggio-1-riunione-del-coordinamento-cittadino-di-forza-italia\/","url":"https:\/\/progettotouring.it\/radiotouring104\/2025\/01\/21\/reggio-1-riunione-del-coordinamento-cittadino-di-forza-italia\/","name":"Reggio: 1\u00b0 riunione del Coordinamento cittadino di Forza Italia","isPartOf":{"@id":"https:\/\/progettotouring.it\/radiotouring104\/#website"},"primaryImageOfPage":{"@id":"https:\/\/progettotouring.it\/radiotouring104\/2025\/01\/21\/reggio-1-riunione-del-coordinamento-cittadino-di-forza-italia\/#primaryimage"},"image":{"@id":"https:\/\/progettotouring.it\/radiotouring104\/2025\/01\/21\/reggio-1-riunione-del-coordinamento-cittadino-di-forza-italia\/#primaryimage"},"thumbnailUrl":"https:\/\/progettotouring.it\/radiotouring104\/wp-content\/uploads\/sites\/6\/2025\/01\/primo-Coordinamento-cittadino-forza-italia-reggio-calabria.jpeg","datePublished":"2025-01-21T11:45:15+00:00","dateModified":"2025-01-21T11:48:06+00:00","description":"\"Lavoriamo insieme per rispondere alle esigenze del territorio\u201d, ha dichiarato il consigliere comunale Antonino Maiolino","breadcrumb":{"@id":"https:\/\/progettotouring.it\/radiotouring104\/2025\/01\/21\/reggio-1-riunione-del-coordinamento-cittadino-di-forza-italia\/#breadcrumb"},"inLanguage":"it-IT","potentialAction":[{"@type":"ReadAction","target":["https:\/\/progettotouring.it\/radiotouring104\/2025\/01\/21\/reggio-1-riunione-del-coordinamento-cittadino-di-forza-italia\/"]}]},{"@type":"ImageObject","inLanguage":"it-IT","@id":"https:\/\/progettotouring.it\/radiotouring104\/2025\/01\/21\/reggio-1-riunione-del-coordinamento-cittadino-di-forza-italia\/#primaryimage","url":"https:\/\/progettotouring.it\/radiotouring104\/wp-content\/uploads\/sites\/6\/2025\/01\/primo-Coordinamento-cittadino-forza-italia-reggio-calabria.jpeg","contentUrl":"https:\/\/progettotouring.it\/radiotouring104\/wp-content\/uploads\/sites\/6\/2025\/01\/primo-Coordinamento-cittadino-forza-italia-reggio-calabria.jpeg","width":1509,"height":1168},{"@type":"BreadcrumbList","@id":"https:\/\/progettotouring.it\/radiotouring104\/2025\/01\/21\/reggio-1-riunione-del-coordinamento-cittadino-di-forza-italia\/#breadcrumb","itemListElement":[{"@type":"ListItem","position":1,"name":"Home","item":"https:\/\/progettotouring.it\/radiotouring104\/"},{"@type":"ListItem","position":2,"name":"Reggio: svolta prima riunione del Coordinamento cittadino di Forza Italia"}]},{"@type":"WebSite","@id":"https:\/\/progettotouring.it\/radiotouring104\/#website","url":"https:\/\/progettotouring.it\/radiotouring104\/","name":"Radio Touring 104","description":"La prima radio Reggina","publisher":{"@id":"https:\/\/progettotouring.it\/radiotouring104\/#organization"},"potentialAction":[{"@type":"SearchAction","target":{"@type":"EntryPoint","urlTemplate":"https:\/\/progettotouring.it\/radiotouring104\/?s={search_term_string}"},"query-input":{"@type":"PropertyValueSpecification","valueRequired":true,"valueName":"search_term_string"}}],"inLanguage":"it-IT"},{"@type":"Organization","@id":"https:\/\/progettotouring.it\/radiotouring104\/#organization","name":"Radio Touring 104","url":"https:\/\/progettotouring.it\/radiotouring104\/","logo":{"@type":"ImageObject","inLanguage":"it-IT","@id":"https:\/\/progettotouring.it\/radiotouring104\/#\/schema\/logo\/image\/","url":"https:\/\/progettotouring.it\/radiotouring104\/wp-content\/uploads\/sites\/6\/2022\/02\/cropped-logo-radio-touring-104.png","contentUrl":"https:\/\/progettotouring.it\/radiotouring104\/wp-content\/uploads\/sites\/6\/2022\/02\/cropped-logo-radio-touring-104.png","width":377,"height":182,"caption":"Radio Touring 104"},"image":{"@id":"https:\/\/progettotouring.it\/radiotouring104\/#\/schema\/logo\/image\/"}},{"@type":"Person","@id":"https:\/\/progettotouring.it\/radiotouring104\/#\/schema\/person\/78613917f1851f041f7483f5af1d422e","name":"Sebastiano Plutino","image":{"@type":"ImageObject","inLanguage":"it-IT","@id":"https:\/\/secure.gravatar.com\/avatar\/0546ffaa9b79224faf9f2a156b67a529ae861d3287c66c1d8ccfdf909bcba78d?s=96&d=mm&r=g","url":"https:\/\/secure.gravatar.com\/avatar\/0546ffaa9b79224faf9f2a156b67a529ae861d3287c66c1d8ccfdf909bcba78d?s=96&d=mm&r=g","contentUrl":"https:\/\/secure.gravatar.com\/avatar\/0546ffaa9b79224faf9f2a156b67a529ae861d3287c66c1d8ccfdf909bcba78d?s=96&d=mm&r=g","caption":"Sebastiano Plutino"},"url":"https:\/\/progettotouring.it\/radiotouring104\/author\/sebastiano\/"}]}},"jetpack_publicize_connections":[],"jetpack_featured_media_url":"https:\/\/progettotouring.it\/radiotouring104\/wp-content\/uploads\/sites\/6\/2025\/01\/primo-Coordinamento-cittadino-forza-italia-reggio-calabria.jpeg","jetpack_sharing_enabled":true,"_links":{"self":[{"href":"https:\/\/progettotouring.it\/radiotouring104\/wp-json\/wp\/v2\/posts\/65259","targetHints":{"allow":["GET"]}}],"collection":[{"href":"https:\/\/progettotouring.it\/radiotouring104\/wp-json\/wp\/v2\/posts"}],"about":[{"href":"https:\/\/progettotouring.it\/radiotouring104\/wp-json\/wp\/v2\/types\/post"}],"author":[{"embeddable":true,"href":"https:\/\/progettotouring.it\/radiotouring104\/wp-json\/wp\/v2\/users\/12"}],"replies":[{"embeddable":true,"href":"https:\/\/progettotouring.it\/radiotouring104\/wp-json\/wp\/v2\/comments?post=65259"}],"version-history":[{"count":3,"href":"https:\/\/progettotouring.it\/radiotouring104\/wp-json\/wp\/v2\/posts\/65259\/revisions"}],"predecessor-version":[{"id":65263,"href":"https:\/\/progettotouring.it\/radiotouring104\/wp-json\/wp\/v2\/posts\/65259\/revisions\/65263"}],"wp:featuredmedia":[{"embeddable":true,"href":"https:\/\/progettotouring.it\/radiotouring104\/wp-json\/wp\/v2\/media\/65262"}],"wp:attachment":[{"href":"https:\/\/progettotouring.it\/radiotouring104\/wp-json\/wp\/v2\/media?parent=65259"}],"wp:term":[{"taxonomy":"category","embeddable":true,"href":"https:\/\/progettotouring.it\/radiotouring104\/wp-json\/wp\/v2\/categories?post=65259"},{"taxonomy":"post_tag","embeddable":true,"href":"https:\/\/progettotouring.it\/radiotouring104\/wp-json\/wp\/v2\/tags?post=65259"}],"curies":[{"name":"wp","href":"https:\/\/api.w.org\/{rel}","templated":true}]}}