{"id":65271,"date":"2025-01-21T18:54:33","date_gmt":"2025-01-21T17:54:33","guid":{"rendered":"https:\/\/progettotouring.it\/radiotouring104\/?p=65271"},"modified":"2025-01-21T18:54:33","modified_gmt":"2025-01-21T17:54:33","slug":"cinquefrondi-inaugurato-il-nuovo-liceo-musicale-rechichi","status":"publish","type":"post","link":"https:\/\/progettotouring.it\/radiotouring104\/2025\/01\/21\/cinquefrondi-inaugurato-il-nuovo-liceo-musicale-rechichi\/","title":{"rendered":"Cinquefrondi, inaugurato il nuovo Liceo Musicale &#8220;Rechichi&#8221;"},"content":{"rendered":"<div>\nE&#8217; stato inaugurato a Cinquefrondi, nel corso di una cerimonia carica di significato, il nuovo Liceo Musicale e Coreutico \u201cRechichi\u201d, realizzato dalla Citt\u00e0 Metropolitana di Reggio Calabria e guidato dalla dirigente scolastica Francesca Maria Morabito.<\/div>\n<div>All&#8217;evento di inaugurazione hanno preso parte il sindaco della Citt\u00e0 Metropolitana Giuseppe Falcomat\u00e0, il vicesindaco metropolitano Carmelo Versace, il sindaco del centro pianigiano nonch\u00e9 consigliere metropolitano delegato Michele Conia, il consigliere metropolitano delegato Salvatore Fuda, il dirigente del Settore Edilizia scolastica di Palazzo Alvaro, Giuseppe Mezzatesta, e Paolo Malara, gi\u00e0 direttore dei lavori e, oggi, assessore al Comune di Reggio Calabria.<\/div>\n<div>\n<div>L\u2019 immobile si sviluppa su due livelli con aree dedicate all&#8217;attivit\u00e0 didattica tradizionale e laboratoriale, compreso un ampio e innovativo teatro. Al piano terra si trovano sette aule didattiche e l&#8217;auditorium con 120 posti a sedere, mentre il primo livello si compone di altre quattro aule didattiche, sette aule laboratoriali, la sala regia e lo studio di registrazione, un\u2019aula multimediale, l\u2019infermeria, la presidenza, la sala docenti e gli uffici amministrativi.<\/div>\n<div>\n<div class=\"xmprfx_gmail_signature\" dir=\"ltr\" data-smartmail=\"gmail_signature\">\n<div dir=\"ltr\">\n<div>\n<div>Per un investimento complessivo di 2,5 milioni di euro, la Piana pu\u00f2 adesso contare su uno degli istituti pi\u00f9 moderni ed efficienti dell&#8217;intero Mezzogiorno.<\/div>\n<\/div>\n<\/div>\n<\/div>\n<\/div>\n<p>Il sindaco Falcomat\u00e0 si \u00e8 detto \u00abfelice ed orgoglioso perch\u00e9 l\u2019intervento rientra fra quelli che vanno a creare e raggiungere l\u2019idea di una citt\u00e0 metropolitana che vuole costruire il proprio futuro partendo dalle fondamenta, quindi dai pi\u00f9 giovani\u00bb. \u00abFondamenta \u2013 ha spiegato \u2013 che, naturalmente, sono rappresentate dai nostri ragazzi e dalle nostre ragazze messi nelle condizioni di ottenere un\u2019istruzione di livello all\u2019interno di locali adeguati a far loro apprezzare la bellezza dei luoghi\u00bb.<\/p>\n<\/div>\n","protected":false},"excerpt":{"rendered":"<p>E&#8217; stato inaugurato a Cinquefrondi, nel corso di una cerimonia carica di significato, il nuovo Liceo Musicale e Coreutico \u201cRechichi\u201d, realizzato dalla Citt\u00e0 Metropolitana di Reggio Calabria e guidato dalla&hellip;<\/p>\n","protected":false},"author":19,"featured_media":65272,"comment_status":"closed","ping_status":"open","sticky":false,"template":"","format":"standard","meta":{"_jetpack_memberships_contains_paid_content":false,"footnotes":"","jetpack_publicize_message":"","jetpack_publicize_feature_enabled":true,"jetpack_social_post_already_shared":true,"jetpack_social_options":{"image_generator_settings":{"template":"highway","default_image_id":0,"font":"","enabled":false},"version":2}},"categories":[142,921,196],"tags":[],"class_list":["post-65271","post","type-post","status-publish","format-standard","has-post-thumbnail","hentry","category-calabria","category-home","category-news"],"yoast_head":"<!-- This site is optimized with the Yoast SEO plugin v27.2 - https:\/\/yoast.com\/product\/yoast-seo-wordpress\/ -->\n<title>Cinquefrondi, inaugurato il nuovo Liceo Musicale &quot;Rechichi&quot; - Radio Touring 104<\/title>\n<meta name=\"description\" content=\"Il sindaco metropolitano Falcomat\u00e0, il vicesindaco Versace, il Consigliere Delegato e sindaco di Cinquefrondi Conia e la Dirigente Scolastica Morabito hanno aperto le porte della nuova struttura\" \/>\n<meta name=\"robots\" content=\"index, follow, max-snippet:-1, max-image-preview:large, max-video-preview:-1\" \/>\n<link rel=\"canonical\" href=\"https:\/\/progettotouring.it\/radiotouring104\/2025\/01\/21\/cinquefrondi-inaugurato-il-nuovo-liceo-musicale-rechichi\/\" \/>\n<meta property=\"og:locale\" content=\"it_IT\" \/>\n<meta property=\"og:type\" content=\"article\" \/>\n<meta property=\"og:title\" content=\"Cinquefrondi, inaugurato il nuovo Liceo Musicale &quot;Rechichi&quot; - Radio Touring 104\" \/>\n<meta property=\"og:description\" content=\"Il sindaco metropolitano Falcomat\u00e0, il vicesindaco Versace, il Consigliere Delegato e sindaco di Cinquefrondi Conia e la Dirigente Scolastica Morabito hanno aperto le porte della nuova struttura\" \/>\n<meta property=\"og:url\" content=\"https:\/\/progettotouring.it\/radiotouring104\/2025\/01\/21\/cinquefrondi-inaugurato-il-nuovo-liceo-musicale-rechichi\/\" \/>\n<meta property=\"og:site_name\" content=\"Radio Touring 104\" \/>\n<meta property=\"article:published_time\" content=\"2025-01-21T17:54:33+00:00\" \/>\n<meta property=\"og:image\" content=\"https:\/\/progettotouring.it\/radiotouring104\/wp-content\/uploads\/sites\/6\/2025\/01\/liceo-musicale-cinquefrondi-1.jpeg\" \/>\n\t<meta property=\"og:image:width\" content=\"2560\" \/>\n\t<meta property=\"og:image:height\" content=\"1706\" \/>\n\t<meta property=\"og:image:type\" content=\"image\/jpeg\" \/>\n<meta name=\"author\" content=\"S L\" \/>\n<meta name=\"twitter:card\" content=\"summary_large_image\" \/>\n<meta name=\"twitter:label1\" content=\"Scritto da\" \/>\n\t<meta name=\"twitter:data1\" content=\"S L\" \/>\n\t<meta name=\"twitter:label2\" content=\"Tempo di lettura stimato\" \/>\n\t<meta name=\"twitter:data2\" content=\"1 minuto\" \/>\n<script type=\"application\/ld+json\" class=\"yoast-schema-graph\">{\"@context\":\"https:\/\/schema.org\",\"@graph\":[{\"@type\":\"Article\",\"@id\":\"https:\/\/progettotouring.it\/radiotouring104\/2025\/01\/21\/cinquefrondi-inaugurato-il-nuovo-liceo-musicale-rechichi\/#article\",\"isPartOf\":{\"@id\":\"https:\/\/progettotouring.it\/radiotouring104\/2025\/01\/21\/cinquefrondi-inaugurato-il-nuovo-liceo-musicale-rechichi\/\"},\"author\":{\"name\":\"S L\",\"@id\":\"https:\/\/progettotouring.it\/radiotouring104\/#\/schema\/person\/b9f9c3730b0a78814c9b9f3bfc52c619\"},\"headline\":\"Cinquefrondi, inaugurato il nuovo Liceo Musicale &#8220;Rechichi&#8221;\",\"datePublished\":\"2025-01-21T17:54:33+00:00\",\"mainEntityOfPage\":{\"@id\":\"https:\/\/progettotouring.it\/radiotouring104\/2025\/01\/21\/cinquefrondi-inaugurato-il-nuovo-liceo-musicale-rechichi\/\"},\"wordCount\":272,\"publisher\":{\"@id\":\"https:\/\/progettotouring.it\/radiotouring104\/#organization\"},\"image\":{\"@id\":\"https:\/\/progettotouring.it\/radiotouring104\/2025\/01\/21\/cinquefrondi-inaugurato-il-nuovo-liceo-musicale-rechichi\/#primaryimage\"},\"thumbnailUrl\":\"https:\/\/progettotouring.it\/radiotouring104\/wp-content\/uploads\/sites\/6\/2025\/01\/liceo-musicale-cinquefrondi-1.jpeg\",\"articleSection\":[\"Calabria\",\"Home\",\"News\"],\"inLanguage\":\"it-IT\"},{\"@type\":\"WebPage\",\"@id\":\"https:\/\/progettotouring.it\/radiotouring104\/2025\/01\/21\/cinquefrondi-inaugurato-il-nuovo-liceo-musicale-rechichi\/\",\"url\":\"https:\/\/progettotouring.it\/radiotouring104\/2025\/01\/21\/cinquefrondi-inaugurato-il-nuovo-liceo-musicale-rechichi\/\",\"name\":\"Cinquefrondi, inaugurato il nuovo Liceo Musicale \\\"Rechichi\\\" - Radio Touring 104\",\"isPartOf\":{\"@id\":\"https:\/\/progettotouring.it\/radiotouring104\/#website\"},\"primaryImageOfPage\":{\"@id\":\"https:\/\/progettotouring.it\/radiotouring104\/2025\/01\/21\/cinquefrondi-inaugurato-il-nuovo-liceo-musicale-rechichi\/#primaryimage\"},\"image\":{\"@id\":\"https:\/\/progettotouring.it\/radiotouring104\/2025\/01\/21\/cinquefrondi-inaugurato-il-nuovo-liceo-musicale-rechichi\/#primaryimage\"},\"thumbnailUrl\":\"https:\/\/progettotouring.it\/radiotouring104\/wp-content\/uploads\/sites\/6\/2025\/01\/liceo-musicale-cinquefrondi-1.jpeg\",\"datePublished\":\"2025-01-21T17:54:33+00:00\",\"description\":\"Il sindaco metropolitano Falcomat\u00e0, il vicesindaco Versace, il Consigliere Delegato e sindaco di Cinquefrondi Conia e la Dirigente Scolastica Morabito hanno aperto le porte della nuova struttura\",\"breadcrumb\":{\"@id\":\"https:\/\/progettotouring.it\/radiotouring104\/2025\/01\/21\/cinquefrondi-inaugurato-il-nuovo-liceo-musicale-rechichi\/#breadcrumb\"},\"inLanguage\":\"it-IT\",\"potentialAction\":[{\"@type\":\"ReadAction\",\"target\":[\"https:\/\/progettotouring.it\/radiotouring104\/2025\/01\/21\/cinquefrondi-inaugurato-il-nuovo-liceo-musicale-rechichi\/\"]}]},{\"@type\":\"ImageObject\",\"inLanguage\":\"it-IT\",\"@id\":\"https:\/\/progettotouring.it\/radiotouring104\/2025\/01\/21\/cinquefrondi-inaugurato-il-nuovo-liceo-musicale-rechichi\/#primaryimage\",\"url\":\"https:\/\/progettotouring.it\/radiotouring104\/wp-content\/uploads\/sites\/6\/2025\/01\/liceo-musicale-cinquefrondi-1.jpeg\",\"contentUrl\":\"https:\/\/progettotouring.it\/radiotouring104\/wp-content\/uploads\/sites\/6\/2025\/01\/liceo-musicale-cinquefrondi-1.jpeg\",\"width\":2560,\"height\":1706},{\"@type\":\"BreadcrumbList\",\"@id\":\"https:\/\/progettotouring.it\/radiotouring104\/2025\/01\/21\/cinquefrondi-inaugurato-il-nuovo-liceo-musicale-rechichi\/#breadcrumb\",\"itemListElement\":[{\"@type\":\"ListItem\",\"position\":1,\"name\":\"Home\",\"item\":\"https:\/\/progettotouring.it\/radiotouring104\/\"},{\"@type\":\"ListItem\",\"position\":2,\"name\":\"Cinquefrondi, inaugurato il nuovo Liceo Musicale &#8220;Rechichi&#8221;\"}]},{\"@type\":\"WebSite\",\"@id\":\"https:\/\/progettotouring.it\/radiotouring104\/#website\",\"url\":\"https:\/\/progettotouring.it\/radiotouring104\/\",\"name\":\"Radio Touring 104\",\"description\":\"La prima radio Reggina\",\"publisher\":{\"@id\":\"https:\/\/progettotouring.it\/radiotouring104\/#organization\"},\"potentialAction\":[{\"@type\":\"SearchAction\",\"target\":{\"@type\":\"EntryPoint\",\"urlTemplate\":\"https:\/\/progettotouring.it\/radiotouring104\/?s={search_term_string}\"},\"query-input\":{\"@type\":\"PropertyValueSpecification\",\"valueRequired\":true,\"valueName\":\"search_term_string\"}}],\"inLanguage\":\"it-IT\"},{\"@type\":\"Organization\",\"@id\":\"https:\/\/progettotouring.it\/radiotouring104\/#organization\",\"name\":\"Radio Touring 104\",\"url\":\"https:\/\/progettotouring.it\/radiotouring104\/\",\"logo\":{\"@type\":\"ImageObject\",\"inLanguage\":\"it-IT\",\"@id\":\"https:\/\/progettotouring.it\/radiotouring104\/#\/schema\/logo\/image\/\",\"url\":\"https:\/\/progettotouring.it\/radiotouring104\/wp-content\/uploads\/sites\/6\/2022\/02\/cropped-logo-radio-touring-104.png\",\"contentUrl\":\"https:\/\/progettotouring.it\/radiotouring104\/wp-content\/uploads\/sites\/6\/2022\/02\/cropped-logo-radio-touring-104.png\",\"width\":377,\"height\":182,\"caption\":\"Radio Touring 104\"},\"image\":{\"@id\":\"https:\/\/progettotouring.it\/radiotouring104\/#\/schema\/logo\/image\/\"}},{\"@type\":\"Person\",\"@id\":\"https:\/\/progettotouring.it\/radiotouring104\/#\/schema\/person\/b9f9c3730b0a78814c9b9f3bfc52c619\",\"name\":\"S L\",\"image\":{\"@type\":\"ImageObject\",\"inLanguage\":\"it-IT\",\"@id\":\"https:\/\/secure.gravatar.com\/avatar\/652c51789d7030aaed9ff828331360502a68204fe6fb0831bc280515210e16d2?s=96&d=mm&r=g\",\"url\":\"https:\/\/secure.gravatar.com\/avatar\/652c51789d7030aaed9ff828331360502a68204fe6fb0831bc280515210e16d2?s=96&d=mm&r=g\",\"contentUrl\":\"https:\/\/secure.gravatar.com\/avatar\/652c51789d7030aaed9ff828331360502a68204fe6fb0831bc280515210e16d2?s=96&d=mm&r=g\",\"caption\":\"S L\"},\"url\":\"https:\/\/progettotouring.it\/radiotouring104\/author\/slibri\/\"}]}<\/script>\n<!-- \/ Yoast SEO plugin. -->","yoast_head_json":{"title":"Cinquefrondi, inaugurato il nuovo Liceo Musicale \"Rechichi\" - Radio Touring 104","description":"Il sindaco metropolitano Falcomat\u00e0, il vicesindaco Versace, il Consigliere Delegato e sindaco di Cinquefrondi Conia e la Dirigente Scolastica Morabito hanno aperto le porte della nuova struttura","robots":{"index":"index","follow":"follow","max-snippet":"max-snippet:-1","max-image-preview":"max-image-preview:large","max-video-preview":"max-video-preview:-1"},"canonical":"https:\/\/progettotouring.it\/radiotouring104\/2025\/01\/21\/cinquefrondi-inaugurato-il-nuovo-liceo-musicale-rechichi\/","og_locale":"it_IT","og_type":"article","og_title":"Cinquefrondi, inaugurato il nuovo Liceo Musicale \"Rechichi\" - Radio Touring 104","og_description":"Il sindaco metropolitano Falcomat\u00e0, il vicesindaco Versace, il Consigliere Delegato e sindaco di Cinquefrondi Conia e la Dirigente Scolastica Morabito hanno aperto le porte della nuova struttura","og_url":"https:\/\/progettotouring.it\/radiotouring104\/2025\/01\/21\/cinquefrondi-inaugurato-il-nuovo-liceo-musicale-rechichi\/","og_site_name":"Radio Touring 104","article_published_time":"2025-01-21T17:54:33+00:00","og_image":[{"width":2560,"height":1706,"url":"https:\/\/progettotouring.it\/radiotouring104\/wp-content\/uploads\/sites\/6\/2025\/01\/liceo-musicale-cinquefrondi-1.jpeg","type":"image\/jpeg"}],"author":"S L","twitter_card":"summary_large_image","twitter_misc":{"Scritto da":"S L","Tempo di lettura stimato":"1 minuto"},"schema":{"@context":"https:\/\/schema.org","@graph":[{"@type":"Article","@id":"https:\/\/progettotouring.it\/radiotouring104\/2025\/01\/21\/cinquefrondi-inaugurato-il-nuovo-liceo-musicale-rechichi\/#article","isPartOf":{"@id":"https:\/\/progettotouring.it\/radiotouring104\/2025\/01\/21\/cinquefrondi-inaugurato-il-nuovo-liceo-musicale-rechichi\/"},"author":{"name":"S L","@id":"https:\/\/progettotouring.it\/radiotouring104\/#\/schema\/person\/b9f9c3730b0a78814c9b9f3bfc52c619"},"headline":"Cinquefrondi, inaugurato il nuovo Liceo Musicale &#8220;Rechichi&#8221;","datePublished":"2025-01-21T17:54:33+00:00","mainEntityOfPage":{"@id":"https:\/\/progettotouring.it\/radiotouring104\/2025\/01\/21\/cinquefrondi-inaugurato-il-nuovo-liceo-musicale-rechichi\/"},"wordCount":272,"publisher":{"@id":"https:\/\/progettotouring.it\/radiotouring104\/#organization"},"image":{"@id":"https:\/\/progettotouring.it\/radiotouring104\/2025\/01\/21\/cinquefrondi-inaugurato-il-nuovo-liceo-musicale-rechichi\/#primaryimage"},"thumbnailUrl":"https:\/\/progettotouring.it\/radiotouring104\/wp-content\/uploads\/sites\/6\/2025\/01\/liceo-musicale-cinquefrondi-1.jpeg","articleSection":["Calabria","Home","News"],"inLanguage":"it-IT"},{"@type":"WebPage","@id":"https:\/\/progettotouring.it\/radiotouring104\/2025\/01\/21\/cinquefrondi-inaugurato-il-nuovo-liceo-musicale-rechichi\/","url":"https:\/\/progettotouring.it\/radiotouring104\/2025\/01\/21\/cinquefrondi-inaugurato-il-nuovo-liceo-musicale-rechichi\/","name":"Cinquefrondi, inaugurato il nuovo Liceo Musicale \"Rechichi\" - Radio Touring 104","isPartOf":{"@id":"https:\/\/progettotouring.it\/radiotouring104\/#website"},"primaryImageOfPage":{"@id":"https:\/\/progettotouring.it\/radiotouring104\/2025\/01\/21\/cinquefrondi-inaugurato-il-nuovo-liceo-musicale-rechichi\/#primaryimage"},"image":{"@id":"https:\/\/progettotouring.it\/radiotouring104\/2025\/01\/21\/cinquefrondi-inaugurato-il-nuovo-liceo-musicale-rechichi\/#primaryimage"},"thumbnailUrl":"https:\/\/progettotouring.it\/radiotouring104\/wp-content\/uploads\/sites\/6\/2025\/01\/liceo-musicale-cinquefrondi-1.jpeg","datePublished":"2025-01-21T17:54:33+00:00","description":"Il sindaco metropolitano Falcomat\u00e0, il vicesindaco Versace, il Consigliere Delegato e sindaco di Cinquefrondi Conia e la Dirigente Scolastica Morabito hanno aperto le porte della nuova struttura","breadcrumb":{"@id":"https:\/\/progettotouring.it\/radiotouring104\/2025\/01\/21\/cinquefrondi-inaugurato-il-nuovo-liceo-musicale-rechichi\/#breadcrumb"},"inLanguage":"it-IT","potentialAction":[{"@type":"ReadAction","target":["https:\/\/progettotouring.it\/radiotouring104\/2025\/01\/21\/cinquefrondi-inaugurato-il-nuovo-liceo-musicale-rechichi\/"]}]},{"@type":"ImageObject","inLanguage":"it-IT","@id":"https:\/\/progettotouring.it\/radiotouring104\/2025\/01\/21\/cinquefrondi-inaugurato-il-nuovo-liceo-musicale-rechichi\/#primaryimage","url":"https:\/\/progettotouring.it\/radiotouring104\/wp-content\/uploads\/sites\/6\/2025\/01\/liceo-musicale-cinquefrondi-1.jpeg","contentUrl":"https:\/\/progettotouring.it\/radiotouring104\/wp-content\/uploads\/sites\/6\/2025\/01\/liceo-musicale-cinquefrondi-1.jpeg","width":2560,"height":1706},{"@type":"BreadcrumbList","@id":"https:\/\/progettotouring.it\/radiotouring104\/2025\/01\/21\/cinquefrondi-inaugurato-il-nuovo-liceo-musicale-rechichi\/#breadcrumb","itemListElement":[{"@type":"ListItem","position":1,"name":"Home","item":"https:\/\/progettotouring.it\/radiotouring104\/"},{"@type":"ListItem","position":2,"name":"Cinquefrondi, inaugurato il nuovo Liceo Musicale &#8220;Rechichi&#8221;"}]},{"@type":"WebSite","@id":"https:\/\/progettotouring.it\/radiotouring104\/#website","url":"https:\/\/progettotouring.it\/radiotouring104\/","name":"Radio Touring 104","description":"La prima radio Reggina","publisher":{"@id":"https:\/\/progettotouring.it\/radiotouring104\/#organization"},"potentialAction":[{"@type":"SearchAction","target":{"@type":"EntryPoint","urlTemplate":"https:\/\/progettotouring.it\/radiotouring104\/?s={search_term_string}"},"query-input":{"@type":"PropertyValueSpecification","valueRequired":true,"valueName":"search_term_string"}}],"inLanguage":"it-IT"},{"@type":"Organization","@id":"https:\/\/progettotouring.it\/radiotouring104\/#organization","name":"Radio Touring 104","url":"https:\/\/progettotouring.it\/radiotouring104\/","logo":{"@type":"ImageObject","inLanguage":"it-IT","@id":"https:\/\/progettotouring.it\/radiotouring104\/#\/schema\/logo\/image\/","url":"https:\/\/progettotouring.it\/radiotouring104\/wp-content\/uploads\/sites\/6\/2022\/02\/cropped-logo-radio-touring-104.png","contentUrl":"https:\/\/progettotouring.it\/radiotouring104\/wp-content\/uploads\/sites\/6\/2022\/02\/cropped-logo-radio-touring-104.png","width":377,"height":182,"caption":"Radio Touring 104"},"image":{"@id":"https:\/\/progettotouring.it\/radiotouring104\/#\/schema\/logo\/image\/"}},{"@type":"Person","@id":"https:\/\/progettotouring.it\/radiotouring104\/#\/schema\/person\/b9f9c3730b0a78814c9b9f3bfc52c619","name":"S L","image":{"@type":"ImageObject","inLanguage":"it-IT","@id":"https:\/\/secure.gravatar.com\/avatar\/652c51789d7030aaed9ff828331360502a68204fe6fb0831bc280515210e16d2?s=96&d=mm&r=g","url":"https:\/\/secure.gravatar.com\/avatar\/652c51789d7030aaed9ff828331360502a68204fe6fb0831bc280515210e16d2?s=96&d=mm&r=g","contentUrl":"https:\/\/secure.gravatar.com\/avatar\/652c51789d7030aaed9ff828331360502a68204fe6fb0831bc280515210e16d2?s=96&d=mm&r=g","caption":"S L"},"url":"https:\/\/progettotouring.it\/radiotouring104\/author\/slibri\/"}]}},"jetpack_publicize_connections":[],"jetpack_featured_media_url":"https:\/\/progettotouring.it\/radiotouring104\/wp-content\/uploads\/sites\/6\/2025\/01\/liceo-musicale-cinquefrondi-1.jpeg","jetpack_sharing_enabled":true,"_links":{"self":[{"href":"https:\/\/progettotouring.it\/radiotouring104\/wp-json\/wp\/v2\/posts\/65271","targetHints":{"allow":["GET"]}}],"collection":[{"href":"https:\/\/progettotouring.it\/radiotouring104\/wp-json\/wp\/v2\/posts"}],"about":[{"href":"https:\/\/progettotouring.it\/radiotouring104\/wp-json\/wp\/v2\/types\/post"}],"author":[{"embeddable":true,"href":"https:\/\/progettotouring.it\/radiotouring104\/wp-json\/wp\/v2\/users\/19"}],"replies":[{"embeddable":true,"href":"https:\/\/progettotouring.it\/radiotouring104\/wp-json\/wp\/v2\/comments?post=65271"}],"version-history":[{"count":1,"href":"https:\/\/progettotouring.it\/radiotouring104\/wp-json\/wp\/v2\/posts\/65271\/revisions"}],"predecessor-version":[{"id":65273,"href":"https:\/\/progettotouring.it\/radiotouring104\/wp-json\/wp\/v2\/posts\/65271\/revisions\/65273"}],"wp:featuredmedia":[{"embeddable":true,"href":"https:\/\/progettotouring.it\/radiotouring104\/wp-json\/wp\/v2\/media\/65272"}],"wp:attachment":[{"href":"https:\/\/progettotouring.it\/radiotouring104\/wp-json\/wp\/v2\/media?parent=65271"}],"wp:term":[{"taxonomy":"category","embeddable":true,"href":"https:\/\/progettotouring.it\/radiotouring104\/wp-json\/wp\/v2\/categories?post=65271"},{"taxonomy":"post_tag","embeddable":true,"href":"https:\/\/progettotouring.it\/radiotouring104\/wp-json\/wp\/v2\/tags?post=65271"}],"curies":[{"name":"wp","href":"https:\/\/api.w.org\/{rel}","templated":true}]}}