{"id":65282,"date":"2025-01-21T20:09:44","date_gmt":"2025-01-21T19:09:44","guid":{"rendered":"https:\/\/progettotouring.it\/radiotouring104\/?p=65282"},"modified":"2025-01-21T20:09:44","modified_gmt":"2025-01-21T19:09:44","slug":"gestione-dei-beni-confiscati-il-sindaco-falcomata-allevento-del-consiglio-dei-dottori-commercialisti","status":"publish","type":"post","link":"https:\/\/progettotouring.it\/radiotouring104\/2025\/01\/21\/gestione-dei-beni-confiscati-il-sindaco-falcomata-allevento-del-consiglio-dei-dottori-commercialisti\/","title":{"rendered":"Gestione dei Beni Confiscati, il sindaco Falcomat\u00e0 all&#8217;Evento del Consiglio dei Dottori Commercialisti"},"content":{"rendered":"<p>\u201cSiamo lieti di ospitare nella nostra citt\u00e0 un corso formativo di grande rilevanza nazionale, un gesto di attenzione importante da parte del Consiglio nazionale e provinciale dei dottori commercialisti che ringrazio. Si tratta di un evento che \u00e8 perfettamente in linea con il percorso che la nostra citt\u00e0 sta portando avanti rispetto all\u2019idea che i beni confiscati, soprattutto nelle nostre citt\u00e0 del Sud Italia, devono consentire di arrivare ad un riutilizzo\u201d.<\/p>\n<p>Cos\u00ec il sindaco di Reggio Calabria, Giuseppe Falcomat\u00e0, intervenuto al Corso nazionale di perfezionamento in materia di Gestione e destinazione dei beni sequestrati e confiscati alla criminalit\u00e0, promosso dal Consiglio nazionale dei dottori commercialisti, svoltosi oggi all\u2019aula magna \u2018Quaroni\u2019 dell\u2019Universit\u00e0 Mediterranea di Reggio Calabria.<br \/>\n\u201cSolo nell\u2019ultimo anno, ha ricordato Falcomat\u00e0, \u00a0sono stati utilizzati locali confiscati per destinazioni quali: la Casa delle donne vittime di violenza, l\u2019Agenzia sociale per la casa e il Centro di aggregazione giovanile. Per noi \u00e8 importante che in questi luoghi di respiri aria di legalit\u00e0. Cosi come sono importanti dei simboli di legalit\u00e0, come il patrimonio artistico di quadri ed opere d&#8217;arte confiscati che ha dato vita alla collezione del Palazzo della Cultura della Citt\u00e0 Metropolitana, un contesto di straordinario valore che ci inorgoglisce molto e che sar\u00e0 protagonista, da qui a qualche giorno, di una mostra dal titolo SalvArti che abbiamo organizzato in sinergia con i Ministeri dell&#8217;Interno e della Cultura, con il Comune di Milano e l&#8217;Agenzia nazionale per i Beni Sequestrati e Confiscati&#8221;.<\/p>\n<p>&nbsp;<\/p>\n","protected":false},"excerpt":{"rendered":"<p>\u201cSiamo lieti di ospitare nella nostra citt\u00e0 un corso formativo di grande rilevanza nazionale, un gesto di attenzione importante da parte del Consiglio nazionale e provinciale dei dottori commercialisti che&hellip;<\/p>\n","protected":false},"author":19,"featured_media":65283,"comment_status":"closed","ping_status":"open","sticky":false,"template":"","format":"standard","meta":{"_jetpack_memberships_contains_paid_content":false,"footnotes":"","jetpack_publicize_message":"","jetpack_publicize_feature_enabled":true,"jetpack_social_post_already_shared":true,"jetpack_social_options":{"image_generator_settings":{"template":"highway","default_image_id":0,"font":"","enabled":false},"version":2}},"categories":[921,196,140],"tags":[],"class_list":["post-65282","post","type-post","status-publish","format-standard","has-post-thumbnail","hentry","category-home","category-news","category-reggio-calabria"],"yoast_head":"<!-- This site is optimized with the Yoast SEO plugin v27.2 - https:\/\/yoast.com\/product\/yoast-seo-wordpress\/ -->\n<title>Gestione dei Beni Confiscati, il sindaco Falcomat\u00e0 all&#039;Evento del Consiglio dei Dottori Commercialisti - Radio Touring 104<\/title>\n<meta name=\"description\" content=\"\u201cEvento formativo in linea con il percorso che a Reggio portiamo avanti da tanti anni. Ben 140 i beni acquisiti al nostro patrimonio comunale\u201d\" \/>\n<meta name=\"robots\" content=\"index, follow, max-snippet:-1, max-image-preview:large, max-video-preview:-1\" \/>\n<link rel=\"canonical\" href=\"https:\/\/progettotouring.it\/radiotouring104\/2025\/01\/21\/gestione-dei-beni-confiscati-il-sindaco-falcomata-allevento-del-consiglio-dei-dottori-commercialisti\/\" \/>\n<meta property=\"og:locale\" content=\"it_IT\" \/>\n<meta property=\"og:type\" content=\"article\" \/>\n<meta property=\"og:title\" content=\"Gestione dei Beni Confiscati, il sindaco Falcomat\u00e0 all&#039;Evento del Consiglio dei Dottori Commercialisti - Radio Touring 104\" \/>\n<meta property=\"og:description\" content=\"\u201cEvento formativo in linea con il percorso che a Reggio portiamo avanti da tanti anni. Ben 140 i beni acquisiti al nostro patrimonio comunale\u201d\" \/>\n<meta property=\"og:url\" content=\"https:\/\/progettotouring.it\/radiotouring104\/2025\/01\/21\/gestione-dei-beni-confiscati-il-sindaco-falcomata-allevento-del-consiglio-dei-dottori-commercialisti\/\" \/>\n<meta property=\"og:site_name\" content=\"Radio Touring 104\" \/>\n<meta property=\"article:published_time\" content=\"2025-01-21T19:09:44+00:00\" \/>\n<meta property=\"og:image\" content=\"https:\/\/progettotouring.it\/radiotouring104\/wp-content\/uploads\/sites\/6\/2025\/01\/corso-beni-confiscati-3.jpeg\" \/>\n\t<meta property=\"og:image:width\" content=\"1600\" \/>\n\t<meta property=\"og:image:height\" content=\"1066\" \/>\n\t<meta property=\"og:image:type\" content=\"image\/jpeg\" \/>\n<meta name=\"author\" content=\"S L\" \/>\n<meta name=\"twitter:card\" content=\"summary_large_image\" \/>\n<meta name=\"twitter:label1\" content=\"Scritto da\" \/>\n\t<meta name=\"twitter:data1\" content=\"S L\" \/>\n\t<meta name=\"twitter:label2\" content=\"Tempo di lettura stimato\" \/>\n\t<meta name=\"twitter:data2\" content=\"1 minuto\" \/>\n<script type=\"application\/ld+json\" class=\"yoast-schema-graph\">{\"@context\":\"https:\/\/schema.org\",\"@graph\":[{\"@type\":\"Article\",\"@id\":\"https:\/\/progettotouring.it\/radiotouring104\/2025\/01\/21\/gestione-dei-beni-confiscati-il-sindaco-falcomata-allevento-del-consiglio-dei-dottori-commercialisti\/#article\",\"isPartOf\":{\"@id\":\"https:\/\/progettotouring.it\/radiotouring104\/2025\/01\/21\/gestione-dei-beni-confiscati-il-sindaco-falcomata-allevento-del-consiglio-dei-dottori-commercialisti\/\"},\"author\":{\"name\":\"S L\",\"@id\":\"https:\/\/progettotouring.it\/radiotouring104\/#\/schema\/person\/b9f9c3730b0a78814c9b9f3bfc52c619\"},\"headline\":\"Gestione dei Beni Confiscati, il sindaco Falcomat\u00e0 all&#8217;Evento del Consiglio dei Dottori Commercialisti\",\"datePublished\":\"2025-01-21T19:09:44+00:00\",\"mainEntityOfPage\":{\"@id\":\"https:\/\/progettotouring.it\/radiotouring104\/2025\/01\/21\/gestione-dei-beni-confiscati-il-sindaco-falcomata-allevento-del-consiglio-dei-dottori-commercialisti\/\"},\"wordCount\":258,\"publisher\":{\"@id\":\"https:\/\/progettotouring.it\/radiotouring104\/#organization\"},\"image\":{\"@id\":\"https:\/\/progettotouring.it\/radiotouring104\/2025\/01\/21\/gestione-dei-beni-confiscati-il-sindaco-falcomata-allevento-del-consiglio-dei-dottori-commercialisti\/#primaryimage\"},\"thumbnailUrl\":\"https:\/\/progettotouring.it\/radiotouring104\/wp-content\/uploads\/sites\/6\/2025\/01\/corso-beni-confiscati-3.jpeg\",\"articleSection\":[\"Home\",\"News\",\"Reggio Calabria\"],\"inLanguage\":\"it-IT\"},{\"@type\":\"WebPage\",\"@id\":\"https:\/\/progettotouring.it\/radiotouring104\/2025\/01\/21\/gestione-dei-beni-confiscati-il-sindaco-falcomata-allevento-del-consiglio-dei-dottori-commercialisti\/\",\"url\":\"https:\/\/progettotouring.it\/radiotouring104\/2025\/01\/21\/gestione-dei-beni-confiscati-il-sindaco-falcomata-allevento-del-consiglio-dei-dottori-commercialisti\/\",\"name\":\"Gestione dei Beni Confiscati, il sindaco Falcomat\u00e0 all'Evento del Consiglio dei Dottori Commercialisti - Radio Touring 104\",\"isPartOf\":{\"@id\":\"https:\/\/progettotouring.it\/radiotouring104\/#website\"},\"primaryImageOfPage\":{\"@id\":\"https:\/\/progettotouring.it\/radiotouring104\/2025\/01\/21\/gestione-dei-beni-confiscati-il-sindaco-falcomata-allevento-del-consiglio-dei-dottori-commercialisti\/#primaryimage\"},\"image\":{\"@id\":\"https:\/\/progettotouring.it\/radiotouring104\/2025\/01\/21\/gestione-dei-beni-confiscati-il-sindaco-falcomata-allevento-del-consiglio-dei-dottori-commercialisti\/#primaryimage\"},\"thumbnailUrl\":\"https:\/\/progettotouring.it\/radiotouring104\/wp-content\/uploads\/sites\/6\/2025\/01\/corso-beni-confiscati-3.jpeg\",\"datePublished\":\"2025-01-21T19:09:44+00:00\",\"description\":\"\u201cEvento formativo in linea con il percorso che a Reggio portiamo avanti da tanti anni. Ben 140 i beni acquisiti al nostro patrimonio comunale\u201d\",\"breadcrumb\":{\"@id\":\"https:\/\/progettotouring.it\/radiotouring104\/2025\/01\/21\/gestione-dei-beni-confiscati-il-sindaco-falcomata-allevento-del-consiglio-dei-dottori-commercialisti\/#breadcrumb\"},\"inLanguage\":\"it-IT\",\"potentialAction\":[{\"@type\":\"ReadAction\",\"target\":[\"https:\/\/progettotouring.it\/radiotouring104\/2025\/01\/21\/gestione-dei-beni-confiscati-il-sindaco-falcomata-allevento-del-consiglio-dei-dottori-commercialisti\/\"]}]},{\"@type\":\"ImageObject\",\"inLanguage\":\"it-IT\",\"@id\":\"https:\/\/progettotouring.it\/radiotouring104\/2025\/01\/21\/gestione-dei-beni-confiscati-il-sindaco-falcomata-allevento-del-consiglio-dei-dottori-commercialisti\/#primaryimage\",\"url\":\"https:\/\/progettotouring.it\/radiotouring104\/wp-content\/uploads\/sites\/6\/2025\/01\/corso-beni-confiscati-3.jpeg\",\"contentUrl\":\"https:\/\/progettotouring.it\/radiotouring104\/wp-content\/uploads\/sites\/6\/2025\/01\/corso-beni-confiscati-3.jpeg\",\"width\":1600,\"height\":1066},{\"@type\":\"BreadcrumbList\",\"@id\":\"https:\/\/progettotouring.it\/radiotouring104\/2025\/01\/21\/gestione-dei-beni-confiscati-il-sindaco-falcomata-allevento-del-consiglio-dei-dottori-commercialisti\/#breadcrumb\",\"itemListElement\":[{\"@type\":\"ListItem\",\"position\":1,\"name\":\"Home\",\"item\":\"https:\/\/progettotouring.it\/radiotouring104\/\"},{\"@type\":\"ListItem\",\"position\":2,\"name\":\"Gestione dei Beni Confiscati, il sindaco Falcomat\u00e0 all&#8217;Evento del Consiglio dei Dottori Commercialisti\"}]},{\"@type\":\"WebSite\",\"@id\":\"https:\/\/progettotouring.it\/radiotouring104\/#website\",\"url\":\"https:\/\/progettotouring.it\/radiotouring104\/\",\"name\":\"Radio Touring 104\",\"description\":\"La prima radio Reggina\",\"publisher\":{\"@id\":\"https:\/\/progettotouring.it\/radiotouring104\/#organization\"},\"potentialAction\":[{\"@type\":\"SearchAction\",\"target\":{\"@type\":\"EntryPoint\",\"urlTemplate\":\"https:\/\/progettotouring.it\/radiotouring104\/?s={search_term_string}\"},\"query-input\":{\"@type\":\"PropertyValueSpecification\",\"valueRequired\":true,\"valueName\":\"search_term_string\"}}],\"inLanguage\":\"it-IT\"},{\"@type\":\"Organization\",\"@id\":\"https:\/\/progettotouring.it\/radiotouring104\/#organization\",\"name\":\"Radio Touring 104\",\"url\":\"https:\/\/progettotouring.it\/radiotouring104\/\",\"logo\":{\"@type\":\"ImageObject\",\"inLanguage\":\"it-IT\",\"@id\":\"https:\/\/progettotouring.it\/radiotouring104\/#\/schema\/logo\/image\/\",\"url\":\"https:\/\/progettotouring.it\/radiotouring104\/wp-content\/uploads\/sites\/6\/2022\/02\/cropped-logo-radio-touring-104.png\",\"contentUrl\":\"https:\/\/progettotouring.it\/radiotouring104\/wp-content\/uploads\/sites\/6\/2022\/02\/cropped-logo-radio-touring-104.png\",\"width\":377,\"height\":182,\"caption\":\"Radio Touring 104\"},\"image\":{\"@id\":\"https:\/\/progettotouring.it\/radiotouring104\/#\/schema\/logo\/image\/\"}},{\"@type\":\"Person\",\"@id\":\"https:\/\/progettotouring.it\/radiotouring104\/#\/schema\/person\/b9f9c3730b0a78814c9b9f3bfc52c619\",\"name\":\"S L\",\"image\":{\"@type\":\"ImageObject\",\"inLanguage\":\"it-IT\",\"@id\":\"https:\/\/secure.gravatar.com\/avatar\/652c51789d7030aaed9ff828331360502a68204fe6fb0831bc280515210e16d2?s=96&d=mm&r=g\",\"url\":\"https:\/\/secure.gravatar.com\/avatar\/652c51789d7030aaed9ff828331360502a68204fe6fb0831bc280515210e16d2?s=96&d=mm&r=g\",\"contentUrl\":\"https:\/\/secure.gravatar.com\/avatar\/652c51789d7030aaed9ff828331360502a68204fe6fb0831bc280515210e16d2?s=96&d=mm&r=g\",\"caption\":\"S L\"},\"url\":\"https:\/\/progettotouring.it\/radiotouring104\/author\/slibri\/\"}]}<\/script>\n<!-- \/ Yoast SEO plugin. -->","yoast_head_json":{"title":"Gestione dei Beni Confiscati, il sindaco Falcomat\u00e0 all'Evento del Consiglio dei Dottori Commercialisti - Radio Touring 104","description":"\u201cEvento formativo in linea con il percorso che a Reggio portiamo avanti da tanti anni. Ben 140 i beni acquisiti al nostro patrimonio comunale\u201d","robots":{"index":"index","follow":"follow","max-snippet":"max-snippet:-1","max-image-preview":"max-image-preview:large","max-video-preview":"max-video-preview:-1"},"canonical":"https:\/\/progettotouring.it\/radiotouring104\/2025\/01\/21\/gestione-dei-beni-confiscati-il-sindaco-falcomata-allevento-del-consiglio-dei-dottori-commercialisti\/","og_locale":"it_IT","og_type":"article","og_title":"Gestione dei Beni Confiscati, il sindaco Falcomat\u00e0 all'Evento del Consiglio dei Dottori Commercialisti - Radio Touring 104","og_description":"\u201cEvento formativo in linea con il percorso che a Reggio portiamo avanti da tanti anni. Ben 140 i beni acquisiti al nostro patrimonio comunale\u201d","og_url":"https:\/\/progettotouring.it\/radiotouring104\/2025\/01\/21\/gestione-dei-beni-confiscati-il-sindaco-falcomata-allevento-del-consiglio-dei-dottori-commercialisti\/","og_site_name":"Radio Touring 104","article_published_time":"2025-01-21T19:09:44+00:00","og_image":[{"width":1600,"height":1066,"url":"https:\/\/progettotouring.it\/radiotouring104\/wp-content\/uploads\/sites\/6\/2025\/01\/corso-beni-confiscati-3.jpeg","type":"image\/jpeg"}],"author":"S L","twitter_card":"summary_large_image","twitter_misc":{"Scritto da":"S L","Tempo di lettura stimato":"1 minuto"},"schema":{"@context":"https:\/\/schema.org","@graph":[{"@type":"Article","@id":"https:\/\/progettotouring.it\/radiotouring104\/2025\/01\/21\/gestione-dei-beni-confiscati-il-sindaco-falcomata-allevento-del-consiglio-dei-dottori-commercialisti\/#article","isPartOf":{"@id":"https:\/\/progettotouring.it\/radiotouring104\/2025\/01\/21\/gestione-dei-beni-confiscati-il-sindaco-falcomata-allevento-del-consiglio-dei-dottori-commercialisti\/"},"author":{"name":"S L","@id":"https:\/\/progettotouring.it\/radiotouring104\/#\/schema\/person\/b9f9c3730b0a78814c9b9f3bfc52c619"},"headline":"Gestione dei Beni Confiscati, il sindaco Falcomat\u00e0 all&#8217;Evento del Consiglio dei Dottori Commercialisti","datePublished":"2025-01-21T19:09:44+00:00","mainEntityOfPage":{"@id":"https:\/\/progettotouring.it\/radiotouring104\/2025\/01\/21\/gestione-dei-beni-confiscati-il-sindaco-falcomata-allevento-del-consiglio-dei-dottori-commercialisti\/"},"wordCount":258,"publisher":{"@id":"https:\/\/progettotouring.it\/radiotouring104\/#organization"},"image":{"@id":"https:\/\/progettotouring.it\/radiotouring104\/2025\/01\/21\/gestione-dei-beni-confiscati-il-sindaco-falcomata-allevento-del-consiglio-dei-dottori-commercialisti\/#primaryimage"},"thumbnailUrl":"https:\/\/progettotouring.it\/radiotouring104\/wp-content\/uploads\/sites\/6\/2025\/01\/corso-beni-confiscati-3.jpeg","articleSection":["Home","News","Reggio Calabria"],"inLanguage":"it-IT"},{"@type":"WebPage","@id":"https:\/\/progettotouring.it\/radiotouring104\/2025\/01\/21\/gestione-dei-beni-confiscati-il-sindaco-falcomata-allevento-del-consiglio-dei-dottori-commercialisti\/","url":"https:\/\/progettotouring.it\/radiotouring104\/2025\/01\/21\/gestione-dei-beni-confiscati-il-sindaco-falcomata-allevento-del-consiglio-dei-dottori-commercialisti\/","name":"Gestione dei Beni Confiscati, il sindaco Falcomat\u00e0 all'Evento del Consiglio dei Dottori Commercialisti - Radio Touring 104","isPartOf":{"@id":"https:\/\/progettotouring.it\/radiotouring104\/#website"},"primaryImageOfPage":{"@id":"https:\/\/progettotouring.it\/radiotouring104\/2025\/01\/21\/gestione-dei-beni-confiscati-il-sindaco-falcomata-allevento-del-consiglio-dei-dottori-commercialisti\/#primaryimage"},"image":{"@id":"https:\/\/progettotouring.it\/radiotouring104\/2025\/01\/21\/gestione-dei-beni-confiscati-il-sindaco-falcomata-allevento-del-consiglio-dei-dottori-commercialisti\/#primaryimage"},"thumbnailUrl":"https:\/\/progettotouring.it\/radiotouring104\/wp-content\/uploads\/sites\/6\/2025\/01\/corso-beni-confiscati-3.jpeg","datePublished":"2025-01-21T19:09:44+00:00","description":"\u201cEvento formativo in linea con il percorso che a Reggio portiamo avanti da tanti anni. Ben 140 i beni acquisiti al nostro patrimonio comunale\u201d","breadcrumb":{"@id":"https:\/\/progettotouring.it\/radiotouring104\/2025\/01\/21\/gestione-dei-beni-confiscati-il-sindaco-falcomata-allevento-del-consiglio-dei-dottori-commercialisti\/#breadcrumb"},"inLanguage":"it-IT","potentialAction":[{"@type":"ReadAction","target":["https:\/\/progettotouring.it\/radiotouring104\/2025\/01\/21\/gestione-dei-beni-confiscati-il-sindaco-falcomata-allevento-del-consiglio-dei-dottori-commercialisti\/"]}]},{"@type":"ImageObject","inLanguage":"it-IT","@id":"https:\/\/progettotouring.it\/radiotouring104\/2025\/01\/21\/gestione-dei-beni-confiscati-il-sindaco-falcomata-allevento-del-consiglio-dei-dottori-commercialisti\/#primaryimage","url":"https:\/\/progettotouring.it\/radiotouring104\/wp-content\/uploads\/sites\/6\/2025\/01\/corso-beni-confiscati-3.jpeg","contentUrl":"https:\/\/progettotouring.it\/radiotouring104\/wp-content\/uploads\/sites\/6\/2025\/01\/corso-beni-confiscati-3.jpeg","width":1600,"height":1066},{"@type":"BreadcrumbList","@id":"https:\/\/progettotouring.it\/radiotouring104\/2025\/01\/21\/gestione-dei-beni-confiscati-il-sindaco-falcomata-allevento-del-consiglio-dei-dottori-commercialisti\/#breadcrumb","itemListElement":[{"@type":"ListItem","position":1,"name":"Home","item":"https:\/\/progettotouring.it\/radiotouring104\/"},{"@type":"ListItem","position":2,"name":"Gestione dei Beni Confiscati, il sindaco Falcomat\u00e0 all&#8217;Evento del Consiglio dei Dottori Commercialisti"}]},{"@type":"WebSite","@id":"https:\/\/progettotouring.it\/radiotouring104\/#website","url":"https:\/\/progettotouring.it\/radiotouring104\/","name":"Radio Touring 104","description":"La prima radio Reggina","publisher":{"@id":"https:\/\/progettotouring.it\/radiotouring104\/#organization"},"potentialAction":[{"@type":"SearchAction","target":{"@type":"EntryPoint","urlTemplate":"https:\/\/progettotouring.it\/radiotouring104\/?s={search_term_string}"},"query-input":{"@type":"PropertyValueSpecification","valueRequired":true,"valueName":"search_term_string"}}],"inLanguage":"it-IT"},{"@type":"Organization","@id":"https:\/\/progettotouring.it\/radiotouring104\/#organization","name":"Radio Touring 104","url":"https:\/\/progettotouring.it\/radiotouring104\/","logo":{"@type":"ImageObject","inLanguage":"it-IT","@id":"https:\/\/progettotouring.it\/radiotouring104\/#\/schema\/logo\/image\/","url":"https:\/\/progettotouring.it\/radiotouring104\/wp-content\/uploads\/sites\/6\/2022\/02\/cropped-logo-radio-touring-104.png","contentUrl":"https:\/\/progettotouring.it\/radiotouring104\/wp-content\/uploads\/sites\/6\/2022\/02\/cropped-logo-radio-touring-104.png","width":377,"height":182,"caption":"Radio Touring 104"},"image":{"@id":"https:\/\/progettotouring.it\/radiotouring104\/#\/schema\/logo\/image\/"}},{"@type":"Person","@id":"https:\/\/progettotouring.it\/radiotouring104\/#\/schema\/person\/b9f9c3730b0a78814c9b9f3bfc52c619","name":"S L","image":{"@type":"ImageObject","inLanguage":"it-IT","@id":"https:\/\/secure.gravatar.com\/avatar\/652c51789d7030aaed9ff828331360502a68204fe6fb0831bc280515210e16d2?s=96&d=mm&r=g","url":"https:\/\/secure.gravatar.com\/avatar\/652c51789d7030aaed9ff828331360502a68204fe6fb0831bc280515210e16d2?s=96&d=mm&r=g","contentUrl":"https:\/\/secure.gravatar.com\/avatar\/652c51789d7030aaed9ff828331360502a68204fe6fb0831bc280515210e16d2?s=96&d=mm&r=g","caption":"S L"},"url":"https:\/\/progettotouring.it\/radiotouring104\/author\/slibri\/"}]}},"jetpack_publicize_connections":[],"jetpack_featured_media_url":"https:\/\/progettotouring.it\/radiotouring104\/wp-content\/uploads\/sites\/6\/2025\/01\/corso-beni-confiscati-3.jpeg","jetpack_sharing_enabled":true,"_links":{"self":[{"href":"https:\/\/progettotouring.it\/radiotouring104\/wp-json\/wp\/v2\/posts\/65282","targetHints":{"allow":["GET"]}}],"collection":[{"href":"https:\/\/progettotouring.it\/radiotouring104\/wp-json\/wp\/v2\/posts"}],"about":[{"href":"https:\/\/progettotouring.it\/radiotouring104\/wp-json\/wp\/v2\/types\/post"}],"author":[{"embeddable":true,"href":"https:\/\/progettotouring.it\/radiotouring104\/wp-json\/wp\/v2\/users\/19"}],"replies":[{"embeddable":true,"href":"https:\/\/progettotouring.it\/radiotouring104\/wp-json\/wp\/v2\/comments?post=65282"}],"version-history":[{"count":1,"href":"https:\/\/progettotouring.it\/radiotouring104\/wp-json\/wp\/v2\/posts\/65282\/revisions"}],"predecessor-version":[{"id":65284,"href":"https:\/\/progettotouring.it\/radiotouring104\/wp-json\/wp\/v2\/posts\/65282\/revisions\/65284"}],"wp:featuredmedia":[{"embeddable":true,"href":"https:\/\/progettotouring.it\/radiotouring104\/wp-json\/wp\/v2\/media\/65283"}],"wp:attachment":[{"href":"https:\/\/progettotouring.it\/radiotouring104\/wp-json\/wp\/v2\/media?parent=65282"}],"wp:term":[{"taxonomy":"category","embeddable":true,"href":"https:\/\/progettotouring.it\/radiotouring104\/wp-json\/wp\/v2\/categories?post=65282"},{"taxonomy":"post_tag","embeddable":true,"href":"https:\/\/progettotouring.it\/radiotouring104\/wp-json\/wp\/v2\/tags?post=65282"}],"curies":[{"name":"wp","href":"https:\/\/api.w.org\/{rel}","templated":true}]}}