{"id":65285,"date":"2025-01-21T20:18:41","date_gmt":"2025-01-21T19:18:41","guid":{"rendered":"https:\/\/progettotouring.it\/radiotouring104\/?p=65285"},"modified":"2025-01-21T20:18:41","modified_gmt":"2025-01-21T19:18:41","slug":"il-consigliere-ripepi-sulla-chiusura-mercato-piazza-del-popolo","status":"publish","type":"post","link":"https:\/\/progettotouring.it\/radiotouring104\/2025\/01\/21\/il-consigliere-ripepi-sulla-chiusura-mercato-piazza-del-popolo\/","title":{"rendered":"Il Consigliere Ripepi sulla chiusura mercato Piazza del Popolo"},"content":{"rendered":"<p class=\"xmprfx_MsoNormal\">&#8220;Il Sindaco Falcomat\u00e0 dimostra ancora una volta mancanza di rispetto verso i cittadini, i rappresentanti eletti e le istituzioni, di cui egli stesso \u00e8 la massima espressione.<\/p>\n<p class=\"xmprfx_MsoNormal\">Anche oggi, con la consueta motivazione \u201cper impegni istituzionali\u201d, ha evitato il confronto politico, disertando la Commissione Controllo e Garanzia sulla grave questione della chiusura di Piazza del Popolo&#8221;, ha dichiarato Massimo Ripepi, Consigliere Comunale e Presidente della Commissione.<\/p>\n<p class=\"xmprfx_MsoNormal\">&#8220;Anzich\u00e9 dialogare con i Consiglieri Comunali e con i rappresentanti degli ambulanti, il Sindaco ha preferito inaugurare una scuola in provincia. Questo atteggiamento \u00e8 estremamente grave: lo Statuto comunale vigente (art. 40 comma 6) impone al Sindaco l\u2019obbligo di partecipazione alle Commissioni quando convocato. \u00c8 la terza volta che diserta, utilizzando sempre la stessa giustificazione: l\u2019impossibilit\u00e0 di partecipare a causa di\u00a0<u>&#8216;numerosi impegni istituzionali&#8217;. Q<\/u>uesto \u00e8\u00a0un chiaro segno del disprezzo di Falcomat\u00e0 per le istituzioni e per i cittadini che lo hanno delegato a governare la nostra citt\u00e0.&#8221;\u00a0ha proseguito il Presidente Ripepi.<\/p>\n<p class=\"xmprfx_MsoNormal\">&#8220;Vista la gravit\u00e0 di quanto accaduto,\u00a0ho inviato una lettera al Prefetto Dott.ssa Clara Vaccaro, che ha sempre agito con tempestivit\u00e0 per ripristinare il rispetto delle procedure amministrative. Il Sindaco non pu\u00f2 sottrarsi al confronto istituzionale: gli obblighi statutari sono superiori agli impegni di rappresentanza. Per questo motivo,\u00a0ho gi\u00e0 convocato una nuova riunione della Commissione Controllo e Garanzia per gioved\u00ec alle ore 8:20, alla quale Falcomat\u00e0 \u00e8 stato formalmente chiamato a partecipare,\u00a0e continuer\u00f2 a farlo finch\u00e9 lo stesso non adempir\u00e0 ai suoi doveri.&#8221;\u00a0 ha concluso il Presidente Massimo Ripepi.<\/p>\n","protected":false},"excerpt":{"rendered":"<p>&#8220;Il Sindaco Falcomat\u00e0 dimostra ancora una volta mancanza di rispetto verso i cittadini, i rappresentanti eletti e le istituzioni, di cui egli stesso \u00e8 la massima espressione. Anche oggi, con&hellip;<\/p>\n","protected":false},"author":19,"featured_media":65286,"comment_status":"closed","ping_status":"open","sticky":false,"template":"","format":"standard","meta":{"_jetpack_memberships_contains_paid_content":false,"footnotes":"","jetpack_publicize_message":"","jetpack_publicize_feature_enabled":true,"jetpack_social_post_already_shared":true,"jetpack_social_options":{"image_generator_settings":{"template":"highway","default_image_id":0,"font":"","enabled":false},"version":2}},"categories":[921,196,140],"tags":[],"class_list":["post-65285","post","type-post","status-publish","format-standard","has-post-thumbnail","hentry","category-home","category-news","category-reggio-calabria"],"yoast_head":"<!-- This site is optimized with the Yoast SEO plugin v27.2 - https:\/\/yoast.com\/product\/yoast-seo-wordpress\/ -->\n<title>Il Consigliere Ripepi sulla chiusura mercato Piazza del Popolo - Radio Touring 104<\/title>\n<meta name=\"description\" content=\"\u201cIl Sindaco Falcomat\u00e0 continua a sfuggire al confronto e al controllo\u201d\" \/>\n<meta name=\"robots\" content=\"index, follow, max-snippet:-1, max-image-preview:large, max-video-preview:-1\" \/>\n<link rel=\"canonical\" href=\"https:\/\/progettotouring.it\/radiotouring104\/2025\/01\/21\/il-consigliere-ripepi-sulla-chiusura-mercato-piazza-del-popolo\/\" \/>\n<meta property=\"og:locale\" content=\"it_IT\" \/>\n<meta property=\"og:type\" content=\"article\" \/>\n<meta property=\"og:title\" content=\"Il Consigliere Ripepi sulla chiusura mercato Piazza del Popolo - Radio Touring 104\" \/>\n<meta property=\"og:description\" content=\"\u201cIl Sindaco Falcomat\u00e0 continua a sfuggire al confronto e al controllo\u201d\" \/>\n<meta property=\"og:url\" content=\"https:\/\/progettotouring.it\/radiotouring104\/2025\/01\/21\/il-consigliere-ripepi-sulla-chiusura-mercato-piazza-del-popolo\/\" \/>\n<meta property=\"og:site_name\" content=\"Radio Touring 104\" \/>\n<meta property=\"article:published_time\" content=\"2025-01-21T19:18:41+00:00\" \/>\n<meta property=\"og:image\" content=\"https:\/\/progettotouring.it\/radiotouring104\/wp-content\/uploads\/sites\/6\/2025\/01\/Immagine-WhatsApp-2025-01-21-ore-20.18.02_705273ae.jpg\" \/>\n\t<meta property=\"og:image:width\" content=\"1600\" \/>\n\t<meta property=\"og:image:height\" content=\"898\" \/>\n\t<meta property=\"og:image:type\" content=\"image\/jpeg\" \/>\n<meta name=\"author\" content=\"S L\" \/>\n<meta name=\"twitter:card\" content=\"summary_large_image\" \/>\n<meta name=\"twitter:label1\" content=\"Scritto da\" \/>\n\t<meta name=\"twitter:data1\" content=\"S L\" \/>\n\t<meta name=\"twitter:label2\" content=\"Tempo di lettura stimato\" \/>\n\t<meta name=\"twitter:data2\" content=\"1 minuto\" \/>\n<script type=\"application\/ld+json\" class=\"yoast-schema-graph\">{\"@context\":\"https:\/\/schema.org\",\"@graph\":[{\"@type\":\"Article\",\"@id\":\"https:\/\/progettotouring.it\/radiotouring104\/2025\/01\/21\/il-consigliere-ripepi-sulla-chiusura-mercato-piazza-del-popolo\/#article\",\"isPartOf\":{\"@id\":\"https:\/\/progettotouring.it\/radiotouring104\/2025\/01\/21\/il-consigliere-ripepi-sulla-chiusura-mercato-piazza-del-popolo\/\"},\"author\":{\"name\":\"S L\",\"@id\":\"https:\/\/progettotouring.it\/radiotouring104\/#\/schema\/person\/b9f9c3730b0a78814c9b9f3bfc52c619\"},\"headline\":\"Il Consigliere Ripepi sulla chiusura mercato Piazza del Popolo\",\"datePublished\":\"2025-01-21T19:18:41+00:00\",\"mainEntityOfPage\":{\"@id\":\"https:\/\/progettotouring.it\/radiotouring104\/2025\/01\/21\/il-consigliere-ripepi-sulla-chiusura-mercato-piazza-del-popolo\/\"},\"wordCount\":255,\"publisher\":{\"@id\":\"https:\/\/progettotouring.it\/radiotouring104\/#organization\"},\"image\":{\"@id\":\"https:\/\/progettotouring.it\/radiotouring104\/2025\/01\/21\/il-consigliere-ripepi-sulla-chiusura-mercato-piazza-del-popolo\/#primaryimage\"},\"thumbnailUrl\":\"https:\/\/progettotouring.it\/radiotouring104\/wp-content\/uploads\/sites\/6\/2025\/01\/Immagine-WhatsApp-2025-01-21-ore-20.18.02_705273ae.jpg\",\"articleSection\":[\"Home\",\"News\",\"Reggio Calabria\"],\"inLanguage\":\"it-IT\"},{\"@type\":\"WebPage\",\"@id\":\"https:\/\/progettotouring.it\/radiotouring104\/2025\/01\/21\/il-consigliere-ripepi-sulla-chiusura-mercato-piazza-del-popolo\/\",\"url\":\"https:\/\/progettotouring.it\/radiotouring104\/2025\/01\/21\/il-consigliere-ripepi-sulla-chiusura-mercato-piazza-del-popolo\/\",\"name\":\"Il Consigliere Ripepi sulla chiusura mercato Piazza del Popolo - Radio Touring 104\",\"isPartOf\":{\"@id\":\"https:\/\/progettotouring.it\/radiotouring104\/#website\"},\"primaryImageOfPage\":{\"@id\":\"https:\/\/progettotouring.it\/radiotouring104\/2025\/01\/21\/il-consigliere-ripepi-sulla-chiusura-mercato-piazza-del-popolo\/#primaryimage\"},\"image\":{\"@id\":\"https:\/\/progettotouring.it\/radiotouring104\/2025\/01\/21\/il-consigliere-ripepi-sulla-chiusura-mercato-piazza-del-popolo\/#primaryimage\"},\"thumbnailUrl\":\"https:\/\/progettotouring.it\/radiotouring104\/wp-content\/uploads\/sites\/6\/2025\/01\/Immagine-WhatsApp-2025-01-21-ore-20.18.02_705273ae.jpg\",\"datePublished\":\"2025-01-21T19:18:41+00:00\",\"description\":\"\u201cIl Sindaco Falcomat\u00e0 continua a sfuggire al confronto e al controllo\u201d\",\"breadcrumb\":{\"@id\":\"https:\/\/progettotouring.it\/radiotouring104\/2025\/01\/21\/il-consigliere-ripepi-sulla-chiusura-mercato-piazza-del-popolo\/#breadcrumb\"},\"inLanguage\":\"it-IT\",\"potentialAction\":[{\"@type\":\"ReadAction\",\"target\":[\"https:\/\/progettotouring.it\/radiotouring104\/2025\/01\/21\/il-consigliere-ripepi-sulla-chiusura-mercato-piazza-del-popolo\/\"]}]},{\"@type\":\"ImageObject\",\"inLanguage\":\"it-IT\",\"@id\":\"https:\/\/progettotouring.it\/radiotouring104\/2025\/01\/21\/il-consigliere-ripepi-sulla-chiusura-mercato-piazza-del-popolo\/#primaryimage\",\"url\":\"https:\/\/progettotouring.it\/radiotouring104\/wp-content\/uploads\/sites\/6\/2025\/01\/Immagine-WhatsApp-2025-01-21-ore-20.18.02_705273ae.jpg\",\"contentUrl\":\"https:\/\/progettotouring.it\/radiotouring104\/wp-content\/uploads\/sites\/6\/2025\/01\/Immagine-WhatsApp-2025-01-21-ore-20.18.02_705273ae.jpg\",\"width\":1600,\"height\":898},{\"@type\":\"BreadcrumbList\",\"@id\":\"https:\/\/progettotouring.it\/radiotouring104\/2025\/01\/21\/il-consigliere-ripepi-sulla-chiusura-mercato-piazza-del-popolo\/#breadcrumb\",\"itemListElement\":[{\"@type\":\"ListItem\",\"position\":1,\"name\":\"Home\",\"item\":\"https:\/\/progettotouring.it\/radiotouring104\/\"},{\"@type\":\"ListItem\",\"position\":2,\"name\":\"Il Consigliere Ripepi sulla chiusura mercato Piazza del Popolo\"}]},{\"@type\":\"WebSite\",\"@id\":\"https:\/\/progettotouring.it\/radiotouring104\/#website\",\"url\":\"https:\/\/progettotouring.it\/radiotouring104\/\",\"name\":\"Radio Touring 104\",\"description\":\"La prima radio Reggina\",\"publisher\":{\"@id\":\"https:\/\/progettotouring.it\/radiotouring104\/#organization\"},\"potentialAction\":[{\"@type\":\"SearchAction\",\"target\":{\"@type\":\"EntryPoint\",\"urlTemplate\":\"https:\/\/progettotouring.it\/radiotouring104\/?s={search_term_string}\"},\"query-input\":{\"@type\":\"PropertyValueSpecification\",\"valueRequired\":true,\"valueName\":\"search_term_string\"}}],\"inLanguage\":\"it-IT\"},{\"@type\":\"Organization\",\"@id\":\"https:\/\/progettotouring.it\/radiotouring104\/#organization\",\"name\":\"Radio Touring 104\",\"url\":\"https:\/\/progettotouring.it\/radiotouring104\/\",\"logo\":{\"@type\":\"ImageObject\",\"inLanguage\":\"it-IT\",\"@id\":\"https:\/\/progettotouring.it\/radiotouring104\/#\/schema\/logo\/image\/\",\"url\":\"https:\/\/progettotouring.it\/radiotouring104\/wp-content\/uploads\/sites\/6\/2022\/02\/cropped-logo-radio-touring-104.png\",\"contentUrl\":\"https:\/\/progettotouring.it\/radiotouring104\/wp-content\/uploads\/sites\/6\/2022\/02\/cropped-logo-radio-touring-104.png\",\"width\":377,\"height\":182,\"caption\":\"Radio Touring 104\"},\"image\":{\"@id\":\"https:\/\/progettotouring.it\/radiotouring104\/#\/schema\/logo\/image\/\"}},{\"@type\":\"Person\",\"@id\":\"https:\/\/progettotouring.it\/radiotouring104\/#\/schema\/person\/b9f9c3730b0a78814c9b9f3bfc52c619\",\"name\":\"S L\",\"image\":{\"@type\":\"ImageObject\",\"inLanguage\":\"it-IT\",\"@id\":\"https:\/\/secure.gravatar.com\/avatar\/652c51789d7030aaed9ff828331360502a68204fe6fb0831bc280515210e16d2?s=96&d=mm&r=g\",\"url\":\"https:\/\/secure.gravatar.com\/avatar\/652c51789d7030aaed9ff828331360502a68204fe6fb0831bc280515210e16d2?s=96&d=mm&r=g\",\"contentUrl\":\"https:\/\/secure.gravatar.com\/avatar\/652c51789d7030aaed9ff828331360502a68204fe6fb0831bc280515210e16d2?s=96&d=mm&r=g\",\"caption\":\"S L\"},\"url\":\"https:\/\/progettotouring.it\/radiotouring104\/author\/slibri\/\"}]}<\/script>\n<!-- \/ Yoast SEO plugin. -->","yoast_head_json":{"title":"Il Consigliere Ripepi sulla chiusura mercato Piazza del Popolo - Radio Touring 104","description":"\u201cIl Sindaco Falcomat\u00e0 continua a sfuggire al confronto e al controllo\u201d","robots":{"index":"index","follow":"follow","max-snippet":"max-snippet:-1","max-image-preview":"max-image-preview:large","max-video-preview":"max-video-preview:-1"},"canonical":"https:\/\/progettotouring.it\/radiotouring104\/2025\/01\/21\/il-consigliere-ripepi-sulla-chiusura-mercato-piazza-del-popolo\/","og_locale":"it_IT","og_type":"article","og_title":"Il Consigliere Ripepi sulla chiusura mercato Piazza del Popolo - Radio Touring 104","og_description":"\u201cIl Sindaco Falcomat\u00e0 continua a sfuggire al confronto e al controllo\u201d","og_url":"https:\/\/progettotouring.it\/radiotouring104\/2025\/01\/21\/il-consigliere-ripepi-sulla-chiusura-mercato-piazza-del-popolo\/","og_site_name":"Radio Touring 104","article_published_time":"2025-01-21T19:18:41+00:00","og_image":[{"width":1600,"height":898,"url":"https:\/\/progettotouring.it\/radiotouring104\/wp-content\/uploads\/sites\/6\/2025\/01\/Immagine-WhatsApp-2025-01-21-ore-20.18.02_705273ae.jpg","type":"image\/jpeg"}],"author":"S L","twitter_card":"summary_large_image","twitter_misc":{"Scritto da":"S L","Tempo di lettura stimato":"1 minuto"},"schema":{"@context":"https:\/\/schema.org","@graph":[{"@type":"Article","@id":"https:\/\/progettotouring.it\/radiotouring104\/2025\/01\/21\/il-consigliere-ripepi-sulla-chiusura-mercato-piazza-del-popolo\/#article","isPartOf":{"@id":"https:\/\/progettotouring.it\/radiotouring104\/2025\/01\/21\/il-consigliere-ripepi-sulla-chiusura-mercato-piazza-del-popolo\/"},"author":{"name":"S L","@id":"https:\/\/progettotouring.it\/radiotouring104\/#\/schema\/person\/b9f9c3730b0a78814c9b9f3bfc52c619"},"headline":"Il Consigliere Ripepi sulla chiusura mercato Piazza del Popolo","datePublished":"2025-01-21T19:18:41+00:00","mainEntityOfPage":{"@id":"https:\/\/progettotouring.it\/radiotouring104\/2025\/01\/21\/il-consigliere-ripepi-sulla-chiusura-mercato-piazza-del-popolo\/"},"wordCount":255,"publisher":{"@id":"https:\/\/progettotouring.it\/radiotouring104\/#organization"},"image":{"@id":"https:\/\/progettotouring.it\/radiotouring104\/2025\/01\/21\/il-consigliere-ripepi-sulla-chiusura-mercato-piazza-del-popolo\/#primaryimage"},"thumbnailUrl":"https:\/\/progettotouring.it\/radiotouring104\/wp-content\/uploads\/sites\/6\/2025\/01\/Immagine-WhatsApp-2025-01-21-ore-20.18.02_705273ae.jpg","articleSection":["Home","News","Reggio Calabria"],"inLanguage":"it-IT"},{"@type":"WebPage","@id":"https:\/\/progettotouring.it\/radiotouring104\/2025\/01\/21\/il-consigliere-ripepi-sulla-chiusura-mercato-piazza-del-popolo\/","url":"https:\/\/progettotouring.it\/radiotouring104\/2025\/01\/21\/il-consigliere-ripepi-sulla-chiusura-mercato-piazza-del-popolo\/","name":"Il Consigliere Ripepi sulla chiusura mercato Piazza del Popolo - Radio Touring 104","isPartOf":{"@id":"https:\/\/progettotouring.it\/radiotouring104\/#website"},"primaryImageOfPage":{"@id":"https:\/\/progettotouring.it\/radiotouring104\/2025\/01\/21\/il-consigliere-ripepi-sulla-chiusura-mercato-piazza-del-popolo\/#primaryimage"},"image":{"@id":"https:\/\/progettotouring.it\/radiotouring104\/2025\/01\/21\/il-consigliere-ripepi-sulla-chiusura-mercato-piazza-del-popolo\/#primaryimage"},"thumbnailUrl":"https:\/\/progettotouring.it\/radiotouring104\/wp-content\/uploads\/sites\/6\/2025\/01\/Immagine-WhatsApp-2025-01-21-ore-20.18.02_705273ae.jpg","datePublished":"2025-01-21T19:18:41+00:00","description":"\u201cIl Sindaco Falcomat\u00e0 continua a sfuggire al confronto e al controllo\u201d","breadcrumb":{"@id":"https:\/\/progettotouring.it\/radiotouring104\/2025\/01\/21\/il-consigliere-ripepi-sulla-chiusura-mercato-piazza-del-popolo\/#breadcrumb"},"inLanguage":"it-IT","potentialAction":[{"@type":"ReadAction","target":["https:\/\/progettotouring.it\/radiotouring104\/2025\/01\/21\/il-consigliere-ripepi-sulla-chiusura-mercato-piazza-del-popolo\/"]}]},{"@type":"ImageObject","inLanguage":"it-IT","@id":"https:\/\/progettotouring.it\/radiotouring104\/2025\/01\/21\/il-consigliere-ripepi-sulla-chiusura-mercato-piazza-del-popolo\/#primaryimage","url":"https:\/\/progettotouring.it\/radiotouring104\/wp-content\/uploads\/sites\/6\/2025\/01\/Immagine-WhatsApp-2025-01-21-ore-20.18.02_705273ae.jpg","contentUrl":"https:\/\/progettotouring.it\/radiotouring104\/wp-content\/uploads\/sites\/6\/2025\/01\/Immagine-WhatsApp-2025-01-21-ore-20.18.02_705273ae.jpg","width":1600,"height":898},{"@type":"BreadcrumbList","@id":"https:\/\/progettotouring.it\/radiotouring104\/2025\/01\/21\/il-consigliere-ripepi-sulla-chiusura-mercato-piazza-del-popolo\/#breadcrumb","itemListElement":[{"@type":"ListItem","position":1,"name":"Home","item":"https:\/\/progettotouring.it\/radiotouring104\/"},{"@type":"ListItem","position":2,"name":"Il Consigliere Ripepi sulla chiusura mercato Piazza del Popolo"}]},{"@type":"WebSite","@id":"https:\/\/progettotouring.it\/radiotouring104\/#website","url":"https:\/\/progettotouring.it\/radiotouring104\/","name":"Radio Touring 104","description":"La prima radio Reggina","publisher":{"@id":"https:\/\/progettotouring.it\/radiotouring104\/#organization"},"potentialAction":[{"@type":"SearchAction","target":{"@type":"EntryPoint","urlTemplate":"https:\/\/progettotouring.it\/radiotouring104\/?s={search_term_string}"},"query-input":{"@type":"PropertyValueSpecification","valueRequired":true,"valueName":"search_term_string"}}],"inLanguage":"it-IT"},{"@type":"Organization","@id":"https:\/\/progettotouring.it\/radiotouring104\/#organization","name":"Radio Touring 104","url":"https:\/\/progettotouring.it\/radiotouring104\/","logo":{"@type":"ImageObject","inLanguage":"it-IT","@id":"https:\/\/progettotouring.it\/radiotouring104\/#\/schema\/logo\/image\/","url":"https:\/\/progettotouring.it\/radiotouring104\/wp-content\/uploads\/sites\/6\/2022\/02\/cropped-logo-radio-touring-104.png","contentUrl":"https:\/\/progettotouring.it\/radiotouring104\/wp-content\/uploads\/sites\/6\/2022\/02\/cropped-logo-radio-touring-104.png","width":377,"height":182,"caption":"Radio Touring 104"},"image":{"@id":"https:\/\/progettotouring.it\/radiotouring104\/#\/schema\/logo\/image\/"}},{"@type":"Person","@id":"https:\/\/progettotouring.it\/radiotouring104\/#\/schema\/person\/b9f9c3730b0a78814c9b9f3bfc52c619","name":"S L","image":{"@type":"ImageObject","inLanguage":"it-IT","@id":"https:\/\/secure.gravatar.com\/avatar\/652c51789d7030aaed9ff828331360502a68204fe6fb0831bc280515210e16d2?s=96&d=mm&r=g","url":"https:\/\/secure.gravatar.com\/avatar\/652c51789d7030aaed9ff828331360502a68204fe6fb0831bc280515210e16d2?s=96&d=mm&r=g","contentUrl":"https:\/\/secure.gravatar.com\/avatar\/652c51789d7030aaed9ff828331360502a68204fe6fb0831bc280515210e16d2?s=96&d=mm&r=g","caption":"S L"},"url":"https:\/\/progettotouring.it\/radiotouring104\/author\/slibri\/"}]}},"jetpack_publicize_connections":[],"jetpack_featured_media_url":"https:\/\/progettotouring.it\/radiotouring104\/wp-content\/uploads\/sites\/6\/2025\/01\/Immagine-WhatsApp-2025-01-21-ore-20.18.02_705273ae.jpg","jetpack_sharing_enabled":true,"_links":{"self":[{"href":"https:\/\/progettotouring.it\/radiotouring104\/wp-json\/wp\/v2\/posts\/65285","targetHints":{"allow":["GET"]}}],"collection":[{"href":"https:\/\/progettotouring.it\/radiotouring104\/wp-json\/wp\/v2\/posts"}],"about":[{"href":"https:\/\/progettotouring.it\/radiotouring104\/wp-json\/wp\/v2\/types\/post"}],"author":[{"embeddable":true,"href":"https:\/\/progettotouring.it\/radiotouring104\/wp-json\/wp\/v2\/users\/19"}],"replies":[{"embeddable":true,"href":"https:\/\/progettotouring.it\/radiotouring104\/wp-json\/wp\/v2\/comments?post=65285"}],"version-history":[{"count":1,"href":"https:\/\/progettotouring.it\/radiotouring104\/wp-json\/wp\/v2\/posts\/65285\/revisions"}],"predecessor-version":[{"id":65287,"href":"https:\/\/progettotouring.it\/radiotouring104\/wp-json\/wp\/v2\/posts\/65285\/revisions\/65287"}],"wp:featuredmedia":[{"embeddable":true,"href":"https:\/\/progettotouring.it\/radiotouring104\/wp-json\/wp\/v2\/media\/65286"}],"wp:attachment":[{"href":"https:\/\/progettotouring.it\/radiotouring104\/wp-json\/wp\/v2\/media?parent=65285"}],"wp:term":[{"taxonomy":"category","embeddable":true,"href":"https:\/\/progettotouring.it\/radiotouring104\/wp-json\/wp\/v2\/categories?post=65285"},{"taxonomy":"post_tag","embeddable":true,"href":"https:\/\/progettotouring.it\/radiotouring104\/wp-json\/wp\/v2\/tags?post=65285"}],"curies":[{"name":"wp","href":"https:\/\/api.w.org\/{rel}","templated":true}]}}