{"id":65509,"date":"2025-01-24T10:19:40","date_gmt":"2025-01-24T09:19:40","guid":{"rendered":"https:\/\/progettotouring.it\/radiotouring104\/?p=65509"},"modified":"2025-01-24T10:19:40","modified_gmt":"2025-01-24T09:19:40","slug":"italia-nostra-catanzaro-fa-il-punto-sulleolico-offshore-nel-golfo-di-squillace","status":"publish","type":"post","link":"https:\/\/progettotouring.it\/radiotouring104\/2025\/01\/24\/italia-nostra-catanzaro-fa-il-punto-sulleolico-offshore-nel-golfo-di-squillace\/","title":{"rendered":"\u201cItalia Nostra\u201d Catanzaro fa il punto sull&#8217;Eolico offshore nel Golfo di Squillace"},"content":{"rendered":"<p class=\"xmprfx_MsoNormal\" style=\"text-align: justify\">Il paesaggio marino della Calabria, in particolare quello del Golfo di Squillace, si trova al centro di una mobilitazione che mira a proteggere la sua unicit\u00e0 e identit\u00e0 dall&#8217;invasione delle pale eoliche, destinate a danneggiare l&#8217;integrit\u00e0 territoriale e ambientale del territorio, senza alcun coinvolgimento preventivo della cittadinanza. Alimentare il confronto e approfondire la tematica diventa, quindi, uno strumento potente di contrasto alla realizzazione di questo progetto.<\/p>\n<p class=\"xmprfx_MsoNormal\" style=\"text-align: justify\">\n<p class=\"xmprfx_MsoNormal\" style=\"text-align: justify\">La sezione di Italia Nostra Catanzaro ha voluto richiamare l&#8217;attenzione sulla questione e sulla necessit\u00e0 di mantenere alta la mobilitazione, convocando una conferenza stampa che si \u00e8 tenuta ieri mattina nella sala concerti di Palazzo de Nobili a Catanzaro, sul tema &#8220;Una battaglia che si pu\u00f2 vincere. No all\u2019eolico offshore nel Golfo di Squillace&#8221;.<\/p>\n<p class=\"xmprfx_MsoNormal\" style=\"text-align: justify\">\n<p class=\"xmprfx_MsoNormal\" style=\"text-align: justify\">Un&#8217;iniziativa fortemente voluta da tutti i componenti del direttivo, assieme alla presidente Bova: il vice presidente Aldo Ventrici, la segretaria Rossella Greco, la tesoriera Maria Teresa La Vitola e la componente Marisa Gigliotti.<\/p>\n<p class=\"xmprfx_MsoNormal\" style=\"text-align: justify\">\n<p class=\"xmprfx_MsoNormal\" style=\"text-align: justify\">La battaglia contro l&#8217;eolico offshore vede protagonisti associazioni, istituzioni e amministrazioni locali, grazie anche all\u2019impegno del sodalizio guidato dalla presidente Elena Bova, che ha ribadito: \u201cItalia Nostra \u00e8 fermamente contraria alla costruzione del parco eolico nel Golfo di Squillace. Un &#8216;progetto mostruoso&#8217;, lo ha definito, per l\u2019impatto negativo che avrebbe sul paesaggio e sull\u2019ecosistema. La Calabria ha gi\u00e0 vissuto l\u2019esperienza dell\u2019eolico a terra, con l\u2019installazione di numerose pale che, secondo gli oppositori, non hanno portato benefici tangibili in termini energetici e hanno gravato su settori vitali come l\u2019agricoltura. La situazione energetica regionale, infatti, \u00e8 in surplus: la Calabria produce pi\u00f9 energia di quanta ne consumi, con la possibilit\u00e0 di ridurre notevolmente i costi delle bollette per i cittadini\u201d.<\/p>\n<p class=\"xmprfx_MsoNormal\" style=\"text-align: justify\">\n<p class=\"xmprfx_MsoNormal\" style=\"text-align: justify\">Il progetto di eolico offshore, secondo gli oppositori, rischia non solo di danneggiare l\u2019ambiente, ma anche di compromettere l\u2019identit\u00e0 storica e culturale della regione. Elena Bova ha ricordato come, \u201cproprio nei terreni di Squillace, sia stata recentemente scoperta una villa romana, un altro simbolo del valore archeologico che si rischia di danneggiare con la costruzione di nuove infrastrutture invasive. La protezione di questo patrimonio, sia naturale che culturale, \u00e8 dunque uno dei motivi principali per cui la mobilitazione continua con determinazione\u201d.<\/p>\n<p class=\"xmprfx_MsoNormal\" style=\"text-align: justify\">\n<p class=\"xmprfx_MsoNormal\" style=\"text-align: justify\">La vice sindaca di Catanzaro, Giusy Iemma, ha rafforzato il messaggio di opposizione. Sebbene l\u2019amministrazione comunale sia favorevole alla transizione verso fonti di energia rinnovabile, Iemma ha sottolineato come il progetto di eolico offshore sia in contrasto con la visione di sviluppo della costa calabrese. La citt\u00e0 di Catanzaro, infatti, punta a valorizzare il proprio patrimonio naturale, come la Pineta e le Dune di Giovino, e ad attrarre il turismo grazie alla bellezza del mare e dei suoi fondali. L\u2019impatto del parco eolico potrebbe compromettere questa risorsa, che \u00e8 alla base del futuro economico e culturale del territorio. Inoltre, il Comune \u00e8 impegnato in progetti di efficientamento energetico, ma sempre con un occhio di riguardo per la sostenibilit\u00e0 ambientale. \u201cAbbiamo strumenti di pianificazione urbanistica che impongono il rispetto del paesaggio, dell\u2019ambiente e della natura. La costruzione di un parco eolico offshore comprometterebbe il nostro panorama marino, che siamo profondamente orgogliosi di possedere\u201d, ha concluso la vice sindaca con delega alle Politiche del mare.<\/p>\n<p class=\"xmprfx_MsoNormal\" style=\"text-align: justify\">\n<p class=\"xmprfx_MsoNormal\" style=\"text-align: justify\">Mauro Galeano, collaboratore del consigliere regionale Ernesto Alecci, ha illustrato l&#8217;importanza di una pianificazione energetica a lungo termine. Galeano ha spiegato come \u201cla Calabria gi\u00e0 produca pi\u00f9 energia di quella necessaria e come sia fondamentale un approccio pi\u00f9 razionale alla gestione delle energie rinnovabili, con un equilibrio che non danneggi l\u2019ambiente. Il rischio di un\u2019ulteriore proliferazione di impianti eolici senza una regolamentazione precisa \u00e8 concreto, e le preoccupazioni riguardano anche l\u2019impatto tecnico delle strutture, come la necessit\u00e0 di smaltire le pale eoliche dopo 20-25 anni di utilizzo e i possibili danni ambientali derivanti dall&#8217;uso di lubrificanti e rumori\u201d.<\/p>\n<p class=\"xmprfx_MsoNormal\" style=\"text-align: justify\">\n<p class=\"xmprfx_MsoNormal\" style=\"text-align: justify\">La proposta di legge presentata dal consigliere Alecci, inoltre, evidenzia la necessit\u00e0 di coinvolgere le comunit\u00e0 locali nelle decisioni e di creare un piano strategico che contempli i rischi e i benefici a lungo termine, senza sacrificare il paesaggio e il turismo.<\/p>\n<p class=\"xmprfx_MsoNormal\" style=\"text-align: justify\">\n<p class=\"xmprfx_MsoNormal\" style=\"text-align: justify\">L\u2019avvocato Nicolina Raffaelli ha sottolineato il ruolo cruciale della mobilitazione dei cittadini e delle associazioni, un\u2019azione corale che ha portato alla presentazione di ricorsi legali contro il progetto. \u201cLa mobilitazione &#8211; ha spiegato &#8211; \u00e8 stata alimentata anche da interventi tecnici di esperti che hanno messo in luce ulteriori problematiche, come il rischio di tsunami in una zona ad alta attivit\u00e0 vulcanica.\u201d Raffaelli ha inoltre sollevato dubbi sul fatto che le grandi multinazionali che gestiscono il progetto, tra cui una societ\u00e0 spagnola, possano non essere in grado di garantire i danni in caso di incidenti sul territorio, dato il basso capitale sociale di alcune delle societ\u00e0 coinvolte. \u201cLa Calabria non deve diventare un terreno di sfruttamento energetico privo di considerazione per le sue specificit\u00e0 territoriali e culturali. Le istituzioni e la popolazione calabrese sono unite nella convinzione che il futuro della regione debba essere costruito nel rispetto dell\u2019ambiente, della biodiversit\u00e0 e del paesaggio\u201d.<\/p>\n<p class=\"xmprfx_MsoNormal\" style=\"text-align: justify\">\n<p class=\"xmprfx_MsoNormal\" style=\"text-align: justify\">Come ha sottolineato nelle conclusioni il vice presidente di Italia Nostra Catanzaro, Aldo Ventrici: \u201cE\u2019 necessario un cambiamento di paradigma che ponga al centro il benessere della comunit\u00e0 locale, senza svendere le risorse naturali per progetti che, seppur nati con l\u2019intento di promuovere l\u2019energia rinnovabile, rischiano di danneggiare irreparabilmente il territorio\u201d.<\/p>\n<p class=\"xmprfx_MsoNormal\" style=\"text-align: justify\">\n<p class=\"xmprfx_MsoNormal\" style=\"text-align: justify\">La mobilitazione proseguir\u00e0, consapevoli che il cambiamento \u00e8 possibile, ma solo se la comunit\u00e0 calabrese rimarr\u00e0 unita e determinata nel far valere le proprie ragioni, difendendo il mare del Golfo di Squillace come patrimonio di tutti.<\/p>\n","protected":false},"excerpt":{"rendered":"<p>Il paesaggio marino della Calabria, in particolare quello del Golfo di Squillace, si trova al centro di una mobilitazione che mira a proteggere la sua unicit\u00e0 e identit\u00e0 dall&#8217;invasione delle&hellip;<\/p>\n","protected":false},"author":12,"featured_media":65510,"comment_status":"closed","ping_status":"open","sticky":false,"template":"","format":"standard","meta":{"_jetpack_memberships_contains_paid_content":false,"footnotes":"","jetpack_publicize_message":"","jetpack_publicize_feature_enabled":true,"jetpack_social_post_already_shared":true,"jetpack_social_options":{"image_generator_settings":{"template":"highway","default_image_id":0,"font":"","enabled":false},"version":2}},"categories":[142,921,196],"tags":[698,39708,35300,33041,39707],"class_list":["post-65509","post","type-post","status-publish","format-standard","has-post-thumbnail","hentry","category-calabria","category-home","category-news","tag-catanzaro","tag-eolico-offshore","tag-golfo-di-squillace","tag-italia-nostra-sezione-catanzaro","tag-palazzo-dei-nobili"],"yoast_head":"<!-- This site is optimized with the Yoast SEO plugin v27.2 - https:\/\/yoast.com\/product\/yoast-seo-wordpress\/ -->\n<title>\u201cItalia Nostra\u201d Catanzaro fa il punto sull&#039;Eolico offshore nel Golfo di Squillace - Radio Touring 104<\/title>\n<meta name=\"description\" content=\"La sezione di Italia Nostra ha fatto il punto nel corso di una conferenza stampa, convocata ieri a Palazzo de Nobili, a Catanzaro\" \/>\n<meta name=\"robots\" content=\"index, follow, max-snippet:-1, max-image-preview:large, max-video-preview:-1\" \/>\n<link rel=\"canonical\" href=\"https:\/\/progettotouring.it\/radiotouring104\/2025\/01\/24\/italia-nostra-catanzaro-fa-il-punto-sulleolico-offshore-nel-golfo-di-squillace\/\" \/>\n<meta property=\"og:locale\" content=\"it_IT\" \/>\n<meta property=\"og:type\" content=\"article\" \/>\n<meta property=\"og:title\" content=\"\u201cItalia Nostra\u201d Catanzaro fa il punto sull&#039;Eolico offshore nel Golfo di Squillace - Radio Touring 104\" \/>\n<meta property=\"og:description\" content=\"La sezione di Italia Nostra ha fatto il punto nel corso di una conferenza stampa, convocata ieri a Palazzo de Nobili, a Catanzaro\" \/>\n<meta property=\"og:url\" content=\"https:\/\/progettotouring.it\/radiotouring104\/2025\/01\/24\/italia-nostra-catanzaro-fa-il-punto-sulleolico-offshore-nel-golfo-di-squillace\/\" \/>\n<meta property=\"og:site_name\" content=\"Radio Touring 104\" \/>\n<meta property=\"article:published_time\" content=\"2025-01-24T09:19:40+00:00\" \/>\n<meta property=\"og:image\" content=\"https:\/\/progettotouring.it\/radiotouring104\/wp-content\/uploads\/sites\/6\/2025\/01\/Italia-Nostra-Catanzaro-Eolico-Golfo-Squillace.jpg\" \/>\n\t<meta property=\"og:image:width\" content=\"2048\" \/>\n\t<meta property=\"og:image:height\" content=\"1536\" \/>\n\t<meta property=\"og:image:type\" content=\"image\/jpeg\" \/>\n<meta name=\"author\" content=\"Sebastiano Plutino\" \/>\n<meta name=\"twitter:card\" content=\"summary_large_image\" \/>\n<meta name=\"twitter:label1\" content=\"Scritto da\" \/>\n\t<meta name=\"twitter:data1\" content=\"Sebastiano Plutino\" \/>\n\t<meta name=\"twitter:label2\" content=\"Tempo di lettura stimato\" \/>\n\t<meta name=\"twitter:data2\" content=\"5 minuti\" \/>\n<script type=\"application\/ld+json\" class=\"yoast-schema-graph\">{\"@context\":\"https:\/\/schema.org\",\"@graph\":[{\"@type\":\"Article\",\"@id\":\"https:\/\/progettotouring.it\/radiotouring104\/2025\/01\/24\/italia-nostra-catanzaro-fa-il-punto-sulleolico-offshore-nel-golfo-di-squillace\/#article\",\"isPartOf\":{\"@id\":\"https:\/\/progettotouring.it\/radiotouring104\/2025\/01\/24\/italia-nostra-catanzaro-fa-il-punto-sulleolico-offshore-nel-golfo-di-squillace\/\"},\"author\":{\"name\":\"Sebastiano Plutino\",\"@id\":\"https:\/\/progettotouring.it\/radiotouring104\/#\/schema\/person\/78613917f1851f041f7483f5af1d422e\"},\"headline\":\"\u201cItalia Nostra\u201d Catanzaro fa il punto sull&#8217;Eolico offshore nel Golfo di Squillace\",\"datePublished\":\"2025-01-24T09:19:40+00:00\",\"mainEntityOfPage\":{\"@id\":\"https:\/\/progettotouring.it\/radiotouring104\/2025\/01\/24\/italia-nostra-catanzaro-fa-il-punto-sulleolico-offshore-nel-golfo-di-squillace\/\"},\"wordCount\":919,\"publisher\":{\"@id\":\"https:\/\/progettotouring.it\/radiotouring104\/#organization\"},\"image\":{\"@id\":\"https:\/\/progettotouring.it\/radiotouring104\/2025\/01\/24\/italia-nostra-catanzaro-fa-il-punto-sulleolico-offshore-nel-golfo-di-squillace\/#primaryimage\"},\"thumbnailUrl\":\"https:\/\/progettotouring.it\/radiotouring104\/wp-content\/uploads\/sites\/6\/2025\/01\/Italia-Nostra-Catanzaro-Eolico-Golfo-Squillace.jpg\",\"keywords\":[\"catanzaro\",\"Eolico offshore\",\"Golfo di Squillace\",\"Italia Nostra Sezione Catanzaro\",\"Palazzo dei Nobili\"],\"articleSection\":[\"Calabria\",\"Home\",\"News\"],\"inLanguage\":\"it-IT\"},{\"@type\":\"WebPage\",\"@id\":\"https:\/\/progettotouring.it\/radiotouring104\/2025\/01\/24\/italia-nostra-catanzaro-fa-il-punto-sulleolico-offshore-nel-golfo-di-squillace\/\",\"url\":\"https:\/\/progettotouring.it\/radiotouring104\/2025\/01\/24\/italia-nostra-catanzaro-fa-il-punto-sulleolico-offshore-nel-golfo-di-squillace\/\",\"name\":\"\u201cItalia Nostra\u201d Catanzaro fa il punto sull'Eolico offshore nel Golfo di Squillace - Radio Touring 104\",\"isPartOf\":{\"@id\":\"https:\/\/progettotouring.it\/radiotouring104\/#website\"},\"primaryImageOfPage\":{\"@id\":\"https:\/\/progettotouring.it\/radiotouring104\/2025\/01\/24\/italia-nostra-catanzaro-fa-il-punto-sulleolico-offshore-nel-golfo-di-squillace\/#primaryimage\"},\"image\":{\"@id\":\"https:\/\/progettotouring.it\/radiotouring104\/2025\/01\/24\/italia-nostra-catanzaro-fa-il-punto-sulleolico-offshore-nel-golfo-di-squillace\/#primaryimage\"},\"thumbnailUrl\":\"https:\/\/progettotouring.it\/radiotouring104\/wp-content\/uploads\/sites\/6\/2025\/01\/Italia-Nostra-Catanzaro-Eolico-Golfo-Squillace.jpg\",\"datePublished\":\"2025-01-24T09:19:40+00:00\",\"description\":\"La sezione di Italia Nostra ha fatto il punto nel corso di una conferenza stampa, convocata ieri a Palazzo de Nobili, a Catanzaro\",\"breadcrumb\":{\"@id\":\"https:\/\/progettotouring.it\/radiotouring104\/2025\/01\/24\/italia-nostra-catanzaro-fa-il-punto-sulleolico-offshore-nel-golfo-di-squillace\/#breadcrumb\"},\"inLanguage\":\"it-IT\",\"potentialAction\":[{\"@type\":\"ReadAction\",\"target\":[\"https:\/\/progettotouring.it\/radiotouring104\/2025\/01\/24\/italia-nostra-catanzaro-fa-il-punto-sulleolico-offshore-nel-golfo-di-squillace\/\"]}]},{\"@type\":\"ImageObject\",\"inLanguage\":\"it-IT\",\"@id\":\"https:\/\/progettotouring.it\/radiotouring104\/2025\/01\/24\/italia-nostra-catanzaro-fa-il-punto-sulleolico-offshore-nel-golfo-di-squillace\/#primaryimage\",\"url\":\"https:\/\/progettotouring.it\/radiotouring104\/wp-content\/uploads\/sites\/6\/2025\/01\/Italia-Nostra-Catanzaro-Eolico-Golfo-Squillace.jpg\",\"contentUrl\":\"https:\/\/progettotouring.it\/radiotouring104\/wp-content\/uploads\/sites\/6\/2025\/01\/Italia-Nostra-Catanzaro-Eolico-Golfo-Squillace.jpg\",\"width\":2048,\"height\":1536},{\"@type\":\"BreadcrumbList\",\"@id\":\"https:\/\/progettotouring.it\/radiotouring104\/2025\/01\/24\/italia-nostra-catanzaro-fa-il-punto-sulleolico-offshore-nel-golfo-di-squillace\/#breadcrumb\",\"itemListElement\":[{\"@type\":\"ListItem\",\"position\":1,\"name\":\"Home\",\"item\":\"https:\/\/progettotouring.it\/radiotouring104\/\"},{\"@type\":\"ListItem\",\"position\":2,\"name\":\"\u201cItalia Nostra\u201d Catanzaro fa il punto sull&#8217;Eolico offshore nel Golfo di Squillace\"}]},{\"@type\":\"WebSite\",\"@id\":\"https:\/\/progettotouring.it\/radiotouring104\/#website\",\"url\":\"https:\/\/progettotouring.it\/radiotouring104\/\",\"name\":\"Radio Touring 104\",\"description\":\"La prima radio Reggina\",\"publisher\":{\"@id\":\"https:\/\/progettotouring.it\/radiotouring104\/#organization\"},\"potentialAction\":[{\"@type\":\"SearchAction\",\"target\":{\"@type\":\"EntryPoint\",\"urlTemplate\":\"https:\/\/progettotouring.it\/radiotouring104\/?s={search_term_string}\"},\"query-input\":{\"@type\":\"PropertyValueSpecification\",\"valueRequired\":true,\"valueName\":\"search_term_string\"}}],\"inLanguage\":\"it-IT\"},{\"@type\":\"Organization\",\"@id\":\"https:\/\/progettotouring.it\/radiotouring104\/#organization\",\"name\":\"Radio Touring 104\",\"url\":\"https:\/\/progettotouring.it\/radiotouring104\/\",\"logo\":{\"@type\":\"ImageObject\",\"inLanguage\":\"it-IT\",\"@id\":\"https:\/\/progettotouring.it\/radiotouring104\/#\/schema\/logo\/image\/\",\"url\":\"https:\/\/progettotouring.it\/radiotouring104\/wp-content\/uploads\/sites\/6\/2022\/02\/cropped-logo-radio-touring-104.png\",\"contentUrl\":\"https:\/\/progettotouring.it\/radiotouring104\/wp-content\/uploads\/sites\/6\/2022\/02\/cropped-logo-radio-touring-104.png\",\"width\":377,\"height\":182,\"caption\":\"Radio Touring 104\"},\"image\":{\"@id\":\"https:\/\/progettotouring.it\/radiotouring104\/#\/schema\/logo\/image\/\"}},{\"@type\":\"Person\",\"@id\":\"https:\/\/progettotouring.it\/radiotouring104\/#\/schema\/person\/78613917f1851f041f7483f5af1d422e\",\"name\":\"Sebastiano Plutino\",\"image\":{\"@type\":\"ImageObject\",\"inLanguage\":\"it-IT\",\"@id\":\"https:\/\/secure.gravatar.com\/avatar\/0546ffaa9b79224faf9f2a156b67a529ae861d3287c66c1d8ccfdf909bcba78d?s=96&d=mm&r=g\",\"url\":\"https:\/\/secure.gravatar.com\/avatar\/0546ffaa9b79224faf9f2a156b67a529ae861d3287c66c1d8ccfdf909bcba78d?s=96&d=mm&r=g\",\"contentUrl\":\"https:\/\/secure.gravatar.com\/avatar\/0546ffaa9b79224faf9f2a156b67a529ae861d3287c66c1d8ccfdf909bcba78d?s=96&d=mm&r=g\",\"caption\":\"Sebastiano Plutino\"},\"url\":\"https:\/\/progettotouring.it\/radiotouring104\/author\/sebastiano\/\"}]}<\/script>\n<!-- \/ Yoast SEO plugin. -->","yoast_head_json":{"title":"\u201cItalia Nostra\u201d Catanzaro fa il punto sull'Eolico offshore nel Golfo di Squillace - Radio Touring 104","description":"La sezione di Italia Nostra ha fatto il punto nel corso di una conferenza stampa, convocata ieri a Palazzo de Nobili, a Catanzaro","robots":{"index":"index","follow":"follow","max-snippet":"max-snippet:-1","max-image-preview":"max-image-preview:large","max-video-preview":"max-video-preview:-1"},"canonical":"https:\/\/progettotouring.it\/radiotouring104\/2025\/01\/24\/italia-nostra-catanzaro-fa-il-punto-sulleolico-offshore-nel-golfo-di-squillace\/","og_locale":"it_IT","og_type":"article","og_title":"\u201cItalia Nostra\u201d Catanzaro fa il punto sull'Eolico offshore nel Golfo di Squillace - Radio Touring 104","og_description":"La sezione di Italia Nostra ha fatto il punto nel corso di una conferenza stampa, convocata ieri a Palazzo de Nobili, a Catanzaro","og_url":"https:\/\/progettotouring.it\/radiotouring104\/2025\/01\/24\/italia-nostra-catanzaro-fa-il-punto-sulleolico-offshore-nel-golfo-di-squillace\/","og_site_name":"Radio Touring 104","article_published_time":"2025-01-24T09:19:40+00:00","og_image":[{"width":2048,"height":1536,"url":"https:\/\/progettotouring.it\/radiotouring104\/wp-content\/uploads\/sites\/6\/2025\/01\/Italia-Nostra-Catanzaro-Eolico-Golfo-Squillace.jpg","type":"image\/jpeg"}],"author":"Sebastiano Plutino","twitter_card":"summary_large_image","twitter_misc":{"Scritto da":"Sebastiano Plutino","Tempo di lettura stimato":"5 minuti"},"schema":{"@context":"https:\/\/schema.org","@graph":[{"@type":"Article","@id":"https:\/\/progettotouring.it\/radiotouring104\/2025\/01\/24\/italia-nostra-catanzaro-fa-il-punto-sulleolico-offshore-nel-golfo-di-squillace\/#article","isPartOf":{"@id":"https:\/\/progettotouring.it\/radiotouring104\/2025\/01\/24\/italia-nostra-catanzaro-fa-il-punto-sulleolico-offshore-nel-golfo-di-squillace\/"},"author":{"name":"Sebastiano Plutino","@id":"https:\/\/progettotouring.it\/radiotouring104\/#\/schema\/person\/78613917f1851f041f7483f5af1d422e"},"headline":"\u201cItalia Nostra\u201d Catanzaro fa il punto sull&#8217;Eolico offshore nel Golfo di Squillace","datePublished":"2025-01-24T09:19:40+00:00","mainEntityOfPage":{"@id":"https:\/\/progettotouring.it\/radiotouring104\/2025\/01\/24\/italia-nostra-catanzaro-fa-il-punto-sulleolico-offshore-nel-golfo-di-squillace\/"},"wordCount":919,"publisher":{"@id":"https:\/\/progettotouring.it\/radiotouring104\/#organization"},"image":{"@id":"https:\/\/progettotouring.it\/radiotouring104\/2025\/01\/24\/italia-nostra-catanzaro-fa-il-punto-sulleolico-offshore-nel-golfo-di-squillace\/#primaryimage"},"thumbnailUrl":"https:\/\/progettotouring.it\/radiotouring104\/wp-content\/uploads\/sites\/6\/2025\/01\/Italia-Nostra-Catanzaro-Eolico-Golfo-Squillace.jpg","keywords":["catanzaro","Eolico offshore","Golfo di Squillace","Italia Nostra Sezione Catanzaro","Palazzo dei Nobili"],"articleSection":["Calabria","Home","News"],"inLanguage":"it-IT"},{"@type":"WebPage","@id":"https:\/\/progettotouring.it\/radiotouring104\/2025\/01\/24\/italia-nostra-catanzaro-fa-il-punto-sulleolico-offshore-nel-golfo-di-squillace\/","url":"https:\/\/progettotouring.it\/radiotouring104\/2025\/01\/24\/italia-nostra-catanzaro-fa-il-punto-sulleolico-offshore-nel-golfo-di-squillace\/","name":"\u201cItalia Nostra\u201d Catanzaro fa il punto sull'Eolico offshore nel Golfo di Squillace - Radio Touring 104","isPartOf":{"@id":"https:\/\/progettotouring.it\/radiotouring104\/#website"},"primaryImageOfPage":{"@id":"https:\/\/progettotouring.it\/radiotouring104\/2025\/01\/24\/italia-nostra-catanzaro-fa-il-punto-sulleolico-offshore-nel-golfo-di-squillace\/#primaryimage"},"image":{"@id":"https:\/\/progettotouring.it\/radiotouring104\/2025\/01\/24\/italia-nostra-catanzaro-fa-il-punto-sulleolico-offshore-nel-golfo-di-squillace\/#primaryimage"},"thumbnailUrl":"https:\/\/progettotouring.it\/radiotouring104\/wp-content\/uploads\/sites\/6\/2025\/01\/Italia-Nostra-Catanzaro-Eolico-Golfo-Squillace.jpg","datePublished":"2025-01-24T09:19:40+00:00","description":"La sezione di Italia Nostra ha fatto il punto nel corso di una conferenza stampa, convocata ieri a Palazzo de Nobili, a Catanzaro","breadcrumb":{"@id":"https:\/\/progettotouring.it\/radiotouring104\/2025\/01\/24\/italia-nostra-catanzaro-fa-il-punto-sulleolico-offshore-nel-golfo-di-squillace\/#breadcrumb"},"inLanguage":"it-IT","potentialAction":[{"@type":"ReadAction","target":["https:\/\/progettotouring.it\/radiotouring104\/2025\/01\/24\/italia-nostra-catanzaro-fa-il-punto-sulleolico-offshore-nel-golfo-di-squillace\/"]}]},{"@type":"ImageObject","inLanguage":"it-IT","@id":"https:\/\/progettotouring.it\/radiotouring104\/2025\/01\/24\/italia-nostra-catanzaro-fa-il-punto-sulleolico-offshore-nel-golfo-di-squillace\/#primaryimage","url":"https:\/\/progettotouring.it\/radiotouring104\/wp-content\/uploads\/sites\/6\/2025\/01\/Italia-Nostra-Catanzaro-Eolico-Golfo-Squillace.jpg","contentUrl":"https:\/\/progettotouring.it\/radiotouring104\/wp-content\/uploads\/sites\/6\/2025\/01\/Italia-Nostra-Catanzaro-Eolico-Golfo-Squillace.jpg","width":2048,"height":1536},{"@type":"BreadcrumbList","@id":"https:\/\/progettotouring.it\/radiotouring104\/2025\/01\/24\/italia-nostra-catanzaro-fa-il-punto-sulleolico-offshore-nel-golfo-di-squillace\/#breadcrumb","itemListElement":[{"@type":"ListItem","position":1,"name":"Home","item":"https:\/\/progettotouring.it\/radiotouring104\/"},{"@type":"ListItem","position":2,"name":"\u201cItalia Nostra\u201d Catanzaro fa il punto sull&#8217;Eolico offshore nel Golfo di Squillace"}]},{"@type":"WebSite","@id":"https:\/\/progettotouring.it\/radiotouring104\/#website","url":"https:\/\/progettotouring.it\/radiotouring104\/","name":"Radio Touring 104","description":"La prima radio Reggina","publisher":{"@id":"https:\/\/progettotouring.it\/radiotouring104\/#organization"},"potentialAction":[{"@type":"SearchAction","target":{"@type":"EntryPoint","urlTemplate":"https:\/\/progettotouring.it\/radiotouring104\/?s={search_term_string}"},"query-input":{"@type":"PropertyValueSpecification","valueRequired":true,"valueName":"search_term_string"}}],"inLanguage":"it-IT"},{"@type":"Organization","@id":"https:\/\/progettotouring.it\/radiotouring104\/#organization","name":"Radio Touring 104","url":"https:\/\/progettotouring.it\/radiotouring104\/","logo":{"@type":"ImageObject","inLanguage":"it-IT","@id":"https:\/\/progettotouring.it\/radiotouring104\/#\/schema\/logo\/image\/","url":"https:\/\/progettotouring.it\/radiotouring104\/wp-content\/uploads\/sites\/6\/2022\/02\/cropped-logo-radio-touring-104.png","contentUrl":"https:\/\/progettotouring.it\/radiotouring104\/wp-content\/uploads\/sites\/6\/2022\/02\/cropped-logo-radio-touring-104.png","width":377,"height":182,"caption":"Radio Touring 104"},"image":{"@id":"https:\/\/progettotouring.it\/radiotouring104\/#\/schema\/logo\/image\/"}},{"@type":"Person","@id":"https:\/\/progettotouring.it\/radiotouring104\/#\/schema\/person\/78613917f1851f041f7483f5af1d422e","name":"Sebastiano Plutino","image":{"@type":"ImageObject","inLanguage":"it-IT","@id":"https:\/\/secure.gravatar.com\/avatar\/0546ffaa9b79224faf9f2a156b67a529ae861d3287c66c1d8ccfdf909bcba78d?s=96&d=mm&r=g","url":"https:\/\/secure.gravatar.com\/avatar\/0546ffaa9b79224faf9f2a156b67a529ae861d3287c66c1d8ccfdf909bcba78d?s=96&d=mm&r=g","contentUrl":"https:\/\/secure.gravatar.com\/avatar\/0546ffaa9b79224faf9f2a156b67a529ae861d3287c66c1d8ccfdf909bcba78d?s=96&d=mm&r=g","caption":"Sebastiano Plutino"},"url":"https:\/\/progettotouring.it\/radiotouring104\/author\/sebastiano\/"}]}},"jetpack_publicize_connections":[],"jetpack_featured_media_url":"https:\/\/progettotouring.it\/radiotouring104\/wp-content\/uploads\/sites\/6\/2025\/01\/Italia-Nostra-Catanzaro-Eolico-Golfo-Squillace.jpg","jetpack_sharing_enabled":true,"_links":{"self":[{"href":"https:\/\/progettotouring.it\/radiotouring104\/wp-json\/wp\/v2\/posts\/65509","targetHints":{"allow":["GET"]}}],"collection":[{"href":"https:\/\/progettotouring.it\/radiotouring104\/wp-json\/wp\/v2\/posts"}],"about":[{"href":"https:\/\/progettotouring.it\/radiotouring104\/wp-json\/wp\/v2\/types\/post"}],"author":[{"embeddable":true,"href":"https:\/\/progettotouring.it\/radiotouring104\/wp-json\/wp\/v2\/users\/12"}],"replies":[{"embeddable":true,"href":"https:\/\/progettotouring.it\/radiotouring104\/wp-json\/wp\/v2\/comments?post=65509"}],"version-history":[{"count":1,"href":"https:\/\/progettotouring.it\/radiotouring104\/wp-json\/wp\/v2\/posts\/65509\/revisions"}],"predecessor-version":[{"id":65511,"href":"https:\/\/progettotouring.it\/radiotouring104\/wp-json\/wp\/v2\/posts\/65509\/revisions\/65511"}],"wp:featuredmedia":[{"embeddable":true,"href":"https:\/\/progettotouring.it\/radiotouring104\/wp-json\/wp\/v2\/media\/65510"}],"wp:attachment":[{"href":"https:\/\/progettotouring.it\/radiotouring104\/wp-json\/wp\/v2\/media?parent=65509"}],"wp:term":[{"taxonomy":"category","embeddable":true,"href":"https:\/\/progettotouring.it\/radiotouring104\/wp-json\/wp\/v2\/categories?post=65509"},{"taxonomy":"post_tag","embeddable":true,"href":"https:\/\/progettotouring.it\/radiotouring104\/wp-json\/wp\/v2\/tags?post=65509"}],"curies":[{"name":"wp","href":"https:\/\/api.w.org\/{rel}","templated":true}]}}