{"id":65536,"date":"2025-01-24T12:04:29","date_gmt":"2025-01-24T11:04:29","guid":{"rendered":"https:\/\/progettotouring.it\/radiotouring104\/?p=65536"},"modified":"2025-01-24T12:04:29","modified_gmt":"2025-01-24T11:04:29","slug":"crotone-il-consigliere-alecci-critica-il-nuovo-atto-aziendale-dellasp","status":"publish","type":"post","link":"https:\/\/progettotouring.it\/radiotouring104\/2025\/01\/24\/crotone-il-consigliere-alecci-critica-il-nuovo-atto-aziendale-dellasp\/","title":{"rendered":"Crotone: il Consigliere Alecci critica il nuovo atto aziendale dell&#8217;Asp"},"content":{"rendered":"<p><strong>Il Consigliere<\/strong> Regionale <strong>Ernesto Alecci critica la scelta<\/strong> fatta dal Commissario Straordinario<strong> Antonio Brambilla sul nuovo atto aziendale dell&#8217;Asp di Crotone<\/strong>. Il Consigliere ritiene che le <strong>risorse sarebbero potute essere impiegate in maniera pi\u00f9 utile.\u00a0<\/strong><\/p>\n<p style=\"text-align: justify\"><em>&#8220;Reputo quanto meno inopportuna (ma gli aggettivi potrebbero essere tanti\u2026) la scelta fatta dal Commissario Straordinario Antonio Brambilla riguardo l\u2019organizzazione dell\u2019evento serale per la presentazione del nuovo atto aziendale dell\u2019Asp di Crotone. In un momento di grande pressione per la Sanit\u00e0 calabrese, e per quella pitagorica in particolare, appare davvero senza logica organizzare un evento privato con tanto di cena all\u2019interno di un ristorante per una cerchia ristretta di sessanta invitati, ancor di pi\u00f9, utilizzando soldi pubblici prelevati direttamente dal bilancio Asp. Non si tratta e non si pu\u00f2 trattare la cosa come se fosse una normale convention aziendale o un meeting di una qualsivoglia ditta privata. L\u2019atto aziendale dell\u2019Asp di Crotone \u00e8 il documento principale per comprendere \u201clo stato di salute\u201d della sanit\u00e0 del territorio e gli obiettivi per i prossimi anni per il miglioramento delle prestazioni. Un documento fondamentale che necessiterebbe della massima visibilit\u00e0 possibile, con l\u2019obiettivo di fornire dati e notizie confortanti soprattutto ai tanti cittadini del territorio, spesso costretti a confrontarsi con una sanit\u00e0 precaria e deficitaria.<\/em><\/p>\n<p style=\"text-align: justify\"><em>Per quanto riguarda la cifra utilizzata per questa particolare \u201ccena di gala\u201d, \u00e8 certamente ridotta\u2026 di fatto 6 mila euro non possono risolvere il destino di un\u2019azienda sanitaria provinciale. Tutto vero, per\u00f2 \u00e8 evidente che la stessa cifra poteva essere utilizzata per interventi pi\u00f9 utili, come l\u2019ammodernamento degli ascensori dell\u2019ospedale \u201cSan Giovanni di Dio\u201d, la sistemazione delle sale d\u2019attesa, la copertura di fili elettrici scoperti in bella vista, e altre situazioni poco decorose che ho avuto modo di riscontrare durante il mio ultimo sopralluogo nel nosocomio pitagorico solo qualche settimana fa. Chi ha l\u2019onore e l\u2019onere di amministrare un ente pubblico cos\u00ec importante per la popolazione deve anche confrontarsi con il peso delle proprie scelte, nell\u2019ottica dell\u2019efficienza, dell\u2019efficacia, ma anche della chiarezza e della sobriet\u00e0. Chi prende certe decisioni a certi livelli lo deve fare per conto e in favore dei cittadini calabresi, credo sia opportuno non dimenticarlo mai!&#8221;<\/em>, <strong>dichiara il Consigliere Regionale Ernesto Alecci.<\/strong><\/p>\n<p>&nbsp;<\/p>\n<p>&nbsp;<\/p>\n<p>&nbsp;<\/p>\n","protected":false},"excerpt":{"rendered":"<p>Il Consigliere Regionale Ernesto Alecci critica la scelta fatta dal Commissario Straordinario Antonio Brambilla sul nuovo atto aziendale dell&#8217;Asp di Crotone. Il Consigliere ritiene che le risorse sarebbero potute essere&hellip;<\/p>\n","protected":false},"author":12,"featured_media":22505,"comment_status":"closed","ping_status":"open","sticky":false,"template":"","format":"standard","meta":{"_jetpack_memberships_contains_paid_content":false,"footnotes":"","jetpack_publicize_message":"","jetpack_publicize_feature_enabled":true,"jetpack_social_post_already_shared":true,"jetpack_social_options":{"image_generator_settings":{"template":"highway","default_image_id":0,"font":"","enabled":false},"version":2}},"categories":[142,921,196],"tags":[39732,3889,39733,39734],"class_list":["post-65536","post","type-post","status-publish","format-standard","has-post-thumbnail","hentry","category-calabria","category-home","category-news","tag-commissario-straordinario-antonio-brambilla","tag-ernesto-alecci","tag-nuovo-atto-aziendale-dellasp-di-crotone","tag-scelta-inopportuna"],"yoast_head":"<!-- This site is optimized with the Yoast SEO plugin v27.2 - https:\/\/yoast.com\/product\/yoast-seo-wordpress\/ -->\n<title>Crotone: il Consigliere Alecci critica il nuovo atto aziendale dell&#039;Asp - Radio Touring 104<\/title>\n<meta name=\"description\" content=\"&quot;La scelta fatta dal Commissario Straordinario Antonio Brambilla \u00e8 inopportuna&quot;, dichiara il Consigliere Regionale Alecci\" \/>\n<meta name=\"robots\" content=\"index, follow, max-snippet:-1, max-image-preview:large, max-video-preview:-1\" \/>\n<link rel=\"canonical\" href=\"https:\/\/progettotouring.it\/radiotouring104\/2025\/01\/24\/crotone-il-consigliere-alecci-critica-il-nuovo-atto-aziendale-dellasp\/\" \/>\n<meta property=\"og:locale\" content=\"it_IT\" \/>\n<meta property=\"og:type\" content=\"article\" \/>\n<meta property=\"og:title\" content=\"Crotone: il Consigliere Alecci critica il nuovo atto aziendale dell&#039;Asp - Radio Touring 104\" \/>\n<meta property=\"og:description\" content=\"&quot;La scelta fatta dal Commissario Straordinario Antonio Brambilla \u00e8 inopportuna&quot;, dichiara il Consigliere Regionale Alecci\" \/>\n<meta property=\"og:url\" content=\"https:\/\/progettotouring.it\/radiotouring104\/2025\/01\/24\/crotone-il-consigliere-alecci-critica-il-nuovo-atto-aziendale-dellasp\/\" \/>\n<meta property=\"og:site_name\" content=\"Radio Touring 104\" \/>\n<meta property=\"article:published_time\" content=\"2025-01-24T11:04:29+00:00\" \/>\n<meta property=\"og:image\" content=\"https:\/\/progettotouring.it\/radiotouring104\/wp-content\/uploads\/sites\/6\/2023\/04\/ernesto-alecci.jpg\" \/>\n\t<meta property=\"og:image:width\" content=\"1319\" \/>\n\t<meta property=\"og:image:height\" content=\"1600\" \/>\n\t<meta property=\"og:image:type\" content=\"image\/jpeg\" \/>\n<meta name=\"author\" content=\"Sebastiano Plutino\" \/>\n<meta name=\"twitter:card\" content=\"summary_large_image\" \/>\n<meta name=\"twitter:label1\" content=\"Scritto da\" \/>\n\t<meta name=\"twitter:data1\" content=\"Sebastiano Plutino\" \/>\n\t<meta name=\"twitter:label2\" content=\"Tempo di lettura stimato\" \/>\n\t<meta name=\"twitter:data2\" content=\"2 minuti\" \/>\n<script type=\"application\/ld+json\" class=\"yoast-schema-graph\">{\"@context\":\"https:\/\/schema.org\",\"@graph\":[{\"@type\":\"Article\",\"@id\":\"https:\/\/progettotouring.it\/radiotouring104\/2025\/01\/24\/crotone-il-consigliere-alecci-critica-il-nuovo-atto-aziendale-dellasp\/#article\",\"isPartOf\":{\"@id\":\"https:\/\/progettotouring.it\/radiotouring104\/2025\/01\/24\/crotone-il-consigliere-alecci-critica-il-nuovo-atto-aziendale-dellasp\/\"},\"author\":{\"name\":\"Sebastiano Plutino\",\"@id\":\"https:\/\/progettotouring.it\/radiotouring104\/#\/schema\/person\/78613917f1851f041f7483f5af1d422e\"},\"headline\":\"Crotone: il Consigliere Alecci critica il nuovo atto aziendale dell&#8217;Asp\",\"datePublished\":\"2025-01-24T11:04:29+00:00\",\"mainEntityOfPage\":{\"@id\":\"https:\/\/progettotouring.it\/radiotouring104\/2025\/01\/24\/crotone-il-consigliere-alecci-critica-il-nuovo-atto-aziendale-dellasp\/\"},\"wordCount\":386,\"publisher\":{\"@id\":\"https:\/\/progettotouring.it\/radiotouring104\/#organization\"},\"image\":{\"@id\":\"https:\/\/progettotouring.it\/radiotouring104\/2025\/01\/24\/crotone-il-consigliere-alecci-critica-il-nuovo-atto-aziendale-dellasp\/#primaryimage\"},\"thumbnailUrl\":\"https:\/\/progettotouring.it\/radiotouring104\/wp-content\/uploads\/sites\/6\/2023\/04\/ernesto-alecci.jpg\",\"keywords\":[\"Commissario Straordinario Antonio Brambilla\",\"Ernesto Alecci\",\"nuovo atto aziendale dell'Asp di Crotone\",\"scelta inopportuna\"],\"articleSection\":[\"Calabria\",\"Home\",\"News\"],\"inLanguage\":\"it-IT\"},{\"@type\":\"WebPage\",\"@id\":\"https:\/\/progettotouring.it\/radiotouring104\/2025\/01\/24\/crotone-il-consigliere-alecci-critica-il-nuovo-atto-aziendale-dellasp\/\",\"url\":\"https:\/\/progettotouring.it\/radiotouring104\/2025\/01\/24\/crotone-il-consigliere-alecci-critica-il-nuovo-atto-aziendale-dellasp\/\",\"name\":\"Crotone: il Consigliere Alecci critica il nuovo atto aziendale dell'Asp - Radio Touring 104\",\"isPartOf\":{\"@id\":\"https:\/\/progettotouring.it\/radiotouring104\/#website\"},\"primaryImageOfPage\":{\"@id\":\"https:\/\/progettotouring.it\/radiotouring104\/2025\/01\/24\/crotone-il-consigliere-alecci-critica-il-nuovo-atto-aziendale-dellasp\/#primaryimage\"},\"image\":{\"@id\":\"https:\/\/progettotouring.it\/radiotouring104\/2025\/01\/24\/crotone-il-consigliere-alecci-critica-il-nuovo-atto-aziendale-dellasp\/#primaryimage\"},\"thumbnailUrl\":\"https:\/\/progettotouring.it\/radiotouring104\/wp-content\/uploads\/sites\/6\/2023\/04\/ernesto-alecci.jpg\",\"datePublished\":\"2025-01-24T11:04:29+00:00\",\"description\":\"\\\"La scelta fatta dal Commissario Straordinario Antonio Brambilla \u00e8 inopportuna\\\", dichiara il Consigliere Regionale Alecci\",\"breadcrumb\":{\"@id\":\"https:\/\/progettotouring.it\/radiotouring104\/2025\/01\/24\/crotone-il-consigliere-alecci-critica-il-nuovo-atto-aziendale-dellasp\/#breadcrumb\"},\"inLanguage\":\"it-IT\",\"potentialAction\":[{\"@type\":\"ReadAction\",\"target\":[\"https:\/\/progettotouring.it\/radiotouring104\/2025\/01\/24\/crotone-il-consigliere-alecci-critica-il-nuovo-atto-aziendale-dellasp\/\"]}]},{\"@type\":\"ImageObject\",\"inLanguage\":\"it-IT\",\"@id\":\"https:\/\/progettotouring.it\/radiotouring104\/2025\/01\/24\/crotone-il-consigliere-alecci-critica-il-nuovo-atto-aziendale-dellasp\/#primaryimage\",\"url\":\"https:\/\/progettotouring.it\/radiotouring104\/wp-content\/uploads\/sites\/6\/2023\/04\/ernesto-alecci.jpg\",\"contentUrl\":\"https:\/\/progettotouring.it\/radiotouring104\/wp-content\/uploads\/sites\/6\/2023\/04\/ernesto-alecci.jpg\",\"width\":1319,\"height\":1600},{\"@type\":\"BreadcrumbList\",\"@id\":\"https:\/\/progettotouring.it\/radiotouring104\/2025\/01\/24\/crotone-il-consigliere-alecci-critica-il-nuovo-atto-aziendale-dellasp\/#breadcrumb\",\"itemListElement\":[{\"@type\":\"ListItem\",\"position\":1,\"name\":\"Home\",\"item\":\"https:\/\/progettotouring.it\/radiotouring104\/\"},{\"@type\":\"ListItem\",\"position\":2,\"name\":\"Crotone: il Consigliere Alecci critica il nuovo atto aziendale dell&#8217;Asp\"}]},{\"@type\":\"WebSite\",\"@id\":\"https:\/\/progettotouring.it\/radiotouring104\/#website\",\"url\":\"https:\/\/progettotouring.it\/radiotouring104\/\",\"name\":\"Radio Touring 104\",\"description\":\"La prima radio Reggina\",\"publisher\":{\"@id\":\"https:\/\/progettotouring.it\/radiotouring104\/#organization\"},\"potentialAction\":[{\"@type\":\"SearchAction\",\"target\":{\"@type\":\"EntryPoint\",\"urlTemplate\":\"https:\/\/progettotouring.it\/radiotouring104\/?s={search_term_string}\"},\"query-input\":{\"@type\":\"PropertyValueSpecification\",\"valueRequired\":true,\"valueName\":\"search_term_string\"}}],\"inLanguage\":\"it-IT\"},{\"@type\":\"Organization\",\"@id\":\"https:\/\/progettotouring.it\/radiotouring104\/#organization\",\"name\":\"Radio Touring 104\",\"url\":\"https:\/\/progettotouring.it\/radiotouring104\/\",\"logo\":{\"@type\":\"ImageObject\",\"inLanguage\":\"it-IT\",\"@id\":\"https:\/\/progettotouring.it\/radiotouring104\/#\/schema\/logo\/image\/\",\"url\":\"https:\/\/progettotouring.it\/radiotouring104\/wp-content\/uploads\/sites\/6\/2022\/02\/cropped-logo-radio-touring-104.png\",\"contentUrl\":\"https:\/\/progettotouring.it\/radiotouring104\/wp-content\/uploads\/sites\/6\/2022\/02\/cropped-logo-radio-touring-104.png\",\"width\":377,\"height\":182,\"caption\":\"Radio Touring 104\"},\"image\":{\"@id\":\"https:\/\/progettotouring.it\/radiotouring104\/#\/schema\/logo\/image\/\"}},{\"@type\":\"Person\",\"@id\":\"https:\/\/progettotouring.it\/radiotouring104\/#\/schema\/person\/78613917f1851f041f7483f5af1d422e\",\"name\":\"Sebastiano Plutino\",\"image\":{\"@type\":\"ImageObject\",\"inLanguage\":\"it-IT\",\"@id\":\"https:\/\/secure.gravatar.com\/avatar\/0546ffaa9b79224faf9f2a156b67a529ae861d3287c66c1d8ccfdf909bcba78d?s=96&d=mm&r=g\",\"url\":\"https:\/\/secure.gravatar.com\/avatar\/0546ffaa9b79224faf9f2a156b67a529ae861d3287c66c1d8ccfdf909bcba78d?s=96&d=mm&r=g\",\"contentUrl\":\"https:\/\/secure.gravatar.com\/avatar\/0546ffaa9b79224faf9f2a156b67a529ae861d3287c66c1d8ccfdf909bcba78d?s=96&d=mm&r=g\",\"caption\":\"Sebastiano Plutino\"},\"url\":\"https:\/\/progettotouring.it\/radiotouring104\/author\/sebastiano\/\"}]}<\/script>\n<!-- \/ Yoast SEO plugin. -->","yoast_head_json":{"title":"Crotone: il Consigliere Alecci critica il nuovo atto aziendale dell'Asp - Radio Touring 104","description":"\"La scelta fatta dal Commissario Straordinario Antonio Brambilla \u00e8 inopportuna\", dichiara il Consigliere Regionale Alecci","robots":{"index":"index","follow":"follow","max-snippet":"max-snippet:-1","max-image-preview":"max-image-preview:large","max-video-preview":"max-video-preview:-1"},"canonical":"https:\/\/progettotouring.it\/radiotouring104\/2025\/01\/24\/crotone-il-consigliere-alecci-critica-il-nuovo-atto-aziendale-dellasp\/","og_locale":"it_IT","og_type":"article","og_title":"Crotone: il Consigliere Alecci critica il nuovo atto aziendale dell'Asp - Radio Touring 104","og_description":"\"La scelta fatta dal Commissario Straordinario Antonio Brambilla \u00e8 inopportuna\", dichiara il Consigliere Regionale Alecci","og_url":"https:\/\/progettotouring.it\/radiotouring104\/2025\/01\/24\/crotone-il-consigliere-alecci-critica-il-nuovo-atto-aziendale-dellasp\/","og_site_name":"Radio Touring 104","article_published_time":"2025-01-24T11:04:29+00:00","og_image":[{"width":1319,"height":1600,"url":"https:\/\/progettotouring.it\/radiotouring104\/wp-content\/uploads\/sites\/6\/2023\/04\/ernesto-alecci.jpg","type":"image\/jpeg"}],"author":"Sebastiano Plutino","twitter_card":"summary_large_image","twitter_misc":{"Scritto da":"Sebastiano Plutino","Tempo di lettura stimato":"2 minuti"},"schema":{"@context":"https:\/\/schema.org","@graph":[{"@type":"Article","@id":"https:\/\/progettotouring.it\/radiotouring104\/2025\/01\/24\/crotone-il-consigliere-alecci-critica-il-nuovo-atto-aziendale-dellasp\/#article","isPartOf":{"@id":"https:\/\/progettotouring.it\/radiotouring104\/2025\/01\/24\/crotone-il-consigliere-alecci-critica-il-nuovo-atto-aziendale-dellasp\/"},"author":{"name":"Sebastiano Plutino","@id":"https:\/\/progettotouring.it\/radiotouring104\/#\/schema\/person\/78613917f1851f041f7483f5af1d422e"},"headline":"Crotone: il Consigliere Alecci critica il nuovo atto aziendale dell&#8217;Asp","datePublished":"2025-01-24T11:04:29+00:00","mainEntityOfPage":{"@id":"https:\/\/progettotouring.it\/radiotouring104\/2025\/01\/24\/crotone-il-consigliere-alecci-critica-il-nuovo-atto-aziendale-dellasp\/"},"wordCount":386,"publisher":{"@id":"https:\/\/progettotouring.it\/radiotouring104\/#organization"},"image":{"@id":"https:\/\/progettotouring.it\/radiotouring104\/2025\/01\/24\/crotone-il-consigliere-alecci-critica-il-nuovo-atto-aziendale-dellasp\/#primaryimage"},"thumbnailUrl":"https:\/\/progettotouring.it\/radiotouring104\/wp-content\/uploads\/sites\/6\/2023\/04\/ernesto-alecci.jpg","keywords":["Commissario Straordinario Antonio Brambilla","Ernesto Alecci","nuovo atto aziendale dell'Asp di Crotone","scelta inopportuna"],"articleSection":["Calabria","Home","News"],"inLanguage":"it-IT"},{"@type":"WebPage","@id":"https:\/\/progettotouring.it\/radiotouring104\/2025\/01\/24\/crotone-il-consigliere-alecci-critica-il-nuovo-atto-aziendale-dellasp\/","url":"https:\/\/progettotouring.it\/radiotouring104\/2025\/01\/24\/crotone-il-consigliere-alecci-critica-il-nuovo-atto-aziendale-dellasp\/","name":"Crotone: il Consigliere Alecci critica il nuovo atto aziendale dell'Asp - Radio Touring 104","isPartOf":{"@id":"https:\/\/progettotouring.it\/radiotouring104\/#website"},"primaryImageOfPage":{"@id":"https:\/\/progettotouring.it\/radiotouring104\/2025\/01\/24\/crotone-il-consigliere-alecci-critica-il-nuovo-atto-aziendale-dellasp\/#primaryimage"},"image":{"@id":"https:\/\/progettotouring.it\/radiotouring104\/2025\/01\/24\/crotone-il-consigliere-alecci-critica-il-nuovo-atto-aziendale-dellasp\/#primaryimage"},"thumbnailUrl":"https:\/\/progettotouring.it\/radiotouring104\/wp-content\/uploads\/sites\/6\/2023\/04\/ernesto-alecci.jpg","datePublished":"2025-01-24T11:04:29+00:00","description":"\"La scelta fatta dal Commissario Straordinario Antonio Brambilla \u00e8 inopportuna\", dichiara il Consigliere Regionale Alecci","breadcrumb":{"@id":"https:\/\/progettotouring.it\/radiotouring104\/2025\/01\/24\/crotone-il-consigliere-alecci-critica-il-nuovo-atto-aziendale-dellasp\/#breadcrumb"},"inLanguage":"it-IT","potentialAction":[{"@type":"ReadAction","target":["https:\/\/progettotouring.it\/radiotouring104\/2025\/01\/24\/crotone-il-consigliere-alecci-critica-il-nuovo-atto-aziendale-dellasp\/"]}]},{"@type":"ImageObject","inLanguage":"it-IT","@id":"https:\/\/progettotouring.it\/radiotouring104\/2025\/01\/24\/crotone-il-consigliere-alecci-critica-il-nuovo-atto-aziendale-dellasp\/#primaryimage","url":"https:\/\/progettotouring.it\/radiotouring104\/wp-content\/uploads\/sites\/6\/2023\/04\/ernesto-alecci.jpg","contentUrl":"https:\/\/progettotouring.it\/radiotouring104\/wp-content\/uploads\/sites\/6\/2023\/04\/ernesto-alecci.jpg","width":1319,"height":1600},{"@type":"BreadcrumbList","@id":"https:\/\/progettotouring.it\/radiotouring104\/2025\/01\/24\/crotone-il-consigliere-alecci-critica-il-nuovo-atto-aziendale-dellasp\/#breadcrumb","itemListElement":[{"@type":"ListItem","position":1,"name":"Home","item":"https:\/\/progettotouring.it\/radiotouring104\/"},{"@type":"ListItem","position":2,"name":"Crotone: il Consigliere Alecci critica il nuovo atto aziendale dell&#8217;Asp"}]},{"@type":"WebSite","@id":"https:\/\/progettotouring.it\/radiotouring104\/#website","url":"https:\/\/progettotouring.it\/radiotouring104\/","name":"Radio Touring 104","description":"La prima radio Reggina","publisher":{"@id":"https:\/\/progettotouring.it\/radiotouring104\/#organization"},"potentialAction":[{"@type":"SearchAction","target":{"@type":"EntryPoint","urlTemplate":"https:\/\/progettotouring.it\/radiotouring104\/?s={search_term_string}"},"query-input":{"@type":"PropertyValueSpecification","valueRequired":true,"valueName":"search_term_string"}}],"inLanguage":"it-IT"},{"@type":"Organization","@id":"https:\/\/progettotouring.it\/radiotouring104\/#organization","name":"Radio Touring 104","url":"https:\/\/progettotouring.it\/radiotouring104\/","logo":{"@type":"ImageObject","inLanguage":"it-IT","@id":"https:\/\/progettotouring.it\/radiotouring104\/#\/schema\/logo\/image\/","url":"https:\/\/progettotouring.it\/radiotouring104\/wp-content\/uploads\/sites\/6\/2022\/02\/cropped-logo-radio-touring-104.png","contentUrl":"https:\/\/progettotouring.it\/radiotouring104\/wp-content\/uploads\/sites\/6\/2022\/02\/cropped-logo-radio-touring-104.png","width":377,"height":182,"caption":"Radio Touring 104"},"image":{"@id":"https:\/\/progettotouring.it\/radiotouring104\/#\/schema\/logo\/image\/"}},{"@type":"Person","@id":"https:\/\/progettotouring.it\/radiotouring104\/#\/schema\/person\/78613917f1851f041f7483f5af1d422e","name":"Sebastiano Plutino","image":{"@type":"ImageObject","inLanguage":"it-IT","@id":"https:\/\/secure.gravatar.com\/avatar\/0546ffaa9b79224faf9f2a156b67a529ae861d3287c66c1d8ccfdf909bcba78d?s=96&d=mm&r=g","url":"https:\/\/secure.gravatar.com\/avatar\/0546ffaa9b79224faf9f2a156b67a529ae861d3287c66c1d8ccfdf909bcba78d?s=96&d=mm&r=g","contentUrl":"https:\/\/secure.gravatar.com\/avatar\/0546ffaa9b79224faf9f2a156b67a529ae861d3287c66c1d8ccfdf909bcba78d?s=96&d=mm&r=g","caption":"Sebastiano Plutino"},"url":"https:\/\/progettotouring.it\/radiotouring104\/author\/sebastiano\/"}]}},"jetpack_publicize_connections":[],"jetpack_featured_media_url":"https:\/\/progettotouring.it\/radiotouring104\/wp-content\/uploads\/sites\/6\/2023\/04\/ernesto-alecci.jpg","jetpack_sharing_enabled":true,"_links":{"self":[{"href":"https:\/\/progettotouring.it\/radiotouring104\/wp-json\/wp\/v2\/posts\/65536","targetHints":{"allow":["GET"]}}],"collection":[{"href":"https:\/\/progettotouring.it\/radiotouring104\/wp-json\/wp\/v2\/posts"}],"about":[{"href":"https:\/\/progettotouring.it\/radiotouring104\/wp-json\/wp\/v2\/types\/post"}],"author":[{"embeddable":true,"href":"https:\/\/progettotouring.it\/radiotouring104\/wp-json\/wp\/v2\/users\/12"}],"replies":[{"embeddable":true,"href":"https:\/\/progettotouring.it\/radiotouring104\/wp-json\/wp\/v2\/comments?post=65536"}],"version-history":[{"count":1,"href":"https:\/\/progettotouring.it\/radiotouring104\/wp-json\/wp\/v2\/posts\/65536\/revisions"}],"predecessor-version":[{"id":65537,"href":"https:\/\/progettotouring.it\/radiotouring104\/wp-json\/wp\/v2\/posts\/65536\/revisions\/65537"}],"wp:featuredmedia":[{"embeddable":true,"href":"https:\/\/progettotouring.it\/radiotouring104\/wp-json\/wp\/v2\/media\/22505"}],"wp:attachment":[{"href":"https:\/\/progettotouring.it\/radiotouring104\/wp-json\/wp\/v2\/media?parent=65536"}],"wp:term":[{"taxonomy":"category","embeddable":true,"href":"https:\/\/progettotouring.it\/radiotouring104\/wp-json\/wp\/v2\/categories?post=65536"},{"taxonomy":"post_tag","embeddable":true,"href":"https:\/\/progettotouring.it\/radiotouring104\/wp-json\/wp\/v2\/tags?post=65536"}],"curies":[{"name":"wp","href":"https:\/\/api.w.org\/{rel}","templated":true}]}}