{"id":65541,"date":"2025-01-24T12:18:26","date_gmt":"2025-01-24T11:18:26","guid":{"rendered":"https:\/\/progettotouring.it\/radiotouring104\/?p=65541"},"modified":"2025-01-24T12:20:56","modified_gmt":"2025-01-24T11:20:56","slug":"strasburgo-flash-mob-pd-m5s-avs-flashmob-contro-il-ponte-sullo-stretto","status":"publish","type":"post","link":"https:\/\/progettotouring.it\/radiotouring104\/2025\/01\/24\/strasburgo-flash-mob-pd-m5s-avs-flashmob-contro-il-ponte-sullo-stretto\/","title":{"rendered":"Strasburgo: flashmob Pd-M5s-Avs contro il Ponte sullo Stretto"},"content":{"rendered":"<p style=\"text-align: justify\"><em>&#8216;No ponte&#8217;: recitavano cos\u00ec i cartelli esposti da un gruppo di eurodeputati di Pd, Movimento 5 Stelle e Alleanza Verdi-Sinistra nel corso del flashmob di stamattina a Strasburgo in apertura della giornata di lavori al Parlamento europeo. <\/em><em>L&#8217;obiettivo: chiedere alla Commissione europea di negare la deroga a costruire relativa al Ponte sullo Stretto, &#8220;necessaria per aggirare i vincoli imposti alla costruzione in Zone protette speciali, quali sono quelle che verrebbero coinvolte nella realizzazione dell&#8217;opera&#8221;.<\/em> <strong>Lo si legge in una nota.<\/strong><\/p>\n<p style=\"text-align: justify\"><strong>L&#8217;iniziativa \u00e8 stata promossa da Annalisa Corrado<\/strong> (Pd), Sandro Ruotolo (Pd), <strong>Giuseppe Lupo<\/strong> (Pd)<strong>, Ignazio Marino<\/strong> (Avs), <strong>Cristina Guarda<\/strong> (Avs), <strong>Leoluca Orlando<\/strong> (Avs), <strong>Benedetta Scuderi<\/strong> (Avs), <strong>Pasquale Tridico<\/strong> (M5s)<strong>, Giuseppe Antoci (M5s).<\/strong><\/p>\n<p style=\"text-align: justify\"><em>&#8220;Noi non ci fermeremo: il tema \u00e8 di assoluta rilevanza europea. La nostra posizione \u00e8 che manchino del tutto i motivi di interesse pubblico che sono necessari per la concessione della deroga da parte della Commissione&#8221;,<\/em><strong> commenta Corrado, responsabile Conversione ecologica del Pd.<\/strong><\/p>\n<p style=\"text-align: justify\"><em>&#8220;Quello dell&#8217;ecomostro voluto da Salvini \u00e8 un progetto nebuloso, dannoso, antistorico e insostenibile &#8211;<\/em><strong> prosegue &#8211;<\/strong>,<em> che arrecherebbe danni incalcolabili ai territori coinvolti e alla biodiversit\u00e0 degli ecosistemi su cui inciderebbe, con rischi enormi per la salubrit\u00e0 ambientale che ricadrebbero sulle comunit\u00e0 coinvolte. Per non parlare del fatto che si sta ragionando di costruire il ponte sospeso pi\u00f9 grande d&#8217;Europa su faglie attive, in una zona ad elevatissima attivit\u00e0 sismica&#8221;<\/em><strong> conclude.<\/strong><\/p>\n","protected":false},"excerpt":{"rendered":"<p>&#8216;No ponte&#8217;: recitavano cos\u00ec i cartelli esposti da un gruppo di eurodeputati di Pd, Movimento 5 Stelle e Alleanza Verdi-Sinistra nel corso del flashmob di stamattina a Strasburgo in apertura&hellip;<\/p>\n","protected":false},"author":12,"featured_media":16974,"comment_status":"closed","ping_status":"open","sticky":false,"template":"","format":"standard","meta":{"_jetpack_memberships_contains_paid_content":false,"footnotes":"","jetpack_publicize_message":"","jetpack_publicize_feature_enabled":true,"jetpack_social_post_already_shared":true,"jetpack_social_options":{"image_generator_settings":{"template":"highway","default_image_id":0,"font":"","enabled":false},"version":2}},"categories":[921,196,140],"tags":[39740,39739,39738,39741,4453,3208,32559,4355,13628],"class_list":["post-65541","post","type-post","status-publish","format-standard","has-post-thumbnail","hentry","category-home","category-news","category-reggio-calabria","tag-annalisa-corrado","tag-avs","tag-flash-mob-eurodeputati","tag-ignazio-marino","tag-m5s","tag-partito-democratico","tag-pasquale-tridico","tag-ponte-sullo-stretto","tag-strasburgo"],"yoast_head":"<!-- This site is optimized with the Yoast SEO plugin v27.2 - https:\/\/yoast.com\/product\/yoast-seo-wordpress\/ -->\n<title>Strasburgo: flash mob Pd-M5s-Avs, flashmob contro il Ponte<\/title>\n<meta name=\"description\" content=\"Flashmob di un gruppo di eurodeputati di Pd, M5S e Alleanza Verdi-Sinistra ieri stamattina a Strasburgo, prima dell&#039;inizio dei lavori\" \/>\n<meta name=\"robots\" content=\"index, follow, max-snippet:-1, max-image-preview:large, max-video-preview:-1\" \/>\n<link rel=\"canonical\" href=\"https:\/\/progettotouring.it\/radiotouring104\/2025\/01\/24\/strasburgo-flash-mob-pd-m5s-avs-flashmob-contro-il-ponte-sullo-stretto\/\" \/>\n<meta property=\"og:locale\" content=\"it_IT\" \/>\n<meta property=\"og:type\" content=\"article\" \/>\n<meta property=\"og:title\" content=\"Strasburgo: flash mob Pd-M5s-Avs, flashmob contro il Ponte\" \/>\n<meta property=\"og:description\" content=\"Flashmob di un gruppo di eurodeputati di Pd, M5S e Alleanza Verdi-Sinistra ieri stamattina a Strasburgo, prima dell&#039;inizio dei lavori\" \/>\n<meta property=\"og:url\" content=\"https:\/\/progettotouring.it\/radiotouring104\/2025\/01\/24\/strasburgo-flash-mob-pd-m5s-avs-flashmob-contro-il-ponte-sullo-stretto\/\" \/>\n<meta property=\"og:site_name\" content=\"Radio Touring 104\" \/>\n<meta property=\"article:published_time\" content=\"2025-01-24T11:18:26+00:00\" \/>\n<meta property=\"article:modified_time\" content=\"2025-01-24T11:20:56+00:00\" \/>\n<meta property=\"og:image\" content=\"https:\/\/progettotouring.it\/radiotouring104\/wp-content\/uploads\/sites\/6\/2023\/01\/ponte-sullo-stretto.jpg\" \/>\n\t<meta property=\"og:image:width\" content=\"656\" \/>\n\t<meta property=\"og:image:height\" content=\"492\" \/>\n\t<meta property=\"og:image:type\" content=\"image\/jpeg\" \/>\n<meta name=\"author\" content=\"Sebastiano Plutino\" \/>\n<meta name=\"twitter:card\" content=\"summary_large_image\" \/>\n<meta name=\"twitter:label1\" content=\"Scritto da\" \/>\n\t<meta name=\"twitter:data1\" content=\"Sebastiano Plutino\" \/>\n\t<meta name=\"twitter:label2\" content=\"Tempo di lettura stimato\" \/>\n\t<meta name=\"twitter:data2\" content=\"1 minuto\" \/>\n<script type=\"application\/ld+json\" class=\"yoast-schema-graph\">{\"@context\":\"https:\/\/schema.org\",\"@graph\":[{\"@type\":\"Article\",\"@id\":\"https:\/\/progettotouring.it\/radiotouring104\/2025\/01\/24\/strasburgo-flash-mob-pd-m5s-avs-flashmob-contro-il-ponte-sullo-stretto\/#article\",\"isPartOf\":{\"@id\":\"https:\/\/progettotouring.it\/radiotouring104\/2025\/01\/24\/strasburgo-flash-mob-pd-m5s-avs-flashmob-contro-il-ponte-sullo-stretto\/\"},\"author\":{\"name\":\"Sebastiano Plutino\",\"@id\":\"https:\/\/progettotouring.it\/radiotouring104\/#\/schema\/person\/78613917f1851f041f7483f5af1d422e\"},\"headline\":\"Strasburgo: flashmob Pd-M5s-Avs contro il Ponte sullo Stretto\",\"datePublished\":\"2025-01-24T11:18:26+00:00\",\"dateModified\":\"2025-01-24T11:20:56+00:00\",\"mainEntityOfPage\":{\"@id\":\"https:\/\/progettotouring.it\/radiotouring104\/2025\/01\/24\/strasburgo-flash-mob-pd-m5s-avs-flashmob-contro-il-ponte-sullo-stretto\/\"},\"wordCount\":232,\"publisher\":{\"@id\":\"https:\/\/progettotouring.it\/radiotouring104\/#organization\"},\"image\":{\"@id\":\"https:\/\/progettotouring.it\/radiotouring104\/2025\/01\/24\/strasburgo-flash-mob-pd-m5s-avs-flashmob-contro-il-ponte-sullo-stretto\/#primaryimage\"},\"thumbnailUrl\":\"https:\/\/progettotouring.it\/radiotouring104\/wp-content\/uploads\/sites\/6\/2023\/01\/ponte-sullo-stretto.jpg\",\"keywords\":[\"Annalisa Corrado\",\"AVS\",\"flash mob eurodeputati\",\"Ignazio Marino\",\"m5s\",\"Partito Democratico\",\"Pasquale Tridico\",\"Ponte sullo stretto\",\"Strasburgo\"],\"articleSection\":[\"Home\",\"News\",\"Reggio Calabria\"],\"inLanguage\":\"it-IT\"},{\"@type\":\"WebPage\",\"@id\":\"https:\/\/progettotouring.it\/radiotouring104\/2025\/01\/24\/strasburgo-flash-mob-pd-m5s-avs-flashmob-contro-il-ponte-sullo-stretto\/\",\"url\":\"https:\/\/progettotouring.it\/radiotouring104\/2025\/01\/24\/strasburgo-flash-mob-pd-m5s-avs-flashmob-contro-il-ponte-sullo-stretto\/\",\"name\":\"Strasburgo: flash mob Pd-M5s-Avs, flashmob contro il Ponte\",\"isPartOf\":{\"@id\":\"https:\/\/progettotouring.it\/radiotouring104\/#website\"},\"primaryImageOfPage\":{\"@id\":\"https:\/\/progettotouring.it\/radiotouring104\/2025\/01\/24\/strasburgo-flash-mob-pd-m5s-avs-flashmob-contro-il-ponte-sullo-stretto\/#primaryimage\"},\"image\":{\"@id\":\"https:\/\/progettotouring.it\/radiotouring104\/2025\/01\/24\/strasburgo-flash-mob-pd-m5s-avs-flashmob-contro-il-ponte-sullo-stretto\/#primaryimage\"},\"thumbnailUrl\":\"https:\/\/progettotouring.it\/radiotouring104\/wp-content\/uploads\/sites\/6\/2023\/01\/ponte-sullo-stretto.jpg\",\"datePublished\":\"2025-01-24T11:18:26+00:00\",\"dateModified\":\"2025-01-24T11:20:56+00:00\",\"description\":\"Flashmob di un gruppo di eurodeputati di Pd, M5S e Alleanza Verdi-Sinistra ieri stamattina a Strasburgo, prima dell'inizio dei lavori\",\"breadcrumb\":{\"@id\":\"https:\/\/progettotouring.it\/radiotouring104\/2025\/01\/24\/strasburgo-flash-mob-pd-m5s-avs-flashmob-contro-il-ponte-sullo-stretto\/#breadcrumb\"},\"inLanguage\":\"it-IT\",\"potentialAction\":[{\"@type\":\"ReadAction\",\"target\":[\"https:\/\/progettotouring.it\/radiotouring104\/2025\/01\/24\/strasburgo-flash-mob-pd-m5s-avs-flashmob-contro-il-ponte-sullo-stretto\/\"]}]},{\"@type\":\"ImageObject\",\"inLanguage\":\"it-IT\",\"@id\":\"https:\/\/progettotouring.it\/radiotouring104\/2025\/01\/24\/strasburgo-flash-mob-pd-m5s-avs-flashmob-contro-il-ponte-sullo-stretto\/#primaryimage\",\"url\":\"https:\/\/progettotouring.it\/radiotouring104\/wp-content\/uploads\/sites\/6\/2023\/01\/ponte-sullo-stretto.jpg\",\"contentUrl\":\"https:\/\/progettotouring.it\/radiotouring104\/wp-content\/uploads\/sites\/6\/2023\/01\/ponte-sullo-stretto.jpg\",\"width\":656,\"height\":492},{\"@type\":\"BreadcrumbList\",\"@id\":\"https:\/\/progettotouring.it\/radiotouring104\/2025\/01\/24\/strasburgo-flash-mob-pd-m5s-avs-flashmob-contro-il-ponte-sullo-stretto\/#breadcrumb\",\"itemListElement\":[{\"@type\":\"ListItem\",\"position\":1,\"name\":\"Home\",\"item\":\"https:\/\/progettotouring.it\/radiotouring104\/\"},{\"@type\":\"ListItem\",\"position\":2,\"name\":\"Strasburgo: flashmob Pd-M5s-Avs contro il Ponte sullo Stretto\"}]},{\"@type\":\"WebSite\",\"@id\":\"https:\/\/progettotouring.it\/radiotouring104\/#website\",\"url\":\"https:\/\/progettotouring.it\/radiotouring104\/\",\"name\":\"Radio Touring 104\",\"description\":\"La prima radio Reggina\",\"publisher\":{\"@id\":\"https:\/\/progettotouring.it\/radiotouring104\/#organization\"},\"potentialAction\":[{\"@type\":\"SearchAction\",\"target\":{\"@type\":\"EntryPoint\",\"urlTemplate\":\"https:\/\/progettotouring.it\/radiotouring104\/?s={search_term_string}\"},\"query-input\":{\"@type\":\"PropertyValueSpecification\",\"valueRequired\":true,\"valueName\":\"search_term_string\"}}],\"inLanguage\":\"it-IT\"},{\"@type\":\"Organization\",\"@id\":\"https:\/\/progettotouring.it\/radiotouring104\/#organization\",\"name\":\"Radio Touring 104\",\"url\":\"https:\/\/progettotouring.it\/radiotouring104\/\",\"logo\":{\"@type\":\"ImageObject\",\"inLanguage\":\"it-IT\",\"@id\":\"https:\/\/progettotouring.it\/radiotouring104\/#\/schema\/logo\/image\/\",\"url\":\"https:\/\/progettotouring.it\/radiotouring104\/wp-content\/uploads\/sites\/6\/2022\/02\/cropped-logo-radio-touring-104.png\",\"contentUrl\":\"https:\/\/progettotouring.it\/radiotouring104\/wp-content\/uploads\/sites\/6\/2022\/02\/cropped-logo-radio-touring-104.png\",\"width\":377,\"height\":182,\"caption\":\"Radio Touring 104\"},\"image\":{\"@id\":\"https:\/\/progettotouring.it\/radiotouring104\/#\/schema\/logo\/image\/\"}},{\"@type\":\"Person\",\"@id\":\"https:\/\/progettotouring.it\/radiotouring104\/#\/schema\/person\/78613917f1851f041f7483f5af1d422e\",\"name\":\"Sebastiano Plutino\",\"image\":{\"@type\":\"ImageObject\",\"inLanguage\":\"it-IT\",\"@id\":\"https:\/\/secure.gravatar.com\/avatar\/0546ffaa9b79224faf9f2a156b67a529ae861d3287c66c1d8ccfdf909bcba78d?s=96&d=mm&r=g\",\"url\":\"https:\/\/secure.gravatar.com\/avatar\/0546ffaa9b79224faf9f2a156b67a529ae861d3287c66c1d8ccfdf909bcba78d?s=96&d=mm&r=g\",\"contentUrl\":\"https:\/\/secure.gravatar.com\/avatar\/0546ffaa9b79224faf9f2a156b67a529ae861d3287c66c1d8ccfdf909bcba78d?s=96&d=mm&r=g\",\"caption\":\"Sebastiano Plutino\"},\"url\":\"https:\/\/progettotouring.it\/radiotouring104\/author\/sebastiano\/\"}]}<\/script>\n<!-- \/ Yoast SEO plugin. -->","yoast_head_json":{"title":"Strasburgo: flash mob Pd-M5s-Avs, flashmob contro il Ponte","description":"Flashmob di un gruppo di eurodeputati di Pd, M5S e Alleanza Verdi-Sinistra ieri stamattina a Strasburgo, prima dell'inizio dei lavori","robots":{"index":"index","follow":"follow","max-snippet":"max-snippet:-1","max-image-preview":"max-image-preview:large","max-video-preview":"max-video-preview:-1"},"canonical":"https:\/\/progettotouring.it\/radiotouring104\/2025\/01\/24\/strasburgo-flash-mob-pd-m5s-avs-flashmob-contro-il-ponte-sullo-stretto\/","og_locale":"it_IT","og_type":"article","og_title":"Strasburgo: flash mob Pd-M5s-Avs, flashmob contro il Ponte","og_description":"Flashmob di un gruppo di eurodeputati di Pd, M5S e Alleanza Verdi-Sinistra ieri stamattina a Strasburgo, prima dell'inizio dei lavori","og_url":"https:\/\/progettotouring.it\/radiotouring104\/2025\/01\/24\/strasburgo-flash-mob-pd-m5s-avs-flashmob-contro-il-ponte-sullo-stretto\/","og_site_name":"Radio Touring 104","article_published_time":"2025-01-24T11:18:26+00:00","article_modified_time":"2025-01-24T11:20:56+00:00","og_image":[{"width":656,"height":492,"url":"https:\/\/progettotouring.it\/radiotouring104\/wp-content\/uploads\/sites\/6\/2023\/01\/ponte-sullo-stretto.jpg","type":"image\/jpeg"}],"author":"Sebastiano Plutino","twitter_card":"summary_large_image","twitter_misc":{"Scritto da":"Sebastiano Plutino","Tempo di lettura stimato":"1 minuto"},"schema":{"@context":"https:\/\/schema.org","@graph":[{"@type":"Article","@id":"https:\/\/progettotouring.it\/radiotouring104\/2025\/01\/24\/strasburgo-flash-mob-pd-m5s-avs-flashmob-contro-il-ponte-sullo-stretto\/#article","isPartOf":{"@id":"https:\/\/progettotouring.it\/radiotouring104\/2025\/01\/24\/strasburgo-flash-mob-pd-m5s-avs-flashmob-contro-il-ponte-sullo-stretto\/"},"author":{"name":"Sebastiano Plutino","@id":"https:\/\/progettotouring.it\/radiotouring104\/#\/schema\/person\/78613917f1851f041f7483f5af1d422e"},"headline":"Strasburgo: flashmob Pd-M5s-Avs contro il Ponte sullo Stretto","datePublished":"2025-01-24T11:18:26+00:00","dateModified":"2025-01-24T11:20:56+00:00","mainEntityOfPage":{"@id":"https:\/\/progettotouring.it\/radiotouring104\/2025\/01\/24\/strasburgo-flash-mob-pd-m5s-avs-flashmob-contro-il-ponte-sullo-stretto\/"},"wordCount":232,"publisher":{"@id":"https:\/\/progettotouring.it\/radiotouring104\/#organization"},"image":{"@id":"https:\/\/progettotouring.it\/radiotouring104\/2025\/01\/24\/strasburgo-flash-mob-pd-m5s-avs-flashmob-contro-il-ponte-sullo-stretto\/#primaryimage"},"thumbnailUrl":"https:\/\/progettotouring.it\/radiotouring104\/wp-content\/uploads\/sites\/6\/2023\/01\/ponte-sullo-stretto.jpg","keywords":["Annalisa Corrado","AVS","flash mob eurodeputati","Ignazio Marino","m5s","Partito Democratico","Pasquale Tridico","Ponte sullo stretto","Strasburgo"],"articleSection":["Home","News","Reggio Calabria"],"inLanguage":"it-IT"},{"@type":"WebPage","@id":"https:\/\/progettotouring.it\/radiotouring104\/2025\/01\/24\/strasburgo-flash-mob-pd-m5s-avs-flashmob-contro-il-ponte-sullo-stretto\/","url":"https:\/\/progettotouring.it\/radiotouring104\/2025\/01\/24\/strasburgo-flash-mob-pd-m5s-avs-flashmob-contro-il-ponte-sullo-stretto\/","name":"Strasburgo: flash mob Pd-M5s-Avs, flashmob contro il Ponte","isPartOf":{"@id":"https:\/\/progettotouring.it\/radiotouring104\/#website"},"primaryImageOfPage":{"@id":"https:\/\/progettotouring.it\/radiotouring104\/2025\/01\/24\/strasburgo-flash-mob-pd-m5s-avs-flashmob-contro-il-ponte-sullo-stretto\/#primaryimage"},"image":{"@id":"https:\/\/progettotouring.it\/radiotouring104\/2025\/01\/24\/strasburgo-flash-mob-pd-m5s-avs-flashmob-contro-il-ponte-sullo-stretto\/#primaryimage"},"thumbnailUrl":"https:\/\/progettotouring.it\/radiotouring104\/wp-content\/uploads\/sites\/6\/2023\/01\/ponte-sullo-stretto.jpg","datePublished":"2025-01-24T11:18:26+00:00","dateModified":"2025-01-24T11:20:56+00:00","description":"Flashmob di un gruppo di eurodeputati di Pd, M5S e Alleanza Verdi-Sinistra ieri stamattina a Strasburgo, prima dell'inizio dei lavori","breadcrumb":{"@id":"https:\/\/progettotouring.it\/radiotouring104\/2025\/01\/24\/strasburgo-flash-mob-pd-m5s-avs-flashmob-contro-il-ponte-sullo-stretto\/#breadcrumb"},"inLanguage":"it-IT","potentialAction":[{"@type":"ReadAction","target":["https:\/\/progettotouring.it\/radiotouring104\/2025\/01\/24\/strasburgo-flash-mob-pd-m5s-avs-flashmob-contro-il-ponte-sullo-stretto\/"]}]},{"@type":"ImageObject","inLanguage":"it-IT","@id":"https:\/\/progettotouring.it\/radiotouring104\/2025\/01\/24\/strasburgo-flash-mob-pd-m5s-avs-flashmob-contro-il-ponte-sullo-stretto\/#primaryimage","url":"https:\/\/progettotouring.it\/radiotouring104\/wp-content\/uploads\/sites\/6\/2023\/01\/ponte-sullo-stretto.jpg","contentUrl":"https:\/\/progettotouring.it\/radiotouring104\/wp-content\/uploads\/sites\/6\/2023\/01\/ponte-sullo-stretto.jpg","width":656,"height":492},{"@type":"BreadcrumbList","@id":"https:\/\/progettotouring.it\/radiotouring104\/2025\/01\/24\/strasburgo-flash-mob-pd-m5s-avs-flashmob-contro-il-ponte-sullo-stretto\/#breadcrumb","itemListElement":[{"@type":"ListItem","position":1,"name":"Home","item":"https:\/\/progettotouring.it\/radiotouring104\/"},{"@type":"ListItem","position":2,"name":"Strasburgo: flashmob Pd-M5s-Avs contro il Ponte sullo Stretto"}]},{"@type":"WebSite","@id":"https:\/\/progettotouring.it\/radiotouring104\/#website","url":"https:\/\/progettotouring.it\/radiotouring104\/","name":"Radio Touring 104","description":"La prima radio Reggina","publisher":{"@id":"https:\/\/progettotouring.it\/radiotouring104\/#organization"},"potentialAction":[{"@type":"SearchAction","target":{"@type":"EntryPoint","urlTemplate":"https:\/\/progettotouring.it\/radiotouring104\/?s={search_term_string}"},"query-input":{"@type":"PropertyValueSpecification","valueRequired":true,"valueName":"search_term_string"}}],"inLanguage":"it-IT"},{"@type":"Organization","@id":"https:\/\/progettotouring.it\/radiotouring104\/#organization","name":"Radio Touring 104","url":"https:\/\/progettotouring.it\/radiotouring104\/","logo":{"@type":"ImageObject","inLanguage":"it-IT","@id":"https:\/\/progettotouring.it\/radiotouring104\/#\/schema\/logo\/image\/","url":"https:\/\/progettotouring.it\/radiotouring104\/wp-content\/uploads\/sites\/6\/2022\/02\/cropped-logo-radio-touring-104.png","contentUrl":"https:\/\/progettotouring.it\/radiotouring104\/wp-content\/uploads\/sites\/6\/2022\/02\/cropped-logo-radio-touring-104.png","width":377,"height":182,"caption":"Radio Touring 104"},"image":{"@id":"https:\/\/progettotouring.it\/radiotouring104\/#\/schema\/logo\/image\/"}},{"@type":"Person","@id":"https:\/\/progettotouring.it\/radiotouring104\/#\/schema\/person\/78613917f1851f041f7483f5af1d422e","name":"Sebastiano Plutino","image":{"@type":"ImageObject","inLanguage":"it-IT","@id":"https:\/\/secure.gravatar.com\/avatar\/0546ffaa9b79224faf9f2a156b67a529ae861d3287c66c1d8ccfdf909bcba78d?s=96&d=mm&r=g","url":"https:\/\/secure.gravatar.com\/avatar\/0546ffaa9b79224faf9f2a156b67a529ae861d3287c66c1d8ccfdf909bcba78d?s=96&d=mm&r=g","contentUrl":"https:\/\/secure.gravatar.com\/avatar\/0546ffaa9b79224faf9f2a156b67a529ae861d3287c66c1d8ccfdf909bcba78d?s=96&d=mm&r=g","caption":"Sebastiano Plutino"},"url":"https:\/\/progettotouring.it\/radiotouring104\/author\/sebastiano\/"}]}},"jetpack_publicize_connections":[],"jetpack_featured_media_url":"https:\/\/progettotouring.it\/radiotouring104\/wp-content\/uploads\/sites\/6\/2023\/01\/ponte-sullo-stretto.jpg","jetpack_sharing_enabled":true,"_links":{"self":[{"href":"https:\/\/progettotouring.it\/radiotouring104\/wp-json\/wp\/v2\/posts\/65541","targetHints":{"allow":["GET"]}}],"collection":[{"href":"https:\/\/progettotouring.it\/radiotouring104\/wp-json\/wp\/v2\/posts"}],"about":[{"href":"https:\/\/progettotouring.it\/radiotouring104\/wp-json\/wp\/v2\/types\/post"}],"author":[{"embeddable":true,"href":"https:\/\/progettotouring.it\/radiotouring104\/wp-json\/wp\/v2\/users\/12"}],"replies":[{"embeddable":true,"href":"https:\/\/progettotouring.it\/radiotouring104\/wp-json\/wp\/v2\/comments?post=65541"}],"version-history":[{"count":3,"href":"https:\/\/progettotouring.it\/radiotouring104\/wp-json\/wp\/v2\/posts\/65541\/revisions"}],"predecessor-version":[{"id":65544,"href":"https:\/\/progettotouring.it\/radiotouring104\/wp-json\/wp\/v2\/posts\/65541\/revisions\/65544"}],"wp:featuredmedia":[{"embeddable":true,"href":"https:\/\/progettotouring.it\/radiotouring104\/wp-json\/wp\/v2\/media\/16974"}],"wp:attachment":[{"href":"https:\/\/progettotouring.it\/radiotouring104\/wp-json\/wp\/v2\/media?parent=65541"}],"wp:term":[{"taxonomy":"category","embeddable":true,"href":"https:\/\/progettotouring.it\/radiotouring104\/wp-json\/wp\/v2\/categories?post=65541"},{"taxonomy":"post_tag","embeddable":true,"href":"https:\/\/progettotouring.it\/radiotouring104\/wp-json\/wp\/v2\/tags?post=65541"}],"curies":[{"name":"wp","href":"https:\/\/api.w.org\/{rel}","templated":true}]}}