{"id":65546,"date":"2025-01-24T12:28:30","date_gmt":"2025-01-24T11:28:30","guid":{"rendered":"https:\/\/progettotouring.it\/radiotouring104\/?p=65546"},"modified":"2025-01-24T12:28:30","modified_gmt":"2025-01-24T11:28:30","slug":"reggio-stefania-craxi-presenta-il-nuovo-libro-sulla-storia-politica-del-padre","status":"publish","type":"post","link":"https:\/\/progettotouring.it\/radiotouring104\/2025\/01\/24\/reggio-stefania-craxi-presenta-il-nuovo-libro-sulla-storia-politica-del-padre\/","title":{"rendered":"Reggio: Stefania Craxi presenta il nuovo libro sulla storia politica del padre"},"content":{"rendered":"<p style=\"text-align: justify\">&#8220;Gli oltre due milioni di telespettatori che ieri sera hanno visto su Raiuno il film di Gianni Amelio dedicato a mio padre vogliono dire che quella brutta storia pesa ancora sulla Repubblica italiana e che bisogna fare i conti con Craxi.<\/p>\n<p style=\"text-align: justify\">C&#8217;\u00e8 per\u00f2 un pezzo d&#8217;Italia che non vuole confrontarsi con questa figura.<\/p>\n<p style=\"text-align: justify\">Ma io continuo instancabilmente nel mio lavoro perch\u00e9 penso che questo Paese non riprender\u00e0 il suo corso democratico finch\u00e9 non far\u00e0 i conti con la sua storia e con se stesso&#8221;. Lo ha detto la senatrice di Forza Italia Stefania Craxi parlando con i giornalisti a Reggio Calabria a margine della presentazione del suo libro &#8220;All&#8217;ombra della storia&#8221;.<br \/>\nLa presentazione si \u00e9 svolta nella sede di Forza Italia alla presenza del vicecapogruppo alla Camera e coordinatore del partito in Calabria, Francesco Cannizzaro, secondo il quale &#8220;il libro di Stefania Craxi racconta alcuni retroscena inediti e importanti della vita privata e pubblica di Bettino Craxi&#8221;.<\/p>\n<p style=\"text-align: justify\">\n<h1 style=\"text-align: justify\"><\/h1>\n<h1 class=\"post-single-title\" style=\"text-align: justify\">Stefania Craxi: &#8220;Mani pulite \u00e9 stato l&#8217;atto fondativo del Pd&#8221;<\/h1>\n<p style=\"text-align: justify\">&#8220;C&#8217;\u00e9 una parte della politica italiana che non sa e non vuole fare i conti con la storia di Bettino Craxi. Quella parte \u00e8 la sinistra. E non lo pu\u00f2 fare perch\u00e9 &#8216;Mani pulite&#8217; \u00e8 stato l&#8217;atto fondativo del Pd&#8221;. Cos\u00ec Stefania Craxi intervenendo a Reggio Calabria alla presentazione del suo libro &#8220;All&#8217;ombra della storia&#8221;, dedicato alla vicenda giudiziaria e politica del padre.<\/p>\n<p style=\"text-align: justify\">&#8220;Non sono io &#8211; ha aggiunto Stefania Craxi &#8211; a dover sciogliere questa contraddizione gigantesca. \u00c8 il Paese che deve scioglierla. E penso che una parte del Paese l&#8217;abbia fatto. C&#8217;\u00e8, invece, un&#8217;altra parte che non pu\u00f2, non sa e non vuole fare i conti con la storia di Craxi. Ed \u00e9 la cosiddetta sinistra. di questo Paese. Lo dimostra il fatto che in occasione del venticinquesimo anniversario della morte di mio padre non c&#8217;\u00e8 stato alcun rappresentante del Pd che ha fatto un commento. Il presidente del Senato, Ignazio La Russa, che viene da un&#8217;altra storia, \u00e8 venuto ad Hammamet. Cos\u00ec come Antonio Tajani, segretario di Forza Italia. Sono 25 anni che nessun esponente politico e istituzionale di spicco della sinistra ha messo i piedi nella sabbia di Hammamet. E questo \u00e8 un fatto, non un giudizio&#8221;.<\/p>\n","protected":false},"excerpt":{"rendered":"<p>&#8220;Gli oltre due milioni di telespettatori che ieri sera hanno visto su Raiuno il film di Gianni Amelio dedicato a mio padre vogliono dire che quella brutta storia pesa ancora&hellip;<\/p>\n","protected":false},"author":12,"featured_media":65548,"comment_status":"closed","ping_status":"open","sticky":false,"template":"","format":"standard","meta":{"_jetpack_memberships_contains_paid_content":false,"footnotes":"","jetpack_publicize_message":"","jetpack_publicize_feature_enabled":true,"jetpack_social_post_already_shared":true,"jetpack_social_options":{"image_generator_settings":{"template":"highway","default_image_id":0,"font":"","enabled":false},"version":2}},"categories":[921,196,140],"tags":[39743,39742,39591,28970],"class_list":["post-65546","post","type-post","status-publish","format-standard","has-post-thumbnail","hentry","category-home","category-news","category-reggio-calabria","tag-bettino-craxi","tag-circolo-provinciale-forza-italia","tag-presentazione-nuovo-libro","tag-stefania-craxi"],"yoast_head":"<!-- This site is optimized with the Yoast SEO plugin v27.2 - https:\/\/yoast.com\/product\/yoast-seo-wordpress\/ -->\n<title>Reggio: Stefania Craxi presenta il nuovo libro sulla storia politica del padre - Radio Touring 104<\/title>\n<meta name=\"description\" content=\"Stefania Craxi ha presentato il nuovo libro sulla storia politica di padre Bettino in occasione dei 25 anni dalla sua scomparsa\" \/>\n<meta name=\"robots\" content=\"index, follow, max-snippet:-1, max-image-preview:large, max-video-preview:-1\" \/>\n<link rel=\"canonical\" href=\"https:\/\/progettotouring.it\/radiotouring104\/2025\/01\/24\/reggio-stefania-craxi-presenta-il-nuovo-libro-sulla-storia-politica-del-padre\/\" \/>\n<meta property=\"og:locale\" content=\"it_IT\" \/>\n<meta property=\"og:type\" content=\"article\" \/>\n<meta property=\"og:title\" content=\"Reggio: Stefania Craxi presenta il nuovo libro sulla storia politica del padre - Radio Touring 104\" \/>\n<meta property=\"og:description\" content=\"Stefania Craxi ha presentato il nuovo libro sulla storia politica di padre Bettino in occasione dei 25 anni dalla sua scomparsa\" \/>\n<meta property=\"og:url\" content=\"https:\/\/progettotouring.it\/radiotouring104\/2025\/01\/24\/reggio-stefania-craxi-presenta-il-nuovo-libro-sulla-storia-politica-del-padre\/\" \/>\n<meta property=\"og:site_name\" content=\"Radio Touring 104\" \/>\n<meta property=\"article:published_time\" content=\"2025-01-24T11:28:30+00:00\" \/>\n<meta property=\"og:image\" content=\"https:\/\/progettotouring.it\/radiotouring104\/wp-content\/uploads\/sites\/6\/2025\/01\/Bettino_Craxi_Official.jpg\" \/>\n\t<meta property=\"og:image:width\" content=\"262\" \/>\n\t<meta property=\"og:image:height\" content=\"366\" \/>\n\t<meta property=\"og:image:type\" content=\"image\/jpeg\" \/>\n<meta name=\"author\" content=\"Sebastiano Plutino\" \/>\n<meta name=\"twitter:card\" content=\"summary_large_image\" \/>\n<meta name=\"twitter:label1\" content=\"Scritto da\" \/>\n\t<meta name=\"twitter:data1\" content=\"Sebastiano Plutino\" \/>\n\t<meta name=\"twitter:label2\" content=\"Tempo di lettura stimato\" \/>\n\t<meta name=\"twitter:data2\" content=\"2 minuti\" \/>\n<script type=\"application\/ld+json\" class=\"yoast-schema-graph\">{\"@context\":\"https:\/\/schema.org\",\"@graph\":[{\"@type\":\"Article\",\"@id\":\"https:\/\/progettotouring.it\/radiotouring104\/2025\/01\/24\/reggio-stefania-craxi-presenta-il-nuovo-libro-sulla-storia-politica-del-padre\/#article\",\"isPartOf\":{\"@id\":\"https:\/\/progettotouring.it\/radiotouring104\/2025\/01\/24\/reggio-stefania-craxi-presenta-il-nuovo-libro-sulla-storia-politica-del-padre\/\"},\"author\":{\"name\":\"Sebastiano Plutino\",\"@id\":\"https:\/\/progettotouring.it\/radiotouring104\/#\/schema\/person\/78613917f1851f041f7483f5af1d422e\"},\"headline\":\"Reggio: Stefania Craxi presenta il nuovo libro sulla storia politica del padre\",\"datePublished\":\"2025-01-24T11:28:30+00:00\",\"mainEntityOfPage\":{\"@id\":\"https:\/\/progettotouring.it\/radiotouring104\/2025\/01\/24\/reggio-stefania-craxi-presenta-il-nuovo-libro-sulla-storia-politica-del-padre\/\"},\"wordCount\":371,\"publisher\":{\"@id\":\"https:\/\/progettotouring.it\/radiotouring104\/#organization\"},\"image\":{\"@id\":\"https:\/\/progettotouring.it\/radiotouring104\/2025\/01\/24\/reggio-stefania-craxi-presenta-il-nuovo-libro-sulla-storia-politica-del-padre\/#primaryimage\"},\"thumbnailUrl\":\"https:\/\/progettotouring.it\/radiotouring104\/wp-content\/uploads\/sites\/6\/2025\/01\/Bettino_Craxi_Official.jpg\",\"keywords\":[\"Bettino Craxi\",\"Circolo Provinciale Forza Italia\",\"presentazione nuovo libro\",\"Stefania Craxi\"],\"articleSection\":[\"Home\",\"News\",\"Reggio Calabria\"],\"inLanguage\":\"it-IT\"},{\"@type\":\"WebPage\",\"@id\":\"https:\/\/progettotouring.it\/radiotouring104\/2025\/01\/24\/reggio-stefania-craxi-presenta-il-nuovo-libro-sulla-storia-politica-del-padre\/\",\"url\":\"https:\/\/progettotouring.it\/radiotouring104\/2025\/01\/24\/reggio-stefania-craxi-presenta-il-nuovo-libro-sulla-storia-politica-del-padre\/\",\"name\":\"Reggio: Stefania Craxi presenta il nuovo libro sulla storia politica del padre - Radio Touring 104\",\"isPartOf\":{\"@id\":\"https:\/\/progettotouring.it\/radiotouring104\/#website\"},\"primaryImageOfPage\":{\"@id\":\"https:\/\/progettotouring.it\/radiotouring104\/2025\/01\/24\/reggio-stefania-craxi-presenta-il-nuovo-libro-sulla-storia-politica-del-padre\/#primaryimage\"},\"image\":{\"@id\":\"https:\/\/progettotouring.it\/radiotouring104\/2025\/01\/24\/reggio-stefania-craxi-presenta-il-nuovo-libro-sulla-storia-politica-del-padre\/#primaryimage\"},\"thumbnailUrl\":\"https:\/\/progettotouring.it\/radiotouring104\/wp-content\/uploads\/sites\/6\/2025\/01\/Bettino_Craxi_Official.jpg\",\"datePublished\":\"2025-01-24T11:28:30+00:00\",\"description\":\"Stefania Craxi ha presentato il nuovo libro sulla storia politica di padre Bettino in occasione dei 25 anni dalla sua scomparsa\",\"breadcrumb\":{\"@id\":\"https:\/\/progettotouring.it\/radiotouring104\/2025\/01\/24\/reggio-stefania-craxi-presenta-il-nuovo-libro-sulla-storia-politica-del-padre\/#breadcrumb\"},\"inLanguage\":\"it-IT\",\"potentialAction\":[{\"@type\":\"ReadAction\",\"target\":[\"https:\/\/progettotouring.it\/radiotouring104\/2025\/01\/24\/reggio-stefania-craxi-presenta-il-nuovo-libro-sulla-storia-politica-del-padre\/\"]}]},{\"@type\":\"ImageObject\",\"inLanguage\":\"it-IT\",\"@id\":\"https:\/\/progettotouring.it\/radiotouring104\/2025\/01\/24\/reggio-stefania-craxi-presenta-il-nuovo-libro-sulla-storia-politica-del-padre\/#primaryimage\",\"url\":\"https:\/\/progettotouring.it\/radiotouring104\/wp-content\/uploads\/sites\/6\/2025\/01\/Bettino_Craxi_Official.jpg\",\"contentUrl\":\"https:\/\/progettotouring.it\/radiotouring104\/wp-content\/uploads\/sites\/6\/2025\/01\/Bettino_Craxi_Official.jpg\",\"width\":262,\"height\":366},{\"@type\":\"BreadcrumbList\",\"@id\":\"https:\/\/progettotouring.it\/radiotouring104\/2025\/01\/24\/reggio-stefania-craxi-presenta-il-nuovo-libro-sulla-storia-politica-del-padre\/#breadcrumb\",\"itemListElement\":[{\"@type\":\"ListItem\",\"position\":1,\"name\":\"Home\",\"item\":\"https:\/\/progettotouring.it\/radiotouring104\/\"},{\"@type\":\"ListItem\",\"position\":2,\"name\":\"Reggio: Stefania Craxi presenta il nuovo libro sulla storia politica del padre\"}]},{\"@type\":\"WebSite\",\"@id\":\"https:\/\/progettotouring.it\/radiotouring104\/#website\",\"url\":\"https:\/\/progettotouring.it\/radiotouring104\/\",\"name\":\"Radio Touring 104\",\"description\":\"La prima radio Reggina\",\"publisher\":{\"@id\":\"https:\/\/progettotouring.it\/radiotouring104\/#organization\"},\"potentialAction\":[{\"@type\":\"SearchAction\",\"target\":{\"@type\":\"EntryPoint\",\"urlTemplate\":\"https:\/\/progettotouring.it\/radiotouring104\/?s={search_term_string}\"},\"query-input\":{\"@type\":\"PropertyValueSpecification\",\"valueRequired\":true,\"valueName\":\"search_term_string\"}}],\"inLanguage\":\"it-IT\"},{\"@type\":\"Organization\",\"@id\":\"https:\/\/progettotouring.it\/radiotouring104\/#organization\",\"name\":\"Radio Touring 104\",\"url\":\"https:\/\/progettotouring.it\/radiotouring104\/\",\"logo\":{\"@type\":\"ImageObject\",\"inLanguage\":\"it-IT\",\"@id\":\"https:\/\/progettotouring.it\/radiotouring104\/#\/schema\/logo\/image\/\",\"url\":\"https:\/\/progettotouring.it\/radiotouring104\/wp-content\/uploads\/sites\/6\/2022\/02\/cropped-logo-radio-touring-104.png\",\"contentUrl\":\"https:\/\/progettotouring.it\/radiotouring104\/wp-content\/uploads\/sites\/6\/2022\/02\/cropped-logo-radio-touring-104.png\",\"width\":377,\"height\":182,\"caption\":\"Radio Touring 104\"},\"image\":{\"@id\":\"https:\/\/progettotouring.it\/radiotouring104\/#\/schema\/logo\/image\/\"}},{\"@type\":\"Person\",\"@id\":\"https:\/\/progettotouring.it\/radiotouring104\/#\/schema\/person\/78613917f1851f041f7483f5af1d422e\",\"name\":\"Sebastiano Plutino\",\"image\":{\"@type\":\"ImageObject\",\"inLanguage\":\"it-IT\",\"@id\":\"https:\/\/secure.gravatar.com\/avatar\/0546ffaa9b79224faf9f2a156b67a529ae861d3287c66c1d8ccfdf909bcba78d?s=96&d=mm&r=g\",\"url\":\"https:\/\/secure.gravatar.com\/avatar\/0546ffaa9b79224faf9f2a156b67a529ae861d3287c66c1d8ccfdf909bcba78d?s=96&d=mm&r=g\",\"contentUrl\":\"https:\/\/secure.gravatar.com\/avatar\/0546ffaa9b79224faf9f2a156b67a529ae861d3287c66c1d8ccfdf909bcba78d?s=96&d=mm&r=g\",\"caption\":\"Sebastiano Plutino\"},\"url\":\"https:\/\/progettotouring.it\/radiotouring104\/author\/sebastiano\/\"}]}<\/script>\n<!-- \/ Yoast SEO plugin. -->","yoast_head_json":{"title":"Reggio: Stefania Craxi presenta il nuovo libro sulla storia politica del padre - Radio Touring 104","description":"Stefania Craxi ha presentato il nuovo libro sulla storia politica di padre Bettino in occasione dei 25 anni dalla sua scomparsa","robots":{"index":"index","follow":"follow","max-snippet":"max-snippet:-1","max-image-preview":"max-image-preview:large","max-video-preview":"max-video-preview:-1"},"canonical":"https:\/\/progettotouring.it\/radiotouring104\/2025\/01\/24\/reggio-stefania-craxi-presenta-il-nuovo-libro-sulla-storia-politica-del-padre\/","og_locale":"it_IT","og_type":"article","og_title":"Reggio: Stefania Craxi presenta il nuovo libro sulla storia politica del padre - Radio Touring 104","og_description":"Stefania Craxi ha presentato il nuovo libro sulla storia politica di padre Bettino in occasione dei 25 anni dalla sua scomparsa","og_url":"https:\/\/progettotouring.it\/radiotouring104\/2025\/01\/24\/reggio-stefania-craxi-presenta-il-nuovo-libro-sulla-storia-politica-del-padre\/","og_site_name":"Radio Touring 104","article_published_time":"2025-01-24T11:28:30+00:00","og_image":[{"width":262,"height":366,"url":"https:\/\/progettotouring.it\/radiotouring104\/wp-content\/uploads\/sites\/6\/2025\/01\/Bettino_Craxi_Official.jpg","type":"image\/jpeg"}],"author":"Sebastiano Plutino","twitter_card":"summary_large_image","twitter_misc":{"Scritto da":"Sebastiano Plutino","Tempo di lettura stimato":"2 minuti"},"schema":{"@context":"https:\/\/schema.org","@graph":[{"@type":"Article","@id":"https:\/\/progettotouring.it\/radiotouring104\/2025\/01\/24\/reggio-stefania-craxi-presenta-il-nuovo-libro-sulla-storia-politica-del-padre\/#article","isPartOf":{"@id":"https:\/\/progettotouring.it\/radiotouring104\/2025\/01\/24\/reggio-stefania-craxi-presenta-il-nuovo-libro-sulla-storia-politica-del-padre\/"},"author":{"name":"Sebastiano Plutino","@id":"https:\/\/progettotouring.it\/radiotouring104\/#\/schema\/person\/78613917f1851f041f7483f5af1d422e"},"headline":"Reggio: Stefania Craxi presenta il nuovo libro sulla storia politica del padre","datePublished":"2025-01-24T11:28:30+00:00","mainEntityOfPage":{"@id":"https:\/\/progettotouring.it\/radiotouring104\/2025\/01\/24\/reggio-stefania-craxi-presenta-il-nuovo-libro-sulla-storia-politica-del-padre\/"},"wordCount":371,"publisher":{"@id":"https:\/\/progettotouring.it\/radiotouring104\/#organization"},"image":{"@id":"https:\/\/progettotouring.it\/radiotouring104\/2025\/01\/24\/reggio-stefania-craxi-presenta-il-nuovo-libro-sulla-storia-politica-del-padre\/#primaryimage"},"thumbnailUrl":"https:\/\/progettotouring.it\/radiotouring104\/wp-content\/uploads\/sites\/6\/2025\/01\/Bettino_Craxi_Official.jpg","keywords":["Bettino Craxi","Circolo Provinciale Forza Italia","presentazione nuovo libro","Stefania Craxi"],"articleSection":["Home","News","Reggio Calabria"],"inLanguage":"it-IT"},{"@type":"WebPage","@id":"https:\/\/progettotouring.it\/radiotouring104\/2025\/01\/24\/reggio-stefania-craxi-presenta-il-nuovo-libro-sulla-storia-politica-del-padre\/","url":"https:\/\/progettotouring.it\/radiotouring104\/2025\/01\/24\/reggio-stefania-craxi-presenta-il-nuovo-libro-sulla-storia-politica-del-padre\/","name":"Reggio: Stefania Craxi presenta il nuovo libro sulla storia politica del padre - Radio Touring 104","isPartOf":{"@id":"https:\/\/progettotouring.it\/radiotouring104\/#website"},"primaryImageOfPage":{"@id":"https:\/\/progettotouring.it\/radiotouring104\/2025\/01\/24\/reggio-stefania-craxi-presenta-il-nuovo-libro-sulla-storia-politica-del-padre\/#primaryimage"},"image":{"@id":"https:\/\/progettotouring.it\/radiotouring104\/2025\/01\/24\/reggio-stefania-craxi-presenta-il-nuovo-libro-sulla-storia-politica-del-padre\/#primaryimage"},"thumbnailUrl":"https:\/\/progettotouring.it\/radiotouring104\/wp-content\/uploads\/sites\/6\/2025\/01\/Bettino_Craxi_Official.jpg","datePublished":"2025-01-24T11:28:30+00:00","description":"Stefania Craxi ha presentato il nuovo libro sulla storia politica di padre Bettino in occasione dei 25 anni dalla sua scomparsa","breadcrumb":{"@id":"https:\/\/progettotouring.it\/radiotouring104\/2025\/01\/24\/reggio-stefania-craxi-presenta-il-nuovo-libro-sulla-storia-politica-del-padre\/#breadcrumb"},"inLanguage":"it-IT","potentialAction":[{"@type":"ReadAction","target":["https:\/\/progettotouring.it\/radiotouring104\/2025\/01\/24\/reggio-stefania-craxi-presenta-il-nuovo-libro-sulla-storia-politica-del-padre\/"]}]},{"@type":"ImageObject","inLanguage":"it-IT","@id":"https:\/\/progettotouring.it\/radiotouring104\/2025\/01\/24\/reggio-stefania-craxi-presenta-il-nuovo-libro-sulla-storia-politica-del-padre\/#primaryimage","url":"https:\/\/progettotouring.it\/radiotouring104\/wp-content\/uploads\/sites\/6\/2025\/01\/Bettino_Craxi_Official.jpg","contentUrl":"https:\/\/progettotouring.it\/radiotouring104\/wp-content\/uploads\/sites\/6\/2025\/01\/Bettino_Craxi_Official.jpg","width":262,"height":366},{"@type":"BreadcrumbList","@id":"https:\/\/progettotouring.it\/radiotouring104\/2025\/01\/24\/reggio-stefania-craxi-presenta-il-nuovo-libro-sulla-storia-politica-del-padre\/#breadcrumb","itemListElement":[{"@type":"ListItem","position":1,"name":"Home","item":"https:\/\/progettotouring.it\/radiotouring104\/"},{"@type":"ListItem","position":2,"name":"Reggio: Stefania Craxi presenta il nuovo libro sulla storia politica del padre"}]},{"@type":"WebSite","@id":"https:\/\/progettotouring.it\/radiotouring104\/#website","url":"https:\/\/progettotouring.it\/radiotouring104\/","name":"Radio Touring 104","description":"La prima radio Reggina","publisher":{"@id":"https:\/\/progettotouring.it\/radiotouring104\/#organization"},"potentialAction":[{"@type":"SearchAction","target":{"@type":"EntryPoint","urlTemplate":"https:\/\/progettotouring.it\/radiotouring104\/?s={search_term_string}"},"query-input":{"@type":"PropertyValueSpecification","valueRequired":true,"valueName":"search_term_string"}}],"inLanguage":"it-IT"},{"@type":"Organization","@id":"https:\/\/progettotouring.it\/radiotouring104\/#organization","name":"Radio Touring 104","url":"https:\/\/progettotouring.it\/radiotouring104\/","logo":{"@type":"ImageObject","inLanguage":"it-IT","@id":"https:\/\/progettotouring.it\/radiotouring104\/#\/schema\/logo\/image\/","url":"https:\/\/progettotouring.it\/radiotouring104\/wp-content\/uploads\/sites\/6\/2022\/02\/cropped-logo-radio-touring-104.png","contentUrl":"https:\/\/progettotouring.it\/radiotouring104\/wp-content\/uploads\/sites\/6\/2022\/02\/cropped-logo-radio-touring-104.png","width":377,"height":182,"caption":"Radio Touring 104"},"image":{"@id":"https:\/\/progettotouring.it\/radiotouring104\/#\/schema\/logo\/image\/"}},{"@type":"Person","@id":"https:\/\/progettotouring.it\/radiotouring104\/#\/schema\/person\/78613917f1851f041f7483f5af1d422e","name":"Sebastiano Plutino","image":{"@type":"ImageObject","inLanguage":"it-IT","@id":"https:\/\/secure.gravatar.com\/avatar\/0546ffaa9b79224faf9f2a156b67a529ae861d3287c66c1d8ccfdf909bcba78d?s=96&d=mm&r=g","url":"https:\/\/secure.gravatar.com\/avatar\/0546ffaa9b79224faf9f2a156b67a529ae861d3287c66c1d8ccfdf909bcba78d?s=96&d=mm&r=g","contentUrl":"https:\/\/secure.gravatar.com\/avatar\/0546ffaa9b79224faf9f2a156b67a529ae861d3287c66c1d8ccfdf909bcba78d?s=96&d=mm&r=g","caption":"Sebastiano Plutino"},"url":"https:\/\/progettotouring.it\/radiotouring104\/author\/sebastiano\/"}]}},"jetpack_publicize_connections":[],"jetpack_featured_media_url":"https:\/\/progettotouring.it\/radiotouring104\/wp-content\/uploads\/sites\/6\/2025\/01\/Bettino_Craxi_Official.jpg","jetpack_sharing_enabled":true,"_links":{"self":[{"href":"https:\/\/progettotouring.it\/radiotouring104\/wp-json\/wp\/v2\/posts\/65546","targetHints":{"allow":["GET"]}}],"collection":[{"href":"https:\/\/progettotouring.it\/radiotouring104\/wp-json\/wp\/v2\/posts"}],"about":[{"href":"https:\/\/progettotouring.it\/radiotouring104\/wp-json\/wp\/v2\/types\/post"}],"author":[{"embeddable":true,"href":"https:\/\/progettotouring.it\/radiotouring104\/wp-json\/wp\/v2\/users\/12"}],"replies":[{"embeddable":true,"href":"https:\/\/progettotouring.it\/radiotouring104\/wp-json\/wp\/v2\/comments?post=65546"}],"version-history":[{"count":2,"href":"https:\/\/progettotouring.it\/radiotouring104\/wp-json\/wp\/v2\/posts\/65546\/revisions"}],"predecessor-version":[{"id":65549,"href":"https:\/\/progettotouring.it\/radiotouring104\/wp-json\/wp\/v2\/posts\/65546\/revisions\/65549"}],"wp:featuredmedia":[{"embeddable":true,"href":"https:\/\/progettotouring.it\/radiotouring104\/wp-json\/wp\/v2\/media\/65548"}],"wp:attachment":[{"href":"https:\/\/progettotouring.it\/radiotouring104\/wp-json\/wp\/v2\/media?parent=65546"}],"wp:term":[{"taxonomy":"category","embeddable":true,"href":"https:\/\/progettotouring.it\/radiotouring104\/wp-json\/wp\/v2\/categories?post=65546"},{"taxonomy":"post_tag","embeddable":true,"href":"https:\/\/progettotouring.it\/radiotouring104\/wp-json\/wp\/v2\/tags?post=65546"}],"curies":[{"name":"wp","href":"https:\/\/api.w.org\/{rel}","templated":true}]}}