{"id":65598,"date":"2025-01-25T22:42:42","date_gmt":"2025-01-25T21:42:42","guid":{"rendered":"https:\/\/progettotouring.it\/radiotouring104\/?p=65598"},"modified":"2025-01-25T22:42:42","modified_gmt":"2025-01-25T21:42:42","slug":"leurodeputata-giusi-princi-sullinaugurazione-dellanno-giudiziario","status":"publish","type":"post","link":"https:\/\/progettotouring.it\/radiotouring104\/2025\/01\/25\/leurodeputata-giusi-princi-sullinaugurazione-dellanno-giudiziario\/","title":{"rendered":"L&#8217;Eurodeputata Giusi Princi sull&#8217;inaugurazione dell&#8217;anno giudiziario"},"content":{"rendered":"<p class=\"xmprfx_MsoNormal\">\u201cL\u2019inaugurazione dell\u2019anno giudiziario \u00e8 un momento importante per la nostra comunit\u00e0. La giustizia \u00e8 uno dei pilastri su cui si fonda ogni societ\u00e0 democratica e il nostro impegno, sia a livello nazionale che europeo, \u00e8 quello di garantire che i diritti dei cittadini vengano sempre tutelati e rispettati\u201d. Lo afferma in una nota l\u2019eurodeputata Giusi Princi, che oggi ha presenziato alla cerimonia di inaugurazione dell\u2019anno giudiziario 2025 presso la Corte d\u2019Appello di Reggio Calabria.<\/p>\n<p class=\"xmprfx_MsoNormal\">\u201cOggi, pi\u00f9 che mai, il nostro compito \u00e8 rafforzare la fiducia dei cittadini nelle istituzioni, per costruire una societ\u00e0 pi\u00f9 giusta e inclusiva\u201d, aggiunge l\u2019eurodeputata calabrese. \u201cLa cerimonia di oggi \u00e8 stata intensa e ricca di contenuti, dimostrando il grande impegno del distretto per raggiungere gli obiettivi. Complimenti alla Presidente della Corte d\u2019Appello Caterina Chiaravalloti e al Procuratore generale Gerardo Dominijanni. Condivido quanto espresso dalla presidente Chiaravalloti in merito all\u2019Intelligenza Artificiale. Bisogna saper sfruttare le opportunit\u00e0 che offre, sotto il governo attento dell\u2019uomo, anche per contrastare piaghe sociali come la violenza di genere, materia su cui sto gi\u00e0 lavorando nelle commissioni CULT e FEMM del Parlamento europeo\u201d.<\/p>\n<p class=\"xmprfx_MsoNormal\">&#8220;La significativit\u00e0 dei contenuti emersi durante la cerimonia di inaugurazione dell\u2019anno giudiziario, aggiunge, riportano all\u2019attenzione temi importanti per cittadini e istituzioni. \u00c8 fondamentale continuare a promuovere un dialogo costruttivo tra i poteri dello Stato, al fine di tutelare sempre il bene comune, come ha giustamente evidenziato il Procuratore generale Dominijanni. Auguro, conclude, un proficuo anno giudiziario alla magistratura, all\u2019avvocatura e a tutto il distretto di Reggio Calabria\u201d.<\/p>\n","protected":false},"excerpt":{"rendered":"<p>\u201cL\u2019inaugurazione dell\u2019anno giudiziario \u00e8 un momento importante per la nostra comunit\u00e0. La giustizia \u00e8 uno dei pilastri su cui si fonda ogni societ\u00e0 democratica e il nostro impegno, sia a&hellip;<\/p>\n","protected":false},"author":19,"featured_media":65599,"comment_status":"closed","ping_status":"open","sticky":false,"template":"","format":"standard","meta":{"_jetpack_memberships_contains_paid_content":false,"footnotes":"","jetpack_publicize_message":"","jetpack_publicize_feature_enabled":true,"jetpack_social_post_already_shared":true,"jetpack_social_options":{"image_generator_settings":{"template":"highway","default_image_id":0,"font":"","enabled":false},"version":2}},"categories":[921,196,140],"tags":[],"class_list":["post-65598","post","type-post","status-publish","format-standard","has-post-thumbnail","hentry","category-home","category-news","category-reggio-calabria"],"yoast_head":"<!-- This site is optimized with the Yoast SEO plugin v27.2 - https:\/\/yoast.com\/product\/yoast-seo-wordpress\/ -->\n<title>L&#039;Eurodeputata Giusi Princi sull&#039;inaugurazione dell&#039;anno giudiziario - Radio Touring 104<\/title>\n<meta name=\"description\" content=\"L&#039;Eurodeputata Giusi Princi sull&#039;inaugurazione dell&#039;anno giudiziario\" \/>\n<meta name=\"robots\" content=\"index, follow, max-snippet:-1, max-image-preview:large, max-video-preview:-1\" \/>\n<link rel=\"canonical\" href=\"https:\/\/progettotouring.it\/radiotouring104\/2025\/01\/25\/leurodeputata-giusi-princi-sullinaugurazione-dellanno-giudiziario\/\" \/>\n<meta property=\"og:locale\" content=\"it_IT\" \/>\n<meta property=\"og:type\" content=\"article\" \/>\n<meta property=\"og:title\" content=\"L&#039;Eurodeputata Giusi Princi sull&#039;inaugurazione dell&#039;anno giudiziario - Radio Touring 104\" \/>\n<meta property=\"og:description\" content=\"L&#039;Eurodeputata Giusi Princi sull&#039;inaugurazione dell&#039;anno giudiziario\" \/>\n<meta property=\"og:url\" content=\"https:\/\/progettotouring.it\/radiotouring104\/2025\/01\/25\/leurodeputata-giusi-princi-sullinaugurazione-dellanno-giudiziario\/\" \/>\n<meta property=\"og:site_name\" content=\"Radio Touring 104\" \/>\n<meta property=\"article:published_time\" content=\"2025-01-25T21:42:42+00:00\" \/>\n<meta property=\"og:image\" content=\"https:\/\/progettotouring.it\/radiotouring104\/wp-content\/uploads\/sites\/6\/2025\/01\/Foto-inaugurazione-anno-giudiziario.jpeg\" \/>\n\t<meta property=\"og:image:width\" content=\"1182\" \/>\n\t<meta property=\"og:image:height\" content=\"739\" \/>\n\t<meta property=\"og:image:type\" content=\"image\/jpeg\" \/>\n<meta name=\"author\" content=\"S L\" \/>\n<meta name=\"twitter:card\" content=\"summary_large_image\" \/>\n<meta name=\"twitter:label1\" content=\"Scritto da\" \/>\n\t<meta name=\"twitter:data1\" content=\"S L\" \/>\n\t<meta name=\"twitter:label2\" content=\"Tempo di lettura stimato\" \/>\n\t<meta name=\"twitter:data2\" content=\"1 minuto\" \/>\n<script type=\"application\/ld+json\" class=\"yoast-schema-graph\">{\"@context\":\"https:\/\/schema.org\",\"@graph\":[{\"@type\":\"Article\",\"@id\":\"https:\/\/progettotouring.it\/radiotouring104\/2025\/01\/25\/leurodeputata-giusi-princi-sullinaugurazione-dellanno-giudiziario\/#article\",\"isPartOf\":{\"@id\":\"https:\/\/progettotouring.it\/radiotouring104\/2025\/01\/25\/leurodeputata-giusi-princi-sullinaugurazione-dellanno-giudiziario\/\"},\"author\":{\"name\":\"S L\",\"@id\":\"https:\/\/progettotouring.it\/radiotouring104\/#\/schema\/person\/b9f9c3730b0a78814c9b9f3bfc52c619\"},\"headline\":\"L&#8217;Eurodeputata Giusi Princi sull&#8217;inaugurazione dell&#8217;anno giudiziario\",\"datePublished\":\"2025-01-25T21:42:42+00:00\",\"mainEntityOfPage\":{\"@id\":\"https:\/\/progettotouring.it\/radiotouring104\/2025\/01\/25\/leurodeputata-giusi-princi-sullinaugurazione-dellanno-giudiziario\/\"},\"wordCount\":259,\"publisher\":{\"@id\":\"https:\/\/progettotouring.it\/radiotouring104\/#organization\"},\"image\":{\"@id\":\"https:\/\/progettotouring.it\/radiotouring104\/2025\/01\/25\/leurodeputata-giusi-princi-sullinaugurazione-dellanno-giudiziario\/#primaryimage\"},\"thumbnailUrl\":\"https:\/\/progettotouring.it\/radiotouring104\/wp-content\/uploads\/sites\/6\/2025\/01\/Foto-inaugurazione-anno-giudiziario.jpeg\",\"articleSection\":[\"Home\",\"News\",\"Reggio Calabria\"],\"inLanguage\":\"it-IT\"},{\"@type\":\"WebPage\",\"@id\":\"https:\/\/progettotouring.it\/radiotouring104\/2025\/01\/25\/leurodeputata-giusi-princi-sullinaugurazione-dellanno-giudiziario\/\",\"url\":\"https:\/\/progettotouring.it\/radiotouring104\/2025\/01\/25\/leurodeputata-giusi-princi-sullinaugurazione-dellanno-giudiziario\/\",\"name\":\"L'Eurodeputata Giusi Princi sull'inaugurazione dell'anno giudiziario - Radio Touring 104\",\"isPartOf\":{\"@id\":\"https:\/\/progettotouring.it\/radiotouring104\/#website\"},\"primaryImageOfPage\":{\"@id\":\"https:\/\/progettotouring.it\/radiotouring104\/2025\/01\/25\/leurodeputata-giusi-princi-sullinaugurazione-dellanno-giudiziario\/#primaryimage\"},\"image\":{\"@id\":\"https:\/\/progettotouring.it\/radiotouring104\/2025\/01\/25\/leurodeputata-giusi-princi-sullinaugurazione-dellanno-giudiziario\/#primaryimage\"},\"thumbnailUrl\":\"https:\/\/progettotouring.it\/radiotouring104\/wp-content\/uploads\/sites\/6\/2025\/01\/Foto-inaugurazione-anno-giudiziario.jpeg\",\"datePublished\":\"2025-01-25T21:42:42+00:00\",\"description\":\"L'Eurodeputata Giusi Princi sull'inaugurazione dell'anno giudiziario\",\"breadcrumb\":{\"@id\":\"https:\/\/progettotouring.it\/radiotouring104\/2025\/01\/25\/leurodeputata-giusi-princi-sullinaugurazione-dellanno-giudiziario\/#breadcrumb\"},\"inLanguage\":\"it-IT\",\"potentialAction\":[{\"@type\":\"ReadAction\",\"target\":[\"https:\/\/progettotouring.it\/radiotouring104\/2025\/01\/25\/leurodeputata-giusi-princi-sullinaugurazione-dellanno-giudiziario\/\"]}]},{\"@type\":\"ImageObject\",\"inLanguage\":\"it-IT\",\"@id\":\"https:\/\/progettotouring.it\/radiotouring104\/2025\/01\/25\/leurodeputata-giusi-princi-sullinaugurazione-dellanno-giudiziario\/#primaryimage\",\"url\":\"https:\/\/progettotouring.it\/radiotouring104\/wp-content\/uploads\/sites\/6\/2025\/01\/Foto-inaugurazione-anno-giudiziario.jpeg\",\"contentUrl\":\"https:\/\/progettotouring.it\/radiotouring104\/wp-content\/uploads\/sites\/6\/2025\/01\/Foto-inaugurazione-anno-giudiziario.jpeg\",\"width\":1182,\"height\":739},{\"@type\":\"BreadcrumbList\",\"@id\":\"https:\/\/progettotouring.it\/radiotouring104\/2025\/01\/25\/leurodeputata-giusi-princi-sullinaugurazione-dellanno-giudiziario\/#breadcrumb\",\"itemListElement\":[{\"@type\":\"ListItem\",\"position\":1,\"name\":\"Home\",\"item\":\"https:\/\/progettotouring.it\/radiotouring104\/\"},{\"@type\":\"ListItem\",\"position\":2,\"name\":\"L&#8217;Eurodeputata Giusi Princi sull&#8217;inaugurazione dell&#8217;anno giudiziario\"}]},{\"@type\":\"WebSite\",\"@id\":\"https:\/\/progettotouring.it\/radiotouring104\/#website\",\"url\":\"https:\/\/progettotouring.it\/radiotouring104\/\",\"name\":\"Radio Touring 104\",\"description\":\"La prima radio Reggina\",\"publisher\":{\"@id\":\"https:\/\/progettotouring.it\/radiotouring104\/#organization\"},\"potentialAction\":[{\"@type\":\"SearchAction\",\"target\":{\"@type\":\"EntryPoint\",\"urlTemplate\":\"https:\/\/progettotouring.it\/radiotouring104\/?s={search_term_string}\"},\"query-input\":{\"@type\":\"PropertyValueSpecification\",\"valueRequired\":true,\"valueName\":\"search_term_string\"}}],\"inLanguage\":\"it-IT\"},{\"@type\":\"Organization\",\"@id\":\"https:\/\/progettotouring.it\/radiotouring104\/#organization\",\"name\":\"Radio Touring 104\",\"url\":\"https:\/\/progettotouring.it\/radiotouring104\/\",\"logo\":{\"@type\":\"ImageObject\",\"inLanguage\":\"it-IT\",\"@id\":\"https:\/\/progettotouring.it\/radiotouring104\/#\/schema\/logo\/image\/\",\"url\":\"https:\/\/progettotouring.it\/radiotouring104\/wp-content\/uploads\/sites\/6\/2022\/02\/cropped-logo-radio-touring-104.png\",\"contentUrl\":\"https:\/\/progettotouring.it\/radiotouring104\/wp-content\/uploads\/sites\/6\/2022\/02\/cropped-logo-radio-touring-104.png\",\"width\":377,\"height\":182,\"caption\":\"Radio Touring 104\"},\"image\":{\"@id\":\"https:\/\/progettotouring.it\/radiotouring104\/#\/schema\/logo\/image\/\"}},{\"@type\":\"Person\",\"@id\":\"https:\/\/progettotouring.it\/radiotouring104\/#\/schema\/person\/b9f9c3730b0a78814c9b9f3bfc52c619\",\"name\":\"S L\",\"image\":{\"@type\":\"ImageObject\",\"inLanguage\":\"it-IT\",\"@id\":\"https:\/\/secure.gravatar.com\/avatar\/652c51789d7030aaed9ff828331360502a68204fe6fb0831bc280515210e16d2?s=96&d=mm&r=g\",\"url\":\"https:\/\/secure.gravatar.com\/avatar\/652c51789d7030aaed9ff828331360502a68204fe6fb0831bc280515210e16d2?s=96&d=mm&r=g\",\"contentUrl\":\"https:\/\/secure.gravatar.com\/avatar\/652c51789d7030aaed9ff828331360502a68204fe6fb0831bc280515210e16d2?s=96&d=mm&r=g\",\"caption\":\"S L\"},\"url\":\"https:\/\/progettotouring.it\/radiotouring104\/author\/slibri\/\"}]}<\/script>\n<!-- \/ Yoast SEO plugin. -->","yoast_head_json":{"title":"L'Eurodeputata Giusi Princi sull'inaugurazione dell'anno giudiziario - Radio Touring 104","description":"L'Eurodeputata Giusi Princi sull'inaugurazione dell'anno giudiziario","robots":{"index":"index","follow":"follow","max-snippet":"max-snippet:-1","max-image-preview":"max-image-preview:large","max-video-preview":"max-video-preview:-1"},"canonical":"https:\/\/progettotouring.it\/radiotouring104\/2025\/01\/25\/leurodeputata-giusi-princi-sullinaugurazione-dellanno-giudiziario\/","og_locale":"it_IT","og_type":"article","og_title":"L'Eurodeputata Giusi Princi sull'inaugurazione dell'anno giudiziario - Radio Touring 104","og_description":"L'Eurodeputata Giusi Princi sull'inaugurazione dell'anno giudiziario","og_url":"https:\/\/progettotouring.it\/radiotouring104\/2025\/01\/25\/leurodeputata-giusi-princi-sullinaugurazione-dellanno-giudiziario\/","og_site_name":"Radio Touring 104","article_published_time":"2025-01-25T21:42:42+00:00","og_image":[{"width":1182,"height":739,"url":"https:\/\/progettotouring.it\/radiotouring104\/wp-content\/uploads\/sites\/6\/2025\/01\/Foto-inaugurazione-anno-giudiziario.jpeg","type":"image\/jpeg"}],"author":"S L","twitter_card":"summary_large_image","twitter_misc":{"Scritto da":"S L","Tempo di lettura stimato":"1 minuto"},"schema":{"@context":"https:\/\/schema.org","@graph":[{"@type":"Article","@id":"https:\/\/progettotouring.it\/radiotouring104\/2025\/01\/25\/leurodeputata-giusi-princi-sullinaugurazione-dellanno-giudiziario\/#article","isPartOf":{"@id":"https:\/\/progettotouring.it\/radiotouring104\/2025\/01\/25\/leurodeputata-giusi-princi-sullinaugurazione-dellanno-giudiziario\/"},"author":{"name":"S L","@id":"https:\/\/progettotouring.it\/radiotouring104\/#\/schema\/person\/b9f9c3730b0a78814c9b9f3bfc52c619"},"headline":"L&#8217;Eurodeputata Giusi Princi sull&#8217;inaugurazione dell&#8217;anno giudiziario","datePublished":"2025-01-25T21:42:42+00:00","mainEntityOfPage":{"@id":"https:\/\/progettotouring.it\/radiotouring104\/2025\/01\/25\/leurodeputata-giusi-princi-sullinaugurazione-dellanno-giudiziario\/"},"wordCount":259,"publisher":{"@id":"https:\/\/progettotouring.it\/radiotouring104\/#organization"},"image":{"@id":"https:\/\/progettotouring.it\/radiotouring104\/2025\/01\/25\/leurodeputata-giusi-princi-sullinaugurazione-dellanno-giudiziario\/#primaryimage"},"thumbnailUrl":"https:\/\/progettotouring.it\/radiotouring104\/wp-content\/uploads\/sites\/6\/2025\/01\/Foto-inaugurazione-anno-giudiziario.jpeg","articleSection":["Home","News","Reggio Calabria"],"inLanguage":"it-IT"},{"@type":"WebPage","@id":"https:\/\/progettotouring.it\/radiotouring104\/2025\/01\/25\/leurodeputata-giusi-princi-sullinaugurazione-dellanno-giudiziario\/","url":"https:\/\/progettotouring.it\/radiotouring104\/2025\/01\/25\/leurodeputata-giusi-princi-sullinaugurazione-dellanno-giudiziario\/","name":"L'Eurodeputata Giusi Princi sull'inaugurazione dell'anno giudiziario - Radio Touring 104","isPartOf":{"@id":"https:\/\/progettotouring.it\/radiotouring104\/#website"},"primaryImageOfPage":{"@id":"https:\/\/progettotouring.it\/radiotouring104\/2025\/01\/25\/leurodeputata-giusi-princi-sullinaugurazione-dellanno-giudiziario\/#primaryimage"},"image":{"@id":"https:\/\/progettotouring.it\/radiotouring104\/2025\/01\/25\/leurodeputata-giusi-princi-sullinaugurazione-dellanno-giudiziario\/#primaryimage"},"thumbnailUrl":"https:\/\/progettotouring.it\/radiotouring104\/wp-content\/uploads\/sites\/6\/2025\/01\/Foto-inaugurazione-anno-giudiziario.jpeg","datePublished":"2025-01-25T21:42:42+00:00","description":"L'Eurodeputata Giusi Princi sull'inaugurazione dell'anno giudiziario","breadcrumb":{"@id":"https:\/\/progettotouring.it\/radiotouring104\/2025\/01\/25\/leurodeputata-giusi-princi-sullinaugurazione-dellanno-giudiziario\/#breadcrumb"},"inLanguage":"it-IT","potentialAction":[{"@type":"ReadAction","target":["https:\/\/progettotouring.it\/radiotouring104\/2025\/01\/25\/leurodeputata-giusi-princi-sullinaugurazione-dellanno-giudiziario\/"]}]},{"@type":"ImageObject","inLanguage":"it-IT","@id":"https:\/\/progettotouring.it\/radiotouring104\/2025\/01\/25\/leurodeputata-giusi-princi-sullinaugurazione-dellanno-giudiziario\/#primaryimage","url":"https:\/\/progettotouring.it\/radiotouring104\/wp-content\/uploads\/sites\/6\/2025\/01\/Foto-inaugurazione-anno-giudiziario.jpeg","contentUrl":"https:\/\/progettotouring.it\/radiotouring104\/wp-content\/uploads\/sites\/6\/2025\/01\/Foto-inaugurazione-anno-giudiziario.jpeg","width":1182,"height":739},{"@type":"BreadcrumbList","@id":"https:\/\/progettotouring.it\/radiotouring104\/2025\/01\/25\/leurodeputata-giusi-princi-sullinaugurazione-dellanno-giudiziario\/#breadcrumb","itemListElement":[{"@type":"ListItem","position":1,"name":"Home","item":"https:\/\/progettotouring.it\/radiotouring104\/"},{"@type":"ListItem","position":2,"name":"L&#8217;Eurodeputata Giusi Princi sull&#8217;inaugurazione dell&#8217;anno giudiziario"}]},{"@type":"WebSite","@id":"https:\/\/progettotouring.it\/radiotouring104\/#website","url":"https:\/\/progettotouring.it\/radiotouring104\/","name":"Radio Touring 104","description":"La prima radio Reggina","publisher":{"@id":"https:\/\/progettotouring.it\/radiotouring104\/#organization"},"potentialAction":[{"@type":"SearchAction","target":{"@type":"EntryPoint","urlTemplate":"https:\/\/progettotouring.it\/radiotouring104\/?s={search_term_string}"},"query-input":{"@type":"PropertyValueSpecification","valueRequired":true,"valueName":"search_term_string"}}],"inLanguage":"it-IT"},{"@type":"Organization","@id":"https:\/\/progettotouring.it\/radiotouring104\/#organization","name":"Radio Touring 104","url":"https:\/\/progettotouring.it\/radiotouring104\/","logo":{"@type":"ImageObject","inLanguage":"it-IT","@id":"https:\/\/progettotouring.it\/radiotouring104\/#\/schema\/logo\/image\/","url":"https:\/\/progettotouring.it\/radiotouring104\/wp-content\/uploads\/sites\/6\/2022\/02\/cropped-logo-radio-touring-104.png","contentUrl":"https:\/\/progettotouring.it\/radiotouring104\/wp-content\/uploads\/sites\/6\/2022\/02\/cropped-logo-radio-touring-104.png","width":377,"height":182,"caption":"Radio Touring 104"},"image":{"@id":"https:\/\/progettotouring.it\/radiotouring104\/#\/schema\/logo\/image\/"}},{"@type":"Person","@id":"https:\/\/progettotouring.it\/radiotouring104\/#\/schema\/person\/b9f9c3730b0a78814c9b9f3bfc52c619","name":"S L","image":{"@type":"ImageObject","inLanguage":"it-IT","@id":"https:\/\/secure.gravatar.com\/avatar\/652c51789d7030aaed9ff828331360502a68204fe6fb0831bc280515210e16d2?s=96&d=mm&r=g","url":"https:\/\/secure.gravatar.com\/avatar\/652c51789d7030aaed9ff828331360502a68204fe6fb0831bc280515210e16d2?s=96&d=mm&r=g","contentUrl":"https:\/\/secure.gravatar.com\/avatar\/652c51789d7030aaed9ff828331360502a68204fe6fb0831bc280515210e16d2?s=96&d=mm&r=g","caption":"S L"},"url":"https:\/\/progettotouring.it\/radiotouring104\/author\/slibri\/"}]}},"jetpack_publicize_connections":[],"jetpack_featured_media_url":"https:\/\/progettotouring.it\/radiotouring104\/wp-content\/uploads\/sites\/6\/2025\/01\/Foto-inaugurazione-anno-giudiziario.jpeg","jetpack_sharing_enabled":true,"_links":{"self":[{"href":"https:\/\/progettotouring.it\/radiotouring104\/wp-json\/wp\/v2\/posts\/65598","targetHints":{"allow":["GET"]}}],"collection":[{"href":"https:\/\/progettotouring.it\/radiotouring104\/wp-json\/wp\/v2\/posts"}],"about":[{"href":"https:\/\/progettotouring.it\/radiotouring104\/wp-json\/wp\/v2\/types\/post"}],"author":[{"embeddable":true,"href":"https:\/\/progettotouring.it\/radiotouring104\/wp-json\/wp\/v2\/users\/19"}],"replies":[{"embeddable":true,"href":"https:\/\/progettotouring.it\/radiotouring104\/wp-json\/wp\/v2\/comments?post=65598"}],"version-history":[{"count":1,"href":"https:\/\/progettotouring.it\/radiotouring104\/wp-json\/wp\/v2\/posts\/65598\/revisions"}],"predecessor-version":[{"id":65600,"href":"https:\/\/progettotouring.it\/radiotouring104\/wp-json\/wp\/v2\/posts\/65598\/revisions\/65600"}],"wp:featuredmedia":[{"embeddable":true,"href":"https:\/\/progettotouring.it\/radiotouring104\/wp-json\/wp\/v2\/media\/65599"}],"wp:attachment":[{"href":"https:\/\/progettotouring.it\/radiotouring104\/wp-json\/wp\/v2\/media?parent=65598"}],"wp:term":[{"taxonomy":"category","embeddable":true,"href":"https:\/\/progettotouring.it\/radiotouring104\/wp-json\/wp\/v2\/categories?post=65598"},{"taxonomy":"post_tag","embeddable":true,"href":"https:\/\/progettotouring.it\/radiotouring104\/wp-json\/wp\/v2\/tags?post=65598"}],"curies":[{"name":"wp","href":"https:\/\/api.w.org\/{rel}","templated":true}]}}