{"id":65607,"date":"2025-01-25T23:06:50","date_gmt":"2025-01-25T22:06:50","guid":{"rendered":"https:\/\/progettotouring.it\/radiotouring104\/?p=65607"},"modified":"2025-01-25T23:06:50","modified_gmt":"2025-01-25T22:06:50","slug":"associazione-culturale-anassilaos-il-giorno-della-memoria-oggi-fra-crisi-e-nuove-prospettive","status":"publish","type":"post","link":"https:\/\/progettotouring.it\/radiotouring104\/2025\/01\/25\/associazione-culturale-anassilaos-il-giorno-della-memoria-oggi-fra-crisi-e-nuove-prospettive\/","title":{"rendered":"Associazione Culturale Anassilaos: \u201cIl Giorno della Memoria\u00a0 oggi, fra crisi e nuove\u00a0 prospettive&#8221;"},"content":{"rendered":"<p>\u201cIl Giorno della Memoria\u00a0 oggi, fra crisi e nuove\u00a0 prospettive\u201d \u00e8 il tema della conversazione che il Prof. Antonino Romeo terr\u00e0 il prossimo luned\u00ec 27 gennaio, Giorno della Memoria, presso lo Spazio Open alle ore 17,30, promossa dall\u2019Associazione Culturale Anassilaos e dallo stesso Spazio Open.<\/p>\n<p>A introdurre il relatore sar\u00e0 Fabio Arichetta, Responsabile Studi Storici di Anassilaos.<\/p>\n<p>E\u2019 ormai da quasi un decennio, afferma il Presidente di Anassilaos Stefano Iorfida, che il sodalizio reggino fa affidamento su uno studioso attento quale il Prof. Romeo per una riflessione su quel \u201cGiorno della Memoria\u201d che il Parlamento Italiano ha voluto dedicare alla tragedia della Shoah.<\/p>\n<p>Alla base di queste riflessioni e analisi, anno dopo anno, condivise e promosse dall\u2019Anassilaos, l\u2019idea che il Giorno della Memoria non possa essere soltanto un momento commemorativo e di ricordo delle vittime ma semmai un punto di partenza per capire quanto e perch\u00e9 sia avvenuto nella civile Europa, nell\u2019Europa delle Arti, del Diritto, delle Scienze, della Filosofia,\u00a0 \u201cquesto stordimento dell\u2019Umanit\u00e0\u201d,\u00a0 per scovare \u00a0le radici di esso (religiose, sociali, politiche) allo scopo di impedire che possa ripetersi in futuro una nuova Shoah.<\/p>\n","protected":false},"excerpt":{"rendered":"<p>\u201cIl Giorno della Memoria\u00a0 oggi, fra crisi e nuove\u00a0 prospettive\u201d \u00e8 il tema della conversazione che il Prof. Antonino Romeo terr\u00e0 il prossimo luned\u00ec 27 gennaio, Giorno della Memoria, presso&hellip;<\/p>\n","protected":false},"author":19,"featured_media":65608,"comment_status":"closed","ping_status":"open","sticky":false,"template":"","format":"standard","meta":{"_jetpack_memberships_contains_paid_content":false,"footnotes":"","jetpack_publicize_message":"","jetpack_publicize_feature_enabled":true,"jetpack_social_post_already_shared":true,"jetpack_social_options":{"image_generator_settings":{"template":"highway","default_image_id":0,"font":"","enabled":false},"version":2}},"categories":[145,921,196,140],"tags":[],"class_list":["post-65607","post","type-post","status-publish","format-standard","has-post-thumbnail","hentry","category-cultura","category-home","category-news","category-reggio-calabria"],"yoast_head":"<!-- This site is optimized with the Yoast SEO plugin v27.2 - https:\/\/yoast.com\/product\/yoast-seo-wordpress\/ -->\n<title>Associazione Culturale Anassilaos: \u201cIl Giorno della Memoria\u00a0 oggi, fra crisi e nuove\u00a0 prospettive&quot; - Radio Touring 104<\/title>\n<meta name=\"description\" content=\"L&#039;incontro con il Prof. Antonino Romeo si terr\u00e0 luned\u00ec 27 gennaio alle ore 17,30 presso lo Spazio Open\" \/>\n<meta name=\"robots\" content=\"index, follow, max-snippet:-1, max-image-preview:large, max-video-preview:-1\" \/>\n<link rel=\"canonical\" href=\"https:\/\/progettotouring.it\/radiotouring104\/2025\/01\/25\/associazione-culturale-anassilaos-il-giorno-della-memoria-oggi-fra-crisi-e-nuove-prospettive\/\" \/>\n<meta property=\"og:locale\" content=\"it_IT\" \/>\n<meta property=\"og:type\" content=\"article\" \/>\n<meta property=\"og:title\" content=\"Associazione Culturale Anassilaos: \u201cIl Giorno della Memoria\u00a0 oggi, fra crisi e nuove\u00a0 prospettive&quot; - Radio Touring 104\" \/>\n<meta property=\"og:description\" content=\"L&#039;incontro con il Prof. Antonino Romeo si terr\u00e0 luned\u00ec 27 gennaio alle ore 17,30 presso lo Spazio Open\" \/>\n<meta property=\"og:url\" content=\"https:\/\/progettotouring.it\/radiotouring104\/2025\/01\/25\/associazione-culturale-anassilaos-il-giorno-della-memoria-oggi-fra-crisi-e-nuove-prospettive\/\" \/>\n<meta property=\"og:site_name\" content=\"Radio Touring 104\" \/>\n<meta property=\"article:published_time\" content=\"2025-01-25T22:06:50+00:00\" \/>\n<meta property=\"og:image\" content=\"https:\/\/progettotouring.it\/radiotouring104\/wp-content\/uploads\/sites\/6\/2025\/01\/GIORNO-DELLA-MEMORIA.jpg\" \/>\n\t<meta property=\"og:image:width\" content=\"1754\" \/>\n\t<meta property=\"og:image:height\" content=\"1240\" \/>\n\t<meta property=\"og:image:type\" content=\"image\/jpeg\" \/>\n<meta name=\"author\" content=\"S L\" \/>\n<meta name=\"twitter:card\" content=\"summary_large_image\" \/>\n<meta name=\"twitter:label1\" content=\"Scritto da\" \/>\n\t<meta name=\"twitter:data1\" content=\"S L\" \/>\n\t<meta name=\"twitter:label2\" content=\"Tempo di lettura stimato\" \/>\n\t<meta name=\"twitter:data2\" content=\"1 minuto\" \/>\n<script type=\"application\/ld+json\" class=\"yoast-schema-graph\">{\"@context\":\"https:\/\/schema.org\",\"@graph\":[{\"@type\":\"Article\",\"@id\":\"https:\/\/progettotouring.it\/radiotouring104\/2025\/01\/25\/associazione-culturale-anassilaos-il-giorno-della-memoria-oggi-fra-crisi-e-nuove-prospettive\/#article\",\"isPartOf\":{\"@id\":\"https:\/\/progettotouring.it\/radiotouring104\/2025\/01\/25\/associazione-culturale-anassilaos-il-giorno-della-memoria-oggi-fra-crisi-e-nuove-prospettive\/\"},\"author\":{\"name\":\"S L\",\"@id\":\"https:\/\/progettotouring.it\/radiotouring104\/#\/schema\/person\/b9f9c3730b0a78814c9b9f3bfc52c619\"},\"headline\":\"Associazione Culturale Anassilaos: \u201cIl Giorno della Memoria\u00a0 oggi, fra crisi e nuove\u00a0 prospettive&#8221;\",\"datePublished\":\"2025-01-25T22:06:50+00:00\",\"mainEntityOfPage\":{\"@id\":\"https:\/\/progettotouring.it\/radiotouring104\/2025\/01\/25\/associazione-culturale-anassilaos-il-giorno-della-memoria-oggi-fra-crisi-e-nuove-prospettive\/\"},\"wordCount\":199,\"publisher\":{\"@id\":\"https:\/\/progettotouring.it\/radiotouring104\/#organization\"},\"image\":{\"@id\":\"https:\/\/progettotouring.it\/radiotouring104\/2025\/01\/25\/associazione-culturale-anassilaos-il-giorno-della-memoria-oggi-fra-crisi-e-nuove-prospettive\/#primaryimage\"},\"thumbnailUrl\":\"https:\/\/progettotouring.it\/radiotouring104\/wp-content\/uploads\/sites\/6\/2025\/01\/GIORNO-DELLA-MEMORIA.jpg\",\"articleSection\":[\"Cultura\",\"Home\",\"News\",\"Reggio Calabria\"],\"inLanguage\":\"it-IT\"},{\"@type\":\"WebPage\",\"@id\":\"https:\/\/progettotouring.it\/radiotouring104\/2025\/01\/25\/associazione-culturale-anassilaos-il-giorno-della-memoria-oggi-fra-crisi-e-nuove-prospettive\/\",\"url\":\"https:\/\/progettotouring.it\/radiotouring104\/2025\/01\/25\/associazione-culturale-anassilaos-il-giorno-della-memoria-oggi-fra-crisi-e-nuove-prospettive\/\",\"name\":\"Associazione Culturale Anassilaos: \u201cIl Giorno della Memoria\u00a0 oggi, fra crisi e nuove\u00a0 prospettive\\\" - Radio Touring 104\",\"isPartOf\":{\"@id\":\"https:\/\/progettotouring.it\/radiotouring104\/#website\"},\"primaryImageOfPage\":{\"@id\":\"https:\/\/progettotouring.it\/radiotouring104\/2025\/01\/25\/associazione-culturale-anassilaos-il-giorno-della-memoria-oggi-fra-crisi-e-nuove-prospettive\/#primaryimage\"},\"image\":{\"@id\":\"https:\/\/progettotouring.it\/radiotouring104\/2025\/01\/25\/associazione-culturale-anassilaos-il-giorno-della-memoria-oggi-fra-crisi-e-nuove-prospettive\/#primaryimage\"},\"thumbnailUrl\":\"https:\/\/progettotouring.it\/radiotouring104\/wp-content\/uploads\/sites\/6\/2025\/01\/GIORNO-DELLA-MEMORIA.jpg\",\"datePublished\":\"2025-01-25T22:06:50+00:00\",\"description\":\"L'incontro con il Prof. Antonino Romeo si terr\u00e0 luned\u00ec 27 gennaio alle ore 17,30 presso lo Spazio Open\",\"breadcrumb\":{\"@id\":\"https:\/\/progettotouring.it\/radiotouring104\/2025\/01\/25\/associazione-culturale-anassilaos-il-giorno-della-memoria-oggi-fra-crisi-e-nuove-prospettive\/#breadcrumb\"},\"inLanguage\":\"it-IT\",\"potentialAction\":[{\"@type\":\"ReadAction\",\"target\":[\"https:\/\/progettotouring.it\/radiotouring104\/2025\/01\/25\/associazione-culturale-anassilaos-il-giorno-della-memoria-oggi-fra-crisi-e-nuove-prospettive\/\"]}]},{\"@type\":\"ImageObject\",\"inLanguage\":\"it-IT\",\"@id\":\"https:\/\/progettotouring.it\/radiotouring104\/2025\/01\/25\/associazione-culturale-anassilaos-il-giorno-della-memoria-oggi-fra-crisi-e-nuove-prospettive\/#primaryimage\",\"url\":\"https:\/\/progettotouring.it\/radiotouring104\/wp-content\/uploads\/sites\/6\/2025\/01\/GIORNO-DELLA-MEMORIA.jpg\",\"contentUrl\":\"https:\/\/progettotouring.it\/radiotouring104\/wp-content\/uploads\/sites\/6\/2025\/01\/GIORNO-DELLA-MEMORIA.jpg\",\"width\":1754,\"height\":1240},{\"@type\":\"BreadcrumbList\",\"@id\":\"https:\/\/progettotouring.it\/radiotouring104\/2025\/01\/25\/associazione-culturale-anassilaos-il-giorno-della-memoria-oggi-fra-crisi-e-nuove-prospettive\/#breadcrumb\",\"itemListElement\":[{\"@type\":\"ListItem\",\"position\":1,\"name\":\"Home\",\"item\":\"https:\/\/progettotouring.it\/radiotouring104\/\"},{\"@type\":\"ListItem\",\"position\":2,\"name\":\"Associazione Culturale Anassilaos: \u201cIl Giorno della Memoria\u00a0 oggi, fra crisi e nuove\u00a0 prospettive&#8221;\"}]},{\"@type\":\"WebSite\",\"@id\":\"https:\/\/progettotouring.it\/radiotouring104\/#website\",\"url\":\"https:\/\/progettotouring.it\/radiotouring104\/\",\"name\":\"Radio Touring 104\",\"description\":\"La prima radio Reggina\",\"publisher\":{\"@id\":\"https:\/\/progettotouring.it\/radiotouring104\/#organization\"},\"potentialAction\":[{\"@type\":\"SearchAction\",\"target\":{\"@type\":\"EntryPoint\",\"urlTemplate\":\"https:\/\/progettotouring.it\/radiotouring104\/?s={search_term_string}\"},\"query-input\":{\"@type\":\"PropertyValueSpecification\",\"valueRequired\":true,\"valueName\":\"search_term_string\"}}],\"inLanguage\":\"it-IT\"},{\"@type\":\"Organization\",\"@id\":\"https:\/\/progettotouring.it\/radiotouring104\/#organization\",\"name\":\"Radio Touring 104\",\"url\":\"https:\/\/progettotouring.it\/radiotouring104\/\",\"logo\":{\"@type\":\"ImageObject\",\"inLanguage\":\"it-IT\",\"@id\":\"https:\/\/progettotouring.it\/radiotouring104\/#\/schema\/logo\/image\/\",\"url\":\"https:\/\/progettotouring.it\/radiotouring104\/wp-content\/uploads\/sites\/6\/2022\/02\/cropped-logo-radio-touring-104.png\",\"contentUrl\":\"https:\/\/progettotouring.it\/radiotouring104\/wp-content\/uploads\/sites\/6\/2022\/02\/cropped-logo-radio-touring-104.png\",\"width\":377,\"height\":182,\"caption\":\"Radio Touring 104\"},\"image\":{\"@id\":\"https:\/\/progettotouring.it\/radiotouring104\/#\/schema\/logo\/image\/\"}},{\"@type\":\"Person\",\"@id\":\"https:\/\/progettotouring.it\/radiotouring104\/#\/schema\/person\/b9f9c3730b0a78814c9b9f3bfc52c619\",\"name\":\"S L\",\"image\":{\"@type\":\"ImageObject\",\"inLanguage\":\"it-IT\",\"@id\":\"https:\/\/secure.gravatar.com\/avatar\/652c51789d7030aaed9ff828331360502a68204fe6fb0831bc280515210e16d2?s=96&d=mm&r=g\",\"url\":\"https:\/\/secure.gravatar.com\/avatar\/652c51789d7030aaed9ff828331360502a68204fe6fb0831bc280515210e16d2?s=96&d=mm&r=g\",\"contentUrl\":\"https:\/\/secure.gravatar.com\/avatar\/652c51789d7030aaed9ff828331360502a68204fe6fb0831bc280515210e16d2?s=96&d=mm&r=g\",\"caption\":\"S L\"},\"url\":\"https:\/\/progettotouring.it\/radiotouring104\/author\/slibri\/\"}]}<\/script>\n<!-- \/ Yoast SEO plugin. -->","yoast_head_json":{"title":"Associazione Culturale Anassilaos: \u201cIl Giorno della Memoria\u00a0 oggi, fra crisi e nuove\u00a0 prospettive\" - Radio Touring 104","description":"L'incontro con il Prof. Antonino Romeo si terr\u00e0 luned\u00ec 27 gennaio alle ore 17,30 presso lo Spazio Open","robots":{"index":"index","follow":"follow","max-snippet":"max-snippet:-1","max-image-preview":"max-image-preview:large","max-video-preview":"max-video-preview:-1"},"canonical":"https:\/\/progettotouring.it\/radiotouring104\/2025\/01\/25\/associazione-culturale-anassilaos-il-giorno-della-memoria-oggi-fra-crisi-e-nuove-prospettive\/","og_locale":"it_IT","og_type":"article","og_title":"Associazione Culturale Anassilaos: \u201cIl Giorno della Memoria\u00a0 oggi, fra crisi e nuove\u00a0 prospettive\" - Radio Touring 104","og_description":"L'incontro con il Prof. Antonino Romeo si terr\u00e0 luned\u00ec 27 gennaio alle ore 17,30 presso lo Spazio Open","og_url":"https:\/\/progettotouring.it\/radiotouring104\/2025\/01\/25\/associazione-culturale-anassilaos-il-giorno-della-memoria-oggi-fra-crisi-e-nuove-prospettive\/","og_site_name":"Radio Touring 104","article_published_time":"2025-01-25T22:06:50+00:00","og_image":[{"width":1754,"height":1240,"url":"https:\/\/progettotouring.it\/radiotouring104\/wp-content\/uploads\/sites\/6\/2025\/01\/GIORNO-DELLA-MEMORIA.jpg","type":"image\/jpeg"}],"author":"S L","twitter_card":"summary_large_image","twitter_misc":{"Scritto da":"S L","Tempo di lettura stimato":"1 minuto"},"schema":{"@context":"https:\/\/schema.org","@graph":[{"@type":"Article","@id":"https:\/\/progettotouring.it\/radiotouring104\/2025\/01\/25\/associazione-culturale-anassilaos-il-giorno-della-memoria-oggi-fra-crisi-e-nuove-prospettive\/#article","isPartOf":{"@id":"https:\/\/progettotouring.it\/radiotouring104\/2025\/01\/25\/associazione-culturale-anassilaos-il-giorno-della-memoria-oggi-fra-crisi-e-nuove-prospettive\/"},"author":{"name":"S L","@id":"https:\/\/progettotouring.it\/radiotouring104\/#\/schema\/person\/b9f9c3730b0a78814c9b9f3bfc52c619"},"headline":"Associazione Culturale Anassilaos: \u201cIl Giorno della Memoria\u00a0 oggi, fra crisi e nuove\u00a0 prospettive&#8221;","datePublished":"2025-01-25T22:06:50+00:00","mainEntityOfPage":{"@id":"https:\/\/progettotouring.it\/radiotouring104\/2025\/01\/25\/associazione-culturale-anassilaos-il-giorno-della-memoria-oggi-fra-crisi-e-nuove-prospettive\/"},"wordCount":199,"publisher":{"@id":"https:\/\/progettotouring.it\/radiotouring104\/#organization"},"image":{"@id":"https:\/\/progettotouring.it\/radiotouring104\/2025\/01\/25\/associazione-culturale-anassilaos-il-giorno-della-memoria-oggi-fra-crisi-e-nuove-prospettive\/#primaryimage"},"thumbnailUrl":"https:\/\/progettotouring.it\/radiotouring104\/wp-content\/uploads\/sites\/6\/2025\/01\/GIORNO-DELLA-MEMORIA.jpg","articleSection":["Cultura","Home","News","Reggio Calabria"],"inLanguage":"it-IT"},{"@type":"WebPage","@id":"https:\/\/progettotouring.it\/radiotouring104\/2025\/01\/25\/associazione-culturale-anassilaos-il-giorno-della-memoria-oggi-fra-crisi-e-nuove-prospettive\/","url":"https:\/\/progettotouring.it\/radiotouring104\/2025\/01\/25\/associazione-culturale-anassilaos-il-giorno-della-memoria-oggi-fra-crisi-e-nuove-prospettive\/","name":"Associazione Culturale Anassilaos: \u201cIl Giorno della Memoria\u00a0 oggi, fra crisi e nuove\u00a0 prospettive\" - Radio Touring 104","isPartOf":{"@id":"https:\/\/progettotouring.it\/radiotouring104\/#website"},"primaryImageOfPage":{"@id":"https:\/\/progettotouring.it\/radiotouring104\/2025\/01\/25\/associazione-culturale-anassilaos-il-giorno-della-memoria-oggi-fra-crisi-e-nuove-prospettive\/#primaryimage"},"image":{"@id":"https:\/\/progettotouring.it\/radiotouring104\/2025\/01\/25\/associazione-culturale-anassilaos-il-giorno-della-memoria-oggi-fra-crisi-e-nuove-prospettive\/#primaryimage"},"thumbnailUrl":"https:\/\/progettotouring.it\/radiotouring104\/wp-content\/uploads\/sites\/6\/2025\/01\/GIORNO-DELLA-MEMORIA.jpg","datePublished":"2025-01-25T22:06:50+00:00","description":"L'incontro con il Prof. Antonino Romeo si terr\u00e0 luned\u00ec 27 gennaio alle ore 17,30 presso lo Spazio Open","breadcrumb":{"@id":"https:\/\/progettotouring.it\/radiotouring104\/2025\/01\/25\/associazione-culturale-anassilaos-il-giorno-della-memoria-oggi-fra-crisi-e-nuove-prospettive\/#breadcrumb"},"inLanguage":"it-IT","potentialAction":[{"@type":"ReadAction","target":["https:\/\/progettotouring.it\/radiotouring104\/2025\/01\/25\/associazione-culturale-anassilaos-il-giorno-della-memoria-oggi-fra-crisi-e-nuove-prospettive\/"]}]},{"@type":"ImageObject","inLanguage":"it-IT","@id":"https:\/\/progettotouring.it\/radiotouring104\/2025\/01\/25\/associazione-culturale-anassilaos-il-giorno-della-memoria-oggi-fra-crisi-e-nuove-prospettive\/#primaryimage","url":"https:\/\/progettotouring.it\/radiotouring104\/wp-content\/uploads\/sites\/6\/2025\/01\/GIORNO-DELLA-MEMORIA.jpg","contentUrl":"https:\/\/progettotouring.it\/radiotouring104\/wp-content\/uploads\/sites\/6\/2025\/01\/GIORNO-DELLA-MEMORIA.jpg","width":1754,"height":1240},{"@type":"BreadcrumbList","@id":"https:\/\/progettotouring.it\/radiotouring104\/2025\/01\/25\/associazione-culturale-anassilaos-il-giorno-della-memoria-oggi-fra-crisi-e-nuove-prospettive\/#breadcrumb","itemListElement":[{"@type":"ListItem","position":1,"name":"Home","item":"https:\/\/progettotouring.it\/radiotouring104\/"},{"@type":"ListItem","position":2,"name":"Associazione Culturale Anassilaos: \u201cIl Giorno della Memoria\u00a0 oggi, fra crisi e nuove\u00a0 prospettive&#8221;"}]},{"@type":"WebSite","@id":"https:\/\/progettotouring.it\/radiotouring104\/#website","url":"https:\/\/progettotouring.it\/radiotouring104\/","name":"Radio Touring 104","description":"La prima radio Reggina","publisher":{"@id":"https:\/\/progettotouring.it\/radiotouring104\/#organization"},"potentialAction":[{"@type":"SearchAction","target":{"@type":"EntryPoint","urlTemplate":"https:\/\/progettotouring.it\/radiotouring104\/?s={search_term_string}"},"query-input":{"@type":"PropertyValueSpecification","valueRequired":true,"valueName":"search_term_string"}}],"inLanguage":"it-IT"},{"@type":"Organization","@id":"https:\/\/progettotouring.it\/radiotouring104\/#organization","name":"Radio Touring 104","url":"https:\/\/progettotouring.it\/radiotouring104\/","logo":{"@type":"ImageObject","inLanguage":"it-IT","@id":"https:\/\/progettotouring.it\/radiotouring104\/#\/schema\/logo\/image\/","url":"https:\/\/progettotouring.it\/radiotouring104\/wp-content\/uploads\/sites\/6\/2022\/02\/cropped-logo-radio-touring-104.png","contentUrl":"https:\/\/progettotouring.it\/radiotouring104\/wp-content\/uploads\/sites\/6\/2022\/02\/cropped-logo-radio-touring-104.png","width":377,"height":182,"caption":"Radio Touring 104"},"image":{"@id":"https:\/\/progettotouring.it\/radiotouring104\/#\/schema\/logo\/image\/"}},{"@type":"Person","@id":"https:\/\/progettotouring.it\/radiotouring104\/#\/schema\/person\/b9f9c3730b0a78814c9b9f3bfc52c619","name":"S L","image":{"@type":"ImageObject","inLanguage":"it-IT","@id":"https:\/\/secure.gravatar.com\/avatar\/652c51789d7030aaed9ff828331360502a68204fe6fb0831bc280515210e16d2?s=96&d=mm&r=g","url":"https:\/\/secure.gravatar.com\/avatar\/652c51789d7030aaed9ff828331360502a68204fe6fb0831bc280515210e16d2?s=96&d=mm&r=g","contentUrl":"https:\/\/secure.gravatar.com\/avatar\/652c51789d7030aaed9ff828331360502a68204fe6fb0831bc280515210e16d2?s=96&d=mm&r=g","caption":"S L"},"url":"https:\/\/progettotouring.it\/radiotouring104\/author\/slibri\/"}]}},"jetpack_publicize_connections":[],"jetpack_featured_media_url":"https:\/\/progettotouring.it\/radiotouring104\/wp-content\/uploads\/sites\/6\/2025\/01\/GIORNO-DELLA-MEMORIA.jpg","jetpack_sharing_enabled":true,"_links":{"self":[{"href":"https:\/\/progettotouring.it\/radiotouring104\/wp-json\/wp\/v2\/posts\/65607","targetHints":{"allow":["GET"]}}],"collection":[{"href":"https:\/\/progettotouring.it\/radiotouring104\/wp-json\/wp\/v2\/posts"}],"about":[{"href":"https:\/\/progettotouring.it\/radiotouring104\/wp-json\/wp\/v2\/types\/post"}],"author":[{"embeddable":true,"href":"https:\/\/progettotouring.it\/radiotouring104\/wp-json\/wp\/v2\/users\/19"}],"replies":[{"embeddable":true,"href":"https:\/\/progettotouring.it\/radiotouring104\/wp-json\/wp\/v2\/comments?post=65607"}],"version-history":[{"count":1,"href":"https:\/\/progettotouring.it\/radiotouring104\/wp-json\/wp\/v2\/posts\/65607\/revisions"}],"predecessor-version":[{"id":65609,"href":"https:\/\/progettotouring.it\/radiotouring104\/wp-json\/wp\/v2\/posts\/65607\/revisions\/65609"}],"wp:featuredmedia":[{"embeddable":true,"href":"https:\/\/progettotouring.it\/radiotouring104\/wp-json\/wp\/v2\/media\/65608"}],"wp:attachment":[{"href":"https:\/\/progettotouring.it\/radiotouring104\/wp-json\/wp\/v2\/media?parent=65607"}],"wp:term":[{"taxonomy":"category","embeddable":true,"href":"https:\/\/progettotouring.it\/radiotouring104\/wp-json\/wp\/v2\/categories?post=65607"},{"taxonomy":"post_tag","embeddable":true,"href":"https:\/\/progettotouring.it\/radiotouring104\/wp-json\/wp\/v2\/tags?post=65607"}],"curies":[{"name":"wp","href":"https:\/\/api.w.org\/{rel}","templated":true}]}}