{"id":65679,"date":"2025-01-27T09:29:45","date_gmt":"2025-01-27T08:29:45","guid":{"rendered":"https:\/\/progettotouring.it\/radiotouring104\/?p=65679"},"modified":"2025-01-27T11:33:47","modified_gmt":"2025-01-27T10:33:47","slug":"vertenza-piazza-del-popolo-la-strada-non-sono-chiari-gli-obiettivi","status":"publish","type":"post","link":"https:\/\/progettotouring.it\/radiotouring104\/2025\/01\/27\/vertenza-piazza-del-popolo-la-strada-non-sono-chiari-gli-obiettivi\/","title":{"rendered":"Vertenza piazza del Popolo, &#8220;La Strada&#8221;: &#8220;Non sono chiari gli obiettivi&#8221;"},"content":{"rendered":"<p>Di seguito il <strong>comunicato stampa del Movimento politico cittadino in Consiglio Comunale <\/strong><em>&#8220;La Strada&#8221; <\/em><strong>sulla vertenza riguardante la riqualificazione di piazza del Popolo:<\/strong> <em>&#8220;La situazione attuale di Piazza del Popolo \u00e8 l&#8217;esito di un percorso di cui sfugge completamente la linearit\u00e0, in cui non sono chiari gli obiettivi.\u00a0 L&#8217;operato della giunta di oggi contraddice l&#8217;operato della giunta precedente.<\/em><\/p>\n<p style=\"text-align: justify\"><em>Con la delibera 229 di ottobre 2023, la Giunta Comunale deliberava: IL TRASFERIMENTO del mercato \u201cTito Minniti\u201d presso Piazza del Popolo. Addirittura la Delibera dava atto che il trasferimento \u201c\u00e8 funzionale al perseguimento degli obiettivi del Settore Sviluppo Economico Cultura Turismo\u201d. Oltre che rispondente alla legge regionale 18\/1999 che dispone che, nell&#8217;individuare le aree mercatali i Comuni devono tenere conto principalmente: degli strumenti urbanistici [\u2026] favorendo le zone a vocazione turistica; delle esigenze di polizia stradale; delle esigenze di natura igienico-sanitaria.<\/em><\/p>\n<p style=\"text-align: justify\"><em>Di pochi giorni dopo \u00e8 un&#8217;altra Delibera di Giunta ad approvare la nuova planimetria del mercato Botteghelle, che chiaramente non contempla gli operatori regolari di Piazza del Popolo e di Tito Minniti.<\/em><\/p>\n<p style=\"text-align: justify\"><em>Dunque, per sintesi. A ottobre 2023 il trasferimento del mercato che sta tra via XXV luglio e via Vespucci presso Piazza del Popolo \u00e8 addirittura auspicabile in chiave di igiene, sicurezza e prospettiva turistica! Si d\u00e0 ragione anche ad un possibile miglioramento della viabilit\u00e0 per i residenti. Per non dire dell&#8217;alleggerimento del traffico, considerato che nell&#8217;area insistono due grosse scuole. La delibera porta, inoltre, tra le premesse che la scelta del trasferimento a Piazza del Popolo avviene \u201ca seguito di numerose interlocuzioni con i rappresentanti di categoria\u201d.<\/em><\/p>\n<p style=\"text-align: justify\"><em>C&#8217;\u00e8 un altro passaggio molto importante: il trasferimento del Mercato Tito Minniti presso Piazza del Popolo \u00e8 \u201ccoerente con il Documento Unico di Programmazione approvato a luglio dal Consiglio Comunale\u201d.<\/em><\/p>\n<p style=\"text-align: justify\"><em>Insomma, fino a ottobre 2023 si ha per Piazza del Popolo una visione che corrisponde al DUP. Cosa cambia dopo?<\/em><\/p>\n<p style=\"text-align: justify\"><em>La Delibera di gennaio 2025 cambia tutto: \u00e8 citato un atto (aprile 2024) nel quale leggiamo che, sostanzialmente, non si \u00e8 dato seguito alla Delibera di Giunta del 2023 perch\u00e9 \u201csi conferma che il nuovo orientamento dell&#8217;Amministrazione Comunale sia quello di non procedere al trasferimento del Mercato di Via Tito Minniti presso Piazza del Popolo\u201d.<\/em><\/p>\n<p style=\"text-align: justify\"><em>L&#8217;amministrazione a distanza di pochi mesi contraddice s\u00e9 stessa, insomma. Si precisa pure che \u201cla competenza per la soppressione, lo spostamento di un&#8217;area mercatale \u00e8 del consiglio comunale\u201d.<\/em><\/p>\n<p style=\"text-align: justify\"><em>Sono legittime le domande: quando mai il consiglio comunale \u00e8 stato interpellato in merito alla Delibera di spostamento? In seguito a quale linea di indirizzo agisce la Giunta e cambia la visione strategica su Piazza del Popolo? Se prima lo spostamento di Tito Minniti avviene con il coinvolgimento &#8220;dei rappresentanti di categoria&#8221;, lo \u00e8 anche il mancato spostamento? Perch\u00e9 prima \u00e8 una scelta strategica in sicurezza, igiene, sviluppo turistico e poi no? Chi vigila sugli adempimenti deliberati e pubblicati all&#8217;Albo? Se una scelta \u00e8 rispondente alle linee del DUP\u00a0 ed \u00e8 addirittura funzionale al perseguimento degli obiettivi del Settore, perch\u00e9 poi non lo \u00e8 pi\u00f9? Quali obiettivi si sono raggiunti, quindi, rispondenti a quali criteri? Quali sono gli obiettivi, quindi?<\/em><\/p>\n<p style=\"text-align: justify\"><em>I 14 operatori di Tito Minniti e i 2 regolari di Piazza del Popolo sarebbero 16\u00a0 operatori regolari che insistono sulla stessa area: non sarebbe una prova possibile di cambiamento positivo? Perch\u00e9 non iniziare, nelle more del restauro, da qui e magari pensare a uno spazio\/box comunale per tutte quelle realt\u00e0 che producono dai terreni confiscati o ai tanti Gruppi di Acquisto Solidale che operano in citt\u00e0 o per le produzioni di soggetti svantaggiati?<\/em><\/p>\n<p style=\"text-align: justify\"><em>E se 16 pi\u00f9 uno fa 17 e porta male, mettiamone due e fa 18.<\/em><\/p>\n<p><em>\u00c8 pur sempre qualcosa di diverso da un parcheggio. A meno che non si sia gi\u00e0 deciso, fuori dal coinvolgimento vincolante del Consiglio, che Piazza del Popolo deve essere area di servizio al centro storico, tranne che per i giorni degli eventi. Il che sarebbe la negazione esatta della sua storia, della sua funzione urbana.<\/em><\/p>\n<p><em>Non vorremmo che la sospensione fino al 30 giugno sia prodromo di altra sospensione per &#8220;estate reggina&#8221; e tomi tomi cacchi cacchi si vada almeno ad ottobre di rinvio in rinvio&#8230; Una sorte di \u201csoppressione sospesa\u201d&#8230;<\/em><\/p>\n<p><em>Siamo seri, ragioniamo oggi, che \u00e8 gi\u00e0 tardi.&#8221;,<\/em><strong> scrive il Movimento politico reggino &#8220;La Strada&#8221;, in una nota.\u00a0<\/strong><\/p>\n","protected":false},"excerpt":{"rendered":"<p>Di seguito il comunicato stampa del Movimento politico cittadino in Consiglio Comunale &#8220;La Strada&#8221; sulla vertenza riguardante la riqualificazione di piazza del Popolo: &#8220;La situazione attuale di Piazza del Popolo&hellip;<\/p>\n","protected":false},"author":12,"featured_media":64397,"comment_status":"closed","ping_status":"open","sticky":false,"template":"","format":"standard","meta":{"_jetpack_memberships_contains_paid_content":false,"footnotes":"","jetpack_publicize_message":"","jetpack_publicize_feature_enabled":true,"jetpack_social_post_already_shared":true,"jetpack_social_options":{"image_generator_settings":{"template":"highway","default_image_id":0,"font":"","enabled":false},"version":2}},"categories":[921,196,140],"tags":[11112,5647,39757,39715],"class_list":["post-65679","post","type-post","status-publish","format-standard","has-post-thumbnail","hentry","category-home","category-news","category-reggio-calabria","tag-amministrazione-comunale-di-reggio-calabria","tag-movimento-la-strada","tag-operato-giunta-contraddittorio","tag-vertenza-piazza-del-popolo"],"yoast_head":"<!-- This site is optimized with the Yoast SEO plugin v27.2 - https:\/\/yoast.com\/product\/yoast-seo-wordpress\/ -->\n<title>Piazza del Popolo, &quot;La Strada&quot;: &quot;Non sono chiari gli obiettivi&quot;<\/title>\n<meta name=\"description\" content=\"Per il Movimento politico cittadino &quot;L&#039;operato della giunta di oggi contraddice l&#039;operato della giunta precedente&quot;\" \/>\n<meta name=\"robots\" content=\"index, follow, max-snippet:-1, max-image-preview:large, max-video-preview:-1\" \/>\n<link rel=\"canonical\" href=\"https:\/\/progettotouring.it\/radiotouring104\/2025\/01\/27\/vertenza-piazza-del-popolo-la-strada-non-sono-chiari-gli-obiettivi\/\" \/>\n<meta property=\"og:locale\" content=\"it_IT\" \/>\n<meta property=\"og:type\" content=\"article\" \/>\n<meta property=\"og:title\" content=\"Piazza del Popolo, &quot;La Strada&quot;: &quot;Non sono chiari gli obiettivi&quot;\" \/>\n<meta property=\"og:description\" content=\"Per il Movimento politico cittadino &quot;L&#039;operato della giunta di oggi contraddice l&#039;operato della giunta precedente&quot;\" \/>\n<meta property=\"og:url\" content=\"https:\/\/progettotouring.it\/radiotouring104\/2025\/01\/27\/vertenza-piazza-del-popolo-la-strada-non-sono-chiari-gli-obiettivi\/\" \/>\n<meta property=\"og:site_name\" content=\"Radio Touring 104\" \/>\n<meta property=\"article:published_time\" content=\"2025-01-27T08:29:45+00:00\" \/>\n<meta property=\"article:modified_time\" content=\"2025-01-27T10:33:47+00:00\" \/>\n<meta property=\"og:image\" content=\"https:\/\/progettotouring.it\/radiotouring104\/wp-content\/uploads\/sites\/6\/2025\/01\/piazza-del-popolo-reggio-calabria.jpeg\" \/>\n\t<meta property=\"og:image:width\" content=\"1600\" \/>\n\t<meta property=\"og:image:height\" content=\"1158\" \/>\n\t<meta property=\"og:image:type\" content=\"image\/jpeg\" \/>\n<meta name=\"author\" content=\"Sebastiano Plutino\" \/>\n<meta name=\"twitter:card\" content=\"summary_large_image\" \/>\n<meta name=\"twitter:label1\" content=\"Scritto da\" \/>\n\t<meta name=\"twitter:data1\" content=\"Sebastiano Plutino\" \/>\n\t<meta name=\"twitter:label2\" content=\"Tempo di lettura stimato\" \/>\n\t<meta name=\"twitter:data2\" content=\"3 minuti\" \/>\n<script type=\"application\/ld+json\" class=\"yoast-schema-graph\">{\"@context\":\"https:\/\/schema.org\",\"@graph\":[{\"@type\":\"Article\",\"@id\":\"https:\/\/progettotouring.it\/radiotouring104\/2025\/01\/27\/vertenza-piazza-del-popolo-la-strada-non-sono-chiari-gli-obiettivi\/#article\",\"isPartOf\":{\"@id\":\"https:\/\/progettotouring.it\/radiotouring104\/2025\/01\/27\/vertenza-piazza-del-popolo-la-strada-non-sono-chiari-gli-obiettivi\/\"},\"author\":{\"name\":\"Sebastiano Plutino\",\"@id\":\"https:\/\/progettotouring.it\/radiotouring104\/#\/schema\/person\/78613917f1851f041f7483f5af1d422e\"},\"headline\":\"Vertenza piazza del Popolo, &#8220;La Strada&#8221;: &#8220;Non sono chiari gli obiettivi&#8221;\",\"datePublished\":\"2025-01-27T08:29:45+00:00\",\"dateModified\":\"2025-01-27T10:33:47+00:00\",\"mainEntityOfPage\":{\"@id\":\"https:\/\/progettotouring.it\/radiotouring104\/2025\/01\/27\/vertenza-piazza-del-popolo-la-strada-non-sono-chiari-gli-obiettivi\/\"},\"wordCount\":689,\"publisher\":{\"@id\":\"https:\/\/progettotouring.it\/radiotouring104\/#organization\"},\"image\":{\"@id\":\"https:\/\/progettotouring.it\/radiotouring104\/2025\/01\/27\/vertenza-piazza-del-popolo-la-strada-non-sono-chiari-gli-obiettivi\/#primaryimage\"},\"thumbnailUrl\":\"https:\/\/progettotouring.it\/radiotouring104\/wp-content\/uploads\/sites\/6\/2025\/01\/piazza-del-popolo-reggio-calabria.jpeg\",\"keywords\":[\"Amministrazione comunale di Reggio Calabria\",\"Movimento \\\"La Strada\\\"\",\"operato Giunta contraddittorio\",\"Vertenza Piazza del Popolo\"],\"articleSection\":[\"Home\",\"News\",\"Reggio Calabria\"],\"inLanguage\":\"it-IT\"},{\"@type\":\"WebPage\",\"@id\":\"https:\/\/progettotouring.it\/radiotouring104\/2025\/01\/27\/vertenza-piazza-del-popolo-la-strada-non-sono-chiari-gli-obiettivi\/\",\"url\":\"https:\/\/progettotouring.it\/radiotouring104\/2025\/01\/27\/vertenza-piazza-del-popolo-la-strada-non-sono-chiari-gli-obiettivi\/\",\"name\":\"Piazza del Popolo, \\\"La Strada\\\": \\\"Non sono chiari gli obiettivi\\\"\",\"isPartOf\":{\"@id\":\"https:\/\/progettotouring.it\/radiotouring104\/#website\"},\"primaryImageOfPage\":{\"@id\":\"https:\/\/progettotouring.it\/radiotouring104\/2025\/01\/27\/vertenza-piazza-del-popolo-la-strada-non-sono-chiari-gli-obiettivi\/#primaryimage\"},\"image\":{\"@id\":\"https:\/\/progettotouring.it\/radiotouring104\/2025\/01\/27\/vertenza-piazza-del-popolo-la-strada-non-sono-chiari-gli-obiettivi\/#primaryimage\"},\"thumbnailUrl\":\"https:\/\/progettotouring.it\/radiotouring104\/wp-content\/uploads\/sites\/6\/2025\/01\/piazza-del-popolo-reggio-calabria.jpeg\",\"datePublished\":\"2025-01-27T08:29:45+00:00\",\"dateModified\":\"2025-01-27T10:33:47+00:00\",\"description\":\"Per il Movimento politico cittadino \\\"L'operato della giunta di oggi contraddice l'operato della giunta precedente\\\"\",\"breadcrumb\":{\"@id\":\"https:\/\/progettotouring.it\/radiotouring104\/2025\/01\/27\/vertenza-piazza-del-popolo-la-strada-non-sono-chiari-gli-obiettivi\/#breadcrumb\"},\"inLanguage\":\"it-IT\",\"potentialAction\":[{\"@type\":\"ReadAction\",\"target\":[\"https:\/\/progettotouring.it\/radiotouring104\/2025\/01\/27\/vertenza-piazza-del-popolo-la-strada-non-sono-chiari-gli-obiettivi\/\"]}]},{\"@type\":\"ImageObject\",\"inLanguage\":\"it-IT\",\"@id\":\"https:\/\/progettotouring.it\/radiotouring104\/2025\/01\/27\/vertenza-piazza-del-popolo-la-strada-non-sono-chiari-gli-obiettivi\/#primaryimage\",\"url\":\"https:\/\/progettotouring.it\/radiotouring104\/wp-content\/uploads\/sites\/6\/2025\/01\/piazza-del-popolo-reggio-calabria.jpeg\",\"contentUrl\":\"https:\/\/progettotouring.it\/radiotouring104\/wp-content\/uploads\/sites\/6\/2025\/01\/piazza-del-popolo-reggio-calabria.jpeg\",\"width\":1600,\"height\":1158},{\"@type\":\"BreadcrumbList\",\"@id\":\"https:\/\/progettotouring.it\/radiotouring104\/2025\/01\/27\/vertenza-piazza-del-popolo-la-strada-non-sono-chiari-gli-obiettivi\/#breadcrumb\",\"itemListElement\":[{\"@type\":\"ListItem\",\"position\":1,\"name\":\"Home\",\"item\":\"https:\/\/progettotouring.it\/radiotouring104\/\"},{\"@type\":\"ListItem\",\"position\":2,\"name\":\"Vertenza piazza del Popolo, &#8220;La Strada&#8221;: &#8220;Non sono chiari gli obiettivi&#8221;\"}]},{\"@type\":\"WebSite\",\"@id\":\"https:\/\/progettotouring.it\/radiotouring104\/#website\",\"url\":\"https:\/\/progettotouring.it\/radiotouring104\/\",\"name\":\"Radio Touring 104\",\"description\":\"La prima radio Reggina\",\"publisher\":{\"@id\":\"https:\/\/progettotouring.it\/radiotouring104\/#organization\"},\"potentialAction\":[{\"@type\":\"SearchAction\",\"target\":{\"@type\":\"EntryPoint\",\"urlTemplate\":\"https:\/\/progettotouring.it\/radiotouring104\/?s={search_term_string}\"},\"query-input\":{\"@type\":\"PropertyValueSpecification\",\"valueRequired\":true,\"valueName\":\"search_term_string\"}}],\"inLanguage\":\"it-IT\"},{\"@type\":\"Organization\",\"@id\":\"https:\/\/progettotouring.it\/radiotouring104\/#organization\",\"name\":\"Radio Touring 104\",\"url\":\"https:\/\/progettotouring.it\/radiotouring104\/\",\"logo\":{\"@type\":\"ImageObject\",\"inLanguage\":\"it-IT\",\"@id\":\"https:\/\/progettotouring.it\/radiotouring104\/#\/schema\/logo\/image\/\",\"url\":\"https:\/\/progettotouring.it\/radiotouring104\/wp-content\/uploads\/sites\/6\/2022\/02\/cropped-logo-radio-touring-104.png\",\"contentUrl\":\"https:\/\/progettotouring.it\/radiotouring104\/wp-content\/uploads\/sites\/6\/2022\/02\/cropped-logo-radio-touring-104.png\",\"width\":377,\"height\":182,\"caption\":\"Radio Touring 104\"},\"image\":{\"@id\":\"https:\/\/progettotouring.it\/radiotouring104\/#\/schema\/logo\/image\/\"}},{\"@type\":\"Person\",\"@id\":\"https:\/\/progettotouring.it\/radiotouring104\/#\/schema\/person\/78613917f1851f041f7483f5af1d422e\",\"name\":\"Sebastiano Plutino\",\"image\":{\"@type\":\"ImageObject\",\"inLanguage\":\"it-IT\",\"@id\":\"https:\/\/secure.gravatar.com\/avatar\/0546ffaa9b79224faf9f2a156b67a529ae861d3287c66c1d8ccfdf909bcba78d?s=96&d=mm&r=g\",\"url\":\"https:\/\/secure.gravatar.com\/avatar\/0546ffaa9b79224faf9f2a156b67a529ae861d3287c66c1d8ccfdf909bcba78d?s=96&d=mm&r=g\",\"contentUrl\":\"https:\/\/secure.gravatar.com\/avatar\/0546ffaa9b79224faf9f2a156b67a529ae861d3287c66c1d8ccfdf909bcba78d?s=96&d=mm&r=g\",\"caption\":\"Sebastiano Plutino\"},\"url\":\"https:\/\/progettotouring.it\/radiotouring104\/author\/sebastiano\/\"}]}<\/script>\n<!-- \/ Yoast SEO plugin. -->","yoast_head_json":{"title":"Piazza del Popolo, \"La Strada\": \"Non sono chiari gli obiettivi\"","description":"Per il Movimento politico cittadino \"L'operato della giunta di oggi contraddice l'operato della giunta precedente\"","robots":{"index":"index","follow":"follow","max-snippet":"max-snippet:-1","max-image-preview":"max-image-preview:large","max-video-preview":"max-video-preview:-1"},"canonical":"https:\/\/progettotouring.it\/radiotouring104\/2025\/01\/27\/vertenza-piazza-del-popolo-la-strada-non-sono-chiari-gli-obiettivi\/","og_locale":"it_IT","og_type":"article","og_title":"Piazza del Popolo, \"La Strada\": \"Non sono chiari gli obiettivi\"","og_description":"Per il Movimento politico cittadino \"L'operato della giunta di oggi contraddice l'operato della giunta precedente\"","og_url":"https:\/\/progettotouring.it\/radiotouring104\/2025\/01\/27\/vertenza-piazza-del-popolo-la-strada-non-sono-chiari-gli-obiettivi\/","og_site_name":"Radio Touring 104","article_published_time":"2025-01-27T08:29:45+00:00","article_modified_time":"2025-01-27T10:33:47+00:00","og_image":[{"width":1600,"height":1158,"url":"https:\/\/progettotouring.it\/radiotouring104\/wp-content\/uploads\/sites\/6\/2025\/01\/piazza-del-popolo-reggio-calabria.jpeg","type":"image\/jpeg"}],"author":"Sebastiano Plutino","twitter_card":"summary_large_image","twitter_misc":{"Scritto da":"Sebastiano Plutino","Tempo di lettura stimato":"3 minuti"},"schema":{"@context":"https:\/\/schema.org","@graph":[{"@type":"Article","@id":"https:\/\/progettotouring.it\/radiotouring104\/2025\/01\/27\/vertenza-piazza-del-popolo-la-strada-non-sono-chiari-gli-obiettivi\/#article","isPartOf":{"@id":"https:\/\/progettotouring.it\/radiotouring104\/2025\/01\/27\/vertenza-piazza-del-popolo-la-strada-non-sono-chiari-gli-obiettivi\/"},"author":{"name":"Sebastiano Plutino","@id":"https:\/\/progettotouring.it\/radiotouring104\/#\/schema\/person\/78613917f1851f041f7483f5af1d422e"},"headline":"Vertenza piazza del Popolo, &#8220;La Strada&#8221;: &#8220;Non sono chiari gli obiettivi&#8221;","datePublished":"2025-01-27T08:29:45+00:00","dateModified":"2025-01-27T10:33:47+00:00","mainEntityOfPage":{"@id":"https:\/\/progettotouring.it\/radiotouring104\/2025\/01\/27\/vertenza-piazza-del-popolo-la-strada-non-sono-chiari-gli-obiettivi\/"},"wordCount":689,"publisher":{"@id":"https:\/\/progettotouring.it\/radiotouring104\/#organization"},"image":{"@id":"https:\/\/progettotouring.it\/radiotouring104\/2025\/01\/27\/vertenza-piazza-del-popolo-la-strada-non-sono-chiari-gli-obiettivi\/#primaryimage"},"thumbnailUrl":"https:\/\/progettotouring.it\/radiotouring104\/wp-content\/uploads\/sites\/6\/2025\/01\/piazza-del-popolo-reggio-calabria.jpeg","keywords":["Amministrazione comunale di Reggio Calabria","Movimento \"La Strada\"","operato Giunta contraddittorio","Vertenza Piazza del Popolo"],"articleSection":["Home","News","Reggio Calabria"],"inLanguage":"it-IT"},{"@type":"WebPage","@id":"https:\/\/progettotouring.it\/radiotouring104\/2025\/01\/27\/vertenza-piazza-del-popolo-la-strada-non-sono-chiari-gli-obiettivi\/","url":"https:\/\/progettotouring.it\/radiotouring104\/2025\/01\/27\/vertenza-piazza-del-popolo-la-strada-non-sono-chiari-gli-obiettivi\/","name":"Piazza del Popolo, \"La Strada\": \"Non sono chiari gli obiettivi\"","isPartOf":{"@id":"https:\/\/progettotouring.it\/radiotouring104\/#website"},"primaryImageOfPage":{"@id":"https:\/\/progettotouring.it\/radiotouring104\/2025\/01\/27\/vertenza-piazza-del-popolo-la-strada-non-sono-chiari-gli-obiettivi\/#primaryimage"},"image":{"@id":"https:\/\/progettotouring.it\/radiotouring104\/2025\/01\/27\/vertenza-piazza-del-popolo-la-strada-non-sono-chiari-gli-obiettivi\/#primaryimage"},"thumbnailUrl":"https:\/\/progettotouring.it\/radiotouring104\/wp-content\/uploads\/sites\/6\/2025\/01\/piazza-del-popolo-reggio-calabria.jpeg","datePublished":"2025-01-27T08:29:45+00:00","dateModified":"2025-01-27T10:33:47+00:00","description":"Per il Movimento politico cittadino \"L'operato della giunta di oggi contraddice l'operato della giunta precedente\"","breadcrumb":{"@id":"https:\/\/progettotouring.it\/radiotouring104\/2025\/01\/27\/vertenza-piazza-del-popolo-la-strada-non-sono-chiari-gli-obiettivi\/#breadcrumb"},"inLanguage":"it-IT","potentialAction":[{"@type":"ReadAction","target":["https:\/\/progettotouring.it\/radiotouring104\/2025\/01\/27\/vertenza-piazza-del-popolo-la-strada-non-sono-chiari-gli-obiettivi\/"]}]},{"@type":"ImageObject","inLanguage":"it-IT","@id":"https:\/\/progettotouring.it\/radiotouring104\/2025\/01\/27\/vertenza-piazza-del-popolo-la-strada-non-sono-chiari-gli-obiettivi\/#primaryimage","url":"https:\/\/progettotouring.it\/radiotouring104\/wp-content\/uploads\/sites\/6\/2025\/01\/piazza-del-popolo-reggio-calabria.jpeg","contentUrl":"https:\/\/progettotouring.it\/radiotouring104\/wp-content\/uploads\/sites\/6\/2025\/01\/piazza-del-popolo-reggio-calabria.jpeg","width":1600,"height":1158},{"@type":"BreadcrumbList","@id":"https:\/\/progettotouring.it\/radiotouring104\/2025\/01\/27\/vertenza-piazza-del-popolo-la-strada-non-sono-chiari-gli-obiettivi\/#breadcrumb","itemListElement":[{"@type":"ListItem","position":1,"name":"Home","item":"https:\/\/progettotouring.it\/radiotouring104\/"},{"@type":"ListItem","position":2,"name":"Vertenza piazza del Popolo, &#8220;La Strada&#8221;: &#8220;Non sono chiari gli obiettivi&#8221;"}]},{"@type":"WebSite","@id":"https:\/\/progettotouring.it\/radiotouring104\/#website","url":"https:\/\/progettotouring.it\/radiotouring104\/","name":"Radio Touring 104","description":"La prima radio Reggina","publisher":{"@id":"https:\/\/progettotouring.it\/radiotouring104\/#organization"},"potentialAction":[{"@type":"SearchAction","target":{"@type":"EntryPoint","urlTemplate":"https:\/\/progettotouring.it\/radiotouring104\/?s={search_term_string}"},"query-input":{"@type":"PropertyValueSpecification","valueRequired":true,"valueName":"search_term_string"}}],"inLanguage":"it-IT"},{"@type":"Organization","@id":"https:\/\/progettotouring.it\/radiotouring104\/#organization","name":"Radio Touring 104","url":"https:\/\/progettotouring.it\/radiotouring104\/","logo":{"@type":"ImageObject","inLanguage":"it-IT","@id":"https:\/\/progettotouring.it\/radiotouring104\/#\/schema\/logo\/image\/","url":"https:\/\/progettotouring.it\/radiotouring104\/wp-content\/uploads\/sites\/6\/2022\/02\/cropped-logo-radio-touring-104.png","contentUrl":"https:\/\/progettotouring.it\/radiotouring104\/wp-content\/uploads\/sites\/6\/2022\/02\/cropped-logo-radio-touring-104.png","width":377,"height":182,"caption":"Radio Touring 104"},"image":{"@id":"https:\/\/progettotouring.it\/radiotouring104\/#\/schema\/logo\/image\/"}},{"@type":"Person","@id":"https:\/\/progettotouring.it\/radiotouring104\/#\/schema\/person\/78613917f1851f041f7483f5af1d422e","name":"Sebastiano Plutino","image":{"@type":"ImageObject","inLanguage":"it-IT","@id":"https:\/\/secure.gravatar.com\/avatar\/0546ffaa9b79224faf9f2a156b67a529ae861d3287c66c1d8ccfdf909bcba78d?s=96&d=mm&r=g","url":"https:\/\/secure.gravatar.com\/avatar\/0546ffaa9b79224faf9f2a156b67a529ae861d3287c66c1d8ccfdf909bcba78d?s=96&d=mm&r=g","contentUrl":"https:\/\/secure.gravatar.com\/avatar\/0546ffaa9b79224faf9f2a156b67a529ae861d3287c66c1d8ccfdf909bcba78d?s=96&d=mm&r=g","caption":"Sebastiano Plutino"},"url":"https:\/\/progettotouring.it\/radiotouring104\/author\/sebastiano\/"}]}},"jetpack_publicize_connections":[],"jetpack_featured_media_url":"https:\/\/progettotouring.it\/radiotouring104\/wp-content\/uploads\/sites\/6\/2025\/01\/piazza-del-popolo-reggio-calabria.jpeg","jetpack_sharing_enabled":true,"_links":{"self":[{"href":"https:\/\/progettotouring.it\/radiotouring104\/wp-json\/wp\/v2\/posts\/65679","targetHints":{"allow":["GET"]}}],"collection":[{"href":"https:\/\/progettotouring.it\/radiotouring104\/wp-json\/wp\/v2\/posts"}],"about":[{"href":"https:\/\/progettotouring.it\/radiotouring104\/wp-json\/wp\/v2\/types\/post"}],"author":[{"embeddable":true,"href":"https:\/\/progettotouring.it\/radiotouring104\/wp-json\/wp\/v2\/users\/12"}],"replies":[{"embeddable":true,"href":"https:\/\/progettotouring.it\/radiotouring104\/wp-json\/wp\/v2\/comments?post=65679"}],"version-history":[{"count":1,"href":"https:\/\/progettotouring.it\/radiotouring104\/wp-json\/wp\/v2\/posts\/65679\/revisions"}],"predecessor-version":[{"id":65680,"href":"https:\/\/progettotouring.it\/radiotouring104\/wp-json\/wp\/v2\/posts\/65679\/revisions\/65680"}],"wp:featuredmedia":[{"embeddable":true,"href":"https:\/\/progettotouring.it\/radiotouring104\/wp-json\/wp\/v2\/media\/64397"}],"wp:attachment":[{"href":"https:\/\/progettotouring.it\/radiotouring104\/wp-json\/wp\/v2\/media?parent=65679"}],"wp:term":[{"taxonomy":"category","embeddable":true,"href":"https:\/\/progettotouring.it\/radiotouring104\/wp-json\/wp\/v2\/categories?post=65679"},{"taxonomy":"post_tag","embeddable":true,"href":"https:\/\/progettotouring.it\/radiotouring104\/wp-json\/wp\/v2\/tags?post=65679"}],"curies":[{"name":"wp","href":"https:\/\/api.w.org\/{rel}","templated":true}]}}