{"id":65697,"date":"2025-01-27T10:41:46","date_gmt":"2025-01-27T09:41:46","guid":{"rendered":"https:\/\/progettotouring.it\/radiotouring104\/?p=65697"},"modified":"2025-01-27T10:46:28","modified_gmt":"2025-01-27T09:46:28","slug":"comuni-sciolti-per-mafia-minasi-deposita-al-senato-un-ddl-di-modifica-della-legge","status":"publish","type":"post","link":"https:\/\/progettotouring.it\/radiotouring104\/2025\/01\/27\/comuni-sciolti-per-mafia-minasi-deposita-al-senato-un-ddl-di-modifica-della-legge\/","title":{"rendered":"Comuni sciolti per Mafia: Minasi deposita al Senato un Ddl di modifica della Legge"},"content":{"rendered":"<p style=\"text-align: justify\"><em>&#8220;Ho appena depositato un disegno di legge che riforma la procedura di scioglimento dei Consigli comunali per infiltrazioni mafiose, nella profonda convinzione che sia necessario rivedere l&#8217;attuale disciplina per garantire una maggiore equit\u00e0 e tutelare le nostre Istituzioni locali\u00bb<\/em>, <strong>dichiara\u00a0la senatrice della Lega Tilde Minasi in merito alla presentazione, in Senato,<\/strong> in recepimento dei pi\u00f9 recenti orientamenti del Consiglio di Stato, un DDL di modifica degli articoli 143 e 144 del decreto legislativo 18 agosto 2000, n. 267,<strong> in materia di scioglimento dei consigli comunali e provinciali, e lo ilustra sinteticamente in una nota.<\/strong><\/p>\n<p style=\"text-align: justify\"><em>\u00abRitengo sia fondamentale attualizzare quella che, talvolta, pi\u00f9 che una misura a tutela della collettivit\u00e0, sembra un\u2019\u201carma\u201d usata in modo distorto <strong>\u2013<\/strong><\/em><strong> chiarisce la Senatrice<\/strong> \u2013 <em>ovvero appunto lo scioglimento dei Comuni per infiltrazioni mafiose, e recuperare, invece, lo spirito originario e centrale dello strumento, ovvero la lotta alla criminalit\u00e0 organizzata. <\/em><em>Di fronte a casi di infiltrazioni mafiose in una Amministrazione comunale, etichettare l\u2019intero Comune come mafioso \u2013<\/em> <strong>sottolinea Minasi<\/strong> \u2013<em> rischia di compromettere la fiducia nelle Istituzioni e di ostacolare lo sviluppo economico e sociale del territorio. E\u2019 indispensabile, piuttosto, individuare e distinguere le responsabilit\u00e0 individuali, evitando cos\u00ec che, a pagare per illeciti attribuibili a pochi Amministratori, sia invece l\u2019intera collettivit\u00e0.<\/em><\/p>\n<p style=\"text-align: justify\">La riforma \u2013 <strong>spiega la Senatrice<\/strong> \u2013 segue, d\u2019altronde, gli orientamenti del Consiglio di Stato, promuovendo interventi mirati che correggano le anomalie senza bloccare l\u2019operativit\u00e0 degli enti. L\u2019obiettivo \u00e8, appunto, difendere Istituzioni e i cittadini onesti, punendo chi viola la legge, ma senza coinvolgere intere comunit\u00e0 con sanzioni indiscriminate\u00bb.<\/p>\n<p style=\"text-align: justify\">Oggi, infatti, l\u2019articolo 143 del Testo Unico degli Enti Locali (TUEL) prevede lo scioglimento dell\u2019intero Consiglio comunale qualora emergano elementi \u201cconcreti e univoci\u201d su collegamenti diretti o indiretti degli Amministratori con la criminalit\u00e0 organizzata.<\/p>\n<p style=\"text-align: justify\">\u00abSi tratta di una misura \u2013 precisa Minasi \u2013 pensata per salvaguardare la legalit\u00e0, ma che pu\u00f2 trasformarsi in un colpo troppo duro alla democrazia locale, poich\u00e9 depotenzia la volont\u00e0 popolare, privando i cittadini dei loro rappresentanti democraticamente eletti, e genera un contraccolpo sull\u2019immagine pubblica dell\u2019Ente\u00bb.<\/p>\n<p style=\"text-align: justify\">Tra i punti centrali della riforma c\u2019\u00e8 la tutela dei Sindaci e degli Amministratori onesti, garantendo loro un diritto di replica effettivo: \u00abTroppo spesso \u2013<strong> rimarca la Senatrice<\/strong> \u2013 i Sindaci vengono ingiustamente associati alla criminalit\u00e0. Introdurre una fase di preavviso nella quale viene prevista la possibilit\u00e0 di presentare, entro 20 giorni, osservazioni e prove contrarie, permette di salvaguardare il loro operato per mezzo di un contraddittorio\u00bb.<\/p>\n<p style=\"text-align: justify\">Una novit\u00e0 particolarmente significativa \u00e8 rappresentata poi dalla figura del \u201cCommissario di supporto\u201d: nel caso in cui dalla relazione dei commissari \u201cnon emerga la sussistenza di univoci e rilevanti elementi\u201d ma \u201csituazioni comunque sintomatiche di condotte illecite gravi e reiterate\u201d, viene nominato dal prefetto un Commissario temporaneo per \u201cripristinare il regolare funzionamento dei servizi nei settori amministrativi interessati, cos\u00ec da evitare la procedura di scioglimento\u201d.<\/p>\n<p style=\"text-align: justify\">\u00abQuesto ruolo \u2013<strong> spiega la Senatrice<\/strong> \u2013 \u00e8 pensato per affrontare criticit\u00e0 meno gravi. Permetterebbe di affiancare gli Enti locali senza arrivare, appunto di fronte a situazioni di incertezza, a uno scioglimento che priva i cittadini della rappresentanza democratica.<\/p>\n<p style=\"text-align: justify\">Vogliamo poi assicurare la massima seriet\u00e0 e competenza nelle indagini e per questo prevediamo che, presso il Ministero degli Interni, venga istituito un Albo dei soggetti abilitati, al quale potranno iscriversi i funzionari dello Stato, in servizio o in quiescenza, i magistrati della giurisdizione ordinaria o amministrativa in quiescenza e i funzionari della carriera prefettizia\u00bb.<\/p>\n<p style=\"text-align: justify\">Inoltre \u2013 <strong>spiega ancora la Senatrice<\/strong> \u2013 per far s\u00ec che, una volta sciolto il Comune, la gestione amministrativa resti comunque efficiente anche con la nomina dei Commissari, nel ddl viene previsto che essi debbano garantire \u201cuna presenza stabile e continuativa presso la sede dell\u2019ente\u201d: \u00abTroppo di frequente, infatti, gli enti sciolti vengono amministrati da Commissari lontani o impegnati in altri incarichi e attivit\u00e0, che non possono occuparsi come dovrebbero degli enti stessi, con conseguente danno per la collettivit\u00e0.<\/p>\n<p style=\"text-align: justify\">Sia chiaro \u2013 <strong>prosegue la Senatrice<\/strong> \u2013 che non arretriamo di un centimetro contro le mafie, tanto che, in caso di indizi di collusione, le verifiche prefettizie sono state estese anche alle societ\u00e0 partecipate da Enti locali e ai consorzi pubblici, anche a partecipazione privata. Ma vogliamo che le sanzioni colpiscano chi \u00e8 davvero complice. Il DDL rappresenta una battaglia di equilibrio e giustizia, in linea con i pi\u00f9 recenti orientamenti del Consiglio di Stato.<\/p>\n<p style=\"text-align: justify\">La lotta alle mafie \u2013 <strong>dice ancora Tilde Minasi<\/strong> \u2013 deve essere dura e inflessibile, ma non pu\u00f2 tradursi in un\u2019ingiusta punizione collettiva. Sono convinta che questo passaggio sia indispensabile per riconquistare la fiducia dei cittadini e salvaguardare la democrazia locale, senza fare sconti \u2013<strong> conclude<\/strong> \u2013 a chi si mette a disposizione della criminalit\u00e0\u00bb.<\/p>\n","protected":false},"excerpt":{"rendered":"<p>&#8220;Ho appena depositato un disegno di legge che riforma la procedura di scioglimento dei Consigli comunali per infiltrazioni mafiose, nella profonda convinzione che sia necessario rivedere l&#8217;attuale disciplina per garantire&hellip;<\/p>\n","protected":false},"author":12,"featured_media":10212,"comment_status":"closed","ping_status":"open","sticky":false,"template":"","format":"standard","meta":{"_jetpack_memberships_contains_paid_content":false,"footnotes":"","jetpack_publicize_message":"","jetpack_publicize_feature_enabled":true,"jetpack_social_post_already_shared":true,"jetpack_social_options":{"image_generator_settings":{"template":"highway","default_image_id":0,"font":"","enabled":false},"version":2}},"categories":[921,196,140],"tags":[39766,39768,39767,31925,39769],"class_list":["post-65697","post","type-post","status-publish","format-standard","has-post-thumbnail","hentry","category-home","category-news","category-reggio-calabria","tag-comuni-sciolti-per-mafia","tag-modifica-legge","tag-presentazione-ddl","tag-tide-minasi","tag-tutela-amministratori-onesti"],"yoast_head":"<!-- This site is optimized with the Yoast SEO plugin v27.2 - https:\/\/yoast.com\/product\/yoast-seo-wordpress\/ -->\n<title>Comuni sciolti per Mafia: Minasi deposita al Senato un Ddl di modifica della Legge - Radio Touring 104<\/title>\n<meta name=\"description\" content=\"&quot;Riforma indispensabile per salvaguardare gli amministratori onesti, pur combattendo la la criminalit\u00e0&quot;, scrive la Senatrice della Lega\" \/>\n<meta name=\"robots\" content=\"index, follow, max-snippet:-1, max-image-preview:large, max-video-preview:-1\" \/>\n<link rel=\"canonical\" href=\"https:\/\/progettotouring.it\/radiotouring104\/2025\/01\/27\/comuni-sciolti-per-mafia-minasi-deposita-al-senato-un-ddl-di-modifica-della-legge\/\" \/>\n<meta property=\"og:locale\" content=\"it_IT\" \/>\n<meta property=\"og:type\" content=\"article\" \/>\n<meta property=\"og:title\" content=\"Comuni sciolti per Mafia: Minasi deposita al Senato un Ddl di modifica della Legge - Radio Touring 104\" \/>\n<meta property=\"og:description\" content=\"&quot;Riforma indispensabile per salvaguardare gli amministratori onesti, pur combattendo la la criminalit\u00e0&quot;, scrive la Senatrice della Lega\" \/>\n<meta property=\"og:url\" content=\"https:\/\/progettotouring.it\/radiotouring104\/2025\/01\/27\/comuni-sciolti-per-mafia-minasi-deposita-al-senato-un-ddl-di-modifica-della-legge\/\" \/>\n<meta property=\"og:site_name\" content=\"Radio Touring 104\" \/>\n<meta property=\"article:published_time\" content=\"2025-01-27T09:41:46+00:00\" \/>\n<meta property=\"article:modified_time\" content=\"2025-01-27T09:46:28+00:00\" \/>\n<meta property=\"og:image\" content=\"https:\/\/progettotouring.it\/radiotouring104\/wp-content\/uploads\/sites\/6\/2022\/10\/tilde-minasi.jpg\" \/>\n\t<meta property=\"og:image:width\" content=\"932\" \/>\n\t<meta property=\"og:image:height\" content=\"716\" \/>\n\t<meta property=\"og:image:type\" content=\"image\/jpeg\" \/>\n<meta name=\"author\" content=\"Sebastiano Plutino\" \/>\n<meta name=\"twitter:card\" content=\"summary_large_image\" \/>\n<meta name=\"twitter:label1\" content=\"Scritto da\" \/>\n\t<meta name=\"twitter:data1\" content=\"Sebastiano Plutino\" \/>\n\t<meta name=\"twitter:label2\" content=\"Tempo di lettura stimato\" \/>\n\t<meta name=\"twitter:data2\" content=\"4 minuti\" \/>\n<script type=\"application\/ld+json\" class=\"yoast-schema-graph\">{\"@context\":\"https:\/\/schema.org\",\"@graph\":[{\"@type\":\"Article\",\"@id\":\"https:\/\/progettotouring.it\/radiotouring104\/2025\/01\/27\/comuni-sciolti-per-mafia-minasi-deposita-al-senato-un-ddl-di-modifica-della-legge\/#article\",\"isPartOf\":{\"@id\":\"https:\/\/progettotouring.it\/radiotouring104\/2025\/01\/27\/comuni-sciolti-per-mafia-minasi-deposita-al-senato-un-ddl-di-modifica-della-legge\/\"},\"author\":{\"name\":\"Sebastiano Plutino\",\"@id\":\"https:\/\/progettotouring.it\/radiotouring104\/#\/schema\/person\/78613917f1851f041f7483f5af1d422e\"},\"headline\":\"Comuni sciolti per Mafia: Minasi deposita al Senato un Ddl di modifica della Legge\",\"datePublished\":\"2025-01-27T09:41:46+00:00\",\"dateModified\":\"2025-01-27T09:46:28+00:00\",\"mainEntityOfPage\":{\"@id\":\"https:\/\/progettotouring.it\/radiotouring104\/2025\/01\/27\/comuni-sciolti-per-mafia-minasi-deposita-al-senato-un-ddl-di-modifica-della-legge\/\"},\"wordCount\":766,\"publisher\":{\"@id\":\"https:\/\/progettotouring.it\/radiotouring104\/#organization\"},\"image\":{\"@id\":\"https:\/\/progettotouring.it\/radiotouring104\/2025\/01\/27\/comuni-sciolti-per-mafia-minasi-deposita-al-senato-un-ddl-di-modifica-della-legge\/#primaryimage\"},\"thumbnailUrl\":\"https:\/\/progettotouring.it\/radiotouring104\/wp-content\/uploads\/sites\/6\/2022\/10\/tilde-minasi.jpg\",\"keywords\":[\"Comuni sciolti per mafia\",\"modifica legge\",\"presentazione ddl\",\"Tide Minasi\",\"tutela amministratori onesti\"],\"articleSection\":[\"Home\",\"News\",\"Reggio Calabria\"],\"inLanguage\":\"it-IT\"},{\"@type\":\"WebPage\",\"@id\":\"https:\/\/progettotouring.it\/radiotouring104\/2025\/01\/27\/comuni-sciolti-per-mafia-minasi-deposita-al-senato-un-ddl-di-modifica-della-legge\/\",\"url\":\"https:\/\/progettotouring.it\/radiotouring104\/2025\/01\/27\/comuni-sciolti-per-mafia-minasi-deposita-al-senato-un-ddl-di-modifica-della-legge\/\",\"name\":\"Comuni sciolti per Mafia: Minasi deposita al Senato un Ddl di modifica della Legge - Radio Touring 104\",\"isPartOf\":{\"@id\":\"https:\/\/progettotouring.it\/radiotouring104\/#website\"},\"primaryImageOfPage\":{\"@id\":\"https:\/\/progettotouring.it\/radiotouring104\/2025\/01\/27\/comuni-sciolti-per-mafia-minasi-deposita-al-senato-un-ddl-di-modifica-della-legge\/#primaryimage\"},\"image\":{\"@id\":\"https:\/\/progettotouring.it\/radiotouring104\/2025\/01\/27\/comuni-sciolti-per-mafia-minasi-deposita-al-senato-un-ddl-di-modifica-della-legge\/#primaryimage\"},\"thumbnailUrl\":\"https:\/\/progettotouring.it\/radiotouring104\/wp-content\/uploads\/sites\/6\/2022\/10\/tilde-minasi.jpg\",\"datePublished\":\"2025-01-27T09:41:46+00:00\",\"dateModified\":\"2025-01-27T09:46:28+00:00\",\"description\":\"\\\"Riforma indispensabile per salvaguardare gli amministratori onesti, pur combattendo la la criminalit\u00e0\\\", scrive la Senatrice della Lega\",\"breadcrumb\":{\"@id\":\"https:\/\/progettotouring.it\/radiotouring104\/2025\/01\/27\/comuni-sciolti-per-mafia-minasi-deposita-al-senato-un-ddl-di-modifica-della-legge\/#breadcrumb\"},\"inLanguage\":\"it-IT\",\"potentialAction\":[{\"@type\":\"ReadAction\",\"target\":[\"https:\/\/progettotouring.it\/radiotouring104\/2025\/01\/27\/comuni-sciolti-per-mafia-minasi-deposita-al-senato-un-ddl-di-modifica-della-legge\/\"]}]},{\"@type\":\"ImageObject\",\"inLanguage\":\"it-IT\",\"@id\":\"https:\/\/progettotouring.it\/radiotouring104\/2025\/01\/27\/comuni-sciolti-per-mafia-minasi-deposita-al-senato-un-ddl-di-modifica-della-legge\/#primaryimage\",\"url\":\"https:\/\/progettotouring.it\/radiotouring104\/wp-content\/uploads\/sites\/6\/2022\/10\/tilde-minasi.jpg\",\"contentUrl\":\"https:\/\/progettotouring.it\/radiotouring104\/wp-content\/uploads\/sites\/6\/2022\/10\/tilde-minasi.jpg\",\"width\":932,\"height\":716},{\"@type\":\"BreadcrumbList\",\"@id\":\"https:\/\/progettotouring.it\/radiotouring104\/2025\/01\/27\/comuni-sciolti-per-mafia-minasi-deposita-al-senato-un-ddl-di-modifica-della-legge\/#breadcrumb\",\"itemListElement\":[{\"@type\":\"ListItem\",\"position\":1,\"name\":\"Home\",\"item\":\"https:\/\/progettotouring.it\/radiotouring104\/\"},{\"@type\":\"ListItem\",\"position\":2,\"name\":\"Comuni sciolti per Mafia: Minasi deposita al Senato un Ddl di modifica della Legge\"}]},{\"@type\":\"WebSite\",\"@id\":\"https:\/\/progettotouring.it\/radiotouring104\/#website\",\"url\":\"https:\/\/progettotouring.it\/radiotouring104\/\",\"name\":\"Radio Touring 104\",\"description\":\"La prima radio Reggina\",\"publisher\":{\"@id\":\"https:\/\/progettotouring.it\/radiotouring104\/#organization\"},\"potentialAction\":[{\"@type\":\"SearchAction\",\"target\":{\"@type\":\"EntryPoint\",\"urlTemplate\":\"https:\/\/progettotouring.it\/radiotouring104\/?s={search_term_string}\"},\"query-input\":{\"@type\":\"PropertyValueSpecification\",\"valueRequired\":true,\"valueName\":\"search_term_string\"}}],\"inLanguage\":\"it-IT\"},{\"@type\":\"Organization\",\"@id\":\"https:\/\/progettotouring.it\/radiotouring104\/#organization\",\"name\":\"Radio Touring 104\",\"url\":\"https:\/\/progettotouring.it\/radiotouring104\/\",\"logo\":{\"@type\":\"ImageObject\",\"inLanguage\":\"it-IT\",\"@id\":\"https:\/\/progettotouring.it\/radiotouring104\/#\/schema\/logo\/image\/\",\"url\":\"https:\/\/progettotouring.it\/radiotouring104\/wp-content\/uploads\/sites\/6\/2022\/02\/cropped-logo-radio-touring-104.png\",\"contentUrl\":\"https:\/\/progettotouring.it\/radiotouring104\/wp-content\/uploads\/sites\/6\/2022\/02\/cropped-logo-radio-touring-104.png\",\"width\":377,\"height\":182,\"caption\":\"Radio Touring 104\"},\"image\":{\"@id\":\"https:\/\/progettotouring.it\/radiotouring104\/#\/schema\/logo\/image\/\"}},{\"@type\":\"Person\",\"@id\":\"https:\/\/progettotouring.it\/radiotouring104\/#\/schema\/person\/78613917f1851f041f7483f5af1d422e\",\"name\":\"Sebastiano Plutino\",\"image\":{\"@type\":\"ImageObject\",\"inLanguage\":\"it-IT\",\"@id\":\"https:\/\/secure.gravatar.com\/avatar\/0546ffaa9b79224faf9f2a156b67a529ae861d3287c66c1d8ccfdf909bcba78d?s=96&d=mm&r=g\",\"url\":\"https:\/\/secure.gravatar.com\/avatar\/0546ffaa9b79224faf9f2a156b67a529ae861d3287c66c1d8ccfdf909bcba78d?s=96&d=mm&r=g\",\"contentUrl\":\"https:\/\/secure.gravatar.com\/avatar\/0546ffaa9b79224faf9f2a156b67a529ae861d3287c66c1d8ccfdf909bcba78d?s=96&d=mm&r=g\",\"caption\":\"Sebastiano Plutino\"},\"url\":\"https:\/\/progettotouring.it\/radiotouring104\/author\/sebastiano\/\"}]}<\/script>\n<!-- \/ Yoast SEO plugin. -->","yoast_head_json":{"title":"Comuni sciolti per Mafia: Minasi deposita al Senato un Ddl di modifica della Legge - Radio Touring 104","description":"\"Riforma indispensabile per salvaguardare gli amministratori onesti, pur combattendo la la criminalit\u00e0\", scrive la Senatrice della Lega","robots":{"index":"index","follow":"follow","max-snippet":"max-snippet:-1","max-image-preview":"max-image-preview:large","max-video-preview":"max-video-preview:-1"},"canonical":"https:\/\/progettotouring.it\/radiotouring104\/2025\/01\/27\/comuni-sciolti-per-mafia-minasi-deposita-al-senato-un-ddl-di-modifica-della-legge\/","og_locale":"it_IT","og_type":"article","og_title":"Comuni sciolti per Mafia: Minasi deposita al Senato un Ddl di modifica della Legge - Radio Touring 104","og_description":"\"Riforma indispensabile per salvaguardare gli amministratori onesti, pur combattendo la la criminalit\u00e0\", scrive la Senatrice della Lega","og_url":"https:\/\/progettotouring.it\/radiotouring104\/2025\/01\/27\/comuni-sciolti-per-mafia-minasi-deposita-al-senato-un-ddl-di-modifica-della-legge\/","og_site_name":"Radio Touring 104","article_published_time":"2025-01-27T09:41:46+00:00","article_modified_time":"2025-01-27T09:46:28+00:00","og_image":[{"width":932,"height":716,"url":"https:\/\/progettotouring.it\/radiotouring104\/wp-content\/uploads\/sites\/6\/2022\/10\/tilde-minasi.jpg","type":"image\/jpeg"}],"author":"Sebastiano Plutino","twitter_card":"summary_large_image","twitter_misc":{"Scritto da":"Sebastiano Plutino","Tempo di lettura stimato":"4 minuti"},"schema":{"@context":"https:\/\/schema.org","@graph":[{"@type":"Article","@id":"https:\/\/progettotouring.it\/radiotouring104\/2025\/01\/27\/comuni-sciolti-per-mafia-minasi-deposita-al-senato-un-ddl-di-modifica-della-legge\/#article","isPartOf":{"@id":"https:\/\/progettotouring.it\/radiotouring104\/2025\/01\/27\/comuni-sciolti-per-mafia-minasi-deposita-al-senato-un-ddl-di-modifica-della-legge\/"},"author":{"name":"Sebastiano Plutino","@id":"https:\/\/progettotouring.it\/radiotouring104\/#\/schema\/person\/78613917f1851f041f7483f5af1d422e"},"headline":"Comuni sciolti per Mafia: Minasi deposita al Senato un Ddl di modifica della Legge","datePublished":"2025-01-27T09:41:46+00:00","dateModified":"2025-01-27T09:46:28+00:00","mainEntityOfPage":{"@id":"https:\/\/progettotouring.it\/radiotouring104\/2025\/01\/27\/comuni-sciolti-per-mafia-minasi-deposita-al-senato-un-ddl-di-modifica-della-legge\/"},"wordCount":766,"publisher":{"@id":"https:\/\/progettotouring.it\/radiotouring104\/#organization"},"image":{"@id":"https:\/\/progettotouring.it\/radiotouring104\/2025\/01\/27\/comuni-sciolti-per-mafia-minasi-deposita-al-senato-un-ddl-di-modifica-della-legge\/#primaryimage"},"thumbnailUrl":"https:\/\/progettotouring.it\/radiotouring104\/wp-content\/uploads\/sites\/6\/2022\/10\/tilde-minasi.jpg","keywords":["Comuni sciolti per mafia","modifica legge","presentazione ddl","Tide Minasi","tutela amministratori onesti"],"articleSection":["Home","News","Reggio Calabria"],"inLanguage":"it-IT"},{"@type":"WebPage","@id":"https:\/\/progettotouring.it\/radiotouring104\/2025\/01\/27\/comuni-sciolti-per-mafia-minasi-deposita-al-senato-un-ddl-di-modifica-della-legge\/","url":"https:\/\/progettotouring.it\/radiotouring104\/2025\/01\/27\/comuni-sciolti-per-mafia-minasi-deposita-al-senato-un-ddl-di-modifica-della-legge\/","name":"Comuni sciolti per Mafia: Minasi deposita al Senato un Ddl di modifica della Legge - Radio Touring 104","isPartOf":{"@id":"https:\/\/progettotouring.it\/radiotouring104\/#website"},"primaryImageOfPage":{"@id":"https:\/\/progettotouring.it\/radiotouring104\/2025\/01\/27\/comuni-sciolti-per-mafia-minasi-deposita-al-senato-un-ddl-di-modifica-della-legge\/#primaryimage"},"image":{"@id":"https:\/\/progettotouring.it\/radiotouring104\/2025\/01\/27\/comuni-sciolti-per-mafia-minasi-deposita-al-senato-un-ddl-di-modifica-della-legge\/#primaryimage"},"thumbnailUrl":"https:\/\/progettotouring.it\/radiotouring104\/wp-content\/uploads\/sites\/6\/2022\/10\/tilde-minasi.jpg","datePublished":"2025-01-27T09:41:46+00:00","dateModified":"2025-01-27T09:46:28+00:00","description":"\"Riforma indispensabile per salvaguardare gli amministratori onesti, pur combattendo la la criminalit\u00e0\", scrive la Senatrice della Lega","breadcrumb":{"@id":"https:\/\/progettotouring.it\/radiotouring104\/2025\/01\/27\/comuni-sciolti-per-mafia-minasi-deposita-al-senato-un-ddl-di-modifica-della-legge\/#breadcrumb"},"inLanguage":"it-IT","potentialAction":[{"@type":"ReadAction","target":["https:\/\/progettotouring.it\/radiotouring104\/2025\/01\/27\/comuni-sciolti-per-mafia-minasi-deposita-al-senato-un-ddl-di-modifica-della-legge\/"]}]},{"@type":"ImageObject","inLanguage":"it-IT","@id":"https:\/\/progettotouring.it\/radiotouring104\/2025\/01\/27\/comuni-sciolti-per-mafia-minasi-deposita-al-senato-un-ddl-di-modifica-della-legge\/#primaryimage","url":"https:\/\/progettotouring.it\/radiotouring104\/wp-content\/uploads\/sites\/6\/2022\/10\/tilde-minasi.jpg","contentUrl":"https:\/\/progettotouring.it\/radiotouring104\/wp-content\/uploads\/sites\/6\/2022\/10\/tilde-minasi.jpg","width":932,"height":716},{"@type":"BreadcrumbList","@id":"https:\/\/progettotouring.it\/radiotouring104\/2025\/01\/27\/comuni-sciolti-per-mafia-minasi-deposita-al-senato-un-ddl-di-modifica-della-legge\/#breadcrumb","itemListElement":[{"@type":"ListItem","position":1,"name":"Home","item":"https:\/\/progettotouring.it\/radiotouring104\/"},{"@type":"ListItem","position":2,"name":"Comuni sciolti per Mafia: Minasi deposita al Senato un Ddl di modifica della Legge"}]},{"@type":"WebSite","@id":"https:\/\/progettotouring.it\/radiotouring104\/#website","url":"https:\/\/progettotouring.it\/radiotouring104\/","name":"Radio Touring 104","description":"La prima radio Reggina","publisher":{"@id":"https:\/\/progettotouring.it\/radiotouring104\/#organization"},"potentialAction":[{"@type":"SearchAction","target":{"@type":"EntryPoint","urlTemplate":"https:\/\/progettotouring.it\/radiotouring104\/?s={search_term_string}"},"query-input":{"@type":"PropertyValueSpecification","valueRequired":true,"valueName":"search_term_string"}}],"inLanguage":"it-IT"},{"@type":"Organization","@id":"https:\/\/progettotouring.it\/radiotouring104\/#organization","name":"Radio Touring 104","url":"https:\/\/progettotouring.it\/radiotouring104\/","logo":{"@type":"ImageObject","inLanguage":"it-IT","@id":"https:\/\/progettotouring.it\/radiotouring104\/#\/schema\/logo\/image\/","url":"https:\/\/progettotouring.it\/radiotouring104\/wp-content\/uploads\/sites\/6\/2022\/02\/cropped-logo-radio-touring-104.png","contentUrl":"https:\/\/progettotouring.it\/radiotouring104\/wp-content\/uploads\/sites\/6\/2022\/02\/cropped-logo-radio-touring-104.png","width":377,"height":182,"caption":"Radio Touring 104"},"image":{"@id":"https:\/\/progettotouring.it\/radiotouring104\/#\/schema\/logo\/image\/"}},{"@type":"Person","@id":"https:\/\/progettotouring.it\/radiotouring104\/#\/schema\/person\/78613917f1851f041f7483f5af1d422e","name":"Sebastiano Plutino","image":{"@type":"ImageObject","inLanguage":"it-IT","@id":"https:\/\/secure.gravatar.com\/avatar\/0546ffaa9b79224faf9f2a156b67a529ae861d3287c66c1d8ccfdf909bcba78d?s=96&d=mm&r=g","url":"https:\/\/secure.gravatar.com\/avatar\/0546ffaa9b79224faf9f2a156b67a529ae861d3287c66c1d8ccfdf909bcba78d?s=96&d=mm&r=g","contentUrl":"https:\/\/secure.gravatar.com\/avatar\/0546ffaa9b79224faf9f2a156b67a529ae861d3287c66c1d8ccfdf909bcba78d?s=96&d=mm&r=g","caption":"Sebastiano Plutino"},"url":"https:\/\/progettotouring.it\/radiotouring104\/author\/sebastiano\/"}]}},"jetpack_publicize_connections":[],"jetpack_featured_media_url":"https:\/\/progettotouring.it\/radiotouring104\/wp-content\/uploads\/sites\/6\/2022\/10\/tilde-minasi.jpg","jetpack_sharing_enabled":true,"_links":{"self":[{"href":"https:\/\/progettotouring.it\/radiotouring104\/wp-json\/wp\/v2\/posts\/65697","targetHints":{"allow":["GET"]}}],"collection":[{"href":"https:\/\/progettotouring.it\/radiotouring104\/wp-json\/wp\/v2\/posts"}],"about":[{"href":"https:\/\/progettotouring.it\/radiotouring104\/wp-json\/wp\/v2\/types\/post"}],"author":[{"embeddable":true,"href":"https:\/\/progettotouring.it\/radiotouring104\/wp-json\/wp\/v2\/users\/12"}],"replies":[{"embeddable":true,"href":"https:\/\/progettotouring.it\/radiotouring104\/wp-json\/wp\/v2\/comments?post=65697"}],"version-history":[{"count":2,"href":"https:\/\/progettotouring.it\/radiotouring104\/wp-json\/wp\/v2\/posts\/65697\/revisions"}],"predecessor-version":[{"id":65699,"href":"https:\/\/progettotouring.it\/radiotouring104\/wp-json\/wp\/v2\/posts\/65697\/revisions\/65699"}],"wp:featuredmedia":[{"embeddable":true,"href":"https:\/\/progettotouring.it\/radiotouring104\/wp-json\/wp\/v2\/media\/10212"}],"wp:attachment":[{"href":"https:\/\/progettotouring.it\/radiotouring104\/wp-json\/wp\/v2\/media?parent=65697"}],"wp:term":[{"taxonomy":"category","embeddable":true,"href":"https:\/\/progettotouring.it\/radiotouring104\/wp-json\/wp\/v2\/categories?post=65697"},{"taxonomy":"post_tag","embeddable":true,"href":"https:\/\/progettotouring.it\/radiotouring104\/wp-json\/wp\/v2\/tags?post=65697"}],"curies":[{"name":"wp","href":"https:\/\/api.w.org\/{rel}","templated":true}]}}