{"id":65702,"date":"2025-01-27T11:18:03","date_gmt":"2025-01-27T10:18:03","guid":{"rendered":"https:\/\/progettotouring.it\/radiotouring104\/?p=65702"},"modified":"2025-01-27T11:18:03","modified_gmt":"2025-01-27T10:18:03","slug":"calabria-experience-ricorda-lavv-pizzimenti-ad-un-anno-dalla-scomparsa","status":"publish","type":"post","link":"https:\/\/progettotouring.it\/radiotouring104\/2025\/01\/27\/calabria-experience-ricorda-lavv-pizzimenti-ad-un-anno-dalla-scomparsa\/","title":{"rendered":"Calabria Experience ricorda l&#8217;avv. Pizzimenti ad un anno dalla scomparsa"},"content":{"rendered":"<p class=\"xmprfx_MsoNormal\" style=\"text-align: justify\">Un anno fa, il 3 febbraio 2024, l\u2019Avv. Prof. Francesco Pezzimenti ci ha lasciati. La sua morte ha lasciato un vuoto che non potr\u00e0 mai essere colmato, soprattutto nel mondo della scuola cuneese, dove era amato e rispettato da colleghi e studenti dell&#8217;Istituto Alberghiero di Barge e del &#8220;Grandis&#8221; di Cuneo. Ma il suo cuore batteva forte anche in Calabria, sua terra d&#8217;origine, dove non solo esercitava la professione di avvocato civilista, ma si impegnava attivamente nel sociale. Francesco \u00e8 stato tra i fondatori dell&#8217;associazione R\u00f9dina di Ferruzzano, ha contribuito alla commissione Festa di San Giuseppe di Ferruzzano, ha preso parte alla politica nelle amministrative del 2017 e ha sempre sostenuto progetti locali, come quelli della Pro Loco di Brancaleone e Ferruzzano.<\/p>\n<p class=\"xmprfx_MsoNormal\" style=\"text-align: justify\">Nonostante fosse diviso tra il Piemonte, dove insegnava, e la Calabria, Francesco non ha mai smesso di dedicarsi alla sua terra, cercando in ogni occasione di esprimere la sua passione attraverso la fotografia e i video. Le sue immagini, scattate con il cuore e immortalate con l&#8217;occhio sensibile di un artista, sono un tributo alla bellezza della Calabria e dei monumenti piemontesi ritratti sui suoi profili social, ma anche alla sua voglia di raccontare il mondo con uno sguardo diverso.<\/p>\n<p class=\"xmprfx_MsoNormal\" style=\"text-align: justify\">La community di Calabria Experience ha avuto l&#8217;onore di collaborare con lui. I suoi scatti e video realizzati con il drone, condivisi generosamente con noi, sono diventati un patrimonio che ha arricchito la nostra narrazione online, permettendo a migliaia di persone di scoprire la bellezza nascosta della Calabria. Nel periodo tra giugno e dicembre 2023, molti dei suoi contenuti hanno raggiunto un pubblico vasto e affezionato, guadagnando migliaia di visualizzazioni. A dicembre dello stesso anno, gli chiedemmo di diventare un Top Creator di Calabria Experience, e Francesco accett\u00f2 con entusiasmo. Purtroppo, il tempo non gli permise di completare la sua scheda sul nostro portale, ma il suo spirito continua a vivere attraverso le sue opere.<\/p>\n<p class=\"xmprfx_MsoNormal\" style=\"text-align: justify\">Per questo, il prossimo 3 febbraio, a un anno dalla sua scomparsa, Calabria Experience lo ricorder\u00e0 con immenso affetto, pubblicando alcuni dei suoi contenuti pi\u00f9 belli sui propri canali social e pubblicando la scheda Creator dedicata a lui nel proprio portale nella sezione \u201cCreator\u201d. Non sar\u00e0 solo un gesto di ringraziamento, ma un modo per onorarlo, per tenere viva la sua memoria, per far s\u00ec che la sua passione per la Calabria e per la bellezza non venga mai dimenticata.<\/p>\n<p class=\"xmprfx_MsoNormal\" style=\"text-align: justify\">\u00abL&#8217;Avv. Prof. Francesco Pizzimenti, nel suo breve transito terrestre, \u00e8 stato capace, attraverso la passione per la fotografia e il video editing, di regalarci autentici capolavori. Video e foto che hanno raggiunto migliaia di visualizzazioni, mostrando la Calabria in tutta la sua straordinaria bellezza. Per questa ragione, Calabria Experience lo ricorder\u00e0 un anno dopo la sua scomparsa, rendendo omaggio al suo talento e al suo amore per la nostra terra\u00bb &#8211; ha dichiarato l&#8217;Ing. Fabio Pugliese, ideatore e fondatore di Calabria Experience.<\/p>\n<p class=\"xmprfx_MsoNormal\" style=\"text-align: justify\">Inoltre, il direttivo dell&#8217;Associazione \u201cCalabria Excellent\u201d ETS ha deciso all&#8217;unanimit\u00e0 di promuovere la proposta del presidente Pugliese: chiedere formalmente al Comune di Ferruzzano di dedicare una via o una strada all&#8217;Avv. Prof. Francesco Pizzimenti. Francesco non \u00e8 stato solo un uomo che ha superato difficolt\u00e0 personali, laureandosi in legge e diventando un rispettato professore. \u00c8 stato soprattutto un calabrese che ha amato la propria terra con tutta l&#8217;intensit\u00e0 del suo cuore. Con le sue foto e i suoi video, ha raccontato la Calabria in modo unico, lasciando un&#8217;eredit\u00e0 che resta indelebile nel tempo.<\/p>\n<p class=\"xmprfx_MsoNormal\" style=\"text-align: justify\">\u00abFrancesco \u00e8 stato una vera eccellenza della nostra terra. Le sue immagini, che continuano a raccontare la nostra Calabria, sono un tributo eterno alla sua passione e al suo amore per la nostra terra\u00bb &#8211; ha concluso l&#8217;Ing. Fabio Pugliese, presidente dell&#8217;Associazione &#8220;Calabria Excellent&#8221; ETS.<\/p>\n<p class=\"xmprfx_MsoNormal\" style=\"text-align: justify\">Il 3 febbraio 2025, insieme, celebreremo la sua memoria, unendo i cuori di chi l&#8217;ha conosciuto e di chi, grazie a lui, ha potuto scoprire la Calabria che lui tanto amava.<\/p>\n","protected":false},"excerpt":{"rendered":"<p>Un anno fa, il 3 febbraio 2024, l\u2019Avv. Prof. Francesco Pezzimenti ci ha lasciati. La sua morte ha lasciato un vuoto che non potr\u00e0 mai essere colmato, soprattutto nel mondo&hellip;<\/p>\n","protected":false},"author":12,"featured_media":65703,"comment_status":"closed","ping_status":"open","sticky":false,"template":"","format":"standard","meta":{"_jetpack_memberships_contains_paid_content":false,"footnotes":"","jetpack_publicize_message":"","jetpack_publicize_feature_enabled":true,"jetpack_social_post_already_shared":true,"jetpack_social_options":{"image_generator_settings":{"template":"highway","default_image_id":0,"font":"","enabled":false},"version":2}},"categories":[921,196,140],"tags":[39777,6746,39778],"class_list":["post-65702","post","type-post","status-publish","format-standard","has-post-thumbnail","hentry","category-home","category-news","category-reggio-calabria","tag-avv-fraancesco-pizzimenti","tag-calabria-excellent","tag-primo-anniversario-di-morte"],"yoast_head":"<!-- This site is optimized with the Yoast SEO plugin v27.2 - https:\/\/yoast.com\/product\/yoast-seo-wordpress\/ -->\n<title>Calabria Experience ricorda l&#039;avv. Pizzimenti ad un anno dalla scomparsa - Radio Touring 104<\/title>\n<meta name=\"description\" content=\"Calabria Experience ricorder\u00e0, sui propri profili social, il 3 febbraio l&#039;avvocato Francesco Pezzimenti, ad un anno dalla scomparsa\" \/>\n<meta name=\"robots\" content=\"index, follow, max-snippet:-1, max-image-preview:large, max-video-preview:-1\" \/>\n<link rel=\"canonical\" href=\"https:\/\/progettotouring.it\/radiotouring104\/2025\/01\/27\/calabria-experience-ricorda-lavv-pizzimenti-ad-un-anno-dalla-scomparsa\/\" \/>\n<meta property=\"og:locale\" content=\"it_IT\" \/>\n<meta property=\"og:type\" content=\"article\" \/>\n<meta property=\"og:title\" content=\"Calabria Experience ricorda l&#039;avv. Pizzimenti ad un anno dalla scomparsa - Radio Touring 104\" \/>\n<meta property=\"og:description\" content=\"Calabria Experience ricorder\u00e0, sui propri profili social, il 3 febbraio l&#039;avvocato Francesco Pezzimenti, ad un anno dalla scomparsa\" \/>\n<meta property=\"og:url\" content=\"https:\/\/progettotouring.it\/radiotouring104\/2025\/01\/27\/calabria-experience-ricorda-lavv-pizzimenti-ad-un-anno-dalla-scomparsa\/\" \/>\n<meta property=\"og:site_name\" content=\"Radio Touring 104\" \/>\n<meta property=\"article:published_time\" content=\"2025-01-27T10:18:03+00:00\" \/>\n<meta property=\"og:image\" content=\"https:\/\/progettotouring.it\/radiotouring104\/wp-content\/uploads\/sites\/6\/2025\/01\/calabria-experience-francesco-pezzimenti-articolo3.jpg\" \/>\n\t<meta property=\"og:image:width\" content=\"512\" \/>\n\t<meta property=\"og:image:height\" content=\"640\" \/>\n\t<meta property=\"og:image:type\" content=\"image\/jpeg\" \/>\n<meta name=\"author\" content=\"Sebastiano Plutino\" \/>\n<meta name=\"twitter:card\" content=\"summary_large_image\" \/>\n<meta name=\"twitter:label1\" content=\"Scritto da\" \/>\n\t<meta name=\"twitter:data1\" content=\"Sebastiano Plutino\" \/>\n\t<meta name=\"twitter:label2\" content=\"Tempo di lettura stimato\" \/>\n\t<meta name=\"twitter:data2\" content=\"3 minuti\" \/>\n<script type=\"application\/ld+json\" class=\"yoast-schema-graph\">{\"@context\":\"https:\/\/schema.org\",\"@graph\":[{\"@type\":\"Article\",\"@id\":\"https:\/\/progettotouring.it\/radiotouring104\/2025\/01\/27\/calabria-experience-ricorda-lavv-pizzimenti-ad-un-anno-dalla-scomparsa\/#article\",\"isPartOf\":{\"@id\":\"https:\/\/progettotouring.it\/radiotouring104\/2025\/01\/27\/calabria-experience-ricorda-lavv-pizzimenti-ad-un-anno-dalla-scomparsa\/\"},\"author\":{\"name\":\"Sebastiano Plutino\",\"@id\":\"https:\/\/progettotouring.it\/radiotouring104\/#\/schema\/person\/78613917f1851f041f7483f5af1d422e\"},\"headline\":\"Calabria Experience ricorda l&#8217;avv. Pizzimenti ad un anno dalla scomparsa\",\"datePublished\":\"2025-01-27T10:18:03+00:00\",\"mainEntityOfPage\":{\"@id\":\"https:\/\/progettotouring.it\/radiotouring104\/2025\/01\/27\/calabria-experience-ricorda-lavv-pizzimenti-ad-un-anno-dalla-scomparsa\/\"},\"wordCount\":648,\"publisher\":{\"@id\":\"https:\/\/progettotouring.it\/radiotouring104\/#organization\"},\"image\":{\"@id\":\"https:\/\/progettotouring.it\/radiotouring104\/2025\/01\/27\/calabria-experience-ricorda-lavv-pizzimenti-ad-un-anno-dalla-scomparsa\/#primaryimage\"},\"thumbnailUrl\":\"https:\/\/progettotouring.it\/radiotouring104\/wp-content\/uploads\/sites\/6\/2025\/01\/calabria-experience-francesco-pezzimenti-articolo3.jpg\",\"keywords\":[\"avv. Fraancesco Pizzimenti\",\"Calabria Excellent\",\"primo anniversario di morte\"],\"articleSection\":[\"Home\",\"News\",\"Reggio Calabria\"],\"inLanguage\":\"it-IT\"},{\"@type\":\"WebPage\",\"@id\":\"https:\/\/progettotouring.it\/radiotouring104\/2025\/01\/27\/calabria-experience-ricorda-lavv-pizzimenti-ad-un-anno-dalla-scomparsa\/\",\"url\":\"https:\/\/progettotouring.it\/radiotouring104\/2025\/01\/27\/calabria-experience-ricorda-lavv-pizzimenti-ad-un-anno-dalla-scomparsa\/\",\"name\":\"Calabria Experience ricorda l'avv. Pizzimenti ad un anno dalla scomparsa - Radio Touring 104\",\"isPartOf\":{\"@id\":\"https:\/\/progettotouring.it\/radiotouring104\/#website\"},\"primaryImageOfPage\":{\"@id\":\"https:\/\/progettotouring.it\/radiotouring104\/2025\/01\/27\/calabria-experience-ricorda-lavv-pizzimenti-ad-un-anno-dalla-scomparsa\/#primaryimage\"},\"image\":{\"@id\":\"https:\/\/progettotouring.it\/radiotouring104\/2025\/01\/27\/calabria-experience-ricorda-lavv-pizzimenti-ad-un-anno-dalla-scomparsa\/#primaryimage\"},\"thumbnailUrl\":\"https:\/\/progettotouring.it\/radiotouring104\/wp-content\/uploads\/sites\/6\/2025\/01\/calabria-experience-francesco-pezzimenti-articolo3.jpg\",\"datePublished\":\"2025-01-27T10:18:03+00:00\",\"description\":\"Calabria Experience ricorder\u00e0, sui propri profili social, il 3 febbraio l'avvocato Francesco Pezzimenti, ad un anno dalla scomparsa\",\"breadcrumb\":{\"@id\":\"https:\/\/progettotouring.it\/radiotouring104\/2025\/01\/27\/calabria-experience-ricorda-lavv-pizzimenti-ad-un-anno-dalla-scomparsa\/#breadcrumb\"},\"inLanguage\":\"it-IT\",\"potentialAction\":[{\"@type\":\"ReadAction\",\"target\":[\"https:\/\/progettotouring.it\/radiotouring104\/2025\/01\/27\/calabria-experience-ricorda-lavv-pizzimenti-ad-un-anno-dalla-scomparsa\/\"]}]},{\"@type\":\"ImageObject\",\"inLanguage\":\"it-IT\",\"@id\":\"https:\/\/progettotouring.it\/radiotouring104\/2025\/01\/27\/calabria-experience-ricorda-lavv-pizzimenti-ad-un-anno-dalla-scomparsa\/#primaryimage\",\"url\":\"https:\/\/progettotouring.it\/radiotouring104\/wp-content\/uploads\/sites\/6\/2025\/01\/calabria-experience-francesco-pezzimenti-articolo3.jpg\",\"contentUrl\":\"https:\/\/progettotouring.it\/radiotouring104\/wp-content\/uploads\/sites\/6\/2025\/01\/calabria-experience-francesco-pezzimenti-articolo3.jpg\",\"width\":512,\"height\":640},{\"@type\":\"BreadcrumbList\",\"@id\":\"https:\/\/progettotouring.it\/radiotouring104\/2025\/01\/27\/calabria-experience-ricorda-lavv-pizzimenti-ad-un-anno-dalla-scomparsa\/#breadcrumb\",\"itemListElement\":[{\"@type\":\"ListItem\",\"position\":1,\"name\":\"Home\",\"item\":\"https:\/\/progettotouring.it\/radiotouring104\/\"},{\"@type\":\"ListItem\",\"position\":2,\"name\":\"Calabria Experience ricorda l&#8217;avv. Pizzimenti ad un anno dalla scomparsa\"}]},{\"@type\":\"WebSite\",\"@id\":\"https:\/\/progettotouring.it\/radiotouring104\/#website\",\"url\":\"https:\/\/progettotouring.it\/radiotouring104\/\",\"name\":\"Radio Touring 104\",\"description\":\"La prima radio Reggina\",\"publisher\":{\"@id\":\"https:\/\/progettotouring.it\/radiotouring104\/#organization\"},\"potentialAction\":[{\"@type\":\"SearchAction\",\"target\":{\"@type\":\"EntryPoint\",\"urlTemplate\":\"https:\/\/progettotouring.it\/radiotouring104\/?s={search_term_string}\"},\"query-input\":{\"@type\":\"PropertyValueSpecification\",\"valueRequired\":true,\"valueName\":\"search_term_string\"}}],\"inLanguage\":\"it-IT\"},{\"@type\":\"Organization\",\"@id\":\"https:\/\/progettotouring.it\/radiotouring104\/#organization\",\"name\":\"Radio Touring 104\",\"url\":\"https:\/\/progettotouring.it\/radiotouring104\/\",\"logo\":{\"@type\":\"ImageObject\",\"inLanguage\":\"it-IT\",\"@id\":\"https:\/\/progettotouring.it\/radiotouring104\/#\/schema\/logo\/image\/\",\"url\":\"https:\/\/progettotouring.it\/radiotouring104\/wp-content\/uploads\/sites\/6\/2022\/02\/cropped-logo-radio-touring-104.png\",\"contentUrl\":\"https:\/\/progettotouring.it\/radiotouring104\/wp-content\/uploads\/sites\/6\/2022\/02\/cropped-logo-radio-touring-104.png\",\"width\":377,\"height\":182,\"caption\":\"Radio Touring 104\"},\"image\":{\"@id\":\"https:\/\/progettotouring.it\/radiotouring104\/#\/schema\/logo\/image\/\"}},{\"@type\":\"Person\",\"@id\":\"https:\/\/progettotouring.it\/radiotouring104\/#\/schema\/person\/78613917f1851f041f7483f5af1d422e\",\"name\":\"Sebastiano Plutino\",\"image\":{\"@type\":\"ImageObject\",\"inLanguage\":\"it-IT\",\"@id\":\"https:\/\/secure.gravatar.com\/avatar\/0546ffaa9b79224faf9f2a156b67a529ae861d3287c66c1d8ccfdf909bcba78d?s=96&d=mm&r=g\",\"url\":\"https:\/\/secure.gravatar.com\/avatar\/0546ffaa9b79224faf9f2a156b67a529ae861d3287c66c1d8ccfdf909bcba78d?s=96&d=mm&r=g\",\"contentUrl\":\"https:\/\/secure.gravatar.com\/avatar\/0546ffaa9b79224faf9f2a156b67a529ae861d3287c66c1d8ccfdf909bcba78d?s=96&d=mm&r=g\",\"caption\":\"Sebastiano Plutino\"},\"url\":\"https:\/\/progettotouring.it\/radiotouring104\/author\/sebastiano\/\"}]}<\/script>\n<!-- \/ Yoast SEO plugin. -->","yoast_head_json":{"title":"Calabria Experience ricorda l'avv. Pizzimenti ad un anno dalla scomparsa - Radio Touring 104","description":"Calabria Experience ricorder\u00e0, sui propri profili social, il 3 febbraio l'avvocato Francesco Pezzimenti, ad un anno dalla scomparsa","robots":{"index":"index","follow":"follow","max-snippet":"max-snippet:-1","max-image-preview":"max-image-preview:large","max-video-preview":"max-video-preview:-1"},"canonical":"https:\/\/progettotouring.it\/radiotouring104\/2025\/01\/27\/calabria-experience-ricorda-lavv-pizzimenti-ad-un-anno-dalla-scomparsa\/","og_locale":"it_IT","og_type":"article","og_title":"Calabria Experience ricorda l'avv. Pizzimenti ad un anno dalla scomparsa - Radio Touring 104","og_description":"Calabria Experience ricorder\u00e0, sui propri profili social, il 3 febbraio l'avvocato Francesco Pezzimenti, ad un anno dalla scomparsa","og_url":"https:\/\/progettotouring.it\/radiotouring104\/2025\/01\/27\/calabria-experience-ricorda-lavv-pizzimenti-ad-un-anno-dalla-scomparsa\/","og_site_name":"Radio Touring 104","article_published_time":"2025-01-27T10:18:03+00:00","og_image":[{"width":512,"height":640,"url":"https:\/\/progettotouring.it\/radiotouring104\/wp-content\/uploads\/sites\/6\/2025\/01\/calabria-experience-francesco-pezzimenti-articolo3.jpg","type":"image\/jpeg"}],"author":"Sebastiano Plutino","twitter_card":"summary_large_image","twitter_misc":{"Scritto da":"Sebastiano Plutino","Tempo di lettura stimato":"3 minuti"},"schema":{"@context":"https:\/\/schema.org","@graph":[{"@type":"Article","@id":"https:\/\/progettotouring.it\/radiotouring104\/2025\/01\/27\/calabria-experience-ricorda-lavv-pizzimenti-ad-un-anno-dalla-scomparsa\/#article","isPartOf":{"@id":"https:\/\/progettotouring.it\/radiotouring104\/2025\/01\/27\/calabria-experience-ricorda-lavv-pizzimenti-ad-un-anno-dalla-scomparsa\/"},"author":{"name":"Sebastiano Plutino","@id":"https:\/\/progettotouring.it\/radiotouring104\/#\/schema\/person\/78613917f1851f041f7483f5af1d422e"},"headline":"Calabria Experience ricorda l&#8217;avv. Pizzimenti ad un anno dalla scomparsa","datePublished":"2025-01-27T10:18:03+00:00","mainEntityOfPage":{"@id":"https:\/\/progettotouring.it\/radiotouring104\/2025\/01\/27\/calabria-experience-ricorda-lavv-pizzimenti-ad-un-anno-dalla-scomparsa\/"},"wordCount":648,"publisher":{"@id":"https:\/\/progettotouring.it\/radiotouring104\/#organization"},"image":{"@id":"https:\/\/progettotouring.it\/radiotouring104\/2025\/01\/27\/calabria-experience-ricorda-lavv-pizzimenti-ad-un-anno-dalla-scomparsa\/#primaryimage"},"thumbnailUrl":"https:\/\/progettotouring.it\/radiotouring104\/wp-content\/uploads\/sites\/6\/2025\/01\/calabria-experience-francesco-pezzimenti-articolo3.jpg","keywords":["avv. Fraancesco Pizzimenti","Calabria Excellent","primo anniversario di morte"],"articleSection":["Home","News","Reggio Calabria"],"inLanguage":"it-IT"},{"@type":"WebPage","@id":"https:\/\/progettotouring.it\/radiotouring104\/2025\/01\/27\/calabria-experience-ricorda-lavv-pizzimenti-ad-un-anno-dalla-scomparsa\/","url":"https:\/\/progettotouring.it\/radiotouring104\/2025\/01\/27\/calabria-experience-ricorda-lavv-pizzimenti-ad-un-anno-dalla-scomparsa\/","name":"Calabria Experience ricorda l'avv. Pizzimenti ad un anno dalla scomparsa - Radio Touring 104","isPartOf":{"@id":"https:\/\/progettotouring.it\/radiotouring104\/#website"},"primaryImageOfPage":{"@id":"https:\/\/progettotouring.it\/radiotouring104\/2025\/01\/27\/calabria-experience-ricorda-lavv-pizzimenti-ad-un-anno-dalla-scomparsa\/#primaryimage"},"image":{"@id":"https:\/\/progettotouring.it\/radiotouring104\/2025\/01\/27\/calabria-experience-ricorda-lavv-pizzimenti-ad-un-anno-dalla-scomparsa\/#primaryimage"},"thumbnailUrl":"https:\/\/progettotouring.it\/radiotouring104\/wp-content\/uploads\/sites\/6\/2025\/01\/calabria-experience-francesco-pezzimenti-articolo3.jpg","datePublished":"2025-01-27T10:18:03+00:00","description":"Calabria Experience ricorder\u00e0, sui propri profili social, il 3 febbraio l'avvocato Francesco Pezzimenti, ad un anno dalla scomparsa","breadcrumb":{"@id":"https:\/\/progettotouring.it\/radiotouring104\/2025\/01\/27\/calabria-experience-ricorda-lavv-pizzimenti-ad-un-anno-dalla-scomparsa\/#breadcrumb"},"inLanguage":"it-IT","potentialAction":[{"@type":"ReadAction","target":["https:\/\/progettotouring.it\/radiotouring104\/2025\/01\/27\/calabria-experience-ricorda-lavv-pizzimenti-ad-un-anno-dalla-scomparsa\/"]}]},{"@type":"ImageObject","inLanguage":"it-IT","@id":"https:\/\/progettotouring.it\/radiotouring104\/2025\/01\/27\/calabria-experience-ricorda-lavv-pizzimenti-ad-un-anno-dalla-scomparsa\/#primaryimage","url":"https:\/\/progettotouring.it\/radiotouring104\/wp-content\/uploads\/sites\/6\/2025\/01\/calabria-experience-francesco-pezzimenti-articolo3.jpg","contentUrl":"https:\/\/progettotouring.it\/radiotouring104\/wp-content\/uploads\/sites\/6\/2025\/01\/calabria-experience-francesco-pezzimenti-articolo3.jpg","width":512,"height":640},{"@type":"BreadcrumbList","@id":"https:\/\/progettotouring.it\/radiotouring104\/2025\/01\/27\/calabria-experience-ricorda-lavv-pizzimenti-ad-un-anno-dalla-scomparsa\/#breadcrumb","itemListElement":[{"@type":"ListItem","position":1,"name":"Home","item":"https:\/\/progettotouring.it\/radiotouring104\/"},{"@type":"ListItem","position":2,"name":"Calabria Experience ricorda l&#8217;avv. Pizzimenti ad un anno dalla scomparsa"}]},{"@type":"WebSite","@id":"https:\/\/progettotouring.it\/radiotouring104\/#website","url":"https:\/\/progettotouring.it\/radiotouring104\/","name":"Radio Touring 104","description":"La prima radio Reggina","publisher":{"@id":"https:\/\/progettotouring.it\/radiotouring104\/#organization"},"potentialAction":[{"@type":"SearchAction","target":{"@type":"EntryPoint","urlTemplate":"https:\/\/progettotouring.it\/radiotouring104\/?s={search_term_string}"},"query-input":{"@type":"PropertyValueSpecification","valueRequired":true,"valueName":"search_term_string"}}],"inLanguage":"it-IT"},{"@type":"Organization","@id":"https:\/\/progettotouring.it\/radiotouring104\/#organization","name":"Radio Touring 104","url":"https:\/\/progettotouring.it\/radiotouring104\/","logo":{"@type":"ImageObject","inLanguage":"it-IT","@id":"https:\/\/progettotouring.it\/radiotouring104\/#\/schema\/logo\/image\/","url":"https:\/\/progettotouring.it\/radiotouring104\/wp-content\/uploads\/sites\/6\/2022\/02\/cropped-logo-radio-touring-104.png","contentUrl":"https:\/\/progettotouring.it\/radiotouring104\/wp-content\/uploads\/sites\/6\/2022\/02\/cropped-logo-radio-touring-104.png","width":377,"height":182,"caption":"Radio Touring 104"},"image":{"@id":"https:\/\/progettotouring.it\/radiotouring104\/#\/schema\/logo\/image\/"}},{"@type":"Person","@id":"https:\/\/progettotouring.it\/radiotouring104\/#\/schema\/person\/78613917f1851f041f7483f5af1d422e","name":"Sebastiano Plutino","image":{"@type":"ImageObject","inLanguage":"it-IT","@id":"https:\/\/secure.gravatar.com\/avatar\/0546ffaa9b79224faf9f2a156b67a529ae861d3287c66c1d8ccfdf909bcba78d?s=96&d=mm&r=g","url":"https:\/\/secure.gravatar.com\/avatar\/0546ffaa9b79224faf9f2a156b67a529ae861d3287c66c1d8ccfdf909bcba78d?s=96&d=mm&r=g","contentUrl":"https:\/\/secure.gravatar.com\/avatar\/0546ffaa9b79224faf9f2a156b67a529ae861d3287c66c1d8ccfdf909bcba78d?s=96&d=mm&r=g","caption":"Sebastiano Plutino"},"url":"https:\/\/progettotouring.it\/radiotouring104\/author\/sebastiano\/"}]}},"jetpack_publicize_connections":[],"jetpack_featured_media_url":"https:\/\/progettotouring.it\/radiotouring104\/wp-content\/uploads\/sites\/6\/2025\/01\/calabria-experience-francesco-pezzimenti-articolo3.jpg","jetpack_sharing_enabled":true,"_links":{"self":[{"href":"https:\/\/progettotouring.it\/radiotouring104\/wp-json\/wp\/v2\/posts\/65702","targetHints":{"allow":["GET"]}}],"collection":[{"href":"https:\/\/progettotouring.it\/radiotouring104\/wp-json\/wp\/v2\/posts"}],"about":[{"href":"https:\/\/progettotouring.it\/radiotouring104\/wp-json\/wp\/v2\/types\/post"}],"author":[{"embeddable":true,"href":"https:\/\/progettotouring.it\/radiotouring104\/wp-json\/wp\/v2\/users\/12"}],"replies":[{"embeddable":true,"href":"https:\/\/progettotouring.it\/radiotouring104\/wp-json\/wp\/v2\/comments?post=65702"}],"version-history":[{"count":1,"href":"https:\/\/progettotouring.it\/radiotouring104\/wp-json\/wp\/v2\/posts\/65702\/revisions"}],"predecessor-version":[{"id":65704,"href":"https:\/\/progettotouring.it\/radiotouring104\/wp-json\/wp\/v2\/posts\/65702\/revisions\/65704"}],"wp:featuredmedia":[{"embeddable":true,"href":"https:\/\/progettotouring.it\/radiotouring104\/wp-json\/wp\/v2\/media\/65703"}],"wp:attachment":[{"href":"https:\/\/progettotouring.it\/radiotouring104\/wp-json\/wp\/v2\/media?parent=65702"}],"wp:term":[{"taxonomy":"category","embeddable":true,"href":"https:\/\/progettotouring.it\/radiotouring104\/wp-json\/wp\/v2\/categories?post=65702"},{"taxonomy":"post_tag","embeddable":true,"href":"https:\/\/progettotouring.it\/radiotouring104\/wp-json\/wp\/v2\/tags?post=65702"}],"curies":[{"name":"wp","href":"https:\/\/api.w.org\/{rel}","templated":true}]}}