{"id":6590,"date":"2022-06-14T17:19:15","date_gmt":"2022-06-14T15:19:15","guid":{"rendered":"https:\/\/progettotouring.it\/radiotouring104\/?p=6590"},"modified":"2022-06-14T17:23:53","modified_gmt":"2022-06-14T15:23:53","slug":"a-isola-di-capo-rizzuto-la-bandiera-blu-2022-la-cerimonia-al-castello-aragonese-di-le-castella","status":"publish","type":"post","link":"https:\/\/progettotouring.it\/radiotouring104\/2022\/06\/14\/a-isola-di-capo-rizzuto-la-bandiera-blu-2022-la-cerimonia-al-castello-aragonese-di-le-castella\/","title":{"rendered":"A Isola di Capo Rizzuto la Bandiera Blu 2022: la cerimonia al Castello Aragonese di Le Castella"},"content":{"rendered":"<p style=\"text-align: justify;\">Nell\u2019incantevole scenario del Castello Aragonese di Le Castella, si \u00e8 svolta venerd\u00ec 10 giugno la cerimonia di Consegna della Bandiera Blu 2022 conquistata dal Comune di Isola di Capo Rizzuto con la presenza del Presidente della FEE Italia Claudio Mazza. L\u2019evento, inizialmente previsto all\u2019esterno del Castello con l\u2019allestimento di un palco e una serie di spettacoli musicali e di intrattenimento, \u00e8 stato ridimensionato per questioni meteorologiche ed effettuato all\u2019interno del maniero. Nonostante ci\u00f2 la manifestazione \u00e8 riuscita in maniera perfetta con una buona cornice di pubblico e tanti ospiti d\u2019eccezione, tra cui il Presidente della Provincia Sergio Ferrari, giunto anche in qualit\u00e0 di Sindaco di Cir\u00f2 Marina e il Sindaco di Melissa Raffaele Falbo, entrambi Bandiera Blu. Presente anche il consigliere provinciale Raffaele Gareri, oltre alla Giunta Comunale ed alcuni Consiglieri della stessa assise. Tra il pubblico anche le forze dell\u2019ordine: Carabinieri, Aeronautica, Capitaneria di Porto e Polizia Locale. L\u2019evento, moderato dal giornalista Francesco Oliverio, \u00a0si \u00e8 aperto con la firma del protocollo d\u2019intensa tra la Provincia di Crotone, il Comune di Isola e la Capitaneria di Porto per l\u2019apertura della stazione distaccata della Guardia Costiera nel comune di Isola Capo Rizzuto, che avr\u00e0 sede nell\u2019immobile comunale situato in Piazza Uccial\u00ec a Le Castella, gi\u00e0 sede dell\u2019AMP Capo Rizzuto. Il documento \u00e8 stato firmato da Sergio Ferrari, Maria Grazia Vittimberga e il Capitano Vincenzo Aloi e cosi Isola avr\u00e0 la sua postazione per il secondo anno consecutivo. Durante la manifestazione il Sindaco ha spiegato l\u2019immane lavoro che c\u2019\u00e8 stato negli ultimi due anni per raggiungere il traguardo della Bandiera Blu, dando pieni meriti al suo vice Andrea Li\u00f2, che ha iniziato ad occuparsi di \u201craccogliere tutta la complicata documentazione\u201d gi\u00e0 da quando vestiva i panni di consigliere. Lo stesso Li\u00f2 ha ringraziato chi gli \u00e8 stato vicino in questo lungo periodo, lavorando anche di notte e nei week end e ringraziando anche la stessa FEE per la disponibilit\u00e0 dimostrata ad ogni richiesta di chiarimento e ha sottolineato che \u201c<em>Con quattro Bandiera conquistate Isola Capo Rizzuto \u00e8 comune in Calabria per numero di vessilli, un lavoro quadruplicato ma che ci ha dato le giuste soddisfazioni\u201d.<\/em> Sono intervenuti anche i Sindaci Bandiera Blu Raffaele Falbo e Sergio Ferrari: il primo, oltre ai complimenti fatta all\u2019Amministrazione, ha elogiato la scelta della sede per la Cerimonia definendola \u201c<em>tra le pi\u00f9 belle in Italia\u201d. <\/em>Ferrari ha invece sottolineato la 22^ Bandiera Blu per Cir\u00f2 Marina sottolineando l\u2019importanza che anche i comuni vicini vengono insigniti da questo vessillo esprimendo poi un desiderio in qualit\u00e0 di Presidente della Provincia: \u201c<em>Daremo supporto agli altri comuni costieri affinch\u00e8 tutto il litorale del crotonese diventi Bandiera Blu, sogno una Costa Blu\u201d. <\/em>Poi parola al presidente della FEE Claudio Mazza, accolto al suo arrivo dal Gruppo Folk Magna Grecia, \u00a0che ha chiuso la giornata con un intervento mirato soprattutto alla questione ambientale e agli accessi per i diversamente abili: \u201c<em>Ormai dobbiamo capire che ambiente e turismo viaggiano insieme, Isola Capo Rizzuto ha dimostrato di essere passo con i tempi, ci sono spiagge dedicate ai diversamente abili e questa Bandiera Blu \u00e8 assolutamente meritata. Non \u00e8 facile rispettare tutti i criteri imposti dalla nostra federazione, tanti comuni si stanno attrezzando e ne siamo felici\u201d. <\/em>\u00a0Nei prossimi giorni le Bandiere Blu saranno regolarmente collocate sulle spiagge di Santa Domenica, Marinella, Fratte e Le Cannella.<\/p>\n","protected":false},"excerpt":{"rendered":"<p>Nell\u2019incantevole scenario del Castello Aragonese di Le Castella, si \u00e8 svolta venerd\u00ec 10 giugno la cerimonia di Consegna della Bandiera Blu 2022 conquistata dal Comune di Isola di Capo Rizzuto&hellip;<\/p>\n","protected":false},"author":5,"featured_media":6591,"comment_status":"open","ping_status":"open","sticky":false,"template":"","format":"standard","meta":{"_jetpack_memberships_contains_paid_content":false,"footnotes":"","jetpack_publicize_message":"","jetpack_publicize_feature_enabled":true,"jetpack_social_post_already_shared":false,"jetpack_social_options":{"image_generator_settings":{"template":"highway","default_image_id":0,"font":"","enabled":false},"version":2}},"categories":[142,921,196],"tags":[2673,1493,1090,2355,2674],"class_list":["post-6590","post","type-post","status-publish","format-standard","has-post-thumbnail","hentry","category-calabria","category-home","category-news","tag-bandiera-blu-2022","tag-bandiere-blu","tag-castello-aragonese","tag-isola-capo-rizzuto","tag-le-castella"],"yoast_head":"<!-- This site is optimized with the Yoast SEO plugin v27.2 - https:\/\/yoast.com\/product\/yoast-seo-wordpress\/ -->\n<title>A Isola di Capo Rizzuto la Bandiera Blu 2022: la cerimonia al Castello<\/title>\n<meta name=\"description\" content=\"Si \u00e8 svolta venerd\u00ec 10 giugno la cerimonia di Consegna della Bandiera Blu 2022 conquistata dal Comune di Isola di Capo Rizzuto\" \/>\n<meta name=\"robots\" content=\"index, follow, max-snippet:-1, max-image-preview:large, max-video-preview:-1\" \/>\n<link rel=\"canonical\" href=\"https:\/\/progettotouring.it\/radiotouring104\/2022\/06\/14\/a-isola-di-capo-rizzuto-la-bandiera-blu-2022-la-cerimonia-al-castello-aragonese-di-le-castella\/\" \/>\n<meta property=\"og:locale\" content=\"it_IT\" \/>\n<meta property=\"og:type\" content=\"article\" \/>\n<meta property=\"og:title\" content=\"A Isola di Capo Rizzuto la Bandiera Blu 2022: la cerimonia al Castello\" \/>\n<meta property=\"og:description\" content=\"Si \u00e8 svolta venerd\u00ec 10 giugno la cerimonia di Consegna della Bandiera Blu 2022 conquistata dal Comune di Isola di Capo Rizzuto\" \/>\n<meta property=\"og:url\" content=\"https:\/\/progettotouring.it\/radiotouring104\/2022\/06\/14\/a-isola-di-capo-rizzuto-la-bandiera-blu-2022-la-cerimonia-al-castello-aragonese-di-le-castella\/\" \/>\n<meta property=\"og:site_name\" content=\"Radio Touring 104\" \/>\n<meta property=\"article:published_time\" content=\"2022-06-14T15:19:15+00:00\" \/>\n<meta property=\"article:modified_time\" content=\"2022-06-14T15:23:53+00:00\" \/>\n<meta property=\"og:image\" content=\"https:\/\/progettotouring.it\/radiotouring104\/wp-content\/uploads\/sites\/6\/2022\/06\/isola-capo-rizzuto.jpg\" \/>\n\t<meta property=\"og:image:width\" content=\"960\" \/>\n\t<meta property=\"og:image:height\" content=\"641\" \/>\n\t<meta property=\"og:image:type\" content=\"image\/jpeg\" \/>\n<meta name=\"author\" content=\"redazione\" \/>\n<meta name=\"twitter:card\" content=\"summary_large_image\" \/>\n<meta name=\"twitter:label1\" content=\"Scritto da\" \/>\n\t<meta name=\"twitter:data1\" content=\"redazione\" \/>\n\t<meta name=\"twitter:label2\" content=\"Tempo di lettura stimato\" \/>\n\t<meta name=\"twitter:data2\" content=\"3 minuti\" \/>\n<script type=\"application\/ld+json\" class=\"yoast-schema-graph\">{\"@context\":\"https:\/\/schema.org\",\"@graph\":[{\"@type\":\"Article\",\"@id\":\"https:\/\/progettotouring.it\/radiotouring104\/2022\/06\/14\/a-isola-di-capo-rizzuto-la-bandiera-blu-2022-la-cerimonia-al-castello-aragonese-di-le-castella\/#article\",\"isPartOf\":{\"@id\":\"https:\/\/progettotouring.it\/radiotouring104\/2022\/06\/14\/a-isola-di-capo-rizzuto-la-bandiera-blu-2022-la-cerimonia-al-castello-aragonese-di-le-castella\/\"},\"author\":{\"name\":\"redazione\",\"@id\":\"https:\/\/progettotouring.it\/radiotouring104\/#\/schema\/person\/1b3eb3c07c47136bc44c785c543e635f\"},\"headline\":\"A Isola di Capo Rizzuto la Bandiera Blu 2022: la cerimonia al Castello Aragonese di Le Castella\",\"datePublished\":\"2022-06-14T15:19:15+00:00\",\"dateModified\":\"2022-06-14T15:23:53+00:00\",\"mainEntityOfPage\":{\"@id\":\"https:\/\/progettotouring.it\/radiotouring104\/2022\/06\/14\/a-isola-di-capo-rizzuto-la-bandiera-blu-2022-la-cerimonia-al-castello-aragonese-di-le-castella\/\"},\"wordCount\":570,\"commentCount\":0,\"publisher\":{\"@id\":\"https:\/\/progettotouring.it\/radiotouring104\/#organization\"},\"image\":{\"@id\":\"https:\/\/progettotouring.it\/radiotouring104\/2022\/06\/14\/a-isola-di-capo-rizzuto-la-bandiera-blu-2022-la-cerimonia-al-castello-aragonese-di-le-castella\/#primaryimage\"},\"thumbnailUrl\":\"https:\/\/progettotouring.it\/radiotouring104\/wp-content\/uploads\/sites\/6\/2022\/06\/isola-capo-rizzuto.jpg\",\"keywords\":[\"bandiera blu 2022\",\"bandiere blu\",\"Castello Aragonese\",\"isola capo rizzuto\",\"le castella\"],\"articleSection\":[\"Calabria\",\"Home\",\"News\"],\"inLanguage\":\"it-IT\",\"potentialAction\":[{\"@type\":\"CommentAction\",\"name\":\"Comment\",\"target\":[\"https:\/\/progettotouring.it\/radiotouring104\/2022\/06\/14\/a-isola-di-capo-rizzuto-la-bandiera-blu-2022-la-cerimonia-al-castello-aragonese-di-le-castella\/#respond\"]}]},{\"@type\":\"WebPage\",\"@id\":\"https:\/\/progettotouring.it\/radiotouring104\/2022\/06\/14\/a-isola-di-capo-rizzuto-la-bandiera-blu-2022-la-cerimonia-al-castello-aragonese-di-le-castella\/\",\"url\":\"https:\/\/progettotouring.it\/radiotouring104\/2022\/06\/14\/a-isola-di-capo-rizzuto-la-bandiera-blu-2022-la-cerimonia-al-castello-aragonese-di-le-castella\/\",\"name\":\"A Isola di Capo Rizzuto la Bandiera Blu 2022: la cerimonia al Castello\",\"isPartOf\":{\"@id\":\"https:\/\/progettotouring.it\/radiotouring104\/#website\"},\"primaryImageOfPage\":{\"@id\":\"https:\/\/progettotouring.it\/radiotouring104\/2022\/06\/14\/a-isola-di-capo-rizzuto-la-bandiera-blu-2022-la-cerimonia-al-castello-aragonese-di-le-castella\/#primaryimage\"},\"image\":{\"@id\":\"https:\/\/progettotouring.it\/radiotouring104\/2022\/06\/14\/a-isola-di-capo-rizzuto-la-bandiera-blu-2022-la-cerimonia-al-castello-aragonese-di-le-castella\/#primaryimage\"},\"thumbnailUrl\":\"https:\/\/progettotouring.it\/radiotouring104\/wp-content\/uploads\/sites\/6\/2022\/06\/isola-capo-rizzuto.jpg\",\"datePublished\":\"2022-06-14T15:19:15+00:00\",\"dateModified\":\"2022-06-14T15:23:53+00:00\",\"description\":\"Si \u00e8 svolta venerd\u00ec 10 giugno la cerimonia di Consegna della Bandiera Blu 2022 conquistata dal Comune di Isola di Capo Rizzuto\",\"breadcrumb\":{\"@id\":\"https:\/\/progettotouring.it\/radiotouring104\/2022\/06\/14\/a-isola-di-capo-rizzuto-la-bandiera-blu-2022-la-cerimonia-al-castello-aragonese-di-le-castella\/#breadcrumb\"},\"inLanguage\":\"it-IT\",\"potentialAction\":[{\"@type\":\"ReadAction\",\"target\":[\"https:\/\/progettotouring.it\/radiotouring104\/2022\/06\/14\/a-isola-di-capo-rizzuto-la-bandiera-blu-2022-la-cerimonia-al-castello-aragonese-di-le-castella\/\"]}]},{\"@type\":\"ImageObject\",\"inLanguage\":\"it-IT\",\"@id\":\"https:\/\/progettotouring.it\/radiotouring104\/2022\/06\/14\/a-isola-di-capo-rizzuto-la-bandiera-blu-2022-la-cerimonia-al-castello-aragonese-di-le-castella\/#primaryimage\",\"url\":\"https:\/\/progettotouring.it\/radiotouring104\/wp-content\/uploads\/sites\/6\/2022\/06\/isola-capo-rizzuto.jpg\",\"contentUrl\":\"https:\/\/progettotouring.it\/radiotouring104\/wp-content\/uploads\/sites\/6\/2022\/06\/isola-capo-rizzuto.jpg\",\"width\":960,\"height\":641},{\"@type\":\"BreadcrumbList\",\"@id\":\"https:\/\/progettotouring.it\/radiotouring104\/2022\/06\/14\/a-isola-di-capo-rizzuto-la-bandiera-blu-2022-la-cerimonia-al-castello-aragonese-di-le-castella\/#breadcrumb\",\"itemListElement\":[{\"@type\":\"ListItem\",\"position\":1,\"name\":\"Home\",\"item\":\"https:\/\/progettotouring.it\/radiotouring104\/\"},{\"@type\":\"ListItem\",\"position\":2,\"name\":\"A Isola di Capo Rizzuto la Bandiera Blu 2022: la cerimonia al Castello Aragonese di Le Castella\"}]},{\"@type\":\"WebSite\",\"@id\":\"https:\/\/progettotouring.it\/radiotouring104\/#website\",\"url\":\"https:\/\/progettotouring.it\/radiotouring104\/\",\"name\":\"Radio Touring 104\",\"description\":\"La prima radio Reggina\",\"publisher\":{\"@id\":\"https:\/\/progettotouring.it\/radiotouring104\/#organization\"},\"potentialAction\":[{\"@type\":\"SearchAction\",\"target\":{\"@type\":\"EntryPoint\",\"urlTemplate\":\"https:\/\/progettotouring.it\/radiotouring104\/?s={search_term_string}\"},\"query-input\":{\"@type\":\"PropertyValueSpecification\",\"valueRequired\":true,\"valueName\":\"search_term_string\"}}],\"inLanguage\":\"it-IT\"},{\"@type\":\"Organization\",\"@id\":\"https:\/\/progettotouring.it\/radiotouring104\/#organization\",\"name\":\"Radio Touring 104\",\"url\":\"https:\/\/progettotouring.it\/radiotouring104\/\",\"logo\":{\"@type\":\"ImageObject\",\"inLanguage\":\"it-IT\",\"@id\":\"https:\/\/progettotouring.it\/radiotouring104\/#\/schema\/logo\/image\/\",\"url\":\"https:\/\/progettotouring.it\/radiotouring104\/wp-content\/uploads\/sites\/6\/2022\/02\/cropped-logo-radio-touring-104.png\",\"contentUrl\":\"https:\/\/progettotouring.it\/radiotouring104\/wp-content\/uploads\/sites\/6\/2022\/02\/cropped-logo-radio-touring-104.png\",\"width\":377,\"height\":182,\"caption\":\"Radio Touring 104\"},\"image\":{\"@id\":\"https:\/\/progettotouring.it\/radiotouring104\/#\/schema\/logo\/image\/\"}},{\"@type\":\"Person\",\"@id\":\"https:\/\/progettotouring.it\/radiotouring104\/#\/schema\/person\/1b3eb3c07c47136bc44c785c543e635f\",\"name\":\"redazione\",\"image\":{\"@type\":\"ImageObject\",\"inLanguage\":\"it-IT\",\"@id\":\"https:\/\/secure.gravatar.com\/avatar\/0b31605b49f100769e8b624b3e05de1b73e1692e9568a352f60f53fd072e6e11?s=96&d=mm&r=g\",\"url\":\"https:\/\/secure.gravatar.com\/avatar\/0b31605b49f100769e8b624b3e05de1b73e1692e9568a352f60f53fd072e6e11?s=96&d=mm&r=g\",\"contentUrl\":\"https:\/\/secure.gravatar.com\/avatar\/0b31605b49f100769e8b624b3e05de1b73e1692e9568a352f60f53fd072e6e11?s=96&d=mm&r=g\",\"caption\":\"redazione\"},\"url\":\"https:\/\/progettotouring.it\/radiotouring104\/author\/redazione\/\"}]}<\/script>\n<!-- \/ Yoast SEO plugin. -->","yoast_head_json":{"title":"A Isola di Capo Rizzuto la Bandiera Blu 2022: la cerimonia al Castello","description":"Si \u00e8 svolta venerd\u00ec 10 giugno la cerimonia di Consegna della Bandiera Blu 2022 conquistata dal Comune di Isola di Capo Rizzuto","robots":{"index":"index","follow":"follow","max-snippet":"max-snippet:-1","max-image-preview":"max-image-preview:large","max-video-preview":"max-video-preview:-1"},"canonical":"https:\/\/progettotouring.it\/radiotouring104\/2022\/06\/14\/a-isola-di-capo-rizzuto-la-bandiera-blu-2022-la-cerimonia-al-castello-aragonese-di-le-castella\/","og_locale":"it_IT","og_type":"article","og_title":"A Isola di Capo Rizzuto la Bandiera Blu 2022: la cerimonia al Castello","og_description":"Si \u00e8 svolta venerd\u00ec 10 giugno la cerimonia di Consegna della Bandiera Blu 2022 conquistata dal Comune di Isola di Capo Rizzuto","og_url":"https:\/\/progettotouring.it\/radiotouring104\/2022\/06\/14\/a-isola-di-capo-rizzuto-la-bandiera-blu-2022-la-cerimonia-al-castello-aragonese-di-le-castella\/","og_site_name":"Radio Touring 104","article_published_time":"2022-06-14T15:19:15+00:00","article_modified_time":"2022-06-14T15:23:53+00:00","og_image":[{"width":960,"height":641,"url":"https:\/\/progettotouring.it\/radiotouring104\/wp-content\/uploads\/sites\/6\/2022\/06\/isola-capo-rizzuto.jpg","type":"image\/jpeg"}],"author":"redazione","twitter_card":"summary_large_image","twitter_misc":{"Scritto da":"redazione","Tempo di lettura stimato":"3 minuti"},"schema":{"@context":"https:\/\/schema.org","@graph":[{"@type":"Article","@id":"https:\/\/progettotouring.it\/radiotouring104\/2022\/06\/14\/a-isola-di-capo-rizzuto-la-bandiera-blu-2022-la-cerimonia-al-castello-aragonese-di-le-castella\/#article","isPartOf":{"@id":"https:\/\/progettotouring.it\/radiotouring104\/2022\/06\/14\/a-isola-di-capo-rizzuto-la-bandiera-blu-2022-la-cerimonia-al-castello-aragonese-di-le-castella\/"},"author":{"name":"redazione","@id":"https:\/\/progettotouring.it\/radiotouring104\/#\/schema\/person\/1b3eb3c07c47136bc44c785c543e635f"},"headline":"A Isola di Capo Rizzuto la Bandiera Blu 2022: la cerimonia al Castello Aragonese di Le Castella","datePublished":"2022-06-14T15:19:15+00:00","dateModified":"2022-06-14T15:23:53+00:00","mainEntityOfPage":{"@id":"https:\/\/progettotouring.it\/radiotouring104\/2022\/06\/14\/a-isola-di-capo-rizzuto-la-bandiera-blu-2022-la-cerimonia-al-castello-aragonese-di-le-castella\/"},"wordCount":570,"commentCount":0,"publisher":{"@id":"https:\/\/progettotouring.it\/radiotouring104\/#organization"},"image":{"@id":"https:\/\/progettotouring.it\/radiotouring104\/2022\/06\/14\/a-isola-di-capo-rizzuto-la-bandiera-blu-2022-la-cerimonia-al-castello-aragonese-di-le-castella\/#primaryimage"},"thumbnailUrl":"https:\/\/progettotouring.it\/radiotouring104\/wp-content\/uploads\/sites\/6\/2022\/06\/isola-capo-rizzuto.jpg","keywords":["bandiera blu 2022","bandiere blu","Castello Aragonese","isola capo rizzuto","le castella"],"articleSection":["Calabria","Home","News"],"inLanguage":"it-IT","potentialAction":[{"@type":"CommentAction","name":"Comment","target":["https:\/\/progettotouring.it\/radiotouring104\/2022\/06\/14\/a-isola-di-capo-rizzuto-la-bandiera-blu-2022-la-cerimonia-al-castello-aragonese-di-le-castella\/#respond"]}]},{"@type":"WebPage","@id":"https:\/\/progettotouring.it\/radiotouring104\/2022\/06\/14\/a-isola-di-capo-rizzuto-la-bandiera-blu-2022-la-cerimonia-al-castello-aragonese-di-le-castella\/","url":"https:\/\/progettotouring.it\/radiotouring104\/2022\/06\/14\/a-isola-di-capo-rizzuto-la-bandiera-blu-2022-la-cerimonia-al-castello-aragonese-di-le-castella\/","name":"A Isola di Capo Rizzuto la Bandiera Blu 2022: la cerimonia al Castello","isPartOf":{"@id":"https:\/\/progettotouring.it\/radiotouring104\/#website"},"primaryImageOfPage":{"@id":"https:\/\/progettotouring.it\/radiotouring104\/2022\/06\/14\/a-isola-di-capo-rizzuto-la-bandiera-blu-2022-la-cerimonia-al-castello-aragonese-di-le-castella\/#primaryimage"},"image":{"@id":"https:\/\/progettotouring.it\/radiotouring104\/2022\/06\/14\/a-isola-di-capo-rizzuto-la-bandiera-blu-2022-la-cerimonia-al-castello-aragonese-di-le-castella\/#primaryimage"},"thumbnailUrl":"https:\/\/progettotouring.it\/radiotouring104\/wp-content\/uploads\/sites\/6\/2022\/06\/isola-capo-rizzuto.jpg","datePublished":"2022-06-14T15:19:15+00:00","dateModified":"2022-06-14T15:23:53+00:00","description":"Si \u00e8 svolta venerd\u00ec 10 giugno la cerimonia di Consegna della Bandiera Blu 2022 conquistata dal Comune di Isola di Capo Rizzuto","breadcrumb":{"@id":"https:\/\/progettotouring.it\/radiotouring104\/2022\/06\/14\/a-isola-di-capo-rizzuto-la-bandiera-blu-2022-la-cerimonia-al-castello-aragonese-di-le-castella\/#breadcrumb"},"inLanguage":"it-IT","potentialAction":[{"@type":"ReadAction","target":["https:\/\/progettotouring.it\/radiotouring104\/2022\/06\/14\/a-isola-di-capo-rizzuto-la-bandiera-blu-2022-la-cerimonia-al-castello-aragonese-di-le-castella\/"]}]},{"@type":"ImageObject","inLanguage":"it-IT","@id":"https:\/\/progettotouring.it\/radiotouring104\/2022\/06\/14\/a-isola-di-capo-rizzuto-la-bandiera-blu-2022-la-cerimonia-al-castello-aragonese-di-le-castella\/#primaryimage","url":"https:\/\/progettotouring.it\/radiotouring104\/wp-content\/uploads\/sites\/6\/2022\/06\/isola-capo-rizzuto.jpg","contentUrl":"https:\/\/progettotouring.it\/radiotouring104\/wp-content\/uploads\/sites\/6\/2022\/06\/isola-capo-rizzuto.jpg","width":960,"height":641},{"@type":"BreadcrumbList","@id":"https:\/\/progettotouring.it\/radiotouring104\/2022\/06\/14\/a-isola-di-capo-rizzuto-la-bandiera-blu-2022-la-cerimonia-al-castello-aragonese-di-le-castella\/#breadcrumb","itemListElement":[{"@type":"ListItem","position":1,"name":"Home","item":"https:\/\/progettotouring.it\/radiotouring104\/"},{"@type":"ListItem","position":2,"name":"A Isola di Capo Rizzuto la Bandiera Blu 2022: la cerimonia al Castello Aragonese di Le Castella"}]},{"@type":"WebSite","@id":"https:\/\/progettotouring.it\/radiotouring104\/#website","url":"https:\/\/progettotouring.it\/radiotouring104\/","name":"Radio Touring 104","description":"La prima radio Reggina","publisher":{"@id":"https:\/\/progettotouring.it\/radiotouring104\/#organization"},"potentialAction":[{"@type":"SearchAction","target":{"@type":"EntryPoint","urlTemplate":"https:\/\/progettotouring.it\/radiotouring104\/?s={search_term_string}"},"query-input":{"@type":"PropertyValueSpecification","valueRequired":true,"valueName":"search_term_string"}}],"inLanguage":"it-IT"},{"@type":"Organization","@id":"https:\/\/progettotouring.it\/radiotouring104\/#organization","name":"Radio Touring 104","url":"https:\/\/progettotouring.it\/radiotouring104\/","logo":{"@type":"ImageObject","inLanguage":"it-IT","@id":"https:\/\/progettotouring.it\/radiotouring104\/#\/schema\/logo\/image\/","url":"https:\/\/progettotouring.it\/radiotouring104\/wp-content\/uploads\/sites\/6\/2022\/02\/cropped-logo-radio-touring-104.png","contentUrl":"https:\/\/progettotouring.it\/radiotouring104\/wp-content\/uploads\/sites\/6\/2022\/02\/cropped-logo-radio-touring-104.png","width":377,"height":182,"caption":"Radio Touring 104"},"image":{"@id":"https:\/\/progettotouring.it\/radiotouring104\/#\/schema\/logo\/image\/"}},{"@type":"Person","@id":"https:\/\/progettotouring.it\/radiotouring104\/#\/schema\/person\/1b3eb3c07c47136bc44c785c543e635f","name":"redazione","image":{"@type":"ImageObject","inLanguage":"it-IT","@id":"https:\/\/secure.gravatar.com\/avatar\/0b31605b49f100769e8b624b3e05de1b73e1692e9568a352f60f53fd072e6e11?s=96&d=mm&r=g","url":"https:\/\/secure.gravatar.com\/avatar\/0b31605b49f100769e8b624b3e05de1b73e1692e9568a352f60f53fd072e6e11?s=96&d=mm&r=g","contentUrl":"https:\/\/secure.gravatar.com\/avatar\/0b31605b49f100769e8b624b3e05de1b73e1692e9568a352f60f53fd072e6e11?s=96&d=mm&r=g","caption":"redazione"},"url":"https:\/\/progettotouring.it\/radiotouring104\/author\/redazione\/"}]}},"jetpack_publicize_connections":[],"jetpack_featured_media_url":"https:\/\/progettotouring.it\/radiotouring104\/wp-content\/uploads\/sites\/6\/2022\/06\/isola-capo-rizzuto.jpg","jetpack_sharing_enabled":true,"_links":{"self":[{"href":"https:\/\/progettotouring.it\/radiotouring104\/wp-json\/wp\/v2\/posts\/6590","targetHints":{"allow":["GET"]}}],"collection":[{"href":"https:\/\/progettotouring.it\/radiotouring104\/wp-json\/wp\/v2\/posts"}],"about":[{"href":"https:\/\/progettotouring.it\/radiotouring104\/wp-json\/wp\/v2\/types\/post"}],"author":[{"embeddable":true,"href":"https:\/\/progettotouring.it\/radiotouring104\/wp-json\/wp\/v2\/users\/5"}],"replies":[{"embeddable":true,"href":"https:\/\/progettotouring.it\/radiotouring104\/wp-json\/wp\/v2\/comments?post=6590"}],"version-history":[{"count":1,"href":"https:\/\/progettotouring.it\/radiotouring104\/wp-json\/wp\/v2\/posts\/6590\/revisions"}],"predecessor-version":[{"id":6592,"href":"https:\/\/progettotouring.it\/radiotouring104\/wp-json\/wp\/v2\/posts\/6590\/revisions\/6592"}],"wp:featuredmedia":[{"embeddable":true,"href":"https:\/\/progettotouring.it\/radiotouring104\/wp-json\/wp\/v2\/media\/6591"}],"wp:attachment":[{"href":"https:\/\/progettotouring.it\/radiotouring104\/wp-json\/wp\/v2\/media?parent=6590"}],"wp:term":[{"taxonomy":"category","embeddable":true,"href":"https:\/\/progettotouring.it\/radiotouring104\/wp-json\/wp\/v2\/categories?post=6590"},{"taxonomy":"post_tag","embeddable":true,"href":"https:\/\/progettotouring.it\/radiotouring104\/wp-json\/wp\/v2\/tags?post=6590"}],"curies":[{"name":"wp","href":"https:\/\/api.w.org\/{rel}","templated":true}]}}