{"id":65973,"date":"2025-01-30T19:41:27","date_gmt":"2025-01-30T18:41:27","guid":{"rendered":"https:\/\/progettotouring.it\/radiotouring104\/?p=65973"},"modified":"2025-01-30T19:41:27","modified_gmt":"2025-01-30T18:41:27","slug":"citta-metropolitana-confronto-sugli-assistenti-educativi","status":"publish","type":"post","link":"https:\/\/progettotouring.it\/radiotouring104\/2025\/01\/30\/citta-metropolitana-confronto-sugli-assistenti-educativi\/","title":{"rendered":"Citt\u00e0 Metropolitana: confronto sugli assistenti educativi"},"content":{"rendered":"<div dir=\"auto\"><\/div>\n<div dir=\"auto\">\u00abLa Citt\u00e0 Metropolitana conferma il proprio impegno al fianco degli assistenti educativi e porr\u00e0 in essere ogni atto necessario alla risoluzione dei problemi manifestati dai sindacati, dalle lavoratrici e dai lavoratori del settore per garantire continuit\u00e0 del servizio ed attenuare ogni disagio per i ragazzi e le ragazze che ne usufruiscono\u00bb. E\u2019 quanto hanno affermato il vicesindaco Carmelo Versace ed il consigliere metropolitano delegato all\u2019Istruzione, Rudi Lizzi, al termine del confronto avuto, nei saloni di Palazzo Alvaro, con i rappresentati di categoria di Cisl e Uil, Enzo Sera e Stefano Princi.<\/div>\n<div dir=\"auto\"><\/div>\n<div dir=\"auto\">Alla riunione, dai toni pacati e fortemente costruttivi, erano presenti anche il Direttore generale dell\u2019Ente, Umberto Nucara, la dirigente ed il funzionario di settore, Teresa Scolaro e Felice Foti, il capo di gabinetto del sindaco, Francesco Dattola, oltre ad una folta rappresentanza di assistenti educativi.<\/div>\n<div dir=\"auto\">\u00abIl confronto, hanno spiegato Versace e Lizzi,\u00a0 \u00e8 nato dalla necessit\u00e0 manifestata dai sindacati per sapere come andr\u00e0 a finire la vicenda che interessa gli assistenti educativi che, da inizio mese, si sono visti ridurre le ore dai dirigenti scolastici considerata l\u2019insufficienza delle risorse che il Governo, attraverso la Regione, trasferisce alla Citt\u00e0 Metropolitana. I finanziamenti, purtroppo, sono limitati e non riescono a coprire appieno le esigenze dei diversi Piani educativi\u00bb.<\/div>\n<div dir=\"auto\">\u00abPer sopperire a queste difficolt\u00e0 , hanno aggiunto il vicesindaco ed il consigliere delegato, stiamo lavorando su due indirizzi: risolvere la contingenza dell\u2019anno scolastico per assicurare continuit\u00e0 alle lavoratrici ed ai lavoratori e risolvere tutti i problemi riscontrati riorganizzando il servizio\u00bb.<\/div>\n<div dir=\"auto\"><\/div>\n<div dir=\"auto\">\u00abPer l\u2019anno in corso, hanno affermato ancora, l\u2019Ente sta verificando la possibilit\u00e0 di attingere dai propri fondi di bilancio per ridurre al minimo le criticit\u00e0 e permettere la copertura delle ore richieste dai dirigenti scolastici. Alla Regione, poi, abbiamo chiesto l\u2019autorizzazione ad utilizzare le economie dell\u2019anno passato, reclamando l&#8217;implementazione cos\u00ec da garantire gli studenti pi\u00f9 deboli ed i lavoratori che non sono tutelati dal quadro normativo di riferimento\u00bb.<\/div>\n<div dir=\"auto\"><\/div>\n<div dir=\"auto\">\u00abIn questi anni , hanno concluso Versace e Lizzi,\u00a0 la Citt\u00e0 Metropolitana ha sempre erogato il servizio attingendo ad ogni risorsa di scopo trasferita dal Ministero senza mai destinarla ad altro. Non ci siamo mai risparmiati e continueremo nella nostra attivit\u00e0 di sostegno e supporto ad un servizio molto importante per l\u2019intero comprensorio\u00bb.<\/div>\n","protected":false},"excerpt":{"rendered":"<p>\u00abLa Citt\u00e0 Metropolitana conferma il proprio impegno al fianco degli assistenti educativi e porr\u00e0 in essere ogni atto necessario alla risoluzione dei problemi manifestati dai sindacati, dalle lavoratrici e dai&hellip;<\/p>\n","protected":false},"author":19,"featured_media":4299,"comment_status":"closed","ping_status":"open","sticky":false,"template":"","format":"standard","meta":{"_jetpack_memberships_contains_paid_content":false,"footnotes":"","jetpack_publicize_message":"","jetpack_publicize_feature_enabled":true,"jetpack_social_post_already_shared":true,"jetpack_social_options":{"image_generator_settings":{"template":"highway","default_image_id":0,"font":"","enabled":false},"version":2}},"categories":[921,196,140],"tags":[],"class_list":["post-65973","post","type-post","status-publish","format-standard","has-post-thumbnail","hentry","category-home","category-news","category-reggio-calabria"],"yoast_head":"<!-- This site is optimized with the Yoast SEO plugin v27.2 - https:\/\/yoast.com\/product\/yoast-seo-wordpress\/ -->\n<title>Citt\u00e0 Metropolitana: confronto sugli assistenti educativi - Radio Touring 104<\/title>\n<meta name=\"description\" content=\"Confronto a Palazzo Alvaro con i sindacati di settore\" \/>\n<meta name=\"robots\" content=\"index, follow, max-snippet:-1, max-image-preview:large, max-video-preview:-1\" \/>\n<link rel=\"canonical\" href=\"https:\/\/progettotouring.it\/radiotouring104\/2025\/01\/30\/citta-metropolitana-confronto-sugli-assistenti-educativi\/\" \/>\n<meta property=\"og:locale\" content=\"it_IT\" \/>\n<meta property=\"og:type\" content=\"article\" \/>\n<meta property=\"og:title\" content=\"Citt\u00e0 Metropolitana: confronto sugli assistenti educativi - Radio Touring 104\" \/>\n<meta property=\"og:description\" content=\"Confronto a Palazzo Alvaro con i sindacati di settore\" \/>\n<meta property=\"og:url\" content=\"https:\/\/progettotouring.it\/radiotouring104\/2025\/01\/30\/citta-metropolitana-confronto-sugli-assistenti-educativi\/\" \/>\n<meta property=\"og:site_name\" content=\"Radio Touring 104\" \/>\n<meta property=\"article:published_time\" content=\"2025-01-30T18:41:27+00:00\" \/>\n<meta property=\"og:image\" content=\"https:\/\/progettotouring.it\/radiotouring104\/wp-content\/uploads\/sites\/6\/2022\/04\/Citta-metropolitana-palazzo-alvaro.jpg\" \/>\n\t<meta property=\"og:image:width\" content=\"1920\" \/>\n\t<meta property=\"og:image:height\" content=\"1080\" \/>\n\t<meta property=\"og:image:type\" content=\"image\/jpeg\" \/>\n<meta name=\"author\" content=\"S L\" \/>\n<meta name=\"twitter:card\" content=\"summary_large_image\" \/>\n<meta name=\"twitter:label1\" content=\"Scritto da\" \/>\n\t<meta name=\"twitter:data1\" content=\"S L\" \/>\n\t<meta name=\"twitter:label2\" content=\"Tempo di lettura stimato\" \/>\n\t<meta name=\"twitter:data2\" content=\"2 minuti\" \/>\n<script type=\"application\/ld+json\" class=\"yoast-schema-graph\">{\"@context\":\"https:\/\/schema.org\",\"@graph\":[{\"@type\":\"Article\",\"@id\":\"https:\/\/progettotouring.it\/radiotouring104\/2025\/01\/30\/citta-metropolitana-confronto-sugli-assistenti-educativi\/#article\",\"isPartOf\":{\"@id\":\"https:\/\/progettotouring.it\/radiotouring104\/2025\/01\/30\/citta-metropolitana-confronto-sugli-assistenti-educativi\/\"},\"author\":{\"name\":\"S L\",\"@id\":\"https:\/\/progettotouring.it\/radiotouring104\/#\/schema\/person\/b9f9c3730b0a78814c9b9f3bfc52c619\"},\"headline\":\"Citt\u00e0 Metropolitana: confronto sugli assistenti educativi\",\"datePublished\":\"2025-01-30T18:41:27+00:00\",\"mainEntityOfPage\":{\"@id\":\"https:\/\/progettotouring.it\/radiotouring104\/2025\/01\/30\/citta-metropolitana-confronto-sugli-assistenti-educativi\/\"},\"wordCount\":381,\"publisher\":{\"@id\":\"https:\/\/progettotouring.it\/radiotouring104\/#organization\"},\"image\":{\"@id\":\"https:\/\/progettotouring.it\/radiotouring104\/2025\/01\/30\/citta-metropolitana-confronto-sugli-assistenti-educativi\/#primaryimage\"},\"thumbnailUrl\":\"https:\/\/progettotouring.it\/radiotouring104\/wp-content\/uploads\/sites\/6\/2022\/04\/Citta-metropolitana-palazzo-alvaro.jpg\",\"articleSection\":[\"Home\",\"News\",\"Reggio Calabria\"],\"inLanguage\":\"it-IT\"},{\"@type\":\"WebPage\",\"@id\":\"https:\/\/progettotouring.it\/radiotouring104\/2025\/01\/30\/citta-metropolitana-confronto-sugli-assistenti-educativi\/\",\"url\":\"https:\/\/progettotouring.it\/radiotouring104\/2025\/01\/30\/citta-metropolitana-confronto-sugli-assistenti-educativi\/\",\"name\":\"Citt\u00e0 Metropolitana: confronto sugli assistenti educativi - Radio Touring 104\",\"isPartOf\":{\"@id\":\"https:\/\/progettotouring.it\/radiotouring104\/#website\"},\"primaryImageOfPage\":{\"@id\":\"https:\/\/progettotouring.it\/radiotouring104\/2025\/01\/30\/citta-metropolitana-confronto-sugli-assistenti-educativi\/#primaryimage\"},\"image\":{\"@id\":\"https:\/\/progettotouring.it\/radiotouring104\/2025\/01\/30\/citta-metropolitana-confronto-sugli-assistenti-educativi\/#primaryimage\"},\"thumbnailUrl\":\"https:\/\/progettotouring.it\/radiotouring104\/wp-content\/uploads\/sites\/6\/2022\/04\/Citta-metropolitana-palazzo-alvaro.jpg\",\"datePublished\":\"2025-01-30T18:41:27+00:00\",\"description\":\"Confronto a Palazzo Alvaro con i sindacati di settore\",\"breadcrumb\":{\"@id\":\"https:\/\/progettotouring.it\/radiotouring104\/2025\/01\/30\/citta-metropolitana-confronto-sugli-assistenti-educativi\/#breadcrumb\"},\"inLanguage\":\"it-IT\",\"potentialAction\":[{\"@type\":\"ReadAction\",\"target\":[\"https:\/\/progettotouring.it\/radiotouring104\/2025\/01\/30\/citta-metropolitana-confronto-sugli-assistenti-educativi\/\"]}]},{\"@type\":\"ImageObject\",\"inLanguage\":\"it-IT\",\"@id\":\"https:\/\/progettotouring.it\/radiotouring104\/2025\/01\/30\/citta-metropolitana-confronto-sugli-assistenti-educativi\/#primaryimage\",\"url\":\"https:\/\/progettotouring.it\/radiotouring104\/wp-content\/uploads\/sites\/6\/2022\/04\/Citta-metropolitana-palazzo-alvaro.jpg\",\"contentUrl\":\"https:\/\/progettotouring.it\/radiotouring104\/wp-content\/uploads\/sites\/6\/2022\/04\/Citta-metropolitana-palazzo-alvaro.jpg\",\"width\":1920,\"height\":1080,\"caption\":\"palazzo alvaro\"},{\"@type\":\"BreadcrumbList\",\"@id\":\"https:\/\/progettotouring.it\/radiotouring104\/2025\/01\/30\/citta-metropolitana-confronto-sugli-assistenti-educativi\/#breadcrumb\",\"itemListElement\":[{\"@type\":\"ListItem\",\"position\":1,\"name\":\"Home\",\"item\":\"https:\/\/progettotouring.it\/radiotouring104\/\"},{\"@type\":\"ListItem\",\"position\":2,\"name\":\"Citt\u00e0 Metropolitana: confronto sugli assistenti educativi\"}]},{\"@type\":\"WebSite\",\"@id\":\"https:\/\/progettotouring.it\/radiotouring104\/#website\",\"url\":\"https:\/\/progettotouring.it\/radiotouring104\/\",\"name\":\"Radio Touring 104\",\"description\":\"La prima radio Reggina\",\"publisher\":{\"@id\":\"https:\/\/progettotouring.it\/radiotouring104\/#organization\"},\"potentialAction\":[{\"@type\":\"SearchAction\",\"target\":{\"@type\":\"EntryPoint\",\"urlTemplate\":\"https:\/\/progettotouring.it\/radiotouring104\/?s={search_term_string}\"},\"query-input\":{\"@type\":\"PropertyValueSpecification\",\"valueRequired\":true,\"valueName\":\"search_term_string\"}}],\"inLanguage\":\"it-IT\"},{\"@type\":\"Organization\",\"@id\":\"https:\/\/progettotouring.it\/radiotouring104\/#organization\",\"name\":\"Radio Touring 104\",\"url\":\"https:\/\/progettotouring.it\/radiotouring104\/\",\"logo\":{\"@type\":\"ImageObject\",\"inLanguage\":\"it-IT\",\"@id\":\"https:\/\/progettotouring.it\/radiotouring104\/#\/schema\/logo\/image\/\",\"url\":\"https:\/\/progettotouring.it\/radiotouring104\/wp-content\/uploads\/sites\/6\/2022\/02\/cropped-logo-radio-touring-104.png\",\"contentUrl\":\"https:\/\/progettotouring.it\/radiotouring104\/wp-content\/uploads\/sites\/6\/2022\/02\/cropped-logo-radio-touring-104.png\",\"width\":377,\"height\":182,\"caption\":\"Radio Touring 104\"},\"image\":{\"@id\":\"https:\/\/progettotouring.it\/radiotouring104\/#\/schema\/logo\/image\/\"}},{\"@type\":\"Person\",\"@id\":\"https:\/\/progettotouring.it\/radiotouring104\/#\/schema\/person\/b9f9c3730b0a78814c9b9f3bfc52c619\",\"name\":\"S L\",\"image\":{\"@type\":\"ImageObject\",\"inLanguage\":\"it-IT\",\"@id\":\"https:\/\/secure.gravatar.com\/avatar\/652c51789d7030aaed9ff828331360502a68204fe6fb0831bc280515210e16d2?s=96&d=mm&r=g\",\"url\":\"https:\/\/secure.gravatar.com\/avatar\/652c51789d7030aaed9ff828331360502a68204fe6fb0831bc280515210e16d2?s=96&d=mm&r=g\",\"contentUrl\":\"https:\/\/secure.gravatar.com\/avatar\/652c51789d7030aaed9ff828331360502a68204fe6fb0831bc280515210e16d2?s=96&d=mm&r=g\",\"caption\":\"S L\"},\"url\":\"https:\/\/progettotouring.it\/radiotouring104\/author\/slibri\/\"}]}<\/script>\n<!-- \/ Yoast SEO plugin. -->","yoast_head_json":{"title":"Citt\u00e0 Metropolitana: confronto sugli assistenti educativi - Radio Touring 104","description":"Confronto a Palazzo Alvaro con i sindacati di settore","robots":{"index":"index","follow":"follow","max-snippet":"max-snippet:-1","max-image-preview":"max-image-preview:large","max-video-preview":"max-video-preview:-1"},"canonical":"https:\/\/progettotouring.it\/radiotouring104\/2025\/01\/30\/citta-metropolitana-confronto-sugli-assistenti-educativi\/","og_locale":"it_IT","og_type":"article","og_title":"Citt\u00e0 Metropolitana: confronto sugli assistenti educativi - Radio Touring 104","og_description":"Confronto a Palazzo Alvaro con i sindacati di settore","og_url":"https:\/\/progettotouring.it\/radiotouring104\/2025\/01\/30\/citta-metropolitana-confronto-sugli-assistenti-educativi\/","og_site_name":"Radio Touring 104","article_published_time":"2025-01-30T18:41:27+00:00","og_image":[{"width":1920,"height":1080,"url":"https:\/\/progettotouring.it\/radiotouring104\/wp-content\/uploads\/sites\/6\/2022\/04\/Citta-metropolitana-palazzo-alvaro.jpg","type":"image\/jpeg"}],"author":"S L","twitter_card":"summary_large_image","twitter_misc":{"Scritto da":"S L","Tempo di lettura stimato":"2 minuti"},"schema":{"@context":"https:\/\/schema.org","@graph":[{"@type":"Article","@id":"https:\/\/progettotouring.it\/radiotouring104\/2025\/01\/30\/citta-metropolitana-confronto-sugli-assistenti-educativi\/#article","isPartOf":{"@id":"https:\/\/progettotouring.it\/radiotouring104\/2025\/01\/30\/citta-metropolitana-confronto-sugli-assistenti-educativi\/"},"author":{"name":"S L","@id":"https:\/\/progettotouring.it\/radiotouring104\/#\/schema\/person\/b9f9c3730b0a78814c9b9f3bfc52c619"},"headline":"Citt\u00e0 Metropolitana: confronto sugli assistenti educativi","datePublished":"2025-01-30T18:41:27+00:00","mainEntityOfPage":{"@id":"https:\/\/progettotouring.it\/radiotouring104\/2025\/01\/30\/citta-metropolitana-confronto-sugli-assistenti-educativi\/"},"wordCount":381,"publisher":{"@id":"https:\/\/progettotouring.it\/radiotouring104\/#organization"},"image":{"@id":"https:\/\/progettotouring.it\/radiotouring104\/2025\/01\/30\/citta-metropolitana-confronto-sugli-assistenti-educativi\/#primaryimage"},"thumbnailUrl":"https:\/\/progettotouring.it\/radiotouring104\/wp-content\/uploads\/sites\/6\/2022\/04\/Citta-metropolitana-palazzo-alvaro.jpg","articleSection":["Home","News","Reggio Calabria"],"inLanguage":"it-IT"},{"@type":"WebPage","@id":"https:\/\/progettotouring.it\/radiotouring104\/2025\/01\/30\/citta-metropolitana-confronto-sugli-assistenti-educativi\/","url":"https:\/\/progettotouring.it\/radiotouring104\/2025\/01\/30\/citta-metropolitana-confronto-sugli-assistenti-educativi\/","name":"Citt\u00e0 Metropolitana: confronto sugli assistenti educativi - Radio Touring 104","isPartOf":{"@id":"https:\/\/progettotouring.it\/radiotouring104\/#website"},"primaryImageOfPage":{"@id":"https:\/\/progettotouring.it\/radiotouring104\/2025\/01\/30\/citta-metropolitana-confronto-sugli-assistenti-educativi\/#primaryimage"},"image":{"@id":"https:\/\/progettotouring.it\/radiotouring104\/2025\/01\/30\/citta-metropolitana-confronto-sugli-assistenti-educativi\/#primaryimage"},"thumbnailUrl":"https:\/\/progettotouring.it\/radiotouring104\/wp-content\/uploads\/sites\/6\/2022\/04\/Citta-metropolitana-palazzo-alvaro.jpg","datePublished":"2025-01-30T18:41:27+00:00","description":"Confronto a Palazzo Alvaro con i sindacati di settore","breadcrumb":{"@id":"https:\/\/progettotouring.it\/radiotouring104\/2025\/01\/30\/citta-metropolitana-confronto-sugli-assistenti-educativi\/#breadcrumb"},"inLanguage":"it-IT","potentialAction":[{"@type":"ReadAction","target":["https:\/\/progettotouring.it\/radiotouring104\/2025\/01\/30\/citta-metropolitana-confronto-sugli-assistenti-educativi\/"]}]},{"@type":"ImageObject","inLanguage":"it-IT","@id":"https:\/\/progettotouring.it\/radiotouring104\/2025\/01\/30\/citta-metropolitana-confronto-sugli-assistenti-educativi\/#primaryimage","url":"https:\/\/progettotouring.it\/radiotouring104\/wp-content\/uploads\/sites\/6\/2022\/04\/Citta-metropolitana-palazzo-alvaro.jpg","contentUrl":"https:\/\/progettotouring.it\/radiotouring104\/wp-content\/uploads\/sites\/6\/2022\/04\/Citta-metropolitana-palazzo-alvaro.jpg","width":1920,"height":1080,"caption":"palazzo alvaro"},{"@type":"BreadcrumbList","@id":"https:\/\/progettotouring.it\/radiotouring104\/2025\/01\/30\/citta-metropolitana-confronto-sugli-assistenti-educativi\/#breadcrumb","itemListElement":[{"@type":"ListItem","position":1,"name":"Home","item":"https:\/\/progettotouring.it\/radiotouring104\/"},{"@type":"ListItem","position":2,"name":"Citt\u00e0 Metropolitana: confronto sugli assistenti educativi"}]},{"@type":"WebSite","@id":"https:\/\/progettotouring.it\/radiotouring104\/#website","url":"https:\/\/progettotouring.it\/radiotouring104\/","name":"Radio Touring 104","description":"La prima radio Reggina","publisher":{"@id":"https:\/\/progettotouring.it\/radiotouring104\/#organization"},"potentialAction":[{"@type":"SearchAction","target":{"@type":"EntryPoint","urlTemplate":"https:\/\/progettotouring.it\/radiotouring104\/?s={search_term_string}"},"query-input":{"@type":"PropertyValueSpecification","valueRequired":true,"valueName":"search_term_string"}}],"inLanguage":"it-IT"},{"@type":"Organization","@id":"https:\/\/progettotouring.it\/radiotouring104\/#organization","name":"Radio Touring 104","url":"https:\/\/progettotouring.it\/radiotouring104\/","logo":{"@type":"ImageObject","inLanguage":"it-IT","@id":"https:\/\/progettotouring.it\/radiotouring104\/#\/schema\/logo\/image\/","url":"https:\/\/progettotouring.it\/radiotouring104\/wp-content\/uploads\/sites\/6\/2022\/02\/cropped-logo-radio-touring-104.png","contentUrl":"https:\/\/progettotouring.it\/radiotouring104\/wp-content\/uploads\/sites\/6\/2022\/02\/cropped-logo-radio-touring-104.png","width":377,"height":182,"caption":"Radio Touring 104"},"image":{"@id":"https:\/\/progettotouring.it\/radiotouring104\/#\/schema\/logo\/image\/"}},{"@type":"Person","@id":"https:\/\/progettotouring.it\/radiotouring104\/#\/schema\/person\/b9f9c3730b0a78814c9b9f3bfc52c619","name":"S L","image":{"@type":"ImageObject","inLanguage":"it-IT","@id":"https:\/\/secure.gravatar.com\/avatar\/652c51789d7030aaed9ff828331360502a68204fe6fb0831bc280515210e16d2?s=96&d=mm&r=g","url":"https:\/\/secure.gravatar.com\/avatar\/652c51789d7030aaed9ff828331360502a68204fe6fb0831bc280515210e16d2?s=96&d=mm&r=g","contentUrl":"https:\/\/secure.gravatar.com\/avatar\/652c51789d7030aaed9ff828331360502a68204fe6fb0831bc280515210e16d2?s=96&d=mm&r=g","caption":"S L"},"url":"https:\/\/progettotouring.it\/radiotouring104\/author\/slibri\/"}]}},"jetpack_publicize_connections":[],"jetpack_featured_media_url":"https:\/\/progettotouring.it\/radiotouring104\/wp-content\/uploads\/sites\/6\/2022\/04\/Citta-metropolitana-palazzo-alvaro.jpg","jetpack_sharing_enabled":true,"_links":{"self":[{"href":"https:\/\/progettotouring.it\/radiotouring104\/wp-json\/wp\/v2\/posts\/65973","targetHints":{"allow":["GET"]}}],"collection":[{"href":"https:\/\/progettotouring.it\/radiotouring104\/wp-json\/wp\/v2\/posts"}],"about":[{"href":"https:\/\/progettotouring.it\/radiotouring104\/wp-json\/wp\/v2\/types\/post"}],"author":[{"embeddable":true,"href":"https:\/\/progettotouring.it\/radiotouring104\/wp-json\/wp\/v2\/users\/19"}],"replies":[{"embeddable":true,"href":"https:\/\/progettotouring.it\/radiotouring104\/wp-json\/wp\/v2\/comments?post=65973"}],"version-history":[{"count":1,"href":"https:\/\/progettotouring.it\/radiotouring104\/wp-json\/wp\/v2\/posts\/65973\/revisions"}],"predecessor-version":[{"id":65974,"href":"https:\/\/progettotouring.it\/radiotouring104\/wp-json\/wp\/v2\/posts\/65973\/revisions\/65974"}],"wp:featuredmedia":[{"embeddable":true,"href":"https:\/\/progettotouring.it\/radiotouring104\/wp-json\/wp\/v2\/media\/4299"}],"wp:attachment":[{"href":"https:\/\/progettotouring.it\/radiotouring104\/wp-json\/wp\/v2\/media?parent=65973"}],"wp:term":[{"taxonomy":"category","embeddable":true,"href":"https:\/\/progettotouring.it\/radiotouring104\/wp-json\/wp\/v2\/categories?post=65973"},{"taxonomy":"post_tag","embeddable":true,"href":"https:\/\/progettotouring.it\/radiotouring104\/wp-json\/wp\/v2\/tags?post=65973"}],"curies":[{"name":"wp","href":"https:\/\/api.w.org\/{rel}","templated":true}]}}