{"id":6598,"date":"2022-06-14T17:34:26","date_gmt":"2022-06-14T15:34:26","guid":{"rendered":"https:\/\/progettotouring.it\/radiotouring104\/?p=6598"},"modified":"2022-06-14T17:34:35","modified_gmt":"2022-06-14T15:34:35","slug":"mosorrofa-cittadini-in-rivolta-annunciata-per-sabato-la-protesta-a-piazza-italia","status":"publish","type":"post","link":"https:\/\/progettotouring.it\/radiotouring104\/2022\/06\/14\/mosorrofa-cittadini-in-rivolta-annunciata-per-sabato-la-protesta-a-piazza-italia\/","title":{"rendered":"Mosorrofa, cittadini in rivolta: annunciata per sabato la protesta a Piazza Italia"},"content":{"rendered":"<p style=\"text-align: justify;\">Il Comitato di Quartiere Mosorrofa in rappresentanza dei cittadini di Mosorrofa, comunica che SABATO 18 giugno ore 09.30 si raduner\u00e0 a Piazza Italia (RC) per manifestare lo stato di frustrazione nel quale versa a causa dei disagi, ormai cronici, che vive quotidianamente riguardo a mancanza di beni e servizi essenziali per avere una decente qualit\u00e0 di vita. Acqua, viabilit\u00e0, decoro urbano, pulizia, illuminazione, vita sociale, servizi alla collettivit\u00e0; qualunque di questi ambiti menzionati valutato in una scala da 1 a 10 non supererebbe il 2.<br \/>\nIn data 07 05 2022 i cittadini di Mosorrofa (pi\u00f9 di 200) si sono ritrovati in Piazza San Demetrio, hanno elaborato una lettera (allegata a questa comunicazione) che \u00e8 stata controfirmata da 324 adulti votanti. La missiva con la richiesta di essere ricevuti \u00e8 stata inviata al Prefetto Massimo Mariani, e per conoscenza al Sindaco FF della citt\u00e0 di RC Paolo Brunetti, al Sindaco FF della Citt\u00e0 Metropolitana Carmelo Versaci e all\u2019assessore alla partecipazione del Comune di RC Giuseppina Palmenta, non ottenendo alcuna risposta.<br \/>\nLa cittadinanza mosorrofana sente il bisogno di comunicare a tutta la citt\u00e0 il degrado nel quale bambini, ragazzi e giovani sono costretti a crescere, la tristezza e la rabbia di adulti e anziani di nobili origini contadine che si vedono abbandonati e impotenti.<br \/>\nSente la necessit\u00e0 di chiedere a tutti i cittadini di RC di unirsi nella protesta per supportare, con la loro solidariet\u00e0 e vicinanza, la richiesta di sacrosanti diritti, coscienti di avere sempre assolto i giusti doveri.<br \/>\nLe attivit\u00e0 commerciali di Mosorrofa e Sala di Mosorrofa che aderiranno faranno due ore di chiusura delle proprie attivit\u00e0 dalle 9.30 alle 11.30 in concomitanza con la manifestazione.<br \/>\nVogliamo manifestare pacificamente, prima che la rabbia prenda il sopravvento sulla ragione, in primis davanti al Palazzo del Governo, poi a quello del Comune e infine della Citt\u00e0 Metropolitana.<\/p>\n","protected":false},"excerpt":{"rendered":"<p>Il Comitato di Quartiere Mosorrofa in rappresentanza dei cittadini di Mosorrofa, comunica che SABATO 18 giugno ore 09.30 si raduner\u00e0 a Piazza Italia (RC) per manifestare lo stato di frustrazione&hellip;<\/p>\n","protected":false},"author":5,"featured_media":6599,"comment_status":"open","ping_status":"open","sticky":false,"template":"","format":"standard","meta":{"_jetpack_memberships_contains_paid_content":false,"footnotes":"","jetpack_publicize_message":"","jetpack_publicize_feature_enabled":true,"jetpack_social_post_already_shared":false,"jetpack_social_options":{"image_generator_settings":{"template":"highway","default_image_id":0,"font":"","enabled":false},"version":2}},"categories":[921,196,140],"tags":[2688,2686,495,496,2689,2687],"class_list":["post-6598","post","type-post","status-publish","format-standard","has-post-thumbnail","hentry","category-home","category-news","category-reggio-calabria","tag-comitato-di-quartiere-di-mossorrofa","tag-mosorrofa","tag-paolo-brunetti","tag-piazza-italia","tag-piazza-san-demetrio","tag-sala-di-mosorrofa"],"yoast_head":"<!-- This site is optimized with the Yoast SEO plugin v27.2 - https:\/\/yoast.com\/product\/yoast-seo-wordpress\/ -->\n<title>Mosorrofa, cittadini in rivolta: annunciata per sabato protesta a Piazza Italia<\/title>\n<meta name=\"description\" content=\"Il Comitato di Quartiere Mosorrofa comunica che sabato18 giugno ore 09.30 si raduner\u00e0 a Piazza Italia per manifestare i propri disagi\" \/>\n<meta name=\"robots\" content=\"index, follow, max-snippet:-1, max-image-preview:large, max-video-preview:-1\" \/>\n<link rel=\"canonical\" href=\"https:\/\/progettotouring.it\/radiotouring104\/2022\/06\/14\/mosorrofa-cittadini-in-rivolta-annunciata-per-sabato-la-protesta-a-piazza-italia\/\" \/>\n<meta property=\"og:locale\" content=\"it_IT\" \/>\n<meta property=\"og:type\" content=\"article\" \/>\n<meta property=\"og:title\" content=\"Mosorrofa, cittadini in rivolta: annunciata per sabato protesta a Piazza Italia\" \/>\n<meta property=\"og:description\" content=\"Il Comitato di Quartiere Mosorrofa comunica che sabato18 giugno ore 09.30 si raduner\u00e0 a Piazza Italia per manifestare i propri disagi\" \/>\n<meta property=\"og:url\" content=\"https:\/\/progettotouring.it\/radiotouring104\/2022\/06\/14\/mosorrofa-cittadini-in-rivolta-annunciata-per-sabato-la-protesta-a-piazza-italia\/\" \/>\n<meta property=\"og:site_name\" content=\"Radio Touring 104\" \/>\n<meta property=\"article:published_time\" content=\"2022-06-14T15:34:26+00:00\" \/>\n<meta property=\"article:modified_time\" content=\"2022-06-14T15:34:35+00:00\" \/>\n<meta property=\"og:image\" content=\"https:\/\/progettotouring.it\/radiotouring104\/wp-content\/uploads\/sites\/6\/2022\/06\/spazzatura.jpg\" \/>\n\t<meta property=\"og:image:width\" content=\"666\" \/>\n\t<meta property=\"og:image:height\" content=\"402\" \/>\n\t<meta property=\"og:image:type\" content=\"image\/jpeg\" \/>\n<meta name=\"author\" content=\"redazione\" \/>\n<meta name=\"twitter:card\" content=\"summary_large_image\" \/>\n<meta name=\"twitter:label1\" content=\"Scritto da\" \/>\n\t<meta name=\"twitter:data1\" content=\"redazione\" \/>\n\t<meta name=\"twitter:label2\" content=\"Tempo di lettura stimato\" \/>\n\t<meta name=\"twitter:data2\" content=\"1 minuto\" \/>\n<script type=\"application\/ld+json\" class=\"yoast-schema-graph\">{\"@context\":\"https:\/\/schema.org\",\"@graph\":[{\"@type\":\"Article\",\"@id\":\"https:\/\/progettotouring.it\/radiotouring104\/2022\/06\/14\/mosorrofa-cittadini-in-rivolta-annunciata-per-sabato-la-protesta-a-piazza-italia\/#article\",\"isPartOf\":{\"@id\":\"https:\/\/progettotouring.it\/radiotouring104\/2022\/06\/14\/mosorrofa-cittadini-in-rivolta-annunciata-per-sabato-la-protesta-a-piazza-italia\/\"},\"author\":{\"name\":\"redazione\",\"@id\":\"https:\/\/progettotouring.it\/radiotouring104\/#\/schema\/person\/1b3eb3c07c47136bc44c785c543e635f\"},\"headline\":\"Mosorrofa, cittadini in rivolta: annunciata per sabato la protesta a Piazza Italia\",\"datePublished\":\"2022-06-14T15:34:26+00:00\",\"dateModified\":\"2022-06-14T15:34:35+00:00\",\"mainEntityOfPage\":{\"@id\":\"https:\/\/progettotouring.it\/radiotouring104\/2022\/06\/14\/mosorrofa-cittadini-in-rivolta-annunciata-per-sabato-la-protesta-a-piazza-italia\/\"},\"wordCount\":304,\"commentCount\":0,\"publisher\":{\"@id\":\"https:\/\/progettotouring.it\/radiotouring104\/#organization\"},\"image\":{\"@id\":\"https:\/\/progettotouring.it\/radiotouring104\/2022\/06\/14\/mosorrofa-cittadini-in-rivolta-annunciata-per-sabato-la-protesta-a-piazza-italia\/#primaryimage\"},\"thumbnailUrl\":\"https:\/\/progettotouring.it\/radiotouring104\/wp-content\/uploads\/sites\/6\/2022\/06\/spazzatura.jpg\",\"keywords\":[\"comitato di quartiere di mossorrofa\",\"mosorrofa\",\"Paolo Brunetti\",\"Piazza Italia\",\"Piazza san demetrio\",\"sala di mosorrofa\"],\"articleSection\":[\"Home\",\"News\",\"Reggio Calabria\"],\"inLanguage\":\"it-IT\",\"potentialAction\":[{\"@type\":\"CommentAction\",\"name\":\"Comment\",\"target\":[\"https:\/\/progettotouring.it\/radiotouring104\/2022\/06\/14\/mosorrofa-cittadini-in-rivolta-annunciata-per-sabato-la-protesta-a-piazza-italia\/#respond\"]}]},{\"@type\":\"WebPage\",\"@id\":\"https:\/\/progettotouring.it\/radiotouring104\/2022\/06\/14\/mosorrofa-cittadini-in-rivolta-annunciata-per-sabato-la-protesta-a-piazza-italia\/\",\"url\":\"https:\/\/progettotouring.it\/radiotouring104\/2022\/06\/14\/mosorrofa-cittadini-in-rivolta-annunciata-per-sabato-la-protesta-a-piazza-italia\/\",\"name\":\"Mosorrofa, cittadini in rivolta: annunciata per sabato protesta a Piazza Italia\",\"isPartOf\":{\"@id\":\"https:\/\/progettotouring.it\/radiotouring104\/#website\"},\"primaryImageOfPage\":{\"@id\":\"https:\/\/progettotouring.it\/radiotouring104\/2022\/06\/14\/mosorrofa-cittadini-in-rivolta-annunciata-per-sabato-la-protesta-a-piazza-italia\/#primaryimage\"},\"image\":{\"@id\":\"https:\/\/progettotouring.it\/radiotouring104\/2022\/06\/14\/mosorrofa-cittadini-in-rivolta-annunciata-per-sabato-la-protesta-a-piazza-italia\/#primaryimage\"},\"thumbnailUrl\":\"https:\/\/progettotouring.it\/radiotouring104\/wp-content\/uploads\/sites\/6\/2022\/06\/spazzatura.jpg\",\"datePublished\":\"2022-06-14T15:34:26+00:00\",\"dateModified\":\"2022-06-14T15:34:35+00:00\",\"description\":\"Il Comitato di Quartiere Mosorrofa comunica che sabato18 giugno ore 09.30 si raduner\u00e0 a Piazza Italia per manifestare i propri disagi\",\"breadcrumb\":{\"@id\":\"https:\/\/progettotouring.it\/radiotouring104\/2022\/06\/14\/mosorrofa-cittadini-in-rivolta-annunciata-per-sabato-la-protesta-a-piazza-italia\/#breadcrumb\"},\"inLanguage\":\"it-IT\",\"potentialAction\":[{\"@type\":\"ReadAction\",\"target\":[\"https:\/\/progettotouring.it\/radiotouring104\/2022\/06\/14\/mosorrofa-cittadini-in-rivolta-annunciata-per-sabato-la-protesta-a-piazza-italia\/\"]}]},{\"@type\":\"ImageObject\",\"inLanguage\":\"it-IT\",\"@id\":\"https:\/\/progettotouring.it\/radiotouring104\/2022\/06\/14\/mosorrofa-cittadini-in-rivolta-annunciata-per-sabato-la-protesta-a-piazza-italia\/#primaryimage\",\"url\":\"https:\/\/progettotouring.it\/radiotouring104\/wp-content\/uploads\/sites\/6\/2022\/06\/spazzatura.jpg\",\"contentUrl\":\"https:\/\/progettotouring.it\/radiotouring104\/wp-content\/uploads\/sites\/6\/2022\/06\/spazzatura.jpg\",\"width\":666,\"height\":402},{\"@type\":\"BreadcrumbList\",\"@id\":\"https:\/\/progettotouring.it\/radiotouring104\/2022\/06\/14\/mosorrofa-cittadini-in-rivolta-annunciata-per-sabato-la-protesta-a-piazza-italia\/#breadcrumb\",\"itemListElement\":[{\"@type\":\"ListItem\",\"position\":1,\"name\":\"Home\",\"item\":\"https:\/\/progettotouring.it\/radiotouring104\/\"},{\"@type\":\"ListItem\",\"position\":2,\"name\":\"Mosorrofa, cittadini in rivolta: annunciata per sabato la protesta a Piazza Italia\"}]},{\"@type\":\"WebSite\",\"@id\":\"https:\/\/progettotouring.it\/radiotouring104\/#website\",\"url\":\"https:\/\/progettotouring.it\/radiotouring104\/\",\"name\":\"Radio Touring 104\",\"description\":\"La prima radio Reggina\",\"publisher\":{\"@id\":\"https:\/\/progettotouring.it\/radiotouring104\/#organization\"},\"potentialAction\":[{\"@type\":\"SearchAction\",\"target\":{\"@type\":\"EntryPoint\",\"urlTemplate\":\"https:\/\/progettotouring.it\/radiotouring104\/?s={search_term_string}\"},\"query-input\":{\"@type\":\"PropertyValueSpecification\",\"valueRequired\":true,\"valueName\":\"search_term_string\"}}],\"inLanguage\":\"it-IT\"},{\"@type\":\"Organization\",\"@id\":\"https:\/\/progettotouring.it\/radiotouring104\/#organization\",\"name\":\"Radio Touring 104\",\"url\":\"https:\/\/progettotouring.it\/radiotouring104\/\",\"logo\":{\"@type\":\"ImageObject\",\"inLanguage\":\"it-IT\",\"@id\":\"https:\/\/progettotouring.it\/radiotouring104\/#\/schema\/logo\/image\/\",\"url\":\"https:\/\/progettotouring.it\/radiotouring104\/wp-content\/uploads\/sites\/6\/2022\/02\/cropped-logo-radio-touring-104.png\",\"contentUrl\":\"https:\/\/progettotouring.it\/radiotouring104\/wp-content\/uploads\/sites\/6\/2022\/02\/cropped-logo-radio-touring-104.png\",\"width\":377,\"height\":182,\"caption\":\"Radio Touring 104\"},\"image\":{\"@id\":\"https:\/\/progettotouring.it\/radiotouring104\/#\/schema\/logo\/image\/\"}},{\"@type\":\"Person\",\"@id\":\"https:\/\/progettotouring.it\/radiotouring104\/#\/schema\/person\/1b3eb3c07c47136bc44c785c543e635f\",\"name\":\"redazione\",\"image\":{\"@type\":\"ImageObject\",\"inLanguage\":\"it-IT\",\"@id\":\"https:\/\/secure.gravatar.com\/avatar\/0b31605b49f100769e8b624b3e05de1b73e1692e9568a352f60f53fd072e6e11?s=96&d=mm&r=g\",\"url\":\"https:\/\/secure.gravatar.com\/avatar\/0b31605b49f100769e8b624b3e05de1b73e1692e9568a352f60f53fd072e6e11?s=96&d=mm&r=g\",\"contentUrl\":\"https:\/\/secure.gravatar.com\/avatar\/0b31605b49f100769e8b624b3e05de1b73e1692e9568a352f60f53fd072e6e11?s=96&d=mm&r=g\",\"caption\":\"redazione\"},\"url\":\"https:\/\/progettotouring.it\/radiotouring104\/author\/redazione\/\"}]}<\/script>\n<!-- \/ Yoast SEO plugin. -->","yoast_head_json":{"title":"Mosorrofa, cittadini in rivolta: annunciata per sabato protesta a Piazza Italia","description":"Il Comitato di Quartiere Mosorrofa comunica che sabato18 giugno ore 09.30 si raduner\u00e0 a Piazza Italia per manifestare i propri disagi","robots":{"index":"index","follow":"follow","max-snippet":"max-snippet:-1","max-image-preview":"max-image-preview:large","max-video-preview":"max-video-preview:-1"},"canonical":"https:\/\/progettotouring.it\/radiotouring104\/2022\/06\/14\/mosorrofa-cittadini-in-rivolta-annunciata-per-sabato-la-protesta-a-piazza-italia\/","og_locale":"it_IT","og_type":"article","og_title":"Mosorrofa, cittadini in rivolta: annunciata per sabato protesta a Piazza Italia","og_description":"Il Comitato di Quartiere Mosorrofa comunica che sabato18 giugno ore 09.30 si raduner\u00e0 a Piazza Italia per manifestare i propri disagi","og_url":"https:\/\/progettotouring.it\/radiotouring104\/2022\/06\/14\/mosorrofa-cittadini-in-rivolta-annunciata-per-sabato-la-protesta-a-piazza-italia\/","og_site_name":"Radio Touring 104","article_published_time":"2022-06-14T15:34:26+00:00","article_modified_time":"2022-06-14T15:34:35+00:00","og_image":[{"width":666,"height":402,"url":"https:\/\/progettotouring.it\/radiotouring104\/wp-content\/uploads\/sites\/6\/2022\/06\/spazzatura.jpg","type":"image\/jpeg"}],"author":"redazione","twitter_card":"summary_large_image","twitter_misc":{"Scritto da":"redazione","Tempo di lettura stimato":"1 minuto"},"schema":{"@context":"https:\/\/schema.org","@graph":[{"@type":"Article","@id":"https:\/\/progettotouring.it\/radiotouring104\/2022\/06\/14\/mosorrofa-cittadini-in-rivolta-annunciata-per-sabato-la-protesta-a-piazza-italia\/#article","isPartOf":{"@id":"https:\/\/progettotouring.it\/radiotouring104\/2022\/06\/14\/mosorrofa-cittadini-in-rivolta-annunciata-per-sabato-la-protesta-a-piazza-italia\/"},"author":{"name":"redazione","@id":"https:\/\/progettotouring.it\/radiotouring104\/#\/schema\/person\/1b3eb3c07c47136bc44c785c543e635f"},"headline":"Mosorrofa, cittadini in rivolta: annunciata per sabato la protesta a Piazza Italia","datePublished":"2022-06-14T15:34:26+00:00","dateModified":"2022-06-14T15:34:35+00:00","mainEntityOfPage":{"@id":"https:\/\/progettotouring.it\/radiotouring104\/2022\/06\/14\/mosorrofa-cittadini-in-rivolta-annunciata-per-sabato-la-protesta-a-piazza-italia\/"},"wordCount":304,"commentCount":0,"publisher":{"@id":"https:\/\/progettotouring.it\/radiotouring104\/#organization"},"image":{"@id":"https:\/\/progettotouring.it\/radiotouring104\/2022\/06\/14\/mosorrofa-cittadini-in-rivolta-annunciata-per-sabato-la-protesta-a-piazza-italia\/#primaryimage"},"thumbnailUrl":"https:\/\/progettotouring.it\/radiotouring104\/wp-content\/uploads\/sites\/6\/2022\/06\/spazzatura.jpg","keywords":["comitato di quartiere di mossorrofa","mosorrofa","Paolo Brunetti","Piazza Italia","Piazza san demetrio","sala di mosorrofa"],"articleSection":["Home","News","Reggio Calabria"],"inLanguage":"it-IT","potentialAction":[{"@type":"CommentAction","name":"Comment","target":["https:\/\/progettotouring.it\/radiotouring104\/2022\/06\/14\/mosorrofa-cittadini-in-rivolta-annunciata-per-sabato-la-protesta-a-piazza-italia\/#respond"]}]},{"@type":"WebPage","@id":"https:\/\/progettotouring.it\/radiotouring104\/2022\/06\/14\/mosorrofa-cittadini-in-rivolta-annunciata-per-sabato-la-protesta-a-piazza-italia\/","url":"https:\/\/progettotouring.it\/radiotouring104\/2022\/06\/14\/mosorrofa-cittadini-in-rivolta-annunciata-per-sabato-la-protesta-a-piazza-italia\/","name":"Mosorrofa, cittadini in rivolta: annunciata per sabato protesta a Piazza Italia","isPartOf":{"@id":"https:\/\/progettotouring.it\/radiotouring104\/#website"},"primaryImageOfPage":{"@id":"https:\/\/progettotouring.it\/radiotouring104\/2022\/06\/14\/mosorrofa-cittadini-in-rivolta-annunciata-per-sabato-la-protesta-a-piazza-italia\/#primaryimage"},"image":{"@id":"https:\/\/progettotouring.it\/radiotouring104\/2022\/06\/14\/mosorrofa-cittadini-in-rivolta-annunciata-per-sabato-la-protesta-a-piazza-italia\/#primaryimage"},"thumbnailUrl":"https:\/\/progettotouring.it\/radiotouring104\/wp-content\/uploads\/sites\/6\/2022\/06\/spazzatura.jpg","datePublished":"2022-06-14T15:34:26+00:00","dateModified":"2022-06-14T15:34:35+00:00","description":"Il Comitato di Quartiere Mosorrofa comunica che sabato18 giugno ore 09.30 si raduner\u00e0 a Piazza Italia per manifestare i propri disagi","breadcrumb":{"@id":"https:\/\/progettotouring.it\/radiotouring104\/2022\/06\/14\/mosorrofa-cittadini-in-rivolta-annunciata-per-sabato-la-protesta-a-piazza-italia\/#breadcrumb"},"inLanguage":"it-IT","potentialAction":[{"@type":"ReadAction","target":["https:\/\/progettotouring.it\/radiotouring104\/2022\/06\/14\/mosorrofa-cittadini-in-rivolta-annunciata-per-sabato-la-protesta-a-piazza-italia\/"]}]},{"@type":"ImageObject","inLanguage":"it-IT","@id":"https:\/\/progettotouring.it\/radiotouring104\/2022\/06\/14\/mosorrofa-cittadini-in-rivolta-annunciata-per-sabato-la-protesta-a-piazza-italia\/#primaryimage","url":"https:\/\/progettotouring.it\/radiotouring104\/wp-content\/uploads\/sites\/6\/2022\/06\/spazzatura.jpg","contentUrl":"https:\/\/progettotouring.it\/radiotouring104\/wp-content\/uploads\/sites\/6\/2022\/06\/spazzatura.jpg","width":666,"height":402},{"@type":"BreadcrumbList","@id":"https:\/\/progettotouring.it\/radiotouring104\/2022\/06\/14\/mosorrofa-cittadini-in-rivolta-annunciata-per-sabato-la-protesta-a-piazza-italia\/#breadcrumb","itemListElement":[{"@type":"ListItem","position":1,"name":"Home","item":"https:\/\/progettotouring.it\/radiotouring104\/"},{"@type":"ListItem","position":2,"name":"Mosorrofa, cittadini in rivolta: annunciata per sabato la protesta a Piazza Italia"}]},{"@type":"WebSite","@id":"https:\/\/progettotouring.it\/radiotouring104\/#website","url":"https:\/\/progettotouring.it\/radiotouring104\/","name":"Radio Touring 104","description":"La prima radio Reggina","publisher":{"@id":"https:\/\/progettotouring.it\/radiotouring104\/#organization"},"potentialAction":[{"@type":"SearchAction","target":{"@type":"EntryPoint","urlTemplate":"https:\/\/progettotouring.it\/radiotouring104\/?s={search_term_string}"},"query-input":{"@type":"PropertyValueSpecification","valueRequired":true,"valueName":"search_term_string"}}],"inLanguage":"it-IT"},{"@type":"Organization","@id":"https:\/\/progettotouring.it\/radiotouring104\/#organization","name":"Radio Touring 104","url":"https:\/\/progettotouring.it\/radiotouring104\/","logo":{"@type":"ImageObject","inLanguage":"it-IT","@id":"https:\/\/progettotouring.it\/radiotouring104\/#\/schema\/logo\/image\/","url":"https:\/\/progettotouring.it\/radiotouring104\/wp-content\/uploads\/sites\/6\/2022\/02\/cropped-logo-radio-touring-104.png","contentUrl":"https:\/\/progettotouring.it\/radiotouring104\/wp-content\/uploads\/sites\/6\/2022\/02\/cropped-logo-radio-touring-104.png","width":377,"height":182,"caption":"Radio Touring 104"},"image":{"@id":"https:\/\/progettotouring.it\/radiotouring104\/#\/schema\/logo\/image\/"}},{"@type":"Person","@id":"https:\/\/progettotouring.it\/radiotouring104\/#\/schema\/person\/1b3eb3c07c47136bc44c785c543e635f","name":"redazione","image":{"@type":"ImageObject","inLanguage":"it-IT","@id":"https:\/\/secure.gravatar.com\/avatar\/0b31605b49f100769e8b624b3e05de1b73e1692e9568a352f60f53fd072e6e11?s=96&d=mm&r=g","url":"https:\/\/secure.gravatar.com\/avatar\/0b31605b49f100769e8b624b3e05de1b73e1692e9568a352f60f53fd072e6e11?s=96&d=mm&r=g","contentUrl":"https:\/\/secure.gravatar.com\/avatar\/0b31605b49f100769e8b624b3e05de1b73e1692e9568a352f60f53fd072e6e11?s=96&d=mm&r=g","caption":"redazione"},"url":"https:\/\/progettotouring.it\/radiotouring104\/author\/redazione\/"}]}},"jetpack_publicize_connections":[],"jetpack_featured_media_url":"https:\/\/progettotouring.it\/radiotouring104\/wp-content\/uploads\/sites\/6\/2022\/06\/spazzatura.jpg","jetpack_sharing_enabled":true,"_links":{"self":[{"href":"https:\/\/progettotouring.it\/radiotouring104\/wp-json\/wp\/v2\/posts\/6598","targetHints":{"allow":["GET"]}}],"collection":[{"href":"https:\/\/progettotouring.it\/radiotouring104\/wp-json\/wp\/v2\/posts"}],"about":[{"href":"https:\/\/progettotouring.it\/radiotouring104\/wp-json\/wp\/v2\/types\/post"}],"author":[{"embeddable":true,"href":"https:\/\/progettotouring.it\/radiotouring104\/wp-json\/wp\/v2\/users\/5"}],"replies":[{"embeddable":true,"href":"https:\/\/progettotouring.it\/radiotouring104\/wp-json\/wp\/v2\/comments?post=6598"}],"version-history":[{"count":1,"href":"https:\/\/progettotouring.it\/radiotouring104\/wp-json\/wp\/v2\/posts\/6598\/revisions"}],"predecessor-version":[{"id":6600,"href":"https:\/\/progettotouring.it\/radiotouring104\/wp-json\/wp\/v2\/posts\/6598\/revisions\/6600"}],"wp:featuredmedia":[{"embeddable":true,"href":"https:\/\/progettotouring.it\/radiotouring104\/wp-json\/wp\/v2\/media\/6599"}],"wp:attachment":[{"href":"https:\/\/progettotouring.it\/radiotouring104\/wp-json\/wp\/v2\/media?parent=6598"}],"wp:term":[{"taxonomy":"category","embeddable":true,"href":"https:\/\/progettotouring.it\/radiotouring104\/wp-json\/wp\/v2\/categories?post=6598"},{"taxonomy":"post_tag","embeddable":true,"href":"https:\/\/progettotouring.it\/radiotouring104\/wp-json\/wp\/v2\/tags?post=6598"}],"curies":[{"name":"wp","href":"https:\/\/api.w.org\/{rel}","templated":true}]}}