{"id":65994,"date":"2025-01-31T09:46:05","date_gmt":"2025-01-31T08:46:05","guid":{"rendered":"https:\/\/progettotouring.it\/radiotouring104\/?p=65994"},"modified":"2025-01-31T10:16:23","modified_gmt":"2025-01-31T09:16:23","slug":"villa-san-giovanni-pioggia-dentro-le-classi-chiuse-due-scuole","status":"publish","type":"post","link":"https:\/\/progettotouring.it\/radiotouring104\/2025\/01\/31\/villa-san-giovanni-pioggia-dentro-le-classi-chiuse-due-scuole\/","title":{"rendered":"Villa San Giovanni: pioggia dentro le classi, chiuse due scuole"},"content":{"rendered":"<p style=\"text-align: justify\">Da luned\u00ec i ragazzi che frequentano la <strong>scuola primaria di Pezzo<\/strong>, al momento ospitati presso l\u2019immobile della scuola secondaria di Cannitello, saranno allocati nell\u2019appartamento di via Garibaldi gi\u00e0 in uso<strong> all\u2019Istituto superiore<\/strong> \u201c <em>Nostro Repaci\u201d<\/em> per una locazione contratta da Citt\u00e0 Metropolitana e attualmente ancora in essere. La decisione \u00e8 stata assunta stamattina di concerto con la dirigente dell\u2019Istituto comprensivo Giovanni XXIII <strong>Dottoressa Luisa Ottan\u00e0,<\/strong> dal momento che il plesso di Cannitello ha presentato delle copiose infiltrazioni di acqua piovana in due dei quattro bagni messi a disposizione dei frequentanti.<\/p>\n<p style=\"text-align: justify\">L\u2019impossibilit\u00e0 di utilizzare i suddetti servizi igienici rende indispensabile diminuire il numero di quanti fruiscono del plesso di Cannitello: da qui la decisione di spostare cinque classi, perch\u00e9 tante sono le aule disponibili nell\u2019immobile di via Garibaldi. Questa mattina a Cannitello abbiamo anche incontrato una nutrita rappresentanza di genitori che, nuovamente, hanno manifestato preoccupazione per le infiltrazioni di acqua dal tetto dell\u2019immobile, una situazione che viene monitorata costantemente e che necessita di intervento per l\u2019impermeabilizzazione dell\u2019intero terrazzo di circa 1000 m\u00b2.<\/p>\n<p style=\"text-align: justify\">Il materiale \u00e8 gi\u00e0 stato acquistato da parte dell\u2019ufficio tecnico, ma le condizioni metereologiche non permettono immediatamente di poter realizzare l\u2019intervento. I piccoli alunni della scuola primaria di Pezzo, dunque, in via momentanea e transitoria, utilizzeranno delle aule che sono state fino a giugno scorso abitate dai ragazzi del liceo classico. La soluzione \u00e8 stata trovata nell\u2019immediato al sorgere della problematica grazie alla disponibilit\u00e0 immediatamente offerta dalla dirigente dell\u2019Istituto del<em> \u201cNostro Repaci\u201d<\/em> <strong>Dottoressa Maristella Spezzano<\/strong> e della rinnovata disponibilit\u00e0 del sindaco della Citt\u00e0 Metropolitana<strong> Giuseppe Falcomat\u00e0<\/strong> e dei dirigenti dei settori edilizia ed urbanistica.<\/p>\n<p style=\"text-align: justify\">La collaborazione istituzionale \u00e8 stata talmente efficace da permettere in diretta la comunicazione alle famiglie della decisione assunta, in attesa di formalizzare gli atti amministrativi che nel primo pomeriggio hanno portato alla pubblicazione dell\u2019ordinanza di chiusura per domani venerd\u00ec 31 gennaio del plesso della scuola secondaria di Cannitello. Una chiusura che permetter\u00e0 nella sola giornata di domani il trasloco di quanto necessario per riallocare le cinque classi della scuola primaria di Pezzo e anche la redistribuzione delle sei classi della scuola secondaria di primo grado di Cannitello che occuperanno la parte dell\u2019immobile di Cannitello non soggetta ad infiltrazioni di acqua piovana. L\u2019 attenzione verso le scuole \u00e8 massima in attesa di poter concretizzare, con i finanziamenti necessari, un adeguamento strutturale ed impiantistico di tutti i plessi di Villa San Giovanni che necessitano tali interventi.<\/p>\n","protected":false},"excerpt":{"rendered":"<p>Da luned\u00ec i ragazzi che frequentano la scuola primaria di Pezzo, al momento ospitati presso l\u2019immobile della scuola secondaria di Cannitello, saranno allocati nell\u2019appartamento di via Garibaldi gi\u00e0 in uso&hellip;<\/p>\n","protected":false},"author":12,"featured_media":56686,"comment_status":"closed","ping_status":"open","sticky":false,"template":"","format":"standard","meta":{"_jetpack_memberships_contains_paid_content":false,"footnotes":"","jetpack_publicize_message":"","jetpack_publicize_feature_enabled":true,"jetpack_social_post_already_shared":true,"jetpack_social_options":{"image_generator_settings":{"template":"highway","default_image_id":0,"font":"","enabled":false},"version":2}},"categories":[921,150,196,140],"tags":[39961,15719,39963,30465,16868,39962],"class_list":["post-65994","post","type-post","status-publish","format-standard","has-post-thumbnail","hentry","category-home","category-in-primo-piano","category-news","category-reggio-calabria","tag-chiuse-due-scuole","tag-citta-di-villa-san-giovanni","tag-dottoressa-luisa-ottana","tag-falcomata-giuseppe","tag-i-i-s-nostro-repaci","tag-pioggia-dentro-aule"],"yoast_head":"<!-- This site is optimized with the Yoast SEO plugin v27.2 - https:\/\/yoast.com\/product\/yoast-seo-wordpress\/ -->\n<title>Villa San Giovanni: pioggia dentro le classi, chiuse due scuole<\/title>\n<meta name=\"description\" content=\"Gli studenti della scuola di Pezzo, temporaneamente, saranno collocati in aule usate fino a giugno dagli studenti del liceo classico\" \/>\n<meta name=\"robots\" content=\"index, follow, max-snippet:-1, max-image-preview:large, max-video-preview:-1\" \/>\n<link rel=\"canonical\" href=\"https:\/\/progettotouring.it\/radiotouring104\/2025\/01\/31\/villa-san-giovanni-pioggia-dentro-le-classi-chiuse-due-scuole\/\" \/>\n<meta property=\"og:locale\" content=\"it_IT\" \/>\n<meta property=\"og:type\" content=\"article\" \/>\n<meta property=\"og:title\" content=\"Villa San Giovanni: pioggia dentro le classi, chiuse due scuole\" \/>\n<meta property=\"og:description\" content=\"Gli studenti della scuola di Pezzo, temporaneamente, saranno collocati in aule usate fino a giugno dagli studenti del liceo classico\" \/>\n<meta property=\"og:url\" content=\"https:\/\/progettotouring.it\/radiotouring104\/2025\/01\/31\/villa-san-giovanni-pioggia-dentro-le-classi-chiuse-due-scuole\/\" \/>\n<meta property=\"og:site_name\" content=\"Radio Touring 104\" \/>\n<meta property=\"article:published_time\" content=\"2025-01-31T08:46:05+00:00\" \/>\n<meta property=\"article:modified_time\" content=\"2025-01-31T09:16:23+00:00\" \/>\n<meta property=\"og:image\" content=\"https:\/\/progettotouring.it\/radiotouring104\/wp-content\/uploads\/sites\/6\/2024\/08\/Scuola-calabria.jpeg\" \/>\n\t<meta property=\"og:image:width\" content=\"1080\" \/>\n\t<meta property=\"og:image:height\" content=\"675\" \/>\n\t<meta property=\"og:image:type\" content=\"image\/jpeg\" \/>\n<meta name=\"author\" content=\"Sebastiano Plutino\" \/>\n<meta name=\"twitter:card\" content=\"summary_large_image\" \/>\n<meta name=\"twitter:label1\" content=\"Scritto da\" \/>\n\t<meta name=\"twitter:data1\" content=\"Sebastiano Plutino\" \/>\n\t<meta name=\"twitter:label2\" content=\"Tempo di lettura stimato\" \/>\n\t<meta name=\"twitter:data2\" content=\"2 minuti\" \/>\n<script type=\"application\/ld+json\" class=\"yoast-schema-graph\">{\"@context\":\"https:\/\/schema.org\",\"@graph\":[{\"@type\":\"Article\",\"@id\":\"https:\/\/progettotouring.it\/radiotouring104\/2025\/01\/31\/villa-san-giovanni-pioggia-dentro-le-classi-chiuse-due-scuole\/#article\",\"isPartOf\":{\"@id\":\"https:\/\/progettotouring.it\/radiotouring104\/2025\/01\/31\/villa-san-giovanni-pioggia-dentro-le-classi-chiuse-due-scuole\/\"},\"author\":{\"name\":\"Sebastiano Plutino\",\"@id\":\"https:\/\/progettotouring.it\/radiotouring104\/#\/schema\/person\/78613917f1851f041f7483f5af1d422e\"},\"headline\":\"Villa San Giovanni: pioggia dentro le classi, chiuse due scuole\",\"datePublished\":\"2025-01-31T08:46:05+00:00\",\"dateModified\":\"2025-01-31T09:16:23+00:00\",\"mainEntityOfPage\":{\"@id\":\"https:\/\/progettotouring.it\/radiotouring104\/2025\/01\/31\/villa-san-giovanni-pioggia-dentro-le-classi-chiuse-due-scuole\/\"},\"wordCount\":416,\"publisher\":{\"@id\":\"https:\/\/progettotouring.it\/radiotouring104\/#organization\"},\"image\":{\"@id\":\"https:\/\/progettotouring.it\/radiotouring104\/2025\/01\/31\/villa-san-giovanni-pioggia-dentro-le-classi-chiuse-due-scuole\/#primaryimage\"},\"thumbnailUrl\":\"https:\/\/progettotouring.it\/radiotouring104\/wp-content\/uploads\/sites\/6\/2024\/08\/Scuola-calabria.jpeg\",\"keywords\":[\"chiuse due scuole\",\"Citt\u00e0 di Villa San Giovanni\",\"Dottoressa Luisa Ottan\u00e0\",\"Falcomat\u00e0 Giuseppe\",\"I.I.S. Nostro Repaci\",\"pioggia dentro aule\"],\"articleSection\":[\"Home\",\"In primo piano\",\"News\",\"Reggio Calabria\"],\"inLanguage\":\"it-IT\"},{\"@type\":\"WebPage\",\"@id\":\"https:\/\/progettotouring.it\/radiotouring104\/2025\/01\/31\/villa-san-giovanni-pioggia-dentro-le-classi-chiuse-due-scuole\/\",\"url\":\"https:\/\/progettotouring.it\/radiotouring104\/2025\/01\/31\/villa-san-giovanni-pioggia-dentro-le-classi-chiuse-due-scuole\/\",\"name\":\"Villa San Giovanni: pioggia dentro le classi, chiuse due scuole\",\"isPartOf\":{\"@id\":\"https:\/\/progettotouring.it\/radiotouring104\/#website\"},\"primaryImageOfPage\":{\"@id\":\"https:\/\/progettotouring.it\/radiotouring104\/2025\/01\/31\/villa-san-giovanni-pioggia-dentro-le-classi-chiuse-due-scuole\/#primaryimage\"},\"image\":{\"@id\":\"https:\/\/progettotouring.it\/radiotouring104\/2025\/01\/31\/villa-san-giovanni-pioggia-dentro-le-classi-chiuse-due-scuole\/#primaryimage\"},\"thumbnailUrl\":\"https:\/\/progettotouring.it\/radiotouring104\/wp-content\/uploads\/sites\/6\/2024\/08\/Scuola-calabria.jpeg\",\"datePublished\":\"2025-01-31T08:46:05+00:00\",\"dateModified\":\"2025-01-31T09:16:23+00:00\",\"description\":\"Gli studenti della scuola di Pezzo, temporaneamente, saranno collocati in aule usate fino a giugno dagli studenti del liceo classico\",\"breadcrumb\":{\"@id\":\"https:\/\/progettotouring.it\/radiotouring104\/2025\/01\/31\/villa-san-giovanni-pioggia-dentro-le-classi-chiuse-due-scuole\/#breadcrumb\"},\"inLanguage\":\"it-IT\",\"potentialAction\":[{\"@type\":\"ReadAction\",\"target\":[\"https:\/\/progettotouring.it\/radiotouring104\/2025\/01\/31\/villa-san-giovanni-pioggia-dentro-le-classi-chiuse-due-scuole\/\"]}]},{\"@type\":\"ImageObject\",\"inLanguage\":\"it-IT\",\"@id\":\"https:\/\/progettotouring.it\/radiotouring104\/2025\/01\/31\/villa-san-giovanni-pioggia-dentro-le-classi-chiuse-due-scuole\/#primaryimage\",\"url\":\"https:\/\/progettotouring.it\/radiotouring104\/wp-content\/uploads\/sites\/6\/2024\/08\/Scuola-calabria.jpeg\",\"contentUrl\":\"https:\/\/progettotouring.it\/radiotouring104\/wp-content\/uploads\/sites\/6\/2024\/08\/Scuola-calabria.jpeg\",\"width\":1080,\"height\":675},{\"@type\":\"BreadcrumbList\",\"@id\":\"https:\/\/progettotouring.it\/radiotouring104\/2025\/01\/31\/villa-san-giovanni-pioggia-dentro-le-classi-chiuse-due-scuole\/#breadcrumb\",\"itemListElement\":[{\"@type\":\"ListItem\",\"position\":1,\"name\":\"Home\",\"item\":\"https:\/\/progettotouring.it\/radiotouring104\/\"},{\"@type\":\"ListItem\",\"position\":2,\"name\":\"Villa San Giovanni: pioggia dentro le classi, chiuse due scuole\"}]},{\"@type\":\"WebSite\",\"@id\":\"https:\/\/progettotouring.it\/radiotouring104\/#website\",\"url\":\"https:\/\/progettotouring.it\/radiotouring104\/\",\"name\":\"Radio Touring 104\",\"description\":\"La prima radio Reggina\",\"publisher\":{\"@id\":\"https:\/\/progettotouring.it\/radiotouring104\/#organization\"},\"potentialAction\":[{\"@type\":\"SearchAction\",\"target\":{\"@type\":\"EntryPoint\",\"urlTemplate\":\"https:\/\/progettotouring.it\/radiotouring104\/?s={search_term_string}\"},\"query-input\":{\"@type\":\"PropertyValueSpecification\",\"valueRequired\":true,\"valueName\":\"search_term_string\"}}],\"inLanguage\":\"it-IT\"},{\"@type\":\"Organization\",\"@id\":\"https:\/\/progettotouring.it\/radiotouring104\/#organization\",\"name\":\"Radio Touring 104\",\"url\":\"https:\/\/progettotouring.it\/radiotouring104\/\",\"logo\":{\"@type\":\"ImageObject\",\"inLanguage\":\"it-IT\",\"@id\":\"https:\/\/progettotouring.it\/radiotouring104\/#\/schema\/logo\/image\/\",\"url\":\"https:\/\/progettotouring.it\/radiotouring104\/wp-content\/uploads\/sites\/6\/2022\/02\/cropped-logo-radio-touring-104.png\",\"contentUrl\":\"https:\/\/progettotouring.it\/radiotouring104\/wp-content\/uploads\/sites\/6\/2022\/02\/cropped-logo-radio-touring-104.png\",\"width\":377,\"height\":182,\"caption\":\"Radio Touring 104\"},\"image\":{\"@id\":\"https:\/\/progettotouring.it\/radiotouring104\/#\/schema\/logo\/image\/\"}},{\"@type\":\"Person\",\"@id\":\"https:\/\/progettotouring.it\/radiotouring104\/#\/schema\/person\/78613917f1851f041f7483f5af1d422e\",\"name\":\"Sebastiano Plutino\",\"image\":{\"@type\":\"ImageObject\",\"inLanguage\":\"it-IT\",\"@id\":\"https:\/\/secure.gravatar.com\/avatar\/0546ffaa9b79224faf9f2a156b67a529ae861d3287c66c1d8ccfdf909bcba78d?s=96&d=mm&r=g\",\"url\":\"https:\/\/secure.gravatar.com\/avatar\/0546ffaa9b79224faf9f2a156b67a529ae861d3287c66c1d8ccfdf909bcba78d?s=96&d=mm&r=g\",\"contentUrl\":\"https:\/\/secure.gravatar.com\/avatar\/0546ffaa9b79224faf9f2a156b67a529ae861d3287c66c1d8ccfdf909bcba78d?s=96&d=mm&r=g\",\"caption\":\"Sebastiano Plutino\"},\"url\":\"https:\/\/progettotouring.it\/radiotouring104\/author\/sebastiano\/\"}]}<\/script>\n<!-- \/ Yoast SEO plugin. -->","yoast_head_json":{"title":"Villa San Giovanni: pioggia dentro le classi, chiuse due scuole","description":"Gli studenti della scuola di Pezzo, temporaneamente, saranno collocati in aule usate fino a giugno dagli studenti del liceo classico","robots":{"index":"index","follow":"follow","max-snippet":"max-snippet:-1","max-image-preview":"max-image-preview:large","max-video-preview":"max-video-preview:-1"},"canonical":"https:\/\/progettotouring.it\/radiotouring104\/2025\/01\/31\/villa-san-giovanni-pioggia-dentro-le-classi-chiuse-due-scuole\/","og_locale":"it_IT","og_type":"article","og_title":"Villa San Giovanni: pioggia dentro le classi, chiuse due scuole","og_description":"Gli studenti della scuola di Pezzo, temporaneamente, saranno collocati in aule usate fino a giugno dagli studenti del liceo classico","og_url":"https:\/\/progettotouring.it\/radiotouring104\/2025\/01\/31\/villa-san-giovanni-pioggia-dentro-le-classi-chiuse-due-scuole\/","og_site_name":"Radio Touring 104","article_published_time":"2025-01-31T08:46:05+00:00","article_modified_time":"2025-01-31T09:16:23+00:00","og_image":[{"width":1080,"height":675,"url":"https:\/\/progettotouring.it\/radiotouring104\/wp-content\/uploads\/sites\/6\/2024\/08\/Scuola-calabria.jpeg","type":"image\/jpeg"}],"author":"Sebastiano Plutino","twitter_card":"summary_large_image","twitter_misc":{"Scritto da":"Sebastiano Plutino","Tempo di lettura stimato":"2 minuti"},"schema":{"@context":"https:\/\/schema.org","@graph":[{"@type":"Article","@id":"https:\/\/progettotouring.it\/radiotouring104\/2025\/01\/31\/villa-san-giovanni-pioggia-dentro-le-classi-chiuse-due-scuole\/#article","isPartOf":{"@id":"https:\/\/progettotouring.it\/radiotouring104\/2025\/01\/31\/villa-san-giovanni-pioggia-dentro-le-classi-chiuse-due-scuole\/"},"author":{"name":"Sebastiano Plutino","@id":"https:\/\/progettotouring.it\/radiotouring104\/#\/schema\/person\/78613917f1851f041f7483f5af1d422e"},"headline":"Villa San Giovanni: pioggia dentro le classi, chiuse due scuole","datePublished":"2025-01-31T08:46:05+00:00","dateModified":"2025-01-31T09:16:23+00:00","mainEntityOfPage":{"@id":"https:\/\/progettotouring.it\/radiotouring104\/2025\/01\/31\/villa-san-giovanni-pioggia-dentro-le-classi-chiuse-due-scuole\/"},"wordCount":416,"publisher":{"@id":"https:\/\/progettotouring.it\/radiotouring104\/#organization"},"image":{"@id":"https:\/\/progettotouring.it\/radiotouring104\/2025\/01\/31\/villa-san-giovanni-pioggia-dentro-le-classi-chiuse-due-scuole\/#primaryimage"},"thumbnailUrl":"https:\/\/progettotouring.it\/radiotouring104\/wp-content\/uploads\/sites\/6\/2024\/08\/Scuola-calabria.jpeg","keywords":["chiuse due scuole","Citt\u00e0 di Villa San Giovanni","Dottoressa Luisa Ottan\u00e0","Falcomat\u00e0 Giuseppe","I.I.S. Nostro Repaci","pioggia dentro aule"],"articleSection":["Home","In primo piano","News","Reggio Calabria"],"inLanguage":"it-IT"},{"@type":"WebPage","@id":"https:\/\/progettotouring.it\/radiotouring104\/2025\/01\/31\/villa-san-giovanni-pioggia-dentro-le-classi-chiuse-due-scuole\/","url":"https:\/\/progettotouring.it\/radiotouring104\/2025\/01\/31\/villa-san-giovanni-pioggia-dentro-le-classi-chiuse-due-scuole\/","name":"Villa San Giovanni: pioggia dentro le classi, chiuse due scuole","isPartOf":{"@id":"https:\/\/progettotouring.it\/radiotouring104\/#website"},"primaryImageOfPage":{"@id":"https:\/\/progettotouring.it\/radiotouring104\/2025\/01\/31\/villa-san-giovanni-pioggia-dentro-le-classi-chiuse-due-scuole\/#primaryimage"},"image":{"@id":"https:\/\/progettotouring.it\/radiotouring104\/2025\/01\/31\/villa-san-giovanni-pioggia-dentro-le-classi-chiuse-due-scuole\/#primaryimage"},"thumbnailUrl":"https:\/\/progettotouring.it\/radiotouring104\/wp-content\/uploads\/sites\/6\/2024\/08\/Scuola-calabria.jpeg","datePublished":"2025-01-31T08:46:05+00:00","dateModified":"2025-01-31T09:16:23+00:00","description":"Gli studenti della scuola di Pezzo, temporaneamente, saranno collocati in aule usate fino a giugno dagli studenti del liceo classico","breadcrumb":{"@id":"https:\/\/progettotouring.it\/radiotouring104\/2025\/01\/31\/villa-san-giovanni-pioggia-dentro-le-classi-chiuse-due-scuole\/#breadcrumb"},"inLanguage":"it-IT","potentialAction":[{"@type":"ReadAction","target":["https:\/\/progettotouring.it\/radiotouring104\/2025\/01\/31\/villa-san-giovanni-pioggia-dentro-le-classi-chiuse-due-scuole\/"]}]},{"@type":"ImageObject","inLanguage":"it-IT","@id":"https:\/\/progettotouring.it\/radiotouring104\/2025\/01\/31\/villa-san-giovanni-pioggia-dentro-le-classi-chiuse-due-scuole\/#primaryimage","url":"https:\/\/progettotouring.it\/radiotouring104\/wp-content\/uploads\/sites\/6\/2024\/08\/Scuola-calabria.jpeg","contentUrl":"https:\/\/progettotouring.it\/radiotouring104\/wp-content\/uploads\/sites\/6\/2024\/08\/Scuola-calabria.jpeg","width":1080,"height":675},{"@type":"BreadcrumbList","@id":"https:\/\/progettotouring.it\/radiotouring104\/2025\/01\/31\/villa-san-giovanni-pioggia-dentro-le-classi-chiuse-due-scuole\/#breadcrumb","itemListElement":[{"@type":"ListItem","position":1,"name":"Home","item":"https:\/\/progettotouring.it\/radiotouring104\/"},{"@type":"ListItem","position":2,"name":"Villa San Giovanni: pioggia dentro le classi, chiuse due scuole"}]},{"@type":"WebSite","@id":"https:\/\/progettotouring.it\/radiotouring104\/#website","url":"https:\/\/progettotouring.it\/radiotouring104\/","name":"Radio Touring 104","description":"La prima radio Reggina","publisher":{"@id":"https:\/\/progettotouring.it\/radiotouring104\/#organization"},"potentialAction":[{"@type":"SearchAction","target":{"@type":"EntryPoint","urlTemplate":"https:\/\/progettotouring.it\/radiotouring104\/?s={search_term_string}"},"query-input":{"@type":"PropertyValueSpecification","valueRequired":true,"valueName":"search_term_string"}}],"inLanguage":"it-IT"},{"@type":"Organization","@id":"https:\/\/progettotouring.it\/radiotouring104\/#organization","name":"Radio Touring 104","url":"https:\/\/progettotouring.it\/radiotouring104\/","logo":{"@type":"ImageObject","inLanguage":"it-IT","@id":"https:\/\/progettotouring.it\/radiotouring104\/#\/schema\/logo\/image\/","url":"https:\/\/progettotouring.it\/radiotouring104\/wp-content\/uploads\/sites\/6\/2022\/02\/cropped-logo-radio-touring-104.png","contentUrl":"https:\/\/progettotouring.it\/radiotouring104\/wp-content\/uploads\/sites\/6\/2022\/02\/cropped-logo-radio-touring-104.png","width":377,"height":182,"caption":"Radio Touring 104"},"image":{"@id":"https:\/\/progettotouring.it\/radiotouring104\/#\/schema\/logo\/image\/"}},{"@type":"Person","@id":"https:\/\/progettotouring.it\/radiotouring104\/#\/schema\/person\/78613917f1851f041f7483f5af1d422e","name":"Sebastiano Plutino","image":{"@type":"ImageObject","inLanguage":"it-IT","@id":"https:\/\/secure.gravatar.com\/avatar\/0546ffaa9b79224faf9f2a156b67a529ae861d3287c66c1d8ccfdf909bcba78d?s=96&d=mm&r=g","url":"https:\/\/secure.gravatar.com\/avatar\/0546ffaa9b79224faf9f2a156b67a529ae861d3287c66c1d8ccfdf909bcba78d?s=96&d=mm&r=g","contentUrl":"https:\/\/secure.gravatar.com\/avatar\/0546ffaa9b79224faf9f2a156b67a529ae861d3287c66c1d8ccfdf909bcba78d?s=96&d=mm&r=g","caption":"Sebastiano Plutino"},"url":"https:\/\/progettotouring.it\/radiotouring104\/author\/sebastiano\/"}]}},"jetpack_publicize_connections":[],"jetpack_featured_media_url":"https:\/\/progettotouring.it\/radiotouring104\/wp-content\/uploads\/sites\/6\/2024\/08\/Scuola-calabria.jpeg","jetpack_sharing_enabled":true,"_links":{"self":[{"href":"https:\/\/progettotouring.it\/radiotouring104\/wp-json\/wp\/v2\/posts\/65994","targetHints":{"allow":["GET"]}}],"collection":[{"href":"https:\/\/progettotouring.it\/radiotouring104\/wp-json\/wp\/v2\/posts"}],"about":[{"href":"https:\/\/progettotouring.it\/radiotouring104\/wp-json\/wp\/v2\/types\/post"}],"author":[{"embeddable":true,"href":"https:\/\/progettotouring.it\/radiotouring104\/wp-json\/wp\/v2\/users\/12"}],"replies":[{"embeddable":true,"href":"https:\/\/progettotouring.it\/radiotouring104\/wp-json\/wp\/v2\/comments?post=65994"}],"version-history":[{"count":1,"href":"https:\/\/progettotouring.it\/radiotouring104\/wp-json\/wp\/v2\/posts\/65994\/revisions"}],"predecessor-version":[{"id":65995,"href":"https:\/\/progettotouring.it\/radiotouring104\/wp-json\/wp\/v2\/posts\/65994\/revisions\/65995"}],"wp:featuredmedia":[{"embeddable":true,"href":"https:\/\/progettotouring.it\/radiotouring104\/wp-json\/wp\/v2\/media\/56686"}],"wp:attachment":[{"href":"https:\/\/progettotouring.it\/radiotouring104\/wp-json\/wp\/v2\/media?parent=65994"}],"wp:term":[{"taxonomy":"category","embeddable":true,"href":"https:\/\/progettotouring.it\/radiotouring104\/wp-json\/wp\/v2\/categories?post=65994"},{"taxonomy":"post_tag","embeddable":true,"href":"https:\/\/progettotouring.it\/radiotouring104\/wp-json\/wp\/v2\/tags?post=65994"}],"curies":[{"name":"wp","href":"https:\/\/api.w.org\/{rel}","templated":true}]}}