{"id":66002,"date":"2025-01-31T10:26:46","date_gmt":"2025-01-31T09:26:46","guid":{"rendered":"https:\/\/progettotouring.it\/radiotouring104\/?p=66002"},"modified":"2025-01-31T10:26:46","modified_gmt":"2025-01-31T09:26:46","slug":"regione-unindustria-incontra-il-presidente-occhiuto","status":"publish","type":"post","link":"https:\/\/progettotouring.it\/radiotouring104\/2025\/01\/31\/regione-unindustria-incontra-il-presidente-occhiuto\/","title":{"rendered":"Regione: Unindustria incontra il Presidente Occhiuto"},"content":{"rendered":"<p style=\"text-align: justify\">ll presidente e il direttore di Unindustria Calabria, <strong>Aldo Ferrara e Dario Lamanna hanno incontrato il presidente della Giunta regionale, Roberto Occhiuto tornati<\/strong> <em>&#8220;per fare il tagliando &#8211;<\/em> riporta una nota dell&#8217;associazione degli industriali<em> &#8211; alle iniziative di sostegno allo sviluppo socioeconomico della Calabria nate dal confronto e dalla reciproca collaborazione istituzionale&#8221;.<\/em><\/p>\n<p style=\"text-align: justify\"><em>&#8220;A distanza di neanche due anni dal lancio di &#8216;Agenda Calabria&#8217; &#8211;<\/em><strong> ha detto Ferrara al termine dell&#8217;incontro -,<\/strong><em> le azioni di politica economica che, grazie alla profonda unit\u00e0 d&#8217;intenti con il presidente Occhiuto e alla proficua collaborazione degli assessori regionali, sono state attivate cominciano a restituire i primi, importanti risultati. Nella riunione odierna, infatti, il follow up che abbiamo effettuato rispetto ai tanti bandi gi\u00e0 conclusi e a quelli ancora in itinere ci ha restituito indicatori di performance incoraggianti. Penso, per citarne qualcuno, al successo del bando per impianti e macchinari e a quello pi\u00f9 recente per Ricerca &amp; Sviluppo (con il coinvolgimento degli Atenei) che hanno richiesto un ampliamento delle risorse inizialmente messe a disposizione a dimostrazione di come ci siano tante imprese calabresi che hanno voglia di evolversi, di investire, di crescere in ammodernamento tecnologico, qualit\u00e0 e innovazione. Inoltre, i bandi dedicati a settori strategici come quello sulla qualificazione dell&#8217;offerta turistica, non solo rispondono a esigenze di sviluppo vocazionali, ma orientano questo sviluppo verso target specifici, sottendendo quindi a una visione di lungo periodo determinante per dare solidit\u00e0 agli investimenti delle imprese&#8221;.<br \/>\n<\/em><\/p>\n<p style=\"text-align: justify\"><em>&#8220;L&#8217;incontro \u00e8 servito &#8211;<strong> riporta la nota<\/strong> &#8211; a ribadire l&#8217;impegno reciproco sul miglioramento delle condizioni di contesto, in particolare su infrastrutture, aree industriali e mobilit\u00e0, con un focus sulla portualit\u00e0 da diporto. Mentre proseguono i lavori su statale 106 ed elettrificazione della linea ferroviaria jonica, l&#8217;attenzione di Unindustria e Regione \u00e8 rivolta all&#8217;Alta Velocit\u00e0: &#8216;Il presidente Occhiuto condivide la nostra sensibilit\u00e0 &#8211; <\/em><strong>ha aggiunto il leader degli industriali calabresi &#8211;<\/strong><em> circa l&#8217;esigenza di avere una vera linea ferroviaria AV fino a Reggio Calabria. L&#8217;attenzione \u00e8 alta e credo che ognuno far\u00e0 la propria parte per arrivare a garantire questo risultato strategico per tutta la regione. \u00c8 una questione che attiene fortemente al contesto in cui costruire lo sviluppo sostenibile e pertanto \u00e8 imprescindibile. Allo stesso modo, lavoriamo a una strategia congiunta sull&#8217;attrazione di capitali provenienti da fuori regione e dall&#8217;estero ed \u00e8 una partita che si gioca proprio e soprattutto sulla riqualificazione delle aree industriali'&#8221;.<br \/>\n<\/em><\/p>\n<p style=\"text-align: justify\"><strong>Durante la riunione<\/strong>, particolare<strong> attenzione \u00e8 stata riservata anche alla sanit\u00e0 e al tema della rigenerazione amministrativa e sull&#8217;imprenditorialit\u00e0 giovanile<\/strong><em>. &#8220;Stiamo ragionando &#8211; <\/em>ha concluso Ferrara &#8211; <em>sulla nascita di uno strumento d&#8217;impatto che, costruendo cultura d&#8217;impresa, permetta ai nostri giovani talenti di dimostrare le loro qualit\u00e0 nella loro regione e arginare l&#8217;emigrazione giovanile&#8221;.<\/em><\/p>\n","protected":false},"excerpt":{"rendered":"<p>ll presidente e il direttore di Unindustria Calabria, Aldo Ferrara e Dario Lamanna hanno incontrato il presidente della Giunta regionale, Roberto Occhiuto tornati &#8220;per fare il tagliando &#8211; riporta una&hellip;<\/p>\n","protected":false},"author":12,"featured_media":19155,"comment_status":"closed","ping_status":"open","sticky":false,"template":"","format":"standard","meta":{"_jetpack_memberships_contains_paid_content":false,"footnotes":"","jetpack_publicize_message":"","jetpack_publicize_feature_enabled":true,"jetpack_social_post_already_shared":true,"jetpack_social_options":{"image_generator_settings":{"template":"highway","default_image_id":0,"font":"","enabled":false},"version":2}},"categories":[921,196,140],"tags":[5067,5375,18340,2195],"class_list":["post-66002","post","type-post","status-publish","format-standard","has-post-thumbnail","hentry","category-home","category-news","category-reggio-calabria","tag-aldo-ferrara","tag-cittadella-regionale","tag-occhiuto-roberto","tag-unindustria-calabria"],"yoast_head":"<!-- This site is optimized with the Yoast SEO plugin v27.2 - https:\/\/yoast.com\/product\/yoast-seo-wordpress\/ -->\n<title>Regione: Unindustria incontra il Presidente Occhiuto<\/title>\n<meta name=\"description\" content=\"Svolto alla Cittadella un incontro tra Unindustria Calabria e Occhiuto con al centro del tavolo politiche sviluppo e strategie per crescita\" \/>\n<meta name=\"robots\" content=\"index, follow, max-snippet:-1, max-image-preview:large, max-video-preview:-1\" \/>\n<link rel=\"canonical\" href=\"https:\/\/progettotouring.it\/radiotouring104\/2025\/01\/31\/regione-unindustria-incontra-il-presidente-occhiuto\/\" \/>\n<meta property=\"og:locale\" content=\"it_IT\" \/>\n<meta property=\"og:type\" content=\"article\" \/>\n<meta property=\"og:title\" content=\"Regione: Unindustria incontra il Presidente Occhiuto\" \/>\n<meta property=\"og:description\" content=\"Svolto alla Cittadella un incontro tra Unindustria Calabria e Occhiuto con al centro del tavolo politiche sviluppo e strategie per crescita\" \/>\n<meta property=\"og:url\" content=\"https:\/\/progettotouring.it\/radiotouring104\/2025\/01\/31\/regione-unindustria-incontra-il-presidente-occhiuto\/\" \/>\n<meta property=\"og:site_name\" content=\"Radio Touring 104\" \/>\n<meta property=\"article:published_time\" content=\"2025-01-31T09:26:46+00:00\" \/>\n<meta property=\"og:image\" content=\"https:\/\/progettotouring.it\/radiotouring104\/wp-content\/uploads\/sites\/6\/2023\/02\/Cittadella-Catanzaro.jpg\" \/>\n\t<meta property=\"og:image:width\" content=\"680\" \/>\n\t<meta property=\"og:image:height\" content=\"427\" \/>\n\t<meta property=\"og:image:type\" content=\"image\/jpeg\" \/>\n<meta name=\"author\" content=\"Sebastiano Plutino\" \/>\n<meta name=\"twitter:card\" content=\"summary_large_image\" \/>\n<meta name=\"twitter:label1\" content=\"Scritto da\" \/>\n\t<meta name=\"twitter:data1\" content=\"Sebastiano Plutino\" \/>\n\t<meta name=\"twitter:label2\" content=\"Tempo di lettura stimato\" \/>\n\t<meta name=\"twitter:data2\" content=\"2 minuti\" \/>\n<script type=\"application\/ld+json\" class=\"yoast-schema-graph\">{\"@context\":\"https:\/\/schema.org\",\"@graph\":[{\"@type\":\"Article\",\"@id\":\"https:\/\/progettotouring.it\/radiotouring104\/2025\/01\/31\/regione-unindustria-incontra-il-presidente-occhiuto\/#article\",\"isPartOf\":{\"@id\":\"https:\/\/progettotouring.it\/radiotouring104\/2025\/01\/31\/regione-unindustria-incontra-il-presidente-occhiuto\/\"},\"author\":{\"name\":\"Sebastiano Plutino\",\"@id\":\"https:\/\/progettotouring.it\/radiotouring104\/#\/schema\/person\/78613917f1851f041f7483f5af1d422e\"},\"headline\":\"Regione: Unindustria incontra il Presidente Occhiuto\",\"datePublished\":\"2025-01-31T09:26:46+00:00\",\"mainEntityOfPage\":{\"@id\":\"https:\/\/progettotouring.it\/radiotouring104\/2025\/01\/31\/regione-unindustria-incontra-il-presidente-occhiuto\/\"},\"wordCount\":445,\"publisher\":{\"@id\":\"https:\/\/progettotouring.it\/radiotouring104\/#organization\"},\"image\":{\"@id\":\"https:\/\/progettotouring.it\/radiotouring104\/2025\/01\/31\/regione-unindustria-incontra-il-presidente-occhiuto\/#primaryimage\"},\"thumbnailUrl\":\"https:\/\/progettotouring.it\/radiotouring104\/wp-content\/uploads\/sites\/6\/2023\/02\/Cittadella-Catanzaro.jpg\",\"keywords\":[\"Aldo Ferrara\",\"Cittadella Regionale\",\"Occhiuto Roberto\",\"Unindustria Calabria\"],\"articleSection\":[\"Home\",\"News\",\"Reggio Calabria\"],\"inLanguage\":\"it-IT\"},{\"@type\":\"WebPage\",\"@id\":\"https:\/\/progettotouring.it\/radiotouring104\/2025\/01\/31\/regione-unindustria-incontra-il-presidente-occhiuto\/\",\"url\":\"https:\/\/progettotouring.it\/radiotouring104\/2025\/01\/31\/regione-unindustria-incontra-il-presidente-occhiuto\/\",\"name\":\"Regione: Unindustria incontra il Presidente Occhiuto\",\"isPartOf\":{\"@id\":\"https:\/\/progettotouring.it\/radiotouring104\/#website\"},\"primaryImageOfPage\":{\"@id\":\"https:\/\/progettotouring.it\/radiotouring104\/2025\/01\/31\/regione-unindustria-incontra-il-presidente-occhiuto\/#primaryimage\"},\"image\":{\"@id\":\"https:\/\/progettotouring.it\/radiotouring104\/2025\/01\/31\/regione-unindustria-incontra-il-presidente-occhiuto\/#primaryimage\"},\"thumbnailUrl\":\"https:\/\/progettotouring.it\/radiotouring104\/wp-content\/uploads\/sites\/6\/2023\/02\/Cittadella-Catanzaro.jpg\",\"datePublished\":\"2025-01-31T09:26:46+00:00\",\"description\":\"Svolto alla Cittadella un incontro tra Unindustria Calabria e Occhiuto con al centro del tavolo politiche sviluppo e strategie per crescita\",\"breadcrumb\":{\"@id\":\"https:\/\/progettotouring.it\/radiotouring104\/2025\/01\/31\/regione-unindustria-incontra-il-presidente-occhiuto\/#breadcrumb\"},\"inLanguage\":\"it-IT\",\"potentialAction\":[{\"@type\":\"ReadAction\",\"target\":[\"https:\/\/progettotouring.it\/radiotouring104\/2025\/01\/31\/regione-unindustria-incontra-il-presidente-occhiuto\/\"]}]},{\"@type\":\"ImageObject\",\"inLanguage\":\"it-IT\",\"@id\":\"https:\/\/progettotouring.it\/radiotouring104\/2025\/01\/31\/regione-unindustria-incontra-il-presidente-occhiuto\/#primaryimage\",\"url\":\"https:\/\/progettotouring.it\/radiotouring104\/wp-content\/uploads\/sites\/6\/2023\/02\/Cittadella-Catanzaro.jpg\",\"contentUrl\":\"https:\/\/progettotouring.it\/radiotouring104\/wp-content\/uploads\/sites\/6\/2023\/02\/Cittadella-Catanzaro.jpg\",\"width\":680,\"height\":427},{\"@type\":\"BreadcrumbList\",\"@id\":\"https:\/\/progettotouring.it\/radiotouring104\/2025\/01\/31\/regione-unindustria-incontra-il-presidente-occhiuto\/#breadcrumb\",\"itemListElement\":[{\"@type\":\"ListItem\",\"position\":1,\"name\":\"Home\",\"item\":\"https:\/\/progettotouring.it\/radiotouring104\/\"},{\"@type\":\"ListItem\",\"position\":2,\"name\":\"Regione: Unindustria incontra il Presidente Occhiuto\"}]},{\"@type\":\"WebSite\",\"@id\":\"https:\/\/progettotouring.it\/radiotouring104\/#website\",\"url\":\"https:\/\/progettotouring.it\/radiotouring104\/\",\"name\":\"Radio Touring 104\",\"description\":\"La prima radio Reggina\",\"publisher\":{\"@id\":\"https:\/\/progettotouring.it\/radiotouring104\/#organization\"},\"potentialAction\":[{\"@type\":\"SearchAction\",\"target\":{\"@type\":\"EntryPoint\",\"urlTemplate\":\"https:\/\/progettotouring.it\/radiotouring104\/?s={search_term_string}\"},\"query-input\":{\"@type\":\"PropertyValueSpecification\",\"valueRequired\":true,\"valueName\":\"search_term_string\"}}],\"inLanguage\":\"it-IT\"},{\"@type\":\"Organization\",\"@id\":\"https:\/\/progettotouring.it\/radiotouring104\/#organization\",\"name\":\"Radio Touring 104\",\"url\":\"https:\/\/progettotouring.it\/radiotouring104\/\",\"logo\":{\"@type\":\"ImageObject\",\"inLanguage\":\"it-IT\",\"@id\":\"https:\/\/progettotouring.it\/radiotouring104\/#\/schema\/logo\/image\/\",\"url\":\"https:\/\/progettotouring.it\/radiotouring104\/wp-content\/uploads\/sites\/6\/2022\/02\/cropped-logo-radio-touring-104.png\",\"contentUrl\":\"https:\/\/progettotouring.it\/radiotouring104\/wp-content\/uploads\/sites\/6\/2022\/02\/cropped-logo-radio-touring-104.png\",\"width\":377,\"height\":182,\"caption\":\"Radio Touring 104\"},\"image\":{\"@id\":\"https:\/\/progettotouring.it\/radiotouring104\/#\/schema\/logo\/image\/\"}},{\"@type\":\"Person\",\"@id\":\"https:\/\/progettotouring.it\/radiotouring104\/#\/schema\/person\/78613917f1851f041f7483f5af1d422e\",\"name\":\"Sebastiano Plutino\",\"image\":{\"@type\":\"ImageObject\",\"inLanguage\":\"it-IT\",\"@id\":\"https:\/\/secure.gravatar.com\/avatar\/0546ffaa9b79224faf9f2a156b67a529ae861d3287c66c1d8ccfdf909bcba78d?s=96&d=mm&r=g\",\"url\":\"https:\/\/secure.gravatar.com\/avatar\/0546ffaa9b79224faf9f2a156b67a529ae861d3287c66c1d8ccfdf909bcba78d?s=96&d=mm&r=g\",\"contentUrl\":\"https:\/\/secure.gravatar.com\/avatar\/0546ffaa9b79224faf9f2a156b67a529ae861d3287c66c1d8ccfdf909bcba78d?s=96&d=mm&r=g\",\"caption\":\"Sebastiano Plutino\"},\"url\":\"https:\/\/progettotouring.it\/radiotouring104\/author\/sebastiano\/\"}]}<\/script>\n<!-- \/ Yoast SEO plugin. -->","yoast_head_json":{"title":"Regione: Unindustria incontra il Presidente Occhiuto","description":"Svolto alla Cittadella un incontro tra Unindustria Calabria e Occhiuto con al centro del tavolo politiche sviluppo e strategie per crescita","robots":{"index":"index","follow":"follow","max-snippet":"max-snippet:-1","max-image-preview":"max-image-preview:large","max-video-preview":"max-video-preview:-1"},"canonical":"https:\/\/progettotouring.it\/radiotouring104\/2025\/01\/31\/regione-unindustria-incontra-il-presidente-occhiuto\/","og_locale":"it_IT","og_type":"article","og_title":"Regione: Unindustria incontra il Presidente Occhiuto","og_description":"Svolto alla Cittadella un incontro tra Unindustria Calabria e Occhiuto con al centro del tavolo politiche sviluppo e strategie per crescita","og_url":"https:\/\/progettotouring.it\/radiotouring104\/2025\/01\/31\/regione-unindustria-incontra-il-presidente-occhiuto\/","og_site_name":"Radio Touring 104","article_published_time":"2025-01-31T09:26:46+00:00","og_image":[{"width":680,"height":427,"url":"https:\/\/progettotouring.it\/radiotouring104\/wp-content\/uploads\/sites\/6\/2023\/02\/Cittadella-Catanzaro.jpg","type":"image\/jpeg"}],"author":"Sebastiano Plutino","twitter_card":"summary_large_image","twitter_misc":{"Scritto da":"Sebastiano Plutino","Tempo di lettura stimato":"2 minuti"},"schema":{"@context":"https:\/\/schema.org","@graph":[{"@type":"Article","@id":"https:\/\/progettotouring.it\/radiotouring104\/2025\/01\/31\/regione-unindustria-incontra-il-presidente-occhiuto\/#article","isPartOf":{"@id":"https:\/\/progettotouring.it\/radiotouring104\/2025\/01\/31\/regione-unindustria-incontra-il-presidente-occhiuto\/"},"author":{"name":"Sebastiano Plutino","@id":"https:\/\/progettotouring.it\/radiotouring104\/#\/schema\/person\/78613917f1851f041f7483f5af1d422e"},"headline":"Regione: Unindustria incontra il Presidente Occhiuto","datePublished":"2025-01-31T09:26:46+00:00","mainEntityOfPage":{"@id":"https:\/\/progettotouring.it\/radiotouring104\/2025\/01\/31\/regione-unindustria-incontra-il-presidente-occhiuto\/"},"wordCount":445,"publisher":{"@id":"https:\/\/progettotouring.it\/radiotouring104\/#organization"},"image":{"@id":"https:\/\/progettotouring.it\/radiotouring104\/2025\/01\/31\/regione-unindustria-incontra-il-presidente-occhiuto\/#primaryimage"},"thumbnailUrl":"https:\/\/progettotouring.it\/radiotouring104\/wp-content\/uploads\/sites\/6\/2023\/02\/Cittadella-Catanzaro.jpg","keywords":["Aldo Ferrara","Cittadella Regionale","Occhiuto Roberto","Unindustria Calabria"],"articleSection":["Home","News","Reggio Calabria"],"inLanguage":"it-IT"},{"@type":"WebPage","@id":"https:\/\/progettotouring.it\/radiotouring104\/2025\/01\/31\/regione-unindustria-incontra-il-presidente-occhiuto\/","url":"https:\/\/progettotouring.it\/radiotouring104\/2025\/01\/31\/regione-unindustria-incontra-il-presidente-occhiuto\/","name":"Regione: Unindustria incontra il Presidente Occhiuto","isPartOf":{"@id":"https:\/\/progettotouring.it\/radiotouring104\/#website"},"primaryImageOfPage":{"@id":"https:\/\/progettotouring.it\/radiotouring104\/2025\/01\/31\/regione-unindustria-incontra-il-presidente-occhiuto\/#primaryimage"},"image":{"@id":"https:\/\/progettotouring.it\/radiotouring104\/2025\/01\/31\/regione-unindustria-incontra-il-presidente-occhiuto\/#primaryimage"},"thumbnailUrl":"https:\/\/progettotouring.it\/radiotouring104\/wp-content\/uploads\/sites\/6\/2023\/02\/Cittadella-Catanzaro.jpg","datePublished":"2025-01-31T09:26:46+00:00","description":"Svolto alla Cittadella un incontro tra Unindustria Calabria e Occhiuto con al centro del tavolo politiche sviluppo e strategie per crescita","breadcrumb":{"@id":"https:\/\/progettotouring.it\/radiotouring104\/2025\/01\/31\/regione-unindustria-incontra-il-presidente-occhiuto\/#breadcrumb"},"inLanguage":"it-IT","potentialAction":[{"@type":"ReadAction","target":["https:\/\/progettotouring.it\/radiotouring104\/2025\/01\/31\/regione-unindustria-incontra-il-presidente-occhiuto\/"]}]},{"@type":"ImageObject","inLanguage":"it-IT","@id":"https:\/\/progettotouring.it\/radiotouring104\/2025\/01\/31\/regione-unindustria-incontra-il-presidente-occhiuto\/#primaryimage","url":"https:\/\/progettotouring.it\/radiotouring104\/wp-content\/uploads\/sites\/6\/2023\/02\/Cittadella-Catanzaro.jpg","contentUrl":"https:\/\/progettotouring.it\/radiotouring104\/wp-content\/uploads\/sites\/6\/2023\/02\/Cittadella-Catanzaro.jpg","width":680,"height":427},{"@type":"BreadcrumbList","@id":"https:\/\/progettotouring.it\/radiotouring104\/2025\/01\/31\/regione-unindustria-incontra-il-presidente-occhiuto\/#breadcrumb","itemListElement":[{"@type":"ListItem","position":1,"name":"Home","item":"https:\/\/progettotouring.it\/radiotouring104\/"},{"@type":"ListItem","position":2,"name":"Regione: Unindustria incontra il Presidente Occhiuto"}]},{"@type":"WebSite","@id":"https:\/\/progettotouring.it\/radiotouring104\/#website","url":"https:\/\/progettotouring.it\/radiotouring104\/","name":"Radio Touring 104","description":"La prima radio Reggina","publisher":{"@id":"https:\/\/progettotouring.it\/radiotouring104\/#organization"},"potentialAction":[{"@type":"SearchAction","target":{"@type":"EntryPoint","urlTemplate":"https:\/\/progettotouring.it\/radiotouring104\/?s={search_term_string}"},"query-input":{"@type":"PropertyValueSpecification","valueRequired":true,"valueName":"search_term_string"}}],"inLanguage":"it-IT"},{"@type":"Organization","@id":"https:\/\/progettotouring.it\/radiotouring104\/#organization","name":"Radio Touring 104","url":"https:\/\/progettotouring.it\/radiotouring104\/","logo":{"@type":"ImageObject","inLanguage":"it-IT","@id":"https:\/\/progettotouring.it\/radiotouring104\/#\/schema\/logo\/image\/","url":"https:\/\/progettotouring.it\/radiotouring104\/wp-content\/uploads\/sites\/6\/2022\/02\/cropped-logo-radio-touring-104.png","contentUrl":"https:\/\/progettotouring.it\/radiotouring104\/wp-content\/uploads\/sites\/6\/2022\/02\/cropped-logo-radio-touring-104.png","width":377,"height":182,"caption":"Radio Touring 104"},"image":{"@id":"https:\/\/progettotouring.it\/radiotouring104\/#\/schema\/logo\/image\/"}},{"@type":"Person","@id":"https:\/\/progettotouring.it\/radiotouring104\/#\/schema\/person\/78613917f1851f041f7483f5af1d422e","name":"Sebastiano Plutino","image":{"@type":"ImageObject","inLanguage":"it-IT","@id":"https:\/\/secure.gravatar.com\/avatar\/0546ffaa9b79224faf9f2a156b67a529ae861d3287c66c1d8ccfdf909bcba78d?s=96&d=mm&r=g","url":"https:\/\/secure.gravatar.com\/avatar\/0546ffaa9b79224faf9f2a156b67a529ae861d3287c66c1d8ccfdf909bcba78d?s=96&d=mm&r=g","contentUrl":"https:\/\/secure.gravatar.com\/avatar\/0546ffaa9b79224faf9f2a156b67a529ae861d3287c66c1d8ccfdf909bcba78d?s=96&d=mm&r=g","caption":"Sebastiano Plutino"},"url":"https:\/\/progettotouring.it\/radiotouring104\/author\/sebastiano\/"}]}},"jetpack_publicize_connections":[],"jetpack_featured_media_url":"https:\/\/progettotouring.it\/radiotouring104\/wp-content\/uploads\/sites\/6\/2023\/02\/Cittadella-Catanzaro.jpg","jetpack_sharing_enabled":true,"_links":{"self":[{"href":"https:\/\/progettotouring.it\/radiotouring104\/wp-json\/wp\/v2\/posts\/66002","targetHints":{"allow":["GET"]}}],"collection":[{"href":"https:\/\/progettotouring.it\/radiotouring104\/wp-json\/wp\/v2\/posts"}],"about":[{"href":"https:\/\/progettotouring.it\/radiotouring104\/wp-json\/wp\/v2\/types\/post"}],"author":[{"embeddable":true,"href":"https:\/\/progettotouring.it\/radiotouring104\/wp-json\/wp\/v2\/users\/12"}],"replies":[{"embeddable":true,"href":"https:\/\/progettotouring.it\/radiotouring104\/wp-json\/wp\/v2\/comments?post=66002"}],"version-history":[{"count":1,"href":"https:\/\/progettotouring.it\/radiotouring104\/wp-json\/wp\/v2\/posts\/66002\/revisions"}],"predecessor-version":[{"id":66003,"href":"https:\/\/progettotouring.it\/radiotouring104\/wp-json\/wp\/v2\/posts\/66002\/revisions\/66003"}],"wp:featuredmedia":[{"embeddable":true,"href":"https:\/\/progettotouring.it\/radiotouring104\/wp-json\/wp\/v2\/media\/19155"}],"wp:attachment":[{"href":"https:\/\/progettotouring.it\/radiotouring104\/wp-json\/wp\/v2\/media?parent=66002"}],"wp:term":[{"taxonomy":"category","embeddable":true,"href":"https:\/\/progettotouring.it\/radiotouring104\/wp-json\/wp\/v2\/categories?post=66002"},{"taxonomy":"post_tag","embeddable":true,"href":"https:\/\/progettotouring.it\/radiotouring104\/wp-json\/wp\/v2\/tags?post=66002"}],"curies":[{"name":"wp","href":"https:\/\/api.w.org\/{rel}","templated":true}]}}