{"id":66004,"date":"2025-01-31T10:32:58","date_gmt":"2025-01-31T09:32:58","guid":{"rendered":"https:\/\/progettotouring.it\/radiotouring104\/?p=66004"},"modified":"2025-01-31T11:04:29","modified_gmt":"2025-01-31T10:04:29","slug":"dichiarazioni-prodi-marziale-calabria-e-gia-un-campo-profughi","status":"publish","type":"post","link":"https:\/\/progettotouring.it\/radiotouring104\/2025\/01\/31\/dichiarazioni-prodi-marziale-calabria-e-gia-un-campo-profughi\/","title":{"rendered":"Dichiarazioni Prodi, Marziale: &#8220;Calabria \u00e8 gia un campo profughi&#8221;"},"content":{"rendered":"<div style=\"text-align: justify\"><em>\u201cLa Calabria \u00e8 gi\u00e0 un campo profughi, nel senso di terra d\u2019accoglienza per i bambini che sbarcano e, bench\u00e9 sprovvista di strutture, si dimostra pi\u00f9 che all\u2019altezza della situazione, nonostante una legge, quella per i minori stranieri non accompagnati (MSNA), cosiddetta \u201clegge Zampa\u201d, dall\u2019onorevole prodiana Sandra Zampa, approssimativa e inidonea\u201d<\/em>: \u00e8 quanto <strong>dichiara il Garante<\/strong> per l\u2019Infanzia e l\u2019Adolescenza della Regione Calabria, <strong>Antonio Marziale,<\/strong> <strong>a proposito delle esternazioni dell\u2019ex presidente della Commissione Europea Romano Prodi.<\/strong><\/div>\n<div style=\"text-align: justify\"><\/div>\n<div style=\"text-align: justify\"><em>\u201cLa Calabria \u00e8 la regione che pi\u00f9 ha individuato e formato tutori per MSNA<\/em> \u2013 <strong>evidenzia Marziale<\/strong> <em>\u2013 pi\u00f9 di mille unit\u00e0, gi\u00e0 nel mio primo mandato da Garante, e sta continuando a lavorare con una Consulta dedicata che coinvolge le Universit\u00e0 e tante associazioni. Ma i tutori non hanno emolumenti, e addirittura non fruiscono del permesso in orario di lavoro. Eppure, Prodi avrebbe dovuto e potuto fare molto di pi\u00f9 per strutturare le politiche d\u2019accoglienza. Era al vertice dell\u2019UE\u201d.<\/em><\/div>\n<div style=\"text-align: justify\"><\/div>\n<div style=\"text-align: justify\"><em>\u201cLa boutade dell\u2019ex premier denota un pensiero scaricabarile e disinformato \u2013<\/em><strong> afferma ancora il Garante<\/strong> \u2013<em> che merita una risposta anche in tema di lavoro. Vede, professor Prodi, molte famiglie, con tanti bambini, stentano ad arrivare a fine mese e dunque tanti minorenni coinvolti sono relegati entro i parametri della povert\u00e0 educativa, grazie soprattutto alle ricadute della memorabile \u2013 si fa per dire \u2013 gestione del passaggio dalla lira italiana all\u2019Euro e lei dovrebbe ricordare qualcosa in proposito\u201d.<\/em><\/div>\n","protected":false},"excerpt":{"rendered":"<p>\u201cLa Calabria \u00e8 gi\u00e0 un campo profughi, nel senso di terra d\u2019accoglienza per i bambini che sbarcano e, bench\u00e9 sprovvista di strutture, si dimostra pi\u00f9 che all\u2019altezza della situazione, nonostante&hellip;<\/p>\n","protected":false},"author":5,"featured_media":52407,"comment_status":"closed","ping_status":"open","sticky":false,"template":"","format":"standard","meta":{"_jetpack_memberships_contains_paid_content":false,"footnotes":"","jetpack_publicize_message":"","jetpack_publicize_feature_enabled":true,"jetpack_social_post_already_shared":true,"jetpack_social_options":{"image_generator_settings":{"template":"highway","default_image_id":0,"font":"","enabled":false},"version":2}},"categories":[142,921,196],"tags":[5345,39969,39970,39966,39965],"class_list":["post-66004","post","type-post","status-publish","format-standard","has-post-thumbnail","hentry","category-calabria","category-home","category-news","tag-antonio-marziale","tag-calabria-e-gia-campo-profughi","tag-calabria-primeggiante-in-accoglienza-dei-bambini","tag-campo-profughi-in-calabria","tag-romano-prodi"],"yoast_head":"<!-- This site is optimized with the Yoast SEO plugin v27.2 - https:\/\/yoast.com\/product\/yoast-seo-wordpress\/ -->\n<title>Dichiarazioni Prodi, Marziale: &quot;Calabria \u00e8 gia un campo profughi&quot;<\/title>\n<meta name=\"description\" content=\"Il Garante per l&#039;Infanzia della Regione replica all&#039;ex Presidente del Consiglio: &quot;Calabria primeggiante nell&#039;accoglienza dei bambini&quot;\" \/>\n<meta name=\"robots\" content=\"index, follow, max-snippet:-1, max-image-preview:large, max-video-preview:-1\" \/>\n<link rel=\"canonical\" href=\"https:\/\/progettotouring.it\/radiotouring104\/2025\/01\/31\/dichiarazioni-prodi-marziale-calabria-e-gia-un-campo-profughi\/\" \/>\n<meta property=\"og:locale\" content=\"it_IT\" \/>\n<meta property=\"og:type\" content=\"article\" \/>\n<meta property=\"og:title\" content=\"Dichiarazioni Prodi, Marziale: &quot;Calabria \u00e8 gia un campo profughi&quot;\" \/>\n<meta property=\"og:description\" content=\"Il Garante per l&#039;Infanzia della Regione replica all&#039;ex Presidente del Consiglio: &quot;Calabria primeggiante nell&#039;accoglienza dei bambini&quot;\" \/>\n<meta property=\"og:url\" content=\"https:\/\/progettotouring.it\/radiotouring104\/2025\/01\/31\/dichiarazioni-prodi-marziale-calabria-e-gia-un-campo-profughi\/\" \/>\n<meta property=\"og:site_name\" content=\"Radio Touring 104\" \/>\n<meta property=\"article:published_time\" content=\"2025-01-31T09:32:58+00:00\" \/>\n<meta property=\"article:modified_time\" content=\"2025-01-31T10:04:29+00:00\" \/>\n<meta property=\"og:image\" content=\"https:\/\/progettotouring.it\/radiotouring104\/wp-content\/uploads\/sites\/6\/2024\/05\/Marziale-garante.jpg\" \/>\n\t<meta property=\"og:image:width\" content=\"1024\" \/>\n\t<meta property=\"og:image:height\" content=\"576\" \/>\n\t<meta property=\"og:image:type\" content=\"image\/jpeg\" \/>\n<meta name=\"author\" content=\"redazione\" \/>\n<meta name=\"twitter:card\" content=\"summary_large_image\" \/>\n<meta name=\"twitter:label1\" content=\"Scritto da\" \/>\n\t<meta name=\"twitter:data1\" content=\"redazione\" \/>\n\t<meta name=\"twitter:label2\" content=\"Tempo di lettura stimato\" \/>\n\t<meta name=\"twitter:data2\" content=\"1 minuto\" \/>\n<script type=\"application\/ld+json\" class=\"yoast-schema-graph\">{\"@context\":\"https:\/\/schema.org\",\"@graph\":[{\"@type\":\"Article\",\"@id\":\"https:\/\/progettotouring.it\/radiotouring104\/2025\/01\/31\/dichiarazioni-prodi-marziale-calabria-e-gia-un-campo-profughi\/#article\",\"isPartOf\":{\"@id\":\"https:\/\/progettotouring.it\/radiotouring104\/2025\/01\/31\/dichiarazioni-prodi-marziale-calabria-e-gia-un-campo-profughi\/\"},\"author\":{\"name\":\"redazione\",\"@id\":\"https:\/\/progettotouring.it\/radiotouring104\/#\/schema\/person\/1b3eb3c07c47136bc44c785c543e635f\"},\"headline\":\"Dichiarazioni Prodi, Marziale: &#8220;Calabria \u00e8 gia un campo profughi&#8221;\",\"datePublished\":\"2025-01-31T09:32:58+00:00\",\"dateModified\":\"2025-01-31T10:04:29+00:00\",\"mainEntityOfPage\":{\"@id\":\"https:\/\/progettotouring.it\/radiotouring104\/2025\/01\/31\/dichiarazioni-prodi-marziale-calabria-e-gia-un-campo-profughi\/\"},\"wordCount\":242,\"publisher\":{\"@id\":\"https:\/\/progettotouring.it\/radiotouring104\/#organization\"},\"image\":{\"@id\":\"https:\/\/progettotouring.it\/radiotouring104\/2025\/01\/31\/dichiarazioni-prodi-marziale-calabria-e-gia-un-campo-profughi\/#primaryimage\"},\"thumbnailUrl\":\"https:\/\/progettotouring.it\/radiotouring104\/wp-content\/uploads\/sites\/6\/2024\/05\/Marziale-garante.jpg\",\"keywords\":[\"Antonio Marziale\",\"Calabria \u00e8 gi\u00e0 campo profughi\",\"Calabria primeggiante in accoglienza dei bambini\",\"campo profughi in Calabria\",\"Romano Prodi\"],\"articleSection\":[\"Calabria\",\"Home\",\"News\"],\"inLanguage\":\"it-IT\"},{\"@type\":\"WebPage\",\"@id\":\"https:\/\/progettotouring.it\/radiotouring104\/2025\/01\/31\/dichiarazioni-prodi-marziale-calabria-e-gia-un-campo-profughi\/\",\"url\":\"https:\/\/progettotouring.it\/radiotouring104\/2025\/01\/31\/dichiarazioni-prodi-marziale-calabria-e-gia-un-campo-profughi\/\",\"name\":\"Dichiarazioni Prodi, Marziale: \\\"Calabria \u00e8 gia un campo profughi\\\"\",\"isPartOf\":{\"@id\":\"https:\/\/progettotouring.it\/radiotouring104\/#website\"},\"primaryImageOfPage\":{\"@id\":\"https:\/\/progettotouring.it\/radiotouring104\/2025\/01\/31\/dichiarazioni-prodi-marziale-calabria-e-gia-un-campo-profughi\/#primaryimage\"},\"image\":{\"@id\":\"https:\/\/progettotouring.it\/radiotouring104\/2025\/01\/31\/dichiarazioni-prodi-marziale-calabria-e-gia-un-campo-profughi\/#primaryimage\"},\"thumbnailUrl\":\"https:\/\/progettotouring.it\/radiotouring104\/wp-content\/uploads\/sites\/6\/2024\/05\/Marziale-garante.jpg\",\"datePublished\":\"2025-01-31T09:32:58+00:00\",\"dateModified\":\"2025-01-31T10:04:29+00:00\",\"description\":\"Il Garante per l'Infanzia della Regione replica all'ex Presidente del Consiglio: \\\"Calabria primeggiante nell'accoglienza dei bambini\\\"\",\"breadcrumb\":{\"@id\":\"https:\/\/progettotouring.it\/radiotouring104\/2025\/01\/31\/dichiarazioni-prodi-marziale-calabria-e-gia-un-campo-profughi\/#breadcrumb\"},\"inLanguage\":\"it-IT\",\"potentialAction\":[{\"@type\":\"ReadAction\",\"target\":[\"https:\/\/progettotouring.it\/radiotouring104\/2025\/01\/31\/dichiarazioni-prodi-marziale-calabria-e-gia-un-campo-profughi\/\"]}]},{\"@type\":\"ImageObject\",\"inLanguage\":\"it-IT\",\"@id\":\"https:\/\/progettotouring.it\/radiotouring104\/2025\/01\/31\/dichiarazioni-prodi-marziale-calabria-e-gia-un-campo-profughi\/#primaryimage\",\"url\":\"https:\/\/progettotouring.it\/radiotouring104\/wp-content\/uploads\/sites\/6\/2024\/05\/Marziale-garante.jpg\",\"contentUrl\":\"https:\/\/progettotouring.it\/radiotouring104\/wp-content\/uploads\/sites\/6\/2024\/05\/Marziale-garante.jpg\",\"width\":1024,\"height\":576},{\"@type\":\"BreadcrumbList\",\"@id\":\"https:\/\/progettotouring.it\/radiotouring104\/2025\/01\/31\/dichiarazioni-prodi-marziale-calabria-e-gia-un-campo-profughi\/#breadcrumb\",\"itemListElement\":[{\"@type\":\"ListItem\",\"position\":1,\"name\":\"Home\",\"item\":\"https:\/\/progettotouring.it\/radiotouring104\/\"},{\"@type\":\"ListItem\",\"position\":2,\"name\":\"Dichiarazioni Prodi, Marziale: &#8220;Calabria \u00e8 gia un campo profughi&#8221;\"}]},{\"@type\":\"WebSite\",\"@id\":\"https:\/\/progettotouring.it\/radiotouring104\/#website\",\"url\":\"https:\/\/progettotouring.it\/radiotouring104\/\",\"name\":\"Radio Touring 104\",\"description\":\"La prima radio Reggina\",\"publisher\":{\"@id\":\"https:\/\/progettotouring.it\/radiotouring104\/#organization\"},\"potentialAction\":[{\"@type\":\"SearchAction\",\"target\":{\"@type\":\"EntryPoint\",\"urlTemplate\":\"https:\/\/progettotouring.it\/radiotouring104\/?s={search_term_string}\"},\"query-input\":{\"@type\":\"PropertyValueSpecification\",\"valueRequired\":true,\"valueName\":\"search_term_string\"}}],\"inLanguage\":\"it-IT\"},{\"@type\":\"Organization\",\"@id\":\"https:\/\/progettotouring.it\/radiotouring104\/#organization\",\"name\":\"Radio Touring 104\",\"url\":\"https:\/\/progettotouring.it\/radiotouring104\/\",\"logo\":{\"@type\":\"ImageObject\",\"inLanguage\":\"it-IT\",\"@id\":\"https:\/\/progettotouring.it\/radiotouring104\/#\/schema\/logo\/image\/\",\"url\":\"https:\/\/progettotouring.it\/radiotouring104\/wp-content\/uploads\/sites\/6\/2022\/02\/cropped-logo-radio-touring-104.png\",\"contentUrl\":\"https:\/\/progettotouring.it\/radiotouring104\/wp-content\/uploads\/sites\/6\/2022\/02\/cropped-logo-radio-touring-104.png\",\"width\":377,\"height\":182,\"caption\":\"Radio Touring 104\"},\"image\":{\"@id\":\"https:\/\/progettotouring.it\/radiotouring104\/#\/schema\/logo\/image\/\"}},{\"@type\":\"Person\",\"@id\":\"https:\/\/progettotouring.it\/radiotouring104\/#\/schema\/person\/1b3eb3c07c47136bc44c785c543e635f\",\"name\":\"redazione\",\"image\":{\"@type\":\"ImageObject\",\"inLanguage\":\"it-IT\",\"@id\":\"https:\/\/secure.gravatar.com\/avatar\/0b31605b49f100769e8b624b3e05de1b73e1692e9568a352f60f53fd072e6e11?s=96&d=mm&r=g\",\"url\":\"https:\/\/secure.gravatar.com\/avatar\/0b31605b49f100769e8b624b3e05de1b73e1692e9568a352f60f53fd072e6e11?s=96&d=mm&r=g\",\"contentUrl\":\"https:\/\/secure.gravatar.com\/avatar\/0b31605b49f100769e8b624b3e05de1b73e1692e9568a352f60f53fd072e6e11?s=96&d=mm&r=g\",\"caption\":\"redazione\"},\"url\":\"https:\/\/progettotouring.it\/radiotouring104\/author\/redazione\/\"}]}<\/script>\n<!-- \/ Yoast SEO plugin. -->","yoast_head_json":{"title":"Dichiarazioni Prodi, Marziale: \"Calabria \u00e8 gia un campo profughi\"","description":"Il Garante per l'Infanzia della Regione replica all'ex Presidente del Consiglio: \"Calabria primeggiante nell'accoglienza dei bambini\"","robots":{"index":"index","follow":"follow","max-snippet":"max-snippet:-1","max-image-preview":"max-image-preview:large","max-video-preview":"max-video-preview:-1"},"canonical":"https:\/\/progettotouring.it\/radiotouring104\/2025\/01\/31\/dichiarazioni-prodi-marziale-calabria-e-gia-un-campo-profughi\/","og_locale":"it_IT","og_type":"article","og_title":"Dichiarazioni Prodi, Marziale: \"Calabria \u00e8 gia un campo profughi\"","og_description":"Il Garante per l'Infanzia della Regione replica all'ex Presidente del Consiglio: \"Calabria primeggiante nell'accoglienza dei bambini\"","og_url":"https:\/\/progettotouring.it\/radiotouring104\/2025\/01\/31\/dichiarazioni-prodi-marziale-calabria-e-gia-un-campo-profughi\/","og_site_name":"Radio Touring 104","article_published_time":"2025-01-31T09:32:58+00:00","article_modified_time":"2025-01-31T10:04:29+00:00","og_image":[{"width":1024,"height":576,"url":"https:\/\/progettotouring.it\/radiotouring104\/wp-content\/uploads\/sites\/6\/2024\/05\/Marziale-garante.jpg","type":"image\/jpeg"}],"author":"redazione","twitter_card":"summary_large_image","twitter_misc":{"Scritto da":"redazione","Tempo di lettura stimato":"1 minuto"},"schema":{"@context":"https:\/\/schema.org","@graph":[{"@type":"Article","@id":"https:\/\/progettotouring.it\/radiotouring104\/2025\/01\/31\/dichiarazioni-prodi-marziale-calabria-e-gia-un-campo-profughi\/#article","isPartOf":{"@id":"https:\/\/progettotouring.it\/radiotouring104\/2025\/01\/31\/dichiarazioni-prodi-marziale-calabria-e-gia-un-campo-profughi\/"},"author":{"name":"redazione","@id":"https:\/\/progettotouring.it\/radiotouring104\/#\/schema\/person\/1b3eb3c07c47136bc44c785c543e635f"},"headline":"Dichiarazioni Prodi, Marziale: &#8220;Calabria \u00e8 gia un campo profughi&#8221;","datePublished":"2025-01-31T09:32:58+00:00","dateModified":"2025-01-31T10:04:29+00:00","mainEntityOfPage":{"@id":"https:\/\/progettotouring.it\/radiotouring104\/2025\/01\/31\/dichiarazioni-prodi-marziale-calabria-e-gia-un-campo-profughi\/"},"wordCount":242,"publisher":{"@id":"https:\/\/progettotouring.it\/radiotouring104\/#organization"},"image":{"@id":"https:\/\/progettotouring.it\/radiotouring104\/2025\/01\/31\/dichiarazioni-prodi-marziale-calabria-e-gia-un-campo-profughi\/#primaryimage"},"thumbnailUrl":"https:\/\/progettotouring.it\/radiotouring104\/wp-content\/uploads\/sites\/6\/2024\/05\/Marziale-garante.jpg","keywords":["Antonio Marziale","Calabria \u00e8 gi\u00e0 campo profughi","Calabria primeggiante in accoglienza dei bambini","campo profughi in Calabria","Romano Prodi"],"articleSection":["Calabria","Home","News"],"inLanguage":"it-IT"},{"@type":"WebPage","@id":"https:\/\/progettotouring.it\/radiotouring104\/2025\/01\/31\/dichiarazioni-prodi-marziale-calabria-e-gia-un-campo-profughi\/","url":"https:\/\/progettotouring.it\/radiotouring104\/2025\/01\/31\/dichiarazioni-prodi-marziale-calabria-e-gia-un-campo-profughi\/","name":"Dichiarazioni Prodi, Marziale: \"Calabria \u00e8 gia un campo profughi\"","isPartOf":{"@id":"https:\/\/progettotouring.it\/radiotouring104\/#website"},"primaryImageOfPage":{"@id":"https:\/\/progettotouring.it\/radiotouring104\/2025\/01\/31\/dichiarazioni-prodi-marziale-calabria-e-gia-un-campo-profughi\/#primaryimage"},"image":{"@id":"https:\/\/progettotouring.it\/radiotouring104\/2025\/01\/31\/dichiarazioni-prodi-marziale-calabria-e-gia-un-campo-profughi\/#primaryimage"},"thumbnailUrl":"https:\/\/progettotouring.it\/radiotouring104\/wp-content\/uploads\/sites\/6\/2024\/05\/Marziale-garante.jpg","datePublished":"2025-01-31T09:32:58+00:00","dateModified":"2025-01-31T10:04:29+00:00","description":"Il Garante per l'Infanzia della Regione replica all'ex Presidente del Consiglio: \"Calabria primeggiante nell'accoglienza dei bambini\"","breadcrumb":{"@id":"https:\/\/progettotouring.it\/radiotouring104\/2025\/01\/31\/dichiarazioni-prodi-marziale-calabria-e-gia-un-campo-profughi\/#breadcrumb"},"inLanguage":"it-IT","potentialAction":[{"@type":"ReadAction","target":["https:\/\/progettotouring.it\/radiotouring104\/2025\/01\/31\/dichiarazioni-prodi-marziale-calabria-e-gia-un-campo-profughi\/"]}]},{"@type":"ImageObject","inLanguage":"it-IT","@id":"https:\/\/progettotouring.it\/radiotouring104\/2025\/01\/31\/dichiarazioni-prodi-marziale-calabria-e-gia-un-campo-profughi\/#primaryimage","url":"https:\/\/progettotouring.it\/radiotouring104\/wp-content\/uploads\/sites\/6\/2024\/05\/Marziale-garante.jpg","contentUrl":"https:\/\/progettotouring.it\/radiotouring104\/wp-content\/uploads\/sites\/6\/2024\/05\/Marziale-garante.jpg","width":1024,"height":576},{"@type":"BreadcrumbList","@id":"https:\/\/progettotouring.it\/radiotouring104\/2025\/01\/31\/dichiarazioni-prodi-marziale-calabria-e-gia-un-campo-profughi\/#breadcrumb","itemListElement":[{"@type":"ListItem","position":1,"name":"Home","item":"https:\/\/progettotouring.it\/radiotouring104\/"},{"@type":"ListItem","position":2,"name":"Dichiarazioni Prodi, Marziale: &#8220;Calabria \u00e8 gia un campo profughi&#8221;"}]},{"@type":"WebSite","@id":"https:\/\/progettotouring.it\/radiotouring104\/#website","url":"https:\/\/progettotouring.it\/radiotouring104\/","name":"Radio Touring 104","description":"La prima radio Reggina","publisher":{"@id":"https:\/\/progettotouring.it\/radiotouring104\/#organization"},"potentialAction":[{"@type":"SearchAction","target":{"@type":"EntryPoint","urlTemplate":"https:\/\/progettotouring.it\/radiotouring104\/?s={search_term_string}"},"query-input":{"@type":"PropertyValueSpecification","valueRequired":true,"valueName":"search_term_string"}}],"inLanguage":"it-IT"},{"@type":"Organization","@id":"https:\/\/progettotouring.it\/radiotouring104\/#organization","name":"Radio Touring 104","url":"https:\/\/progettotouring.it\/radiotouring104\/","logo":{"@type":"ImageObject","inLanguage":"it-IT","@id":"https:\/\/progettotouring.it\/radiotouring104\/#\/schema\/logo\/image\/","url":"https:\/\/progettotouring.it\/radiotouring104\/wp-content\/uploads\/sites\/6\/2022\/02\/cropped-logo-radio-touring-104.png","contentUrl":"https:\/\/progettotouring.it\/radiotouring104\/wp-content\/uploads\/sites\/6\/2022\/02\/cropped-logo-radio-touring-104.png","width":377,"height":182,"caption":"Radio Touring 104"},"image":{"@id":"https:\/\/progettotouring.it\/radiotouring104\/#\/schema\/logo\/image\/"}},{"@type":"Person","@id":"https:\/\/progettotouring.it\/radiotouring104\/#\/schema\/person\/1b3eb3c07c47136bc44c785c543e635f","name":"redazione","image":{"@type":"ImageObject","inLanguage":"it-IT","@id":"https:\/\/secure.gravatar.com\/avatar\/0b31605b49f100769e8b624b3e05de1b73e1692e9568a352f60f53fd072e6e11?s=96&d=mm&r=g","url":"https:\/\/secure.gravatar.com\/avatar\/0b31605b49f100769e8b624b3e05de1b73e1692e9568a352f60f53fd072e6e11?s=96&d=mm&r=g","contentUrl":"https:\/\/secure.gravatar.com\/avatar\/0b31605b49f100769e8b624b3e05de1b73e1692e9568a352f60f53fd072e6e11?s=96&d=mm&r=g","caption":"redazione"},"url":"https:\/\/progettotouring.it\/radiotouring104\/author\/redazione\/"}]}},"jetpack_publicize_connections":[],"jetpack_featured_media_url":"https:\/\/progettotouring.it\/radiotouring104\/wp-content\/uploads\/sites\/6\/2024\/05\/Marziale-garante.jpg","jetpack_sharing_enabled":true,"_links":{"self":[{"href":"https:\/\/progettotouring.it\/radiotouring104\/wp-json\/wp\/v2\/posts\/66004","targetHints":{"allow":["GET"]}}],"collection":[{"href":"https:\/\/progettotouring.it\/radiotouring104\/wp-json\/wp\/v2\/posts"}],"about":[{"href":"https:\/\/progettotouring.it\/radiotouring104\/wp-json\/wp\/v2\/types\/post"}],"author":[{"embeddable":true,"href":"https:\/\/progettotouring.it\/radiotouring104\/wp-json\/wp\/v2\/users\/5"}],"replies":[{"embeddable":true,"href":"https:\/\/progettotouring.it\/radiotouring104\/wp-json\/wp\/v2\/comments?post=66004"}],"version-history":[{"count":1,"href":"https:\/\/progettotouring.it\/radiotouring104\/wp-json\/wp\/v2\/posts\/66004\/revisions"}],"predecessor-version":[{"id":66005,"href":"https:\/\/progettotouring.it\/radiotouring104\/wp-json\/wp\/v2\/posts\/66004\/revisions\/66005"}],"wp:featuredmedia":[{"embeddable":true,"href":"https:\/\/progettotouring.it\/radiotouring104\/wp-json\/wp\/v2\/media\/52407"}],"wp:attachment":[{"href":"https:\/\/progettotouring.it\/radiotouring104\/wp-json\/wp\/v2\/media?parent=66004"}],"wp:term":[{"taxonomy":"category","embeddable":true,"href":"https:\/\/progettotouring.it\/radiotouring104\/wp-json\/wp\/v2\/categories?post=66004"},{"taxonomy":"post_tag","embeddable":true,"href":"https:\/\/progettotouring.it\/radiotouring104\/wp-json\/wp\/v2\/tags?post=66004"}],"curies":[{"name":"wp","href":"https:\/\/api.w.org\/{rel}","templated":true}]}}