{"id":66018,"date":"2025-01-31T11:40:07","date_gmt":"2025-01-31T10:40:07","guid":{"rendered":"https:\/\/progettotouring.it\/radiotouring104\/?p=66018"},"modified":"2025-01-31T11:40:07","modified_gmt":"2025-01-31T10:40:07","slug":"bando-italia-1giga-calabria-tra-le-regioni-con-piu-civici-collegati-con-la-banda-ultralarga","status":"publish","type":"post","link":"https:\/\/progettotouring.it\/radiotouring104\/2025\/01\/31\/bando-italia-1giga-calabria-tra-le-regioni-con-piu-civici-collegati-con-la-banda-ultralarga\/","title":{"rendered":"Bando Italia 1Giga: Calabria tra le Regioni con pi\u00f9 civici collegati con la banda ultralarga"},"content":{"rendered":"<p class=\"xmprfx_MsoNormal\" style=\"text-align: justify\">Il Bando Italia 1Giga rappresenta uno dei pi\u00f9 importanti progetti di sviluppo infrastrutturale per l\u2019Italia con l\u2019obiettivo di portare la connettivit\u00e0 a banda ultralarga su tutto il territorio nazionale. Ci\u00f2 significa abilitare, potenziando la rete, una serie di servizi digitali per persone, imprese e amministrazioni locali come lo streaming in HD, lo smart working, la telemedicina, ma anche la gestione dei flussi di traffico, dell\u2019illuminazione pubblica, del monitoraggio ambientale. Attraverso l\u2019impegno condiviso tra istituzioni e imprese, saranno raggiunti risultati significativi in termini di copertura, sostenibilit\u00e0 e impatto economico.\u00a0<b>FiberCop<\/b>\u00a0\u00e8 aggiudicataria di 7 dei 15 lotti a Bando nelle aree grigie (quelle aree in cui la connettivit\u00e0 con fibra ottica \u00e8 limitata o parziale) ed assegnataria di 1,6 miliardi di euro di fondi PNRR. I 7 lotti riguardano Abruzzo, Basilicata, Calabria, Liguria, Marche, Molise, Piemonte, Sardegna, Umbria, Provincia Autonoma di Trento e Provincia Autonoma di Bolzano (complessivamente quindi 11 Regioni).<\/p>\n<p class=\"xmprfx_MsoNormal\" style=\"text-align: justify\">Al 31 dicembre\u00a0<b>FiberCop<\/b>\u00a0ha collegato 694.384 civici su un totale di 1.334.545 civici da connettere entro giugno 2026, vale a dire oltre il 52% del totale.<\/p>\n<p class=\"xmprfx_MsoNormal\" style=\"text-align: justify\">Tra tutte le regioni, la\u00a0<b>Calabria<\/b>\u00a0si distingue tra gli altri come simbolo del successo del Bando Italia 1G. Con i due lotti principali (5 ed 11), con un obiettivo di civici da coprire tra i pi\u00f9 alti tra le regioni italiane (341.665), sta esprimendo una delle migliori performances a livello nazionale con quasi il 62% dei civici collegati (+4% in un mese rispetto a novembre 2024) , rispettando pienamente la tabella di marcia prevista dalle milestone del piano.<\/p>\n<p class=\"xmprfx_MsoNormal\" style=\"text-align: justify\">L\u2019intero progetto si distingue per il rispetto delle regole ambientali, con attenzione alla riduzione delle emissioni. Infatti, gli interventi di posa della rete, realizzati prevalentemente sfruttando le infrastrutture esistenti ed utilizzando le tecnologie innovative, quali la mini trincea e le perforazioni sotterranee guidate (no-dig), oltre a minimizzare l\u2019estensione dei cantieri e i tempi di realizzazione, riducono drasticamente (-70%) gli impatti ambientali in termini di movimentazione di macchinari e di traffico veicolare, i consumi energetici (-50%) e l\u2019utilizzo di risorse non rinnovabili quali i materiali per il riempimento degli scavi.<\/p>\n<p class=\"xmprfx_MsoNormal\" style=\"text-align: justify\">Inoltre, viene effettuato un accurato controllo su tutti i materiali impiegati e sul loro ciclo di vita, assicurando l\u2019uso di prodotti con marchio ambientale ed energetico, non tossici, nocivi o inquinanti e preferibilmente realizzati con processi di riciclo, oltre che assicurando il loro recupero e corretto smaltimento. Questi accorgimenti garantiscono un impatto minimo sui territori coinvolti.<\/p>\n<p class=\"xmprfx_MsoNormal\">\n","protected":false},"excerpt":{"rendered":"<p>Il Bando Italia 1Giga rappresenta uno dei pi\u00f9 importanti progetti di sviluppo infrastrutturale per l\u2019Italia con l\u2019obiettivo di portare la connettivit\u00e0 a banda ultralarga su tutto il territorio nazionale. Ci\u00f2&hellip;<\/p>\n","protected":false},"author":12,"featured_media":62620,"comment_status":"closed","ping_status":"open","sticky":false,"template":"","format":"standard","meta":{"_jetpack_memberships_contains_paid_content":false,"footnotes":"","jetpack_publicize_message":"","jetpack_publicize_feature_enabled":true,"jetpack_social_post_already_shared":true,"jetpack_social_options":{"image_generator_settings":{"template":"highway","default_image_id":0,"font":"","enabled":false},"version":2}},"categories":[142,921,196],"tags":[39977,39975,39976,39978],"class_list":["post-66018","post","type-post","status-publish","format-standard","has-post-thumbnail","hentry","category-calabria","category-home","category-news","tag-banda-ultralarga","tag-bando-italia-1giga","tag-calabria-tra-le-regioni-con-piu-civici-collegati","tag-fibercop"],"yoast_head":"<!-- This site is optimized with the Yoast SEO plugin v27.2 - https:\/\/yoast.com\/product\/yoast-seo-wordpress\/ -->\n<title>Bando Italia 1Giga: Calabria tra le Regioni con pi\u00f9 civici collegati con la banda ultralarga - Radio Touring 104<\/title>\n<meta name=\"description\" content=\"Il Bando Italia 1Giga rappresenta uno dei pi\u00f9 importanti progetti di sviluppo infrastrutturale per l\u2019Italia\" \/>\n<meta name=\"robots\" content=\"index, follow, max-snippet:-1, max-image-preview:large, max-video-preview:-1\" \/>\n<link rel=\"canonical\" href=\"https:\/\/progettotouring.it\/radiotouring104\/2025\/01\/31\/bando-italia-1giga-calabria-tra-le-regioni-con-piu-civici-collegati-con-la-banda-ultralarga\/\" \/>\n<meta property=\"og:locale\" content=\"it_IT\" \/>\n<meta property=\"og:type\" content=\"article\" \/>\n<meta property=\"og:title\" content=\"Bando Italia 1Giga: Calabria tra le Regioni con pi\u00f9 civici collegati con la banda ultralarga - Radio Touring 104\" \/>\n<meta property=\"og:description\" content=\"Il Bando Italia 1Giga rappresenta uno dei pi\u00f9 importanti progetti di sviluppo infrastrutturale per l\u2019Italia\" \/>\n<meta property=\"og:url\" content=\"https:\/\/progettotouring.it\/radiotouring104\/2025\/01\/31\/bando-italia-1giga-calabria-tra-le-regioni-con-piu-civici-collegati-con-la-banda-ultralarga\/\" \/>\n<meta property=\"og:site_name\" content=\"Radio Touring 104\" \/>\n<meta property=\"article:published_time\" content=\"2025-01-31T10:40:07+00:00\" \/>\n<meta property=\"og:image\" content=\"https:\/\/progettotouring.it\/radiotouring104\/wp-content\/uploads\/sites\/6\/2024\/12\/Tecnici_impianti-FIBRA-OTTICA-FiberCop-scaled.jpg\" \/>\n\t<meta property=\"og:image:width\" content=\"2560\" \/>\n\t<meta property=\"og:image:height\" content=\"967\" \/>\n\t<meta property=\"og:image:type\" content=\"image\/jpeg\" \/>\n<meta name=\"author\" content=\"Sebastiano Plutino\" \/>\n<meta name=\"twitter:card\" content=\"summary_large_image\" \/>\n<meta name=\"twitter:label1\" content=\"Scritto da\" \/>\n\t<meta name=\"twitter:data1\" content=\"Sebastiano Plutino\" \/>\n\t<meta name=\"twitter:label2\" content=\"Tempo di lettura stimato\" \/>\n\t<meta name=\"twitter:data2\" content=\"2 minuti\" \/>\n<script type=\"application\/ld+json\" class=\"yoast-schema-graph\">{\"@context\":\"https:\/\/schema.org\",\"@graph\":[{\"@type\":\"Article\",\"@id\":\"https:\/\/progettotouring.it\/radiotouring104\/2025\/01\/31\/bando-italia-1giga-calabria-tra-le-regioni-con-piu-civici-collegati-con-la-banda-ultralarga\/#article\",\"isPartOf\":{\"@id\":\"https:\/\/progettotouring.it\/radiotouring104\/2025\/01\/31\/bando-italia-1giga-calabria-tra-le-regioni-con-piu-civici-collegati-con-la-banda-ultralarga\/\"},\"author\":{\"name\":\"Sebastiano Plutino\",\"@id\":\"https:\/\/progettotouring.it\/radiotouring104\/#\/schema\/person\/78613917f1851f041f7483f5af1d422e\"},\"headline\":\"Bando Italia 1Giga: Calabria tra le Regioni con pi\u00f9 civici collegati con la banda ultralarga\",\"datePublished\":\"2025-01-31T10:40:07+00:00\",\"mainEntityOfPage\":{\"@id\":\"https:\/\/progettotouring.it\/radiotouring104\/2025\/01\/31\/bando-italia-1giga-calabria-tra-le-regioni-con-piu-civici-collegati-con-la-banda-ultralarga\/\"},\"wordCount\":405,\"publisher\":{\"@id\":\"https:\/\/progettotouring.it\/radiotouring104\/#organization\"},\"image\":{\"@id\":\"https:\/\/progettotouring.it\/radiotouring104\/2025\/01\/31\/bando-italia-1giga-calabria-tra-le-regioni-con-piu-civici-collegati-con-la-banda-ultralarga\/#primaryimage\"},\"thumbnailUrl\":\"https:\/\/progettotouring.it\/radiotouring104\/wp-content\/uploads\/sites\/6\/2024\/12\/Tecnici_impianti-FIBRA-OTTICA-FiberCop-scaled.jpg\",\"keywords\":[\"banda ultralarga\",\"Bando Italia 1Giga\",\"Calabria tra le Regioni con pi\u00f9 civici collegati\",\"FiberCop\"],\"articleSection\":[\"Calabria\",\"Home\",\"News\"],\"inLanguage\":\"it-IT\"},{\"@type\":\"WebPage\",\"@id\":\"https:\/\/progettotouring.it\/radiotouring104\/2025\/01\/31\/bando-italia-1giga-calabria-tra-le-regioni-con-piu-civici-collegati-con-la-banda-ultralarga\/\",\"url\":\"https:\/\/progettotouring.it\/radiotouring104\/2025\/01\/31\/bando-italia-1giga-calabria-tra-le-regioni-con-piu-civici-collegati-con-la-banda-ultralarga\/\",\"name\":\"Bando Italia 1Giga: Calabria tra le Regioni con pi\u00f9 civici collegati con la banda ultralarga - Radio Touring 104\",\"isPartOf\":{\"@id\":\"https:\/\/progettotouring.it\/radiotouring104\/#website\"},\"primaryImageOfPage\":{\"@id\":\"https:\/\/progettotouring.it\/radiotouring104\/2025\/01\/31\/bando-italia-1giga-calabria-tra-le-regioni-con-piu-civici-collegati-con-la-banda-ultralarga\/#primaryimage\"},\"image\":{\"@id\":\"https:\/\/progettotouring.it\/radiotouring104\/2025\/01\/31\/bando-italia-1giga-calabria-tra-le-regioni-con-piu-civici-collegati-con-la-banda-ultralarga\/#primaryimage\"},\"thumbnailUrl\":\"https:\/\/progettotouring.it\/radiotouring104\/wp-content\/uploads\/sites\/6\/2024\/12\/Tecnici_impianti-FIBRA-OTTICA-FiberCop-scaled.jpg\",\"datePublished\":\"2025-01-31T10:40:07+00:00\",\"description\":\"Il Bando Italia 1Giga rappresenta uno dei pi\u00f9 importanti progetti di sviluppo infrastrutturale per l\u2019Italia\",\"breadcrumb\":{\"@id\":\"https:\/\/progettotouring.it\/radiotouring104\/2025\/01\/31\/bando-italia-1giga-calabria-tra-le-regioni-con-piu-civici-collegati-con-la-banda-ultralarga\/#breadcrumb\"},\"inLanguage\":\"it-IT\",\"potentialAction\":[{\"@type\":\"ReadAction\",\"target\":[\"https:\/\/progettotouring.it\/radiotouring104\/2025\/01\/31\/bando-italia-1giga-calabria-tra-le-regioni-con-piu-civici-collegati-con-la-banda-ultralarga\/\"]}]},{\"@type\":\"ImageObject\",\"inLanguage\":\"it-IT\",\"@id\":\"https:\/\/progettotouring.it\/radiotouring104\/2025\/01\/31\/bando-italia-1giga-calabria-tra-le-regioni-con-piu-civici-collegati-con-la-banda-ultralarga\/#primaryimage\",\"url\":\"https:\/\/progettotouring.it\/radiotouring104\/wp-content\/uploads\/sites\/6\/2024\/12\/Tecnici_impianti-FIBRA-OTTICA-FiberCop-scaled.jpg\",\"contentUrl\":\"https:\/\/progettotouring.it\/radiotouring104\/wp-content\/uploads\/sites\/6\/2024\/12\/Tecnici_impianti-FIBRA-OTTICA-FiberCop-scaled.jpg\",\"width\":2560,\"height\":967},{\"@type\":\"BreadcrumbList\",\"@id\":\"https:\/\/progettotouring.it\/radiotouring104\/2025\/01\/31\/bando-italia-1giga-calabria-tra-le-regioni-con-piu-civici-collegati-con-la-banda-ultralarga\/#breadcrumb\",\"itemListElement\":[{\"@type\":\"ListItem\",\"position\":1,\"name\":\"Home\",\"item\":\"https:\/\/progettotouring.it\/radiotouring104\/\"},{\"@type\":\"ListItem\",\"position\":2,\"name\":\"Bando Italia 1Giga: Calabria tra le Regioni con pi\u00f9 civici collegati con la banda ultralarga\"}]},{\"@type\":\"WebSite\",\"@id\":\"https:\/\/progettotouring.it\/radiotouring104\/#website\",\"url\":\"https:\/\/progettotouring.it\/radiotouring104\/\",\"name\":\"Radio Touring 104\",\"description\":\"La prima radio Reggina\",\"publisher\":{\"@id\":\"https:\/\/progettotouring.it\/radiotouring104\/#organization\"},\"potentialAction\":[{\"@type\":\"SearchAction\",\"target\":{\"@type\":\"EntryPoint\",\"urlTemplate\":\"https:\/\/progettotouring.it\/radiotouring104\/?s={search_term_string}\"},\"query-input\":{\"@type\":\"PropertyValueSpecification\",\"valueRequired\":true,\"valueName\":\"search_term_string\"}}],\"inLanguage\":\"it-IT\"},{\"@type\":\"Organization\",\"@id\":\"https:\/\/progettotouring.it\/radiotouring104\/#organization\",\"name\":\"Radio Touring 104\",\"url\":\"https:\/\/progettotouring.it\/radiotouring104\/\",\"logo\":{\"@type\":\"ImageObject\",\"inLanguage\":\"it-IT\",\"@id\":\"https:\/\/progettotouring.it\/radiotouring104\/#\/schema\/logo\/image\/\",\"url\":\"https:\/\/progettotouring.it\/radiotouring104\/wp-content\/uploads\/sites\/6\/2022\/02\/cropped-logo-radio-touring-104.png\",\"contentUrl\":\"https:\/\/progettotouring.it\/radiotouring104\/wp-content\/uploads\/sites\/6\/2022\/02\/cropped-logo-radio-touring-104.png\",\"width\":377,\"height\":182,\"caption\":\"Radio Touring 104\"},\"image\":{\"@id\":\"https:\/\/progettotouring.it\/radiotouring104\/#\/schema\/logo\/image\/\"}},{\"@type\":\"Person\",\"@id\":\"https:\/\/progettotouring.it\/radiotouring104\/#\/schema\/person\/78613917f1851f041f7483f5af1d422e\",\"name\":\"Sebastiano Plutino\",\"image\":{\"@type\":\"ImageObject\",\"inLanguage\":\"it-IT\",\"@id\":\"https:\/\/secure.gravatar.com\/avatar\/0546ffaa9b79224faf9f2a156b67a529ae861d3287c66c1d8ccfdf909bcba78d?s=96&d=mm&r=g\",\"url\":\"https:\/\/secure.gravatar.com\/avatar\/0546ffaa9b79224faf9f2a156b67a529ae861d3287c66c1d8ccfdf909bcba78d?s=96&d=mm&r=g\",\"contentUrl\":\"https:\/\/secure.gravatar.com\/avatar\/0546ffaa9b79224faf9f2a156b67a529ae861d3287c66c1d8ccfdf909bcba78d?s=96&d=mm&r=g\",\"caption\":\"Sebastiano Plutino\"},\"url\":\"https:\/\/progettotouring.it\/radiotouring104\/author\/sebastiano\/\"}]}<\/script>\n<!-- \/ Yoast SEO plugin. -->","yoast_head_json":{"title":"Bando Italia 1Giga: Calabria tra le Regioni con pi\u00f9 civici collegati con la banda ultralarga - Radio Touring 104","description":"Il Bando Italia 1Giga rappresenta uno dei pi\u00f9 importanti progetti di sviluppo infrastrutturale per l\u2019Italia","robots":{"index":"index","follow":"follow","max-snippet":"max-snippet:-1","max-image-preview":"max-image-preview:large","max-video-preview":"max-video-preview:-1"},"canonical":"https:\/\/progettotouring.it\/radiotouring104\/2025\/01\/31\/bando-italia-1giga-calabria-tra-le-regioni-con-piu-civici-collegati-con-la-banda-ultralarga\/","og_locale":"it_IT","og_type":"article","og_title":"Bando Italia 1Giga: Calabria tra le Regioni con pi\u00f9 civici collegati con la banda ultralarga - Radio Touring 104","og_description":"Il Bando Italia 1Giga rappresenta uno dei pi\u00f9 importanti progetti di sviluppo infrastrutturale per l\u2019Italia","og_url":"https:\/\/progettotouring.it\/radiotouring104\/2025\/01\/31\/bando-italia-1giga-calabria-tra-le-regioni-con-piu-civici-collegati-con-la-banda-ultralarga\/","og_site_name":"Radio Touring 104","article_published_time":"2025-01-31T10:40:07+00:00","og_image":[{"width":2560,"height":967,"url":"https:\/\/progettotouring.it\/radiotouring104\/wp-content\/uploads\/sites\/6\/2024\/12\/Tecnici_impianti-FIBRA-OTTICA-FiberCop-scaled.jpg","type":"image\/jpeg"}],"author":"Sebastiano Plutino","twitter_card":"summary_large_image","twitter_misc":{"Scritto da":"Sebastiano Plutino","Tempo di lettura stimato":"2 minuti"},"schema":{"@context":"https:\/\/schema.org","@graph":[{"@type":"Article","@id":"https:\/\/progettotouring.it\/radiotouring104\/2025\/01\/31\/bando-italia-1giga-calabria-tra-le-regioni-con-piu-civici-collegati-con-la-banda-ultralarga\/#article","isPartOf":{"@id":"https:\/\/progettotouring.it\/radiotouring104\/2025\/01\/31\/bando-italia-1giga-calabria-tra-le-regioni-con-piu-civici-collegati-con-la-banda-ultralarga\/"},"author":{"name":"Sebastiano Plutino","@id":"https:\/\/progettotouring.it\/radiotouring104\/#\/schema\/person\/78613917f1851f041f7483f5af1d422e"},"headline":"Bando Italia 1Giga: Calabria tra le Regioni con pi\u00f9 civici collegati con la banda ultralarga","datePublished":"2025-01-31T10:40:07+00:00","mainEntityOfPage":{"@id":"https:\/\/progettotouring.it\/radiotouring104\/2025\/01\/31\/bando-italia-1giga-calabria-tra-le-regioni-con-piu-civici-collegati-con-la-banda-ultralarga\/"},"wordCount":405,"publisher":{"@id":"https:\/\/progettotouring.it\/radiotouring104\/#organization"},"image":{"@id":"https:\/\/progettotouring.it\/radiotouring104\/2025\/01\/31\/bando-italia-1giga-calabria-tra-le-regioni-con-piu-civici-collegati-con-la-banda-ultralarga\/#primaryimage"},"thumbnailUrl":"https:\/\/progettotouring.it\/radiotouring104\/wp-content\/uploads\/sites\/6\/2024\/12\/Tecnici_impianti-FIBRA-OTTICA-FiberCop-scaled.jpg","keywords":["banda ultralarga","Bando Italia 1Giga","Calabria tra le Regioni con pi\u00f9 civici collegati","FiberCop"],"articleSection":["Calabria","Home","News"],"inLanguage":"it-IT"},{"@type":"WebPage","@id":"https:\/\/progettotouring.it\/radiotouring104\/2025\/01\/31\/bando-italia-1giga-calabria-tra-le-regioni-con-piu-civici-collegati-con-la-banda-ultralarga\/","url":"https:\/\/progettotouring.it\/radiotouring104\/2025\/01\/31\/bando-italia-1giga-calabria-tra-le-regioni-con-piu-civici-collegati-con-la-banda-ultralarga\/","name":"Bando Italia 1Giga: Calabria tra le Regioni con pi\u00f9 civici collegati con la banda ultralarga - Radio Touring 104","isPartOf":{"@id":"https:\/\/progettotouring.it\/radiotouring104\/#website"},"primaryImageOfPage":{"@id":"https:\/\/progettotouring.it\/radiotouring104\/2025\/01\/31\/bando-italia-1giga-calabria-tra-le-regioni-con-piu-civici-collegati-con-la-banda-ultralarga\/#primaryimage"},"image":{"@id":"https:\/\/progettotouring.it\/radiotouring104\/2025\/01\/31\/bando-italia-1giga-calabria-tra-le-regioni-con-piu-civici-collegati-con-la-banda-ultralarga\/#primaryimage"},"thumbnailUrl":"https:\/\/progettotouring.it\/radiotouring104\/wp-content\/uploads\/sites\/6\/2024\/12\/Tecnici_impianti-FIBRA-OTTICA-FiberCop-scaled.jpg","datePublished":"2025-01-31T10:40:07+00:00","description":"Il Bando Italia 1Giga rappresenta uno dei pi\u00f9 importanti progetti di sviluppo infrastrutturale per l\u2019Italia","breadcrumb":{"@id":"https:\/\/progettotouring.it\/radiotouring104\/2025\/01\/31\/bando-italia-1giga-calabria-tra-le-regioni-con-piu-civici-collegati-con-la-banda-ultralarga\/#breadcrumb"},"inLanguage":"it-IT","potentialAction":[{"@type":"ReadAction","target":["https:\/\/progettotouring.it\/radiotouring104\/2025\/01\/31\/bando-italia-1giga-calabria-tra-le-regioni-con-piu-civici-collegati-con-la-banda-ultralarga\/"]}]},{"@type":"ImageObject","inLanguage":"it-IT","@id":"https:\/\/progettotouring.it\/radiotouring104\/2025\/01\/31\/bando-italia-1giga-calabria-tra-le-regioni-con-piu-civici-collegati-con-la-banda-ultralarga\/#primaryimage","url":"https:\/\/progettotouring.it\/radiotouring104\/wp-content\/uploads\/sites\/6\/2024\/12\/Tecnici_impianti-FIBRA-OTTICA-FiberCop-scaled.jpg","contentUrl":"https:\/\/progettotouring.it\/radiotouring104\/wp-content\/uploads\/sites\/6\/2024\/12\/Tecnici_impianti-FIBRA-OTTICA-FiberCop-scaled.jpg","width":2560,"height":967},{"@type":"BreadcrumbList","@id":"https:\/\/progettotouring.it\/radiotouring104\/2025\/01\/31\/bando-italia-1giga-calabria-tra-le-regioni-con-piu-civici-collegati-con-la-banda-ultralarga\/#breadcrumb","itemListElement":[{"@type":"ListItem","position":1,"name":"Home","item":"https:\/\/progettotouring.it\/radiotouring104\/"},{"@type":"ListItem","position":2,"name":"Bando Italia 1Giga: Calabria tra le Regioni con pi\u00f9 civici collegati con la banda ultralarga"}]},{"@type":"WebSite","@id":"https:\/\/progettotouring.it\/radiotouring104\/#website","url":"https:\/\/progettotouring.it\/radiotouring104\/","name":"Radio Touring 104","description":"La prima radio Reggina","publisher":{"@id":"https:\/\/progettotouring.it\/radiotouring104\/#organization"},"potentialAction":[{"@type":"SearchAction","target":{"@type":"EntryPoint","urlTemplate":"https:\/\/progettotouring.it\/radiotouring104\/?s={search_term_string}"},"query-input":{"@type":"PropertyValueSpecification","valueRequired":true,"valueName":"search_term_string"}}],"inLanguage":"it-IT"},{"@type":"Organization","@id":"https:\/\/progettotouring.it\/radiotouring104\/#organization","name":"Radio Touring 104","url":"https:\/\/progettotouring.it\/radiotouring104\/","logo":{"@type":"ImageObject","inLanguage":"it-IT","@id":"https:\/\/progettotouring.it\/radiotouring104\/#\/schema\/logo\/image\/","url":"https:\/\/progettotouring.it\/radiotouring104\/wp-content\/uploads\/sites\/6\/2022\/02\/cropped-logo-radio-touring-104.png","contentUrl":"https:\/\/progettotouring.it\/radiotouring104\/wp-content\/uploads\/sites\/6\/2022\/02\/cropped-logo-radio-touring-104.png","width":377,"height":182,"caption":"Radio Touring 104"},"image":{"@id":"https:\/\/progettotouring.it\/radiotouring104\/#\/schema\/logo\/image\/"}},{"@type":"Person","@id":"https:\/\/progettotouring.it\/radiotouring104\/#\/schema\/person\/78613917f1851f041f7483f5af1d422e","name":"Sebastiano Plutino","image":{"@type":"ImageObject","inLanguage":"it-IT","@id":"https:\/\/secure.gravatar.com\/avatar\/0546ffaa9b79224faf9f2a156b67a529ae861d3287c66c1d8ccfdf909bcba78d?s=96&d=mm&r=g","url":"https:\/\/secure.gravatar.com\/avatar\/0546ffaa9b79224faf9f2a156b67a529ae861d3287c66c1d8ccfdf909bcba78d?s=96&d=mm&r=g","contentUrl":"https:\/\/secure.gravatar.com\/avatar\/0546ffaa9b79224faf9f2a156b67a529ae861d3287c66c1d8ccfdf909bcba78d?s=96&d=mm&r=g","caption":"Sebastiano Plutino"},"url":"https:\/\/progettotouring.it\/radiotouring104\/author\/sebastiano\/"}]}},"jetpack_publicize_connections":[],"jetpack_featured_media_url":"https:\/\/progettotouring.it\/radiotouring104\/wp-content\/uploads\/sites\/6\/2024\/12\/Tecnici_impianti-FIBRA-OTTICA-FiberCop-scaled.jpg","jetpack_sharing_enabled":true,"_links":{"self":[{"href":"https:\/\/progettotouring.it\/radiotouring104\/wp-json\/wp\/v2\/posts\/66018","targetHints":{"allow":["GET"]}}],"collection":[{"href":"https:\/\/progettotouring.it\/radiotouring104\/wp-json\/wp\/v2\/posts"}],"about":[{"href":"https:\/\/progettotouring.it\/radiotouring104\/wp-json\/wp\/v2\/types\/post"}],"author":[{"embeddable":true,"href":"https:\/\/progettotouring.it\/radiotouring104\/wp-json\/wp\/v2\/users\/12"}],"replies":[{"embeddable":true,"href":"https:\/\/progettotouring.it\/radiotouring104\/wp-json\/wp\/v2\/comments?post=66018"}],"version-history":[{"count":1,"href":"https:\/\/progettotouring.it\/radiotouring104\/wp-json\/wp\/v2\/posts\/66018\/revisions"}],"predecessor-version":[{"id":66019,"href":"https:\/\/progettotouring.it\/radiotouring104\/wp-json\/wp\/v2\/posts\/66018\/revisions\/66019"}],"wp:featuredmedia":[{"embeddable":true,"href":"https:\/\/progettotouring.it\/radiotouring104\/wp-json\/wp\/v2\/media\/62620"}],"wp:attachment":[{"href":"https:\/\/progettotouring.it\/radiotouring104\/wp-json\/wp\/v2\/media?parent=66018"}],"wp:term":[{"taxonomy":"category","embeddable":true,"href":"https:\/\/progettotouring.it\/radiotouring104\/wp-json\/wp\/v2\/categories?post=66018"},{"taxonomy":"post_tag","embeddable":true,"href":"https:\/\/progettotouring.it\/radiotouring104\/wp-json\/wp\/v2\/tags?post=66018"}],"curies":[{"name":"wp","href":"https:\/\/api.w.org\/{rel}","templated":true}]}}