{"id":66030,"date":"2025-01-31T12:35:09","date_gmt":"2025-01-31T11:35:09","guid":{"rendered":"https:\/\/progettotouring.it\/radiotouring104\/?p=66030"},"modified":"2025-01-31T12:35:09","modified_gmt":"2025-01-31T11:35:09","slug":"redel-viola-idiaru-vogliamo-dare-il-massimo-per-questa-maglia","status":"publish","type":"post","link":"https:\/\/progettotouring.it\/radiotouring104\/2025\/01\/31\/redel-viola-idiaru-vogliamo-dare-il-massimo-per-questa-maglia\/","title":{"rendered":"Redel Viola, Idiaru: &#8220;Vogliamo dare il massimo per questa maglia&#8221;"},"content":{"rendered":"<p style=\"text-align: justify\">Dopo l\u2019intenso derby contro la Basket Academy Catanzaro,<strong> Efe Idiaru,<\/strong> guardia della Redel Viola Reggio Calabria,<strong> ha condiviso le sue impressioni sulla partita,<\/strong> sul ruolo della difesa e sulla squadra in vista della seconda fase del campionato.<\/p>\n<p style=\"text-align: justify\"><strong>Idiaru ha iniziato parlando della sua schiacciata decisiva nel finale di partita<\/strong>, un\u2019azione che ha regalato alla Redel Viola un momento di gloria: <em>\u201c\u00c8 andata bene, anche se all\u2019ultimo ho rischiato qualcosa. \u00c8 stato un derby altalenante, soprattutto in difesa. Non eravamo al top, come ha detto anche il coach. Abbiamo avuto problemi con malattie e virus, questo non ci ha permesso di allenarci costantemente tutti insieme.\u201d<\/em><\/p>\n<p style=\"text-align: justify\"><strong>La guardia ha poi sottolineato l\u2019importanza di compattarsi nonostante le difficolt\u00e0,<\/strong> citando l\u2019assenza del capitano Manu\u00a0 Fernandez: <em>\u201cManu \u00e8 un\u2019assenza pesantissima. \u00c8 un capitano che difficilmente trovi in una squadra: \u00e8 dentro al 100%, mentalmente, spiritualmente e fisicamente. <\/em><em>Mi dispiace per la situazione che gli \u00e8 capitata, ma dobbiamo andare avanti.&#8221;<\/em><\/p>\n<p style=\"text-align: justify\"><strong>Idiaru ha ribadito l\u2019importanza della difesa come chiave per vincere il campionato: <\/strong><em>\u201cI campionati si vincono in difesa. Io ho sempre visto campionati vinti da chi aveva la migliore difesa. Credo nella teoria del coach: tutto parte da l\u00ec. Le altre squadre hanno paura della nostra difesa, questo \u00e8 un segnale positivo.\u201d<\/em><\/p>\n<p style=\"text-align: justify\"><strong>Parlando del compagno Josu\u00e8 Bangu, Idiaru ha espresso grande ammirazione:<\/strong><em> \u201cBangu \u00e8 uno di quelli che mi piace proprio perch\u00e9 d\u00e0 l\u2019anima. Mi insegna a non mollare mai, e mi carica. Dobbiamo trasportare questa mentalit\u00e0 a tutta la squadra. Se arriviamo ai play off con questo spirito, tutti avranno difficolt\u00e0 contro di noi.&#8221;<\/em><\/p>\n<p style=\"text-align: justify\"><strong>Guardando al futuro, Idiaru ha sottolineato l\u2019importanza di dare il massimo nella seconda fase del campionato<\/strong>:<em> \u201cLe altre squadre sono pi\u00f9 forti, come Monopoli e Avellino. Dobbiamo dare quel 110% in pi\u00f9. Secondo me Siamo matematicamente dentro ai play off, ma non ci piace perdere. Dobbiamo vincere per avere il fattore campo a nostro favore\u201d.<\/em><\/p>\n<p style=\"text-align: justify\"><strong>La guardia ha poi anticipato la prossima sfida contro Matera:<\/strong> <em>\u201cPartiremo da l\u00ec. L\u2019unica cosa che voglio dare alla mia squadra \u00e8 l\u2019esempio: tutto parte dalla difesa. Se manteniamo questa mentalit\u00e0, possiamo fare grandi cose\u201d.<\/em><\/p>\n<p style=\"text-align: justify\"><strong>Concludendo, Idiaru ha lanciato un messaggio di fiducia:<\/strong> <em>\u201cSe arriviamo ai playoff con questa mentalit\u00e0, nessuno ci potr\u00e0 fermare. Siamo pronti a dare tutto.\u201d<\/em><\/p>\n","protected":false},"excerpt":{"rendered":"<p>Dopo l\u2019intenso derby contro la Basket Academy Catanzaro, Efe Idiaru, guardia della Redel Viola Reggio Calabria, ha condiviso le sue impressioni sulla partita, sul ruolo della difesa e sulla squadra&hellip;<\/p>\n","protected":false},"author":12,"featured_media":66031,"comment_status":"closed","ping_status":"open","sticky":false,"template":"","format":"standard","meta":{"_jetpack_memberships_contains_paid_content":false,"footnotes":"","jetpack_publicize_message":"","jetpack_publicize_feature_enabled":true,"jetpack_social_post_already_shared":true,"jetpack_social_options":{"image_generator_settings":{"template":"highway","default_image_id":0,"font":"","enabled":false},"version":2}},"categories":[196,140,144],"tags":[35567,38368,35755,33722,35458],"class_list":["post-66030","post","type-post","status-publish","format-standard","has-post-thumbnail","hentry","category-news","category-reggio-calabria","category-sport","tag-basket-academy-catanzaro","tag-efe-idiaru","tag-impressioni","tag-manu-fernandez-pena","tag-redel-viola-reggio-calabria"],"yoast_head":"<!-- This site is optimized with the Yoast SEO plugin v27.2 - https:\/\/yoast.com\/product\/yoast-seo-wordpress\/ -->\n<title>Redel Viola, Idiaru: &quot;Vogliamo dare il massimo per questa maglia&quot;<\/title>\n<meta name=\"description\" content=\"La guardia della Redel ha condiviso le sue impressioni, dopo l\u2019intenso derby contro la Basket Academy Catanzaro. Ecco cosa ha dichiarato\" \/>\n<meta name=\"robots\" content=\"index, follow, max-snippet:-1, max-image-preview:large, max-video-preview:-1\" \/>\n<link rel=\"canonical\" href=\"https:\/\/progettotouring.it\/radiotouring104\/2025\/01\/31\/redel-viola-idiaru-vogliamo-dare-il-massimo-per-questa-maglia\/\" \/>\n<meta property=\"og:locale\" content=\"it_IT\" \/>\n<meta property=\"og:type\" content=\"article\" \/>\n<meta property=\"og:title\" content=\"Redel Viola, Idiaru: &quot;Vogliamo dare il massimo per questa maglia&quot;\" \/>\n<meta property=\"og:description\" content=\"La guardia della Redel ha condiviso le sue impressioni, dopo l\u2019intenso derby contro la Basket Academy Catanzaro. Ecco cosa ha dichiarato\" \/>\n<meta property=\"og:url\" content=\"https:\/\/progettotouring.it\/radiotouring104\/2025\/01\/31\/redel-viola-idiaru-vogliamo-dare-il-massimo-per-questa-maglia\/\" \/>\n<meta property=\"og:site_name\" content=\"Radio Touring 104\" \/>\n<meta property=\"article:published_time\" content=\"2025-01-31T11:35:09+00:00\" \/>\n<meta property=\"og:image\" content=\"https:\/\/progettotouring.it\/radiotouring104\/wp-content\/uploads\/sites\/6\/2025\/01\/Idiaru-Redel.jpg\" \/>\n\t<meta property=\"og:image:width\" content=\"2048\" \/>\n\t<meta property=\"og:image:height\" content=\"1363\" \/>\n\t<meta property=\"og:image:type\" content=\"image\/jpeg\" \/>\n<meta name=\"author\" content=\"Sebastiano Plutino\" \/>\n<meta name=\"twitter:card\" content=\"summary_large_image\" \/>\n<meta name=\"twitter:label1\" content=\"Scritto da\" \/>\n\t<meta name=\"twitter:data1\" content=\"Sebastiano Plutino\" \/>\n\t<meta name=\"twitter:label2\" content=\"Tempo di lettura stimato\" \/>\n\t<meta name=\"twitter:data2\" content=\"2 minuti\" \/>\n<script type=\"application\/ld+json\" class=\"yoast-schema-graph\">{\"@context\":\"https:\/\/schema.org\",\"@graph\":[{\"@type\":\"Article\",\"@id\":\"https:\/\/progettotouring.it\/radiotouring104\/2025\/01\/31\/redel-viola-idiaru-vogliamo-dare-il-massimo-per-questa-maglia\/#article\",\"isPartOf\":{\"@id\":\"https:\/\/progettotouring.it\/radiotouring104\/2025\/01\/31\/redel-viola-idiaru-vogliamo-dare-il-massimo-per-questa-maglia\/\"},\"author\":{\"name\":\"Sebastiano Plutino\",\"@id\":\"https:\/\/progettotouring.it\/radiotouring104\/#\/schema\/person\/78613917f1851f041f7483f5af1d422e\"},\"headline\":\"Redel Viola, Idiaru: &#8220;Vogliamo dare il massimo per questa maglia&#8221;\",\"datePublished\":\"2025-01-31T11:35:09+00:00\",\"mainEntityOfPage\":{\"@id\":\"https:\/\/progettotouring.it\/radiotouring104\/2025\/01\/31\/redel-viola-idiaru-vogliamo-dare-il-massimo-per-questa-maglia\/\"},\"wordCount\":384,\"publisher\":{\"@id\":\"https:\/\/progettotouring.it\/radiotouring104\/#organization\"},\"image\":{\"@id\":\"https:\/\/progettotouring.it\/radiotouring104\/2025\/01\/31\/redel-viola-idiaru-vogliamo-dare-il-massimo-per-questa-maglia\/#primaryimage\"},\"thumbnailUrl\":\"https:\/\/progettotouring.it\/radiotouring104\/wp-content\/uploads\/sites\/6\/2025\/01\/Idiaru-Redel.jpg\",\"keywords\":[\"basket academy Catanzaro.\",\"Efe Idiaru\",\"impressioni\",\"Manu Fernandez Pena.\",\"Redel Viola Reggio Calabria\"],\"articleSection\":[\"News\",\"Reggio Calabria\",\"Sport\"],\"inLanguage\":\"it-IT\"},{\"@type\":\"WebPage\",\"@id\":\"https:\/\/progettotouring.it\/radiotouring104\/2025\/01\/31\/redel-viola-idiaru-vogliamo-dare-il-massimo-per-questa-maglia\/\",\"url\":\"https:\/\/progettotouring.it\/radiotouring104\/2025\/01\/31\/redel-viola-idiaru-vogliamo-dare-il-massimo-per-questa-maglia\/\",\"name\":\"Redel Viola, Idiaru: \\\"Vogliamo dare il massimo per questa maglia\\\"\",\"isPartOf\":{\"@id\":\"https:\/\/progettotouring.it\/radiotouring104\/#website\"},\"primaryImageOfPage\":{\"@id\":\"https:\/\/progettotouring.it\/radiotouring104\/2025\/01\/31\/redel-viola-idiaru-vogliamo-dare-il-massimo-per-questa-maglia\/#primaryimage\"},\"image\":{\"@id\":\"https:\/\/progettotouring.it\/radiotouring104\/2025\/01\/31\/redel-viola-idiaru-vogliamo-dare-il-massimo-per-questa-maglia\/#primaryimage\"},\"thumbnailUrl\":\"https:\/\/progettotouring.it\/radiotouring104\/wp-content\/uploads\/sites\/6\/2025\/01\/Idiaru-Redel.jpg\",\"datePublished\":\"2025-01-31T11:35:09+00:00\",\"description\":\"La guardia della Redel ha condiviso le sue impressioni, dopo l\u2019intenso derby contro la Basket Academy Catanzaro. Ecco cosa ha dichiarato\",\"breadcrumb\":{\"@id\":\"https:\/\/progettotouring.it\/radiotouring104\/2025\/01\/31\/redel-viola-idiaru-vogliamo-dare-il-massimo-per-questa-maglia\/#breadcrumb\"},\"inLanguage\":\"it-IT\",\"potentialAction\":[{\"@type\":\"ReadAction\",\"target\":[\"https:\/\/progettotouring.it\/radiotouring104\/2025\/01\/31\/redel-viola-idiaru-vogliamo-dare-il-massimo-per-questa-maglia\/\"]}]},{\"@type\":\"ImageObject\",\"inLanguage\":\"it-IT\",\"@id\":\"https:\/\/progettotouring.it\/radiotouring104\/2025\/01\/31\/redel-viola-idiaru-vogliamo-dare-il-massimo-per-questa-maglia\/#primaryimage\",\"url\":\"https:\/\/progettotouring.it\/radiotouring104\/wp-content\/uploads\/sites\/6\/2025\/01\/Idiaru-Redel.jpg\",\"contentUrl\":\"https:\/\/progettotouring.it\/radiotouring104\/wp-content\/uploads\/sites\/6\/2025\/01\/Idiaru-Redel.jpg\",\"width\":2048,\"height\":1363},{\"@type\":\"BreadcrumbList\",\"@id\":\"https:\/\/progettotouring.it\/radiotouring104\/2025\/01\/31\/redel-viola-idiaru-vogliamo-dare-il-massimo-per-questa-maglia\/#breadcrumb\",\"itemListElement\":[{\"@type\":\"ListItem\",\"position\":1,\"name\":\"Home\",\"item\":\"https:\/\/progettotouring.it\/radiotouring104\/\"},{\"@type\":\"ListItem\",\"position\":2,\"name\":\"Redel Viola, Idiaru: &#8220;Vogliamo dare il massimo per questa maglia&#8221;\"}]},{\"@type\":\"WebSite\",\"@id\":\"https:\/\/progettotouring.it\/radiotouring104\/#website\",\"url\":\"https:\/\/progettotouring.it\/radiotouring104\/\",\"name\":\"Radio Touring 104\",\"description\":\"La prima radio Reggina\",\"publisher\":{\"@id\":\"https:\/\/progettotouring.it\/radiotouring104\/#organization\"},\"potentialAction\":[{\"@type\":\"SearchAction\",\"target\":{\"@type\":\"EntryPoint\",\"urlTemplate\":\"https:\/\/progettotouring.it\/radiotouring104\/?s={search_term_string}\"},\"query-input\":{\"@type\":\"PropertyValueSpecification\",\"valueRequired\":true,\"valueName\":\"search_term_string\"}}],\"inLanguage\":\"it-IT\"},{\"@type\":\"Organization\",\"@id\":\"https:\/\/progettotouring.it\/radiotouring104\/#organization\",\"name\":\"Radio Touring 104\",\"url\":\"https:\/\/progettotouring.it\/radiotouring104\/\",\"logo\":{\"@type\":\"ImageObject\",\"inLanguage\":\"it-IT\",\"@id\":\"https:\/\/progettotouring.it\/radiotouring104\/#\/schema\/logo\/image\/\",\"url\":\"https:\/\/progettotouring.it\/radiotouring104\/wp-content\/uploads\/sites\/6\/2022\/02\/cropped-logo-radio-touring-104.png\",\"contentUrl\":\"https:\/\/progettotouring.it\/radiotouring104\/wp-content\/uploads\/sites\/6\/2022\/02\/cropped-logo-radio-touring-104.png\",\"width\":377,\"height\":182,\"caption\":\"Radio Touring 104\"},\"image\":{\"@id\":\"https:\/\/progettotouring.it\/radiotouring104\/#\/schema\/logo\/image\/\"}},{\"@type\":\"Person\",\"@id\":\"https:\/\/progettotouring.it\/radiotouring104\/#\/schema\/person\/78613917f1851f041f7483f5af1d422e\",\"name\":\"Sebastiano Plutino\",\"image\":{\"@type\":\"ImageObject\",\"inLanguage\":\"it-IT\",\"@id\":\"https:\/\/secure.gravatar.com\/avatar\/0546ffaa9b79224faf9f2a156b67a529ae861d3287c66c1d8ccfdf909bcba78d?s=96&d=mm&r=g\",\"url\":\"https:\/\/secure.gravatar.com\/avatar\/0546ffaa9b79224faf9f2a156b67a529ae861d3287c66c1d8ccfdf909bcba78d?s=96&d=mm&r=g\",\"contentUrl\":\"https:\/\/secure.gravatar.com\/avatar\/0546ffaa9b79224faf9f2a156b67a529ae861d3287c66c1d8ccfdf909bcba78d?s=96&d=mm&r=g\",\"caption\":\"Sebastiano Plutino\"},\"url\":\"https:\/\/progettotouring.it\/radiotouring104\/author\/sebastiano\/\"}]}<\/script>\n<!-- \/ Yoast SEO plugin. -->","yoast_head_json":{"title":"Redel Viola, Idiaru: \"Vogliamo dare il massimo per questa maglia\"","description":"La guardia della Redel ha condiviso le sue impressioni, dopo l\u2019intenso derby contro la Basket Academy Catanzaro. Ecco cosa ha dichiarato","robots":{"index":"index","follow":"follow","max-snippet":"max-snippet:-1","max-image-preview":"max-image-preview:large","max-video-preview":"max-video-preview:-1"},"canonical":"https:\/\/progettotouring.it\/radiotouring104\/2025\/01\/31\/redel-viola-idiaru-vogliamo-dare-il-massimo-per-questa-maglia\/","og_locale":"it_IT","og_type":"article","og_title":"Redel Viola, Idiaru: \"Vogliamo dare il massimo per questa maglia\"","og_description":"La guardia della Redel ha condiviso le sue impressioni, dopo l\u2019intenso derby contro la Basket Academy Catanzaro. Ecco cosa ha dichiarato","og_url":"https:\/\/progettotouring.it\/radiotouring104\/2025\/01\/31\/redel-viola-idiaru-vogliamo-dare-il-massimo-per-questa-maglia\/","og_site_name":"Radio Touring 104","article_published_time":"2025-01-31T11:35:09+00:00","og_image":[{"width":2048,"height":1363,"url":"https:\/\/progettotouring.it\/radiotouring104\/wp-content\/uploads\/sites\/6\/2025\/01\/Idiaru-Redel.jpg","type":"image\/jpeg"}],"author":"Sebastiano Plutino","twitter_card":"summary_large_image","twitter_misc":{"Scritto da":"Sebastiano Plutino","Tempo di lettura stimato":"2 minuti"},"schema":{"@context":"https:\/\/schema.org","@graph":[{"@type":"Article","@id":"https:\/\/progettotouring.it\/radiotouring104\/2025\/01\/31\/redel-viola-idiaru-vogliamo-dare-il-massimo-per-questa-maglia\/#article","isPartOf":{"@id":"https:\/\/progettotouring.it\/radiotouring104\/2025\/01\/31\/redel-viola-idiaru-vogliamo-dare-il-massimo-per-questa-maglia\/"},"author":{"name":"Sebastiano Plutino","@id":"https:\/\/progettotouring.it\/radiotouring104\/#\/schema\/person\/78613917f1851f041f7483f5af1d422e"},"headline":"Redel Viola, Idiaru: &#8220;Vogliamo dare il massimo per questa maglia&#8221;","datePublished":"2025-01-31T11:35:09+00:00","mainEntityOfPage":{"@id":"https:\/\/progettotouring.it\/radiotouring104\/2025\/01\/31\/redel-viola-idiaru-vogliamo-dare-il-massimo-per-questa-maglia\/"},"wordCount":384,"publisher":{"@id":"https:\/\/progettotouring.it\/radiotouring104\/#organization"},"image":{"@id":"https:\/\/progettotouring.it\/radiotouring104\/2025\/01\/31\/redel-viola-idiaru-vogliamo-dare-il-massimo-per-questa-maglia\/#primaryimage"},"thumbnailUrl":"https:\/\/progettotouring.it\/radiotouring104\/wp-content\/uploads\/sites\/6\/2025\/01\/Idiaru-Redel.jpg","keywords":["basket academy Catanzaro.","Efe Idiaru","impressioni","Manu Fernandez Pena.","Redel Viola Reggio Calabria"],"articleSection":["News","Reggio Calabria","Sport"],"inLanguage":"it-IT"},{"@type":"WebPage","@id":"https:\/\/progettotouring.it\/radiotouring104\/2025\/01\/31\/redel-viola-idiaru-vogliamo-dare-il-massimo-per-questa-maglia\/","url":"https:\/\/progettotouring.it\/radiotouring104\/2025\/01\/31\/redel-viola-idiaru-vogliamo-dare-il-massimo-per-questa-maglia\/","name":"Redel Viola, Idiaru: \"Vogliamo dare il massimo per questa maglia\"","isPartOf":{"@id":"https:\/\/progettotouring.it\/radiotouring104\/#website"},"primaryImageOfPage":{"@id":"https:\/\/progettotouring.it\/radiotouring104\/2025\/01\/31\/redel-viola-idiaru-vogliamo-dare-il-massimo-per-questa-maglia\/#primaryimage"},"image":{"@id":"https:\/\/progettotouring.it\/radiotouring104\/2025\/01\/31\/redel-viola-idiaru-vogliamo-dare-il-massimo-per-questa-maglia\/#primaryimage"},"thumbnailUrl":"https:\/\/progettotouring.it\/radiotouring104\/wp-content\/uploads\/sites\/6\/2025\/01\/Idiaru-Redel.jpg","datePublished":"2025-01-31T11:35:09+00:00","description":"La guardia della Redel ha condiviso le sue impressioni, dopo l\u2019intenso derby contro la Basket Academy Catanzaro. Ecco cosa ha dichiarato","breadcrumb":{"@id":"https:\/\/progettotouring.it\/radiotouring104\/2025\/01\/31\/redel-viola-idiaru-vogliamo-dare-il-massimo-per-questa-maglia\/#breadcrumb"},"inLanguage":"it-IT","potentialAction":[{"@type":"ReadAction","target":["https:\/\/progettotouring.it\/radiotouring104\/2025\/01\/31\/redel-viola-idiaru-vogliamo-dare-il-massimo-per-questa-maglia\/"]}]},{"@type":"ImageObject","inLanguage":"it-IT","@id":"https:\/\/progettotouring.it\/radiotouring104\/2025\/01\/31\/redel-viola-idiaru-vogliamo-dare-il-massimo-per-questa-maglia\/#primaryimage","url":"https:\/\/progettotouring.it\/radiotouring104\/wp-content\/uploads\/sites\/6\/2025\/01\/Idiaru-Redel.jpg","contentUrl":"https:\/\/progettotouring.it\/radiotouring104\/wp-content\/uploads\/sites\/6\/2025\/01\/Idiaru-Redel.jpg","width":2048,"height":1363},{"@type":"BreadcrumbList","@id":"https:\/\/progettotouring.it\/radiotouring104\/2025\/01\/31\/redel-viola-idiaru-vogliamo-dare-il-massimo-per-questa-maglia\/#breadcrumb","itemListElement":[{"@type":"ListItem","position":1,"name":"Home","item":"https:\/\/progettotouring.it\/radiotouring104\/"},{"@type":"ListItem","position":2,"name":"Redel Viola, Idiaru: &#8220;Vogliamo dare il massimo per questa maglia&#8221;"}]},{"@type":"WebSite","@id":"https:\/\/progettotouring.it\/radiotouring104\/#website","url":"https:\/\/progettotouring.it\/radiotouring104\/","name":"Radio Touring 104","description":"La prima radio Reggina","publisher":{"@id":"https:\/\/progettotouring.it\/radiotouring104\/#organization"},"potentialAction":[{"@type":"SearchAction","target":{"@type":"EntryPoint","urlTemplate":"https:\/\/progettotouring.it\/radiotouring104\/?s={search_term_string}"},"query-input":{"@type":"PropertyValueSpecification","valueRequired":true,"valueName":"search_term_string"}}],"inLanguage":"it-IT"},{"@type":"Organization","@id":"https:\/\/progettotouring.it\/radiotouring104\/#organization","name":"Radio Touring 104","url":"https:\/\/progettotouring.it\/radiotouring104\/","logo":{"@type":"ImageObject","inLanguage":"it-IT","@id":"https:\/\/progettotouring.it\/radiotouring104\/#\/schema\/logo\/image\/","url":"https:\/\/progettotouring.it\/radiotouring104\/wp-content\/uploads\/sites\/6\/2022\/02\/cropped-logo-radio-touring-104.png","contentUrl":"https:\/\/progettotouring.it\/radiotouring104\/wp-content\/uploads\/sites\/6\/2022\/02\/cropped-logo-radio-touring-104.png","width":377,"height":182,"caption":"Radio Touring 104"},"image":{"@id":"https:\/\/progettotouring.it\/radiotouring104\/#\/schema\/logo\/image\/"}},{"@type":"Person","@id":"https:\/\/progettotouring.it\/radiotouring104\/#\/schema\/person\/78613917f1851f041f7483f5af1d422e","name":"Sebastiano Plutino","image":{"@type":"ImageObject","inLanguage":"it-IT","@id":"https:\/\/secure.gravatar.com\/avatar\/0546ffaa9b79224faf9f2a156b67a529ae861d3287c66c1d8ccfdf909bcba78d?s=96&d=mm&r=g","url":"https:\/\/secure.gravatar.com\/avatar\/0546ffaa9b79224faf9f2a156b67a529ae861d3287c66c1d8ccfdf909bcba78d?s=96&d=mm&r=g","contentUrl":"https:\/\/secure.gravatar.com\/avatar\/0546ffaa9b79224faf9f2a156b67a529ae861d3287c66c1d8ccfdf909bcba78d?s=96&d=mm&r=g","caption":"Sebastiano Plutino"},"url":"https:\/\/progettotouring.it\/radiotouring104\/author\/sebastiano\/"}]}},"jetpack_publicize_connections":[],"jetpack_featured_media_url":"https:\/\/progettotouring.it\/radiotouring104\/wp-content\/uploads\/sites\/6\/2025\/01\/Idiaru-Redel.jpg","jetpack_sharing_enabled":true,"_links":{"self":[{"href":"https:\/\/progettotouring.it\/radiotouring104\/wp-json\/wp\/v2\/posts\/66030","targetHints":{"allow":["GET"]}}],"collection":[{"href":"https:\/\/progettotouring.it\/radiotouring104\/wp-json\/wp\/v2\/posts"}],"about":[{"href":"https:\/\/progettotouring.it\/radiotouring104\/wp-json\/wp\/v2\/types\/post"}],"author":[{"embeddable":true,"href":"https:\/\/progettotouring.it\/radiotouring104\/wp-json\/wp\/v2\/users\/12"}],"replies":[{"embeddable":true,"href":"https:\/\/progettotouring.it\/radiotouring104\/wp-json\/wp\/v2\/comments?post=66030"}],"version-history":[{"count":1,"href":"https:\/\/progettotouring.it\/radiotouring104\/wp-json\/wp\/v2\/posts\/66030\/revisions"}],"predecessor-version":[{"id":66032,"href":"https:\/\/progettotouring.it\/radiotouring104\/wp-json\/wp\/v2\/posts\/66030\/revisions\/66032"}],"wp:featuredmedia":[{"embeddable":true,"href":"https:\/\/progettotouring.it\/radiotouring104\/wp-json\/wp\/v2\/media\/66031"}],"wp:attachment":[{"href":"https:\/\/progettotouring.it\/radiotouring104\/wp-json\/wp\/v2\/media?parent=66030"}],"wp:term":[{"taxonomy":"category","embeddable":true,"href":"https:\/\/progettotouring.it\/radiotouring104\/wp-json\/wp\/v2\/categories?post=66030"},{"taxonomy":"post_tag","embeddable":true,"href":"https:\/\/progettotouring.it\/radiotouring104\/wp-json\/wp\/v2\/tags?post=66030"}],"curies":[{"name":"wp","href":"https:\/\/api.w.org\/{rel}","templated":true}]}}