{"id":66037,"date":"2025-01-31T17:25:47","date_gmt":"2025-01-31T16:25:47","guid":{"rendered":"https:\/\/progettotouring.it\/radiotouring104\/?p=66037"},"modified":"2025-01-31T17:25:47","modified_gmt":"2025-01-31T16:25:47","slug":"prefettura-di-reggio-calabria-riunione-dellosservatorio-provinciale-sulla-sicurezza-stradale","status":"publish","type":"post","link":"https:\/\/progettotouring.it\/radiotouring104\/2025\/01\/31\/prefettura-di-reggio-calabria-riunione-dellosservatorio-provinciale-sulla-sicurezza-stradale\/","title":{"rendered":"Prefettura di Reggio Calabria: riunione dell\u2019Osservatorio Provinciale sulla Sicurezza Stradale"},"content":{"rendered":"<p>Nel pomeriggio di ieri si \u00e8 riunito,\u00a0 \u00a0presso il Palazzo del Governo, l\u2019<em>Osservatorio Provinciale sulla Sicurezza Stradale<\/em>, composto dai Rappresentanti della Questura, del Comando Provinciale dei Carabinieri, del Comando Provinciale della Guardia di Finanza, della Polizia Stradale, della Polizia Metropolitana di Reggio Calabria e della Polizia Locale dei Comuni della Provincia, della Citt\u00e0 Metropolitana di Reggio Calabria \u2013 Area Trasporti e Mobilit\u00e0, della Motorizzazione, di ANAS Autostrade e di ANAS Viabilit\u00e0.<\/p>\n<p>L\u2019Organismo, costituito presso questa Prefettura nell\u2019ambito della <em>Conferenza Provinciale Permanente<\/em>, effettua tra l\u2019altro il monitoraggio periodico degli incidenti stradali dipendenti dall\u2019eccesso di velocit\u00e0, al fine di perseguire gli obiettivi di sicurezza fissati dall\u2019Unione Europea e dal <em>Piano Nazionale della sicurezza stradale<\/em>, nonch\u00e9 quelli di prevenzione e contrasto dei comportamenti di guida pi\u00f9 pericolosi.<\/p>\n<p>Durante l\u2019incontro \u00e8 stata richiamata l\u2019attenzione sul nuovo applicativo fornito dal Dipartimento di Pubblica Sicurezza, funzionale ad una rappresentazione statistica dei dati relativi agli incidenti stradali in ogni singola provincia, e all\u2019implementazione di possibili strategie di contrasto del fenomeno.<\/p>\n<p>L\u2019analisi dei dati, riferita ad un arco temporale che comprende il secondo semestre degli anni 2023-2024, ha rivelato una diminuzione complessiva dei sinistri, da n. 1.044 del secondo semestre 2023 a n. 955 del secondo semestre 2024, con un netto calo anche del dato della mortalit\u00e0, che passa da n. 19 decessi nel secondo semestre 2023 a n. 5 nel medesimo periodo del 2024.<\/p>\n<p>Quanto alle fasce orarie maggiormente interessate dal verificarsi di sinistri stradali, \u00e8 emersa una particolare concentrazione degli incidenti (oltre il 40% del totale) nelle ore notturne del fine settimana.<\/p>\n<p>Esaminando le dinamiche relative agli incidenti si \u00e8 riscontrata una prevalenza degli stessi in prossimit\u00e0 delle intersezioni, a causa del mancato rispetto dei diritti di precedenza, mentre il numero elevato di incidenti verificatisi su tratto rettilineo \u00e8 apparsa conseguenza della frequente violazione dei limiti di velocit\u00e0, rendendosi pertanto opportuna l\u2019implementazione dell\u2019utilizzo di autovelox. Tale necessit\u00e0 \u00e8 stata avvalorata dalla circostanza che, con specifico riferimento al centro urbano di Reggio Calabria, si \u00e8 avuto un incremento dell\u2019incidentalit\u00e0 per il 2024 (circa il 15%), in controtendenza con il dato provinciale complessivo, proprio in concomitanza con la sospensione dei servizi di rilevazione automatica delle infrazioni sulle arterie maggiormente a rischio.<\/p>\n<p>L\u2019analisi complessiva dei dati relativi ai sinistri stradali registrati lungo le arterie autostradali in ambito provinciale ha confermato la riduzione dell\u2019incidentalit\u00e0, con un decremento da n. 177 episodi registrati nel 2023 a n. 170 rilevati nel 2024. A tal riguardo, \u00e8 risultata significativa nel 2024 l\u2019assenza di incidenti mortali, a fronte di n. 4 decessi registrati nel 2023. Tale dato \u00e8 stato ritenuto verosimilmente ricollegabile agli interventi migliorativi operati sui dispositivi di sicurezza e sul manto stradale.<\/p>\n<p>Si \u00e8 rilevata, inoltre, l\u2019opportunit\u00e0 di prevedere incontri semestrali dell\u2019Osservatorio, anche alla luce della complessa viabilit\u00e0 del territorio provinciale.<\/p>\n<p>\u00c8 stato fatto, altres\u00ec, un resoconto delle attivit\u00e0 istruttorie in corso da parte degli Enti locali e degli Enti proprietari delle strade, per la messa a norma dei sistemi di rilevazione automatizzata della velocit\u00e0 a distanza secondo i parametri richiesti dal Decreto del Ministero delle Infrastrutture e dei Trasporti 11 aprile 2024, dato che il 14 giugno p.v. scade il termine concesso dal Regolamento in questione ed anche in vista dell\u2019autorizzazione prefettizia alla installazione dei nuovi dispositivi eventualmente richiesti dai Comuni.<\/p>\n<p>Infine, sono state analizzati alcuni effetti e problematiche poste dalla Legge n. 177 del 25 novembre 2024 (revisione del Codice della strada) in questa fase di prima applicazione ed a seguito di Circolare ministeriale che chiede di fornire report ed analisi al riguardo.<\/p>\n<p>&nbsp;<\/p>\n<p>&nbsp;<\/p>\n<p>&nbsp;<\/p>\n","protected":false},"excerpt":{"rendered":"<p>Nel pomeriggio di ieri si \u00e8 riunito,\u00a0 \u00a0presso il Palazzo del Governo, l\u2019Osservatorio Provinciale sulla Sicurezza Stradale, composto dai Rappresentanti della Questura, del Comando Provinciale dei Carabinieri, del Comando Provinciale&hellip;<\/p>\n","protected":false},"author":19,"featured_media":39072,"comment_status":"closed","ping_status":"open","sticky":false,"template":"","format":"standard","meta":{"_jetpack_memberships_contains_paid_content":false,"footnotes":"","jetpack_publicize_message":"","jetpack_publicize_feature_enabled":true,"jetpack_social_post_already_shared":true,"jetpack_social_options":{"image_generator_settings":{"template":"highway","default_image_id":0,"font":"","enabled":false},"version":2}},"categories":[921,196,140],"tags":[],"class_list":["post-66037","post","type-post","status-publish","format-standard","has-post-thumbnail","hentry","category-home","category-news","category-reggio-calabria"],"yoast_head":"<!-- This site is optimized with the Yoast SEO plugin v27.2 - https:\/\/yoast.com\/product\/yoast-seo-wordpress\/ -->\n<title>Prefettura di Reggio Calabria: riunione dell\u2019Osservatorio Provinciale sulla Sicurezza Stradale - Radio Touring 104<\/title>\n<meta name=\"description\" content=\"Analizzati i dati dei secondi semestri 2023 - 2024\" \/>\n<meta name=\"robots\" content=\"index, follow, max-snippet:-1, max-image-preview:large, max-video-preview:-1\" \/>\n<link rel=\"canonical\" href=\"https:\/\/progettotouring.it\/radiotouring104\/2025\/01\/31\/prefettura-di-reggio-calabria-riunione-dellosservatorio-provinciale-sulla-sicurezza-stradale\/\" \/>\n<meta property=\"og:locale\" content=\"it_IT\" \/>\n<meta property=\"og:type\" content=\"article\" \/>\n<meta property=\"og:title\" content=\"Prefettura di Reggio Calabria: riunione dell\u2019Osservatorio Provinciale sulla Sicurezza Stradale - Radio Touring 104\" \/>\n<meta property=\"og:description\" content=\"Analizzati i dati dei secondi semestri 2023 - 2024\" \/>\n<meta property=\"og:url\" content=\"https:\/\/progettotouring.it\/radiotouring104\/2025\/01\/31\/prefettura-di-reggio-calabria-riunione-dellosservatorio-provinciale-sulla-sicurezza-stradale\/\" \/>\n<meta property=\"og:site_name\" content=\"Radio Touring 104\" \/>\n<meta property=\"article:published_time\" content=\"2025-01-31T16:25:47+00:00\" \/>\n<meta property=\"og:image\" content=\"https:\/\/progettotouring.it\/radiotouring104\/wp-content\/uploads\/sites\/6\/2023\/11\/Reggio_Calabria-Prefettura.jpg\" \/>\n\t<meta property=\"og:image:width\" content=\"800\" \/>\n\t<meta property=\"og:image:height\" content=\"600\" \/>\n\t<meta property=\"og:image:type\" content=\"image\/jpeg\" \/>\n<meta name=\"author\" content=\"S L\" \/>\n<meta name=\"twitter:card\" content=\"summary_large_image\" \/>\n<meta name=\"twitter:label1\" content=\"Scritto da\" \/>\n\t<meta name=\"twitter:data1\" content=\"S L\" \/>\n\t<meta name=\"twitter:label2\" content=\"Tempo di lettura stimato\" \/>\n\t<meta name=\"twitter:data2\" content=\"3 minuti\" \/>\n<script type=\"application\/ld+json\" class=\"yoast-schema-graph\">{\"@context\":\"https:\/\/schema.org\",\"@graph\":[{\"@type\":\"Article\",\"@id\":\"https:\/\/progettotouring.it\/radiotouring104\/2025\/01\/31\/prefettura-di-reggio-calabria-riunione-dellosservatorio-provinciale-sulla-sicurezza-stradale\/#article\",\"isPartOf\":{\"@id\":\"https:\/\/progettotouring.it\/radiotouring104\/2025\/01\/31\/prefettura-di-reggio-calabria-riunione-dellosservatorio-provinciale-sulla-sicurezza-stradale\/\"},\"author\":{\"name\":\"S L\",\"@id\":\"https:\/\/progettotouring.it\/radiotouring104\/#\/schema\/person\/b9f9c3730b0a78814c9b9f3bfc52c619\"},\"headline\":\"Prefettura di Reggio Calabria: riunione dell\u2019Osservatorio Provinciale sulla Sicurezza Stradale\",\"datePublished\":\"2025-01-31T16:25:47+00:00\",\"mainEntityOfPage\":{\"@id\":\"https:\/\/progettotouring.it\/radiotouring104\/2025\/01\/31\/prefettura-di-reggio-calabria-riunione-dellosservatorio-provinciale-sulla-sicurezza-stradale\/\"},\"wordCount\":581,\"publisher\":{\"@id\":\"https:\/\/progettotouring.it\/radiotouring104\/#organization\"},\"image\":{\"@id\":\"https:\/\/progettotouring.it\/radiotouring104\/2025\/01\/31\/prefettura-di-reggio-calabria-riunione-dellosservatorio-provinciale-sulla-sicurezza-stradale\/#primaryimage\"},\"thumbnailUrl\":\"https:\/\/progettotouring.it\/radiotouring104\/wp-content\/uploads\/sites\/6\/2023\/11\/Reggio_Calabria-Prefettura.jpg\",\"articleSection\":[\"Home\",\"News\",\"Reggio Calabria\"],\"inLanguage\":\"it-IT\"},{\"@type\":\"WebPage\",\"@id\":\"https:\/\/progettotouring.it\/radiotouring104\/2025\/01\/31\/prefettura-di-reggio-calabria-riunione-dellosservatorio-provinciale-sulla-sicurezza-stradale\/\",\"url\":\"https:\/\/progettotouring.it\/radiotouring104\/2025\/01\/31\/prefettura-di-reggio-calabria-riunione-dellosservatorio-provinciale-sulla-sicurezza-stradale\/\",\"name\":\"Prefettura di Reggio Calabria: riunione dell\u2019Osservatorio Provinciale sulla Sicurezza Stradale - Radio Touring 104\",\"isPartOf\":{\"@id\":\"https:\/\/progettotouring.it\/radiotouring104\/#website\"},\"primaryImageOfPage\":{\"@id\":\"https:\/\/progettotouring.it\/radiotouring104\/2025\/01\/31\/prefettura-di-reggio-calabria-riunione-dellosservatorio-provinciale-sulla-sicurezza-stradale\/#primaryimage\"},\"image\":{\"@id\":\"https:\/\/progettotouring.it\/radiotouring104\/2025\/01\/31\/prefettura-di-reggio-calabria-riunione-dellosservatorio-provinciale-sulla-sicurezza-stradale\/#primaryimage\"},\"thumbnailUrl\":\"https:\/\/progettotouring.it\/radiotouring104\/wp-content\/uploads\/sites\/6\/2023\/11\/Reggio_Calabria-Prefettura.jpg\",\"datePublished\":\"2025-01-31T16:25:47+00:00\",\"description\":\"Analizzati i dati dei secondi semestri 2023 - 2024\",\"breadcrumb\":{\"@id\":\"https:\/\/progettotouring.it\/radiotouring104\/2025\/01\/31\/prefettura-di-reggio-calabria-riunione-dellosservatorio-provinciale-sulla-sicurezza-stradale\/#breadcrumb\"},\"inLanguage\":\"it-IT\",\"potentialAction\":[{\"@type\":\"ReadAction\",\"target\":[\"https:\/\/progettotouring.it\/radiotouring104\/2025\/01\/31\/prefettura-di-reggio-calabria-riunione-dellosservatorio-provinciale-sulla-sicurezza-stradale\/\"]}]},{\"@type\":\"ImageObject\",\"inLanguage\":\"it-IT\",\"@id\":\"https:\/\/progettotouring.it\/radiotouring104\/2025\/01\/31\/prefettura-di-reggio-calabria-riunione-dellosservatorio-provinciale-sulla-sicurezza-stradale\/#primaryimage\",\"url\":\"https:\/\/progettotouring.it\/radiotouring104\/wp-content\/uploads\/sites\/6\/2023\/11\/Reggio_Calabria-Prefettura.jpg\",\"contentUrl\":\"https:\/\/progettotouring.it\/radiotouring104\/wp-content\/uploads\/sites\/6\/2023\/11\/Reggio_Calabria-Prefettura.jpg\",\"width\":800,\"height\":600},{\"@type\":\"BreadcrumbList\",\"@id\":\"https:\/\/progettotouring.it\/radiotouring104\/2025\/01\/31\/prefettura-di-reggio-calabria-riunione-dellosservatorio-provinciale-sulla-sicurezza-stradale\/#breadcrumb\",\"itemListElement\":[{\"@type\":\"ListItem\",\"position\":1,\"name\":\"Home\",\"item\":\"https:\/\/progettotouring.it\/radiotouring104\/\"},{\"@type\":\"ListItem\",\"position\":2,\"name\":\"Prefettura di Reggio Calabria: riunione dell\u2019Osservatorio Provinciale sulla Sicurezza Stradale\"}]},{\"@type\":\"WebSite\",\"@id\":\"https:\/\/progettotouring.it\/radiotouring104\/#website\",\"url\":\"https:\/\/progettotouring.it\/radiotouring104\/\",\"name\":\"Radio Touring 104\",\"description\":\"La prima radio Reggina\",\"publisher\":{\"@id\":\"https:\/\/progettotouring.it\/radiotouring104\/#organization\"},\"potentialAction\":[{\"@type\":\"SearchAction\",\"target\":{\"@type\":\"EntryPoint\",\"urlTemplate\":\"https:\/\/progettotouring.it\/radiotouring104\/?s={search_term_string}\"},\"query-input\":{\"@type\":\"PropertyValueSpecification\",\"valueRequired\":true,\"valueName\":\"search_term_string\"}}],\"inLanguage\":\"it-IT\"},{\"@type\":\"Organization\",\"@id\":\"https:\/\/progettotouring.it\/radiotouring104\/#organization\",\"name\":\"Radio Touring 104\",\"url\":\"https:\/\/progettotouring.it\/radiotouring104\/\",\"logo\":{\"@type\":\"ImageObject\",\"inLanguage\":\"it-IT\",\"@id\":\"https:\/\/progettotouring.it\/radiotouring104\/#\/schema\/logo\/image\/\",\"url\":\"https:\/\/progettotouring.it\/radiotouring104\/wp-content\/uploads\/sites\/6\/2022\/02\/cropped-logo-radio-touring-104.png\",\"contentUrl\":\"https:\/\/progettotouring.it\/radiotouring104\/wp-content\/uploads\/sites\/6\/2022\/02\/cropped-logo-radio-touring-104.png\",\"width\":377,\"height\":182,\"caption\":\"Radio Touring 104\"},\"image\":{\"@id\":\"https:\/\/progettotouring.it\/radiotouring104\/#\/schema\/logo\/image\/\"}},{\"@type\":\"Person\",\"@id\":\"https:\/\/progettotouring.it\/radiotouring104\/#\/schema\/person\/b9f9c3730b0a78814c9b9f3bfc52c619\",\"name\":\"S L\",\"image\":{\"@type\":\"ImageObject\",\"inLanguage\":\"it-IT\",\"@id\":\"https:\/\/secure.gravatar.com\/avatar\/652c51789d7030aaed9ff828331360502a68204fe6fb0831bc280515210e16d2?s=96&d=mm&r=g\",\"url\":\"https:\/\/secure.gravatar.com\/avatar\/652c51789d7030aaed9ff828331360502a68204fe6fb0831bc280515210e16d2?s=96&d=mm&r=g\",\"contentUrl\":\"https:\/\/secure.gravatar.com\/avatar\/652c51789d7030aaed9ff828331360502a68204fe6fb0831bc280515210e16d2?s=96&d=mm&r=g\",\"caption\":\"S L\"},\"url\":\"https:\/\/progettotouring.it\/radiotouring104\/author\/slibri\/\"}]}<\/script>\n<!-- \/ Yoast SEO plugin. -->","yoast_head_json":{"title":"Prefettura di Reggio Calabria: riunione dell\u2019Osservatorio Provinciale sulla Sicurezza Stradale - Radio Touring 104","description":"Analizzati i dati dei secondi semestri 2023 - 2024","robots":{"index":"index","follow":"follow","max-snippet":"max-snippet:-1","max-image-preview":"max-image-preview:large","max-video-preview":"max-video-preview:-1"},"canonical":"https:\/\/progettotouring.it\/radiotouring104\/2025\/01\/31\/prefettura-di-reggio-calabria-riunione-dellosservatorio-provinciale-sulla-sicurezza-stradale\/","og_locale":"it_IT","og_type":"article","og_title":"Prefettura di Reggio Calabria: riunione dell\u2019Osservatorio Provinciale sulla Sicurezza Stradale - Radio Touring 104","og_description":"Analizzati i dati dei secondi semestri 2023 - 2024","og_url":"https:\/\/progettotouring.it\/radiotouring104\/2025\/01\/31\/prefettura-di-reggio-calabria-riunione-dellosservatorio-provinciale-sulla-sicurezza-stradale\/","og_site_name":"Radio Touring 104","article_published_time":"2025-01-31T16:25:47+00:00","og_image":[{"width":800,"height":600,"url":"https:\/\/progettotouring.it\/radiotouring104\/wp-content\/uploads\/sites\/6\/2023\/11\/Reggio_Calabria-Prefettura.jpg","type":"image\/jpeg"}],"author":"S L","twitter_card":"summary_large_image","twitter_misc":{"Scritto da":"S L","Tempo di lettura stimato":"3 minuti"},"schema":{"@context":"https:\/\/schema.org","@graph":[{"@type":"Article","@id":"https:\/\/progettotouring.it\/radiotouring104\/2025\/01\/31\/prefettura-di-reggio-calabria-riunione-dellosservatorio-provinciale-sulla-sicurezza-stradale\/#article","isPartOf":{"@id":"https:\/\/progettotouring.it\/radiotouring104\/2025\/01\/31\/prefettura-di-reggio-calabria-riunione-dellosservatorio-provinciale-sulla-sicurezza-stradale\/"},"author":{"name":"S L","@id":"https:\/\/progettotouring.it\/radiotouring104\/#\/schema\/person\/b9f9c3730b0a78814c9b9f3bfc52c619"},"headline":"Prefettura di Reggio Calabria: riunione dell\u2019Osservatorio Provinciale sulla Sicurezza Stradale","datePublished":"2025-01-31T16:25:47+00:00","mainEntityOfPage":{"@id":"https:\/\/progettotouring.it\/radiotouring104\/2025\/01\/31\/prefettura-di-reggio-calabria-riunione-dellosservatorio-provinciale-sulla-sicurezza-stradale\/"},"wordCount":581,"publisher":{"@id":"https:\/\/progettotouring.it\/radiotouring104\/#organization"},"image":{"@id":"https:\/\/progettotouring.it\/radiotouring104\/2025\/01\/31\/prefettura-di-reggio-calabria-riunione-dellosservatorio-provinciale-sulla-sicurezza-stradale\/#primaryimage"},"thumbnailUrl":"https:\/\/progettotouring.it\/radiotouring104\/wp-content\/uploads\/sites\/6\/2023\/11\/Reggio_Calabria-Prefettura.jpg","articleSection":["Home","News","Reggio Calabria"],"inLanguage":"it-IT"},{"@type":"WebPage","@id":"https:\/\/progettotouring.it\/radiotouring104\/2025\/01\/31\/prefettura-di-reggio-calabria-riunione-dellosservatorio-provinciale-sulla-sicurezza-stradale\/","url":"https:\/\/progettotouring.it\/radiotouring104\/2025\/01\/31\/prefettura-di-reggio-calabria-riunione-dellosservatorio-provinciale-sulla-sicurezza-stradale\/","name":"Prefettura di Reggio Calabria: riunione dell\u2019Osservatorio Provinciale sulla Sicurezza Stradale - Radio Touring 104","isPartOf":{"@id":"https:\/\/progettotouring.it\/radiotouring104\/#website"},"primaryImageOfPage":{"@id":"https:\/\/progettotouring.it\/radiotouring104\/2025\/01\/31\/prefettura-di-reggio-calabria-riunione-dellosservatorio-provinciale-sulla-sicurezza-stradale\/#primaryimage"},"image":{"@id":"https:\/\/progettotouring.it\/radiotouring104\/2025\/01\/31\/prefettura-di-reggio-calabria-riunione-dellosservatorio-provinciale-sulla-sicurezza-stradale\/#primaryimage"},"thumbnailUrl":"https:\/\/progettotouring.it\/radiotouring104\/wp-content\/uploads\/sites\/6\/2023\/11\/Reggio_Calabria-Prefettura.jpg","datePublished":"2025-01-31T16:25:47+00:00","description":"Analizzati i dati dei secondi semestri 2023 - 2024","breadcrumb":{"@id":"https:\/\/progettotouring.it\/radiotouring104\/2025\/01\/31\/prefettura-di-reggio-calabria-riunione-dellosservatorio-provinciale-sulla-sicurezza-stradale\/#breadcrumb"},"inLanguage":"it-IT","potentialAction":[{"@type":"ReadAction","target":["https:\/\/progettotouring.it\/radiotouring104\/2025\/01\/31\/prefettura-di-reggio-calabria-riunione-dellosservatorio-provinciale-sulla-sicurezza-stradale\/"]}]},{"@type":"ImageObject","inLanguage":"it-IT","@id":"https:\/\/progettotouring.it\/radiotouring104\/2025\/01\/31\/prefettura-di-reggio-calabria-riunione-dellosservatorio-provinciale-sulla-sicurezza-stradale\/#primaryimage","url":"https:\/\/progettotouring.it\/radiotouring104\/wp-content\/uploads\/sites\/6\/2023\/11\/Reggio_Calabria-Prefettura.jpg","contentUrl":"https:\/\/progettotouring.it\/radiotouring104\/wp-content\/uploads\/sites\/6\/2023\/11\/Reggio_Calabria-Prefettura.jpg","width":800,"height":600},{"@type":"BreadcrumbList","@id":"https:\/\/progettotouring.it\/radiotouring104\/2025\/01\/31\/prefettura-di-reggio-calabria-riunione-dellosservatorio-provinciale-sulla-sicurezza-stradale\/#breadcrumb","itemListElement":[{"@type":"ListItem","position":1,"name":"Home","item":"https:\/\/progettotouring.it\/radiotouring104\/"},{"@type":"ListItem","position":2,"name":"Prefettura di Reggio Calabria: riunione dell\u2019Osservatorio Provinciale sulla Sicurezza Stradale"}]},{"@type":"WebSite","@id":"https:\/\/progettotouring.it\/radiotouring104\/#website","url":"https:\/\/progettotouring.it\/radiotouring104\/","name":"Radio Touring 104","description":"La prima radio Reggina","publisher":{"@id":"https:\/\/progettotouring.it\/radiotouring104\/#organization"},"potentialAction":[{"@type":"SearchAction","target":{"@type":"EntryPoint","urlTemplate":"https:\/\/progettotouring.it\/radiotouring104\/?s={search_term_string}"},"query-input":{"@type":"PropertyValueSpecification","valueRequired":true,"valueName":"search_term_string"}}],"inLanguage":"it-IT"},{"@type":"Organization","@id":"https:\/\/progettotouring.it\/radiotouring104\/#organization","name":"Radio Touring 104","url":"https:\/\/progettotouring.it\/radiotouring104\/","logo":{"@type":"ImageObject","inLanguage":"it-IT","@id":"https:\/\/progettotouring.it\/radiotouring104\/#\/schema\/logo\/image\/","url":"https:\/\/progettotouring.it\/radiotouring104\/wp-content\/uploads\/sites\/6\/2022\/02\/cropped-logo-radio-touring-104.png","contentUrl":"https:\/\/progettotouring.it\/radiotouring104\/wp-content\/uploads\/sites\/6\/2022\/02\/cropped-logo-radio-touring-104.png","width":377,"height":182,"caption":"Radio Touring 104"},"image":{"@id":"https:\/\/progettotouring.it\/radiotouring104\/#\/schema\/logo\/image\/"}},{"@type":"Person","@id":"https:\/\/progettotouring.it\/radiotouring104\/#\/schema\/person\/b9f9c3730b0a78814c9b9f3bfc52c619","name":"S L","image":{"@type":"ImageObject","inLanguage":"it-IT","@id":"https:\/\/secure.gravatar.com\/avatar\/652c51789d7030aaed9ff828331360502a68204fe6fb0831bc280515210e16d2?s=96&d=mm&r=g","url":"https:\/\/secure.gravatar.com\/avatar\/652c51789d7030aaed9ff828331360502a68204fe6fb0831bc280515210e16d2?s=96&d=mm&r=g","contentUrl":"https:\/\/secure.gravatar.com\/avatar\/652c51789d7030aaed9ff828331360502a68204fe6fb0831bc280515210e16d2?s=96&d=mm&r=g","caption":"S L"},"url":"https:\/\/progettotouring.it\/radiotouring104\/author\/slibri\/"}]}},"jetpack_publicize_connections":[],"jetpack_featured_media_url":"https:\/\/progettotouring.it\/radiotouring104\/wp-content\/uploads\/sites\/6\/2023\/11\/Reggio_Calabria-Prefettura.jpg","jetpack_sharing_enabled":true,"_links":{"self":[{"href":"https:\/\/progettotouring.it\/radiotouring104\/wp-json\/wp\/v2\/posts\/66037","targetHints":{"allow":["GET"]}}],"collection":[{"href":"https:\/\/progettotouring.it\/radiotouring104\/wp-json\/wp\/v2\/posts"}],"about":[{"href":"https:\/\/progettotouring.it\/radiotouring104\/wp-json\/wp\/v2\/types\/post"}],"author":[{"embeddable":true,"href":"https:\/\/progettotouring.it\/radiotouring104\/wp-json\/wp\/v2\/users\/19"}],"replies":[{"embeddable":true,"href":"https:\/\/progettotouring.it\/radiotouring104\/wp-json\/wp\/v2\/comments?post=66037"}],"version-history":[{"count":1,"href":"https:\/\/progettotouring.it\/radiotouring104\/wp-json\/wp\/v2\/posts\/66037\/revisions"}],"predecessor-version":[{"id":66038,"href":"https:\/\/progettotouring.it\/radiotouring104\/wp-json\/wp\/v2\/posts\/66037\/revisions\/66038"}],"wp:featuredmedia":[{"embeddable":true,"href":"https:\/\/progettotouring.it\/radiotouring104\/wp-json\/wp\/v2\/media\/39072"}],"wp:attachment":[{"href":"https:\/\/progettotouring.it\/radiotouring104\/wp-json\/wp\/v2\/media?parent=66037"}],"wp:term":[{"taxonomy":"category","embeddable":true,"href":"https:\/\/progettotouring.it\/radiotouring104\/wp-json\/wp\/v2\/categories?post=66037"},{"taxonomy":"post_tag","embeddable":true,"href":"https:\/\/progettotouring.it\/radiotouring104\/wp-json\/wp\/v2\/tags?post=66037"}],"curies":[{"name":"wp","href":"https:\/\/api.w.org\/{rel}","templated":true}]}}