{"id":66161,"date":"2025-02-03T10:22:03","date_gmt":"2025-02-03T09:22:03","guid":{"rendered":"https:\/\/progettotouring.it\/radiotouring104\/?p=66161"},"modified":"2025-02-03T10:22:03","modified_gmt":"2025-02-03T09:22:03","slug":"alluniversita-dellhavana-lapertura-della-xxxx-edizione-del-premio-nosside","status":"publish","type":"post","link":"https:\/\/progettotouring.it\/radiotouring104\/2025\/02\/03\/alluniversita-dellhavana-lapertura-della-xxxx-edizione-del-premio-nosside\/","title":{"rendered":"All&#8217;Universit\u00e0 dell&#8217;Havana l&#8217;apertura della XXXX edizione del Premio Nosside"},"content":{"rendered":"<p style=\"text-align: justify\">L&#8217;Ambasciatrice di Cuba in Italia <a href=\"https:\/\/www.facebook.com\/profile.php?id=100076548022079&amp;__cft__%5b0%5d=AZUABBQE1Z0ajsBoWx8Z3iDI0_U7Zg8V11R80_yTqCP9HKChBWwdOxSuf_DCUMLRCmq8gBNU5BMpQTySHPXYRPJhgLehf7UYGJVdxCefJJZQ5f81B2BhesSVljsgzdwEZFSmmhJIYIFXs8_mGxK_fJmLDsdCzNM58CEC7dw3Y3_XQvu2_XtBd6fhnA7G9YONU9cbvkH6q6HE9YvWo-eDoXz0q3wTy4y2RRM2YAgRGp7azShlQScCPpNuPMZ6P2m3crsLe7PJSrI5sF1yuj9RN0Z87PuT0SfRMQxnjVI488CYrO7ac44Rm0Vw3rszh8UzBTg0UNWO4jIfoCZhg-f-uANa_4QlOYIGuf6WP1HEP7S5v29OR7jL3Krf2mKcBFulZ4MFblb2IHg3nrIM_MlVrdCU4ytb3ZcsVSaUMPrZaQldCQL9SfsZtm9kIYQsvep1xbBu9FLhkZmxr9wrkBCDYbtkZlVQJ66X4sOvC3HdsmGYGTGK0xnEKW7shjpYQA9n2zSv7UdQXRPZDRg2Oo4IoRK9qM6hB7axokfTYJJfOQCyXwGczDO9nBnhd86JWUVEMyY&amp;__tn__=-%5dK-R-R\">Mirta Granda Averhoff<\/a>\u00a0mi ha comunicato marted\u00ec 28 gennaio a Roma, al termine dell&#8217;Omaggio al Monumento all&#8217;eroe nazionale di Cuba Jos\u00e9 Mart\u00ed, la risposta positiva della Rettrice dell&#8217;Universit\u00e0 dell&#8217;Avana Miriam Nicado Garc\u00eda alla richiesta di ospitare il Grande Evento di apertura del XXXX\u00a0Premio Mondiale di Poesia Nosside nella splendida Aula Magna della storica Universit\u00e0 fondata nel 1728.<\/p>\n<p style=\"text-align: justify\">Ho ringraziato calorosamente l&#8217;Ambasciatrice per il suo costante affiancamento al Nosside e suo tramite e poi direttamente la Rettrice dell&#8217;Ateneo, uno dei pi\u00f9 antichi e prestigiosi dell&#8217;intero continente americano.<\/p>\n<p style=\"text-align: justify\">Essendo gli Edifici nello stile neo-classico del &#8216;700, la splendida Aula Magna inagurata nel 1911 ha rispettato il contesto storico degli edifici originari per essere in armonia con il secolo della Fondazione.<\/p>\n<p style=\"text-align: justify\">L&#8217; edizione del Quarantennale del Premio Nosside inizia pertanto nella maniera migliore nella capitale cubana, che ha dal 1999 ospitato sempre l&#8217;apertura annuale del Nosside. E lo fa in uno dei luoghi pi\u00f9 prestigiosi della cultura e del sapere della bellissima capitale cubana e dell&#8217;intero continente americano.<\/p>\n<p style=\"text-align: justify\">Non sar\u00e0 l&#8217;unica lieta notizia di questa speciale edizione del Quarantennale del progetto culturale nato e organizzato a Reggio Calabria e aperto a tutte le lingue e culture del mondo. Accenno soltanto a una tappa intermedia e al traguardo finale: il 3 aprile il 40mo Nosside sar\u00e0 presentato per la prima volta a Londra nella sede del Consolato Generale d&#8217;Italia, nel quartiere che ospit\u00f2 Giuseppe Mazzini nel suo lungo esilio. Mentre i nove mesi del Nosside si concluderanno come sempre venerd\u00ec 28 novembre a Reggio Calabria nella stupenda Aula Magna Quaroni dell&#8217;Universit\u00e0 Mediterranea.<\/p>\n<p style=\"text-align: justify\">Del programma dell&#8217;Avana e delle altre tappe del Viaggio del Nosside 2025 avremo modo di parlarne in seguito.<\/p>\n","protected":false},"excerpt":{"rendered":"<p>L&#8217;Ambasciatrice di Cuba in Italia Mirta Granda Averhoff\u00a0mi ha comunicato marted\u00ec 28 gennaio a Roma, al termine dell&#8217;Omaggio al Monumento all&#8217;eroe nazionale di Cuba Jos\u00e9 Mart\u00ed, la risposta positiva della&hellip;<\/p>\n","protected":false},"author":12,"featured_media":66162,"comment_status":"closed","ping_status":"open","sticky":false,"template":"","format":"standard","meta":{"_jetpack_memberships_contains_paid_content":false,"footnotes":"","jetpack_publicize_message":"","jetpack_publicize_feature_enabled":true,"jetpack_social_post_already_shared":true,"jetpack_social_options":{"image_generator_settings":{"template":"highway","default_image_id":0,"font":"","enabled":false},"version":2}},"categories":[921,196,140],"tags":[40003,3101,12208,40002,40001],"class_list":["post-66161","post","type-post","status-publish","format-standard","has-post-thumbnail","hentry","category-home","category-news","category-reggio-calabria","tag-jose-marti","tag-pasquale-amato","tag-premio-di-poesia-nosside","tag-universita-dellhavana","tag-xxxx-edizione"],"yoast_head":"<!-- This site is optimized with the Yoast SEO plugin v27.2 - https:\/\/yoast.com\/product\/yoast-seo-wordpress\/ -->\n<title>All&#039;Universit\u00e0 dell&#039;Havana l&#039;apertura della XXXX edizione del Premio Nosside - Radio Touring 104<\/title>\n<meta name=\"description\" content=\"L&#039;apertura del XXXX edizione del premio di poesia Nosside si terr\u00e0 il 28 febbraio nell&#039;Aula Magna dell&#039;Ateneo romano\" \/>\n<meta name=\"robots\" content=\"index, follow, max-snippet:-1, max-image-preview:large, max-video-preview:-1\" \/>\n<link rel=\"canonical\" href=\"https:\/\/progettotouring.it\/radiotouring104\/2025\/02\/03\/alluniversita-dellhavana-lapertura-della-xxxx-edizione-del-premio-nosside\/\" \/>\n<meta property=\"og:locale\" content=\"it_IT\" \/>\n<meta property=\"og:type\" content=\"article\" \/>\n<meta property=\"og:title\" content=\"All&#039;Universit\u00e0 dell&#039;Havana l&#039;apertura della XXXX edizione del Premio Nosside - Radio Touring 104\" \/>\n<meta property=\"og:description\" content=\"L&#039;apertura del XXXX edizione del premio di poesia Nosside si terr\u00e0 il 28 febbraio nell&#039;Aula Magna dell&#039;Ateneo romano\" \/>\n<meta property=\"og:url\" content=\"https:\/\/progettotouring.it\/radiotouring104\/2025\/02\/03\/alluniversita-dellhavana-lapertura-della-xxxx-edizione-del-premio-nosside\/\" \/>\n<meta property=\"og:site_name\" content=\"Radio Touring 104\" \/>\n<meta property=\"article:published_time\" content=\"2025-02-03T09:22:03+00:00\" \/>\n<meta property=\"og:image\" content=\"https:\/\/progettotouring.it\/radiotouring104\/wp-content\/uploads\/sites\/6\/2025\/02\/XXXX-edizione-Premio-di-Poesia-Nosside.jpg\" \/>\n\t<meta property=\"og:image:width\" content=\"1758\" \/>\n\t<meta property=\"og:image:height\" content=\"1263\" \/>\n\t<meta property=\"og:image:type\" content=\"image\/jpeg\" \/>\n<meta name=\"author\" content=\"Sebastiano Plutino\" \/>\n<meta name=\"twitter:card\" content=\"summary_large_image\" \/>\n<meta name=\"twitter:label1\" content=\"Scritto da\" \/>\n\t<meta name=\"twitter:data1\" content=\"Sebastiano Plutino\" \/>\n\t<meta name=\"twitter:label2\" content=\"Tempo di lettura stimato\" \/>\n\t<meta name=\"twitter:data2\" content=\"1 minuto\" \/>\n<script type=\"application\/ld+json\" class=\"yoast-schema-graph\">{\"@context\":\"https:\/\/schema.org\",\"@graph\":[{\"@type\":\"Article\",\"@id\":\"https:\/\/progettotouring.it\/radiotouring104\/2025\/02\/03\/alluniversita-dellhavana-lapertura-della-xxxx-edizione-del-premio-nosside\/#article\",\"isPartOf\":{\"@id\":\"https:\/\/progettotouring.it\/radiotouring104\/2025\/02\/03\/alluniversita-dellhavana-lapertura-della-xxxx-edizione-del-premio-nosside\/\"},\"author\":{\"name\":\"Sebastiano Plutino\",\"@id\":\"https:\/\/progettotouring.it\/radiotouring104\/#\/schema\/person\/78613917f1851f041f7483f5af1d422e\"},\"headline\":\"All&#8217;Universit\u00e0 dell&#8217;Havana l&#8217;apertura della XXXX edizione del Premio Nosside\",\"datePublished\":\"2025-02-03T09:22:03+00:00\",\"mainEntityOfPage\":{\"@id\":\"https:\/\/progettotouring.it\/radiotouring104\/2025\/02\/03\/alluniversita-dellhavana-lapertura-della-xxxx-edizione-del-premio-nosside\/\"},\"wordCount\":285,\"publisher\":{\"@id\":\"https:\/\/progettotouring.it\/radiotouring104\/#organization\"},\"image\":{\"@id\":\"https:\/\/progettotouring.it\/radiotouring104\/2025\/02\/03\/alluniversita-dellhavana-lapertura-della-xxxx-edizione-del-premio-nosside\/#primaryimage\"},\"thumbnailUrl\":\"https:\/\/progettotouring.it\/radiotouring104\/wp-content\/uploads\/sites\/6\/2025\/02\/XXXX-edizione-Premio-di-Poesia-Nosside.jpg\",\"keywords\":[\"Jos\u00e9 Mart\u00ed\",\"Pasquale Amato\",\"premio di poesia nosside\",\"Universit\u00e0 dell'Havana\",\"XXXX edizione\"],\"articleSection\":[\"Home\",\"News\",\"Reggio Calabria\"],\"inLanguage\":\"it-IT\"},{\"@type\":\"WebPage\",\"@id\":\"https:\/\/progettotouring.it\/radiotouring104\/2025\/02\/03\/alluniversita-dellhavana-lapertura-della-xxxx-edizione-del-premio-nosside\/\",\"url\":\"https:\/\/progettotouring.it\/radiotouring104\/2025\/02\/03\/alluniversita-dellhavana-lapertura-della-xxxx-edizione-del-premio-nosside\/\",\"name\":\"All'Universit\u00e0 dell'Havana l'apertura della XXXX edizione del Premio Nosside - Radio Touring 104\",\"isPartOf\":{\"@id\":\"https:\/\/progettotouring.it\/radiotouring104\/#website\"},\"primaryImageOfPage\":{\"@id\":\"https:\/\/progettotouring.it\/radiotouring104\/2025\/02\/03\/alluniversita-dellhavana-lapertura-della-xxxx-edizione-del-premio-nosside\/#primaryimage\"},\"image\":{\"@id\":\"https:\/\/progettotouring.it\/radiotouring104\/2025\/02\/03\/alluniversita-dellhavana-lapertura-della-xxxx-edizione-del-premio-nosside\/#primaryimage\"},\"thumbnailUrl\":\"https:\/\/progettotouring.it\/radiotouring104\/wp-content\/uploads\/sites\/6\/2025\/02\/XXXX-edizione-Premio-di-Poesia-Nosside.jpg\",\"datePublished\":\"2025-02-03T09:22:03+00:00\",\"description\":\"L'apertura del XXXX edizione del premio di poesia Nosside si terr\u00e0 il 28 febbraio nell'Aula Magna dell'Ateneo romano\",\"breadcrumb\":{\"@id\":\"https:\/\/progettotouring.it\/radiotouring104\/2025\/02\/03\/alluniversita-dellhavana-lapertura-della-xxxx-edizione-del-premio-nosside\/#breadcrumb\"},\"inLanguage\":\"it-IT\",\"potentialAction\":[{\"@type\":\"ReadAction\",\"target\":[\"https:\/\/progettotouring.it\/radiotouring104\/2025\/02\/03\/alluniversita-dellhavana-lapertura-della-xxxx-edizione-del-premio-nosside\/\"]}]},{\"@type\":\"ImageObject\",\"inLanguage\":\"it-IT\",\"@id\":\"https:\/\/progettotouring.it\/radiotouring104\/2025\/02\/03\/alluniversita-dellhavana-lapertura-della-xxxx-edizione-del-premio-nosside\/#primaryimage\",\"url\":\"https:\/\/progettotouring.it\/radiotouring104\/wp-content\/uploads\/sites\/6\/2025\/02\/XXXX-edizione-Premio-di-Poesia-Nosside.jpg\",\"contentUrl\":\"https:\/\/progettotouring.it\/radiotouring104\/wp-content\/uploads\/sites\/6\/2025\/02\/XXXX-edizione-Premio-di-Poesia-Nosside.jpg\",\"width\":1758,\"height\":1263},{\"@type\":\"BreadcrumbList\",\"@id\":\"https:\/\/progettotouring.it\/radiotouring104\/2025\/02\/03\/alluniversita-dellhavana-lapertura-della-xxxx-edizione-del-premio-nosside\/#breadcrumb\",\"itemListElement\":[{\"@type\":\"ListItem\",\"position\":1,\"name\":\"Home\",\"item\":\"https:\/\/progettotouring.it\/radiotouring104\/\"},{\"@type\":\"ListItem\",\"position\":2,\"name\":\"All&#8217;Universit\u00e0 dell&#8217;Havana l&#8217;apertura della XXXX edizione del Premio Nosside\"}]},{\"@type\":\"WebSite\",\"@id\":\"https:\/\/progettotouring.it\/radiotouring104\/#website\",\"url\":\"https:\/\/progettotouring.it\/radiotouring104\/\",\"name\":\"Radio Touring 104\",\"description\":\"La prima radio Reggina\",\"publisher\":{\"@id\":\"https:\/\/progettotouring.it\/radiotouring104\/#organization\"},\"potentialAction\":[{\"@type\":\"SearchAction\",\"target\":{\"@type\":\"EntryPoint\",\"urlTemplate\":\"https:\/\/progettotouring.it\/radiotouring104\/?s={search_term_string}\"},\"query-input\":{\"@type\":\"PropertyValueSpecification\",\"valueRequired\":true,\"valueName\":\"search_term_string\"}}],\"inLanguage\":\"it-IT\"},{\"@type\":\"Organization\",\"@id\":\"https:\/\/progettotouring.it\/radiotouring104\/#organization\",\"name\":\"Radio Touring 104\",\"url\":\"https:\/\/progettotouring.it\/radiotouring104\/\",\"logo\":{\"@type\":\"ImageObject\",\"inLanguage\":\"it-IT\",\"@id\":\"https:\/\/progettotouring.it\/radiotouring104\/#\/schema\/logo\/image\/\",\"url\":\"https:\/\/progettotouring.it\/radiotouring104\/wp-content\/uploads\/sites\/6\/2022\/02\/cropped-logo-radio-touring-104.png\",\"contentUrl\":\"https:\/\/progettotouring.it\/radiotouring104\/wp-content\/uploads\/sites\/6\/2022\/02\/cropped-logo-radio-touring-104.png\",\"width\":377,\"height\":182,\"caption\":\"Radio Touring 104\"},\"image\":{\"@id\":\"https:\/\/progettotouring.it\/radiotouring104\/#\/schema\/logo\/image\/\"}},{\"@type\":\"Person\",\"@id\":\"https:\/\/progettotouring.it\/radiotouring104\/#\/schema\/person\/78613917f1851f041f7483f5af1d422e\",\"name\":\"Sebastiano Plutino\",\"image\":{\"@type\":\"ImageObject\",\"inLanguage\":\"it-IT\",\"@id\":\"https:\/\/secure.gravatar.com\/avatar\/0546ffaa9b79224faf9f2a156b67a529ae861d3287c66c1d8ccfdf909bcba78d?s=96&d=mm&r=g\",\"url\":\"https:\/\/secure.gravatar.com\/avatar\/0546ffaa9b79224faf9f2a156b67a529ae861d3287c66c1d8ccfdf909bcba78d?s=96&d=mm&r=g\",\"contentUrl\":\"https:\/\/secure.gravatar.com\/avatar\/0546ffaa9b79224faf9f2a156b67a529ae861d3287c66c1d8ccfdf909bcba78d?s=96&d=mm&r=g\",\"caption\":\"Sebastiano Plutino\"},\"url\":\"https:\/\/progettotouring.it\/radiotouring104\/author\/sebastiano\/\"}]}<\/script>\n<!-- \/ Yoast SEO plugin. -->","yoast_head_json":{"title":"All'Universit\u00e0 dell'Havana l'apertura della XXXX edizione del Premio Nosside - Radio Touring 104","description":"L'apertura del XXXX edizione del premio di poesia Nosside si terr\u00e0 il 28 febbraio nell'Aula Magna dell'Ateneo romano","robots":{"index":"index","follow":"follow","max-snippet":"max-snippet:-1","max-image-preview":"max-image-preview:large","max-video-preview":"max-video-preview:-1"},"canonical":"https:\/\/progettotouring.it\/radiotouring104\/2025\/02\/03\/alluniversita-dellhavana-lapertura-della-xxxx-edizione-del-premio-nosside\/","og_locale":"it_IT","og_type":"article","og_title":"All'Universit\u00e0 dell'Havana l'apertura della XXXX edizione del Premio Nosside - Radio Touring 104","og_description":"L'apertura del XXXX edizione del premio di poesia Nosside si terr\u00e0 il 28 febbraio nell'Aula Magna dell'Ateneo romano","og_url":"https:\/\/progettotouring.it\/radiotouring104\/2025\/02\/03\/alluniversita-dellhavana-lapertura-della-xxxx-edizione-del-premio-nosside\/","og_site_name":"Radio Touring 104","article_published_time":"2025-02-03T09:22:03+00:00","og_image":[{"width":1758,"height":1263,"url":"https:\/\/progettotouring.it\/radiotouring104\/wp-content\/uploads\/sites\/6\/2025\/02\/XXXX-edizione-Premio-di-Poesia-Nosside.jpg","type":"image\/jpeg"}],"author":"Sebastiano Plutino","twitter_card":"summary_large_image","twitter_misc":{"Scritto da":"Sebastiano Plutino","Tempo di lettura stimato":"1 minuto"},"schema":{"@context":"https:\/\/schema.org","@graph":[{"@type":"Article","@id":"https:\/\/progettotouring.it\/radiotouring104\/2025\/02\/03\/alluniversita-dellhavana-lapertura-della-xxxx-edizione-del-premio-nosside\/#article","isPartOf":{"@id":"https:\/\/progettotouring.it\/radiotouring104\/2025\/02\/03\/alluniversita-dellhavana-lapertura-della-xxxx-edizione-del-premio-nosside\/"},"author":{"name":"Sebastiano Plutino","@id":"https:\/\/progettotouring.it\/radiotouring104\/#\/schema\/person\/78613917f1851f041f7483f5af1d422e"},"headline":"All&#8217;Universit\u00e0 dell&#8217;Havana l&#8217;apertura della XXXX edizione del Premio Nosside","datePublished":"2025-02-03T09:22:03+00:00","mainEntityOfPage":{"@id":"https:\/\/progettotouring.it\/radiotouring104\/2025\/02\/03\/alluniversita-dellhavana-lapertura-della-xxxx-edizione-del-premio-nosside\/"},"wordCount":285,"publisher":{"@id":"https:\/\/progettotouring.it\/radiotouring104\/#organization"},"image":{"@id":"https:\/\/progettotouring.it\/radiotouring104\/2025\/02\/03\/alluniversita-dellhavana-lapertura-della-xxxx-edizione-del-premio-nosside\/#primaryimage"},"thumbnailUrl":"https:\/\/progettotouring.it\/radiotouring104\/wp-content\/uploads\/sites\/6\/2025\/02\/XXXX-edizione-Premio-di-Poesia-Nosside.jpg","keywords":["Jos\u00e9 Mart\u00ed","Pasquale Amato","premio di poesia nosside","Universit\u00e0 dell'Havana","XXXX edizione"],"articleSection":["Home","News","Reggio Calabria"],"inLanguage":"it-IT"},{"@type":"WebPage","@id":"https:\/\/progettotouring.it\/radiotouring104\/2025\/02\/03\/alluniversita-dellhavana-lapertura-della-xxxx-edizione-del-premio-nosside\/","url":"https:\/\/progettotouring.it\/radiotouring104\/2025\/02\/03\/alluniversita-dellhavana-lapertura-della-xxxx-edizione-del-premio-nosside\/","name":"All'Universit\u00e0 dell'Havana l'apertura della XXXX edizione del Premio Nosside - Radio Touring 104","isPartOf":{"@id":"https:\/\/progettotouring.it\/radiotouring104\/#website"},"primaryImageOfPage":{"@id":"https:\/\/progettotouring.it\/radiotouring104\/2025\/02\/03\/alluniversita-dellhavana-lapertura-della-xxxx-edizione-del-premio-nosside\/#primaryimage"},"image":{"@id":"https:\/\/progettotouring.it\/radiotouring104\/2025\/02\/03\/alluniversita-dellhavana-lapertura-della-xxxx-edizione-del-premio-nosside\/#primaryimage"},"thumbnailUrl":"https:\/\/progettotouring.it\/radiotouring104\/wp-content\/uploads\/sites\/6\/2025\/02\/XXXX-edizione-Premio-di-Poesia-Nosside.jpg","datePublished":"2025-02-03T09:22:03+00:00","description":"L'apertura del XXXX edizione del premio di poesia Nosside si terr\u00e0 il 28 febbraio nell'Aula Magna dell'Ateneo romano","breadcrumb":{"@id":"https:\/\/progettotouring.it\/radiotouring104\/2025\/02\/03\/alluniversita-dellhavana-lapertura-della-xxxx-edizione-del-premio-nosside\/#breadcrumb"},"inLanguage":"it-IT","potentialAction":[{"@type":"ReadAction","target":["https:\/\/progettotouring.it\/radiotouring104\/2025\/02\/03\/alluniversita-dellhavana-lapertura-della-xxxx-edizione-del-premio-nosside\/"]}]},{"@type":"ImageObject","inLanguage":"it-IT","@id":"https:\/\/progettotouring.it\/radiotouring104\/2025\/02\/03\/alluniversita-dellhavana-lapertura-della-xxxx-edizione-del-premio-nosside\/#primaryimage","url":"https:\/\/progettotouring.it\/radiotouring104\/wp-content\/uploads\/sites\/6\/2025\/02\/XXXX-edizione-Premio-di-Poesia-Nosside.jpg","contentUrl":"https:\/\/progettotouring.it\/radiotouring104\/wp-content\/uploads\/sites\/6\/2025\/02\/XXXX-edizione-Premio-di-Poesia-Nosside.jpg","width":1758,"height":1263},{"@type":"BreadcrumbList","@id":"https:\/\/progettotouring.it\/radiotouring104\/2025\/02\/03\/alluniversita-dellhavana-lapertura-della-xxxx-edizione-del-premio-nosside\/#breadcrumb","itemListElement":[{"@type":"ListItem","position":1,"name":"Home","item":"https:\/\/progettotouring.it\/radiotouring104\/"},{"@type":"ListItem","position":2,"name":"All&#8217;Universit\u00e0 dell&#8217;Havana l&#8217;apertura della XXXX edizione del Premio Nosside"}]},{"@type":"WebSite","@id":"https:\/\/progettotouring.it\/radiotouring104\/#website","url":"https:\/\/progettotouring.it\/radiotouring104\/","name":"Radio Touring 104","description":"La prima radio Reggina","publisher":{"@id":"https:\/\/progettotouring.it\/radiotouring104\/#organization"},"potentialAction":[{"@type":"SearchAction","target":{"@type":"EntryPoint","urlTemplate":"https:\/\/progettotouring.it\/radiotouring104\/?s={search_term_string}"},"query-input":{"@type":"PropertyValueSpecification","valueRequired":true,"valueName":"search_term_string"}}],"inLanguage":"it-IT"},{"@type":"Organization","@id":"https:\/\/progettotouring.it\/radiotouring104\/#organization","name":"Radio Touring 104","url":"https:\/\/progettotouring.it\/radiotouring104\/","logo":{"@type":"ImageObject","inLanguage":"it-IT","@id":"https:\/\/progettotouring.it\/radiotouring104\/#\/schema\/logo\/image\/","url":"https:\/\/progettotouring.it\/radiotouring104\/wp-content\/uploads\/sites\/6\/2022\/02\/cropped-logo-radio-touring-104.png","contentUrl":"https:\/\/progettotouring.it\/radiotouring104\/wp-content\/uploads\/sites\/6\/2022\/02\/cropped-logo-radio-touring-104.png","width":377,"height":182,"caption":"Radio Touring 104"},"image":{"@id":"https:\/\/progettotouring.it\/radiotouring104\/#\/schema\/logo\/image\/"}},{"@type":"Person","@id":"https:\/\/progettotouring.it\/radiotouring104\/#\/schema\/person\/78613917f1851f041f7483f5af1d422e","name":"Sebastiano Plutino","image":{"@type":"ImageObject","inLanguage":"it-IT","@id":"https:\/\/secure.gravatar.com\/avatar\/0546ffaa9b79224faf9f2a156b67a529ae861d3287c66c1d8ccfdf909bcba78d?s=96&d=mm&r=g","url":"https:\/\/secure.gravatar.com\/avatar\/0546ffaa9b79224faf9f2a156b67a529ae861d3287c66c1d8ccfdf909bcba78d?s=96&d=mm&r=g","contentUrl":"https:\/\/secure.gravatar.com\/avatar\/0546ffaa9b79224faf9f2a156b67a529ae861d3287c66c1d8ccfdf909bcba78d?s=96&d=mm&r=g","caption":"Sebastiano Plutino"},"url":"https:\/\/progettotouring.it\/radiotouring104\/author\/sebastiano\/"}]}},"jetpack_publicize_connections":[],"jetpack_featured_media_url":"https:\/\/progettotouring.it\/radiotouring104\/wp-content\/uploads\/sites\/6\/2025\/02\/XXXX-edizione-Premio-di-Poesia-Nosside.jpg","jetpack_sharing_enabled":true,"_links":{"self":[{"href":"https:\/\/progettotouring.it\/radiotouring104\/wp-json\/wp\/v2\/posts\/66161","targetHints":{"allow":["GET"]}}],"collection":[{"href":"https:\/\/progettotouring.it\/radiotouring104\/wp-json\/wp\/v2\/posts"}],"about":[{"href":"https:\/\/progettotouring.it\/radiotouring104\/wp-json\/wp\/v2\/types\/post"}],"author":[{"embeddable":true,"href":"https:\/\/progettotouring.it\/radiotouring104\/wp-json\/wp\/v2\/users\/12"}],"replies":[{"embeddable":true,"href":"https:\/\/progettotouring.it\/radiotouring104\/wp-json\/wp\/v2\/comments?post=66161"}],"version-history":[{"count":1,"href":"https:\/\/progettotouring.it\/radiotouring104\/wp-json\/wp\/v2\/posts\/66161\/revisions"}],"predecessor-version":[{"id":66163,"href":"https:\/\/progettotouring.it\/radiotouring104\/wp-json\/wp\/v2\/posts\/66161\/revisions\/66163"}],"wp:featuredmedia":[{"embeddable":true,"href":"https:\/\/progettotouring.it\/radiotouring104\/wp-json\/wp\/v2\/media\/66162"}],"wp:attachment":[{"href":"https:\/\/progettotouring.it\/radiotouring104\/wp-json\/wp\/v2\/media?parent=66161"}],"wp:term":[{"taxonomy":"category","embeddable":true,"href":"https:\/\/progettotouring.it\/radiotouring104\/wp-json\/wp\/v2\/categories?post=66161"},{"taxonomy":"post_tag","embeddable":true,"href":"https:\/\/progettotouring.it\/radiotouring104\/wp-json\/wp\/v2\/tags?post=66161"}],"curies":[{"name":"wp","href":"https:\/\/api.w.org\/{rel}","templated":true}]}}