{"id":66179,"date":"2025-02-03T11:44:26","date_gmt":"2025-02-03T10:44:26","guid":{"rendered":"https:\/\/progettotouring.it\/radiotouring104\/?p=66179"},"modified":"2025-02-03T11:55:17","modified_gmt":"2025-02-03T10:55:17","slug":"66179","status":"publish","type":"post","link":"https:\/\/progettotouring.it\/radiotouring104\/2025\/02\/03\/66179\/","title":{"rendered":"Reggio: il Col. Misceo presenta il Bilancio 2024 dei Carabinieri Forestali"},"content":{"rendered":"<p style=\"text-align: justify\">Si \u00e8 tenuta <strong>questa mattina presso il<\/strong> \u201cCastello Aragonese\u201d di Reggio Calabria <strong>la conferenza stampa dei Carabinieri Forestali. Il Comandante regionale, Col. Giovanni Misceo ha illustrato il bilancio dell\u2019attivit\u00e0<\/strong> dell\u2019Arma Forestale in Calabria e Sicilia. Per l\u2019occasione \u00e8 stato anche<strong> presentato il calendario CITES 2025 del Comando Unit\u00e0 Forestali<\/strong> Ambientali e Agroalimentari Carabinieri. Il calendario \u00e8 quest\u2019anno dedicato al continente sudamericano con le sue bellezze e vulnerabilit\u00e0, rappresentato da dodici specie animali e vegetali a rischio di estinzione, tutelate dalla Convenzione di Washington, che attraverso le loro splendide immagini ci accompagneranno in un viaggio lungo un anno alla scoperta di un continente ricco di risorse naturali.<\/p>\n<p style=\"text-align: justify\"><strong>L\u2019evento di questa mattina ha visto la presenza delle locali istituzioni civili e militari<\/strong> e la partecipazione di una rappresentanza degli alunni del Convitto Nazionale di Stato \u201cT. Campanella\u201d di Reggio Calabria.<\/p>\n<p>&nbsp;<\/p>\n<p style=\"text-align: justify\"><strong>Anche nel 2024 i Reparti della specialit\u00e0 Forestale dell\u2019Arma<\/strong> dei Carabinieri di Calabria e Sicilia, <strong>hanno condotto un\u2019azione di prevenzione e contrasto agli<\/strong> <em>illeciti forestali, ambientali e agroalimentari,<\/em> secondo una consolidata sinergia con i Comandi Territoriali dell\u2019Arma, mirata a contenere le aggressioni antropiche alle risorse naturali, alla biodiversit\u00e0, al paesaggio e al patrimonio forestale.<\/p>\n<p style=\"text-align: justify\">Tra i principali fattori di rischio per le matrici ambientali verso cui si riversa la strategia operativa dell\u2019Arma Forestale, si registrano gli <strong><em>attacchi al territorio<\/em><\/strong>, gli<strong> <em>incendi boschivi<\/em><\/strong>, questi ultimi tra le principali cause dell\u2019aggravamento del <strong><em>dissesto idrogeologico<\/em><\/strong>, le diverse <strong><em>forme di illecita gestione dei rifiuti<\/em><\/strong>, tra cui le <strong><em>combustioni ed il traffico organizzato<\/em><\/strong>, gli <strong><em>inquinamenti ambientali<\/em><\/strong>, tutte fonti di alterazioni sistematiche degli habitat e degli ecosistemi naturali, di forte perturbazione per l\u2019ambiente, il suolo, i corsi d\u2019acqua ed i mari, con preoccupante conseguenze per la qualit\u00e0 della vita e la salute dei cittadini.<\/p>\n<p style=\"text-align: justify\">Complessivamente, sono stati oltre <strong>58.000<\/strong> (di cui oltre 1500 in Sicilia), i <strong>controlli<\/strong> eseguiti e finalizzati alla prevenzione delle citate criticit\u00e0, in marcata crescita rispetto ai <strong>52.000<\/strong> circa dell\u2019annualit\u00e0 2023 <strong>(+ 12%).<\/strong><\/p>\n<p style=\"text-align: justify\">A tale intenso e mirato sforzo operativo, si correla l\u2019accertamento di oltre <strong>1.780 reati ambientali, <\/strong>con<strong> 1.383 persone denunciate<\/strong>, numeri sostanzialmente in linea con la precedente annualit\u00e0, di <strong>585<\/strong> <strong>sequestri penali<\/strong>,<strong> +20%<\/strong> rispetto al 2023, nonch\u00e9 di <strong>1.936 illeciti amministrativi, <\/strong>per un totale di <strong>sanzioni inflitte <\/strong>pari a <strong>\u20ac<\/strong> 2<strong>.685.329<\/strong>, <strong>+ 5<\/strong> <strong>%<\/strong> rispetto al 2023. Significativo \u00e8 stato il numero delle persone arrestate, pari a <strong>30<\/strong> (erano stati 7 nel 2023), in tema di <em>inquinamento ambientale, gestione illecita di rifiuti e illecita gestione di piantagioni di cannabis<\/em>.<\/p>\n<p>&nbsp;<\/p>\n<p style=\"text-align: justify\">Anche nella stagione 2024, <strong>5.502<\/strong> <strong><em>volanti verdi<\/em><\/strong> dei Carabinieri Forestali hanno solcato il territorio regionale calabrese nell\u2019ambito <em>del <strong>Servizio di Prevenzione ed Emergenza Ambientale 1515<\/strong>,<\/em> svolto quotidianamente per il monitoraggio ed il controllo del territorio, con particolare riferimento alle aree di maggior pregio naturalistico, e volto ad \u00a0assicurare riscontro alle richieste di intervento formulate direttamente dagli utenti, tramite il numero verde <strong>1515<\/strong> ovvero il <strong>112<\/strong>, per ogni genere di aggressione alle matrici ambientali e forestali.<\/p>\n<p style=\"text-align: justify\">Questo Servizio \u00e8 stato anche capitalizzato per le finalit\u00e0 di controllo delle <strong>Aree Protette<\/strong><strong>, <\/strong>quale tradizionale impegno cui l\u2019Arma Forestale assolve ai fini della salvaguardia e conservazione della biodiversit\u00e0 animale e vegetale nei <strong>Parchi Nazionali, nelle Riserve dello Stato e nei territori protetti regionali<\/strong>, nonch\u00e9 nei siti della <strong>Rete Natura 2000<\/strong><strong>,<\/strong> che rappresentano, nel loro complesso, il pi\u00f9 ampio sistema integrato di protezione e conservazione delle risorse naturali.<\/p>\n<p style=\"text-align: justify\">Tra i <strong>Settori di intervento<\/strong>, primaria \u00e8 stata l\u2019attenzione rivolta alla <strong><u>Tutela del<\/u><\/strong> <strong><u>T<\/u><\/strong><strong><u>erritorio<\/u><\/strong>, dove si registra un sensibile aumento rispetto al 2023 <strong>(+35%)<\/strong>, degli importi delle sanzioni amministrative inflitte, pari a <strong>982.721 euro<\/strong>, pur con una riduzione rispetto al 2023 del numero dei reati accertati a carico di persone note<br \/>\n<strong>(-18%)<\/strong>. In tale ambito operativo rientrano la prevenzione e la repressione degli illeciti in tema di <strong><em>utilizzazioni boschive<\/em><\/strong>, <strong><em>tagli e furti di piante<\/em><\/strong>, tutela del <strong><em>vincolo idrogeologico<\/em><\/strong>, <strong><em>polizia fluviale <\/em><\/strong>e <strong><em>pascolo<\/em>. <\/strong>La storica dedizione della specialit\u00e0 forestale verso tale Settore \u00e8 dettata dall\u2019importanza che le relative norme rivestono ai fini della conservazione dell\u2019assetto del suolo, la cui integrit\u00e0 \u00e8 continuamente minata dalle deturpazioni che vengono poste in essere in danno dei boschi e del suolo in generale attraverso, appunto, le illecite utilizzazioni boschive ovvero i tagli abusivi o furtivi di piante, ed il mancato rispetto del vincolo idrogeologico.<\/p>\n<p>&nbsp;<\/p>\n<p style=\"text-align: justify\">Sempre finalizzata alla <strong>Tutela del Territorio,<\/strong> \u00e8 la massiva attivit\u00e0 che l\u2019Arma dei Carabinieri ha condotto anche nell\u2019anno trascorso, nel campo degli <strong><em>Incendi Boschivi<\/em><\/strong>: pur rimanendo uno dei fenomeni di maggiore criticit\u00e0 per la Regione, nel 2024 si \u00e8 registrato un netto calo della superfice boscata percorsa dal fuoco, scesa dai<strong> 7176 ettari del 2023 <\/strong>ai<strong> 5833 ettari <\/strong>nel <strong>2024. <\/strong>In tale contesto operativo, che vede il Comando Legione Carabinieri e il Comando Regione Carabinieri Forestale,\u00a0 parte di un Accordo di Programma stipulato con l\u2019Ente Regione Calabria, i Reparti dei Carabinieri Forestali operanti su tutto il territorio regionale, ivi compresi i Parchi e le Riserve Naturali dello Stato, anche qui in stretta sinergia operativa con l\u2019Arma Territoriale, hanno assicurato il proprio qualificato contributo, in particolare, in fase di prevenzione degli illeciti connessi agli incendi, attraverso uno schieramento fisso giornaliero di un numero consistente di equipaggi nelle aree di maggiore e significativo pregio naturalistico, eseguendo <strong>2.280 controlli <\/strong>con un incremento del 22% rispetto all\u2019anno 2023.<\/p>\n<p>&nbsp;<\/p>\n<p style=\"text-align: justify\"><strong>Sempre in tale settore d\u2019intervento, giova ricordare che, in attuazione delle norme<\/strong> scolpite in seno all\u2019art. 7 del D. Lgs. n.177\/2016, che, come noto, ha traslato i compiti di lotta attiva agli incendi boschivi al Corpo Nazionale dei Vigili del Fuoco<strong>, l\u2019attivit\u00e0 dei Carabinieri Forestali in Calabria si \u00e8 tradotta anche:<\/strong><\/p>\n<ul style=\"text-align: justify\">\n<li>nella partecipazione al presidio della Sala Operativa Unificata Regionale di Catanzaro-Germaneto, costituita dall\u2019Ente Regione Calabria, e alla istituita <em>Control-Room<\/em> regionale: al riguardo, l\u2019analisi delle immagini pervenute in tale cabina di regia, fornite dai droni, ha consentito il perseguimento pi\u00f9 mirato delle finalit\u00e0 di polizia amministrativa o giudiziaria di competenza;<\/li>\n<li>nel controllo sul rispetto delle misure di prevenzione A.I.B. a carico dei privati e degli Enti pubblici, con particolare riferimento alla realizzazione delle fasce antincendio previste dalle legislazioni nazionali e regionali, ovvero dalla decretazione d\u2019urgenza regionale, in occasione del periodo di grave pericolosit\u00e0: su tale fronte sono state inflitte sanzioni per un ammontare di oltre 211.000 euro;<\/li>\n<li>nella perimetrazione <em>post incendio <\/em>delle aree percorse dal fuoco, con relativa derivazione sulle stesse dei vincoli scolpiti in seno alla L.353\/2000 e conseguente supporto ai Comuni in sede di istituzione e aggiornamento del catasto incendi, nonch\u00e9 nella verifica del rispetto di tale adempimento a cura degli stessi Enti;<\/li>\n<\/ul>\n<p>&nbsp;<\/p>\n<p style=\"text-align: justify\">Preme ancora ricordare che, oltre alla <em>attivit\u00e0 di prevenzione<\/em>,<strong> l\u2019impegno dei Forestali \u00e8 istituzionalmente diretto alla<\/strong> <em>repressione degli illeciti connessi agli incendi boschivi<\/em>, mediante una complessa attivit\u00e0 di polizia giudiziaria caratterizzata dall\u2019impiego di peculiari tecniche investigative. Nel corso della campagna estiva antincendi boschivi, \u00e8 stata operativa anche la &#8220;<em>Task Force incendi boschivi<\/em>&#8220;, attivata dalla Sala Operativa del Comando Generale dell&#8217;Arma su richiesta di questo Comando, per intervenire su alcuni incendi di particolare gravit\u00e0 che hanno interessato anche il territorio della Sicilia, al fine di elevare e rinforzare i livelli investigativi delle componenti operative presenti sul territorio boscato interessato dal fuoco.<\/p>\n<p>&nbsp;<\/p>\n<p style=\"text-align: justify\">Ed ancora, l\u2019intensa attivit\u00e0 posta a <strong>Tutela del Territorio<\/strong> \u00e8 passata anche attraverso un peculiare impegno volto a prevenire e reprimere le violazioni alla normativa <strong>edilizio-<\/strong><strong>urbanistica e <\/strong><strong>paesaggistica<\/strong>, quale profonda criticit\u00e0 che mina il territorio regionale. Sul punto si consideri il particolare valore che il bene paesaggio, peraltro di rango costituzionale, assume per particolari ambiti della regione, da qui la particolare attenzione posta per tale obiettivo di tutela.<\/p>\n<p>&nbsp;<\/p>\n<p style=\"text-align: justify\">Tra gli altri settori di intervento, quello dei <strong><u>Rifiuti<\/u><\/strong> continua a costituire una delle fonti di maggiore preoccupazione per l\u2019ambiente, come testimonia il numero dei reati, degli arresti e degli illeciti amministrativi accertati. In questo particolare settore, si registra una sensibile diminuzione degli illeciti amministrativi rispetto al 2023<br \/>\n(-43%) pur essendo state inflitte sanzioni amministrative per oltre 398.000 euro, mentre \u00e8 in aumento il numero delle persone denunciate (+ del 33%), con 10 arresti.<\/p>\n<p style=\"text-align: justify\">Continuano a preoccupare, in particolare, i fenomeni di illecito smaltimento attraverso gli <strong><em>abbandoni e le combustioni<\/em><\/strong>, in particolare nelle aree urbane e periurbane, quali ad es. <em>le fiumare<\/em>, nonch\u00e9 le <strong><em>di<\/em><\/strong><strong><em>scariche <\/em><\/strong><strong><em>abusive <\/em><\/strong>ed i<strong><em> depositi incontrollati, <\/em><\/strong>tutti fenomeni di particolare perturbazione per l\u2019ambiente e la salute dei cittadini. A quanto precede si aggiungano le numerose e complesse attivit\u00e0 d\u2019indagine in corso a cura dei <em>Nuclei Investigativi di Polizia Ambientale, Agroalimentare e Forestale<\/em> afferenti anche i traffici illeciti organizzati, alcune delle quali si sono concluse con l\u2019arresto di cinque persone nel reggino e tre nel catanzarese.<\/p>\n<p style=\"text-align: justify\">Al pari dei <strong>Rifiuti<\/strong>, particolarmente attenzionate sono state anche nel 2024 le criticit\u00e0 connesse ai fenomeni di <strong><u>Inquinamento ambientale<\/u><em>,<\/em><\/strong> quali potenziali cause di gravi danni alle matrici ambientali e di squilibri per l\u2019ecosistema. In questo Settore \u00e8 aumentato l\u2019importo delle sanzioni amministrative inflitte, pari a oltre 400.000 euro, con un notevole incremento degli illeciti amministrativi (+68%). L\u2019attivit\u00e0 in vaglio presenta un <em>trend<\/em> crescente di illegalit\u00e0 che appare, tuttavia, \u00a0pi\u00f9 agevole contrastare sul piano investigativo grazie agli strumenti normativi costituiti dai cc.dd. <em>Ecoreati<\/em> introdotti dal Legislatore nel codice penale, con particolare riferimento ai delitti di <em>Inquinamento Ambientale e Disastro ambientale<\/em>. Anche in tale contesto si colloca la piena sinergia operativa che lega i Reparti dei Carabinieri Forestali a quelli Territoriali: si citano tra tutte le Operazioni congiunte programmate dalla Legione Carabinieri Calabria, denominate <strong>\u201c<em>DEEP\u201d<\/em><\/strong><em>, <\/em>concernente il controllo sui depuratori, \u201c<strong><em>BLACK WATER<\/em><\/strong>\u201d, recante accertamenti sulla corretta gestione degli effluenti di allevamento all\u2019interno di aziende zootecniche, e \u201c<strong><em>WAVE<\/em><\/strong><em>\u201d<\/em>, avente ad oggetto i controlli sui Lidi ed i complessi turistici. In tali contesti operativi, i Carabinieri Forestali hanno assicurato il proprio contributo operativo per i profili afferenti la propria competenza in materia ambientale.<\/p>\n<p style=\"text-align: justify\">Pi\u00f9 in generale, diverse sono state le attivit\u00e0 investigative dei Forestali che hanno condotto al sequestro di impianti per attivit\u00e0 di smaltimento non autorizzata di rifiuti liquidi connessa all\u2019illecita gestione delle acque reflue anche su terreni naturali. Sul punto si registrano diffuse criticit\u00e0 costituite dal cattivo funzionamento e dalle forti carenze dei sistemi di depurazione, con reti di collettamento non sempre collegate a depuratori e presenza di molti allacci abusivi.<\/p>\n<p style=\"text-align: justify\">Altro classico settore di competenza della Specialit\u00e0 Forestale, \u00e8 costituito dalla <strong><u>Tutela della Fauna<\/u><em>,<\/em><\/strong> nel cui ambito \u00e8 stato intensificato lo sforzo operativo atto a prevenire e contrastare la pratica del bracconaggio nei confronti della fauna selvatica. In questo Settore non si registrano sostanziali variazioni rispetto al 2023 sia con riferimento al numero degli illeciti amministrativi che dei reati accertati.<\/p>\n<p style=\"text-align: justify\">E quando si parla di Tutela della Fauna, non si pu\u00f2 non evidenziare il contributo che la tradizionale \u201c<em>Operazione Adorno<\/em>\u201d, organizzata anche nel 2024 dal Raggruppamento Carabinieri CITES, del Comando di Vertice dei Carabinieri Forestali, assicura da anni per il costante ridimensionamento del fenomeno del bracconaggio nel territorio reggino e sullo Stretto in particolare. Ed ancora, sono sempre in primo piano le azioni condotte dai Nuclei Carabinieri CITES per il contrasto ai traffici illeciti delle specie animali e vegetali minacciate di estinzione, per il mantenimento di un elevato livello di diversit\u00e0 biologica. In tale ambito, anche nel 2024, diverse sono state le persone denunciate in quanto sorprese a prelevare esemplari di ghiro (<em>glis glis<\/em>) mediante l\u2019impiego di trappole di manifattura artigianale, ben occultate all\u2019interno di zone boscate quali habitat ideali per i mammiferi selvatici. In questi casi le denunce sono scattate per i reati di caccia con mezzi non consentiti, nonch\u00e9 detenzione ed uccisione di animali appartenenti a specie protetta CITES.<\/p>\n<p style=\"text-align: justify\">Sempre alta resta l\u2019attenzione operativa assicurata dai Carabinieri Forestali per la <strong><u>Tutela della Flora<\/u><em>,<\/em><\/strong> condotta mediante il controllo degli ecosistemi forestali, al fine di prevenire e contrastare i vari fenomeni di illegalit\u00e0 che interessano, ad esempio, l\u2019immissione di legname in commercio da parte degli operatori in violazione delle norme comunitarie (Reg. EUTR) relative alla cd. <em>dovuta diligenza,<\/em> anche con riferimento alle importazioni di legname da Paesi extra UE<strong>.<\/strong> In questo particolare ambito settoriale, si registra un calo degli illeciti amministrativi rispetto al 2023 (- 22%), mentre sostanzialmente invariato \u00e8 il numero dei reati.<\/p>\n<p style=\"text-align: justify\">Ed ancora, non di minor rilievo per l\u2019interesse collettivo che riscuote, \u00e8 il Settore della <strong><u>Sicurezza <\/u><\/strong><strong><u>A<\/u><\/strong><strong><u>groalimentare<\/u><\/strong>, nel quale i Carabinieri sono impegnati nel verificare i processi di produzione e le possibili aggressioni alle risorse agroalimentari regionali. L\u2019attivit\u00e0 in commento \u00e8 stata finalizzata, in particolare, al contrasto della contraffazione dei prodotti agroalimentari, al controllo sulla loro tracciabilit\u00e0 e rintracciabilit\u00e0 lungo tutta la filiera al fine di verificarne la corretta origine e provenienza salvaguardandone la qualit\u00e0, ed alla repressione delle frodi.<\/p>\n<p style=\"text-align: justify\">Connessa al settore della Tutela della salute, si segnala un\u2019indagine condotta dal Nucleo Investigativo di Polizia Forestale di Reggio Calabria per conto della Procura della Repubblica reggina, che ha portato <strong>all\u2019arresto di <\/strong><strong>11 soggetti<\/strong>, alcuni dei quali legati alla criminalit\u00e0 organizzata, per la coltivazione e successiva commercializzazione di sostanze stupefacenti (nello specifico, <em>cannabis<\/em>). La normativa di settore, risalente al 2016, affidava, infatti, al Corpo forestale dello Stato prima e ai Carabinieri Forestali, dopo l\u2019assorbimento dal 1 gennaio 2017, il compito di effettuare <em>i necessari controlli sulle coltivazioni di canapa<\/em> <strong>ai fini della determinazione quantitativa del <\/strong><strong>principio attivo <\/strong><strong>(THC)\u00a0<\/strong><strong>che, in caso di superamento della percentuale stabilita dalla legge, trasforma la canapa in sostanza stupefacente con le relative conseguenze di natura penale per i coltivatori. <\/strong><\/p>\n<p style=\"text-align: justify\">Ed ancora, il Servizio Meteomont. In Calabria sono operative 6 Stazioni Meteomont ubicate tra le vette dei Parchi Nazionali di Sila, Aspromonte e Pollino che fanno parte della Rete di rilevamento Nazionale e che operano sotto il coordinamento del Centro Settore Meteomont di Avellino. Tra i compiti principali del Servizio, si registra il monitoraggio meteonivometrico della stabilit\u00e0 del manto nevoso e degli eventi valanghivi anche ai fini dell\u2019allertamento del pericolo valanghe a supporto del Servizio Nazionale di Protezione Civile.<\/p>\n<p style=\"text-align: justify\">In ultimo, rientra nel Bilancio 2024, anche l\u2019impegno dell\u2019Arma Forestale dedicato all\u2019educazione ambientale nelle scuole, con una diffusa serie di interventi nei plessi scolastici di Calabria e Sicilia, che hanno coinvolto circa <strong>6.685 studenti<\/strong> appartenenti a 87 istituti. Sul punto, preme citare l\u2019impegno dei Reparti Carabinieri Biodiversit\u00e0, che anche nel 2024 hanno portato avanti un progetto nazionale di messa a dimora nelle scuole dell\u2019<em>Albero di Falcone, <\/em>piante, cio\u00e8, ottenute dalla duplicazione delle talee prelevate dal <em>Ficus magnolia<\/em> che cresce nei pressi della casa del giudice assassinato dalla mafia nel 1992, e che rappresenta il simbolo dell\u2019impegno delle Istituzioni per l\u2019affermazione della legalit\u00e0 nella societ\u00e0. Suggello di tutte le citate iniziative \u00e8 stata la celebrazione della Giornata Nazionale dell\u2019Albero, celebrata lo scorso 21 novembre a San Luca (RC), presso il Santuario della Madonna di Polsi nell\u2019ambito di un progetto Nazionale di Educazione Ambientale denominato, \u201cUn Albero per il Futuro\u201d.<\/p>\n<p style=\"text-align: justify\">Con tali iniziative il Comando Regione Carabinieri Forestale \u201cCalabria\u201d, intende promuovere una pi\u00f9 diffusa adesione da parte delle nuove generazioni alla legalit\u00e0 ambientale, nell\u2019ambito del consolidato e proficuo rapporto di collaborazione con il mondo della Scuola.<\/p>\n","protected":false},"excerpt":{"rendered":"<p>Si \u00e8 tenuta questa mattina presso il \u201cCastello Aragonese\u201d di Reggio Calabria la conferenza stampa dei Carabinieri Forestali. Il Comandante regionale, Col. Giovanni Misceo ha illustrato il bilancio dell\u2019attivit\u00e0 dell\u2019Arma&hellip;<\/p>\n","protected":false},"author":12,"featured_media":66180,"comment_status":"closed","ping_status":"open","sticky":false,"template":"","format":"standard","meta":{"_jetpack_memberships_contains_paid_content":false,"footnotes":"","jetpack_publicize_message":"","jetpack_publicize_feature_enabled":true,"jetpack_social_post_already_shared":true,"jetpack_social_options":{"image_generator_settings":{"template":"highway","default_image_id":0,"font":"","enabled":false},"version":2}},"categories":[921,150,196,140],"tags":[40027,40026,14275,26939,40025],"class_list":["post-66179","post","type-post","status-publish","format-standard","has-post-thumbnail","hentry","category-home","category-in-primo-piano","category-news","category-reggio-calabria","tag-bilancio-attivita-2024","tag-calendario-cites-2025-del-comando-unita-forestali","tag-castello-aragonese-di-reggio-calabria","tag-col-giovanni-misceo","tag-conferenza-stampa-dei-carabinieri-forestali"],"yoast_head":"<!-- This site is optimized with the Yoast SEO plugin v27.2 - https:\/\/yoast.com\/product\/yoast-seo-wordpress\/ -->\n<title>Presentato al Castello di Reggio Bilancio 2024 dei Forestali<\/title>\n<meta name=\"description\" content=\"Svolta questa mattina, al Castello Aragonese, la conferenza stampa sulle attivit\u00e0 svolte dai Carabinieri Forestali nel 2024\" \/>\n<meta name=\"robots\" content=\"index, follow, max-snippet:-1, max-image-preview:large, max-video-preview:-1\" \/>\n<link rel=\"canonical\" href=\"https:\/\/progettotouring.it\/radiotouring104\/2025\/02\/03\/66179\/\" \/>\n<meta property=\"og:locale\" content=\"it_IT\" \/>\n<meta property=\"og:type\" content=\"article\" \/>\n<meta property=\"og:title\" content=\"Presentato al Castello di Reggio Bilancio 2024 dei Forestali\" \/>\n<meta property=\"og:description\" content=\"Svolta questa mattina, al Castello Aragonese, la conferenza stampa sulle attivit\u00e0 svolte dai Carabinieri Forestali nel 2024\" \/>\n<meta property=\"og:url\" content=\"https:\/\/progettotouring.it\/radiotouring104\/2025\/02\/03\/66179\/\" \/>\n<meta property=\"og:site_name\" content=\"Radio Touring 104\" \/>\n<meta property=\"article:published_time\" content=\"2025-02-03T10:44:26+00:00\" \/>\n<meta property=\"article:modified_time\" content=\"2025-02-03T10:55:17+00:00\" \/>\n<meta property=\"og:image\" content=\"https:\/\/progettotouring.it\/radiotouring104\/wp-content\/uploads\/sites\/6\/2025\/02\/Bilancio-Carabinieri-Forestali-2024-Castello-Aragonese-Colonnello-Misceo.jpg\" \/>\n\t<meta property=\"og:image:width\" content=\"1600\" \/>\n\t<meta property=\"og:image:height\" content=\"1200\" \/>\n\t<meta property=\"og:image:type\" content=\"image\/jpeg\" \/>\n<meta name=\"author\" content=\"Sebastiano Plutino\" \/>\n<meta name=\"twitter:card\" content=\"summary_large_image\" \/>\n<meta name=\"twitter:label1\" content=\"Scritto da\" \/>\n\t<meta name=\"twitter:data1\" content=\"Sebastiano Plutino\" \/>\n\t<meta name=\"twitter:label2\" content=\"Tempo di lettura stimato\" \/>\n\t<meta name=\"twitter:data2\" content=\"12 minuti\" \/>\n<script type=\"application\/ld+json\" class=\"yoast-schema-graph\">{\"@context\":\"https:\/\/schema.org\",\"@graph\":[{\"@type\":\"Article\",\"@id\":\"https:\/\/progettotouring.it\/radiotouring104\/2025\/02\/03\/66179\/#article\",\"isPartOf\":{\"@id\":\"https:\/\/progettotouring.it\/radiotouring104\/2025\/02\/03\/66179\/\"},\"author\":{\"name\":\"Sebastiano Plutino\",\"@id\":\"https:\/\/progettotouring.it\/radiotouring104\/#\/schema\/person\/78613917f1851f041f7483f5af1d422e\"},\"headline\":\"Reggio: il Col. Misceo presenta il Bilancio 2024 dei Carabinieri Forestali\",\"datePublished\":\"2025-02-03T10:44:26+00:00\",\"dateModified\":\"2025-02-03T10:55:17+00:00\",\"mainEntityOfPage\":{\"@id\":\"https:\/\/progettotouring.it\/radiotouring104\/2025\/02\/03\/66179\/\"},\"wordCount\":2441,\"publisher\":{\"@id\":\"https:\/\/progettotouring.it\/radiotouring104\/#organization\"},\"image\":{\"@id\":\"https:\/\/progettotouring.it\/radiotouring104\/2025\/02\/03\/66179\/#primaryimage\"},\"thumbnailUrl\":\"https:\/\/progettotouring.it\/radiotouring104\/wp-content\/uploads\/sites\/6\/2025\/02\/Bilancio-Carabinieri-Forestali-2024-Castello-Aragonese-Colonnello-Misceo.jpg\",\"keywords\":[\"Bilancio attivit\u00e0 2024\",\"calendario CITES 2025 del Comando Unit\u00e0 Forestali\",\"Castello Aragonese di Reggio Calabria\",\"Col. Giovanni Misceo\",\"conferenza stampa dei Carabinieri Forestali.\"],\"articleSection\":[\"Home\",\"In primo piano\",\"News\",\"Reggio Calabria\"],\"inLanguage\":\"it-IT\"},{\"@type\":\"WebPage\",\"@id\":\"https:\/\/progettotouring.it\/radiotouring104\/2025\/02\/03\/66179\/\",\"url\":\"https:\/\/progettotouring.it\/radiotouring104\/2025\/02\/03\/66179\/\",\"name\":\"Presentato al Castello di Reggio Bilancio 2024 dei Forestali\",\"isPartOf\":{\"@id\":\"https:\/\/progettotouring.it\/radiotouring104\/#website\"},\"primaryImageOfPage\":{\"@id\":\"https:\/\/progettotouring.it\/radiotouring104\/2025\/02\/03\/66179\/#primaryimage\"},\"image\":{\"@id\":\"https:\/\/progettotouring.it\/radiotouring104\/2025\/02\/03\/66179\/#primaryimage\"},\"thumbnailUrl\":\"https:\/\/progettotouring.it\/radiotouring104\/wp-content\/uploads\/sites\/6\/2025\/02\/Bilancio-Carabinieri-Forestali-2024-Castello-Aragonese-Colonnello-Misceo.jpg\",\"datePublished\":\"2025-02-03T10:44:26+00:00\",\"dateModified\":\"2025-02-03T10:55:17+00:00\",\"description\":\"Svolta questa mattina, al Castello Aragonese, la conferenza stampa sulle attivit\u00e0 svolte dai Carabinieri Forestali nel 2024\",\"breadcrumb\":{\"@id\":\"https:\/\/progettotouring.it\/radiotouring104\/2025\/02\/03\/66179\/#breadcrumb\"},\"inLanguage\":\"it-IT\",\"potentialAction\":[{\"@type\":\"ReadAction\",\"target\":[\"https:\/\/progettotouring.it\/radiotouring104\/2025\/02\/03\/66179\/\"]}]},{\"@type\":\"ImageObject\",\"inLanguage\":\"it-IT\",\"@id\":\"https:\/\/progettotouring.it\/radiotouring104\/2025\/02\/03\/66179\/#primaryimage\",\"url\":\"https:\/\/progettotouring.it\/radiotouring104\/wp-content\/uploads\/sites\/6\/2025\/02\/Bilancio-Carabinieri-Forestali-2024-Castello-Aragonese-Colonnello-Misceo.jpg\",\"contentUrl\":\"https:\/\/progettotouring.it\/radiotouring104\/wp-content\/uploads\/sites\/6\/2025\/02\/Bilancio-Carabinieri-Forestali-2024-Castello-Aragonese-Colonnello-Misceo.jpg\",\"width\":1600,\"height\":1200},{\"@type\":\"BreadcrumbList\",\"@id\":\"https:\/\/progettotouring.it\/radiotouring104\/2025\/02\/03\/66179\/#breadcrumb\",\"itemListElement\":[{\"@type\":\"ListItem\",\"position\":1,\"name\":\"Home\",\"item\":\"https:\/\/progettotouring.it\/radiotouring104\/\"},{\"@type\":\"ListItem\",\"position\":2,\"name\":\"Reggio: il Col. Misceo presenta il Bilancio 2024 dei Carabinieri Forestali\"}]},{\"@type\":\"WebSite\",\"@id\":\"https:\/\/progettotouring.it\/radiotouring104\/#website\",\"url\":\"https:\/\/progettotouring.it\/radiotouring104\/\",\"name\":\"Radio Touring 104\",\"description\":\"La prima radio Reggina\",\"publisher\":{\"@id\":\"https:\/\/progettotouring.it\/radiotouring104\/#organization\"},\"potentialAction\":[{\"@type\":\"SearchAction\",\"target\":{\"@type\":\"EntryPoint\",\"urlTemplate\":\"https:\/\/progettotouring.it\/radiotouring104\/?s={search_term_string}\"},\"query-input\":{\"@type\":\"PropertyValueSpecification\",\"valueRequired\":true,\"valueName\":\"search_term_string\"}}],\"inLanguage\":\"it-IT\"},{\"@type\":\"Organization\",\"@id\":\"https:\/\/progettotouring.it\/radiotouring104\/#organization\",\"name\":\"Radio Touring 104\",\"url\":\"https:\/\/progettotouring.it\/radiotouring104\/\",\"logo\":{\"@type\":\"ImageObject\",\"inLanguage\":\"it-IT\",\"@id\":\"https:\/\/progettotouring.it\/radiotouring104\/#\/schema\/logo\/image\/\",\"url\":\"https:\/\/progettotouring.it\/radiotouring104\/wp-content\/uploads\/sites\/6\/2022\/02\/cropped-logo-radio-touring-104.png\",\"contentUrl\":\"https:\/\/progettotouring.it\/radiotouring104\/wp-content\/uploads\/sites\/6\/2022\/02\/cropped-logo-radio-touring-104.png\",\"width\":377,\"height\":182,\"caption\":\"Radio Touring 104\"},\"image\":{\"@id\":\"https:\/\/progettotouring.it\/radiotouring104\/#\/schema\/logo\/image\/\"}},{\"@type\":\"Person\",\"@id\":\"https:\/\/progettotouring.it\/radiotouring104\/#\/schema\/person\/78613917f1851f041f7483f5af1d422e\",\"name\":\"Sebastiano Plutino\",\"image\":{\"@type\":\"ImageObject\",\"inLanguage\":\"it-IT\",\"@id\":\"https:\/\/secure.gravatar.com\/avatar\/0546ffaa9b79224faf9f2a156b67a529ae861d3287c66c1d8ccfdf909bcba78d?s=96&d=mm&r=g\",\"url\":\"https:\/\/secure.gravatar.com\/avatar\/0546ffaa9b79224faf9f2a156b67a529ae861d3287c66c1d8ccfdf909bcba78d?s=96&d=mm&r=g\",\"contentUrl\":\"https:\/\/secure.gravatar.com\/avatar\/0546ffaa9b79224faf9f2a156b67a529ae861d3287c66c1d8ccfdf909bcba78d?s=96&d=mm&r=g\",\"caption\":\"Sebastiano Plutino\"},\"url\":\"https:\/\/progettotouring.it\/radiotouring104\/author\/sebastiano\/\"}]}<\/script>\n<!-- \/ Yoast SEO plugin. -->","yoast_head_json":{"title":"Presentato al Castello di Reggio Bilancio 2024 dei Forestali","description":"Svolta questa mattina, al Castello Aragonese, la conferenza stampa sulle attivit\u00e0 svolte dai Carabinieri Forestali nel 2024","robots":{"index":"index","follow":"follow","max-snippet":"max-snippet:-1","max-image-preview":"max-image-preview:large","max-video-preview":"max-video-preview:-1"},"canonical":"https:\/\/progettotouring.it\/radiotouring104\/2025\/02\/03\/66179\/","og_locale":"it_IT","og_type":"article","og_title":"Presentato al Castello di Reggio Bilancio 2024 dei Forestali","og_description":"Svolta questa mattina, al Castello Aragonese, la conferenza stampa sulle attivit\u00e0 svolte dai Carabinieri Forestali nel 2024","og_url":"https:\/\/progettotouring.it\/radiotouring104\/2025\/02\/03\/66179\/","og_site_name":"Radio Touring 104","article_published_time":"2025-02-03T10:44:26+00:00","article_modified_time":"2025-02-03T10:55:17+00:00","og_image":[{"width":1600,"height":1200,"url":"https:\/\/progettotouring.it\/radiotouring104\/wp-content\/uploads\/sites\/6\/2025\/02\/Bilancio-Carabinieri-Forestali-2024-Castello-Aragonese-Colonnello-Misceo.jpg","type":"image\/jpeg"}],"author":"Sebastiano Plutino","twitter_card":"summary_large_image","twitter_misc":{"Scritto da":"Sebastiano Plutino","Tempo di lettura stimato":"12 minuti"},"schema":{"@context":"https:\/\/schema.org","@graph":[{"@type":"Article","@id":"https:\/\/progettotouring.it\/radiotouring104\/2025\/02\/03\/66179\/#article","isPartOf":{"@id":"https:\/\/progettotouring.it\/radiotouring104\/2025\/02\/03\/66179\/"},"author":{"name":"Sebastiano Plutino","@id":"https:\/\/progettotouring.it\/radiotouring104\/#\/schema\/person\/78613917f1851f041f7483f5af1d422e"},"headline":"Reggio: il Col. Misceo presenta il Bilancio 2024 dei Carabinieri Forestali","datePublished":"2025-02-03T10:44:26+00:00","dateModified":"2025-02-03T10:55:17+00:00","mainEntityOfPage":{"@id":"https:\/\/progettotouring.it\/radiotouring104\/2025\/02\/03\/66179\/"},"wordCount":2441,"publisher":{"@id":"https:\/\/progettotouring.it\/radiotouring104\/#organization"},"image":{"@id":"https:\/\/progettotouring.it\/radiotouring104\/2025\/02\/03\/66179\/#primaryimage"},"thumbnailUrl":"https:\/\/progettotouring.it\/radiotouring104\/wp-content\/uploads\/sites\/6\/2025\/02\/Bilancio-Carabinieri-Forestali-2024-Castello-Aragonese-Colonnello-Misceo.jpg","keywords":["Bilancio attivit\u00e0 2024","calendario CITES 2025 del Comando Unit\u00e0 Forestali","Castello Aragonese di Reggio Calabria","Col. Giovanni Misceo","conferenza stampa dei Carabinieri Forestali."],"articleSection":["Home","In primo piano","News","Reggio Calabria"],"inLanguage":"it-IT"},{"@type":"WebPage","@id":"https:\/\/progettotouring.it\/radiotouring104\/2025\/02\/03\/66179\/","url":"https:\/\/progettotouring.it\/radiotouring104\/2025\/02\/03\/66179\/","name":"Presentato al Castello di Reggio Bilancio 2024 dei Forestali","isPartOf":{"@id":"https:\/\/progettotouring.it\/radiotouring104\/#website"},"primaryImageOfPage":{"@id":"https:\/\/progettotouring.it\/radiotouring104\/2025\/02\/03\/66179\/#primaryimage"},"image":{"@id":"https:\/\/progettotouring.it\/radiotouring104\/2025\/02\/03\/66179\/#primaryimage"},"thumbnailUrl":"https:\/\/progettotouring.it\/radiotouring104\/wp-content\/uploads\/sites\/6\/2025\/02\/Bilancio-Carabinieri-Forestali-2024-Castello-Aragonese-Colonnello-Misceo.jpg","datePublished":"2025-02-03T10:44:26+00:00","dateModified":"2025-02-03T10:55:17+00:00","description":"Svolta questa mattina, al Castello Aragonese, la conferenza stampa sulle attivit\u00e0 svolte dai Carabinieri Forestali nel 2024","breadcrumb":{"@id":"https:\/\/progettotouring.it\/radiotouring104\/2025\/02\/03\/66179\/#breadcrumb"},"inLanguage":"it-IT","potentialAction":[{"@type":"ReadAction","target":["https:\/\/progettotouring.it\/radiotouring104\/2025\/02\/03\/66179\/"]}]},{"@type":"ImageObject","inLanguage":"it-IT","@id":"https:\/\/progettotouring.it\/radiotouring104\/2025\/02\/03\/66179\/#primaryimage","url":"https:\/\/progettotouring.it\/radiotouring104\/wp-content\/uploads\/sites\/6\/2025\/02\/Bilancio-Carabinieri-Forestali-2024-Castello-Aragonese-Colonnello-Misceo.jpg","contentUrl":"https:\/\/progettotouring.it\/radiotouring104\/wp-content\/uploads\/sites\/6\/2025\/02\/Bilancio-Carabinieri-Forestali-2024-Castello-Aragonese-Colonnello-Misceo.jpg","width":1600,"height":1200},{"@type":"BreadcrumbList","@id":"https:\/\/progettotouring.it\/radiotouring104\/2025\/02\/03\/66179\/#breadcrumb","itemListElement":[{"@type":"ListItem","position":1,"name":"Home","item":"https:\/\/progettotouring.it\/radiotouring104\/"},{"@type":"ListItem","position":2,"name":"Reggio: il Col. Misceo presenta il Bilancio 2024 dei Carabinieri Forestali"}]},{"@type":"WebSite","@id":"https:\/\/progettotouring.it\/radiotouring104\/#website","url":"https:\/\/progettotouring.it\/radiotouring104\/","name":"Radio Touring 104","description":"La prima radio Reggina","publisher":{"@id":"https:\/\/progettotouring.it\/radiotouring104\/#organization"},"potentialAction":[{"@type":"SearchAction","target":{"@type":"EntryPoint","urlTemplate":"https:\/\/progettotouring.it\/radiotouring104\/?s={search_term_string}"},"query-input":{"@type":"PropertyValueSpecification","valueRequired":true,"valueName":"search_term_string"}}],"inLanguage":"it-IT"},{"@type":"Organization","@id":"https:\/\/progettotouring.it\/radiotouring104\/#organization","name":"Radio Touring 104","url":"https:\/\/progettotouring.it\/radiotouring104\/","logo":{"@type":"ImageObject","inLanguage":"it-IT","@id":"https:\/\/progettotouring.it\/radiotouring104\/#\/schema\/logo\/image\/","url":"https:\/\/progettotouring.it\/radiotouring104\/wp-content\/uploads\/sites\/6\/2022\/02\/cropped-logo-radio-touring-104.png","contentUrl":"https:\/\/progettotouring.it\/radiotouring104\/wp-content\/uploads\/sites\/6\/2022\/02\/cropped-logo-radio-touring-104.png","width":377,"height":182,"caption":"Radio Touring 104"},"image":{"@id":"https:\/\/progettotouring.it\/radiotouring104\/#\/schema\/logo\/image\/"}},{"@type":"Person","@id":"https:\/\/progettotouring.it\/radiotouring104\/#\/schema\/person\/78613917f1851f041f7483f5af1d422e","name":"Sebastiano Plutino","image":{"@type":"ImageObject","inLanguage":"it-IT","@id":"https:\/\/secure.gravatar.com\/avatar\/0546ffaa9b79224faf9f2a156b67a529ae861d3287c66c1d8ccfdf909bcba78d?s=96&d=mm&r=g","url":"https:\/\/secure.gravatar.com\/avatar\/0546ffaa9b79224faf9f2a156b67a529ae861d3287c66c1d8ccfdf909bcba78d?s=96&d=mm&r=g","contentUrl":"https:\/\/secure.gravatar.com\/avatar\/0546ffaa9b79224faf9f2a156b67a529ae861d3287c66c1d8ccfdf909bcba78d?s=96&d=mm&r=g","caption":"Sebastiano Plutino"},"url":"https:\/\/progettotouring.it\/radiotouring104\/author\/sebastiano\/"}]}},"jetpack_publicize_connections":[],"jetpack_featured_media_url":"https:\/\/progettotouring.it\/radiotouring104\/wp-content\/uploads\/sites\/6\/2025\/02\/Bilancio-Carabinieri-Forestali-2024-Castello-Aragonese-Colonnello-Misceo.jpg","jetpack_sharing_enabled":true,"_links":{"self":[{"href":"https:\/\/progettotouring.it\/radiotouring104\/wp-json\/wp\/v2\/posts\/66179","targetHints":{"allow":["GET"]}}],"collection":[{"href":"https:\/\/progettotouring.it\/radiotouring104\/wp-json\/wp\/v2\/posts"}],"about":[{"href":"https:\/\/progettotouring.it\/radiotouring104\/wp-json\/wp\/v2\/types\/post"}],"author":[{"embeddable":true,"href":"https:\/\/progettotouring.it\/radiotouring104\/wp-json\/wp\/v2\/users\/12"}],"replies":[{"embeddable":true,"href":"https:\/\/progettotouring.it\/radiotouring104\/wp-json\/wp\/v2\/comments?post=66179"}],"version-history":[{"count":3,"href":"https:\/\/progettotouring.it\/radiotouring104\/wp-json\/wp\/v2\/posts\/66179\/revisions"}],"predecessor-version":[{"id":66183,"href":"https:\/\/progettotouring.it\/radiotouring104\/wp-json\/wp\/v2\/posts\/66179\/revisions\/66183"}],"wp:featuredmedia":[{"embeddable":true,"href":"https:\/\/progettotouring.it\/radiotouring104\/wp-json\/wp\/v2\/media\/66180"}],"wp:attachment":[{"href":"https:\/\/progettotouring.it\/radiotouring104\/wp-json\/wp\/v2\/media?parent=66179"}],"wp:term":[{"taxonomy":"category","embeddable":true,"href":"https:\/\/progettotouring.it\/radiotouring104\/wp-json\/wp\/v2\/categories?post=66179"},{"taxonomy":"post_tag","embeddable":true,"href":"https:\/\/progettotouring.it\/radiotouring104\/wp-json\/wp\/v2\/tags?post=66179"}],"curies":[{"name":"wp","href":"https:\/\/api.w.org\/{rel}","templated":true}]}}