{"id":66192,"date":"2025-02-03T12:24:26","date_gmt":"2025-02-03T11:24:26","guid":{"rendered":"https:\/\/progettotouring.it\/radiotouring104\/?p=66192"},"modified":"2025-02-03T12:24:26","modified_gmt":"2025-02-03T11:24:26","slug":"reggio-arrestato-giovane-per-rapina-e-resistenza-al-pubblico-ufficiale","status":"publish","type":"post","link":"https:\/\/progettotouring.it\/radiotouring104\/2025\/02\/03\/reggio-arrestato-giovane-per-rapina-e-resistenza-al-pubblico-ufficiale\/","title":{"rendered":"Reggio: arrestato giovane per rapina e resistenza al pubblico ufficiale"},"content":{"rendered":"<p><strong>I Carabinieri<\/strong> del Nucleo Radiomobile della Compagnia <strong>di Reggio<\/strong> Calabria <strong>hanno arrestato un giovane di origine marocchina, irregolare<\/strong> sul territorio italiano,<strong> per rapina, resistenza e oltraggio a Pubblico Ufficiale.<\/strong><\/p>\n<p><strong>L\u2019episodio<\/strong> si \u00e8 consumato <strong>all\u2019interno di un supermercato di una nota catena italiana<\/strong>.<strong> Il soggetto,<\/strong> gi\u00e0 noto alle forze dell\u2019ordine,<strong> ha prelevato generi alimentari e alcolici dagli scaffali,<\/strong> tentando poi di oltrepassare le casse senza pagare. Alla vista del personale di sicurezza,<strong> invece di fermarsi, ha reagito con violenza,<\/strong> scagliandosi contro un dipendente e ingaggiando una colluttazione nel disperato tentativo di guadagnarsi la fuga.<\/p>\n<p>L\u2019immediato intervento dei Carabinieri ha dato il via a un<strong> inseguimento a piedi per le vie del centro storico.<\/strong> Il malvivente ha tentato il tutto per tutto, ma la rapidit\u00e0 e la determinazione degli uomini dell\u2019Arma hanno avuto la meglio. <strong>Bloccato dopo pochi minuti,<\/strong> ha opposto una forte resistenza, ma<strong> \u00e8 stato prontamente immobilizzato<\/strong>. Nel frattempo, la refurtiva \u2013 che aveva gettato via durante la fuga \u2013 \u00e8 stata recuperata e restituita ai proprietari.<\/p>\n<p>Alla luce della sua condizione di <strong>irregolarit\u00e0 sul territorio nazionale<\/strong> e della pericolosit\u00e0 del suo comportamento, <strong>l\u2019uomo \u00e8 stato trasferito presso la locale Casa Circondariale reggina,<\/strong> dove rimarr\u00e0 a disposizione dell\u2019Autorit\u00e0 Giudiziaria.<\/p>\n<p>Questo episodio sottolinea, ancora una volta, l\u2019importanza della presenza costante delle forze dell\u2019ordine nel contrasto alla criminalit\u00e0 e nella salvaguardia della sicurezza della comunit\u00e0 reggina, dimostrando come la prontezza di intervento possa fare la differenza nel garantire ordine e legalit\u00e0.<\/p>\n<p>Il <strong>procedimento penale si trova nella fase delle indagini preliminari<\/strong> e <strong>per il giovane vale il principio di non colpevolezza fino a condanna definitiva.<\/strong><\/p>\n<p>&nbsp;<\/p>\n<p>&nbsp;<\/p>\n","protected":false},"excerpt":{"rendered":"<p>I Carabinieri del Nucleo Radiomobile della Compagnia di Reggio Calabria hanno arrestato un giovane di origine marocchina, irregolare sul territorio italiano, per rapina, resistenza e oltraggio a Pubblico Ufficiale. L\u2019episodio&hellip;<\/p>\n","protected":false},"author":12,"featured_media":47939,"comment_status":"closed","ping_status":"open","sticky":false,"template":"","format":"standard","meta":{"_jetpack_memberships_contains_paid_content":false,"footnotes":"","jetpack_publicize_message":"","jetpack_publicize_feature_enabled":true,"jetpack_social_post_already_shared":true,"jetpack_social_options":{"image_generator_settings":{"template":"highway","default_image_id":0,"font":"","enabled":false},"version":2}},"categories":[921,196,140],"tags":[40033,40034,40032,4388,40035,31321],"class_list":["post-66192","post","type-post","status-publish","format-standard","has-post-thumbnail","hentry","category-home","category-news","category-reggio-calabria","tag-giovane-arrestato","tag-marocchino-irregolare","tag-polizzia-di-reggio","tag-rapina","tag-rapina-generi-negozio-generi-alimentari","tag-resistenza-al-pubblico-ufficiale"],"yoast_head":"<!-- This site is optimized with the Yoast SEO plugin v27.2 - https:\/\/yoast.com\/product\/yoast-seo-wordpress\/ -->\n<title>Reggio: arrestato giovane per rapina e resistenza al pubblico ufficiale - Radio Touring 104<\/title>\n<meta name=\"description\" content=\"I Carabinieri di Reggio hanno arrestato un giovane cittadino di origine marocchina ed irregolare per rapina e resistenza al pubblico ufficiale\" \/>\n<meta name=\"robots\" content=\"index, follow, max-snippet:-1, max-image-preview:large, max-video-preview:-1\" \/>\n<link rel=\"canonical\" href=\"https:\/\/progettotouring.it\/radiotouring104\/2025\/02\/03\/reggio-arrestato-giovane-per-rapina-e-resistenza-al-pubblico-ufficiale\/\" \/>\n<meta property=\"og:locale\" content=\"it_IT\" \/>\n<meta property=\"og:type\" content=\"article\" \/>\n<meta property=\"og:title\" content=\"Reggio: arrestato giovane per rapina e resistenza al pubblico ufficiale - Radio Touring 104\" \/>\n<meta property=\"og:description\" content=\"I Carabinieri di Reggio hanno arrestato un giovane cittadino di origine marocchina ed irregolare per rapina e resistenza al pubblico ufficiale\" \/>\n<meta property=\"og:url\" content=\"https:\/\/progettotouring.it\/radiotouring104\/2025\/02\/03\/reggio-arrestato-giovane-per-rapina-e-resistenza-al-pubblico-ufficiale\/\" \/>\n<meta property=\"og:site_name\" content=\"Radio Touring 104\" \/>\n<meta property=\"article:published_time\" content=\"2025-02-03T11:24:26+00:00\" \/>\n<meta property=\"og:image\" content=\"https:\/\/progettotouring.it\/radiotouring104\/wp-content\/uploads\/sites\/6\/2024\/03\/moto-carabinieri-Reggio-via-marina.jpg\" \/>\n\t<meta property=\"og:image:width\" content=\"1600\" \/>\n\t<meta property=\"og:image:height\" content=\"997\" \/>\n\t<meta property=\"og:image:type\" content=\"image\/jpeg\" \/>\n<meta name=\"author\" content=\"Sebastiano Plutino\" \/>\n<meta name=\"twitter:card\" content=\"summary_large_image\" \/>\n<meta name=\"twitter:label1\" content=\"Scritto da\" \/>\n\t<meta name=\"twitter:data1\" content=\"Sebastiano Plutino\" \/>\n\t<meta name=\"twitter:label2\" content=\"Tempo di lettura stimato\" \/>\n\t<meta name=\"twitter:data2\" content=\"1 minuto\" \/>\n<script type=\"application\/ld+json\" class=\"yoast-schema-graph\">{\"@context\":\"https:\/\/schema.org\",\"@graph\":[{\"@type\":\"Article\",\"@id\":\"https:\/\/progettotouring.it\/radiotouring104\/2025\/02\/03\/reggio-arrestato-giovane-per-rapina-e-resistenza-al-pubblico-ufficiale\/#article\",\"isPartOf\":{\"@id\":\"https:\/\/progettotouring.it\/radiotouring104\/2025\/02\/03\/reggio-arrestato-giovane-per-rapina-e-resistenza-al-pubblico-ufficiale\/\"},\"author\":{\"name\":\"Sebastiano Plutino\",\"@id\":\"https:\/\/progettotouring.it\/radiotouring104\/#\/schema\/person\/78613917f1851f041f7483f5af1d422e\"},\"headline\":\"Reggio: arrestato giovane per rapina e resistenza al pubblico ufficiale\",\"datePublished\":\"2025-02-03T11:24:26+00:00\",\"mainEntityOfPage\":{\"@id\":\"https:\/\/progettotouring.it\/radiotouring104\/2025\/02\/03\/reggio-arrestato-giovane-per-rapina-e-resistenza-al-pubblico-ufficiale\/\"},\"wordCount\":278,\"publisher\":{\"@id\":\"https:\/\/progettotouring.it\/radiotouring104\/#organization\"},\"image\":{\"@id\":\"https:\/\/progettotouring.it\/radiotouring104\/2025\/02\/03\/reggio-arrestato-giovane-per-rapina-e-resistenza-al-pubblico-ufficiale\/#primaryimage\"},\"thumbnailUrl\":\"https:\/\/progettotouring.it\/radiotouring104\/wp-content\/uploads\/sites\/6\/2024\/03\/moto-carabinieri-Reggio-via-marina.jpg\",\"keywords\":[\"giovane arrestato\",\"marocchino irregolare\",\"Polizzia di Reggio\",\"rapina\",\"rapina generi negozio generi alimentari\",\"resistenza al pubblico ufficiale\"],\"articleSection\":[\"Home\",\"News\",\"Reggio Calabria\"],\"inLanguage\":\"it-IT\"},{\"@type\":\"WebPage\",\"@id\":\"https:\/\/progettotouring.it\/radiotouring104\/2025\/02\/03\/reggio-arrestato-giovane-per-rapina-e-resistenza-al-pubblico-ufficiale\/\",\"url\":\"https:\/\/progettotouring.it\/radiotouring104\/2025\/02\/03\/reggio-arrestato-giovane-per-rapina-e-resistenza-al-pubblico-ufficiale\/\",\"name\":\"Reggio: arrestato giovane per rapina e resistenza al pubblico ufficiale - Radio Touring 104\",\"isPartOf\":{\"@id\":\"https:\/\/progettotouring.it\/radiotouring104\/#website\"},\"primaryImageOfPage\":{\"@id\":\"https:\/\/progettotouring.it\/radiotouring104\/2025\/02\/03\/reggio-arrestato-giovane-per-rapina-e-resistenza-al-pubblico-ufficiale\/#primaryimage\"},\"image\":{\"@id\":\"https:\/\/progettotouring.it\/radiotouring104\/2025\/02\/03\/reggio-arrestato-giovane-per-rapina-e-resistenza-al-pubblico-ufficiale\/#primaryimage\"},\"thumbnailUrl\":\"https:\/\/progettotouring.it\/radiotouring104\/wp-content\/uploads\/sites\/6\/2024\/03\/moto-carabinieri-Reggio-via-marina.jpg\",\"datePublished\":\"2025-02-03T11:24:26+00:00\",\"description\":\"I Carabinieri di Reggio hanno arrestato un giovane cittadino di origine marocchina ed irregolare per rapina e resistenza al pubblico ufficiale\",\"breadcrumb\":{\"@id\":\"https:\/\/progettotouring.it\/radiotouring104\/2025\/02\/03\/reggio-arrestato-giovane-per-rapina-e-resistenza-al-pubblico-ufficiale\/#breadcrumb\"},\"inLanguage\":\"it-IT\",\"potentialAction\":[{\"@type\":\"ReadAction\",\"target\":[\"https:\/\/progettotouring.it\/radiotouring104\/2025\/02\/03\/reggio-arrestato-giovane-per-rapina-e-resistenza-al-pubblico-ufficiale\/\"]}]},{\"@type\":\"ImageObject\",\"inLanguage\":\"it-IT\",\"@id\":\"https:\/\/progettotouring.it\/radiotouring104\/2025\/02\/03\/reggio-arrestato-giovane-per-rapina-e-resistenza-al-pubblico-ufficiale\/#primaryimage\",\"url\":\"https:\/\/progettotouring.it\/radiotouring104\/wp-content\/uploads\/sites\/6\/2024\/03\/moto-carabinieri-Reggio-via-marina.jpg\",\"contentUrl\":\"https:\/\/progettotouring.it\/radiotouring104\/wp-content\/uploads\/sites\/6\/2024\/03\/moto-carabinieri-Reggio-via-marina.jpg\",\"width\":1600,\"height\":997},{\"@type\":\"BreadcrumbList\",\"@id\":\"https:\/\/progettotouring.it\/radiotouring104\/2025\/02\/03\/reggio-arrestato-giovane-per-rapina-e-resistenza-al-pubblico-ufficiale\/#breadcrumb\",\"itemListElement\":[{\"@type\":\"ListItem\",\"position\":1,\"name\":\"Home\",\"item\":\"https:\/\/progettotouring.it\/radiotouring104\/\"},{\"@type\":\"ListItem\",\"position\":2,\"name\":\"Reggio: arrestato giovane per rapina e resistenza al pubblico ufficiale\"}]},{\"@type\":\"WebSite\",\"@id\":\"https:\/\/progettotouring.it\/radiotouring104\/#website\",\"url\":\"https:\/\/progettotouring.it\/radiotouring104\/\",\"name\":\"Radio Touring 104\",\"description\":\"La prima radio Reggina\",\"publisher\":{\"@id\":\"https:\/\/progettotouring.it\/radiotouring104\/#organization\"},\"potentialAction\":[{\"@type\":\"SearchAction\",\"target\":{\"@type\":\"EntryPoint\",\"urlTemplate\":\"https:\/\/progettotouring.it\/radiotouring104\/?s={search_term_string}\"},\"query-input\":{\"@type\":\"PropertyValueSpecification\",\"valueRequired\":true,\"valueName\":\"search_term_string\"}}],\"inLanguage\":\"it-IT\"},{\"@type\":\"Organization\",\"@id\":\"https:\/\/progettotouring.it\/radiotouring104\/#organization\",\"name\":\"Radio Touring 104\",\"url\":\"https:\/\/progettotouring.it\/radiotouring104\/\",\"logo\":{\"@type\":\"ImageObject\",\"inLanguage\":\"it-IT\",\"@id\":\"https:\/\/progettotouring.it\/radiotouring104\/#\/schema\/logo\/image\/\",\"url\":\"https:\/\/progettotouring.it\/radiotouring104\/wp-content\/uploads\/sites\/6\/2022\/02\/cropped-logo-radio-touring-104.png\",\"contentUrl\":\"https:\/\/progettotouring.it\/radiotouring104\/wp-content\/uploads\/sites\/6\/2022\/02\/cropped-logo-radio-touring-104.png\",\"width\":377,\"height\":182,\"caption\":\"Radio Touring 104\"},\"image\":{\"@id\":\"https:\/\/progettotouring.it\/radiotouring104\/#\/schema\/logo\/image\/\"}},{\"@type\":\"Person\",\"@id\":\"https:\/\/progettotouring.it\/radiotouring104\/#\/schema\/person\/78613917f1851f041f7483f5af1d422e\",\"name\":\"Sebastiano Plutino\",\"image\":{\"@type\":\"ImageObject\",\"inLanguage\":\"it-IT\",\"@id\":\"https:\/\/secure.gravatar.com\/avatar\/0546ffaa9b79224faf9f2a156b67a529ae861d3287c66c1d8ccfdf909bcba78d?s=96&d=mm&r=g\",\"url\":\"https:\/\/secure.gravatar.com\/avatar\/0546ffaa9b79224faf9f2a156b67a529ae861d3287c66c1d8ccfdf909bcba78d?s=96&d=mm&r=g\",\"contentUrl\":\"https:\/\/secure.gravatar.com\/avatar\/0546ffaa9b79224faf9f2a156b67a529ae861d3287c66c1d8ccfdf909bcba78d?s=96&d=mm&r=g\",\"caption\":\"Sebastiano Plutino\"},\"url\":\"https:\/\/progettotouring.it\/radiotouring104\/author\/sebastiano\/\"}]}<\/script>\n<!-- \/ Yoast SEO plugin. -->","yoast_head_json":{"title":"Reggio: arrestato giovane per rapina e resistenza al pubblico ufficiale - Radio Touring 104","description":"I Carabinieri di Reggio hanno arrestato un giovane cittadino di origine marocchina ed irregolare per rapina e resistenza al pubblico ufficiale","robots":{"index":"index","follow":"follow","max-snippet":"max-snippet:-1","max-image-preview":"max-image-preview:large","max-video-preview":"max-video-preview:-1"},"canonical":"https:\/\/progettotouring.it\/radiotouring104\/2025\/02\/03\/reggio-arrestato-giovane-per-rapina-e-resistenza-al-pubblico-ufficiale\/","og_locale":"it_IT","og_type":"article","og_title":"Reggio: arrestato giovane per rapina e resistenza al pubblico ufficiale - Radio Touring 104","og_description":"I Carabinieri di Reggio hanno arrestato un giovane cittadino di origine marocchina ed irregolare per rapina e resistenza al pubblico ufficiale","og_url":"https:\/\/progettotouring.it\/radiotouring104\/2025\/02\/03\/reggio-arrestato-giovane-per-rapina-e-resistenza-al-pubblico-ufficiale\/","og_site_name":"Radio Touring 104","article_published_time":"2025-02-03T11:24:26+00:00","og_image":[{"width":1600,"height":997,"url":"https:\/\/progettotouring.it\/radiotouring104\/wp-content\/uploads\/sites\/6\/2024\/03\/moto-carabinieri-Reggio-via-marina.jpg","type":"image\/jpeg"}],"author":"Sebastiano Plutino","twitter_card":"summary_large_image","twitter_misc":{"Scritto da":"Sebastiano Plutino","Tempo di lettura stimato":"1 minuto"},"schema":{"@context":"https:\/\/schema.org","@graph":[{"@type":"Article","@id":"https:\/\/progettotouring.it\/radiotouring104\/2025\/02\/03\/reggio-arrestato-giovane-per-rapina-e-resistenza-al-pubblico-ufficiale\/#article","isPartOf":{"@id":"https:\/\/progettotouring.it\/radiotouring104\/2025\/02\/03\/reggio-arrestato-giovane-per-rapina-e-resistenza-al-pubblico-ufficiale\/"},"author":{"name":"Sebastiano Plutino","@id":"https:\/\/progettotouring.it\/radiotouring104\/#\/schema\/person\/78613917f1851f041f7483f5af1d422e"},"headline":"Reggio: arrestato giovane per rapina e resistenza al pubblico ufficiale","datePublished":"2025-02-03T11:24:26+00:00","mainEntityOfPage":{"@id":"https:\/\/progettotouring.it\/radiotouring104\/2025\/02\/03\/reggio-arrestato-giovane-per-rapina-e-resistenza-al-pubblico-ufficiale\/"},"wordCount":278,"publisher":{"@id":"https:\/\/progettotouring.it\/radiotouring104\/#organization"},"image":{"@id":"https:\/\/progettotouring.it\/radiotouring104\/2025\/02\/03\/reggio-arrestato-giovane-per-rapina-e-resistenza-al-pubblico-ufficiale\/#primaryimage"},"thumbnailUrl":"https:\/\/progettotouring.it\/radiotouring104\/wp-content\/uploads\/sites\/6\/2024\/03\/moto-carabinieri-Reggio-via-marina.jpg","keywords":["giovane arrestato","marocchino irregolare","Polizzia di Reggio","rapina","rapina generi negozio generi alimentari","resistenza al pubblico ufficiale"],"articleSection":["Home","News","Reggio Calabria"],"inLanguage":"it-IT"},{"@type":"WebPage","@id":"https:\/\/progettotouring.it\/radiotouring104\/2025\/02\/03\/reggio-arrestato-giovane-per-rapina-e-resistenza-al-pubblico-ufficiale\/","url":"https:\/\/progettotouring.it\/radiotouring104\/2025\/02\/03\/reggio-arrestato-giovane-per-rapina-e-resistenza-al-pubblico-ufficiale\/","name":"Reggio: arrestato giovane per rapina e resistenza al pubblico ufficiale - Radio Touring 104","isPartOf":{"@id":"https:\/\/progettotouring.it\/radiotouring104\/#website"},"primaryImageOfPage":{"@id":"https:\/\/progettotouring.it\/radiotouring104\/2025\/02\/03\/reggio-arrestato-giovane-per-rapina-e-resistenza-al-pubblico-ufficiale\/#primaryimage"},"image":{"@id":"https:\/\/progettotouring.it\/radiotouring104\/2025\/02\/03\/reggio-arrestato-giovane-per-rapina-e-resistenza-al-pubblico-ufficiale\/#primaryimage"},"thumbnailUrl":"https:\/\/progettotouring.it\/radiotouring104\/wp-content\/uploads\/sites\/6\/2024\/03\/moto-carabinieri-Reggio-via-marina.jpg","datePublished":"2025-02-03T11:24:26+00:00","description":"I Carabinieri di Reggio hanno arrestato un giovane cittadino di origine marocchina ed irregolare per rapina e resistenza al pubblico ufficiale","breadcrumb":{"@id":"https:\/\/progettotouring.it\/radiotouring104\/2025\/02\/03\/reggio-arrestato-giovane-per-rapina-e-resistenza-al-pubblico-ufficiale\/#breadcrumb"},"inLanguage":"it-IT","potentialAction":[{"@type":"ReadAction","target":["https:\/\/progettotouring.it\/radiotouring104\/2025\/02\/03\/reggio-arrestato-giovane-per-rapina-e-resistenza-al-pubblico-ufficiale\/"]}]},{"@type":"ImageObject","inLanguage":"it-IT","@id":"https:\/\/progettotouring.it\/radiotouring104\/2025\/02\/03\/reggio-arrestato-giovane-per-rapina-e-resistenza-al-pubblico-ufficiale\/#primaryimage","url":"https:\/\/progettotouring.it\/radiotouring104\/wp-content\/uploads\/sites\/6\/2024\/03\/moto-carabinieri-Reggio-via-marina.jpg","contentUrl":"https:\/\/progettotouring.it\/radiotouring104\/wp-content\/uploads\/sites\/6\/2024\/03\/moto-carabinieri-Reggio-via-marina.jpg","width":1600,"height":997},{"@type":"BreadcrumbList","@id":"https:\/\/progettotouring.it\/radiotouring104\/2025\/02\/03\/reggio-arrestato-giovane-per-rapina-e-resistenza-al-pubblico-ufficiale\/#breadcrumb","itemListElement":[{"@type":"ListItem","position":1,"name":"Home","item":"https:\/\/progettotouring.it\/radiotouring104\/"},{"@type":"ListItem","position":2,"name":"Reggio: arrestato giovane per rapina e resistenza al pubblico ufficiale"}]},{"@type":"WebSite","@id":"https:\/\/progettotouring.it\/radiotouring104\/#website","url":"https:\/\/progettotouring.it\/radiotouring104\/","name":"Radio Touring 104","description":"La prima radio Reggina","publisher":{"@id":"https:\/\/progettotouring.it\/radiotouring104\/#organization"},"potentialAction":[{"@type":"SearchAction","target":{"@type":"EntryPoint","urlTemplate":"https:\/\/progettotouring.it\/radiotouring104\/?s={search_term_string}"},"query-input":{"@type":"PropertyValueSpecification","valueRequired":true,"valueName":"search_term_string"}}],"inLanguage":"it-IT"},{"@type":"Organization","@id":"https:\/\/progettotouring.it\/radiotouring104\/#organization","name":"Radio Touring 104","url":"https:\/\/progettotouring.it\/radiotouring104\/","logo":{"@type":"ImageObject","inLanguage":"it-IT","@id":"https:\/\/progettotouring.it\/radiotouring104\/#\/schema\/logo\/image\/","url":"https:\/\/progettotouring.it\/radiotouring104\/wp-content\/uploads\/sites\/6\/2022\/02\/cropped-logo-radio-touring-104.png","contentUrl":"https:\/\/progettotouring.it\/radiotouring104\/wp-content\/uploads\/sites\/6\/2022\/02\/cropped-logo-radio-touring-104.png","width":377,"height":182,"caption":"Radio Touring 104"},"image":{"@id":"https:\/\/progettotouring.it\/radiotouring104\/#\/schema\/logo\/image\/"}},{"@type":"Person","@id":"https:\/\/progettotouring.it\/radiotouring104\/#\/schema\/person\/78613917f1851f041f7483f5af1d422e","name":"Sebastiano Plutino","image":{"@type":"ImageObject","inLanguage":"it-IT","@id":"https:\/\/secure.gravatar.com\/avatar\/0546ffaa9b79224faf9f2a156b67a529ae861d3287c66c1d8ccfdf909bcba78d?s=96&d=mm&r=g","url":"https:\/\/secure.gravatar.com\/avatar\/0546ffaa9b79224faf9f2a156b67a529ae861d3287c66c1d8ccfdf909bcba78d?s=96&d=mm&r=g","contentUrl":"https:\/\/secure.gravatar.com\/avatar\/0546ffaa9b79224faf9f2a156b67a529ae861d3287c66c1d8ccfdf909bcba78d?s=96&d=mm&r=g","caption":"Sebastiano Plutino"},"url":"https:\/\/progettotouring.it\/radiotouring104\/author\/sebastiano\/"}]}},"jetpack_publicize_connections":[],"jetpack_featured_media_url":"https:\/\/progettotouring.it\/radiotouring104\/wp-content\/uploads\/sites\/6\/2024\/03\/moto-carabinieri-Reggio-via-marina.jpg","jetpack_sharing_enabled":true,"_links":{"self":[{"href":"https:\/\/progettotouring.it\/radiotouring104\/wp-json\/wp\/v2\/posts\/66192","targetHints":{"allow":["GET"]}}],"collection":[{"href":"https:\/\/progettotouring.it\/radiotouring104\/wp-json\/wp\/v2\/posts"}],"about":[{"href":"https:\/\/progettotouring.it\/radiotouring104\/wp-json\/wp\/v2\/types\/post"}],"author":[{"embeddable":true,"href":"https:\/\/progettotouring.it\/radiotouring104\/wp-json\/wp\/v2\/users\/12"}],"replies":[{"embeddable":true,"href":"https:\/\/progettotouring.it\/radiotouring104\/wp-json\/wp\/v2\/comments?post=66192"}],"version-history":[{"count":1,"href":"https:\/\/progettotouring.it\/radiotouring104\/wp-json\/wp\/v2\/posts\/66192\/revisions"}],"predecessor-version":[{"id":66193,"href":"https:\/\/progettotouring.it\/radiotouring104\/wp-json\/wp\/v2\/posts\/66192\/revisions\/66193"}],"wp:featuredmedia":[{"embeddable":true,"href":"https:\/\/progettotouring.it\/radiotouring104\/wp-json\/wp\/v2\/media\/47939"}],"wp:attachment":[{"href":"https:\/\/progettotouring.it\/radiotouring104\/wp-json\/wp\/v2\/media?parent=66192"}],"wp:term":[{"taxonomy":"category","embeddable":true,"href":"https:\/\/progettotouring.it\/radiotouring104\/wp-json\/wp\/v2\/categories?post=66192"},{"taxonomy":"post_tag","embeddable":true,"href":"https:\/\/progettotouring.it\/radiotouring104\/wp-json\/wp\/v2\/tags?post=66192"}],"curies":[{"name":"wp","href":"https:\/\/api.w.org\/{rel}","templated":true}]}}