{"id":66220,"date":"2025-02-04T09:46:06","date_gmt":"2025-02-04T08:46:06","guid":{"rendered":"https:\/\/progettotouring.it\/radiotouring104\/?p=66220"},"modified":"2025-02-04T09:46:06","modified_gmt":"2025-02-04T08:46:06","slug":"reggio-lizzi-rassicura-sulla-continuita-del-servizio-degli-assistenti-educativi","status":"publish","type":"post","link":"https:\/\/progettotouring.it\/radiotouring104\/2025\/02\/04\/reggio-lizzi-rassicura-sulla-continuita-del-servizio-degli-assistenti-educativi\/","title":{"rendered":"Reggio: Lizzi rassicura sulla continuit\u00e0 del Servizio degli Assistenti Educativi"},"content":{"rendered":"<div style=\"text-align: justify\"><em>\u00abStiamo concentrando ogni sforzo possibile per tutelare il lavoro, le lavoratrici, i lavoratori, i ragazzi e le ragazze che usufruiscono del servizio essenziale fornito dagli assistenti educativi\u00bb.<\/em> E\u2019 quanto<strong> afferma il consigliere<\/strong> metropolitano delegato all\u2019Istruzione,<strong> Rudi Lizzi, illustrando gli esiti dell\u2019incontro<\/strong>, proficuo e costruttivo,<strong> avuto con i sindacati<\/strong> su un tema particolarmente delicato e complesso.<\/p>\n<p><em>\u00abI fondi di scopo, in arrivo dal Ministero per tramite della Regione Calabria<\/em> \u2013 <strong>spiega Lizzi<\/strong> <em>\u2013 sono insufficienti a garantire la totalit\u00e0 delle ore richieste dai dirigenti scolastici. Percepite le difficolt\u00e0, la Citt\u00e0 Metropolitana si \u00e8 subito attivata per ricercare, all\u2019interno delle proprie economie, le somme necessarie a coprire il fabbisogno orario dell\u2019intero anno scolastico. Attingeremo, dunque, da fondi di bilancio nella certezza di trovare la massima condivisione, fuori e dentro l\u2019assemblea di Palazzo Alvaro, rispetto ad un\u2019attivit\u00e0 destinata a risolvere i disagi che interessano la quotidianit\u00e0 di studenti, famiglie ed operatori di settore\u00bb.<\/em><\/p>\n<p><em>\u00abIl nostro impegno \u2013<\/em><strong> ribadisce il consigliere delegato<\/strong> \u2013<em> \u00e8 stato colto appieno sia dai sindacati, sia dagli assistenti educativi, che hanno preso parte alla riunione dei giorni scorsi. Per questo, a loro va il mio personale ringraziamento considerato che la collaborazione, in questa fase, \u00e8 un elemento essenziale per raggiungere un risultato molto importante\u00bb.<\/em><\/p>\n<p><em>\u00abEcco perch\u00e9 \u2013<\/em><strong> prosegue Lizzi<\/strong> \u2013 <em>appaiono stonate e fuori contesto le recenti esternazioni del deputato Francesco Cannizzaro che, probabilmente, ha frainteso il vero nodo della questione, lasciandosi andare, nel corso di un\u2019intervista, a dichiarazioni che rischiano di alimentare inutili conflitti ed una confusione che mina la serenit\u00e0 di un confronto improntato alla risoluzione definitiva del problema\u00bb.<\/em><\/p>\n<p><em>\u00abInfatti \u2013<\/em><strong> ricorda il delegato all\u2019Istruzione<\/strong> \u2013<em> la Citt\u00e0 Metropolitana, seguendo le linee del sindaco Giuseppe Falcomat\u00e0, punta ad istituire un tavolo permanente dove, insieme ai rappresentanti delle parti sociali e del sistema educativo territoriale, si possano superare, definitivamente, le difficolt\u00e0 contingenti ed organizzare al meglio le attivit\u00e0 future\u00bb.<\/em><\/p>\n<p><em>\u00abQuesto processo \u2013<\/em><strong> conclude Rudi Lizzi \u2013<\/strong> <em>si nutre di collaborazione e sinergia fra tutte le forze in campo che, attraverso un\u2019unit\u00e0 fattiva, concreta e reale possano realmente sciogliere il bandolo della matassa. Ogni fuga in avanti e qualsiasi strumentalizzazione politica, invece, rappresentano un serio ostacolo al raggiungimento di un obiettivo utile e necessario, solo e soltanto, ai lavoratori, alle lavoratrici ed agli utenti di un servizio quanto mai necessario e fondamentale\u00bb.<\/em><\/div>\n<div>\n<div class=\"xmprfx_gmail_signature\" dir=\"ltr\" data-smartmail=\"gmail_signature\">\n<div dir=\"ltr\">\n<div>\n<div><\/div>\n<\/div>\n<\/div>\n<\/div>\n<\/div>\n","protected":false},"excerpt":{"rendered":"<p>\u00abStiamo concentrando ogni sforzo possibile per tutelare il lavoro, le lavoratrici, i lavoratori, i ragazzi e le ragazze che usufruiscono del servizio essenziale fornito dagli assistenti educativi\u00bb. E\u2019 quanto afferma&hellip;<\/p>\n","protected":false},"author":12,"featured_media":5666,"comment_status":"closed","ping_status":"open","sticky":false,"template":"","format":"standard","meta":{"_jetpack_memberships_contains_paid_content":false,"footnotes":"","jetpack_publicize_message":"","jetpack_publicize_feature_enabled":true,"jetpack_social_post_already_shared":true,"jetpack_social_options":{"image_generator_settings":{"template":"highway","default_image_id":0,"font":"","enabled":false},"version":2}},"categories":[921,196,140],"tags":[1036,40063,9778,40061,40062,1244],"class_list":["post-66220","post","type-post","status-publish","format-standard","has-post-thumbnail","hentry","category-home","category-news","category-reggio-calabria","tag-assistenti-educativi","tag-attingeremo-a-fondi-di-bilancio-per-garantire-continuita","tag-comune-di-reggio","tag-continuita-del-servizio","tag-incontro-coi-sindacati","tag-rudi-lizzi"],"yoast_head":"<!-- This site is optimized with the Yoast SEO plugin v27.2 - https:\/\/yoast.com\/product\/yoast-seo-wordpress\/ -->\n<title>Lizzi rassicura sulla continuit\u00e0 del Servizio degli Assistenti Educativi<\/title>\n<meta name=\"description\" content=\"&quot;Tuteliamo il lavoro e gli utenti, attingeremo a fondi di bilancio per garantire continuit\u00e0&quot;, dichiara il Consigliere Lizzi\" \/>\n<meta name=\"robots\" content=\"index, follow, max-snippet:-1, max-image-preview:large, max-video-preview:-1\" \/>\n<link rel=\"canonical\" href=\"https:\/\/progettotouring.it\/radiotouring104\/2025\/02\/04\/reggio-lizzi-rassicura-sulla-continuita-del-servizio-degli-assistenti-educativi\/\" \/>\n<meta property=\"og:locale\" content=\"it_IT\" \/>\n<meta property=\"og:type\" content=\"article\" \/>\n<meta property=\"og:title\" content=\"Lizzi rassicura sulla continuit\u00e0 del Servizio degli Assistenti Educativi\" \/>\n<meta property=\"og:description\" content=\"&quot;Tuteliamo il lavoro e gli utenti, attingeremo a fondi di bilancio per garantire continuit\u00e0&quot;, dichiara il Consigliere Lizzi\" \/>\n<meta property=\"og:url\" content=\"https:\/\/progettotouring.it\/radiotouring104\/2025\/02\/04\/reggio-lizzi-rassicura-sulla-continuita-del-servizio-degli-assistenti-educativi\/\" \/>\n<meta property=\"og:site_name\" content=\"Radio Touring 104\" \/>\n<meta property=\"article:published_time\" content=\"2025-02-04T08:46:06+00:00\" \/>\n<meta property=\"og:image\" content=\"https:\/\/progettotouring.it\/radiotouring104\/wp-content\/uploads\/sites\/6\/2022\/05\/san-giorgio-comune.jpg\" \/>\n\t<meta property=\"og:image:width\" content=\"1920\" \/>\n\t<meta property=\"og:image:height\" content=\"1080\" \/>\n\t<meta property=\"og:image:type\" content=\"image\/jpeg\" \/>\n<meta name=\"author\" content=\"Sebastiano Plutino\" \/>\n<meta name=\"twitter:card\" content=\"summary_large_image\" \/>\n<meta name=\"twitter:label1\" content=\"Scritto da\" \/>\n\t<meta name=\"twitter:data1\" content=\"Sebastiano Plutino\" \/>\n\t<meta name=\"twitter:label2\" content=\"Tempo di lettura stimato\" \/>\n\t<meta name=\"twitter:data2\" content=\"2 minuti\" \/>\n<script type=\"application\/ld+json\" class=\"yoast-schema-graph\">{\"@context\":\"https:\/\/schema.org\",\"@graph\":[{\"@type\":\"Article\",\"@id\":\"https:\/\/progettotouring.it\/radiotouring104\/2025\/02\/04\/reggio-lizzi-rassicura-sulla-continuita-del-servizio-degli-assistenti-educativi\/#article\",\"isPartOf\":{\"@id\":\"https:\/\/progettotouring.it\/radiotouring104\/2025\/02\/04\/reggio-lizzi-rassicura-sulla-continuita-del-servizio-degli-assistenti-educativi\/\"},\"author\":{\"name\":\"Sebastiano Plutino\",\"@id\":\"https:\/\/progettotouring.it\/radiotouring104\/#\/schema\/person\/78613917f1851f041f7483f5af1d422e\"},\"headline\":\"Reggio: Lizzi rassicura sulla continuit\u00e0 del Servizio degli Assistenti Educativi\",\"datePublished\":\"2025-02-04T08:46:06+00:00\",\"mainEntityOfPage\":{\"@id\":\"https:\/\/progettotouring.it\/radiotouring104\/2025\/02\/04\/reggio-lizzi-rassicura-sulla-continuita-del-servizio-degli-assistenti-educativi\/\"},\"wordCount\":389,\"publisher\":{\"@id\":\"https:\/\/progettotouring.it\/radiotouring104\/#organization\"},\"image\":{\"@id\":\"https:\/\/progettotouring.it\/radiotouring104\/2025\/02\/04\/reggio-lizzi-rassicura-sulla-continuita-del-servizio-degli-assistenti-educativi\/#primaryimage\"},\"thumbnailUrl\":\"https:\/\/progettotouring.it\/radiotouring104\/wp-content\/uploads\/sites\/6\/2022\/05\/san-giorgio-comune.jpg\",\"keywords\":[\"assistenti educativi\",\"attingeremo a fondi di bilancio per garantire continuit\u00e0\",\"Comune di Reggio\",\"continuit\u00e0 del servizio\",\"incontro coi sindacati\",\"Rudi Lizzi\"],\"articleSection\":[\"Home\",\"News\",\"Reggio Calabria\"],\"inLanguage\":\"it-IT\"},{\"@type\":\"WebPage\",\"@id\":\"https:\/\/progettotouring.it\/radiotouring104\/2025\/02\/04\/reggio-lizzi-rassicura-sulla-continuita-del-servizio-degli-assistenti-educativi\/\",\"url\":\"https:\/\/progettotouring.it\/radiotouring104\/2025\/02\/04\/reggio-lizzi-rassicura-sulla-continuita-del-servizio-degli-assistenti-educativi\/\",\"name\":\"Lizzi rassicura sulla continuit\u00e0 del Servizio degli Assistenti Educativi\",\"isPartOf\":{\"@id\":\"https:\/\/progettotouring.it\/radiotouring104\/#website\"},\"primaryImageOfPage\":{\"@id\":\"https:\/\/progettotouring.it\/radiotouring104\/2025\/02\/04\/reggio-lizzi-rassicura-sulla-continuita-del-servizio-degli-assistenti-educativi\/#primaryimage\"},\"image\":{\"@id\":\"https:\/\/progettotouring.it\/radiotouring104\/2025\/02\/04\/reggio-lizzi-rassicura-sulla-continuita-del-servizio-degli-assistenti-educativi\/#primaryimage\"},\"thumbnailUrl\":\"https:\/\/progettotouring.it\/radiotouring104\/wp-content\/uploads\/sites\/6\/2022\/05\/san-giorgio-comune.jpg\",\"datePublished\":\"2025-02-04T08:46:06+00:00\",\"description\":\"\\\"Tuteliamo il lavoro e gli utenti, attingeremo a fondi di bilancio per garantire continuit\u00e0\\\", dichiara il Consigliere Lizzi\",\"breadcrumb\":{\"@id\":\"https:\/\/progettotouring.it\/radiotouring104\/2025\/02\/04\/reggio-lizzi-rassicura-sulla-continuita-del-servizio-degli-assistenti-educativi\/#breadcrumb\"},\"inLanguage\":\"it-IT\",\"potentialAction\":[{\"@type\":\"ReadAction\",\"target\":[\"https:\/\/progettotouring.it\/radiotouring104\/2025\/02\/04\/reggio-lizzi-rassicura-sulla-continuita-del-servizio-degli-assistenti-educativi\/\"]}]},{\"@type\":\"ImageObject\",\"inLanguage\":\"it-IT\",\"@id\":\"https:\/\/progettotouring.it\/radiotouring104\/2025\/02\/04\/reggio-lizzi-rassicura-sulla-continuita-del-servizio-degli-assistenti-educativi\/#primaryimage\",\"url\":\"https:\/\/progettotouring.it\/radiotouring104\/wp-content\/uploads\/sites\/6\/2022\/05\/san-giorgio-comune.jpg\",\"contentUrl\":\"https:\/\/progettotouring.it\/radiotouring104\/wp-content\/uploads\/sites\/6\/2022\/05\/san-giorgio-comune.jpg\",\"width\":1920,\"height\":1080},{\"@type\":\"BreadcrumbList\",\"@id\":\"https:\/\/progettotouring.it\/radiotouring104\/2025\/02\/04\/reggio-lizzi-rassicura-sulla-continuita-del-servizio-degli-assistenti-educativi\/#breadcrumb\",\"itemListElement\":[{\"@type\":\"ListItem\",\"position\":1,\"name\":\"Home\",\"item\":\"https:\/\/progettotouring.it\/radiotouring104\/\"},{\"@type\":\"ListItem\",\"position\":2,\"name\":\"Reggio: Lizzi rassicura sulla continuit\u00e0 del Servizio degli Assistenti Educativi\"}]},{\"@type\":\"WebSite\",\"@id\":\"https:\/\/progettotouring.it\/radiotouring104\/#website\",\"url\":\"https:\/\/progettotouring.it\/radiotouring104\/\",\"name\":\"Radio Touring 104\",\"description\":\"La prima radio Reggina\",\"publisher\":{\"@id\":\"https:\/\/progettotouring.it\/radiotouring104\/#organization\"},\"potentialAction\":[{\"@type\":\"SearchAction\",\"target\":{\"@type\":\"EntryPoint\",\"urlTemplate\":\"https:\/\/progettotouring.it\/radiotouring104\/?s={search_term_string}\"},\"query-input\":{\"@type\":\"PropertyValueSpecification\",\"valueRequired\":true,\"valueName\":\"search_term_string\"}}],\"inLanguage\":\"it-IT\"},{\"@type\":\"Organization\",\"@id\":\"https:\/\/progettotouring.it\/radiotouring104\/#organization\",\"name\":\"Radio Touring 104\",\"url\":\"https:\/\/progettotouring.it\/radiotouring104\/\",\"logo\":{\"@type\":\"ImageObject\",\"inLanguage\":\"it-IT\",\"@id\":\"https:\/\/progettotouring.it\/radiotouring104\/#\/schema\/logo\/image\/\",\"url\":\"https:\/\/progettotouring.it\/radiotouring104\/wp-content\/uploads\/sites\/6\/2022\/02\/cropped-logo-radio-touring-104.png\",\"contentUrl\":\"https:\/\/progettotouring.it\/radiotouring104\/wp-content\/uploads\/sites\/6\/2022\/02\/cropped-logo-radio-touring-104.png\",\"width\":377,\"height\":182,\"caption\":\"Radio Touring 104\"},\"image\":{\"@id\":\"https:\/\/progettotouring.it\/radiotouring104\/#\/schema\/logo\/image\/\"}},{\"@type\":\"Person\",\"@id\":\"https:\/\/progettotouring.it\/radiotouring104\/#\/schema\/person\/78613917f1851f041f7483f5af1d422e\",\"name\":\"Sebastiano Plutino\",\"image\":{\"@type\":\"ImageObject\",\"inLanguage\":\"it-IT\",\"@id\":\"https:\/\/secure.gravatar.com\/avatar\/0546ffaa9b79224faf9f2a156b67a529ae861d3287c66c1d8ccfdf909bcba78d?s=96&d=mm&r=g\",\"url\":\"https:\/\/secure.gravatar.com\/avatar\/0546ffaa9b79224faf9f2a156b67a529ae861d3287c66c1d8ccfdf909bcba78d?s=96&d=mm&r=g\",\"contentUrl\":\"https:\/\/secure.gravatar.com\/avatar\/0546ffaa9b79224faf9f2a156b67a529ae861d3287c66c1d8ccfdf909bcba78d?s=96&d=mm&r=g\",\"caption\":\"Sebastiano Plutino\"},\"url\":\"https:\/\/progettotouring.it\/radiotouring104\/author\/sebastiano\/\"}]}<\/script>\n<!-- \/ Yoast SEO plugin. -->","yoast_head_json":{"title":"Lizzi rassicura sulla continuit\u00e0 del Servizio degli Assistenti Educativi","description":"\"Tuteliamo il lavoro e gli utenti, attingeremo a fondi di bilancio per garantire continuit\u00e0\", dichiara il Consigliere Lizzi","robots":{"index":"index","follow":"follow","max-snippet":"max-snippet:-1","max-image-preview":"max-image-preview:large","max-video-preview":"max-video-preview:-1"},"canonical":"https:\/\/progettotouring.it\/radiotouring104\/2025\/02\/04\/reggio-lizzi-rassicura-sulla-continuita-del-servizio-degli-assistenti-educativi\/","og_locale":"it_IT","og_type":"article","og_title":"Lizzi rassicura sulla continuit\u00e0 del Servizio degli Assistenti Educativi","og_description":"\"Tuteliamo il lavoro e gli utenti, attingeremo a fondi di bilancio per garantire continuit\u00e0\", dichiara il Consigliere Lizzi","og_url":"https:\/\/progettotouring.it\/radiotouring104\/2025\/02\/04\/reggio-lizzi-rassicura-sulla-continuita-del-servizio-degli-assistenti-educativi\/","og_site_name":"Radio Touring 104","article_published_time":"2025-02-04T08:46:06+00:00","og_image":[{"width":1920,"height":1080,"url":"https:\/\/progettotouring.it\/radiotouring104\/wp-content\/uploads\/sites\/6\/2022\/05\/san-giorgio-comune.jpg","type":"image\/jpeg"}],"author":"Sebastiano Plutino","twitter_card":"summary_large_image","twitter_misc":{"Scritto da":"Sebastiano Plutino","Tempo di lettura stimato":"2 minuti"},"schema":{"@context":"https:\/\/schema.org","@graph":[{"@type":"Article","@id":"https:\/\/progettotouring.it\/radiotouring104\/2025\/02\/04\/reggio-lizzi-rassicura-sulla-continuita-del-servizio-degli-assistenti-educativi\/#article","isPartOf":{"@id":"https:\/\/progettotouring.it\/radiotouring104\/2025\/02\/04\/reggio-lizzi-rassicura-sulla-continuita-del-servizio-degli-assistenti-educativi\/"},"author":{"name":"Sebastiano Plutino","@id":"https:\/\/progettotouring.it\/radiotouring104\/#\/schema\/person\/78613917f1851f041f7483f5af1d422e"},"headline":"Reggio: Lizzi rassicura sulla continuit\u00e0 del Servizio degli Assistenti Educativi","datePublished":"2025-02-04T08:46:06+00:00","mainEntityOfPage":{"@id":"https:\/\/progettotouring.it\/radiotouring104\/2025\/02\/04\/reggio-lizzi-rassicura-sulla-continuita-del-servizio-degli-assistenti-educativi\/"},"wordCount":389,"publisher":{"@id":"https:\/\/progettotouring.it\/radiotouring104\/#organization"},"image":{"@id":"https:\/\/progettotouring.it\/radiotouring104\/2025\/02\/04\/reggio-lizzi-rassicura-sulla-continuita-del-servizio-degli-assistenti-educativi\/#primaryimage"},"thumbnailUrl":"https:\/\/progettotouring.it\/radiotouring104\/wp-content\/uploads\/sites\/6\/2022\/05\/san-giorgio-comune.jpg","keywords":["assistenti educativi","attingeremo a fondi di bilancio per garantire continuit\u00e0","Comune di Reggio","continuit\u00e0 del servizio","incontro coi sindacati","Rudi Lizzi"],"articleSection":["Home","News","Reggio Calabria"],"inLanguage":"it-IT"},{"@type":"WebPage","@id":"https:\/\/progettotouring.it\/radiotouring104\/2025\/02\/04\/reggio-lizzi-rassicura-sulla-continuita-del-servizio-degli-assistenti-educativi\/","url":"https:\/\/progettotouring.it\/radiotouring104\/2025\/02\/04\/reggio-lizzi-rassicura-sulla-continuita-del-servizio-degli-assistenti-educativi\/","name":"Lizzi rassicura sulla continuit\u00e0 del Servizio degli Assistenti Educativi","isPartOf":{"@id":"https:\/\/progettotouring.it\/radiotouring104\/#website"},"primaryImageOfPage":{"@id":"https:\/\/progettotouring.it\/radiotouring104\/2025\/02\/04\/reggio-lizzi-rassicura-sulla-continuita-del-servizio-degli-assistenti-educativi\/#primaryimage"},"image":{"@id":"https:\/\/progettotouring.it\/radiotouring104\/2025\/02\/04\/reggio-lizzi-rassicura-sulla-continuita-del-servizio-degli-assistenti-educativi\/#primaryimage"},"thumbnailUrl":"https:\/\/progettotouring.it\/radiotouring104\/wp-content\/uploads\/sites\/6\/2022\/05\/san-giorgio-comune.jpg","datePublished":"2025-02-04T08:46:06+00:00","description":"\"Tuteliamo il lavoro e gli utenti, attingeremo a fondi di bilancio per garantire continuit\u00e0\", dichiara il Consigliere Lizzi","breadcrumb":{"@id":"https:\/\/progettotouring.it\/radiotouring104\/2025\/02\/04\/reggio-lizzi-rassicura-sulla-continuita-del-servizio-degli-assistenti-educativi\/#breadcrumb"},"inLanguage":"it-IT","potentialAction":[{"@type":"ReadAction","target":["https:\/\/progettotouring.it\/radiotouring104\/2025\/02\/04\/reggio-lizzi-rassicura-sulla-continuita-del-servizio-degli-assistenti-educativi\/"]}]},{"@type":"ImageObject","inLanguage":"it-IT","@id":"https:\/\/progettotouring.it\/radiotouring104\/2025\/02\/04\/reggio-lizzi-rassicura-sulla-continuita-del-servizio-degli-assistenti-educativi\/#primaryimage","url":"https:\/\/progettotouring.it\/radiotouring104\/wp-content\/uploads\/sites\/6\/2022\/05\/san-giorgio-comune.jpg","contentUrl":"https:\/\/progettotouring.it\/radiotouring104\/wp-content\/uploads\/sites\/6\/2022\/05\/san-giorgio-comune.jpg","width":1920,"height":1080},{"@type":"BreadcrumbList","@id":"https:\/\/progettotouring.it\/radiotouring104\/2025\/02\/04\/reggio-lizzi-rassicura-sulla-continuita-del-servizio-degli-assistenti-educativi\/#breadcrumb","itemListElement":[{"@type":"ListItem","position":1,"name":"Home","item":"https:\/\/progettotouring.it\/radiotouring104\/"},{"@type":"ListItem","position":2,"name":"Reggio: Lizzi rassicura sulla continuit\u00e0 del Servizio degli Assistenti Educativi"}]},{"@type":"WebSite","@id":"https:\/\/progettotouring.it\/radiotouring104\/#website","url":"https:\/\/progettotouring.it\/radiotouring104\/","name":"Radio Touring 104","description":"La prima radio Reggina","publisher":{"@id":"https:\/\/progettotouring.it\/radiotouring104\/#organization"},"potentialAction":[{"@type":"SearchAction","target":{"@type":"EntryPoint","urlTemplate":"https:\/\/progettotouring.it\/radiotouring104\/?s={search_term_string}"},"query-input":{"@type":"PropertyValueSpecification","valueRequired":true,"valueName":"search_term_string"}}],"inLanguage":"it-IT"},{"@type":"Organization","@id":"https:\/\/progettotouring.it\/radiotouring104\/#organization","name":"Radio Touring 104","url":"https:\/\/progettotouring.it\/radiotouring104\/","logo":{"@type":"ImageObject","inLanguage":"it-IT","@id":"https:\/\/progettotouring.it\/radiotouring104\/#\/schema\/logo\/image\/","url":"https:\/\/progettotouring.it\/radiotouring104\/wp-content\/uploads\/sites\/6\/2022\/02\/cropped-logo-radio-touring-104.png","contentUrl":"https:\/\/progettotouring.it\/radiotouring104\/wp-content\/uploads\/sites\/6\/2022\/02\/cropped-logo-radio-touring-104.png","width":377,"height":182,"caption":"Radio Touring 104"},"image":{"@id":"https:\/\/progettotouring.it\/radiotouring104\/#\/schema\/logo\/image\/"}},{"@type":"Person","@id":"https:\/\/progettotouring.it\/radiotouring104\/#\/schema\/person\/78613917f1851f041f7483f5af1d422e","name":"Sebastiano Plutino","image":{"@type":"ImageObject","inLanguage":"it-IT","@id":"https:\/\/secure.gravatar.com\/avatar\/0546ffaa9b79224faf9f2a156b67a529ae861d3287c66c1d8ccfdf909bcba78d?s=96&d=mm&r=g","url":"https:\/\/secure.gravatar.com\/avatar\/0546ffaa9b79224faf9f2a156b67a529ae861d3287c66c1d8ccfdf909bcba78d?s=96&d=mm&r=g","contentUrl":"https:\/\/secure.gravatar.com\/avatar\/0546ffaa9b79224faf9f2a156b67a529ae861d3287c66c1d8ccfdf909bcba78d?s=96&d=mm&r=g","caption":"Sebastiano Plutino"},"url":"https:\/\/progettotouring.it\/radiotouring104\/author\/sebastiano\/"}]}},"jetpack_publicize_connections":[],"jetpack_featured_media_url":"https:\/\/progettotouring.it\/radiotouring104\/wp-content\/uploads\/sites\/6\/2022\/05\/san-giorgio-comune.jpg","jetpack_sharing_enabled":true,"_links":{"self":[{"href":"https:\/\/progettotouring.it\/radiotouring104\/wp-json\/wp\/v2\/posts\/66220","targetHints":{"allow":["GET"]}}],"collection":[{"href":"https:\/\/progettotouring.it\/radiotouring104\/wp-json\/wp\/v2\/posts"}],"about":[{"href":"https:\/\/progettotouring.it\/radiotouring104\/wp-json\/wp\/v2\/types\/post"}],"author":[{"embeddable":true,"href":"https:\/\/progettotouring.it\/radiotouring104\/wp-json\/wp\/v2\/users\/12"}],"replies":[{"embeddable":true,"href":"https:\/\/progettotouring.it\/radiotouring104\/wp-json\/wp\/v2\/comments?post=66220"}],"version-history":[{"count":1,"href":"https:\/\/progettotouring.it\/radiotouring104\/wp-json\/wp\/v2\/posts\/66220\/revisions"}],"predecessor-version":[{"id":66221,"href":"https:\/\/progettotouring.it\/radiotouring104\/wp-json\/wp\/v2\/posts\/66220\/revisions\/66221"}],"wp:featuredmedia":[{"embeddable":true,"href":"https:\/\/progettotouring.it\/radiotouring104\/wp-json\/wp\/v2\/media\/5666"}],"wp:attachment":[{"href":"https:\/\/progettotouring.it\/radiotouring104\/wp-json\/wp\/v2\/media?parent=66220"}],"wp:term":[{"taxonomy":"category","embeddable":true,"href":"https:\/\/progettotouring.it\/radiotouring104\/wp-json\/wp\/v2\/categories?post=66220"},{"taxonomy":"post_tag","embeddable":true,"href":"https:\/\/progettotouring.it\/radiotouring104\/wp-json\/wp\/v2\/tags?post=66220"}],"curies":[{"name":"wp","href":"https:\/\/api.w.org\/{rel}","templated":true}]}}