{"id":66274,"date":"2025-02-04T20:54:09","date_gmt":"2025-02-04T19:54:09","guid":{"rendered":"https:\/\/progettotouring.it\/radiotouring104\/?p=66274"},"modified":"2025-02-05T18:50:22","modified_gmt":"2025-02-05T17:50:22","slug":"carnevale-reggino-2025-pubblicato-la-manifestazione-di-interesse-per-lacquisizione-di-proposte-progettuali","status":"publish","type":"post","link":"https:\/\/progettotouring.it\/radiotouring104\/2025\/02\/04\/carnevale-reggino-2025-pubblicato-la-manifestazione-di-interesse-per-lacquisizione-di-proposte-progettuali\/","title":{"rendered":"&#8220;Carnevale Reggino 2025&#8221;: pubblicata la manifestazione di interesse per l\u2019acquisizione di proposte progettuali"},"content":{"rendered":"<div class=\"application-pane\">\n<div class=\"main-pane\">\n<div id=\"application-stack\" class=\"dijitContainer dijitStackContainer dijitLayoutContainer\" dir=\"ltr\" role=\"tabpanel\">\n<div id=\"webmail-page\" class=\"main-page dijitContentPane dijitStackContainer-child dijitStackContainer-dijitContentPane dijitVisible menu-not-pinned is-next is-previous\" role=\"group\">\n<div class=\"main-page-center-pane\">\n<div class=\"main-page-pane-with-toolbar\">\n<div class=\"main-content\">\n<div id=\"uiLogic_util_StackContainer_0\" class=\"content-stack-container dijitContainer dijitStackContainer dijitLayoutContainer leading-active componentVisible\" dir=\"ltr\" role=\"tabpanel\">\n<div id=\"uiLogic_webmail_WebmailFoldersManager_0\" class=\"webmailfoldersmanager messages-compose-compofeedback-stack dijitContainer dijitStackContainer dijitLayoutContainer dijitStackContainer-child dijitStackContainer-dijitStackContainer dijitVisible componentVisible\" dir=\"ltr\" role=\"tabpanel\">\n<div id=\"dijit_layout_BorderContainer_0\" class=\"trailing-1 messages-container dijitContainer dijitBorderContainer dijitStackContainer-child dijitStackContainer-dijitBorderContainer dijitVisible componentVisible center-active trailing-active\" dir=\"ltr\" lang=\"\">\n<div id=\"dijit_layout_ContentPane_0\" class=\"dijitContentPane dijitBorderContainer-child dijitBorderContainer-dijitContentPane dijitBorderContainerPane dijitContentPaneSingleChild\" dir=\"ltr\" lang=\"\" role=\"group\">\n<div id=\"xandmail_widget_layout_RelativeBorderContainer_0\" class=\"dijitContainer dijitBorderContainer\" dir=\"ltr\" lang=\"\">\n<div id=\"dijit_layout_StackContainer_0\" class=\"dijitContainer dijitStackContainer dijitLayoutContainer dijitBorderContainer-child dijitBorderContainer-dijitStackContainer dijitBorderContainerPane\" dir=\"ltr\" lang=\"\" role=\"tabpanel\">\n<div id=\"dijit_layout_ContentPane_4\" class=\"component-page item-view webmail-view trailing-1 webmail-view-page dijitContentPane dijitStackContainer-child dijitStackContainer-dijitContentPane dijitVisible dijitContentPaneSingleChild\" dir=\"ltr\" lang=\"\" role=\"group\">\n<div id=\"dijit_layout_BorderContainer_4\" class=\"message dijitContainer dijitBorderContainer\" dir=\"ltr\">\n<div id=\"dijit_layout_ContentPane_15\" class=\"content dijitContentPane dijitBorderContainer-child dijitBorderContainer-dijitContentPane dijitBorderContainerPane\" dir=\"ltr\" role=\"group\">\n<div class=\"message-section\">\n<div class=\"content-message\">\n<div class=\"text msg-view-text\" role=\"text\">\n<div class=\"msg-view-text-cnt\">\n<div class=\"xam_msg_class\">\n<div>\n<div class=\"xmprfx_signature-div\">\n<div class=\"xmprfx_signature-div\"><\/div>\n<div class=\"xmprfx_signature-div\"><strong>\u00a0<\/strong>L\u2019Amministrazione comunale ha ufficialmente pubblicato la manifestazione di interesse per l\u2019acquisizione di proposte progettuali con termine di presentazione fissato per il 10 febbraio alle ore 16:00.<\/div>\n<div class=\"xmprfx_signature-div\">Nei giorni scorsi l\u2019Amministrazione comunale ha ufficialmente pubblicato la manifestazione di interesse per l\u2019acquisizione di proposte progettuali finalizzate alla realizzazione degli eventi del &#8220;Carnevale Reggino 2025&#8221;, con termine di presentazione fissato per il 10 febbraio alle ore 16:00.<\/div>\n<div class=\"xmprfx_signature-div\">L&#8217; iniziativa ha l&#8217;obiettivo di valorizzare il patrimonio storico, culturale e artistico della citt\u00e0, promuovendo le tradizioni locali e coinvolgendo attivamente la comunit\u00e0. In particolare, si intende favorire l&#8217;integrazione sociale e stimolare la partecipazione dei cittadini, con l\u2019ambizione di attrarre anche visitatori e turisti, consolidando cos\u00ec il Carnevale come uno degli eventi pi\u00f9 significativi del territorio.<\/div>\n<div class=\"xmprfx_signature-div\">Il Carnevale Reggino 2025 si terr\u00e0 dal 27 febbraio al 4 marzo e si propone come una manifestazione aperta e inclusiva, coinvolgendo scuole, associazioni culturali, cittadini e turisti. Un obiettivo fondamentale dell\u2019evento \u00e8 quello di stimolare un processo di rigenerazione urbana e socio-economica,\u00a0contribuendo a rivitalizzare diverse zone della citt\u00e0. L&#8217;Amministrazione intende, inoltre, rafforzare l\u2019identit\u00e0 del territorio dando vita a un \u201cbrand\u201d distintivo in grado di attrarre investimenti e di aumentare la visibilit\u00e0 di Reggio Calabria come punto di riferimento per la cultura e l\u2019intrattenimento a livello nazionale e internazionale.<br \/>\n\u00abL\u2019obiettivo , ha evidenziato l\u2019Assessore alla Programmazione Carmelo Romeo,\u00a0 \u00a0\u00e8 dare massima visibilit\u00e0 a chi vorr\u00e0 contribuire per ricevere pi\u00f9 proposte possibili rispetto alle linee di indirizzo stabilite dall\u2019Amministrazione e date all\u2019Ufficio competente, che ringraziamo, poich\u00e9 in breve tempo ha preparato l\u2019avviso. Il Carnevale Reggino 2025 si configura come un\u2019importante occasione di festa ma anche come un potente strumento di valorizzazione e promozione del patrimonio culturale locale. Con un programma ricco di attivit\u00e0 per tutti, si punta a creare degli eventi che possano crescere nel tempo; divenendo una tradizione sempre pi\u00f9 radicata e riconosciuta a livello regionale e nazionale\u00bb.<\/div>\n<div class=\"xmprfx_signature-div\">Da qui l\u2019appello: \u00abInvitiamo tutte le associazioni e gli enti che operano in questi settori ad avanzare le proposte per cercare di valorizzare il territorio e il patrimonio culturale della nostra citt\u00e0 e animarla durante la settimana del Carnevale\u00bb.<\/div>\n<div class=\"xmprfx_signature-div\">L\u2019avviso degli eventi prevede una serie di iniziative che dovranno Reggio Calabria per tutta la durata del Carnevale. Il 27 febbraio, nel pomeriggio, sono previsti spettacoli di intrattenimento per adulti e bambini lungo il Corso Garibaldi, che si estenderanno da Piazza De Nava a Piazza Duomo. La serata del 27 febbraio vedr\u00e0 poi Piazza De Nava come protagonista, con uno spettacolo tematico che includer\u00e0 effetti speciali, per regalare un&#8217;esperienza unica ai partecipanti.<br \/>\nIl 1\u00b0 marzo la serata sar\u00e0 allietata da un dj set, balli in maschera e altri spettacoli con effetti speciali; per coinvolgere i partecipanti in un\u2019atmosfera di festa e allegria. Il 2 marzo, invece, la mattinata sar\u00e0 dedicata ai pi\u00f9 piccoli con uno spettacolo speciale a Piazza Duomo che concluder\u00e0 la tradizionale sfilata in maschera organizzata dalle scuole cittadine.<br \/>\nL\u2019avviso richiede inoltre, per tutta la settimana del Carnevale, la presenza di installazioni artistiche, tra cui proiezioni su edifici storici e istituzionali, per creare un\u2019atmosfera suggestiva e coinvolgente. Le proiezioni sui monumenti storici di Reggio Calabria potranno essere una delle principali attrattive visive, coinvolgendo cittadini e turisti in un\u2019esperienza sensoriale unica. L\u2019obiettivo \u00e8 rendere l&#8217;esperienza del Carnevale ancora pi\u00f9 speciale trasformando la citt\u00e0 in un grande palcoscenico di colori, suoni e cultura.<\/div>\n<\/div>\n<\/div>\n<\/div>\n<\/div>\n<div class=\"msg-view-attach-preview\"><\/div>\n<\/div>\n<\/div>\n<\/div>\n<div id=\"uiLogic_webmail__view_ListReceipt_0\" class=\"pec-receipts-section light-list spaced-view webmail-inbox-list\" dir=\"ltr\">\n<div><\/div>\n<\/div>\n<\/div>\n<div id=\"dijit_layout_ContentPane_15_splitter\" class=\"dijitGutter dijitGutterV\" role=\"presentation\"><\/div>\n<\/div>\n<\/div>\n<\/div>\n<div id=\"dijit_layout_StackContainer_0_splitter\" class=\"dijitSplitter dijitSplitterV\" role=\"separator\">\n<div class=\"dijitSplitterThumb\"><\/div>\n<\/div>\n<\/div>\n<\/div>\n<div id=\"dijit_layout_ContentPane_0_splitter\" class=\"dijitGutter dijitGutterV\" role=\"presentation\"><\/div>\n<\/div>\n<\/div>\n<\/div>\n<\/div>\n<\/div>\n<\/div>\n<\/div>\n<\/div>\n<\/div>\n<div id=\"xamGlobalDock\" class=\"xamDock\" dir=\"ltr\">\n<div class=\"docking-pane-container\"><\/div>\n<\/div>\n<\/div>\n<div id=\"usabilla_live_button_container_581364409\" class=\"usabilla_live_button_container\" role=\"button\" aria-label=\"Usabilla Feedback Button\"><\/div>\n","protected":false},"excerpt":{"rendered":"<p>\u00a0L\u2019Amministrazione comunale ha ufficialmente pubblicato la manifestazione di interesse per l\u2019acquisizione di proposte progettuali con termine di presentazione fissato per il 10 febbraio alle ore 16:00. Nei giorni scorsi l\u2019Amministrazione&hellip;<\/p>\n","protected":false},"author":19,"featured_media":22500,"comment_status":"closed","ping_status":"open","sticky":false,"template":"","format":"standard","meta":{"_jetpack_memberships_contains_paid_content":false,"footnotes":"","jetpack_publicize_message":"","jetpack_publicize_feature_enabled":true,"jetpack_social_post_already_shared":true,"jetpack_social_options":{"image_generator_settings":{"template":"highway","default_image_id":0,"font":"","enabled":false},"version":2}},"categories":[921,196,140],"tags":[],"class_list":["post-66274","post","type-post","status-publish","format-standard","has-post-thumbnail","hentry","category-home","category-news","category-reggio-calabria"],"yoast_head":"<!-- This site is optimized with the Yoast SEO plugin v27.2 - https:\/\/yoast.com\/product\/yoast-seo-wordpress\/ -->\n<title>&quot;Carnevale Reggino 2025&quot;: pubblicata la manifestazione di interesse per l\u2019acquisizione di proposte progettuali - Radio Touring 104<\/title>\n<meta name=\"description\" content=\"L\u2019Assessore Romeo: \u00abInvitiamo associazioni e enti a contribuire per valorizzare il territorio e il patrimonio culturale della nostra citt\u00e0\u00bb\" \/>\n<meta name=\"robots\" content=\"index, follow, max-snippet:-1, max-image-preview:large, max-video-preview:-1\" \/>\n<link rel=\"canonical\" href=\"https:\/\/progettotouring.it\/radiotouring104\/2025\/02\/04\/carnevale-reggino-2025-pubblicato-la-manifestazione-di-interesse-per-lacquisizione-di-proposte-progettuali\/\" \/>\n<meta property=\"og:locale\" content=\"it_IT\" \/>\n<meta property=\"og:type\" content=\"article\" \/>\n<meta property=\"og:title\" content=\"&quot;Carnevale Reggino 2025&quot;: pubblicata la manifestazione di interesse per l\u2019acquisizione di proposte progettuali - Radio Touring 104\" \/>\n<meta property=\"og:description\" content=\"L\u2019Assessore Romeo: \u00abInvitiamo associazioni e enti a contribuire per valorizzare il territorio e il patrimonio culturale della nostra citt\u00e0\u00bb\" \/>\n<meta property=\"og:url\" content=\"https:\/\/progettotouring.it\/radiotouring104\/2025\/02\/04\/carnevale-reggino-2025-pubblicato-la-manifestazione-di-interesse-per-lacquisizione-di-proposte-progettuali\/\" \/>\n<meta property=\"og:site_name\" content=\"Radio Touring 104\" \/>\n<meta property=\"article:published_time\" content=\"2025-02-04T19:54:09+00:00\" \/>\n<meta property=\"article:modified_time\" content=\"2025-02-05T17:50:22+00:00\" \/>\n<meta property=\"og:image\" content=\"https:\/\/progettotouring.it\/radiotouring104\/wp-content\/uploads\/sites\/6\/2023\/04\/carmelo-romeo.jpg\" \/>\n\t<meta property=\"og:image:width\" content=\"635\" \/>\n\t<meta property=\"og:image:height\" content=\"473\" \/>\n\t<meta property=\"og:image:type\" content=\"image\/jpeg\" \/>\n<meta name=\"author\" content=\"S L\" \/>\n<meta name=\"twitter:card\" content=\"summary_large_image\" \/>\n<meta name=\"twitter:label1\" content=\"Scritto da\" \/>\n\t<meta name=\"twitter:data1\" content=\"S L\" \/>\n\t<meta name=\"twitter:label2\" content=\"Tempo di lettura stimato\" \/>\n\t<meta name=\"twitter:data2\" content=\"3 minuti\" \/>\n<script type=\"application\/ld+json\" class=\"yoast-schema-graph\">{\"@context\":\"https:\/\/schema.org\",\"@graph\":[{\"@type\":\"Article\",\"@id\":\"https:\/\/progettotouring.it\/radiotouring104\/2025\/02\/04\/carnevale-reggino-2025-pubblicato-la-manifestazione-di-interesse-per-lacquisizione-di-proposte-progettuali\/#article\",\"isPartOf\":{\"@id\":\"https:\/\/progettotouring.it\/radiotouring104\/2025\/02\/04\/carnevale-reggino-2025-pubblicato-la-manifestazione-di-interesse-per-lacquisizione-di-proposte-progettuali\/\"},\"author\":{\"name\":\"S L\",\"@id\":\"https:\/\/progettotouring.it\/radiotouring104\/#\/schema\/person\/b9f9c3730b0a78814c9b9f3bfc52c619\"},\"headline\":\"&#8220;Carnevale Reggino 2025&#8221;: pubblicata la manifestazione di interesse per l\u2019acquisizione di proposte progettuali\",\"datePublished\":\"2025-02-04T19:54:09+00:00\",\"dateModified\":\"2025-02-05T17:50:22+00:00\",\"mainEntityOfPage\":{\"@id\":\"https:\/\/progettotouring.it\/radiotouring104\/2025\/02\/04\/carnevale-reggino-2025-pubblicato-la-manifestazione-di-interesse-per-lacquisizione-di-proposte-progettuali\/\"},\"wordCount\":568,\"publisher\":{\"@id\":\"https:\/\/progettotouring.it\/radiotouring104\/#organization\"},\"image\":{\"@id\":\"https:\/\/progettotouring.it\/radiotouring104\/2025\/02\/04\/carnevale-reggino-2025-pubblicato-la-manifestazione-di-interesse-per-lacquisizione-di-proposte-progettuali\/#primaryimage\"},\"thumbnailUrl\":\"https:\/\/progettotouring.it\/radiotouring104\/wp-content\/uploads\/sites\/6\/2023\/04\/carmelo-romeo.jpg\",\"articleSection\":[\"Home\",\"News\",\"Reggio Calabria\"],\"inLanguage\":\"it-IT\"},{\"@type\":\"WebPage\",\"@id\":\"https:\/\/progettotouring.it\/radiotouring104\/2025\/02\/04\/carnevale-reggino-2025-pubblicato-la-manifestazione-di-interesse-per-lacquisizione-di-proposte-progettuali\/\",\"url\":\"https:\/\/progettotouring.it\/radiotouring104\/2025\/02\/04\/carnevale-reggino-2025-pubblicato-la-manifestazione-di-interesse-per-lacquisizione-di-proposte-progettuali\/\",\"name\":\"\\\"Carnevale Reggino 2025\\\": pubblicata la manifestazione di interesse per l\u2019acquisizione di proposte progettuali - Radio Touring 104\",\"isPartOf\":{\"@id\":\"https:\/\/progettotouring.it\/radiotouring104\/#website\"},\"primaryImageOfPage\":{\"@id\":\"https:\/\/progettotouring.it\/radiotouring104\/2025\/02\/04\/carnevale-reggino-2025-pubblicato-la-manifestazione-di-interesse-per-lacquisizione-di-proposte-progettuali\/#primaryimage\"},\"image\":{\"@id\":\"https:\/\/progettotouring.it\/radiotouring104\/2025\/02\/04\/carnevale-reggino-2025-pubblicato-la-manifestazione-di-interesse-per-lacquisizione-di-proposte-progettuali\/#primaryimage\"},\"thumbnailUrl\":\"https:\/\/progettotouring.it\/radiotouring104\/wp-content\/uploads\/sites\/6\/2023\/04\/carmelo-romeo.jpg\",\"datePublished\":\"2025-02-04T19:54:09+00:00\",\"dateModified\":\"2025-02-05T17:50:22+00:00\",\"description\":\"L\u2019Assessore Romeo: \u00abInvitiamo associazioni e enti a contribuire per valorizzare il territorio e il patrimonio culturale della nostra citt\u00e0\u00bb\",\"breadcrumb\":{\"@id\":\"https:\/\/progettotouring.it\/radiotouring104\/2025\/02\/04\/carnevale-reggino-2025-pubblicato-la-manifestazione-di-interesse-per-lacquisizione-di-proposte-progettuali\/#breadcrumb\"},\"inLanguage\":\"it-IT\",\"potentialAction\":[{\"@type\":\"ReadAction\",\"target\":[\"https:\/\/progettotouring.it\/radiotouring104\/2025\/02\/04\/carnevale-reggino-2025-pubblicato-la-manifestazione-di-interesse-per-lacquisizione-di-proposte-progettuali\/\"]}]},{\"@type\":\"ImageObject\",\"inLanguage\":\"it-IT\",\"@id\":\"https:\/\/progettotouring.it\/radiotouring104\/2025\/02\/04\/carnevale-reggino-2025-pubblicato-la-manifestazione-di-interesse-per-lacquisizione-di-proposte-progettuali\/#primaryimage\",\"url\":\"https:\/\/progettotouring.it\/radiotouring104\/wp-content\/uploads\/sites\/6\/2023\/04\/carmelo-romeo.jpg\",\"contentUrl\":\"https:\/\/progettotouring.it\/radiotouring104\/wp-content\/uploads\/sites\/6\/2023\/04\/carmelo-romeo.jpg\",\"width\":635,\"height\":473},{\"@type\":\"BreadcrumbList\",\"@id\":\"https:\/\/progettotouring.it\/radiotouring104\/2025\/02\/04\/carnevale-reggino-2025-pubblicato-la-manifestazione-di-interesse-per-lacquisizione-di-proposte-progettuali\/#breadcrumb\",\"itemListElement\":[{\"@type\":\"ListItem\",\"position\":1,\"name\":\"Home\",\"item\":\"https:\/\/progettotouring.it\/radiotouring104\/\"},{\"@type\":\"ListItem\",\"position\":2,\"name\":\"&#8220;Carnevale Reggino 2025&#8221;: pubblicata la manifestazione di interesse per l\u2019acquisizione di proposte progettuali\"}]},{\"@type\":\"WebSite\",\"@id\":\"https:\/\/progettotouring.it\/radiotouring104\/#website\",\"url\":\"https:\/\/progettotouring.it\/radiotouring104\/\",\"name\":\"Radio Touring 104\",\"description\":\"La prima radio Reggina\",\"publisher\":{\"@id\":\"https:\/\/progettotouring.it\/radiotouring104\/#organization\"},\"potentialAction\":[{\"@type\":\"SearchAction\",\"target\":{\"@type\":\"EntryPoint\",\"urlTemplate\":\"https:\/\/progettotouring.it\/radiotouring104\/?s={search_term_string}\"},\"query-input\":{\"@type\":\"PropertyValueSpecification\",\"valueRequired\":true,\"valueName\":\"search_term_string\"}}],\"inLanguage\":\"it-IT\"},{\"@type\":\"Organization\",\"@id\":\"https:\/\/progettotouring.it\/radiotouring104\/#organization\",\"name\":\"Radio Touring 104\",\"url\":\"https:\/\/progettotouring.it\/radiotouring104\/\",\"logo\":{\"@type\":\"ImageObject\",\"inLanguage\":\"it-IT\",\"@id\":\"https:\/\/progettotouring.it\/radiotouring104\/#\/schema\/logo\/image\/\",\"url\":\"https:\/\/progettotouring.it\/radiotouring104\/wp-content\/uploads\/sites\/6\/2022\/02\/cropped-logo-radio-touring-104.png\",\"contentUrl\":\"https:\/\/progettotouring.it\/radiotouring104\/wp-content\/uploads\/sites\/6\/2022\/02\/cropped-logo-radio-touring-104.png\",\"width\":377,\"height\":182,\"caption\":\"Radio Touring 104\"},\"image\":{\"@id\":\"https:\/\/progettotouring.it\/radiotouring104\/#\/schema\/logo\/image\/\"}},{\"@type\":\"Person\",\"@id\":\"https:\/\/progettotouring.it\/radiotouring104\/#\/schema\/person\/b9f9c3730b0a78814c9b9f3bfc52c619\",\"name\":\"S L\",\"image\":{\"@type\":\"ImageObject\",\"inLanguage\":\"it-IT\",\"@id\":\"https:\/\/secure.gravatar.com\/avatar\/652c51789d7030aaed9ff828331360502a68204fe6fb0831bc280515210e16d2?s=96&d=mm&r=g\",\"url\":\"https:\/\/secure.gravatar.com\/avatar\/652c51789d7030aaed9ff828331360502a68204fe6fb0831bc280515210e16d2?s=96&d=mm&r=g\",\"contentUrl\":\"https:\/\/secure.gravatar.com\/avatar\/652c51789d7030aaed9ff828331360502a68204fe6fb0831bc280515210e16d2?s=96&d=mm&r=g\",\"caption\":\"S L\"},\"url\":\"https:\/\/progettotouring.it\/radiotouring104\/author\/slibri\/\"}]}<\/script>\n<!-- \/ Yoast SEO plugin. -->","yoast_head_json":{"title":"\"Carnevale Reggino 2025\": pubblicata la manifestazione di interesse per l\u2019acquisizione di proposte progettuali - Radio Touring 104","description":"L\u2019Assessore Romeo: \u00abInvitiamo associazioni e enti a contribuire per valorizzare il territorio e il patrimonio culturale della nostra citt\u00e0\u00bb","robots":{"index":"index","follow":"follow","max-snippet":"max-snippet:-1","max-image-preview":"max-image-preview:large","max-video-preview":"max-video-preview:-1"},"canonical":"https:\/\/progettotouring.it\/radiotouring104\/2025\/02\/04\/carnevale-reggino-2025-pubblicato-la-manifestazione-di-interesse-per-lacquisizione-di-proposte-progettuali\/","og_locale":"it_IT","og_type":"article","og_title":"\"Carnevale Reggino 2025\": pubblicata la manifestazione di interesse per l\u2019acquisizione di proposte progettuali - Radio Touring 104","og_description":"L\u2019Assessore Romeo: \u00abInvitiamo associazioni e enti a contribuire per valorizzare il territorio e il patrimonio culturale della nostra citt\u00e0\u00bb","og_url":"https:\/\/progettotouring.it\/radiotouring104\/2025\/02\/04\/carnevale-reggino-2025-pubblicato-la-manifestazione-di-interesse-per-lacquisizione-di-proposte-progettuali\/","og_site_name":"Radio Touring 104","article_published_time":"2025-02-04T19:54:09+00:00","article_modified_time":"2025-02-05T17:50:22+00:00","og_image":[{"width":635,"height":473,"url":"https:\/\/progettotouring.it\/radiotouring104\/wp-content\/uploads\/sites\/6\/2023\/04\/carmelo-romeo.jpg","type":"image\/jpeg"}],"author":"S L","twitter_card":"summary_large_image","twitter_misc":{"Scritto da":"S L","Tempo di lettura stimato":"3 minuti"},"schema":{"@context":"https:\/\/schema.org","@graph":[{"@type":"Article","@id":"https:\/\/progettotouring.it\/radiotouring104\/2025\/02\/04\/carnevale-reggino-2025-pubblicato-la-manifestazione-di-interesse-per-lacquisizione-di-proposte-progettuali\/#article","isPartOf":{"@id":"https:\/\/progettotouring.it\/radiotouring104\/2025\/02\/04\/carnevale-reggino-2025-pubblicato-la-manifestazione-di-interesse-per-lacquisizione-di-proposte-progettuali\/"},"author":{"name":"S L","@id":"https:\/\/progettotouring.it\/radiotouring104\/#\/schema\/person\/b9f9c3730b0a78814c9b9f3bfc52c619"},"headline":"&#8220;Carnevale Reggino 2025&#8221;: pubblicata la manifestazione di interesse per l\u2019acquisizione di proposte progettuali","datePublished":"2025-02-04T19:54:09+00:00","dateModified":"2025-02-05T17:50:22+00:00","mainEntityOfPage":{"@id":"https:\/\/progettotouring.it\/radiotouring104\/2025\/02\/04\/carnevale-reggino-2025-pubblicato-la-manifestazione-di-interesse-per-lacquisizione-di-proposte-progettuali\/"},"wordCount":568,"publisher":{"@id":"https:\/\/progettotouring.it\/radiotouring104\/#organization"},"image":{"@id":"https:\/\/progettotouring.it\/radiotouring104\/2025\/02\/04\/carnevale-reggino-2025-pubblicato-la-manifestazione-di-interesse-per-lacquisizione-di-proposte-progettuali\/#primaryimage"},"thumbnailUrl":"https:\/\/progettotouring.it\/radiotouring104\/wp-content\/uploads\/sites\/6\/2023\/04\/carmelo-romeo.jpg","articleSection":["Home","News","Reggio Calabria"],"inLanguage":"it-IT"},{"@type":"WebPage","@id":"https:\/\/progettotouring.it\/radiotouring104\/2025\/02\/04\/carnevale-reggino-2025-pubblicato-la-manifestazione-di-interesse-per-lacquisizione-di-proposte-progettuali\/","url":"https:\/\/progettotouring.it\/radiotouring104\/2025\/02\/04\/carnevale-reggino-2025-pubblicato-la-manifestazione-di-interesse-per-lacquisizione-di-proposte-progettuali\/","name":"\"Carnevale Reggino 2025\": pubblicata la manifestazione di interesse per l\u2019acquisizione di proposte progettuali - Radio Touring 104","isPartOf":{"@id":"https:\/\/progettotouring.it\/radiotouring104\/#website"},"primaryImageOfPage":{"@id":"https:\/\/progettotouring.it\/radiotouring104\/2025\/02\/04\/carnevale-reggino-2025-pubblicato-la-manifestazione-di-interesse-per-lacquisizione-di-proposte-progettuali\/#primaryimage"},"image":{"@id":"https:\/\/progettotouring.it\/radiotouring104\/2025\/02\/04\/carnevale-reggino-2025-pubblicato-la-manifestazione-di-interesse-per-lacquisizione-di-proposte-progettuali\/#primaryimage"},"thumbnailUrl":"https:\/\/progettotouring.it\/radiotouring104\/wp-content\/uploads\/sites\/6\/2023\/04\/carmelo-romeo.jpg","datePublished":"2025-02-04T19:54:09+00:00","dateModified":"2025-02-05T17:50:22+00:00","description":"L\u2019Assessore Romeo: \u00abInvitiamo associazioni e enti a contribuire per valorizzare il territorio e il patrimonio culturale della nostra citt\u00e0\u00bb","breadcrumb":{"@id":"https:\/\/progettotouring.it\/radiotouring104\/2025\/02\/04\/carnevale-reggino-2025-pubblicato-la-manifestazione-di-interesse-per-lacquisizione-di-proposte-progettuali\/#breadcrumb"},"inLanguage":"it-IT","potentialAction":[{"@type":"ReadAction","target":["https:\/\/progettotouring.it\/radiotouring104\/2025\/02\/04\/carnevale-reggino-2025-pubblicato-la-manifestazione-di-interesse-per-lacquisizione-di-proposte-progettuali\/"]}]},{"@type":"ImageObject","inLanguage":"it-IT","@id":"https:\/\/progettotouring.it\/radiotouring104\/2025\/02\/04\/carnevale-reggino-2025-pubblicato-la-manifestazione-di-interesse-per-lacquisizione-di-proposte-progettuali\/#primaryimage","url":"https:\/\/progettotouring.it\/radiotouring104\/wp-content\/uploads\/sites\/6\/2023\/04\/carmelo-romeo.jpg","contentUrl":"https:\/\/progettotouring.it\/radiotouring104\/wp-content\/uploads\/sites\/6\/2023\/04\/carmelo-romeo.jpg","width":635,"height":473},{"@type":"BreadcrumbList","@id":"https:\/\/progettotouring.it\/radiotouring104\/2025\/02\/04\/carnevale-reggino-2025-pubblicato-la-manifestazione-di-interesse-per-lacquisizione-di-proposte-progettuali\/#breadcrumb","itemListElement":[{"@type":"ListItem","position":1,"name":"Home","item":"https:\/\/progettotouring.it\/radiotouring104\/"},{"@type":"ListItem","position":2,"name":"&#8220;Carnevale Reggino 2025&#8221;: pubblicata la manifestazione di interesse per l\u2019acquisizione di proposte progettuali"}]},{"@type":"WebSite","@id":"https:\/\/progettotouring.it\/radiotouring104\/#website","url":"https:\/\/progettotouring.it\/radiotouring104\/","name":"Radio Touring 104","description":"La prima radio Reggina","publisher":{"@id":"https:\/\/progettotouring.it\/radiotouring104\/#organization"},"potentialAction":[{"@type":"SearchAction","target":{"@type":"EntryPoint","urlTemplate":"https:\/\/progettotouring.it\/radiotouring104\/?s={search_term_string}"},"query-input":{"@type":"PropertyValueSpecification","valueRequired":true,"valueName":"search_term_string"}}],"inLanguage":"it-IT"},{"@type":"Organization","@id":"https:\/\/progettotouring.it\/radiotouring104\/#organization","name":"Radio Touring 104","url":"https:\/\/progettotouring.it\/radiotouring104\/","logo":{"@type":"ImageObject","inLanguage":"it-IT","@id":"https:\/\/progettotouring.it\/radiotouring104\/#\/schema\/logo\/image\/","url":"https:\/\/progettotouring.it\/radiotouring104\/wp-content\/uploads\/sites\/6\/2022\/02\/cropped-logo-radio-touring-104.png","contentUrl":"https:\/\/progettotouring.it\/radiotouring104\/wp-content\/uploads\/sites\/6\/2022\/02\/cropped-logo-radio-touring-104.png","width":377,"height":182,"caption":"Radio Touring 104"},"image":{"@id":"https:\/\/progettotouring.it\/radiotouring104\/#\/schema\/logo\/image\/"}},{"@type":"Person","@id":"https:\/\/progettotouring.it\/radiotouring104\/#\/schema\/person\/b9f9c3730b0a78814c9b9f3bfc52c619","name":"S L","image":{"@type":"ImageObject","inLanguage":"it-IT","@id":"https:\/\/secure.gravatar.com\/avatar\/652c51789d7030aaed9ff828331360502a68204fe6fb0831bc280515210e16d2?s=96&d=mm&r=g","url":"https:\/\/secure.gravatar.com\/avatar\/652c51789d7030aaed9ff828331360502a68204fe6fb0831bc280515210e16d2?s=96&d=mm&r=g","contentUrl":"https:\/\/secure.gravatar.com\/avatar\/652c51789d7030aaed9ff828331360502a68204fe6fb0831bc280515210e16d2?s=96&d=mm&r=g","caption":"S L"},"url":"https:\/\/progettotouring.it\/radiotouring104\/author\/slibri\/"}]}},"jetpack_publicize_connections":[],"jetpack_featured_media_url":"https:\/\/progettotouring.it\/radiotouring104\/wp-content\/uploads\/sites\/6\/2023\/04\/carmelo-romeo.jpg","jetpack_sharing_enabled":true,"_links":{"self":[{"href":"https:\/\/progettotouring.it\/radiotouring104\/wp-json\/wp\/v2\/posts\/66274","targetHints":{"allow":["GET"]}}],"collection":[{"href":"https:\/\/progettotouring.it\/radiotouring104\/wp-json\/wp\/v2\/posts"}],"about":[{"href":"https:\/\/progettotouring.it\/radiotouring104\/wp-json\/wp\/v2\/types\/post"}],"author":[{"embeddable":true,"href":"https:\/\/progettotouring.it\/radiotouring104\/wp-json\/wp\/v2\/users\/19"}],"replies":[{"embeddable":true,"href":"https:\/\/progettotouring.it\/radiotouring104\/wp-json\/wp\/v2\/comments?post=66274"}],"version-history":[{"count":2,"href":"https:\/\/progettotouring.it\/radiotouring104\/wp-json\/wp\/v2\/posts\/66274\/revisions"}],"predecessor-version":[{"id":66330,"href":"https:\/\/progettotouring.it\/radiotouring104\/wp-json\/wp\/v2\/posts\/66274\/revisions\/66330"}],"wp:featuredmedia":[{"embeddable":true,"href":"https:\/\/progettotouring.it\/radiotouring104\/wp-json\/wp\/v2\/media\/22500"}],"wp:attachment":[{"href":"https:\/\/progettotouring.it\/radiotouring104\/wp-json\/wp\/v2\/media?parent=66274"}],"wp:term":[{"taxonomy":"category","embeddable":true,"href":"https:\/\/progettotouring.it\/radiotouring104\/wp-json\/wp\/v2\/categories?post=66274"},{"taxonomy":"post_tag","embeddable":true,"href":"https:\/\/progettotouring.it\/radiotouring104\/wp-json\/wp\/v2\/tags?post=66274"}],"curies":[{"name":"wp","href":"https:\/\/api.w.org\/{rel}","templated":true}]}}