{"id":66297,"date":"2025-02-05T10:20:29","date_gmt":"2025-02-05T09:20:29","guid":{"rendered":"https:\/\/progettotouring.it\/radiotouring104\/?p=66297"},"modified":"2025-02-05T10:20:29","modified_gmt":"2025-02-05T09:20:29","slug":"plastic-free-premiati-7-comuni-calabresi-per-il-loro-impegno-per-lambiente","status":"publish","type":"post","link":"https:\/\/progettotouring.it\/radiotouring104\/2025\/02\/05\/plastic-free-premiati-7-comuni-calabresi-per-il-loro-impegno-per-lambiente\/","title":{"rendered":"Plastic Free: premiati 7 Comuni calabresi per il loro impegno per l\u2019ambiente"},"content":{"rendered":"<p style=\"text-align: justify\">Sono\u00a0<strong>122 i Comuni Plastic Free 2025<\/strong>\u00a0che si sono distinti per la lotta contro gli abbandoni illeciti, la promozione di comportamenti responsabili, le opere di sensibilizzazione sul territorio nonch\u00e9 per l\u2019impegno in una gestione virtuosa dei rifiuti urbani. L\u2019elenco di borghi, paesi e citt\u00e0 italiane che hanno superato la valutazione di Plastic Free Onlus, basata su ben 23 punti, \u00e8 stato svelato a Montecitorio, in una\u00a0<strong>conferenza stampa alla presenza dell\u2019On. Mauro Rotelli, presidente della Commissione Ambiente<\/strong>, Territorio e Lavori Pubblici della Camera dei deputati, e dei vertici dell\u2019associazione ambientalista.\u00a0<strong>Sette i Comuni Plastic Free della Calabria: Girifalco e Montepaone in provincia di Catanzaro; Diamante, Paola e Tortora in provincia di Cosenza; Jonadi e Parghelia in provinai di Vibo Valentia.<\/strong><\/p>\n<p style=\"text-align: justify\">\u201c<em>Sono molto orgoglioso che la nostra iniziativa, giunta alla quarta edizione, raccolga ogni anno sempre pi\u00f9 adesioni passando da 111 a 122 Comuni Plastic Free.\u00a0<\/em>\u2013\u00a0<strong>ha dichiarato Luca De Gaetano, fondatore e presidente di Plastic Free Onlus, l\u2019associazione nata nel 2019 per contrastare l\u2019abuso e l\u2019inquinamento da plastica, oggi presente in oltre 30 Paesi nel mondo<\/strong>\u00a0\u2013\u00a0<em>I tantissimi Comuni che hanno deciso di sottoporre il proprio operato amministrativo in tema ambientale alla nostra valutazione sono il frutto dell\u2019impegno quotidiano e concreto dei nostri referenti e volontari sul territorio. Attraverso una sensibilizzazione continua dei cittadini ma soprattutto dei giovani nelle scuole, riusciamo anno dopo anno a tenere alta l\u2019attenzione delle pratiche virtuose necessarie per un futuro libero dall\u2019eccesso di plastica. L\u2019auspicio \u00e8 che \u2013\u00a0<\/em><strong>ha concluso De Gaetano (Plastic Free)\u00a0<\/strong>\u2013\u00a0<em>sempre pi\u00f9 Amministrazioni colgano l\u2019incitamento e il supporto dei nostri 1.100 referenti italiani, donando cos\u00ec alle proprie comunit\u00e0 luoghi pi\u00f9 piacevoli, puliti e sani da vivere<\/em>\u201d.<\/p>\n<p style=\"text-align: justify\">A ogni Comune Plastic Free verr\u00e0 assegnato un livello di valutazione espresso in tartarughe: 1, 2 o 3, fino a un massimo di \u201c3 tartarughe gold\u201d. La consegna dei riconoscimenti e delle targhe con il relativo attestato di virtuosit\u00e0 si terr\u00e0 il prossimo\u00a0<strong>8 marzo a Napoli presso il Teatro Mediterraneo, in un evento che celebrer\u00e0 l\u2019impegno per l\u2019ambiente delle Amministrazioni locali.<\/strong><\/p>\n<p style=\"text-align: justify\">&#8220;<em>Sono soddisfatto e felice per il numero di candidature da parte dei Comuni calabresi: ci\u00f2 dimostra l&#8217;interesse nei confronti della nostra realt\u00e0 associativa e soprattutto dell&#8217;ambiente<\/em>\u00a0&#8211;\u00a0<strong>ha dichiarato Alberto Fio, referente regionale Plastic Free Calabria\u00a0<\/strong>&#8211;\u00a0<em>Faccio, inoltre, i complimenti ai Comuni che hanno passato con successo la selezione e saranno premiati all&#8217;evento dell&#8217;8 marzo a Napoli. Mi auguro che sia le candidature che i riconoscimenti siano un punto di partenza per un percorso di sostenibilit\u00e0 e di amore verso il nostro territorio, da costruire assieme<\/em>&#8220;.<\/p>\n<p style=\"text-align: justify\">Ad illustrare l\u2019impegno dell\u2019associazione sui territori e l\u2019impatto dell\u2019azione di sensibilizzazione sulle amministrazioni sono stati\u00a0<strong>Margherita Maiani e Lorenzo Zitignani<\/strong>, rispettivamente\u00a0<strong>Segretario e Direttore generale di Plastic Free Onlus<\/strong>. La regione con pi\u00f9 Comuni Plastic Free \u00e8 stata\u00a0<strong>l\u2019Abruzzo, ben 16<\/strong>, seguita da\u00a0<strong>Sicilia (14),<\/strong>\u00a0<strong>Puglia e Veneto (12)<\/strong>,\u00a0<strong>Lombardia e Campania (10)<\/strong>.22 co<\/p>\n","protected":false},"excerpt":{"rendered":"<p>Sono\u00a0122 i Comuni Plastic Free 2025\u00a0che si sono distinti per la lotta contro gli abbandoni illeciti, la promozione di comportamenti responsabili, le opere di sensibilizzazione sul territorio nonch\u00e9 per l\u2019impegno&hellip;<\/p>\n","protected":false},"author":12,"featured_media":66298,"comment_status":"closed","ping_status":"open","sticky":false,"template":"","format":"standard","meta":{"_jetpack_memberships_contains_paid_content":false,"footnotes":"","jetpack_publicize_message":"","jetpack_publicize_feature_enabled":true,"jetpack_social_post_already_shared":true,"jetpack_social_options":{"image_generator_settings":{"template":"highway","default_image_id":0,"font":"","enabled":false},"version":2}},"categories":[142,921,196],"tags":[40120,6294,40119,10937,786,40118,36927],"class_list":["post-66297","post","type-post","status-publish","format-standard","has-post-thumbnail","hentry","category-calabria","category-home","category-news","tag-elenco-122-comuni","tag-girifalco","tag-impegno-per-lambiente","tag-montepaone","tag-plastic-free","tag-premiati-7-comuni-calabresi","tag-roma-montecitorio"],"yoast_head":"<!-- This site is optimized with the Yoast SEO plugin v27.2 - https:\/\/yoast.com\/product\/yoast-seo-wordpress\/ -->\n<title>Plastic Free: premiati 7 Comuni calabresi<\/title>\n<meta name=\"description\" content=\"Svelato a Montecitorio, in una\u00a0conferenza stampa, l&#039;elenco dei 122 Comuni Plastic free virtuosi sul tema ambientale, 7 dei quali calabresi\" \/>\n<meta name=\"robots\" content=\"index, follow, max-snippet:-1, max-image-preview:large, max-video-preview:-1\" \/>\n<link rel=\"canonical\" href=\"https:\/\/progettotouring.it\/radiotouring104\/2025\/02\/05\/plastic-free-premiati-7-comuni-calabresi-per-il-loro-impegno-per-lambiente\/\" \/>\n<meta property=\"og:locale\" content=\"it_IT\" \/>\n<meta property=\"og:type\" content=\"article\" \/>\n<meta property=\"og:title\" content=\"Plastic Free: premiati 7 Comuni calabresi\" \/>\n<meta property=\"og:description\" content=\"Svelato a Montecitorio, in una\u00a0conferenza stampa, l&#039;elenco dei 122 Comuni Plastic free virtuosi sul tema ambientale, 7 dei quali calabresi\" \/>\n<meta property=\"og:url\" content=\"https:\/\/progettotouring.it\/radiotouring104\/2025\/02\/05\/plastic-free-premiati-7-comuni-calabresi-per-il-loro-impegno-per-lambiente\/\" \/>\n<meta property=\"og:site_name\" content=\"Radio Touring 104\" \/>\n<meta property=\"article:published_time\" content=\"2025-02-05T09:20:29+00:00\" \/>\n<meta property=\"og:image\" content=\"https:\/\/progettotouring.it\/radiotouring104\/wp-content\/uploads\/sites\/6\/2025\/02\/Plastic-Free-Montecitorio-premiati-7-Comuni-calabresi.jpg\" \/>\n\t<meta property=\"og:image:width\" content=\"1920\" \/>\n\t<meta property=\"og:image:height\" content=\"1440\" \/>\n\t<meta property=\"og:image:type\" content=\"image\/jpeg\" \/>\n<meta name=\"author\" content=\"Sebastiano Plutino\" \/>\n<meta name=\"twitter:card\" content=\"summary_large_image\" \/>\n<meta name=\"twitter:label1\" content=\"Scritto da\" \/>\n\t<meta name=\"twitter:data1\" content=\"Sebastiano Plutino\" \/>\n\t<meta name=\"twitter:label2\" content=\"Tempo di lettura stimato\" \/>\n\t<meta name=\"twitter:data2\" content=\"2 minuti\" \/>\n<script type=\"application\/ld+json\" class=\"yoast-schema-graph\">{\"@context\":\"https:\/\/schema.org\",\"@graph\":[{\"@type\":\"Article\",\"@id\":\"https:\/\/progettotouring.it\/radiotouring104\/2025\/02\/05\/plastic-free-premiati-7-comuni-calabresi-per-il-loro-impegno-per-lambiente\/#article\",\"isPartOf\":{\"@id\":\"https:\/\/progettotouring.it\/radiotouring104\/2025\/02\/05\/plastic-free-premiati-7-comuni-calabresi-per-il-loro-impegno-per-lambiente\/\"},\"author\":{\"name\":\"Sebastiano Plutino\",\"@id\":\"https:\/\/progettotouring.it\/radiotouring104\/#\/schema\/person\/78613917f1851f041f7483f5af1d422e\"},\"headline\":\"Plastic Free: premiati 7 Comuni calabresi per il loro impegno per l\u2019ambiente\",\"datePublished\":\"2025-02-05T09:20:29+00:00\",\"mainEntityOfPage\":{\"@id\":\"https:\/\/progettotouring.it\/radiotouring104\/2025\/02\/05\/plastic-free-premiati-7-comuni-calabresi-per-il-loro-impegno-per-lambiente\/\"},\"wordCount\":489,\"publisher\":{\"@id\":\"https:\/\/progettotouring.it\/radiotouring104\/#organization\"},\"image\":{\"@id\":\"https:\/\/progettotouring.it\/radiotouring104\/2025\/02\/05\/plastic-free-premiati-7-comuni-calabresi-per-il-loro-impegno-per-lambiente\/#primaryimage\"},\"thumbnailUrl\":\"https:\/\/progettotouring.it\/radiotouring104\/wp-content\/uploads\/sites\/6\/2025\/02\/Plastic-Free-Montecitorio-premiati-7-Comuni-calabresi.jpg\",\"keywords\":[\"elenco 122 comuni\",\"Girifalco\",\"impegno per l'ambiente\",\"Montepaone\",\"plastic free\",\"premiati 7 Comuni calabresi\",\"Roma Montecitorio\"],\"articleSection\":[\"Calabria\",\"Home\",\"News\"],\"inLanguage\":\"it-IT\"},{\"@type\":\"WebPage\",\"@id\":\"https:\/\/progettotouring.it\/radiotouring104\/2025\/02\/05\/plastic-free-premiati-7-comuni-calabresi-per-il-loro-impegno-per-lambiente\/\",\"url\":\"https:\/\/progettotouring.it\/radiotouring104\/2025\/02\/05\/plastic-free-premiati-7-comuni-calabresi-per-il-loro-impegno-per-lambiente\/\",\"name\":\"Plastic Free: premiati 7 Comuni calabresi\",\"isPartOf\":{\"@id\":\"https:\/\/progettotouring.it\/radiotouring104\/#website\"},\"primaryImageOfPage\":{\"@id\":\"https:\/\/progettotouring.it\/radiotouring104\/2025\/02\/05\/plastic-free-premiati-7-comuni-calabresi-per-il-loro-impegno-per-lambiente\/#primaryimage\"},\"image\":{\"@id\":\"https:\/\/progettotouring.it\/radiotouring104\/2025\/02\/05\/plastic-free-premiati-7-comuni-calabresi-per-il-loro-impegno-per-lambiente\/#primaryimage\"},\"thumbnailUrl\":\"https:\/\/progettotouring.it\/radiotouring104\/wp-content\/uploads\/sites\/6\/2025\/02\/Plastic-Free-Montecitorio-premiati-7-Comuni-calabresi.jpg\",\"datePublished\":\"2025-02-05T09:20:29+00:00\",\"description\":\"Svelato a Montecitorio, in una\u00a0conferenza stampa, l'elenco dei 122 Comuni Plastic free virtuosi sul tema ambientale, 7 dei quali calabresi\",\"breadcrumb\":{\"@id\":\"https:\/\/progettotouring.it\/radiotouring104\/2025\/02\/05\/plastic-free-premiati-7-comuni-calabresi-per-il-loro-impegno-per-lambiente\/#breadcrumb\"},\"inLanguage\":\"it-IT\",\"potentialAction\":[{\"@type\":\"ReadAction\",\"target\":[\"https:\/\/progettotouring.it\/radiotouring104\/2025\/02\/05\/plastic-free-premiati-7-comuni-calabresi-per-il-loro-impegno-per-lambiente\/\"]}]},{\"@type\":\"ImageObject\",\"inLanguage\":\"it-IT\",\"@id\":\"https:\/\/progettotouring.it\/radiotouring104\/2025\/02\/05\/plastic-free-premiati-7-comuni-calabresi-per-il-loro-impegno-per-lambiente\/#primaryimage\",\"url\":\"https:\/\/progettotouring.it\/radiotouring104\/wp-content\/uploads\/sites\/6\/2025\/02\/Plastic-Free-Montecitorio-premiati-7-Comuni-calabresi.jpg\",\"contentUrl\":\"https:\/\/progettotouring.it\/radiotouring104\/wp-content\/uploads\/sites\/6\/2025\/02\/Plastic-Free-Montecitorio-premiati-7-Comuni-calabresi.jpg\",\"width\":1920,\"height\":1440},{\"@type\":\"BreadcrumbList\",\"@id\":\"https:\/\/progettotouring.it\/radiotouring104\/2025\/02\/05\/plastic-free-premiati-7-comuni-calabresi-per-il-loro-impegno-per-lambiente\/#breadcrumb\",\"itemListElement\":[{\"@type\":\"ListItem\",\"position\":1,\"name\":\"Home\",\"item\":\"https:\/\/progettotouring.it\/radiotouring104\/\"},{\"@type\":\"ListItem\",\"position\":2,\"name\":\"Plastic Free: premiati 7 Comuni calabresi per il loro impegno per l\u2019ambiente\"}]},{\"@type\":\"WebSite\",\"@id\":\"https:\/\/progettotouring.it\/radiotouring104\/#website\",\"url\":\"https:\/\/progettotouring.it\/radiotouring104\/\",\"name\":\"Radio Touring 104\",\"description\":\"La prima radio Reggina\",\"publisher\":{\"@id\":\"https:\/\/progettotouring.it\/radiotouring104\/#organization\"},\"potentialAction\":[{\"@type\":\"SearchAction\",\"target\":{\"@type\":\"EntryPoint\",\"urlTemplate\":\"https:\/\/progettotouring.it\/radiotouring104\/?s={search_term_string}\"},\"query-input\":{\"@type\":\"PropertyValueSpecification\",\"valueRequired\":true,\"valueName\":\"search_term_string\"}}],\"inLanguage\":\"it-IT\"},{\"@type\":\"Organization\",\"@id\":\"https:\/\/progettotouring.it\/radiotouring104\/#organization\",\"name\":\"Radio Touring 104\",\"url\":\"https:\/\/progettotouring.it\/radiotouring104\/\",\"logo\":{\"@type\":\"ImageObject\",\"inLanguage\":\"it-IT\",\"@id\":\"https:\/\/progettotouring.it\/radiotouring104\/#\/schema\/logo\/image\/\",\"url\":\"https:\/\/progettotouring.it\/radiotouring104\/wp-content\/uploads\/sites\/6\/2022\/02\/cropped-logo-radio-touring-104.png\",\"contentUrl\":\"https:\/\/progettotouring.it\/radiotouring104\/wp-content\/uploads\/sites\/6\/2022\/02\/cropped-logo-radio-touring-104.png\",\"width\":377,\"height\":182,\"caption\":\"Radio Touring 104\"},\"image\":{\"@id\":\"https:\/\/progettotouring.it\/radiotouring104\/#\/schema\/logo\/image\/\"}},{\"@type\":\"Person\",\"@id\":\"https:\/\/progettotouring.it\/radiotouring104\/#\/schema\/person\/78613917f1851f041f7483f5af1d422e\",\"name\":\"Sebastiano Plutino\",\"image\":{\"@type\":\"ImageObject\",\"inLanguage\":\"it-IT\",\"@id\":\"https:\/\/secure.gravatar.com\/avatar\/0546ffaa9b79224faf9f2a156b67a529ae861d3287c66c1d8ccfdf909bcba78d?s=96&d=mm&r=g\",\"url\":\"https:\/\/secure.gravatar.com\/avatar\/0546ffaa9b79224faf9f2a156b67a529ae861d3287c66c1d8ccfdf909bcba78d?s=96&d=mm&r=g\",\"contentUrl\":\"https:\/\/secure.gravatar.com\/avatar\/0546ffaa9b79224faf9f2a156b67a529ae861d3287c66c1d8ccfdf909bcba78d?s=96&d=mm&r=g\",\"caption\":\"Sebastiano Plutino\"},\"url\":\"https:\/\/progettotouring.it\/radiotouring104\/author\/sebastiano\/\"}]}<\/script>\n<!-- \/ Yoast SEO plugin. -->","yoast_head_json":{"title":"Plastic Free: premiati 7 Comuni calabresi","description":"Svelato a Montecitorio, in una\u00a0conferenza stampa, l'elenco dei 122 Comuni Plastic free virtuosi sul tema ambientale, 7 dei quali calabresi","robots":{"index":"index","follow":"follow","max-snippet":"max-snippet:-1","max-image-preview":"max-image-preview:large","max-video-preview":"max-video-preview:-1"},"canonical":"https:\/\/progettotouring.it\/radiotouring104\/2025\/02\/05\/plastic-free-premiati-7-comuni-calabresi-per-il-loro-impegno-per-lambiente\/","og_locale":"it_IT","og_type":"article","og_title":"Plastic Free: premiati 7 Comuni calabresi","og_description":"Svelato a Montecitorio, in una\u00a0conferenza stampa, l'elenco dei 122 Comuni Plastic free virtuosi sul tema ambientale, 7 dei quali calabresi","og_url":"https:\/\/progettotouring.it\/radiotouring104\/2025\/02\/05\/plastic-free-premiati-7-comuni-calabresi-per-il-loro-impegno-per-lambiente\/","og_site_name":"Radio Touring 104","article_published_time":"2025-02-05T09:20:29+00:00","og_image":[{"width":1920,"height":1440,"url":"https:\/\/progettotouring.it\/radiotouring104\/wp-content\/uploads\/sites\/6\/2025\/02\/Plastic-Free-Montecitorio-premiati-7-Comuni-calabresi.jpg","type":"image\/jpeg"}],"author":"Sebastiano Plutino","twitter_card":"summary_large_image","twitter_misc":{"Scritto da":"Sebastiano Plutino","Tempo di lettura stimato":"2 minuti"},"schema":{"@context":"https:\/\/schema.org","@graph":[{"@type":"Article","@id":"https:\/\/progettotouring.it\/radiotouring104\/2025\/02\/05\/plastic-free-premiati-7-comuni-calabresi-per-il-loro-impegno-per-lambiente\/#article","isPartOf":{"@id":"https:\/\/progettotouring.it\/radiotouring104\/2025\/02\/05\/plastic-free-premiati-7-comuni-calabresi-per-il-loro-impegno-per-lambiente\/"},"author":{"name":"Sebastiano Plutino","@id":"https:\/\/progettotouring.it\/radiotouring104\/#\/schema\/person\/78613917f1851f041f7483f5af1d422e"},"headline":"Plastic Free: premiati 7 Comuni calabresi per il loro impegno per l\u2019ambiente","datePublished":"2025-02-05T09:20:29+00:00","mainEntityOfPage":{"@id":"https:\/\/progettotouring.it\/radiotouring104\/2025\/02\/05\/plastic-free-premiati-7-comuni-calabresi-per-il-loro-impegno-per-lambiente\/"},"wordCount":489,"publisher":{"@id":"https:\/\/progettotouring.it\/radiotouring104\/#organization"},"image":{"@id":"https:\/\/progettotouring.it\/radiotouring104\/2025\/02\/05\/plastic-free-premiati-7-comuni-calabresi-per-il-loro-impegno-per-lambiente\/#primaryimage"},"thumbnailUrl":"https:\/\/progettotouring.it\/radiotouring104\/wp-content\/uploads\/sites\/6\/2025\/02\/Plastic-Free-Montecitorio-premiati-7-Comuni-calabresi.jpg","keywords":["elenco 122 comuni","Girifalco","impegno per l'ambiente","Montepaone","plastic free","premiati 7 Comuni calabresi","Roma Montecitorio"],"articleSection":["Calabria","Home","News"],"inLanguage":"it-IT"},{"@type":"WebPage","@id":"https:\/\/progettotouring.it\/radiotouring104\/2025\/02\/05\/plastic-free-premiati-7-comuni-calabresi-per-il-loro-impegno-per-lambiente\/","url":"https:\/\/progettotouring.it\/radiotouring104\/2025\/02\/05\/plastic-free-premiati-7-comuni-calabresi-per-il-loro-impegno-per-lambiente\/","name":"Plastic Free: premiati 7 Comuni calabresi","isPartOf":{"@id":"https:\/\/progettotouring.it\/radiotouring104\/#website"},"primaryImageOfPage":{"@id":"https:\/\/progettotouring.it\/radiotouring104\/2025\/02\/05\/plastic-free-premiati-7-comuni-calabresi-per-il-loro-impegno-per-lambiente\/#primaryimage"},"image":{"@id":"https:\/\/progettotouring.it\/radiotouring104\/2025\/02\/05\/plastic-free-premiati-7-comuni-calabresi-per-il-loro-impegno-per-lambiente\/#primaryimage"},"thumbnailUrl":"https:\/\/progettotouring.it\/radiotouring104\/wp-content\/uploads\/sites\/6\/2025\/02\/Plastic-Free-Montecitorio-premiati-7-Comuni-calabresi.jpg","datePublished":"2025-02-05T09:20:29+00:00","description":"Svelato a Montecitorio, in una\u00a0conferenza stampa, l'elenco dei 122 Comuni Plastic free virtuosi sul tema ambientale, 7 dei quali calabresi","breadcrumb":{"@id":"https:\/\/progettotouring.it\/radiotouring104\/2025\/02\/05\/plastic-free-premiati-7-comuni-calabresi-per-il-loro-impegno-per-lambiente\/#breadcrumb"},"inLanguage":"it-IT","potentialAction":[{"@type":"ReadAction","target":["https:\/\/progettotouring.it\/radiotouring104\/2025\/02\/05\/plastic-free-premiati-7-comuni-calabresi-per-il-loro-impegno-per-lambiente\/"]}]},{"@type":"ImageObject","inLanguage":"it-IT","@id":"https:\/\/progettotouring.it\/radiotouring104\/2025\/02\/05\/plastic-free-premiati-7-comuni-calabresi-per-il-loro-impegno-per-lambiente\/#primaryimage","url":"https:\/\/progettotouring.it\/radiotouring104\/wp-content\/uploads\/sites\/6\/2025\/02\/Plastic-Free-Montecitorio-premiati-7-Comuni-calabresi.jpg","contentUrl":"https:\/\/progettotouring.it\/radiotouring104\/wp-content\/uploads\/sites\/6\/2025\/02\/Plastic-Free-Montecitorio-premiati-7-Comuni-calabresi.jpg","width":1920,"height":1440},{"@type":"BreadcrumbList","@id":"https:\/\/progettotouring.it\/radiotouring104\/2025\/02\/05\/plastic-free-premiati-7-comuni-calabresi-per-il-loro-impegno-per-lambiente\/#breadcrumb","itemListElement":[{"@type":"ListItem","position":1,"name":"Home","item":"https:\/\/progettotouring.it\/radiotouring104\/"},{"@type":"ListItem","position":2,"name":"Plastic Free: premiati 7 Comuni calabresi per il loro impegno per l\u2019ambiente"}]},{"@type":"WebSite","@id":"https:\/\/progettotouring.it\/radiotouring104\/#website","url":"https:\/\/progettotouring.it\/radiotouring104\/","name":"Radio Touring 104","description":"La prima radio Reggina","publisher":{"@id":"https:\/\/progettotouring.it\/radiotouring104\/#organization"},"potentialAction":[{"@type":"SearchAction","target":{"@type":"EntryPoint","urlTemplate":"https:\/\/progettotouring.it\/radiotouring104\/?s={search_term_string}"},"query-input":{"@type":"PropertyValueSpecification","valueRequired":true,"valueName":"search_term_string"}}],"inLanguage":"it-IT"},{"@type":"Organization","@id":"https:\/\/progettotouring.it\/radiotouring104\/#organization","name":"Radio Touring 104","url":"https:\/\/progettotouring.it\/radiotouring104\/","logo":{"@type":"ImageObject","inLanguage":"it-IT","@id":"https:\/\/progettotouring.it\/radiotouring104\/#\/schema\/logo\/image\/","url":"https:\/\/progettotouring.it\/radiotouring104\/wp-content\/uploads\/sites\/6\/2022\/02\/cropped-logo-radio-touring-104.png","contentUrl":"https:\/\/progettotouring.it\/radiotouring104\/wp-content\/uploads\/sites\/6\/2022\/02\/cropped-logo-radio-touring-104.png","width":377,"height":182,"caption":"Radio Touring 104"},"image":{"@id":"https:\/\/progettotouring.it\/radiotouring104\/#\/schema\/logo\/image\/"}},{"@type":"Person","@id":"https:\/\/progettotouring.it\/radiotouring104\/#\/schema\/person\/78613917f1851f041f7483f5af1d422e","name":"Sebastiano Plutino","image":{"@type":"ImageObject","inLanguage":"it-IT","@id":"https:\/\/secure.gravatar.com\/avatar\/0546ffaa9b79224faf9f2a156b67a529ae861d3287c66c1d8ccfdf909bcba78d?s=96&d=mm&r=g","url":"https:\/\/secure.gravatar.com\/avatar\/0546ffaa9b79224faf9f2a156b67a529ae861d3287c66c1d8ccfdf909bcba78d?s=96&d=mm&r=g","contentUrl":"https:\/\/secure.gravatar.com\/avatar\/0546ffaa9b79224faf9f2a156b67a529ae861d3287c66c1d8ccfdf909bcba78d?s=96&d=mm&r=g","caption":"Sebastiano Plutino"},"url":"https:\/\/progettotouring.it\/radiotouring104\/author\/sebastiano\/"}]}},"jetpack_publicize_connections":[],"jetpack_featured_media_url":"https:\/\/progettotouring.it\/radiotouring104\/wp-content\/uploads\/sites\/6\/2025\/02\/Plastic-Free-Montecitorio-premiati-7-Comuni-calabresi.jpg","jetpack_sharing_enabled":true,"_links":{"self":[{"href":"https:\/\/progettotouring.it\/radiotouring104\/wp-json\/wp\/v2\/posts\/66297","targetHints":{"allow":["GET"]}}],"collection":[{"href":"https:\/\/progettotouring.it\/radiotouring104\/wp-json\/wp\/v2\/posts"}],"about":[{"href":"https:\/\/progettotouring.it\/radiotouring104\/wp-json\/wp\/v2\/types\/post"}],"author":[{"embeddable":true,"href":"https:\/\/progettotouring.it\/radiotouring104\/wp-json\/wp\/v2\/users\/12"}],"replies":[{"embeddable":true,"href":"https:\/\/progettotouring.it\/radiotouring104\/wp-json\/wp\/v2\/comments?post=66297"}],"version-history":[{"count":1,"href":"https:\/\/progettotouring.it\/radiotouring104\/wp-json\/wp\/v2\/posts\/66297\/revisions"}],"predecessor-version":[{"id":66299,"href":"https:\/\/progettotouring.it\/radiotouring104\/wp-json\/wp\/v2\/posts\/66297\/revisions\/66299"}],"wp:featuredmedia":[{"embeddable":true,"href":"https:\/\/progettotouring.it\/radiotouring104\/wp-json\/wp\/v2\/media\/66298"}],"wp:attachment":[{"href":"https:\/\/progettotouring.it\/radiotouring104\/wp-json\/wp\/v2\/media?parent=66297"}],"wp:term":[{"taxonomy":"category","embeddable":true,"href":"https:\/\/progettotouring.it\/radiotouring104\/wp-json\/wp\/v2\/categories?post=66297"},{"taxonomy":"post_tag","embeddable":true,"href":"https:\/\/progettotouring.it\/radiotouring104\/wp-json\/wp\/v2\/tags?post=66297"}],"curies":[{"name":"wp","href":"https:\/\/api.w.org\/{rel}","templated":true}]}}