{"id":66300,"date":"2025-02-05T10:55:46","date_gmt":"2025-02-05T09:55:46","guid":{"rendered":"https:\/\/progettotouring.it\/radiotouring104\/?p=66300"},"modified":"2025-02-05T10:55:46","modified_gmt":"2025-02-05T09:55:46","slug":"roma-incontro-tra-il-garante-lomonaco-e-la-senatrice-minasi-sullistituzione-del-garante-delle-vittime-di-reato","status":"publish","type":"post","link":"https:\/\/progettotouring.it\/radiotouring104\/2025\/02\/05\/roma-incontro-tra-il-garante-lomonaco-e-la-senatrice-minasi-sullistituzione-del-garante-delle-vittime-di-reato\/","title":{"rendered":"Roma: incontro tra il Garante Lomonaco e la Senatrice Minasi sull&#8217;istituzione del Garante delle Vittime di Reato"},"content":{"rendered":"<p style=\"text-align: justify\">Un<strong> passo avanti importante nella tutela delle vittime di reato. A palazzo Madama<\/strong> si \u00e8 svolto un<strong> incontro tra il Garante regionale calabrese per la tutela delle vittime di reato avv. Antonio Lomonaco e la senatrice Tilde Minasi.<\/strong><\/p>\n<p style=\"text-align: justify\"><strong>Al centro del confronto: la proposta di iniziativa regionale volta all\u2019istituzione di un\u2019Autorit\u00e0 Garante nazionale<\/strong> per le vittime di reato, un organismo indipendente per rafforzare la protezione e il sostegno a chi subisce violenze, soprusi e ingiustizie.<\/p>\n<p style=\"text-align: justify\">Durante l\u2019incontro, sono stati <strong>approfonditi i temi legati all\u2019attuale quadro normativo e alle carenze del sistema di tutela<\/strong>, evidenziando la necessit\u00e0 di un coordinamento nazionale che garantisca uniformit\u00e0 negli interventi, accesso rapido alle misure di sostegno e un\u2019assistenza efficace e continuativa.<\/p>\n<p style=\"text-align: justify\"><strong>Ad avviso dell\u2019avv. Lomonaco:<\/strong> <em>\u201cLa tutela delle vittime di reato deve diventare una priorit\u00e0 a livello nazionale. L\u2019istituzione di un\u2019Autorit\u00e0 nazionale rappresenterebbe un punto di riferimento fondamentale per chi si trova a vivere situazioni di profonda vulnerabilit\u00e0, garantendo un supporto concreto e una voce istituzionale forte.\u201d<\/em><\/p>\n<p style=\"text-align: justify\"><strong>La senatrice Minasi ha ribadito<\/strong><em> \u201cl\u2019importanza di un intervento legislativo mirato. Oggi &#8211; ha detto &#8211; abbiamo la possibilit\u00e0 di colmare un vuoto normativo e creare un sistema pi\u00f9 equo ed efficace per chi ha subito un reato. Questa proposta rappresenta un passo importante verso una giustizia pi\u00f9 vicina ai cittadini.\u201d<\/em><\/p>\n<p style=\"text-align: justify\"><strong>Il Garante regionale ha espresso<\/strong> <em>\u201cun sentito ringraziamento al presidente Filippo Mancuso, firmatario della proposta, per il suo impegno concreto in favore delle vittime\u201d e \u201calla senatrice Tilde Minasi, per aver condiviso l\u2019iniziativa legislativa, dimostrando grande sensibilit\u00e0 verso una tematica di primaria importanza\u201d.<\/em><\/p>\n<p style=\"text-align: justify\"><strong>La proposta sar\u00e0 ora oggetto di ulteriori approfondimenti istituzionali,<\/strong> con l\u2019obiettivo di giungere a una compiuta formulazione legislativa.<\/p>\n","protected":false},"excerpt":{"rendered":"<p>Un passo avanti importante nella tutela delle vittime di reato. A palazzo Madama si \u00e8 svolto un incontro tra il Garante regionale calabrese per la tutela delle vittime di reato&hellip;<\/p>\n","protected":false},"author":12,"featured_media":66301,"comment_status":"closed","ping_status":"open","sticky":false,"template":"","format":"standard","meta":{"_jetpack_memberships_contains_paid_content":false,"footnotes":"","jetpack_publicize_message":"","jetpack_publicize_feature_enabled":true,"jetpack_social_post_already_shared":true,"jetpack_social_options":{"image_generator_settings":{"template":"highway","default_image_id":0,"font":"","enabled":false},"version":2}},"categories":[142,921,196],"tags":[28029,40121,5698,40122,4529,27662],"class_list":["post-66300","post","type-post","status-publish","format-standard","has-post-thumbnail","hentry","category-calabria","category-home","category-news","tag-antonio-lomonaco","tag-garante-vittime-di-reato","tag-incontro","tag-istituzione-di-unautorita-garante-nazionale-per-le-vittime-di-reato","tag-senato-della-repubblica","tag-senatrice-tilde-minasi"],"yoast_head":"<!-- This site is optimized with the Yoast SEO plugin v27.2 - https:\/\/yoast.com\/product\/yoast-seo-wordpress\/ -->\n<title>Roma: incontro tra il Garante Lomonaco e la Senatrice Minasi sull&#039;istituzione del Garante delle Vittime di Reato - Radio Touring 104<\/title>\n<meta name=\"description\" content=\"Incontro al Senato, tra Il Garante calabrese Lomonaco e la Senatrice Minasi con oggetto l&#039;istituzione della figura del Garante Nazionale\" \/>\n<meta name=\"robots\" content=\"index, follow, max-snippet:-1, max-image-preview:large, max-video-preview:-1\" \/>\n<link rel=\"canonical\" href=\"https:\/\/progettotouring.it\/radiotouring104\/2025\/02\/05\/roma-incontro-tra-il-garante-lomonaco-e-la-senatrice-minasi-sullistituzione-del-garante-delle-vittime-di-reato\/\" \/>\n<meta property=\"og:locale\" content=\"it_IT\" \/>\n<meta property=\"og:type\" content=\"article\" \/>\n<meta property=\"og:title\" content=\"Roma: incontro tra il Garante Lomonaco e la Senatrice Minasi sull&#039;istituzione del Garante delle Vittime di Reato - Radio Touring 104\" \/>\n<meta property=\"og:description\" content=\"Incontro al Senato, tra Il Garante calabrese Lomonaco e la Senatrice Minasi con oggetto l&#039;istituzione della figura del Garante Nazionale\" \/>\n<meta property=\"og:url\" content=\"https:\/\/progettotouring.it\/radiotouring104\/2025\/02\/05\/roma-incontro-tra-il-garante-lomonaco-e-la-senatrice-minasi-sullistituzione-del-garante-delle-vittime-di-reato\/\" \/>\n<meta property=\"og:site_name\" content=\"Radio Touring 104\" \/>\n<meta property=\"article:published_time\" content=\"2025-02-05T09:55:46+00:00\" \/>\n<meta property=\"og:image\" content=\"https:\/\/progettotouring.it\/radiotouring104\/wp-content\/uploads\/sites\/6\/2025\/02\/Palazzo_Madama_Roma-1.jpg\" \/>\n\t<meta property=\"og:image:width\" content=\"1024\" \/>\n\t<meta property=\"og:image:height\" content=\"673\" \/>\n\t<meta property=\"og:image:type\" content=\"image\/jpeg\" \/>\n<meta name=\"author\" content=\"Sebastiano Plutino\" \/>\n<meta name=\"twitter:card\" content=\"summary_large_image\" \/>\n<meta name=\"twitter:label1\" content=\"Scritto da\" \/>\n\t<meta name=\"twitter:data1\" content=\"Sebastiano Plutino\" \/>\n\t<meta name=\"twitter:label2\" content=\"Tempo di lettura stimato\" \/>\n\t<meta name=\"twitter:data2\" content=\"1 minuto\" \/>\n<script type=\"application\/ld+json\" class=\"yoast-schema-graph\">{\"@context\":\"https:\/\/schema.org\",\"@graph\":[{\"@type\":\"Article\",\"@id\":\"https:\/\/progettotouring.it\/radiotouring104\/2025\/02\/05\/roma-incontro-tra-il-garante-lomonaco-e-la-senatrice-minasi-sullistituzione-del-garante-delle-vittime-di-reato\/#article\",\"isPartOf\":{\"@id\":\"https:\/\/progettotouring.it\/radiotouring104\/2025\/02\/05\/roma-incontro-tra-il-garante-lomonaco-e-la-senatrice-minasi-sullistituzione-del-garante-delle-vittime-di-reato\/\"},\"author\":{\"name\":\"Sebastiano Plutino\",\"@id\":\"https:\/\/progettotouring.it\/radiotouring104\/#\/schema\/person\/78613917f1851f041f7483f5af1d422e\"},\"headline\":\"Roma: incontro tra il Garante Lomonaco e la Senatrice Minasi sull&#8217;istituzione del Garante delle Vittime di Reato\",\"datePublished\":\"2025-02-05T09:55:46+00:00\",\"mainEntityOfPage\":{\"@id\":\"https:\/\/progettotouring.it\/radiotouring104\/2025\/02\/05\/roma-incontro-tra-il-garante-lomonaco-e-la-senatrice-minasi-sullistituzione-del-garante-delle-vittime-di-reato\/\"},\"wordCount\":301,\"publisher\":{\"@id\":\"https:\/\/progettotouring.it\/radiotouring104\/#organization\"},\"image\":{\"@id\":\"https:\/\/progettotouring.it\/radiotouring104\/2025\/02\/05\/roma-incontro-tra-il-garante-lomonaco-e-la-senatrice-minasi-sullistituzione-del-garante-delle-vittime-di-reato\/#primaryimage\"},\"thumbnailUrl\":\"https:\/\/progettotouring.it\/radiotouring104\/wp-content\/uploads\/sites\/6\/2025\/02\/Palazzo_Madama_Roma-1.jpg\",\"keywords\":[\"Antonio Lomonaco\",\"Garante vittime di reato\",\"incontro\",\"istituzione di un\u2019Autorit\u00e0 Garante nazionale per le vittime di reato\",\"Senato della Repubblica\",\"Senatrice Tilde Minasi\"],\"articleSection\":[\"Calabria\",\"Home\",\"News\"],\"inLanguage\":\"it-IT\"},{\"@type\":\"WebPage\",\"@id\":\"https:\/\/progettotouring.it\/radiotouring104\/2025\/02\/05\/roma-incontro-tra-il-garante-lomonaco-e-la-senatrice-minasi-sullistituzione-del-garante-delle-vittime-di-reato\/\",\"url\":\"https:\/\/progettotouring.it\/radiotouring104\/2025\/02\/05\/roma-incontro-tra-il-garante-lomonaco-e-la-senatrice-minasi-sullistituzione-del-garante-delle-vittime-di-reato\/\",\"name\":\"Roma: incontro tra il Garante Lomonaco e la Senatrice Minasi sull'istituzione del Garante delle Vittime di Reato - Radio Touring 104\",\"isPartOf\":{\"@id\":\"https:\/\/progettotouring.it\/radiotouring104\/#website\"},\"primaryImageOfPage\":{\"@id\":\"https:\/\/progettotouring.it\/radiotouring104\/2025\/02\/05\/roma-incontro-tra-il-garante-lomonaco-e-la-senatrice-minasi-sullistituzione-del-garante-delle-vittime-di-reato\/#primaryimage\"},\"image\":{\"@id\":\"https:\/\/progettotouring.it\/radiotouring104\/2025\/02\/05\/roma-incontro-tra-il-garante-lomonaco-e-la-senatrice-minasi-sullistituzione-del-garante-delle-vittime-di-reato\/#primaryimage\"},\"thumbnailUrl\":\"https:\/\/progettotouring.it\/radiotouring104\/wp-content\/uploads\/sites\/6\/2025\/02\/Palazzo_Madama_Roma-1.jpg\",\"datePublished\":\"2025-02-05T09:55:46+00:00\",\"description\":\"Incontro al Senato, tra Il Garante calabrese Lomonaco e la Senatrice Minasi con oggetto l'istituzione della figura del Garante Nazionale\",\"breadcrumb\":{\"@id\":\"https:\/\/progettotouring.it\/radiotouring104\/2025\/02\/05\/roma-incontro-tra-il-garante-lomonaco-e-la-senatrice-minasi-sullistituzione-del-garante-delle-vittime-di-reato\/#breadcrumb\"},\"inLanguage\":\"it-IT\",\"potentialAction\":[{\"@type\":\"ReadAction\",\"target\":[\"https:\/\/progettotouring.it\/radiotouring104\/2025\/02\/05\/roma-incontro-tra-il-garante-lomonaco-e-la-senatrice-minasi-sullistituzione-del-garante-delle-vittime-di-reato\/\"]}]},{\"@type\":\"ImageObject\",\"inLanguage\":\"it-IT\",\"@id\":\"https:\/\/progettotouring.it\/radiotouring104\/2025\/02\/05\/roma-incontro-tra-il-garante-lomonaco-e-la-senatrice-minasi-sullistituzione-del-garante-delle-vittime-di-reato\/#primaryimage\",\"url\":\"https:\/\/progettotouring.it\/radiotouring104\/wp-content\/uploads\/sites\/6\/2025\/02\/Palazzo_Madama_Roma-1.jpg\",\"contentUrl\":\"https:\/\/progettotouring.it\/radiotouring104\/wp-content\/uploads\/sites\/6\/2025\/02\/Palazzo_Madama_Roma-1.jpg\",\"width\":1024,\"height\":673},{\"@type\":\"BreadcrumbList\",\"@id\":\"https:\/\/progettotouring.it\/radiotouring104\/2025\/02\/05\/roma-incontro-tra-il-garante-lomonaco-e-la-senatrice-minasi-sullistituzione-del-garante-delle-vittime-di-reato\/#breadcrumb\",\"itemListElement\":[{\"@type\":\"ListItem\",\"position\":1,\"name\":\"Home\",\"item\":\"https:\/\/progettotouring.it\/radiotouring104\/\"},{\"@type\":\"ListItem\",\"position\":2,\"name\":\"Roma: incontro tra il Garante Lomonaco e la Senatrice Minasi sull&#8217;istituzione del Garante delle Vittime di Reato\"}]},{\"@type\":\"WebSite\",\"@id\":\"https:\/\/progettotouring.it\/radiotouring104\/#website\",\"url\":\"https:\/\/progettotouring.it\/radiotouring104\/\",\"name\":\"Radio Touring 104\",\"description\":\"La prima radio Reggina\",\"publisher\":{\"@id\":\"https:\/\/progettotouring.it\/radiotouring104\/#organization\"},\"potentialAction\":[{\"@type\":\"SearchAction\",\"target\":{\"@type\":\"EntryPoint\",\"urlTemplate\":\"https:\/\/progettotouring.it\/radiotouring104\/?s={search_term_string}\"},\"query-input\":{\"@type\":\"PropertyValueSpecification\",\"valueRequired\":true,\"valueName\":\"search_term_string\"}}],\"inLanguage\":\"it-IT\"},{\"@type\":\"Organization\",\"@id\":\"https:\/\/progettotouring.it\/radiotouring104\/#organization\",\"name\":\"Radio Touring 104\",\"url\":\"https:\/\/progettotouring.it\/radiotouring104\/\",\"logo\":{\"@type\":\"ImageObject\",\"inLanguage\":\"it-IT\",\"@id\":\"https:\/\/progettotouring.it\/radiotouring104\/#\/schema\/logo\/image\/\",\"url\":\"https:\/\/progettotouring.it\/radiotouring104\/wp-content\/uploads\/sites\/6\/2022\/02\/cropped-logo-radio-touring-104.png\",\"contentUrl\":\"https:\/\/progettotouring.it\/radiotouring104\/wp-content\/uploads\/sites\/6\/2022\/02\/cropped-logo-radio-touring-104.png\",\"width\":377,\"height\":182,\"caption\":\"Radio Touring 104\"},\"image\":{\"@id\":\"https:\/\/progettotouring.it\/radiotouring104\/#\/schema\/logo\/image\/\"}},{\"@type\":\"Person\",\"@id\":\"https:\/\/progettotouring.it\/radiotouring104\/#\/schema\/person\/78613917f1851f041f7483f5af1d422e\",\"name\":\"Sebastiano Plutino\",\"image\":{\"@type\":\"ImageObject\",\"inLanguage\":\"it-IT\",\"@id\":\"https:\/\/secure.gravatar.com\/avatar\/0546ffaa9b79224faf9f2a156b67a529ae861d3287c66c1d8ccfdf909bcba78d?s=96&d=mm&r=g\",\"url\":\"https:\/\/secure.gravatar.com\/avatar\/0546ffaa9b79224faf9f2a156b67a529ae861d3287c66c1d8ccfdf909bcba78d?s=96&d=mm&r=g\",\"contentUrl\":\"https:\/\/secure.gravatar.com\/avatar\/0546ffaa9b79224faf9f2a156b67a529ae861d3287c66c1d8ccfdf909bcba78d?s=96&d=mm&r=g\",\"caption\":\"Sebastiano Plutino\"},\"url\":\"https:\/\/progettotouring.it\/radiotouring104\/author\/sebastiano\/\"}]}<\/script>\n<!-- \/ Yoast SEO plugin. -->","yoast_head_json":{"title":"Roma: incontro tra il Garante Lomonaco e la Senatrice Minasi sull'istituzione del Garante delle Vittime di Reato - Radio Touring 104","description":"Incontro al Senato, tra Il Garante calabrese Lomonaco e la Senatrice Minasi con oggetto l'istituzione della figura del Garante Nazionale","robots":{"index":"index","follow":"follow","max-snippet":"max-snippet:-1","max-image-preview":"max-image-preview:large","max-video-preview":"max-video-preview:-1"},"canonical":"https:\/\/progettotouring.it\/radiotouring104\/2025\/02\/05\/roma-incontro-tra-il-garante-lomonaco-e-la-senatrice-minasi-sullistituzione-del-garante-delle-vittime-di-reato\/","og_locale":"it_IT","og_type":"article","og_title":"Roma: incontro tra il Garante Lomonaco e la Senatrice Minasi sull'istituzione del Garante delle Vittime di Reato - Radio Touring 104","og_description":"Incontro al Senato, tra Il Garante calabrese Lomonaco e la Senatrice Minasi con oggetto l'istituzione della figura del Garante Nazionale","og_url":"https:\/\/progettotouring.it\/radiotouring104\/2025\/02\/05\/roma-incontro-tra-il-garante-lomonaco-e-la-senatrice-minasi-sullistituzione-del-garante-delle-vittime-di-reato\/","og_site_name":"Radio Touring 104","article_published_time":"2025-02-05T09:55:46+00:00","og_image":[{"width":1024,"height":673,"url":"https:\/\/progettotouring.it\/radiotouring104\/wp-content\/uploads\/sites\/6\/2025\/02\/Palazzo_Madama_Roma-1.jpg","type":"image\/jpeg"}],"author":"Sebastiano Plutino","twitter_card":"summary_large_image","twitter_misc":{"Scritto da":"Sebastiano Plutino","Tempo di lettura stimato":"1 minuto"},"schema":{"@context":"https:\/\/schema.org","@graph":[{"@type":"Article","@id":"https:\/\/progettotouring.it\/radiotouring104\/2025\/02\/05\/roma-incontro-tra-il-garante-lomonaco-e-la-senatrice-minasi-sullistituzione-del-garante-delle-vittime-di-reato\/#article","isPartOf":{"@id":"https:\/\/progettotouring.it\/radiotouring104\/2025\/02\/05\/roma-incontro-tra-il-garante-lomonaco-e-la-senatrice-minasi-sullistituzione-del-garante-delle-vittime-di-reato\/"},"author":{"name":"Sebastiano Plutino","@id":"https:\/\/progettotouring.it\/radiotouring104\/#\/schema\/person\/78613917f1851f041f7483f5af1d422e"},"headline":"Roma: incontro tra il Garante Lomonaco e la Senatrice Minasi sull&#8217;istituzione del Garante delle Vittime di Reato","datePublished":"2025-02-05T09:55:46+00:00","mainEntityOfPage":{"@id":"https:\/\/progettotouring.it\/radiotouring104\/2025\/02\/05\/roma-incontro-tra-il-garante-lomonaco-e-la-senatrice-minasi-sullistituzione-del-garante-delle-vittime-di-reato\/"},"wordCount":301,"publisher":{"@id":"https:\/\/progettotouring.it\/radiotouring104\/#organization"},"image":{"@id":"https:\/\/progettotouring.it\/radiotouring104\/2025\/02\/05\/roma-incontro-tra-il-garante-lomonaco-e-la-senatrice-minasi-sullistituzione-del-garante-delle-vittime-di-reato\/#primaryimage"},"thumbnailUrl":"https:\/\/progettotouring.it\/radiotouring104\/wp-content\/uploads\/sites\/6\/2025\/02\/Palazzo_Madama_Roma-1.jpg","keywords":["Antonio Lomonaco","Garante vittime di reato","incontro","istituzione di un\u2019Autorit\u00e0 Garante nazionale per le vittime di reato","Senato della Repubblica","Senatrice Tilde Minasi"],"articleSection":["Calabria","Home","News"],"inLanguage":"it-IT"},{"@type":"WebPage","@id":"https:\/\/progettotouring.it\/radiotouring104\/2025\/02\/05\/roma-incontro-tra-il-garante-lomonaco-e-la-senatrice-minasi-sullistituzione-del-garante-delle-vittime-di-reato\/","url":"https:\/\/progettotouring.it\/radiotouring104\/2025\/02\/05\/roma-incontro-tra-il-garante-lomonaco-e-la-senatrice-minasi-sullistituzione-del-garante-delle-vittime-di-reato\/","name":"Roma: incontro tra il Garante Lomonaco e la Senatrice Minasi sull'istituzione del Garante delle Vittime di Reato - Radio Touring 104","isPartOf":{"@id":"https:\/\/progettotouring.it\/radiotouring104\/#website"},"primaryImageOfPage":{"@id":"https:\/\/progettotouring.it\/radiotouring104\/2025\/02\/05\/roma-incontro-tra-il-garante-lomonaco-e-la-senatrice-minasi-sullistituzione-del-garante-delle-vittime-di-reato\/#primaryimage"},"image":{"@id":"https:\/\/progettotouring.it\/radiotouring104\/2025\/02\/05\/roma-incontro-tra-il-garante-lomonaco-e-la-senatrice-minasi-sullistituzione-del-garante-delle-vittime-di-reato\/#primaryimage"},"thumbnailUrl":"https:\/\/progettotouring.it\/radiotouring104\/wp-content\/uploads\/sites\/6\/2025\/02\/Palazzo_Madama_Roma-1.jpg","datePublished":"2025-02-05T09:55:46+00:00","description":"Incontro al Senato, tra Il Garante calabrese Lomonaco e la Senatrice Minasi con oggetto l'istituzione della figura del Garante Nazionale","breadcrumb":{"@id":"https:\/\/progettotouring.it\/radiotouring104\/2025\/02\/05\/roma-incontro-tra-il-garante-lomonaco-e-la-senatrice-minasi-sullistituzione-del-garante-delle-vittime-di-reato\/#breadcrumb"},"inLanguage":"it-IT","potentialAction":[{"@type":"ReadAction","target":["https:\/\/progettotouring.it\/radiotouring104\/2025\/02\/05\/roma-incontro-tra-il-garante-lomonaco-e-la-senatrice-minasi-sullistituzione-del-garante-delle-vittime-di-reato\/"]}]},{"@type":"ImageObject","inLanguage":"it-IT","@id":"https:\/\/progettotouring.it\/radiotouring104\/2025\/02\/05\/roma-incontro-tra-il-garante-lomonaco-e-la-senatrice-minasi-sullistituzione-del-garante-delle-vittime-di-reato\/#primaryimage","url":"https:\/\/progettotouring.it\/radiotouring104\/wp-content\/uploads\/sites\/6\/2025\/02\/Palazzo_Madama_Roma-1.jpg","contentUrl":"https:\/\/progettotouring.it\/radiotouring104\/wp-content\/uploads\/sites\/6\/2025\/02\/Palazzo_Madama_Roma-1.jpg","width":1024,"height":673},{"@type":"BreadcrumbList","@id":"https:\/\/progettotouring.it\/radiotouring104\/2025\/02\/05\/roma-incontro-tra-il-garante-lomonaco-e-la-senatrice-minasi-sullistituzione-del-garante-delle-vittime-di-reato\/#breadcrumb","itemListElement":[{"@type":"ListItem","position":1,"name":"Home","item":"https:\/\/progettotouring.it\/radiotouring104\/"},{"@type":"ListItem","position":2,"name":"Roma: incontro tra il Garante Lomonaco e la Senatrice Minasi sull&#8217;istituzione del Garante delle Vittime di Reato"}]},{"@type":"WebSite","@id":"https:\/\/progettotouring.it\/radiotouring104\/#website","url":"https:\/\/progettotouring.it\/radiotouring104\/","name":"Radio Touring 104","description":"La prima radio Reggina","publisher":{"@id":"https:\/\/progettotouring.it\/radiotouring104\/#organization"},"potentialAction":[{"@type":"SearchAction","target":{"@type":"EntryPoint","urlTemplate":"https:\/\/progettotouring.it\/radiotouring104\/?s={search_term_string}"},"query-input":{"@type":"PropertyValueSpecification","valueRequired":true,"valueName":"search_term_string"}}],"inLanguage":"it-IT"},{"@type":"Organization","@id":"https:\/\/progettotouring.it\/radiotouring104\/#organization","name":"Radio Touring 104","url":"https:\/\/progettotouring.it\/radiotouring104\/","logo":{"@type":"ImageObject","inLanguage":"it-IT","@id":"https:\/\/progettotouring.it\/radiotouring104\/#\/schema\/logo\/image\/","url":"https:\/\/progettotouring.it\/radiotouring104\/wp-content\/uploads\/sites\/6\/2022\/02\/cropped-logo-radio-touring-104.png","contentUrl":"https:\/\/progettotouring.it\/radiotouring104\/wp-content\/uploads\/sites\/6\/2022\/02\/cropped-logo-radio-touring-104.png","width":377,"height":182,"caption":"Radio Touring 104"},"image":{"@id":"https:\/\/progettotouring.it\/radiotouring104\/#\/schema\/logo\/image\/"}},{"@type":"Person","@id":"https:\/\/progettotouring.it\/radiotouring104\/#\/schema\/person\/78613917f1851f041f7483f5af1d422e","name":"Sebastiano Plutino","image":{"@type":"ImageObject","inLanguage":"it-IT","@id":"https:\/\/secure.gravatar.com\/avatar\/0546ffaa9b79224faf9f2a156b67a529ae861d3287c66c1d8ccfdf909bcba78d?s=96&d=mm&r=g","url":"https:\/\/secure.gravatar.com\/avatar\/0546ffaa9b79224faf9f2a156b67a529ae861d3287c66c1d8ccfdf909bcba78d?s=96&d=mm&r=g","contentUrl":"https:\/\/secure.gravatar.com\/avatar\/0546ffaa9b79224faf9f2a156b67a529ae861d3287c66c1d8ccfdf909bcba78d?s=96&d=mm&r=g","caption":"Sebastiano Plutino"},"url":"https:\/\/progettotouring.it\/radiotouring104\/author\/sebastiano\/"}]}},"jetpack_publicize_connections":[],"jetpack_featured_media_url":"https:\/\/progettotouring.it\/radiotouring104\/wp-content\/uploads\/sites\/6\/2025\/02\/Palazzo_Madama_Roma-1.jpg","jetpack_sharing_enabled":true,"_links":{"self":[{"href":"https:\/\/progettotouring.it\/radiotouring104\/wp-json\/wp\/v2\/posts\/66300","targetHints":{"allow":["GET"]}}],"collection":[{"href":"https:\/\/progettotouring.it\/radiotouring104\/wp-json\/wp\/v2\/posts"}],"about":[{"href":"https:\/\/progettotouring.it\/radiotouring104\/wp-json\/wp\/v2\/types\/post"}],"author":[{"embeddable":true,"href":"https:\/\/progettotouring.it\/radiotouring104\/wp-json\/wp\/v2\/users\/12"}],"replies":[{"embeddable":true,"href":"https:\/\/progettotouring.it\/radiotouring104\/wp-json\/wp\/v2\/comments?post=66300"}],"version-history":[{"count":1,"href":"https:\/\/progettotouring.it\/radiotouring104\/wp-json\/wp\/v2\/posts\/66300\/revisions"}],"predecessor-version":[{"id":66302,"href":"https:\/\/progettotouring.it\/radiotouring104\/wp-json\/wp\/v2\/posts\/66300\/revisions\/66302"}],"wp:featuredmedia":[{"embeddable":true,"href":"https:\/\/progettotouring.it\/radiotouring104\/wp-json\/wp\/v2\/media\/66301"}],"wp:attachment":[{"href":"https:\/\/progettotouring.it\/radiotouring104\/wp-json\/wp\/v2\/media?parent=66300"}],"wp:term":[{"taxonomy":"category","embeddable":true,"href":"https:\/\/progettotouring.it\/radiotouring104\/wp-json\/wp\/v2\/categories?post=66300"},{"taxonomy":"post_tag","embeddable":true,"href":"https:\/\/progettotouring.it\/radiotouring104\/wp-json\/wp\/v2\/tags?post=66300"}],"curies":[{"name":"wp","href":"https:\/\/api.w.org\/{rel}","templated":true}]}}