{"id":66419,"date":"2025-02-06T19:28:28","date_gmt":"2025-02-06T18:28:28","guid":{"rendered":"https:\/\/progettotouring.it\/radiotouring104\/?p=66419"},"modified":"2025-02-06T19:28:28","modified_gmt":"2025-02-06T18:28:28","slug":"wedding-tourism-collaborazione-tra-la-citta-metropolitana-e-la-camera-di-commercio-di-reggio-calabria","status":"publish","type":"post","link":"https:\/\/progettotouring.it\/radiotouring104\/2025\/02\/06\/wedding-tourism-collaborazione-tra-la-citta-metropolitana-e-la-camera-di-commercio-di-reggio-calabria\/","title":{"rendered":"\u201cWedding tourism&#8221;: collaborazione\u00a0 tra la Citt\u00e0 Metropolitana e la Camera di Commercio di Reggio Calabria"},"content":{"rendered":"<div>\n<p class=\"xmprfx_MsoNormal\">L\u2019area metropolitana di Reggio Calabria immaginata come location ideale per celebrare matrimoni in grande stile. E\u2019 il progetto,\u00a0 gi\u00e0 avviato dalla Camera di commercio nel 2024, sul quale stanno lavorando, in sinergia, Palazzo Alvaro e l\u2019Ente camerale nel tentativo di creare un vero e proprio contenitore di servizi legato al giorno pi\u00f9 importante per le coppie.<\/p>\n<p class=\"xmprfx_MsoNormal\">Nei saloni della Citt\u00e0 Metropolitana, si \u00e8 tenuto un confronto fra il sindaco Giuseppe Falcomat\u00e0 ed il presidente della Camera di Commercio, Antonino Tramontana, allargato a professionisti del settore da tempo impegnati su un fronte che ha ripercussioni positive sull\u2019immagine e sul tessuto economico, sociale e turistico delle comunit\u00e0.<\/p>\n<p class=\"xmprfx_MsoNormal\">Alla riunione hanno preso parte anche Giuseppina Attanasio, dirigente del settore Affari istituzionali e responsabile del servizio \u201cPromozione e marketing del territorio\u201d e Natina Crea, Segretario Generale dell\u2019Ente camerale.<\/p>\n<p class=\"xmprfx_MsoNormal\">L\u2019idea si sviluppa sul concetto di \u201cwedding tourism&#8221; ed \u00e8 rivolta ai reggini fuori sede che scelgono la citt\u00e0 natale per pronunciare il fatidico s\u00ec ed a mercati esteri che hanno una consolidata esperienza nel campo delle \u201cnozze in trasferta\u201d. Si \u00e8 partiti analizzando i dati, che vedono sempre pi\u00f9 coppie straniere, soprattutto statunitensi, canadesi, inglesi e dei paesi orientali scegliere l\u2019Italia quale meta preferita per celebrare il proprio matrimonio. Nel 2019, infatti, si sono tenute 9.000 unioni straniere nel nostro Paese, diventate oltre 13.600 nel 2023, con 56 mila euro in media di spese ed una base consolidata di 120 ospiti. Si \u00e8 constatato, poi, come il 70% delle cerimonie celebrate in citt\u00e0 interessino reggini di ritorno, con al seguito un numero sempre pi\u00f9 crescente di invitati provenienti da altre province o Paesi.<\/p>\n<p class=\"xmprfx_MsoNormal\">\u00abE\u2019 un asset sul quale ragionare concretamente\u00bb, ha detto il sindaco Giuseppe Falcomat\u00e0, convinto che \u00abla proposta risponda pienamente al principio su cui lavoriamo e che identifica Reggio come meta di destinazione e non pi\u00f9 di passaggio o partenza\u00bb. \u00abLa proposta del \u201cwedding tourism&#8221; \u2013 ha spiegato &#8211; appare coerente sia dal punto di vista dell\u2019indirizzo politico, sia su quella di una programmazione specifica. Si pu\u00f2 interpretare come un tassello di una progettazione pi\u00f9 ampia di una citt\u00e0 che diventa luogo d\u2019arrivo\u00bb.<\/p>\n<p class=\"xmprfx_MsoNormal\">Il presidente della Camera di Commercio, Antonino Tramontana, ha sottolineato \u00abl\u2019importanza e l\u2019incidenza dell\u2019economia legata al settore dei matrimoni, capace di coinvolgere diversi e numerosi segmenti di mercato\u00bb. \u00abGi\u00e0 dallo scorso anno abbiamo avviato un percorso finalizzato ad aumentare la presenza sul territorio degli ospiti degli sposi attraverso l\u2019offerta di esperienze turistiche e pacchetti di viaggio proposti dai nostri tour operator; l\u2019obiettivo adesso \u00e8 quello di ampliare la base degli operatori coinvolti creando una vera e propria rete che unisca tutti i segmenti legati alla filiera del wedding\u00bb.<\/p>\n<p class=\"xmprfx_MsoNormal\">Cos\u00ec, anche grazie alla condivisione tra le istituzioni, l\u2019obiettivo diventa quello di \u00abfar diventare la Citt\u00e0 metropolitana di Reggio Calabria la prima \u201cDestination Wedding Organization\u201d italiana, capace, cio\u00e8, di offrire proposte personalizzate e promuovere il territorio a livello internazionale, puntando ad ambire al ruolo di meta d\u2019eccellenza al pari di esperienze virtuose come quelle della Toscana, della Costiera Amalfitana o della regione Puglia\u00bb.<\/p>\n<p class=\"xmprfx_MsoNormal\">\u00abLa Destination Wedding Organization \u2013 \u00e8 stato ribadito nel corso della riunione &#8211; si occuper\u00e0, quindi, di organizzare, mettere in rete e promuovere congiuntamente una serie di attori che devono garantire i diversi servizi nel comparto, per esempio, delle location, del catering, della fotografia, dell\u2019allestimento o della logistica cos\u00ec da generare un circuito virtuoso con importanti ritorni, diretti e indiretti, per le imprese ed il tessuto produttivo del comprensorio\u00bb.<\/p>\n<p class=\"xmprfx_MsoNormal\">Fra le potenzialit\u00e0 del progetto, il ragionamento si \u00e8 focalizzato \u00absull\u2019incremento della spesa media dei turisti, grazie alla permanenza prolungata degli sposi e dei loro ospiti, e sul potenziamento della notoriet\u00e0 e del posizionamento del brand territoriale, che beneficer\u00e0 della visibilit\u00e0 internazionale offerta dagli eventi matrimoniali\u00bb. Non \u00e8 stato sottovalutata, infine, la creazione di un effetto \u201cshowcasing\u201d che \u00abspinger\u00e0 molti partecipanti delle diverse cerimonie a tornare come turisti ed a consigliare la destinazione di Reggio Calabria ad amici e conoscenti, generando un passaparola positivo offline e online\u00bb.<\/p>\n<p class=\"xmprfx_MsoNormal\">\n<\/div>\n<div>\n<div class=\"xmprfx_gmail_signature\" dir=\"ltr\" data-smartmail=\"gmail_signature\">\n<div dir=\"ltr\">\n<div>\n<div><\/div>\n<div><\/div>\n<\/div>\n<\/div>\n<\/div>\n<\/div>\n","protected":false},"excerpt":{"rendered":"<p>L\u2019area metropolitana di Reggio Calabria immaginata come location ideale per celebrare matrimoni in grande stile. E\u2019 il progetto,\u00a0 gi\u00e0 avviato dalla Camera di commercio nel 2024, sul quale stanno lavorando,&hellip;<\/p>\n","protected":false},"author":19,"featured_media":66420,"comment_status":"closed","ping_status":"open","sticky":false,"template":"","format":"standard","meta":{"_jetpack_memberships_contains_paid_content":false,"footnotes":"","jetpack_publicize_message":"","jetpack_publicize_feature_enabled":true,"jetpack_social_post_already_shared":true,"jetpack_social_options":{"image_generator_settings":{"template":"highway","default_image_id":0,"font":"","enabled":false},"version":2}},"categories":[921,196,140],"tags":[],"class_list":["post-66419","post","type-post","status-publish","format-standard","has-post-thumbnail","hentry","category-home","category-news","category-reggio-calabria"],"yoast_head":"<!-- This site is optimized with the Yoast SEO plugin v27.2 - https:\/\/yoast.com\/product\/yoast-seo-wordpress\/ -->\n<title>\u201cWedding tourism&quot;: collaborazione\u00a0 tra la Citt\u00e0 Metropolitana e la Camera di Commercio di Reggio Calabria - Radio Touring 104<\/title>\n<meta name=\"description\" content=\"Il presidente Tramontana: \u00abSi pu\u00f2 innescare un circuito virtuoso. Il settore del wedding coinvolge numerosi segmenti di mercato\u00bb\" \/>\n<meta name=\"robots\" content=\"index, follow, max-snippet:-1, max-image-preview:large, max-video-preview:-1\" \/>\n<link rel=\"canonical\" href=\"https:\/\/progettotouring.it\/radiotouring104\/2025\/02\/06\/wedding-tourism-collaborazione-tra-la-citta-metropolitana-e-la-camera-di-commercio-di-reggio-calabria\/\" \/>\n<meta property=\"og:locale\" content=\"it_IT\" \/>\n<meta property=\"og:type\" content=\"article\" \/>\n<meta property=\"og:title\" content=\"\u201cWedding tourism&quot;: collaborazione\u00a0 tra la Citt\u00e0 Metropolitana e la Camera di Commercio di Reggio Calabria - Radio Touring 104\" \/>\n<meta property=\"og:description\" content=\"Il presidente Tramontana: \u00abSi pu\u00f2 innescare un circuito virtuoso. Il settore del wedding coinvolge numerosi segmenti di mercato\u00bb\" \/>\n<meta property=\"og:url\" content=\"https:\/\/progettotouring.it\/radiotouring104\/2025\/02\/06\/wedding-tourism-collaborazione-tra-la-citta-metropolitana-e-la-camera-di-commercio-di-reggio-calabria\/\" \/>\n<meta property=\"og:site_name\" content=\"Radio Touring 104\" \/>\n<meta property=\"article:published_time\" content=\"2025-02-06T18:28:28+00:00\" \/>\n<meta property=\"og:image\" content=\"https:\/\/progettotouring.it\/radiotouring104\/wp-content\/uploads\/sites\/6\/2025\/02\/wedding-tourism.jpeg\" \/>\n\t<meta property=\"og:image:width\" content=\"1600\" \/>\n\t<meta property=\"og:image:height\" content=\"1200\" \/>\n\t<meta property=\"og:image:type\" content=\"image\/jpeg\" \/>\n<meta name=\"author\" content=\"S L\" \/>\n<meta name=\"twitter:card\" content=\"summary_large_image\" \/>\n<meta name=\"twitter:label1\" content=\"Scritto da\" \/>\n\t<meta name=\"twitter:data1\" content=\"S L\" \/>\n\t<meta name=\"twitter:label2\" content=\"Tempo di lettura stimato\" \/>\n\t<meta name=\"twitter:data2\" content=\"3 minuti\" \/>\n<script type=\"application\/ld+json\" class=\"yoast-schema-graph\">{\"@context\":\"https:\/\/schema.org\",\"@graph\":[{\"@type\":\"Article\",\"@id\":\"https:\/\/progettotouring.it\/radiotouring104\/2025\/02\/06\/wedding-tourism-collaborazione-tra-la-citta-metropolitana-e-la-camera-di-commercio-di-reggio-calabria\/#article\",\"isPartOf\":{\"@id\":\"https:\/\/progettotouring.it\/radiotouring104\/2025\/02\/06\/wedding-tourism-collaborazione-tra-la-citta-metropolitana-e-la-camera-di-commercio-di-reggio-calabria\/\"},\"author\":{\"name\":\"S L\",\"@id\":\"https:\/\/progettotouring.it\/radiotouring104\/#\/schema\/person\/b9f9c3730b0a78814c9b9f3bfc52c619\"},\"headline\":\"\u201cWedding tourism&#8221;: collaborazione\u00a0 tra la Citt\u00e0 Metropolitana e la Camera di Commercio di Reggio Calabria\",\"datePublished\":\"2025-02-06T18:28:28+00:00\",\"mainEntityOfPage\":{\"@id\":\"https:\/\/progettotouring.it\/radiotouring104\/2025\/02\/06\/wedding-tourism-collaborazione-tra-la-citta-metropolitana-e-la-camera-di-commercio-di-reggio-calabria\/\"},\"wordCount\":671,\"publisher\":{\"@id\":\"https:\/\/progettotouring.it\/radiotouring104\/#organization\"},\"image\":{\"@id\":\"https:\/\/progettotouring.it\/radiotouring104\/2025\/02\/06\/wedding-tourism-collaborazione-tra-la-citta-metropolitana-e-la-camera-di-commercio-di-reggio-calabria\/#primaryimage\"},\"thumbnailUrl\":\"https:\/\/progettotouring.it\/radiotouring104\/wp-content\/uploads\/sites\/6\/2025\/02\/wedding-tourism.jpeg\",\"articleSection\":[\"Home\",\"News\",\"Reggio Calabria\"],\"inLanguage\":\"it-IT\"},{\"@type\":\"WebPage\",\"@id\":\"https:\/\/progettotouring.it\/radiotouring104\/2025\/02\/06\/wedding-tourism-collaborazione-tra-la-citta-metropolitana-e-la-camera-di-commercio-di-reggio-calabria\/\",\"url\":\"https:\/\/progettotouring.it\/radiotouring104\/2025\/02\/06\/wedding-tourism-collaborazione-tra-la-citta-metropolitana-e-la-camera-di-commercio-di-reggio-calabria\/\",\"name\":\"\u201cWedding tourism\\\": collaborazione\u00a0 tra la Citt\u00e0 Metropolitana e la Camera di Commercio di Reggio Calabria - Radio Touring 104\",\"isPartOf\":{\"@id\":\"https:\/\/progettotouring.it\/radiotouring104\/#website\"},\"primaryImageOfPage\":{\"@id\":\"https:\/\/progettotouring.it\/radiotouring104\/2025\/02\/06\/wedding-tourism-collaborazione-tra-la-citta-metropolitana-e-la-camera-di-commercio-di-reggio-calabria\/#primaryimage\"},\"image\":{\"@id\":\"https:\/\/progettotouring.it\/radiotouring104\/2025\/02\/06\/wedding-tourism-collaborazione-tra-la-citta-metropolitana-e-la-camera-di-commercio-di-reggio-calabria\/#primaryimage\"},\"thumbnailUrl\":\"https:\/\/progettotouring.it\/radiotouring104\/wp-content\/uploads\/sites\/6\/2025\/02\/wedding-tourism.jpeg\",\"datePublished\":\"2025-02-06T18:28:28+00:00\",\"description\":\"Il presidente Tramontana: \u00abSi pu\u00f2 innescare un circuito virtuoso. Il settore del wedding coinvolge numerosi segmenti di mercato\u00bb\",\"breadcrumb\":{\"@id\":\"https:\/\/progettotouring.it\/radiotouring104\/2025\/02\/06\/wedding-tourism-collaborazione-tra-la-citta-metropolitana-e-la-camera-di-commercio-di-reggio-calabria\/#breadcrumb\"},\"inLanguage\":\"it-IT\",\"potentialAction\":[{\"@type\":\"ReadAction\",\"target\":[\"https:\/\/progettotouring.it\/radiotouring104\/2025\/02\/06\/wedding-tourism-collaborazione-tra-la-citta-metropolitana-e-la-camera-di-commercio-di-reggio-calabria\/\"]}]},{\"@type\":\"ImageObject\",\"inLanguage\":\"it-IT\",\"@id\":\"https:\/\/progettotouring.it\/radiotouring104\/2025\/02\/06\/wedding-tourism-collaborazione-tra-la-citta-metropolitana-e-la-camera-di-commercio-di-reggio-calabria\/#primaryimage\",\"url\":\"https:\/\/progettotouring.it\/radiotouring104\/wp-content\/uploads\/sites\/6\/2025\/02\/wedding-tourism.jpeg\",\"contentUrl\":\"https:\/\/progettotouring.it\/radiotouring104\/wp-content\/uploads\/sites\/6\/2025\/02\/wedding-tourism.jpeg\",\"width\":1600,\"height\":1200},{\"@type\":\"BreadcrumbList\",\"@id\":\"https:\/\/progettotouring.it\/radiotouring104\/2025\/02\/06\/wedding-tourism-collaborazione-tra-la-citta-metropolitana-e-la-camera-di-commercio-di-reggio-calabria\/#breadcrumb\",\"itemListElement\":[{\"@type\":\"ListItem\",\"position\":1,\"name\":\"Home\",\"item\":\"https:\/\/progettotouring.it\/radiotouring104\/\"},{\"@type\":\"ListItem\",\"position\":2,\"name\":\"\u201cWedding tourism&#8221;: collaborazione\u00a0 tra la Citt\u00e0 Metropolitana e la Camera di Commercio di Reggio Calabria\"}]},{\"@type\":\"WebSite\",\"@id\":\"https:\/\/progettotouring.it\/radiotouring104\/#website\",\"url\":\"https:\/\/progettotouring.it\/radiotouring104\/\",\"name\":\"Radio Touring 104\",\"description\":\"La prima radio Reggina\",\"publisher\":{\"@id\":\"https:\/\/progettotouring.it\/radiotouring104\/#organization\"},\"potentialAction\":[{\"@type\":\"SearchAction\",\"target\":{\"@type\":\"EntryPoint\",\"urlTemplate\":\"https:\/\/progettotouring.it\/radiotouring104\/?s={search_term_string}\"},\"query-input\":{\"@type\":\"PropertyValueSpecification\",\"valueRequired\":true,\"valueName\":\"search_term_string\"}}],\"inLanguage\":\"it-IT\"},{\"@type\":\"Organization\",\"@id\":\"https:\/\/progettotouring.it\/radiotouring104\/#organization\",\"name\":\"Radio Touring 104\",\"url\":\"https:\/\/progettotouring.it\/radiotouring104\/\",\"logo\":{\"@type\":\"ImageObject\",\"inLanguage\":\"it-IT\",\"@id\":\"https:\/\/progettotouring.it\/radiotouring104\/#\/schema\/logo\/image\/\",\"url\":\"https:\/\/progettotouring.it\/radiotouring104\/wp-content\/uploads\/sites\/6\/2022\/02\/cropped-logo-radio-touring-104.png\",\"contentUrl\":\"https:\/\/progettotouring.it\/radiotouring104\/wp-content\/uploads\/sites\/6\/2022\/02\/cropped-logo-radio-touring-104.png\",\"width\":377,\"height\":182,\"caption\":\"Radio Touring 104\"},\"image\":{\"@id\":\"https:\/\/progettotouring.it\/radiotouring104\/#\/schema\/logo\/image\/\"}},{\"@type\":\"Person\",\"@id\":\"https:\/\/progettotouring.it\/radiotouring104\/#\/schema\/person\/b9f9c3730b0a78814c9b9f3bfc52c619\",\"name\":\"S L\",\"image\":{\"@type\":\"ImageObject\",\"inLanguage\":\"it-IT\",\"@id\":\"https:\/\/secure.gravatar.com\/avatar\/652c51789d7030aaed9ff828331360502a68204fe6fb0831bc280515210e16d2?s=96&d=mm&r=g\",\"url\":\"https:\/\/secure.gravatar.com\/avatar\/652c51789d7030aaed9ff828331360502a68204fe6fb0831bc280515210e16d2?s=96&d=mm&r=g\",\"contentUrl\":\"https:\/\/secure.gravatar.com\/avatar\/652c51789d7030aaed9ff828331360502a68204fe6fb0831bc280515210e16d2?s=96&d=mm&r=g\",\"caption\":\"S L\"},\"url\":\"https:\/\/progettotouring.it\/radiotouring104\/author\/slibri\/\"}]}<\/script>\n<!-- \/ Yoast SEO plugin. -->","yoast_head_json":{"title":"\u201cWedding tourism\": collaborazione\u00a0 tra la Citt\u00e0 Metropolitana e la Camera di Commercio di Reggio Calabria - Radio Touring 104","description":"Il presidente Tramontana: \u00abSi pu\u00f2 innescare un circuito virtuoso. Il settore del wedding coinvolge numerosi segmenti di mercato\u00bb","robots":{"index":"index","follow":"follow","max-snippet":"max-snippet:-1","max-image-preview":"max-image-preview:large","max-video-preview":"max-video-preview:-1"},"canonical":"https:\/\/progettotouring.it\/radiotouring104\/2025\/02\/06\/wedding-tourism-collaborazione-tra-la-citta-metropolitana-e-la-camera-di-commercio-di-reggio-calabria\/","og_locale":"it_IT","og_type":"article","og_title":"\u201cWedding tourism\": collaborazione\u00a0 tra la Citt\u00e0 Metropolitana e la Camera di Commercio di Reggio Calabria - Radio Touring 104","og_description":"Il presidente Tramontana: \u00abSi pu\u00f2 innescare un circuito virtuoso. Il settore del wedding coinvolge numerosi segmenti di mercato\u00bb","og_url":"https:\/\/progettotouring.it\/radiotouring104\/2025\/02\/06\/wedding-tourism-collaborazione-tra-la-citta-metropolitana-e-la-camera-di-commercio-di-reggio-calabria\/","og_site_name":"Radio Touring 104","article_published_time":"2025-02-06T18:28:28+00:00","og_image":[{"width":1600,"height":1200,"url":"https:\/\/progettotouring.it\/radiotouring104\/wp-content\/uploads\/sites\/6\/2025\/02\/wedding-tourism.jpeg","type":"image\/jpeg"}],"author":"S L","twitter_card":"summary_large_image","twitter_misc":{"Scritto da":"S L","Tempo di lettura stimato":"3 minuti"},"schema":{"@context":"https:\/\/schema.org","@graph":[{"@type":"Article","@id":"https:\/\/progettotouring.it\/radiotouring104\/2025\/02\/06\/wedding-tourism-collaborazione-tra-la-citta-metropolitana-e-la-camera-di-commercio-di-reggio-calabria\/#article","isPartOf":{"@id":"https:\/\/progettotouring.it\/radiotouring104\/2025\/02\/06\/wedding-tourism-collaborazione-tra-la-citta-metropolitana-e-la-camera-di-commercio-di-reggio-calabria\/"},"author":{"name":"S L","@id":"https:\/\/progettotouring.it\/radiotouring104\/#\/schema\/person\/b9f9c3730b0a78814c9b9f3bfc52c619"},"headline":"\u201cWedding tourism&#8221;: collaborazione\u00a0 tra la Citt\u00e0 Metropolitana e la Camera di Commercio di Reggio Calabria","datePublished":"2025-02-06T18:28:28+00:00","mainEntityOfPage":{"@id":"https:\/\/progettotouring.it\/radiotouring104\/2025\/02\/06\/wedding-tourism-collaborazione-tra-la-citta-metropolitana-e-la-camera-di-commercio-di-reggio-calabria\/"},"wordCount":671,"publisher":{"@id":"https:\/\/progettotouring.it\/radiotouring104\/#organization"},"image":{"@id":"https:\/\/progettotouring.it\/radiotouring104\/2025\/02\/06\/wedding-tourism-collaborazione-tra-la-citta-metropolitana-e-la-camera-di-commercio-di-reggio-calabria\/#primaryimage"},"thumbnailUrl":"https:\/\/progettotouring.it\/radiotouring104\/wp-content\/uploads\/sites\/6\/2025\/02\/wedding-tourism.jpeg","articleSection":["Home","News","Reggio Calabria"],"inLanguage":"it-IT"},{"@type":"WebPage","@id":"https:\/\/progettotouring.it\/radiotouring104\/2025\/02\/06\/wedding-tourism-collaborazione-tra-la-citta-metropolitana-e-la-camera-di-commercio-di-reggio-calabria\/","url":"https:\/\/progettotouring.it\/radiotouring104\/2025\/02\/06\/wedding-tourism-collaborazione-tra-la-citta-metropolitana-e-la-camera-di-commercio-di-reggio-calabria\/","name":"\u201cWedding tourism\": collaborazione\u00a0 tra la Citt\u00e0 Metropolitana e la Camera di Commercio di Reggio Calabria - Radio Touring 104","isPartOf":{"@id":"https:\/\/progettotouring.it\/radiotouring104\/#website"},"primaryImageOfPage":{"@id":"https:\/\/progettotouring.it\/radiotouring104\/2025\/02\/06\/wedding-tourism-collaborazione-tra-la-citta-metropolitana-e-la-camera-di-commercio-di-reggio-calabria\/#primaryimage"},"image":{"@id":"https:\/\/progettotouring.it\/radiotouring104\/2025\/02\/06\/wedding-tourism-collaborazione-tra-la-citta-metropolitana-e-la-camera-di-commercio-di-reggio-calabria\/#primaryimage"},"thumbnailUrl":"https:\/\/progettotouring.it\/radiotouring104\/wp-content\/uploads\/sites\/6\/2025\/02\/wedding-tourism.jpeg","datePublished":"2025-02-06T18:28:28+00:00","description":"Il presidente Tramontana: \u00abSi pu\u00f2 innescare un circuito virtuoso. Il settore del wedding coinvolge numerosi segmenti di mercato\u00bb","breadcrumb":{"@id":"https:\/\/progettotouring.it\/radiotouring104\/2025\/02\/06\/wedding-tourism-collaborazione-tra-la-citta-metropolitana-e-la-camera-di-commercio-di-reggio-calabria\/#breadcrumb"},"inLanguage":"it-IT","potentialAction":[{"@type":"ReadAction","target":["https:\/\/progettotouring.it\/radiotouring104\/2025\/02\/06\/wedding-tourism-collaborazione-tra-la-citta-metropolitana-e-la-camera-di-commercio-di-reggio-calabria\/"]}]},{"@type":"ImageObject","inLanguage":"it-IT","@id":"https:\/\/progettotouring.it\/radiotouring104\/2025\/02\/06\/wedding-tourism-collaborazione-tra-la-citta-metropolitana-e-la-camera-di-commercio-di-reggio-calabria\/#primaryimage","url":"https:\/\/progettotouring.it\/radiotouring104\/wp-content\/uploads\/sites\/6\/2025\/02\/wedding-tourism.jpeg","contentUrl":"https:\/\/progettotouring.it\/radiotouring104\/wp-content\/uploads\/sites\/6\/2025\/02\/wedding-tourism.jpeg","width":1600,"height":1200},{"@type":"BreadcrumbList","@id":"https:\/\/progettotouring.it\/radiotouring104\/2025\/02\/06\/wedding-tourism-collaborazione-tra-la-citta-metropolitana-e-la-camera-di-commercio-di-reggio-calabria\/#breadcrumb","itemListElement":[{"@type":"ListItem","position":1,"name":"Home","item":"https:\/\/progettotouring.it\/radiotouring104\/"},{"@type":"ListItem","position":2,"name":"\u201cWedding tourism&#8221;: collaborazione\u00a0 tra la Citt\u00e0 Metropolitana e la Camera di Commercio di Reggio Calabria"}]},{"@type":"WebSite","@id":"https:\/\/progettotouring.it\/radiotouring104\/#website","url":"https:\/\/progettotouring.it\/radiotouring104\/","name":"Radio Touring 104","description":"La prima radio Reggina","publisher":{"@id":"https:\/\/progettotouring.it\/radiotouring104\/#organization"},"potentialAction":[{"@type":"SearchAction","target":{"@type":"EntryPoint","urlTemplate":"https:\/\/progettotouring.it\/radiotouring104\/?s={search_term_string}"},"query-input":{"@type":"PropertyValueSpecification","valueRequired":true,"valueName":"search_term_string"}}],"inLanguage":"it-IT"},{"@type":"Organization","@id":"https:\/\/progettotouring.it\/radiotouring104\/#organization","name":"Radio Touring 104","url":"https:\/\/progettotouring.it\/radiotouring104\/","logo":{"@type":"ImageObject","inLanguage":"it-IT","@id":"https:\/\/progettotouring.it\/radiotouring104\/#\/schema\/logo\/image\/","url":"https:\/\/progettotouring.it\/radiotouring104\/wp-content\/uploads\/sites\/6\/2022\/02\/cropped-logo-radio-touring-104.png","contentUrl":"https:\/\/progettotouring.it\/radiotouring104\/wp-content\/uploads\/sites\/6\/2022\/02\/cropped-logo-radio-touring-104.png","width":377,"height":182,"caption":"Radio Touring 104"},"image":{"@id":"https:\/\/progettotouring.it\/radiotouring104\/#\/schema\/logo\/image\/"}},{"@type":"Person","@id":"https:\/\/progettotouring.it\/radiotouring104\/#\/schema\/person\/b9f9c3730b0a78814c9b9f3bfc52c619","name":"S L","image":{"@type":"ImageObject","inLanguage":"it-IT","@id":"https:\/\/secure.gravatar.com\/avatar\/652c51789d7030aaed9ff828331360502a68204fe6fb0831bc280515210e16d2?s=96&d=mm&r=g","url":"https:\/\/secure.gravatar.com\/avatar\/652c51789d7030aaed9ff828331360502a68204fe6fb0831bc280515210e16d2?s=96&d=mm&r=g","contentUrl":"https:\/\/secure.gravatar.com\/avatar\/652c51789d7030aaed9ff828331360502a68204fe6fb0831bc280515210e16d2?s=96&d=mm&r=g","caption":"S L"},"url":"https:\/\/progettotouring.it\/radiotouring104\/author\/slibri\/"}]}},"jetpack_publicize_connections":[],"jetpack_featured_media_url":"https:\/\/progettotouring.it\/radiotouring104\/wp-content\/uploads\/sites\/6\/2025\/02\/wedding-tourism.jpeg","jetpack_sharing_enabled":true,"_links":{"self":[{"href":"https:\/\/progettotouring.it\/radiotouring104\/wp-json\/wp\/v2\/posts\/66419","targetHints":{"allow":["GET"]}}],"collection":[{"href":"https:\/\/progettotouring.it\/radiotouring104\/wp-json\/wp\/v2\/posts"}],"about":[{"href":"https:\/\/progettotouring.it\/radiotouring104\/wp-json\/wp\/v2\/types\/post"}],"author":[{"embeddable":true,"href":"https:\/\/progettotouring.it\/radiotouring104\/wp-json\/wp\/v2\/users\/19"}],"replies":[{"embeddable":true,"href":"https:\/\/progettotouring.it\/radiotouring104\/wp-json\/wp\/v2\/comments?post=66419"}],"version-history":[{"count":1,"href":"https:\/\/progettotouring.it\/radiotouring104\/wp-json\/wp\/v2\/posts\/66419\/revisions"}],"predecessor-version":[{"id":66421,"href":"https:\/\/progettotouring.it\/radiotouring104\/wp-json\/wp\/v2\/posts\/66419\/revisions\/66421"}],"wp:featuredmedia":[{"embeddable":true,"href":"https:\/\/progettotouring.it\/radiotouring104\/wp-json\/wp\/v2\/media\/66420"}],"wp:attachment":[{"href":"https:\/\/progettotouring.it\/radiotouring104\/wp-json\/wp\/v2\/media?parent=66419"}],"wp:term":[{"taxonomy":"category","embeddable":true,"href":"https:\/\/progettotouring.it\/radiotouring104\/wp-json\/wp\/v2\/categories?post=66419"},{"taxonomy":"post_tag","embeddable":true,"href":"https:\/\/progettotouring.it\/radiotouring104\/wp-json\/wp\/v2\/tags?post=66419"}],"curies":[{"name":"wp","href":"https:\/\/api.w.org\/{rel}","templated":true}]}}